{"id":505445,"date":"2026-04-22T17:10:00","date_gmt":"2026-04-22T09:10:00","guid":{"rendered":"https:\/\/www.ipim.gov.mo\/?p=505445"},"modified":"2026-04-23T03:52:08","modified_gmt":"2026-04-22T19:52:08","slug":"2026-04-22-ipim-instalou-um-stand-no-sentir-macau-roadshow-em-madrid-impulsionando-a-cooperacao-economica-e-comercial-e-o-investimento-entre-a-china-e-os-paises-de-lingua-espanhol","status":"publish","type":"post","link":"https:\/\/www.ipim.gov.mo\/pt-pt\/noticias-do-ipim\/2026-04-22-ipim-instalou-um-stand-no-sentir-macau-roadshow-em-madrid-impulsionando-a-cooperacao-economica-e-comercial-e-o-investimento-entre-a-china-e-os-paises-de-lingua-espanhol\/","title":{"rendered":"[2026\/04\/22] IPIM instalou um stand no \u201cSentir Macau Roadshow em Madrid\u201d, impulsionando a coopera\u00e7\u00e3o econ\u00f3mica e comercial e o investimento entre a China e os Pa\u00edses de L\u00edngua Espanhola atrav\u00e9s de conven\u00e7\u00f5es e exposi\u00e7\u00f5es"},"content":{"rendered":"<p style=\"text-align:justify\">Com o objectivo de potenciar a capta&ccedil;&atilde;o de neg&oacute;cios e investimentos para impulsionar o desenvolvimento industrial e de refor&ccedil;ar a liga&ccedil;&atilde;o intersectorial \u201cconven&ccedil;&otilde;es e exposi&ccedil;&otilde;es + turismo\u201d, o Instituto de Promo&ccedil;&atilde;o do Com&eacute;rcio e do Investimento da RAEM (IPIM) participou e instalou um <em>stand<\/em> no \u201cSentir Macau Roadshow em Madrid\u201d, organizado pela Direc&ccedil;&atilde;o dos Servi&ccedil;os de Turismo da RAEM, em Madrid, Espanha. A iniciativa teve por finalidade apresentar a investidores locais e internacionais o posicionamento estrat&eacute;gico e as oportunidades de investimento resultantes do desenvolvimento sinerg&eacute;tico entre Macau e Hengqin. Para o efeito, o IPIM organizou uma delega&ccedil;&atilde;o composta por 120 empres&aacute;rios para participar no grande evento.<\/p>\n<p style=\"text-align:justify\">A promo&ccedil;&atilde;o tur&iacute;stica de grande escala decorreu de 17 a 21 de Abril (hora de Madrid), na zona pedestre, puente del Rey, no centro da capital espanhola. O IPIM instalou um <em>stand<\/em> de 36 metros quadrados onde, atrav&eacute;s de exibi&ccedil;&atilde;o multim&eacute;dia, apresenta&ccedil;&otilde;es in loco e consultas sobre pol&iacute;ticas, promoveu junto dos empres&aacute;rios locais o posicionamento estrat&eacute;gico de \u201cMacau + Hengqin\u201d, as vantagens da marca \u201cMICE<sup>2<\/sup> Macao x Hengqin\u201d, bem como as pol&iacute;ticas e medidas favor&aacute;veis. Foi dada especial &ecirc;nfase &agrave; segunda fase do Plano para o Desenvolvimento Econ&oacute;mico no &acirc;mbito de Apoio ao Estabelecimento da Primeira Loja em Macau, cujas candidaturas ser&atilde;o aceites a partir de 1 de Maio, com o objectivo de ajudar potenciais investidores a planear os seus projectos conforme os calend&aacute;rios e necessidades das suas actividades. No <em>stand<\/em>, o pessoal do IPIM prestou servi&ccedil;os de consulta imediata, esclarecendo d&uacute;vidas relativas ao ambiente de neg&oacute;cios, &agrave;s infra-estruturas complementares industriais e &agrave;s oportunidades do mercado de Macau, promovendo assim a coopera&ccedil;&atilde;o e o interc&acirc;mbio econ&oacute;mico e comercial em diversas l&iacute;nguas e &aacute;reas. Ao longo do evento foram recebidas cerca de cem consultas, o que demonstra o elevado interesse de empres&aacute;rios locais e internacionais; quase 30% dessas consultas centraram-se em informa&ccedil;&otilde;es sobre o desenvolvimento de sectores e o ambiente de neg&oacute;cios.<\/p>\n<p style=\"text-align:justify\"><strong>31.&ordf; MIF contar&aacute;, pela primeira vez, com uma zona de exposi&ccedil;&atilde;o dos Pa&iacute;ses de L&iacute;ngua Espanhola<\/strong><\/p>\n<p style=\"text-align:justify\">O IPIM aproveitou igualmente a oportunidade para refor&ccedil;ar a divulga&ccedil;&atilde;o da 31.&ordf; Feira Internacional de Macau (31.&ordf; MIF), que se realizar&aacute; em Outubro deste ano em Macau, convidando empres&aacute;rios espanh&oacute;is a participar na Feira. Pela primeira vez, a 31.&ordf; MIF contar&aacute; com uma zona de exposi&ccedil;&atilde;o dedicada aos Pa&iacute;ses de L&iacute;ngua Espanhola e promover&aacute; f&oacute;runs destinados ao aprofundamento da coopera&ccedil;&atilde;o entre a China e esses pa&iacute;ses, refor&ccedil;ando o papel de Macau enquanto \u201cinterlocutor de precis&atilde;o\u201d neste &acirc;mbito.<\/p>\n","protected":false},"excerpt":{"rendered":"<p>Com o objectivo de potenciar a capta&ccedil;&atilde;o de neg&oacute;cios e investimentos para impulsionar o desenvolvimento industrial e de refor&ccedil;ar a liga&ccedil;&atilde;o intersectorial \u201cconven&ccedil;&otilde;es e exposi&ccedil;&otilde;es [&hellip;]<\/p>\n","protected":false},"author":0,"featured_media":505457,"comment_status":"closed","ping_status":"closed","sticky":false,"template":"","format":"standard","meta":{"_acf_changed":false,"inline_featured_image":false,"advgb_blocks_editor_width":"","advgb_blocks_columns_visual_guide":"","footnotes":""},"categories":[12],"tags":[],"class_list":["post-505445","post","type-post","status-publish","format-standard","has-post-thumbnail","hentry","category-noticias-do-ipim"],"acf":[],"yoast_head":"<!-- This site is optimized with the Yoast SEO plugin v26.2 - https:\/\/yoast.com\/wordpress\/plugins\/seo\/ -->\r\n<title>[2026\/04\/22] IPIM instalou um stand no \u201cSentir Macau Roadshow em Madrid\u201d, impulsionando a coopera\u00e7\u00e3o econ\u00f3mica e comercial e o investimento entre a China e os Pa\u00edses de L\u00edngua Espanhola atrav\u00e9s de conven\u00e7\u00f5es e exposi\u00e7\u00f5es | Commerce and Investment Promotion Institute<\/title>\r\n<meta name=\"robots\" content=\"index, follow, max-snippet:-1, max-image-preview:large, max-video-preview:-1\" \/>\r\n<link rel=\"canonical\" href=\"https:\/\/www.ipim.gov.mo\/pt-pt\/noticias-do-ipim\/2026-04-22-ipim-instalou-um-stand-no-sentir-macau-roadshow-em-madrid-impulsionando-a-cooperacao-economica-e-comercial-e-o-investimento-entre-a-china-e-os-paises-de-lingua-espanhol\/\" \/>\r\n<meta property=\"og:locale\" content=\"pt_PT\" \/>\r\n<meta property=\"og:type\" content=\"article\" \/>\r\n<meta property=\"og:title\" content=\"[2026\/04\/22] IPIM instalou um stand no \u201cSentir Macau Roadshow em Madrid\u201d, impulsionando a coopera\u00e7\u00e3o econ\u00f3mica e comercial e o investimento entre a China e os Pa\u00edses de L\u00edngua Espanhola atrav\u00e9s de conven\u00e7\u00f5es e exposi\u00e7\u00f5es | Commerce and Investment Promotion Institute\" \/>\r\n<meta property=\"og:description\" content=\"Com o objectivo de potenciar a capta&ccedil;&atilde;o de neg&oacute;cios e investimentos para impulsionar o desenvolvimento industrial e de refor&ccedil;ar a liga&ccedil;&atilde;o intersectorial \u201cconven&ccedil;&otilde;es e exposi&ccedil;&otilde;es [&hellip;]\" \/>\r\n<meta property=\"og:url\" content=\"https:\/\/www.ipim.gov.mo\/pt-pt\/noticias-do-ipim\/2026-04-22-ipim-instalou-um-stand-no-sentir-macau-roadshow-em-madrid-impulsionando-a-cooperacao-economica-e-comercial-e-o-investimento-entre-a-china-e-os-paises-de-lingua-espanhol\/\" \/>\r\n<meta property=\"og:site_name\" content=\"Commerce and Investment Promotion Institute\" \/>\r\n<meta property=\"article:published_time\" content=\"2026-04-22T09:10:00+00:00\" \/>\r\n<meta property=\"article:modified_time\" content=\"2026-04-22T19:52:08+00:00\" \/>\r\n<meta property=\"og:image\" content=\"https:\/\/www.ipim.gov.mo\/wp-content\/uploads\/2026\/04\/N26DVbI9NC__t20260422171054.jpg\" \/>\r\n\t<meta property=\"og:image:width\" content=\"320\" \/>\r\n\t<meta property=\"og:image:height\" content=\"180\" \/>\r\n\t<meta property=\"og:image:type\" content=\"image\/jpeg\" \/>\r\n<meta name=\"twitter:card\" content=\"summary_large_image\" \/>\r\n<meta name=\"twitter:label1\" content=\"Est. reading time\" \/>\n\t<meta name=\"twitter:data1\" content=\"3 minutes\" \/>\r\n<script type=\"application\/ld+json\" class=\"yoast-schema-graph\">{\"@context\":\"https:\/\/schema.org\",\"@graph\":[{\"@type\":\"WebPage\",\"@id\":\"https:\/\/www.ipim.gov.mo\/pt-pt\/noticias-do-ipim\/2026-04-22-ipim-instalou-um-stand-no-sentir-macau-roadshow-em-madrid-impulsionando-a-cooperacao-economica-e-comercial-e-o-investimento-entre-a-china-e-os-paises-de-lingua-espanhol\/\",\"url\":\"https:\/\/www.ipim.gov.mo\/pt-pt\/noticias-do-ipim\/2026-04-22-ipim-instalou-um-stand-no-sentir-macau-roadshow-em-madrid-impulsionando-a-cooperacao-economica-e-comercial-e-o-investimento-entre-a-china-e-os-paises-de-lingua-espanhol\/\",\"name\":\"[2026\/04\/22] IPIM instalou um stand no \u201cSentir Macau Roadshow em Madrid\u201d, impulsionando a coopera\u00e7\u00e3o econ\u00f3mica e comercial e o investimento entre a China e os Pa\u00edses de L\u00edngua Espanhola atrav\u00e9s de conven\u00e7\u00f5es e exposi\u00e7\u00f5es | Commerce and Investment Promotion Institute\",\"isPartOf\":{\"@id\":\"https:\/\/www.ipim.gov.mo\/zh-hans\/#website\"},\"primaryImageOfPage\":{\"@id\":\"https:\/\/www.ipim.gov.mo\/pt-pt\/noticias-do-ipim\/2026-04-22-ipim-instalou-um-stand-no-sentir-macau-roadshow-em-madrid-impulsionando-a-cooperacao-economica-e-comercial-e-o-investimento-entre-a-china-e-os-paises-de-lingua-espanhol\/#primaryimage\"},\"image\":{\"@id\":\"https:\/\/www.ipim.gov.mo\/pt-pt\/noticias-do-ipim\/2026-04-22-ipim-instalou-um-stand-no-sentir-macau-roadshow-em-madrid-impulsionando-a-cooperacao-economica-e-comercial-e-o-investimento-entre-a-china-e-os-paises-de-lingua-espanhol\/#primaryimage\"},\"thumbnailUrl\":\"https:\/\/www.ipim.gov.mo\/wp-content\/uploads\/2026\/04\/N26DVbI9NC__t20260423030413.jpg\",\"datePublished\":\"2026-04-22T09:10:00+00:00\",\"dateModified\":\"2026-04-22T19:52:08+00:00\",\"breadcrumb\":{\"@id\":\"https:\/\/www.ipim.gov.mo\/pt-pt\/noticias-do-ipim\/2026-04-22-ipim-instalou-um-stand-no-sentir-macau-roadshow-em-madrid-impulsionando-a-cooperacao-economica-e-comercial-e-o-investimento-entre-a-china-e-os-paises-de-lingua-espanhol\/#breadcrumb\"},\"inLanguage\":\"pt-PT\",\"potentialAction\":[{\"@type\":\"ReadAction\",\"target\":[\"https:\/\/www.ipim.gov.mo\/pt-pt\/noticias-do-ipim\/2026-04-22-ipim-instalou-um-stand-no-sentir-macau-roadshow-em-madrid-impulsionando-a-cooperacao-economica-e-comercial-e-o-investimento-entre-a-china-e-os-paises-de-lingua-espanhol\/\"]}]},{\"@type\":\"ImageObject\",\"inLanguage\":\"pt-PT\",\"@id\":\"https:\/\/www.ipim.gov.mo\/pt-pt\/noticias-do-ipim\/2026-04-22-ipim-instalou-um-stand-no-sentir-macau-roadshow-em-madrid-impulsionando-a-cooperacao-economica-e-comercial-e-o-investimento-entre-a-china-e-os-paises-de-lingua-espanhol\/#primaryimage\",\"url\":\"https:\/\/www.ipim.gov.mo\/wp-content\/uploads\/2026\/04\/N26DVbI9NC__t20260423030413.jpg\",\"contentUrl\":\"https:\/\/www.ipim.gov.mo\/wp-content\/uploads\/2026\/04\/N26DVbI9NC__t20260423030413.jpg\",\"width\":320,\"height\":180},{\"@type\":\"BreadcrumbList\",\"@id\":\"https:\/\/www.ipim.gov.mo\/pt-pt\/noticias-do-ipim\/2026-04-22-ipim-instalou-um-stand-no-sentir-macau-roadshow-em-madrid-impulsionando-a-cooperacao-economica-e-comercial-e-o-investimento-entre-a-china-e-os-paises-de-lingua-espanhol\/#breadcrumb\",\"itemListElement\":[{\"@type\":\"ListItem\",\"position\":1,\"name\":\"Home\",\"item\":\"https:\/\/www.ipim.gov.mo\/pt-pt\/\"},{\"@type\":\"ListItem\",\"position\":2,\"name\":\"[2026\/04\/22] IPIM instalou um stand no \u201cSentir Macau Roadshow em Madrid\u201d, impulsionando a coopera\u00e7\u00e3o econ\u00f3mica e comercial e o investimento entre a China e os Pa\u00edses de L\u00edngua Espanhola atrav\u00e9s de conven\u00e7\u00f5es e exposi\u00e7\u00f5es\"}]},{\"@type\":\"WebSite\",\"@id\":\"https:\/\/www.ipim.gov.mo\/zh-hans\/#website\",\"url\":\"https:\/\/www.ipim.gov.mo\/zh-hans\/\",\"name\":\"Commerce and Investment Promotion Institute\",\"description\":\"Commerce and Investment Promotion Institute\",\"publisher\":{\"@id\":\"https:\/\/www.ipim.gov.mo\/zh-hans\/#organization\"},\"potentialAction\":[{\"@type\":\"SearchAction\",\"target\":{\"@type\":\"EntryPoint\",\"urlTemplate\":\"https:\/\/www.ipim.gov.mo\/zh-hans\/?s={search_term_string}\"},\"query-input\":{\"@type\":\"PropertyValueSpecification\",\"valueRequired\":true,\"valueName\":\"search_term_string\"}}],\"inLanguage\":\"pt-PT\"},{\"@type\":\"Organization\",\"@id\":\"https:\/\/www.ipim.gov.mo\/zh-hans\/#organization\",\"name\":\"IPIM\",\"url\":\"https:\/\/www.ipim.gov.mo\/zh-hans\/\",\"logo\":{\"@type\":\"ImageObject\",\"inLanguage\":\"pt-PT\",\"@id\":\"https:\/\/www.ipim.gov.mo\/zh-hans\/#\/schema\/logo\/image\/\",\"url\":\"https:\/\/www.ipim.gov.mo\/wp-content\/uploads\/2022\/10\/default-post-thumbnail-ipim-logo.png\",\"contentUrl\":\"https:\/\/www.ipim.gov.mo\/wp-content\/uploads\/2022\/10\/default-post-thumbnail-ipim-logo.png\",\"width\":1024,\"height\":768,\"caption\":\"IPIM\"},\"image\":{\"@id\":\"https:\/\/www.ipim.gov.mo\/zh-hans\/#\/schema\/logo\/image\/\"}}]}<\/script>\r\n<!-- \/ Yoast SEO plugin. -->","yoast_head_json":{"title":"[2026\/04\/22] IPIM instalou um stand no \u201cSentir Macau Roadshow em Madrid\u201d, impulsionando a coopera\u00e7\u00e3o econ\u00f3mica e comercial e o investimento entre a China e os Pa\u00edses de L\u00edngua Espanhola atrav\u00e9s de conven\u00e7\u00f5es e exposi\u00e7\u00f5es | Commerce and Investment Promotion Institute","robots":{"index":"index","follow":"follow","max-snippet":"max-snippet:-1","max-image-preview":"max-image-preview:large","max-video-preview":"max-video-preview:-1"},"canonical":"https:\/\/www.ipim.gov.mo\/pt-pt\/noticias-do-ipim\/2026-04-22-ipim-instalou-um-stand-no-sentir-macau-roadshow-em-madrid-impulsionando-a-cooperacao-economica-e-comercial-e-o-investimento-entre-a-china-e-os-paises-de-lingua-espanhol\/","og_locale":"pt_PT","og_type":"article","og_title":"[2026\/04\/22] IPIM instalou um stand no \u201cSentir Macau Roadshow em Madrid\u201d, impulsionando a coopera\u00e7\u00e3o econ\u00f3mica e comercial e o investimento entre a China e os Pa\u00edses de L\u00edngua Espanhola atrav\u00e9s de conven\u00e7\u00f5es e exposi\u00e7\u00f5es | Commerce and Investment Promotion Institute","og_description":"Com o objectivo de potenciar a capta&ccedil;&atilde;o de neg&oacute;cios e investimentos para impulsionar o desenvolvimento industrial e de refor&ccedil;ar a liga&ccedil;&atilde;o intersectorial \u201cconven&ccedil;&otilde;es e exposi&ccedil;&otilde;es [&hellip;]","og_url":"https:\/\/www.ipim.gov.mo\/pt-pt\/noticias-do-ipim\/2026-04-22-ipim-instalou-um-stand-no-sentir-macau-roadshow-em-madrid-impulsionando-a-cooperacao-economica-e-comercial-e-o-investimento-entre-a-china-e-os-paises-de-lingua-espanhol\/","og_site_name":"Commerce and Investment Promotion Institute","article_published_time":"2026-04-22T09:10:00+00:00","article_modified_time":"2026-04-22T19:52:08+00:00","og_image":[{"width":320,"height":180,"url":"https:\/\/www.ipim.gov.mo\/wp-content\/uploads\/2026\/04\/N26DVbI9NC__t20260422171054.jpg","type":"image\/jpeg"}],"twitter_card":"summary_large_image","twitter_misc":{"Est. reading time":"3 minutes"},"schema":{"@context":"https:\/\/schema.org","@graph":[{"@type":"WebPage","@id":"https:\/\/www.ipim.gov.mo\/pt-pt\/noticias-do-ipim\/2026-04-22-ipim-instalou-um-stand-no-sentir-macau-roadshow-em-madrid-impulsionando-a-cooperacao-economica-e-comercial-e-o-investimento-entre-a-china-e-os-paises-de-lingua-espanhol\/","url":"https:\/\/www.ipim.gov.mo\/pt-pt\/noticias-do-ipim\/2026-04-22-ipim-instalou-um-stand-no-sentir-macau-roadshow-em-madrid-impulsionando-a-cooperacao-economica-e-comercial-e-o-investimento-entre-a-china-e-os-paises-de-lingua-espanhol\/","name":"[2026\/04\/22] IPIM instalou um stand no \u201cSentir Macau Roadshow em Madrid\u201d, impulsionando a coopera\u00e7\u00e3o econ\u00f3mica e comercial e o investimento entre a China e os Pa\u00edses de L\u00edngua Espanhola atrav\u00e9s de conven\u00e7\u00f5es e exposi\u00e7\u00f5es | Commerce and Investment Promotion Institute","isPartOf":{"@id":"https:\/\/www.ipim.gov.mo\/zh-hans\/#website"},"primaryImageOfPage":{"@id":"https:\/\/www.ipim.gov.mo\/pt-pt\/noticias-do-ipim\/2026-04-22-ipim-instalou-um-stand-no-sentir-macau-roadshow-em-madrid-impulsionando-a-cooperacao-economica-e-comercial-e-o-investimento-entre-a-china-e-os-paises-de-lingua-espanhol\/#primaryimage"},"image":{"@id":"https:\/\/www.ipim.gov.mo\/pt-pt\/noticias-do-ipim\/2026-04-22-ipim-instalou-um-stand-no-sentir-macau-roadshow-em-madrid-impulsionando-a-cooperacao-economica-e-comercial-e-o-investimento-entre-a-china-e-os-paises-de-lingua-espanhol\/#primaryimage"},"thumbnailUrl":"https:\/\/www.ipim.gov.mo\/wp-content\/uploads\/2026\/04\/N26DVbI9NC__t20260423030413.jpg","datePublished":"2026-04-22T09:10:00+00:00","dateModified":"2026-04-22T19:52:08+00:00","breadcrumb":{"@id":"https:\/\/www.ipim.gov.mo\/pt-pt\/noticias-do-ipim\/2026-04-22-ipim-instalou-um-stand-no-sentir-macau-roadshow-em-madrid-impulsionando-a-cooperacao-economica-e-comercial-e-o-investimento-entre-a-china-e-os-paises-de-lingua-espanhol\/#breadcrumb"},"inLanguage":"pt-PT","potentialAction":[{"@type":"ReadAction","target":["https:\/\/www.ipim.gov.mo\/pt-pt\/noticias-do-ipim\/2026-04-22-ipim-instalou-um-stand-no-sentir-macau-roadshow-em-madrid-impulsionando-a-cooperacao-economica-e-comercial-e-o-investimento-entre-a-china-e-os-paises-de-lingua-espanhol\/"]}]},{"@type":"ImageObject","inLanguage":"pt-PT","@id":"https:\/\/www.ipim.gov.mo\/pt-pt\/noticias-do-ipim\/2026-04-22-ipim-instalou-um-stand-no-sentir-macau-roadshow-em-madrid-impulsionando-a-cooperacao-economica-e-comercial-e-o-investimento-entre-a-china-e-os-paises-de-lingua-espanhol\/#primaryimage","url":"https:\/\/www.ipim.gov.mo\/wp-content\/uploads\/2026\/04\/N26DVbI9NC__t20260423030413.jpg","contentUrl":"https:\/\/www.ipim.gov.mo\/wp-content\/uploads\/2026\/04\/N26DVbI9NC__t20260423030413.jpg","width":320,"height":180},{"@type":"BreadcrumbList","@id":"https:\/\/www.ipim.gov.mo\/pt-pt\/noticias-do-ipim\/2026-04-22-ipim-instalou-um-stand-no-sentir-macau-roadshow-em-madrid-impulsionando-a-cooperacao-economica-e-comercial-e-o-investimento-entre-a-china-e-os-paises-de-lingua-espanhol\/#breadcrumb","itemListElement":[{"@type":"ListItem","position":1,"name":"Home","item":"https:\/\/www.ipim.gov.mo\/pt-pt\/"},{"@type":"ListItem","position":2,"name":"[2026\/04\/22] IPIM instalou um stand no \u201cSentir Macau Roadshow em Madrid\u201d, impulsionando a coopera\u00e7\u00e3o econ\u00f3mica e comercial e o investimento entre a China e os Pa\u00edses de L\u00edngua Espanhola atrav\u00e9s de conven\u00e7\u00f5es e exposi\u00e7\u00f5es"}]},{"@type":"WebSite","@id":"https:\/\/www.ipim.gov.mo\/zh-hans\/#website","url":"https:\/\/www.ipim.gov.mo\/zh-hans\/","name":"Commerce and Investment Promotion Institute","description":"Commerce and Investment Promotion Institute","publisher":{"@id":"https:\/\/www.ipim.gov.mo\/zh-hans\/#organization"},"potentialAction":[{"@type":"SearchAction","target":{"@type":"EntryPoint","urlTemplate":"https:\/\/www.ipim.gov.mo\/zh-hans\/?s={search_term_string}"},"query-input":{"@type":"PropertyValueSpecification","valueRequired":true,"valueName":"search_term_string"}}],"inLanguage":"pt-PT"},{"@type":"Organization","@id":"https:\/\/www.ipim.gov.mo\/zh-hans\/#organization","name":"IPIM","url":"https:\/\/www.ipim.gov.mo\/zh-hans\/","logo":{"@type":"ImageObject","inLanguage":"pt-PT","@id":"https:\/\/www.ipim.gov.mo\/zh-hans\/#\/schema\/logo\/image\/","url":"https:\/\/www.ipim.gov.mo\/wp-content\/uploads\/2022\/10\/default-post-thumbnail-ipim-logo.png","contentUrl":"https:\/\/www.ipim.gov.mo\/wp-content\/uploads\/2022\/10\/default-post-thumbnail-ipim-logo.png","width":1024,"height":768,"caption":"IPIM"},"image":{"@id":"https:\/\/www.ipim.gov.mo\/zh-hans\/#\/schema\/logo\/image\/"}}]}},"author_meta":{"display_name":"","author_link":"https:\/\/www.ipim.gov.mo\/pt-pt\/author\/"},"featured_img":"https:\/\/www.ipim.gov.mo\/wp-content\/uploads\/2026\/04\/N26DVbI9NC__t20260423030413-300x169.jpg","coauthors":[],"tax_additional":{"categories":{"linked":["<a href=\"https:\/\/www.ipim.gov.mo\/pt-pt\/category\/noticias-do-ipim\/\" class=\"advgb-post-tax-term\">Not\u00edcias do IPIM<\/a>"],"unlinked":["<span class=\"advgb-post-tax-term\">Not\u00edcias do IPIM<\/span>"]}},"comment_count":"0","relative_dates":{"created":"Posted 4 days ago","modified":"Updated 4 days ago"},"absolute_dates":{"created":"Posted on Abril 22, 2026","modified":"Updated on Abril 23, 2026"},"absolute_dates_time":{"created":"Posted on Abril 22, 2026 5:10 pm","modified":"Updated on Abril 23, 2026 3:52 am"},"featured_img_caption":"","series_order":"","_links":{"self":[{"href":"https:\/\/www.ipim.gov.mo\/pt-pt\/wp-json\/wp\/v2\/posts\/505445","targetHints":{"allow":["GET"]}}],"collection":[{"href":"https:\/\/www.ipim.gov.mo\/pt-pt\/wp-json\/wp\/v2\/posts"}],"about":[{"href":"https:\/\/www.ipim.gov.mo\/pt-pt\/wp-json\/wp\/v2\/types\/post"}],"replies":[{"embeddable":true,"href":"https:\/\/www.ipim.gov.mo\/pt-pt\/wp-json\/wp\/v2\/comments?post=505445"}],"version-history":[{"count":1,"href":"https:\/\/www.ipim.gov.mo\/pt-pt\/wp-json\/wp\/v2\/posts\/505445\/revisions"}],"predecessor-version":[{"id":505456,"href":"https:\/\/www.ipim.gov.mo\/pt-pt\/wp-json\/wp\/v2\/posts\/505445\/revisions\/505456"}],"wp:featuredmedia":[{"embeddable":true,"href":"https:\/\/www.ipim.gov.mo\/pt-pt\/wp-json\/wp\/v2\/media\/505457"}],"wp:attachment":[{"href":"https:\/\/www.ipim.gov.mo\/pt-pt\/wp-json\/wp\/v2\/media?parent=505445"}],"wp:term":[{"taxonomy":"category","embeddable":true,"href":"https:\/\/www.ipim.gov.mo\/pt-pt\/wp-json\/wp\/v2\/categories?post=505445"},{"taxonomy":"post_tag","embeddable":true,"href":"https:\/\/www.ipim.gov.mo\/pt-pt\/wp-json\/wp\/v2\/tags?post=505445"}],"curies":[{"name":"wp","href":"https:\/\/api.w.org\/{rel}","templated":true}]}}