{"id":505311,"date":"2026-04-20T17:40:00","date_gmt":"2026-04-20T09:40:00","guid":{"rendered":"https:\/\/www.ipim.gov.mo\/?p=505311"},"modified":"2026-04-21T15:54:07","modified_gmt":"2026-04-21T07:54:07","slug":"2026-04-20-na-maior-feira-de-exportacao-alimentar-de-portugal-impulsionando-a-ligacao-empresarial-bilateral-e-promovendo-novas-oportunidades-de-negocio","status":"publish","type":"post","link":"https:\/\/www.ipim.gov.mo\/pt-pt\/noticias-do-ipim\/2026-04-20-na-maior-feira-de-exportacao-alimentar-de-portugal-impulsionando-a-ligacao-empresarial-bilateral-e-promovendo-novas-oportunidades-de-negocio\/","title":{"rendered":"[2026\/04\/20] Na Maior Feira de Exporta\u00e7\u00e3o Alimentar de Portugal, Impulsionando a Liga\u00e7\u00e3o Empresarial Bilateral e Promovendo Novas Oportunidades de Neg\u00f3cio"},"content":{"rendered":"<p style=\"text-align:justify\">Com o objectivo de refor&ccedil;ar o papel de Macau enquanto \u201celo de liga&ccedil;&atilde;o infal&iacute;vel\u201d entre a China e os Pa&iacute;ses de L&iacute;ngua Portuguesa, bem como de potenciar a fun&ccedil;&atilde;o da Plataforma Sino\u2011Lus&oacute;fona e a sua posi&ccedil;&atilde;o enquanto ponte de abertura ao exterior, o Instituto de Promo&ccedil;&atilde;o do Com&eacute;rcio e do Investimento da Regi&atilde;o Administrativa Especial de Macau (doravante designado por \u201cIPIM\u201d) organizou, entre os dias 13 e 15 de Abril, uma delega&ccedil;&atilde;o composta por mais de dez representantes empresariais de Macau e do Interior da China para participar na 5&ordf; Edi&ccedil;&atilde;o da SAGALEXPO, em Portugal. Durante o evento, foram realizadas mais de 150 sess&otilde;es de bolsas de contacto comerciais, contando com a participa&ccedil;&atilde;o de cerca de 400 empresas e associa&ccedil;&otilde;es empresariais portuguesas dos sectores da restaura&ccedil;&atilde;o, mat&eacute;rias\u2011primas, log&iacute;stica e cadeias de marca, entre outros. No decorrer da visita, a delega&ccedil;&atilde;o tamb&eacute;m efectuou encontros com diversas associa&ccedil;&otilde;es comerciais portuguesas e empresas do sector alimentar e de bebidas alco&oacute;licas.<\/p>\n<p style=\"text-align:justify\"><strong>Primeira participa&ccedil;&atilde;o de empresas do Interior da China, aliada a bolsas de contacto comerciais previamente organizadas, contribui para resultados mais eficazes.<\/strong><\/p>\n<p style=\"text-align:justify\">Uma delega&ccedil;&atilde;o composta por mais de dez representantes empresariais de Macau e do Interior da China, organizada pelo IPIM, deslocou\u2011se a Portugal para participar na 5&ordf; Edi&ccedil;&atilde;o da SAGALEXPO. A delega&ccedil;&atilde;o integrou representantes de associa&ccedil;&otilde;es comerciais, empresas das &aacute;reas de log&iacute;stica e cadeia de abastecimento, restaura&ccedil;&atilde;o, com&eacute;rcio e transforma&ccedil;&atilde;o alimentar, bem como institui&ccedil;&otilde;es financeiras. Cerca de metade das empresas participantes integraram a iniciativa pela primeira vez, assinalando igualmente a primeira participa&ccedil;&atilde;o de empresas do Interior da China numa delega&ccedil;&atilde;o organizada pelo IPIM. Durante o evento, representantes do IPIM apresentaram o \u201cPlano para o Desenvolvimento Econ&oacute;mico no &acirc;mbito de Apoio ao Estabelecimento da Primeira Loja em Macau\u201d, os servi&ccedil;os da plataforma \u201cConduta do Com&eacute;rcio China-PLP\u201d, bem como o ambiente de investimento e as pol&iacute;ticas industriais de Macau. Estiveram presentes associa&ccedil;&otilde;es empresariais e empresas portuguesas dos sectores da agro-ind&uacute;stria, alimentos e bebidas, importa&ccedil;&atilde;o e exporta&ccedil;&atilde;o de mat&eacute;rias\u2011primas e servi&ccedil;os especializados. A delega&ccedil;&atilde;o realizou ainda actividades de interc&acirc;mbio e reuni&otilde;es com expositores no recinto da feira, tendo sido promovidas mais de 150 sess&otilde;es de bolsas de contacto comerciais.<\/p>\n<p style=\"text-align:justify\"><strong>Aproveitando a Plataforma Sino\u2011Lus<\/strong><strong>&oacute;<\/strong><strong>fona de Macau para Aceder aos Mercados Internacionais<\/strong><\/p>\n<p style=\"text-align:justify\">Uma empresa de cadeia de abastecimento do Interior da China, que participou pela primeira vez na iniciativa, estabeleceu contactos com mais de sete empresas locais atrav&eacute;s das sess&otilde;es de bolsas de contacto comerciais previamente organizadas pelo IPIM, tendo ainda alcan&ccedil;ado acordos de inten&ccedil;&atilde;o de coopera&ccedil;&atilde;o com duas empresas portuguesas fornecedoras de mat&eacute;rias\u2011primas. Por sua vez, uma empresa de restaura&ccedil;&atilde;o de Macau, atrav&eacute;s das reuni&otilde;es de neg&oacute;cios realizadas no &acirc;mbito da feira, manteve um interc&acirc;mbio aprofundado com oito empresas locais. A empresa considerou Portugal um excelente ponto de partida para a expans&atilde;o das suas actividades no mercado internacional, manifestando a inten&ccedil;&atilde;o de, futuramente, investir e se estabelecer neste pa&iacute;s.<\/p>\n<p style=\"text-align:justify\">Al&eacute;m disso, o IPIM efectuou visitas &agrave; Associa&ccedil;&atilde;o de Sociedades Chinesas em Portugal, a diversas associa&ccedil;&otilde;es empresariais locais e a representantes de empresas de refer&ecirc;ncia, tendo procedido &agrave; troca de opini&otilde;es sobre o aproveitamento das vantagens da Plataforma de Interc&acirc;mbio entre a China e os Pa&iacute;ses de L&iacute;ngua Portuguesa, a promo&ccedil;&atilde;o da sinergia de desenvolvimento entre Macau e Hengqin e a expans&atilde;o no mercado do Interior da China. Representantes empresariais manifestaram elevado reconhecimento pelas vantagens institucionais singulares de Macau e pelo seu favor&aacute;vel ambiente de neg&oacute;cios, expressando o interesse em tirar partido das pol&iacute;ticas de sinergia Macau\u2011Hengqin e das funcionalidades da Plataforma Sino\u2011Lus&oacute;fona para expandir a sua presen&ccedil;a no mercado chin&ecirc;s.<\/p>\n<p style=\"text-align:justify\">A 5&ordf; Edi&ccedil;&atilde;o da SAGALEXPO, organizada pela Exposal&atilde;o S.A., contou com a participa&ccedil;&atilde;o de mais de 230 empresas portuguesas do sector alimentar e atraiu mais de 1.100 compradores internacionais. A exposi&ccedil;&atilde;o abrangeu uma vasta gama de produtos, incluindo produtos agr&iacute;colas, g&eacute;neros aliment&iacute;cios e bebidas alco&oacute;licas, sendo considerada a maior feira de exporta&ccedil;&atilde;o alimentar em Portugal. O Governo da Regi&atilde;o Administrativa Especial de Macau continuar&aacute; a aproveitar este tipo de plataformas internacionais para apoiar as empresas de Macau e do Interior da China na estrat&eacute;gia de \u201cexpans&atilde;o para o exterior\u201d em busca de parceiros de coopera&ccedil;&atilde;o, ao mesmo tempo que envidar&aacute; esfor&ccedil;os para atrair marcas internacionais a estabelecerem a primeira loja em Macau, dinamizando o consumo local e promovendo o emprego.<\/p>\n<p style=\"text-align:justify\">No &acirc;mbito da segunda fase do \u201cPlano para o Desenvolvimento Econ&oacute;mico no &acirc;mbito de Apoio ao Estabelecimento da Primeira Loja em Macau\u201d, cujas candidaturas estar&atilde;o abertas entre 1 de Maio e 31 de Julho de 2026, o IPIM aproveitou a participa&ccedil;&atilde;o na Feira para visitar empresas e institui&ccedil;&otilde;es com potencial de investimento, promovendo o conte&uacute;do do plano e prestando apoio na compreens&atilde;o das medidas de apoio ao investimento e &agrave; opera&ccedil;&atilde;o em Macau. O objectivo consiste em incentivar as empresas a aproveitar as oportunidades decorrentes da coopera&ccedil;&atilde;o econ&oacute;mico\u2011comercial entre a China e os Pa&iacute;ses de L&iacute;ngua Portuguesa, aprofundar o papel de Macau enquanto elo de liga&ccedil;&atilde;o entre a Grande Ba&iacute;a Guangdong\u2014Hong Kong\u2014Macau e os Pa&iacute;ses de L&iacute;ngua Portuguesa, e promover o desenvolvimento da diversifica&ccedil;&atilde;o adequada da economia local.<\/p>\n","protected":false},"excerpt":{"rendered":"<p>Com o objectivo de refor&ccedil;ar o papel de Macau enquanto \u201celo de liga&ccedil;&atilde;o infal&iacute;vel\u201d entre a China e os Pa&iacute;ses de L&iacute;ngua Portuguesa, bem como [&hellip;]<\/p>\n","protected":false},"author":0,"featured_media":505451,"comment_status":"closed","ping_status":"closed","sticky":false,"template":"","format":"standard","meta":{"_acf_changed":false,"inline_featured_image":false,"advgb_blocks_editor_width":"","advgb_blocks_columns_visual_guide":"","footnotes":""},"categories":[12],"tags":[],"class_list":["post-505311","post","type-post","status-publish","format-standard","has-post-thumbnail","hentry","category-noticias-do-ipim"],"acf":[],"yoast_head":"<!-- This site is optimized with the Yoast SEO plugin v26.2 - https:\/\/yoast.com\/wordpress\/plugins\/seo\/ -->\r\n<title>[2026\/04\/20] Na Maior Feira de Exporta\u00e7\u00e3o Alimentar de Portugal, Impulsionando a Liga\u00e7\u00e3o Empresarial Bilateral e Promovendo Novas Oportunidades de Neg\u00f3cio | Commerce and Investment Promotion Institute<\/title>\r\n<meta name=\"robots\" content=\"index, follow, max-snippet:-1, max-image-preview:large, max-video-preview:-1\" \/>\r\n<link rel=\"canonical\" href=\"https:\/\/www.ipim.gov.mo\/pt-pt\/noticias-do-ipim\/2026-04-20-na-maior-feira-de-exportacao-alimentar-de-portugal-impulsionando-a-ligacao-empresarial-bilateral-e-promovendo-novas-oportunidades-de-negocio\/\" \/>\r\n<meta property=\"og:locale\" content=\"pt_PT\" \/>\r\n<meta property=\"og:type\" content=\"article\" \/>\r\n<meta property=\"og:title\" content=\"[2026\/04\/20] Na Maior Feira de Exporta\u00e7\u00e3o Alimentar de Portugal, Impulsionando a Liga\u00e7\u00e3o Empresarial Bilateral e Promovendo Novas Oportunidades de Neg\u00f3cio | Commerce and Investment Promotion Institute\" \/>\r\n<meta property=\"og:description\" content=\"Com o objectivo de refor&ccedil;ar o papel de Macau enquanto \u201celo de liga&ccedil;&atilde;o infal&iacute;vel\u201d entre a China e os Pa&iacute;ses de L&iacute;ngua Portuguesa, bem como [&hellip;]\" \/>\r\n<meta property=\"og:url\" content=\"https:\/\/www.ipim.gov.mo\/pt-pt\/noticias-do-ipim\/2026-04-20-na-maior-feira-de-exportacao-alimentar-de-portugal-impulsionando-a-ligacao-empresarial-bilateral-e-promovendo-novas-oportunidades-de-negocio\/\" \/>\r\n<meta property=\"og:site_name\" content=\"Commerce and Investment Promotion Institute\" \/>\r\n<meta property=\"article:published_time\" content=\"2026-04-20T09:40:00+00:00\" \/>\r\n<meta property=\"article:modified_time\" content=\"2026-04-21T07:54:07+00:00\" \/>\r\n<meta property=\"og:image\" content=\"https:\/\/www.ipim.gov.mo\/wp-content\/uploads\/2026\/04\/N26DTdYlHW__t20260420174026.jpg\" \/>\r\n\t<meta property=\"og:image:width\" content=\"320\" \/>\r\n\t<meta property=\"og:image:height\" content=\"180\" \/>\r\n\t<meta property=\"og:image:type\" content=\"image\/jpeg\" \/>\r\n<meta name=\"twitter:card\" content=\"summary_large_image\" \/>\r\n<meta name=\"twitter:label1\" content=\"Est. reading time\" \/>\n\t<meta name=\"twitter:data1\" content=\"6 minutes\" \/>\r\n<script type=\"application\/ld+json\" class=\"yoast-schema-graph\">{\"@context\":\"https:\/\/schema.org\",\"@graph\":[{\"@type\":\"WebPage\",\"@id\":\"https:\/\/www.ipim.gov.mo\/pt-pt\/noticias-do-ipim\/2026-04-20-na-maior-feira-de-exportacao-alimentar-de-portugal-impulsionando-a-ligacao-empresarial-bilateral-e-promovendo-novas-oportunidades-de-negocio\/\",\"url\":\"https:\/\/www.ipim.gov.mo\/pt-pt\/noticias-do-ipim\/2026-04-20-na-maior-feira-de-exportacao-alimentar-de-portugal-impulsionando-a-ligacao-empresarial-bilateral-e-promovendo-novas-oportunidades-de-negocio\/\",\"name\":\"[2026\/04\/20] Na Maior Feira de Exporta\u00e7\u00e3o Alimentar de Portugal, Impulsionando a Liga\u00e7\u00e3o Empresarial Bilateral e Promovendo Novas Oportunidades de Neg\u00f3cio | Commerce and Investment Promotion Institute\",\"isPartOf\":{\"@id\":\"https:\/\/www.ipim.gov.mo\/zh-hans\/#website\"},\"primaryImageOfPage\":{\"@id\":\"https:\/\/www.ipim.gov.mo\/pt-pt\/noticias-do-ipim\/2026-04-20-na-maior-feira-de-exportacao-alimentar-de-portugal-impulsionando-a-ligacao-empresarial-bilateral-e-promovendo-novas-oportunidades-de-negocio\/#primaryimage\"},\"image\":{\"@id\":\"https:\/\/www.ipim.gov.mo\/pt-pt\/noticias-do-ipim\/2026-04-20-na-maior-feira-de-exportacao-alimentar-de-portugal-impulsionando-a-ligacao-empresarial-bilateral-e-promovendo-novas-oportunidades-de-negocio\/#primaryimage\"},\"thumbnailUrl\":\"https:\/\/www.ipim.gov.mo\/wp-content\/uploads\/2026\/04\/N26DTdYlHW__t20260422175759.jpg\",\"datePublished\":\"2026-04-20T09:40:00+00:00\",\"dateModified\":\"2026-04-21T07:54:07+00:00\",\"breadcrumb\":{\"@id\":\"https:\/\/www.ipim.gov.mo\/pt-pt\/noticias-do-ipim\/2026-04-20-na-maior-feira-de-exportacao-alimentar-de-portugal-impulsionando-a-ligacao-empresarial-bilateral-e-promovendo-novas-oportunidades-de-negocio\/#breadcrumb\"},\"inLanguage\":\"pt-PT\",\"potentialAction\":[{\"@type\":\"ReadAction\",\"target\":[\"https:\/\/www.ipim.gov.mo\/pt-pt\/noticias-do-ipim\/2026-04-20-na-maior-feira-de-exportacao-alimentar-de-portugal-impulsionando-a-ligacao-empresarial-bilateral-e-promovendo-novas-oportunidades-de-negocio\/\"]}]},{\"@type\":\"ImageObject\",\"inLanguage\":\"pt-PT\",\"@id\":\"https:\/\/www.ipim.gov.mo\/pt-pt\/noticias-do-ipim\/2026-04-20-na-maior-feira-de-exportacao-alimentar-de-portugal-impulsionando-a-ligacao-empresarial-bilateral-e-promovendo-novas-oportunidades-de-negocio\/#primaryimage\",\"url\":\"https:\/\/www.ipim.gov.mo\/wp-content\/uploads\/2026\/04\/N26DTdYlHW__t20260422175759.jpg\",\"contentUrl\":\"https:\/\/www.ipim.gov.mo\/wp-content\/uploads\/2026\/04\/N26DTdYlHW__t20260422175759.jpg\",\"width\":320,\"height\":180},{\"@type\":\"BreadcrumbList\",\"@id\":\"https:\/\/www.ipim.gov.mo\/pt-pt\/noticias-do-ipim\/2026-04-20-na-maior-feira-de-exportacao-alimentar-de-portugal-impulsionando-a-ligacao-empresarial-bilateral-e-promovendo-novas-oportunidades-de-negocio\/#breadcrumb\",\"itemListElement\":[{\"@type\":\"ListItem\",\"position\":1,\"name\":\"Home\",\"item\":\"https:\/\/www.ipim.gov.mo\/pt-pt\/\"},{\"@type\":\"ListItem\",\"position\":2,\"name\":\"[2026\/04\/20] Na Maior Feira de Exporta\u00e7\u00e3o Alimentar de Portugal, Impulsionando a Liga\u00e7\u00e3o Empresarial Bilateral e Promovendo Novas Oportunidades de Neg\u00f3cio\"}]},{\"@type\":\"WebSite\",\"@id\":\"https:\/\/www.ipim.gov.mo\/zh-hans\/#website\",\"url\":\"https:\/\/www.ipim.gov.mo\/zh-hans\/\",\"name\":\"Commerce and Investment Promotion Institute\",\"description\":\"Commerce and Investment Promotion Institute\",\"publisher\":{\"@id\":\"https:\/\/www.ipim.gov.mo\/zh-hans\/#organization\"},\"potentialAction\":[{\"@type\":\"SearchAction\",\"target\":{\"@type\":\"EntryPoint\",\"urlTemplate\":\"https:\/\/www.ipim.gov.mo\/zh-hans\/?s={search_term_string}\"},\"query-input\":{\"@type\":\"PropertyValueSpecification\",\"valueRequired\":true,\"valueName\":\"search_term_string\"}}],\"inLanguage\":\"pt-PT\"},{\"@type\":\"Organization\",\"@id\":\"https:\/\/www.ipim.gov.mo\/zh-hans\/#organization\",\"name\":\"IPIM\",\"url\":\"https:\/\/www.ipim.gov.mo\/zh-hans\/\",\"logo\":{\"@type\":\"ImageObject\",\"inLanguage\":\"pt-PT\",\"@id\":\"https:\/\/www.ipim.gov.mo\/zh-hans\/#\/schema\/logo\/image\/\",\"url\":\"https:\/\/www.ipim.gov.mo\/wp-content\/uploads\/2022\/10\/default-post-thumbnail-ipim-logo.png\",\"contentUrl\":\"https:\/\/www.ipim.gov.mo\/wp-content\/uploads\/2022\/10\/default-post-thumbnail-ipim-logo.png\",\"width\":1024,\"height\":768,\"caption\":\"IPIM\"},\"image\":{\"@id\":\"https:\/\/www.ipim.gov.mo\/zh-hans\/#\/schema\/logo\/image\/\"}}]}<\/script>\r\n<!-- \/ Yoast SEO plugin. -->","yoast_head_json":{"title":"[2026\/04\/20] Na Maior Feira de Exporta\u00e7\u00e3o Alimentar de Portugal, Impulsionando a Liga\u00e7\u00e3o Empresarial Bilateral e Promovendo Novas Oportunidades de Neg\u00f3cio | Commerce and Investment Promotion Institute","robots":{"index":"index","follow":"follow","max-snippet":"max-snippet:-1","max-image-preview":"max-image-preview:large","max-video-preview":"max-video-preview:-1"},"canonical":"https:\/\/www.ipim.gov.mo\/pt-pt\/noticias-do-ipim\/2026-04-20-na-maior-feira-de-exportacao-alimentar-de-portugal-impulsionando-a-ligacao-empresarial-bilateral-e-promovendo-novas-oportunidades-de-negocio\/","og_locale":"pt_PT","og_type":"article","og_title":"[2026\/04\/20] Na Maior Feira de Exporta\u00e7\u00e3o Alimentar de Portugal, Impulsionando a Liga\u00e7\u00e3o Empresarial Bilateral e Promovendo Novas Oportunidades de Neg\u00f3cio | Commerce and Investment Promotion Institute","og_description":"Com o objectivo de refor&ccedil;ar o papel de Macau enquanto \u201celo de liga&ccedil;&atilde;o infal&iacute;vel\u201d entre a China e os Pa&iacute;ses de L&iacute;ngua Portuguesa, bem como [&hellip;]","og_url":"https:\/\/www.ipim.gov.mo\/pt-pt\/noticias-do-ipim\/2026-04-20-na-maior-feira-de-exportacao-alimentar-de-portugal-impulsionando-a-ligacao-empresarial-bilateral-e-promovendo-novas-oportunidades-de-negocio\/","og_site_name":"Commerce and Investment Promotion Institute","article_published_time":"2026-04-20T09:40:00+00:00","article_modified_time":"2026-04-21T07:54:07+00:00","og_image":[{"width":320,"height":180,"url":"https:\/\/www.ipim.gov.mo\/wp-content\/uploads\/2026\/04\/N26DTdYlHW__t20260420174026.jpg","type":"image\/jpeg"}],"twitter_card":"summary_large_image","twitter_misc":{"Est. reading time":"6 minutes"},"schema":{"@context":"https:\/\/schema.org","@graph":[{"@type":"WebPage","@id":"https:\/\/www.ipim.gov.mo\/pt-pt\/noticias-do-ipim\/2026-04-20-na-maior-feira-de-exportacao-alimentar-de-portugal-impulsionando-a-ligacao-empresarial-bilateral-e-promovendo-novas-oportunidades-de-negocio\/","url":"https:\/\/www.ipim.gov.mo\/pt-pt\/noticias-do-ipim\/2026-04-20-na-maior-feira-de-exportacao-alimentar-de-portugal-impulsionando-a-ligacao-empresarial-bilateral-e-promovendo-novas-oportunidades-de-negocio\/","name":"[2026\/04\/20] Na Maior Feira de Exporta\u00e7\u00e3o Alimentar de Portugal, Impulsionando a Liga\u00e7\u00e3o Empresarial Bilateral e Promovendo Novas Oportunidades de Neg\u00f3cio | Commerce and Investment Promotion Institute","isPartOf":{"@id":"https:\/\/www.ipim.gov.mo\/zh-hans\/#website"},"primaryImageOfPage":{"@id":"https:\/\/www.ipim.gov.mo\/pt-pt\/noticias-do-ipim\/2026-04-20-na-maior-feira-de-exportacao-alimentar-de-portugal-impulsionando-a-ligacao-empresarial-bilateral-e-promovendo-novas-oportunidades-de-negocio\/#primaryimage"},"image":{"@id":"https:\/\/www.ipim.gov.mo\/pt-pt\/noticias-do-ipim\/2026-04-20-na-maior-feira-de-exportacao-alimentar-de-portugal-impulsionando-a-ligacao-empresarial-bilateral-e-promovendo-novas-oportunidades-de-negocio\/#primaryimage"},"thumbnailUrl":"https:\/\/www.ipim.gov.mo\/wp-content\/uploads\/2026\/04\/N26DTdYlHW__t20260422175759.jpg","datePublished":"2026-04-20T09:40:00+00:00","dateModified":"2026-04-21T07:54:07+00:00","breadcrumb":{"@id":"https:\/\/www.ipim.gov.mo\/pt-pt\/noticias-do-ipim\/2026-04-20-na-maior-feira-de-exportacao-alimentar-de-portugal-impulsionando-a-ligacao-empresarial-bilateral-e-promovendo-novas-oportunidades-de-negocio\/#breadcrumb"},"inLanguage":"pt-PT","potentialAction":[{"@type":"ReadAction","target":["https:\/\/www.ipim.gov.mo\/pt-pt\/noticias-do-ipim\/2026-04-20-na-maior-feira-de-exportacao-alimentar-de-portugal-impulsionando-a-ligacao-empresarial-bilateral-e-promovendo-novas-oportunidades-de-negocio\/"]}]},{"@type":"ImageObject","inLanguage":"pt-PT","@id":"https:\/\/www.ipim.gov.mo\/pt-pt\/noticias-do-ipim\/2026-04-20-na-maior-feira-de-exportacao-alimentar-de-portugal-impulsionando-a-ligacao-empresarial-bilateral-e-promovendo-novas-oportunidades-de-negocio\/#primaryimage","url":"https:\/\/www.ipim.gov.mo\/wp-content\/uploads\/2026\/04\/N26DTdYlHW__t20260422175759.jpg","contentUrl":"https:\/\/www.ipim.gov.mo\/wp-content\/uploads\/2026\/04\/N26DTdYlHW__t20260422175759.jpg","width":320,"height":180},{"@type":"BreadcrumbList","@id":"https:\/\/www.ipim.gov.mo\/pt-pt\/noticias-do-ipim\/2026-04-20-na-maior-feira-de-exportacao-alimentar-de-portugal-impulsionando-a-ligacao-empresarial-bilateral-e-promovendo-novas-oportunidades-de-negocio\/#breadcrumb","itemListElement":[{"@type":"ListItem","position":1,"name":"Home","item":"https:\/\/www.ipim.gov.mo\/pt-pt\/"},{"@type":"ListItem","position":2,"name":"[2026\/04\/20] Na Maior Feira de Exporta\u00e7\u00e3o Alimentar de Portugal, Impulsionando a Liga\u00e7\u00e3o Empresarial Bilateral e Promovendo Novas Oportunidades de Neg\u00f3cio"}]},{"@type":"WebSite","@id":"https:\/\/www.ipim.gov.mo\/zh-hans\/#website","url":"https:\/\/www.ipim.gov.mo\/zh-hans\/","name":"Commerce and Investment Promotion Institute","description":"Commerce and Investment Promotion Institute","publisher":{"@id":"https:\/\/www.ipim.gov.mo\/zh-hans\/#organization"},"potentialAction":[{"@type":"SearchAction","target":{"@type":"EntryPoint","urlTemplate":"https:\/\/www.ipim.gov.mo\/zh-hans\/?s={search_term_string}"},"query-input":{"@type":"PropertyValueSpecification","valueRequired":true,"valueName":"search_term_string"}}],"inLanguage":"pt-PT"},{"@type":"Organization","@id":"https:\/\/www.ipim.gov.mo\/zh-hans\/#organization","name":"IPIM","url":"https:\/\/www.ipim.gov.mo\/zh-hans\/","logo":{"@type":"ImageObject","inLanguage":"pt-PT","@id":"https:\/\/www.ipim.gov.mo\/zh-hans\/#\/schema\/logo\/image\/","url":"https:\/\/www.ipim.gov.mo\/wp-content\/uploads\/2022\/10\/default-post-thumbnail-ipim-logo.png","contentUrl":"https:\/\/www.ipim.gov.mo\/wp-content\/uploads\/2022\/10\/default-post-thumbnail-ipim-logo.png","width":1024,"height":768,"caption":"IPIM"},"image":{"@id":"https:\/\/www.ipim.gov.mo\/zh-hans\/#\/schema\/logo\/image\/"}}]}},"author_meta":{"display_name":"","author_link":"https:\/\/www.ipim.gov.mo\/pt-pt\/author\/"},"featured_img":"https:\/\/www.ipim.gov.mo\/wp-content\/uploads\/2026\/04\/N26DTdYlHW__t20260422175759-300x169.jpg","coauthors":[],"tax_additional":{"categories":{"linked":["<a href=\"https:\/\/www.ipim.gov.mo\/pt-pt\/category\/noticias-do-ipim\/\" class=\"advgb-post-tax-term\">Not\u00edcias do IPIM<\/a>"],"unlinked":["<span class=\"advgb-post-tax-term\">Not\u00edcias do IPIM<\/span>"]}},"comment_count":"0","relative_dates":{"created":"Posted 7 days ago","modified":"Updated 6 days ago"},"absolute_dates":{"created":"Posted on Abril 20, 2026","modified":"Updated on Abril 21, 2026"},"absolute_dates_time":{"created":"Posted on Abril 20, 2026 5:40 pm","modified":"Updated on Abril 21, 2026 3:54 pm"},"featured_img_caption":"","series_order":"","_links":{"self":[{"href":"https:\/\/www.ipim.gov.mo\/pt-pt\/wp-json\/wp\/v2\/posts\/505311","targetHints":{"allow":["GET"]}}],"collection":[{"href":"https:\/\/www.ipim.gov.mo\/pt-pt\/wp-json\/wp\/v2\/posts"}],"about":[{"href":"https:\/\/www.ipim.gov.mo\/pt-pt\/wp-json\/wp\/v2\/types\/post"}],"replies":[{"embeddable":true,"href":"https:\/\/www.ipim.gov.mo\/pt-pt\/wp-json\/wp\/v2\/comments?post=505311"}],"version-history":[{"count":1,"href":"https:\/\/www.ipim.gov.mo\/pt-pt\/wp-json\/wp\/v2\/posts\/505311\/revisions"}],"predecessor-version":[{"id":505316,"href":"https:\/\/www.ipim.gov.mo\/pt-pt\/wp-json\/wp\/v2\/posts\/505311\/revisions\/505316"}],"wp:featuredmedia":[{"embeddable":true,"href":"https:\/\/www.ipim.gov.mo\/pt-pt\/wp-json\/wp\/v2\/media\/505451"}],"wp:attachment":[{"href":"https:\/\/www.ipim.gov.mo\/pt-pt\/wp-json\/wp\/v2\/media?parent=505311"}],"wp:term":[{"taxonomy":"category","embeddable":true,"href":"https:\/\/www.ipim.gov.mo\/pt-pt\/wp-json\/wp\/v2\/categories?post=505311"},{"taxonomy":"post_tag","embeddable":true,"href":"https:\/\/www.ipim.gov.mo\/pt-pt\/wp-json\/wp\/v2\/tags?post=505311"}],"curies":[{"name":"wp","href":"https:\/\/api.w.org\/{rel}","templated":true}]}}