{"id":504555,"date":"2026-03-17T11:06:00","date_gmt":"2026-03-17T03:06:00","guid":{"rendered":"https:\/\/www.ipim.gov.mo\/noticias-do-ipim\/2026-03-17-2026miecf-forum-verde-explorando-caminhos-inovadores-para-a-construcao-de-cidades-com-baixas-emissoes-de-carbono-e-com-zero-residuos\/"},"modified":"2026-03-17T11:06:00","modified_gmt":"2026-03-17T03:06:00","slug":"2026-03-17-2026miecf-forum-verde-explorando-caminhos-inovadores-para-a-construcao-de-cidades-com-baixas-emissoes-de-carbono-e-com-zero-residuos","status":"publish","type":"post","link":"https:\/\/www.ipim.gov.mo\/pt-pt\/noticias-do-ipim\/2026-03-17-2026miecf-forum-verde-explorando-caminhos-inovadores-para-a-construcao-de-cidades-com-baixas-emissoes-de-carbono-e-com-zero-residuos\/","title":{"rendered":"[2026\/03\/17] 2026MIECF &#8211; F\u00f3rum Verde \u2013 Explorando caminhos inovadores para a constru\u00e7\u00e3o de cidades com baixas emiss\u00f5es de carbono e com zero res\u00edduos"},"content":{"rendered":"<p style=\"text-align:justify\">O F&oacute;rum e Exposi&ccedil;&atilde;o Internacional de Coopera&ccedil;&atilde;o Ambiental de Macau 2026 (adiante designado por \u201c2026MIECF\u201d), organizado pelo Governo da Regi&atilde;o Administrativa Especial de Macau (RAEM), ter&aacute; lugar entre os dias 26 e 28 de Mar&ccedil;o de 2026 e ser&aacute; subordinado ao tema \u201cCidades de Baixo Carbono e com Zero Res&iacute;duos: Embarcando numa Colabora&ccedil;&atilde;o Global\u201d. Durante o per&iacute;odo da Exposi&ccedil;&atilde;o, ser&atilde;o realizadas quatro sess&otilde;es tem&aacute;ticas do \u201cF&oacute;rum Verde\u201d, focando-se em temas como a constru&ccedil;&atilde;o de uma civiliza&ccedil;&atilde;o ecol&oacute;gica, o sistema de gest&atilde;o de res&iacute;duos, as finan&ccedil;as verdes e a coopera&ccedil;&atilde;o regional na &aacute;rea da protec&ccedil;&atilde;o ambiental. Ser&atilde;o convidados especialistas e acad&eacute;micos de renome do Interior da China, dos pa&iacute;ses de l&iacute;ngua portuguesa, dos pa&iacute;ses do Sudeste Asi&aacute;tico, de Hong Kong e de Macau para, em conjunto, criar um novo futuro de desenvolvimento sustent&aacute;vel, ecol&oacute;gico e com baixas emiss&otilde;es de carbono.<\/p>\n<p style=\"text-align:justify\">Acompanhando de perto a tend&ecirc;ncia mundial de desenvolvimento verde, a Sess&atilde;o IV do \u201cF&oacute;rum Verde\u201d, sob o tema \u201cSess&atilde;o 4 do F&oacute;rum Verde: Construindo Cidades com Zero Res&iacute;duos atrav&eacute;s do Pensamento Inovador\u201d, ter&aacute; lugar na tarde do segundo dia do evento (27 de Mar&ccedil;o), na Sala de Confer&ecirc;ncias <em>Sicily<\/em> do <em>Venetian Macao<\/em>. A quantidade de res&iacute;duos produzidos anualmente nas cidades de todo o mundo &eacute; enorme, e, se n&atilde;o forem tratados e reutilizados adequadamente, isso poder&aacute; causar press&atilde;o sobre o ambiente urbano e o tratamento de res&iacute;duos s&oacute;lidos. Por isso, surgiu o conceito de \u201ccidade com zero res&iacute;duos\u201d. Esta sess&atilde;o reunir&aacute; especialistas e acad&eacute;micos de diferentes &aacute;reas para discutir como reformular o sistema de gest&atilde;o de res&iacute;duos s&oacute;lidos atrav&eacute;s de um pensamento inovador. Ao mesmo tempo, ser&aacute; dada &ecirc;nfase &agrave;s estrat&eacute;gias e solu&ccedil;&otilde;es pr&aacute;ticas, para promover a transforma&ccedil;&atilde;o do \u201ctratamento de fim de vida\u201d em \u201cgest&atilde;o do ciclo de vida completo\u201d e para impulsionar o desenvolvimento de cidades com zero res&iacute;duos.<\/p>\n<p style=\"text-align:justify\">Nesta sess&atilde;o ser&atilde;o oradores: o Presidente do Conselho Directivo da Ag&ecirc;ncia Portuguesa do Ambiente, Sr. Jos&eacute; Carlos Pimenta Machado, o Director-adjunto da Divis&atilde;o de Res&iacute;duos S&oacute;lidos e Produtos Qu&iacute;micos do Departamento Municipal de Ecologia e Meio Ambiente de Pequim (Interior da China)\uff0cSr. Zhou Yuansong, o Oficial Superior de Protec&ccedil;&atilde;o Ambiental (Redu&ccedil;&atilde;o de Res&iacute;duos e Reciclagem Comunit&aacute;ria) do Departamento de Protec&ccedil;&atilde;o Ambiental de Hong Kong (Hong Kong, China), Sr. Kwan Yau Kit, Michael, o Director Associado do Centro de An&aacute;lise Forense Ambiental do Sul da China do Instituto de Ci&ecirc;ncias Ambientais do Sul da China do Minist&eacute;rio da Ecologia e Meio Ambiente da Rep&uacute;blica Popular da China (China Continental), Sr. Tan Xiao, o Director do Laborat&oacute;rio de Tecnologias de Preven&ccedil;&atilde;o e Controlo da Polui&ccedil;&atilde;o por Res&iacute;duos S&oacute;lidos do Instituto de Ci&ecirc;ncias Ambientais do Sul da China do Minist&eacute;rio da Ecologia e Meio Ambiente da Rep&uacute;blica Popular da China (Interior da China), Sr. Zhang Mingyang, e o Co-fundador e director executivo da Rekosistem (Indon&eacute;sia), Sr. Ernest Christian Layman. A sess&atilde;o ser&aacute; presidida pelo Director, substituto, do Col&eacute;gio Cheng Yu Tung da Universidade de Macau, Sr. Wong Seng Fat.<\/p>\n<p style=\"text-align:justify\">Os oradores ir&atilde;o abordar temas como \u201cO Caminho de Portugal para Cidades com Baixas Emiss&otilde;es de Carbono e Zero Res&iacute;duos: Inova&ccedil;&atilde;o, Pol&iacute;ticas P&uacute;blicas e Solu&ccedil;&otilde;es Municipais Replic&aacute;veis\u201d, \u201cPr&aacute;ticas Inovadoras que est&atilde;o a Transformar Pequim numa Cidade com Zero Res&iacute;duos\u201d, \u201cRes&iacute;duos Alimentares e GREEN@COMMUNITY: Impulsionando o Crescimento da Reciclagem em Hong Kong Atrav&eacute;s de uma Rede Inteligente de Reciclagem\u201d, \u201cExplorando Caminhos para a Utiliza&ccedil;&atilde;o de Recursos das Cinzas Volantes da Incinera&ccedil;&atilde;o de Res&iacute;duos S&oacute;lidos Urbanos em Macau e uma Vis&atilde;o para a Constru&ccedil;&atilde;o de uma \u201c&Aacute;rea da Ba&iacute;a com Zero Res&iacute;duos\u201d, \u201cCaminho e Perspectivas para a Constru&ccedil;&atilde;o de Cidades com Zero Res&iacute;duos e de Alta Qualidade na &Aacute;rea da Grande Ba&iacute;a Guangdong-Hong Kong-Macau\u201d, \u201cRepensar o Desperd&iacute;cio. Recuperar Recursos: Viabilizar Cidades Sustent&aacute;veis atrav&eacute;s de uma Cadeia de Abastecimento Circular Integrada\u201d, entre outros temas, partilhando as suas valiosas experi&ecirc;ncias e resultados pr&aacute;ticos na promo&ccedil;&atilde;o da constru&ccedil;&atilde;o de cidades com zero res&iacute;duos.<\/p>\n<p style=\"text-align:justify\">A sess&atilde;o do F&oacute;rum ter&aacute; tradu&ccedil;&atilde;o simult&acirc;nea, proporcionando aos participantes uma plataforma internacional de troca de informa&ccedil;&otilde;es sobre a protec&ccedil;&atilde;o ambiental sem barreiras. A entidade organizadora continuar&aacute; a solicitar a certifica&ccedil;&atilde;o profissional para os f&oacute;runs designados e a emitir certificados de participa&ccedil;&atilde;o aos participantes desses f&oacute;runs.<\/p>\n<p style=\"text-align:justify\">Para informa&ccedil;&otilde;es detalhadas, por favor, consulte a p&aacute;gina electr&oacute;nica do evento ( http:\/\/www.macaomiecf.com ) ou contacte a entidade organizadora atrav&eacute;s do n&uacute;mero de telefone (853) 8798 9675, ou aceda &agrave; conta oficial do <em>WeChat<\/em> \u201cMIECF\u201d, para obter as &uacute;ltimas informa&ccedil;&otilde;es.<\/p>\n","protected":false},"excerpt":{"rendered":"<p>O F&oacute;rum e Exposi&ccedil;&atilde;o Internacional de Coopera&ccedil;&atilde;o Ambiental de Macau 2026 (adiante designado por \u201c2026MIECF\u201d), organizado pelo Governo da Regi&atilde;o Administrativa Especial de Macau (RAEM), [&hellip;]<\/p>\n","protected":false},"author":0,"featured_media":504717,"comment_status":"closed","ping_status":"closed","sticky":false,"template":"","format":"standard","meta":{"_acf_changed":false,"inline_featured_image":false,"advgb_blocks_editor_width":"","advgb_blocks_columns_visual_guide":"","footnotes":""},"categories":[12],"tags":[],"class_list":["post-504555","post","type-post","status-publish","format-standard","has-post-thumbnail","hentry","category-noticias-do-ipim"],"acf":[],"yoast_head":"<!-- This site is optimized with the Yoast SEO plugin v26.2 - https:\/\/yoast.com\/wordpress\/plugins\/seo\/ -->\r\n<title>[2026\/03\/17] 2026MIECF - F\u00f3rum Verde \u2013 Explorando caminhos inovadores para a constru\u00e7\u00e3o de cidades com baixas emiss\u00f5es de carbono e com zero res\u00edduos | Commerce and Investment Promotion Institute<\/title>\r\n<meta name=\"robots\" content=\"index, follow, max-snippet:-1, max-image-preview:large, max-video-preview:-1\" \/>\r\n<link rel=\"canonical\" href=\"https:\/\/www.ipim.gov.mo\/zh-hant\/noticias-do-ipim\/2026-03-17-2026miecf-forum-verde-explorando-caminhos-inovadores-para-a-construcao-de-cidades-com-baixas-emissoes-de-carbono-e-com-zero-residuos\/\" \/>\r\n<meta property=\"og:locale\" content=\"pt_PT\" \/>\r\n<meta property=\"og:type\" content=\"article\" \/>\r\n<meta property=\"og:title\" content=\"[2026\/03\/17] 2026MIECF - F\u00f3rum Verde \u2013 Explorando caminhos inovadores para a constru\u00e7\u00e3o de cidades com baixas emiss\u00f5es de carbono e com zero res\u00edduos | Commerce and Investment Promotion Institute\" \/>\r\n<meta property=\"og:description\" content=\"O F&oacute;rum e Exposi&ccedil;&atilde;o Internacional de Coopera&ccedil;&atilde;o Ambiental de Macau 2026 (adiante designado por \u201c2026MIECF\u201d), organizado pelo Governo da Regi&atilde;o Administrativa Especial de Macau (RAEM), [&hellip;]\" \/>\r\n<meta property=\"og:url\" content=\"https:\/\/www.ipim.gov.mo\/zh-hant\/noticias-do-ipim\/2026-03-17-2026miecf-forum-verde-explorando-caminhos-inovadores-para-a-construcao-de-cidades-com-baixas-emissoes-de-carbono-e-com-zero-residuos\/\" \/>\r\n<meta property=\"og:site_name\" content=\"Commerce and Investment Promotion Institute\" \/>\r\n<meta property=\"article:published_time\" content=\"2026-03-17T03:06:00+00:00\" \/>\r\n<meta property=\"og:image\" content=\"https:\/\/www.ipim.gov.mo\/wp-content\/uploads\/2024\/11\/ipim-post-default-300x225-1-1.jpg\" \/>\r\n\t<meta property=\"og:image:width\" content=\"300\" \/>\r\n\t<meta property=\"og:image:height\" content=\"225\" \/>\r\n\t<meta property=\"og:image:type\" content=\"image\/jpeg\" \/>\r\n<meta name=\"twitter:card\" content=\"summary_large_image\" \/>\r\n<meta name=\"twitter:label1\" content=\"Est. reading time\" \/>\n\t<meta name=\"twitter:data1\" content=\"5 minutes\" \/>\r\n<script type=\"application\/ld+json\" class=\"yoast-schema-graph\">{\"@context\":\"https:\/\/schema.org\",\"@graph\":[{\"@type\":\"WebPage\",\"@id\":\"https:\/\/www.ipim.gov.mo\/zh-hant\/noticias-do-ipim\/2026-03-17-2026miecf-forum-verde-explorando-caminhos-inovadores-para-a-construcao-de-cidades-com-baixas-emissoes-de-carbono-e-com-zero-residuos\/\",\"url\":\"https:\/\/www.ipim.gov.mo\/zh-hant\/noticias-do-ipim\/2026-03-17-2026miecf-forum-verde-explorando-caminhos-inovadores-para-a-construcao-de-cidades-com-baixas-emissoes-de-carbono-e-com-zero-residuos\/\",\"name\":\"[2026\/03\/17] 2026MIECF - F\u00f3rum Verde \u2013 Explorando caminhos inovadores para a constru\u00e7\u00e3o de cidades com baixas emiss\u00f5es de carbono e com zero res\u00edduos | Commerce and Investment Promotion Institute\",\"isPartOf\":{\"@id\":\"https:\/\/www.ipim.gov.mo\/zh-hans\/#website\"},\"primaryImageOfPage\":{\"@id\":\"https:\/\/www.ipim.gov.mo\/zh-hant\/noticias-do-ipim\/2026-03-17-2026miecf-forum-verde-explorando-caminhos-inovadores-para-a-construcao-de-cidades-com-baixas-emissoes-de-carbono-e-com-zero-residuos\/#primaryimage\"},\"image\":{\"@id\":\"https:\/\/www.ipim.gov.mo\/zh-hant\/noticias-do-ipim\/2026-03-17-2026miecf-forum-verde-explorando-caminhos-inovadores-para-a-construcao-de-cidades-com-baixas-emissoes-de-carbono-e-com-zero-residuos\/#primaryimage\"},\"thumbnailUrl\":\"https:\/\/www.ipim.gov.mo\/wp-content\/uploads\/2026\/03\/N26CQx8FtA__t20260325110059.jpg\",\"datePublished\":\"2026-03-17T03:06:00+00:00\",\"breadcrumb\":{\"@id\":\"https:\/\/www.ipim.gov.mo\/zh-hant\/noticias-do-ipim\/2026-03-17-2026miecf-forum-verde-explorando-caminhos-inovadores-para-a-construcao-de-cidades-com-baixas-emissoes-de-carbono-e-com-zero-residuos\/#breadcrumb\"},\"inLanguage\":\"pt-PT\",\"potentialAction\":[{\"@type\":\"ReadAction\",\"target\":[\"https:\/\/www.ipim.gov.mo\/zh-hant\/noticias-do-ipim\/2026-03-17-2026miecf-forum-verde-explorando-caminhos-inovadores-para-a-construcao-de-cidades-com-baixas-emissoes-de-carbono-e-com-zero-residuos\/\"]}]},{\"@type\":\"ImageObject\",\"inLanguage\":\"pt-PT\",\"@id\":\"https:\/\/www.ipim.gov.mo\/zh-hant\/noticias-do-ipim\/2026-03-17-2026miecf-forum-verde-explorando-caminhos-inovadores-para-a-construcao-de-cidades-com-baixas-emissoes-de-carbono-e-com-zero-residuos\/#primaryimage\",\"url\":\"https:\/\/www.ipim.gov.mo\/wp-content\/uploads\/2026\/03\/N26CQx8FtA__t20260325110059.jpg\",\"contentUrl\":\"https:\/\/www.ipim.gov.mo\/wp-content\/uploads\/2026\/03\/N26CQx8FtA__t20260325110059.jpg\",\"width\":320,\"height\":180},{\"@type\":\"BreadcrumbList\",\"@id\":\"https:\/\/www.ipim.gov.mo\/zh-hant\/noticias-do-ipim\/2026-03-17-2026miecf-forum-verde-explorando-caminhos-inovadores-para-a-construcao-de-cidades-com-baixas-emissoes-de-carbono-e-com-zero-residuos\/#breadcrumb\",\"itemListElement\":[{\"@type\":\"ListItem\",\"position\":1,\"name\":\"Home\",\"item\":\"https:\/\/www.ipim.gov.mo\/pt-pt\/\"},{\"@type\":\"ListItem\",\"position\":2,\"name\":\"[2026\/03\/17] 2026MIECF &#8211; F\u00f3rum Verde \u2013 Explorando caminhos inovadores para a constru\u00e7\u00e3o de cidades com baixas emiss\u00f5es de carbono e com zero res\u00edduos\"}]},{\"@type\":\"WebSite\",\"@id\":\"https:\/\/www.ipim.gov.mo\/zh-hans\/#website\",\"url\":\"https:\/\/www.ipim.gov.mo\/zh-hans\/\",\"name\":\"Commerce and Investment Promotion Institute\",\"description\":\"Commerce and Investment Promotion Institute\",\"publisher\":{\"@id\":\"https:\/\/www.ipim.gov.mo\/zh-hans\/#organization\"},\"potentialAction\":[{\"@type\":\"SearchAction\",\"target\":{\"@type\":\"EntryPoint\",\"urlTemplate\":\"https:\/\/www.ipim.gov.mo\/zh-hans\/?s={search_term_string}\"},\"query-input\":{\"@type\":\"PropertyValueSpecification\",\"valueRequired\":true,\"valueName\":\"search_term_string\"}}],\"inLanguage\":\"pt-PT\"},{\"@type\":\"Organization\",\"@id\":\"https:\/\/www.ipim.gov.mo\/zh-hans\/#organization\",\"name\":\"IPIM\",\"url\":\"https:\/\/www.ipim.gov.mo\/zh-hans\/\",\"logo\":{\"@type\":\"ImageObject\",\"inLanguage\":\"pt-PT\",\"@id\":\"https:\/\/www.ipim.gov.mo\/zh-hans\/#\/schema\/logo\/image\/\",\"url\":\"https:\/\/www.ipim.gov.mo\/wp-content\/uploads\/2022\/10\/default-post-thumbnail-ipim-logo.png\",\"contentUrl\":\"https:\/\/www.ipim.gov.mo\/wp-content\/uploads\/2022\/10\/default-post-thumbnail-ipim-logo.png\",\"width\":1024,\"height\":768,\"caption\":\"IPIM\"},\"image\":{\"@id\":\"https:\/\/www.ipim.gov.mo\/zh-hans\/#\/schema\/logo\/image\/\"}}]}<\/script>\r\n<!-- \/ Yoast SEO plugin. -->","yoast_head_json":{"title":"[2026\/03\/17] 2026MIECF - F\u00f3rum Verde \u2013 Explorando caminhos inovadores para a constru\u00e7\u00e3o de cidades com baixas emiss\u00f5es de carbono e com zero res\u00edduos | Commerce and Investment Promotion Institute","robots":{"index":"index","follow":"follow","max-snippet":"max-snippet:-1","max-image-preview":"max-image-preview:large","max-video-preview":"max-video-preview:-1"},"canonical":"https:\/\/www.ipim.gov.mo\/zh-hant\/noticias-do-ipim\/2026-03-17-2026miecf-forum-verde-explorando-caminhos-inovadores-para-a-construcao-de-cidades-com-baixas-emissoes-de-carbono-e-com-zero-residuos\/","og_locale":"pt_PT","og_type":"article","og_title":"[2026\/03\/17] 2026MIECF - F\u00f3rum Verde \u2013 Explorando caminhos inovadores para a constru\u00e7\u00e3o de cidades com baixas emiss\u00f5es de carbono e com zero res\u00edduos | Commerce and Investment Promotion Institute","og_description":"O F&oacute;rum e Exposi&ccedil;&atilde;o Internacional de Coopera&ccedil;&atilde;o Ambiental de Macau 2026 (adiante designado por \u201c2026MIECF\u201d), organizado pelo Governo da Regi&atilde;o Administrativa Especial de Macau (RAEM), [&hellip;]","og_url":"https:\/\/www.ipim.gov.mo\/zh-hant\/noticias-do-ipim\/2026-03-17-2026miecf-forum-verde-explorando-caminhos-inovadores-para-a-construcao-de-cidades-com-baixas-emissoes-de-carbono-e-com-zero-residuos\/","og_site_name":"Commerce and Investment Promotion Institute","article_published_time":"2026-03-17T03:06:00+00:00","og_image":[{"width":300,"height":225,"url":"https:\/\/www.ipim.gov.mo\/wp-content\/uploads\/2024\/11\/ipim-post-default-300x225-1-1.jpg","type":"image\/jpeg"}],"twitter_card":"summary_large_image","twitter_misc":{"Est. reading time":"5 minutes"},"schema":{"@context":"https:\/\/schema.org","@graph":[{"@type":"WebPage","@id":"https:\/\/www.ipim.gov.mo\/zh-hant\/noticias-do-ipim\/2026-03-17-2026miecf-forum-verde-explorando-caminhos-inovadores-para-a-construcao-de-cidades-com-baixas-emissoes-de-carbono-e-com-zero-residuos\/","url":"https:\/\/www.ipim.gov.mo\/zh-hant\/noticias-do-ipim\/2026-03-17-2026miecf-forum-verde-explorando-caminhos-inovadores-para-a-construcao-de-cidades-com-baixas-emissoes-de-carbono-e-com-zero-residuos\/","name":"[2026\/03\/17] 2026MIECF - F\u00f3rum Verde \u2013 Explorando caminhos inovadores para a constru\u00e7\u00e3o de cidades com baixas emiss\u00f5es de carbono e com zero res\u00edduos | Commerce and Investment Promotion Institute","isPartOf":{"@id":"https:\/\/www.ipim.gov.mo\/zh-hans\/#website"},"primaryImageOfPage":{"@id":"https:\/\/www.ipim.gov.mo\/zh-hant\/noticias-do-ipim\/2026-03-17-2026miecf-forum-verde-explorando-caminhos-inovadores-para-a-construcao-de-cidades-com-baixas-emissoes-de-carbono-e-com-zero-residuos\/#primaryimage"},"image":{"@id":"https:\/\/www.ipim.gov.mo\/zh-hant\/noticias-do-ipim\/2026-03-17-2026miecf-forum-verde-explorando-caminhos-inovadores-para-a-construcao-de-cidades-com-baixas-emissoes-de-carbono-e-com-zero-residuos\/#primaryimage"},"thumbnailUrl":"https:\/\/www.ipim.gov.mo\/wp-content\/uploads\/2026\/03\/N26CQx8FtA__t20260325110059.jpg","datePublished":"2026-03-17T03:06:00+00:00","breadcrumb":{"@id":"https:\/\/www.ipim.gov.mo\/zh-hant\/noticias-do-ipim\/2026-03-17-2026miecf-forum-verde-explorando-caminhos-inovadores-para-a-construcao-de-cidades-com-baixas-emissoes-de-carbono-e-com-zero-residuos\/#breadcrumb"},"inLanguage":"pt-PT","potentialAction":[{"@type":"ReadAction","target":["https:\/\/www.ipim.gov.mo\/zh-hant\/noticias-do-ipim\/2026-03-17-2026miecf-forum-verde-explorando-caminhos-inovadores-para-a-construcao-de-cidades-com-baixas-emissoes-de-carbono-e-com-zero-residuos\/"]}]},{"@type":"ImageObject","inLanguage":"pt-PT","@id":"https:\/\/www.ipim.gov.mo\/zh-hant\/noticias-do-ipim\/2026-03-17-2026miecf-forum-verde-explorando-caminhos-inovadores-para-a-construcao-de-cidades-com-baixas-emissoes-de-carbono-e-com-zero-residuos\/#primaryimage","url":"https:\/\/www.ipim.gov.mo\/wp-content\/uploads\/2026\/03\/N26CQx8FtA__t20260325110059.jpg","contentUrl":"https:\/\/www.ipim.gov.mo\/wp-content\/uploads\/2026\/03\/N26CQx8FtA__t20260325110059.jpg","width":320,"height":180},{"@type":"BreadcrumbList","@id":"https:\/\/www.ipim.gov.mo\/zh-hant\/noticias-do-ipim\/2026-03-17-2026miecf-forum-verde-explorando-caminhos-inovadores-para-a-construcao-de-cidades-com-baixas-emissoes-de-carbono-e-com-zero-residuos\/#breadcrumb","itemListElement":[{"@type":"ListItem","position":1,"name":"Home","item":"https:\/\/www.ipim.gov.mo\/pt-pt\/"},{"@type":"ListItem","position":2,"name":"[2026\/03\/17] 2026MIECF &#8211; F\u00f3rum Verde \u2013 Explorando caminhos inovadores para a constru\u00e7\u00e3o de cidades com baixas emiss\u00f5es de carbono e com zero res\u00edduos"}]},{"@type":"WebSite","@id":"https:\/\/www.ipim.gov.mo\/zh-hans\/#website","url":"https:\/\/www.ipim.gov.mo\/zh-hans\/","name":"Commerce and Investment Promotion Institute","description":"Commerce and Investment Promotion Institute","publisher":{"@id":"https:\/\/www.ipim.gov.mo\/zh-hans\/#organization"},"potentialAction":[{"@type":"SearchAction","target":{"@type":"EntryPoint","urlTemplate":"https:\/\/www.ipim.gov.mo\/zh-hans\/?s={search_term_string}"},"query-input":{"@type":"PropertyValueSpecification","valueRequired":true,"valueName":"search_term_string"}}],"inLanguage":"pt-PT"},{"@type":"Organization","@id":"https:\/\/www.ipim.gov.mo\/zh-hans\/#organization","name":"IPIM","url":"https:\/\/www.ipim.gov.mo\/zh-hans\/","logo":{"@type":"ImageObject","inLanguage":"pt-PT","@id":"https:\/\/www.ipim.gov.mo\/zh-hans\/#\/schema\/logo\/image\/","url":"https:\/\/www.ipim.gov.mo\/wp-content\/uploads\/2022\/10\/default-post-thumbnail-ipim-logo.png","contentUrl":"https:\/\/www.ipim.gov.mo\/wp-content\/uploads\/2022\/10\/default-post-thumbnail-ipim-logo.png","width":1024,"height":768,"caption":"IPIM"},"image":{"@id":"https:\/\/www.ipim.gov.mo\/zh-hans\/#\/schema\/logo\/image\/"}}]}},"author_meta":{"display_name":"","author_link":"https:\/\/www.ipim.gov.mo\/pt-pt\/author\/"},"featured_img":"https:\/\/www.ipim.gov.mo\/wp-content\/uploads\/2026\/03\/N26CQx8FtA__t20260325110059-300x169.jpg","coauthors":[],"tax_additional":{"categories":{"linked":["<a href=\"https:\/\/www.ipim.gov.mo\/pt-pt\/category\/noticias-do-ipim\/\" class=\"advgb-post-tax-term\">Not\u00edcias do IPIM<\/a>"],"unlinked":["<span class=\"advgb-post-tax-term\">Not\u00edcias do IPIM<\/span>"]}},"comment_count":"0","relative_dates":{"created":"Posted 1 month ago","modified":"Updated 1 month ago"},"absolute_dates":{"created":"Posted on Mar\u00e7o 17, 2026","modified":"Updated on Mar\u00e7o 17, 2026"},"absolute_dates_time":{"created":"Posted on Mar\u00e7o 17, 2026 11:06 am","modified":"Updated on Mar\u00e7o 17, 2026 11:06 am"},"featured_img_caption":"","series_order":"","_links":{"self":[{"href":"https:\/\/www.ipim.gov.mo\/pt-pt\/wp-json\/wp\/v2\/posts\/504555","targetHints":{"allow":["GET"]}}],"collection":[{"href":"https:\/\/www.ipim.gov.mo\/pt-pt\/wp-json\/wp\/v2\/posts"}],"about":[{"href":"https:\/\/www.ipim.gov.mo\/pt-pt\/wp-json\/wp\/v2\/types\/post"}],"replies":[{"embeddable":true,"href":"https:\/\/www.ipim.gov.mo\/pt-pt\/wp-json\/wp\/v2\/comments?post=504555"}],"version-history":[{"count":0,"href":"https:\/\/www.ipim.gov.mo\/pt-pt\/wp-json\/wp\/v2\/posts\/504555\/revisions"}],"wp:featuredmedia":[{"embeddable":true,"href":"https:\/\/www.ipim.gov.mo\/pt-pt\/wp-json\/wp\/v2\/media\/504717"}],"wp:attachment":[{"href":"https:\/\/www.ipim.gov.mo\/pt-pt\/wp-json\/wp\/v2\/media?parent=504555"}],"wp:term":[{"taxonomy":"category","embeddable":true,"href":"https:\/\/www.ipim.gov.mo\/pt-pt\/wp-json\/wp\/v2\/categories?post=504555"},{"taxonomy":"post_tag","embeddable":true,"href":"https:\/\/www.ipim.gov.mo\/pt-pt\/wp-json\/wp\/v2\/tags?post=504555"}],"curies":[{"name":"wp","href":"https:\/\/api.w.org\/{rel}","templated":true}]}}