{"id":504512,"date":"2026-03-12T10:00:00","date_gmt":"2026-03-12T02:00:00","guid":{"rendered":"https:\/\/www.ipim.gov.mo\/noticias-do-ipim\/2026-03-12-sessoes-tematicas-de-bolsas-de-contactos-do-2026miecf-procuram-apoiar-as-empresas-na-expansao-internacional-e-na-captacao-de-oportunidades-verdes-de-negocio\/"},"modified":"2026-03-12T10:00:00","modified_gmt":"2026-03-12T02:00:00","slug":"2026-03-12-sessoes-tematicas-de-bolsas-de-contactos-do-2026miecf-procuram-apoiar-as-empresas-na-expansao-internacional-e-na-captacao-de-oportunidades-verdes-de-negocio","status":"publish","type":"post","link":"https:\/\/www.ipim.gov.mo\/pt-pt\/noticias-do-ipim\/2026-03-12-sessoes-tematicas-de-bolsas-de-contactos-do-2026miecf-procuram-apoiar-as-empresas-na-expansao-internacional-e-na-captacao-de-oportunidades-verdes-de-negocio\/","title":{"rendered":"[2026\/03\/12] Sess\u00f5es tem\u00e1ticas de bolsas de contactos do 2026MIECF procuram apoiar as empresas na expans\u00e3o internacional e na capta\u00e7\u00e3o de oportunidades verdes de neg\u00f3cio"},"content":{"rendered":"<p style=\"text-align:justify\">Em articula&ccedil;&atilde;o com o tema \u201cCidades de Baixo Carbono e com Zero Res&iacute;duos: Embarcando numa Colabora&ccedil;&atilde;o Global\u201d do F&oacute;rum e Exposi&ccedil;&atilde;o Internacional de Coopera&ccedil;&atilde;o Ambiental de Macau 2026 (doravante designado por \u201c2026MIECF\u201d), ser&atilde;o realizadas quatro sess&otilde;es tem&aacute;ticas de bolsas de contactos, com vista a criar, para as empresas e institui&ccedil;&otilde;es nacionais e estrangeiras, uma plataforma de emparelhamento eficiente. A iniciativa visa promover a coopera&ccedil;&atilde;o em tecnologias ambientais, investimento verde e desenvolvimento de mercados, al&eacute;m de apoiar as empresas de Macau na sua expans&atilde;o para o exterior e na explora&ccedil;&atilde;o de oportunidades de neg&oacute;cio no sector ambiental. No recinto, ser&aacute; ainda introduzida a aplica&ccedil;&atilde;o de sistemas tecnol&oacute;gicos para elevar a efici&ecirc;ncia das bolsas de contactos, contribuindo para a transforma&ccedil;&atilde;o empresarial e para a explora&ccedil;&atilde;o de novas oportunidades de neg&oacute;cio no com&eacute;rcio verde.<\/p>\n<p style=\"text-align:justify\"><strong>Diversas sess&otilde;es tem&aacute;ticas com recurso a tecnologia procuram refor&ccedil;ar a efic&aacute;cia das bolsas de contactos<\/strong><\/p>\n<p style=\"text-align:justify\">Com o objectivo de dar resposta &agrave;s necessidades concretas das empresas em termos de internacionaliza&ccedil;&atilde;o e coopera&ccedil;&atilde;o transfronteiri&ccedil;a, bem como incentivar o aproveitamento das vantagens estrat&eacute;gicas do posicionamento \u201cMacau + Hengqin\u201d, a organiza&ccedil;&atilde;o ir&aacute; promover quatro sess&otilde;es tem&aacute;ticas de bolsas de contactos, designadamente a Sess&atilde;o Especial de Bolsa de Contactos para a Internacionaliza&ccedil;&atilde;o das Empresas de Novas Energias, a Sess&atilde;o de Bolsa de Contactos Verde entre Institui&ccedil;&otilde;es P&uacute;blicas de Macau e de Hengqin, a Sess&atilde;o Especial de Bolsa de Contactos Alusiva &agrave; Tecnologia Ambiental e a Sess&atilde;o Especial de Bolsa de Contactos Alusiva a Constru&ccedil;&otilde;es Verdes.<\/p>\n<p style=\"text-align:justify\">Em termos concretos, as bolsas de contactos decorrer&atilde;o, este ano, no Centro de Sinergia Verde, com a introdu&ccedil;&atilde;o de diversos servi&ccedil;os tecnol&oacute;gicos, incluindo tecnologia de correspond&ecirc;ncia, registo electr&oacute;nico e &oacute;culos inteligentes com tradu&ccedil;&atilde;o em tempo real, com vista a elevar a efici&ecirc;ncia do emparelhamento e melhorar a experi&ecirc;ncia no local. Prev&ecirc;-se a participa&ccedil;&atilde;o de empresas gigantes internacionais do sector energ&eacute;tico classificadas na <em>Fortune Global 500<\/em>, empresas de refer&ecirc;ncia no sector ambiental do Interior da China, organiza&ccedil;&otilde;es ambientais dos Pa&iacute;ses de L&iacute;ngua Portuguesa, empresas l&iacute;deres em tecnologia e expositores de marcas de excel&ecirc;ncia, oriundos de diversos pa&iacute;ses e regi&otilde;es, o que proporciona aos participantes oportunidades de negocia&ccedil;&atilde;o comercial de elevada qualidade.<\/p>\n<p style=\"text-align:justify\">Os interessados em participar nas bolsas de contactos verdes podem proceder ao pr&eacute;-registo, declarando as suas necessidades e inten&ccedil;&otilde;es de coopera&ccedil;&atilde;o, atrav&eacute;s da digitaliza&ccedil;&atilde;o do c&oacute;digo QR constante da imagem anexa ou mediante acesso &agrave; p&aacute;gina electr&oacute;nica: https:\/\/www.macaomiecf.com\/miecf2026\/event\/green_matching.<\/p>\n<p style=\"text-align:justify\"><strong>Promo&ccedil;&atilde;o da coopera&ccedil;&atilde;o verde e do estabelecimento de empresas por meio da \u201ccapta&ccedil;&atilde;o de investimentos atrav&eacute;s de exposi&ccedil;&otilde;es\u201d<\/strong><\/p>\n<p style=\"text-align:justify\">No recinto do MIECF, ser&atilde;o disponibilizados o Servi&ccedil;o \u201c<em>One-Stop<\/em>\u201d para Investidores, bem como a divulga&ccedil;&atilde;o do Plano para o Desenvolvimento Econ&oacute;mico no &acirc;mbito de Apoio ao Estabelecimento da Primeira Loja em Macau, entre outras iniciativas complementares no &acirc;mbito de capta&ccedil;&atilde;o de investimento, com a finalidade de impulsionar a instala&ccedil;&atilde;o, em Macau, de mais empresas de marcas de qualidade integradas na cadeia da ind&uacute;stria ambiental, refor&ccedil;ando assim a articula&ccedil;&atilde;o bidireccional entre o sector de conven&ccedil;&otilde;es e exposi&ccedil;&otilde;es e a capta&ccedil;&atilde;o de investimento, e elevando a efic&aacute;cia da estrat&eacute;gia de \u201ccapta&ccedil;&atilde;o de investimentos atrav&eacute;s de exposi&ccedil;&otilde;es\u201d.<\/p>\n<p style=\"text-align:justify\">Al&eacute;m disso, a organiza&ccedil;&atilde;o promover&aacute; ainda actividades sob o modelo de \u201cUm Evento, Dois Locais\u201d, em Macau e Hengqin, de maneira a aprofundar a colabora&ccedil;&atilde;o e a coopera&ccedil;&atilde;o entre as duas regi&otilde;es nos dom&iacute;nios das conven&ccedil;&otilde;es e exposi&ccedil;&otilde;es, da ind&uacute;stria e do desenvolvimento da inova&ccedil;&atilde;o.<\/p>\n<p style=\"text-align:justify\">Organizado pelo Governo da Regi&atilde;o Administrativa Especial de Macau (RAEM), o 2026MIECF decorre de 26 a 28 de Mar&ccedil;o (Quinta-feira a S&aacute;bado), na Cotai Expo, <em>The Venetian Macao<\/em>, com o intuito de proporcionar uma plataforma de apresenta&ccedil;&atilde;o e coopera&ccedil;&atilde;o para tecnologias e projectos de inova&ccedil;&atilde;o verde.<\/p>\n<p style=\"text-align:justify\">Para mais informa&ccedil;&otilde;es, aceda &agrave; p&aacute;gina electr&oacute;nica oficial, em https:\/\/www.macaomiecf.com, ou contacte a organiza&ccedil;&atilde;o atrav&eacute;s do n&uacute;mero de telefone (853) 8798 9675. Para informa&ccedil;&otilde;es mais recentes, subscreva tamb&eacute;m a conta oficial no WeChat: MIECF.<\/p>\n","protected":false},"excerpt":{"rendered":"<p>Em articula&ccedil;&atilde;o com o tema \u201cCidades de Baixo Carbono e com Zero Res&iacute;duos: Embarcando numa Colabora&ccedil;&atilde;o Global\u201d do F&oacute;rum e Exposi&ccedil;&atilde;o Internacional de Coopera&ccedil;&atilde;o Ambiental [&hellip;]<\/p>\n","protected":false},"author":0,"featured_media":504721,"comment_status":"closed","ping_status":"closed","sticky":false,"template":"","format":"standard","meta":{"_acf_changed":false,"inline_featured_image":false,"advgb_blocks_editor_width":"","advgb_blocks_columns_visual_guide":"","footnotes":""},"categories":[12],"tags":[],"class_list":["post-504512","post","type-post","status-publish","format-standard","has-post-thumbnail","hentry","category-noticias-do-ipim"],"acf":[],"yoast_head":"<!-- This site is optimized with the Yoast SEO plugin v26.2 - https:\/\/yoast.com\/wordpress\/plugins\/seo\/ -->\r\n<title>[2026\/03\/12] Sess\u00f5es tem\u00e1ticas de bolsas de contactos do 2026MIECF procuram apoiar as empresas na expans\u00e3o internacional e na capta\u00e7\u00e3o de oportunidades verdes de neg\u00f3cio | Commerce and Investment Promotion Institute<\/title>\r\n<meta name=\"robots\" content=\"index, follow, max-snippet:-1, max-image-preview:large, max-video-preview:-1\" \/>\r\n<link rel=\"canonical\" href=\"https:\/\/www.ipim.gov.mo\/zh-hant\/noticias-do-ipim\/2026-03-12-sessoes-tematicas-de-bolsas-de-contactos-do-2026miecf-procuram-apoiar-as-empresas-na-expansao-internacional-e-na-captacao-de-oportunidades-verdes-de-negocio\/\" \/>\r\n<meta property=\"og:locale\" content=\"pt_PT\" \/>\r\n<meta property=\"og:type\" content=\"article\" \/>\r\n<meta property=\"og:title\" content=\"[2026\/03\/12] Sess\u00f5es tem\u00e1ticas de bolsas de contactos do 2026MIECF procuram apoiar as empresas na expans\u00e3o internacional e na capta\u00e7\u00e3o de oportunidades verdes de neg\u00f3cio | Commerce and Investment Promotion Institute\" \/>\r\n<meta property=\"og:description\" content=\"Em articula&ccedil;&atilde;o com o tema \u201cCidades de Baixo Carbono e com Zero Res&iacute;duos: Embarcando numa Colabora&ccedil;&atilde;o Global\u201d do F&oacute;rum e Exposi&ccedil;&atilde;o Internacional de Coopera&ccedil;&atilde;o Ambiental [&hellip;]\" \/>\r\n<meta property=\"og:url\" content=\"https:\/\/www.ipim.gov.mo\/zh-hant\/noticias-do-ipim\/2026-03-12-sessoes-tematicas-de-bolsas-de-contactos-do-2026miecf-procuram-apoiar-as-empresas-na-expansao-internacional-e-na-captacao-de-oportunidades-verdes-de-negocio\/\" \/>\r\n<meta property=\"og:site_name\" content=\"Commerce and Investment Promotion Institute\" \/>\r\n<meta property=\"article:published_time\" content=\"2026-03-12T02:00:00+00:00\" \/>\r\n<meta property=\"og:image\" content=\"https:\/\/www.ipim.gov.mo\/wp-content\/uploads\/2024\/11\/ipim-post-default-300x225-1-1.jpg\" \/>\r\n\t<meta property=\"og:image:width\" content=\"300\" \/>\r\n\t<meta property=\"og:image:height\" content=\"225\" \/>\r\n\t<meta property=\"og:image:type\" content=\"image\/jpeg\" \/>\r\n<meta name=\"twitter:card\" content=\"summary_large_image\" \/>\r\n<meta name=\"twitter:label1\" content=\"Est. reading time\" \/>\n\t<meta name=\"twitter:data1\" content=\"5 minutes\" \/>\r\n<script type=\"application\/ld+json\" class=\"yoast-schema-graph\">{\"@context\":\"https:\/\/schema.org\",\"@graph\":[{\"@type\":\"WebPage\",\"@id\":\"https:\/\/www.ipim.gov.mo\/zh-hant\/noticias-do-ipim\/2026-03-12-sessoes-tematicas-de-bolsas-de-contactos-do-2026miecf-procuram-apoiar-as-empresas-na-expansao-internacional-e-na-captacao-de-oportunidades-verdes-de-negocio\/\",\"url\":\"https:\/\/www.ipim.gov.mo\/zh-hant\/noticias-do-ipim\/2026-03-12-sessoes-tematicas-de-bolsas-de-contactos-do-2026miecf-procuram-apoiar-as-empresas-na-expansao-internacional-e-na-captacao-de-oportunidades-verdes-de-negocio\/\",\"name\":\"[2026\/03\/12] Sess\u00f5es tem\u00e1ticas de bolsas de contactos do 2026MIECF procuram apoiar as empresas na expans\u00e3o internacional e na capta\u00e7\u00e3o de oportunidades verdes de neg\u00f3cio | Commerce and Investment Promotion Institute\",\"isPartOf\":{\"@id\":\"https:\/\/www.ipim.gov.mo\/zh-hans\/#website\"},\"primaryImageOfPage\":{\"@id\":\"https:\/\/www.ipim.gov.mo\/zh-hant\/noticias-do-ipim\/2026-03-12-sessoes-tematicas-de-bolsas-de-contactos-do-2026miecf-procuram-apoiar-as-empresas-na-expansao-internacional-e-na-captacao-de-oportunidades-verdes-de-negocio\/#primaryimage\"},\"image\":{\"@id\":\"https:\/\/www.ipim.gov.mo\/zh-hant\/noticias-do-ipim\/2026-03-12-sessoes-tematicas-de-bolsas-de-contactos-do-2026miecf-procuram-apoiar-as-empresas-na-expansao-internacional-e-na-captacao-de-oportunidades-verdes-de-negocio\/#primaryimage\"},\"thumbnailUrl\":\"https:\/\/www.ipim.gov.mo\/wp-content\/uploads\/2026\/03\/N26CKab1eL__t20260325105945.jpg\",\"datePublished\":\"2026-03-12T02:00:00+00:00\",\"breadcrumb\":{\"@id\":\"https:\/\/www.ipim.gov.mo\/zh-hant\/noticias-do-ipim\/2026-03-12-sessoes-tematicas-de-bolsas-de-contactos-do-2026miecf-procuram-apoiar-as-empresas-na-expansao-internacional-e-na-captacao-de-oportunidades-verdes-de-negocio\/#breadcrumb\"},\"inLanguage\":\"pt-PT\",\"potentialAction\":[{\"@type\":\"ReadAction\",\"target\":[\"https:\/\/www.ipim.gov.mo\/zh-hant\/noticias-do-ipim\/2026-03-12-sessoes-tematicas-de-bolsas-de-contactos-do-2026miecf-procuram-apoiar-as-empresas-na-expansao-internacional-e-na-captacao-de-oportunidades-verdes-de-negocio\/\"]}]},{\"@type\":\"ImageObject\",\"inLanguage\":\"pt-PT\",\"@id\":\"https:\/\/www.ipim.gov.mo\/zh-hant\/noticias-do-ipim\/2026-03-12-sessoes-tematicas-de-bolsas-de-contactos-do-2026miecf-procuram-apoiar-as-empresas-na-expansao-internacional-e-na-captacao-de-oportunidades-verdes-de-negocio\/#primaryimage\",\"url\":\"https:\/\/www.ipim.gov.mo\/wp-content\/uploads\/2026\/03\/N26CKab1eL__t20260325105945.jpg\",\"contentUrl\":\"https:\/\/www.ipim.gov.mo\/wp-content\/uploads\/2026\/03\/N26CKab1eL__t20260325105945.jpg\",\"width\":320,\"height\":180},{\"@type\":\"BreadcrumbList\",\"@id\":\"https:\/\/www.ipim.gov.mo\/zh-hant\/noticias-do-ipim\/2026-03-12-sessoes-tematicas-de-bolsas-de-contactos-do-2026miecf-procuram-apoiar-as-empresas-na-expansao-internacional-e-na-captacao-de-oportunidades-verdes-de-negocio\/#breadcrumb\",\"itemListElement\":[{\"@type\":\"ListItem\",\"position\":1,\"name\":\"Home\",\"item\":\"https:\/\/www.ipim.gov.mo\/pt-pt\/\"},{\"@type\":\"ListItem\",\"position\":2,\"name\":\"[2026\/03\/12] Sess\u00f5es tem\u00e1ticas de bolsas de contactos do 2026MIECF procuram apoiar as empresas na expans\u00e3o internacional e na capta\u00e7\u00e3o de oportunidades verdes de neg\u00f3cio\"}]},{\"@type\":\"WebSite\",\"@id\":\"https:\/\/www.ipim.gov.mo\/zh-hans\/#website\",\"url\":\"https:\/\/www.ipim.gov.mo\/zh-hans\/\",\"name\":\"Commerce and Investment Promotion Institute\",\"description\":\"Commerce and Investment Promotion Institute\",\"publisher\":{\"@id\":\"https:\/\/www.ipim.gov.mo\/zh-hans\/#organization\"},\"potentialAction\":[{\"@type\":\"SearchAction\",\"target\":{\"@type\":\"EntryPoint\",\"urlTemplate\":\"https:\/\/www.ipim.gov.mo\/zh-hans\/?s={search_term_string}\"},\"query-input\":{\"@type\":\"PropertyValueSpecification\",\"valueRequired\":true,\"valueName\":\"search_term_string\"}}],\"inLanguage\":\"pt-PT\"},{\"@type\":\"Organization\",\"@id\":\"https:\/\/www.ipim.gov.mo\/zh-hans\/#organization\",\"name\":\"IPIM\",\"url\":\"https:\/\/www.ipim.gov.mo\/zh-hans\/\",\"logo\":{\"@type\":\"ImageObject\",\"inLanguage\":\"pt-PT\",\"@id\":\"https:\/\/www.ipim.gov.mo\/zh-hans\/#\/schema\/logo\/image\/\",\"url\":\"https:\/\/www.ipim.gov.mo\/wp-content\/uploads\/2022\/10\/default-post-thumbnail-ipim-logo.png\",\"contentUrl\":\"https:\/\/www.ipim.gov.mo\/wp-content\/uploads\/2022\/10\/default-post-thumbnail-ipim-logo.png\",\"width\":1024,\"height\":768,\"caption\":\"IPIM\"},\"image\":{\"@id\":\"https:\/\/www.ipim.gov.mo\/zh-hans\/#\/schema\/logo\/image\/\"}}]}<\/script>\r\n<!-- \/ Yoast SEO plugin. -->","yoast_head_json":{"title":"[2026\/03\/12] Sess\u00f5es tem\u00e1ticas de bolsas de contactos do 2026MIECF procuram apoiar as empresas na expans\u00e3o internacional e na capta\u00e7\u00e3o de oportunidades verdes de neg\u00f3cio | Commerce and Investment Promotion Institute","robots":{"index":"index","follow":"follow","max-snippet":"max-snippet:-1","max-image-preview":"max-image-preview:large","max-video-preview":"max-video-preview:-1"},"canonical":"https:\/\/www.ipim.gov.mo\/zh-hant\/noticias-do-ipim\/2026-03-12-sessoes-tematicas-de-bolsas-de-contactos-do-2026miecf-procuram-apoiar-as-empresas-na-expansao-internacional-e-na-captacao-de-oportunidades-verdes-de-negocio\/","og_locale":"pt_PT","og_type":"article","og_title":"[2026\/03\/12] Sess\u00f5es tem\u00e1ticas de bolsas de contactos do 2026MIECF procuram apoiar as empresas na expans\u00e3o internacional e na capta\u00e7\u00e3o de oportunidades verdes de neg\u00f3cio | Commerce and Investment Promotion Institute","og_description":"Em articula&ccedil;&atilde;o com o tema \u201cCidades de Baixo Carbono e com Zero Res&iacute;duos: Embarcando numa Colabora&ccedil;&atilde;o Global\u201d do F&oacute;rum e Exposi&ccedil;&atilde;o Internacional de Coopera&ccedil;&atilde;o Ambiental [&hellip;]","og_url":"https:\/\/www.ipim.gov.mo\/zh-hant\/noticias-do-ipim\/2026-03-12-sessoes-tematicas-de-bolsas-de-contactos-do-2026miecf-procuram-apoiar-as-empresas-na-expansao-internacional-e-na-captacao-de-oportunidades-verdes-de-negocio\/","og_site_name":"Commerce and Investment Promotion Institute","article_published_time":"2026-03-12T02:00:00+00:00","og_image":[{"width":300,"height":225,"url":"https:\/\/www.ipim.gov.mo\/wp-content\/uploads\/2024\/11\/ipim-post-default-300x225-1-1.jpg","type":"image\/jpeg"}],"twitter_card":"summary_large_image","twitter_misc":{"Est. reading time":"5 minutes"},"schema":{"@context":"https:\/\/schema.org","@graph":[{"@type":"WebPage","@id":"https:\/\/www.ipim.gov.mo\/zh-hant\/noticias-do-ipim\/2026-03-12-sessoes-tematicas-de-bolsas-de-contactos-do-2026miecf-procuram-apoiar-as-empresas-na-expansao-internacional-e-na-captacao-de-oportunidades-verdes-de-negocio\/","url":"https:\/\/www.ipim.gov.mo\/zh-hant\/noticias-do-ipim\/2026-03-12-sessoes-tematicas-de-bolsas-de-contactos-do-2026miecf-procuram-apoiar-as-empresas-na-expansao-internacional-e-na-captacao-de-oportunidades-verdes-de-negocio\/","name":"[2026\/03\/12] Sess\u00f5es tem\u00e1ticas de bolsas de contactos do 2026MIECF procuram apoiar as empresas na expans\u00e3o internacional e na capta\u00e7\u00e3o de oportunidades verdes de neg\u00f3cio | Commerce and Investment Promotion Institute","isPartOf":{"@id":"https:\/\/www.ipim.gov.mo\/zh-hans\/#website"},"primaryImageOfPage":{"@id":"https:\/\/www.ipim.gov.mo\/zh-hant\/noticias-do-ipim\/2026-03-12-sessoes-tematicas-de-bolsas-de-contactos-do-2026miecf-procuram-apoiar-as-empresas-na-expansao-internacional-e-na-captacao-de-oportunidades-verdes-de-negocio\/#primaryimage"},"image":{"@id":"https:\/\/www.ipim.gov.mo\/zh-hant\/noticias-do-ipim\/2026-03-12-sessoes-tematicas-de-bolsas-de-contactos-do-2026miecf-procuram-apoiar-as-empresas-na-expansao-internacional-e-na-captacao-de-oportunidades-verdes-de-negocio\/#primaryimage"},"thumbnailUrl":"https:\/\/www.ipim.gov.mo\/wp-content\/uploads\/2026\/03\/N26CKab1eL__t20260325105945.jpg","datePublished":"2026-03-12T02:00:00+00:00","breadcrumb":{"@id":"https:\/\/www.ipim.gov.mo\/zh-hant\/noticias-do-ipim\/2026-03-12-sessoes-tematicas-de-bolsas-de-contactos-do-2026miecf-procuram-apoiar-as-empresas-na-expansao-internacional-e-na-captacao-de-oportunidades-verdes-de-negocio\/#breadcrumb"},"inLanguage":"pt-PT","potentialAction":[{"@type":"ReadAction","target":["https:\/\/www.ipim.gov.mo\/zh-hant\/noticias-do-ipim\/2026-03-12-sessoes-tematicas-de-bolsas-de-contactos-do-2026miecf-procuram-apoiar-as-empresas-na-expansao-internacional-e-na-captacao-de-oportunidades-verdes-de-negocio\/"]}]},{"@type":"ImageObject","inLanguage":"pt-PT","@id":"https:\/\/www.ipim.gov.mo\/zh-hant\/noticias-do-ipim\/2026-03-12-sessoes-tematicas-de-bolsas-de-contactos-do-2026miecf-procuram-apoiar-as-empresas-na-expansao-internacional-e-na-captacao-de-oportunidades-verdes-de-negocio\/#primaryimage","url":"https:\/\/www.ipim.gov.mo\/wp-content\/uploads\/2026\/03\/N26CKab1eL__t20260325105945.jpg","contentUrl":"https:\/\/www.ipim.gov.mo\/wp-content\/uploads\/2026\/03\/N26CKab1eL__t20260325105945.jpg","width":320,"height":180},{"@type":"BreadcrumbList","@id":"https:\/\/www.ipim.gov.mo\/zh-hant\/noticias-do-ipim\/2026-03-12-sessoes-tematicas-de-bolsas-de-contactos-do-2026miecf-procuram-apoiar-as-empresas-na-expansao-internacional-e-na-captacao-de-oportunidades-verdes-de-negocio\/#breadcrumb","itemListElement":[{"@type":"ListItem","position":1,"name":"Home","item":"https:\/\/www.ipim.gov.mo\/pt-pt\/"},{"@type":"ListItem","position":2,"name":"[2026\/03\/12] Sess\u00f5es tem\u00e1ticas de bolsas de contactos do 2026MIECF procuram apoiar as empresas na expans\u00e3o internacional e na capta\u00e7\u00e3o de oportunidades verdes de neg\u00f3cio"}]},{"@type":"WebSite","@id":"https:\/\/www.ipim.gov.mo\/zh-hans\/#website","url":"https:\/\/www.ipim.gov.mo\/zh-hans\/","name":"Commerce and Investment Promotion Institute","description":"Commerce and Investment Promotion Institute","publisher":{"@id":"https:\/\/www.ipim.gov.mo\/zh-hans\/#organization"},"potentialAction":[{"@type":"SearchAction","target":{"@type":"EntryPoint","urlTemplate":"https:\/\/www.ipim.gov.mo\/zh-hans\/?s={search_term_string}"},"query-input":{"@type":"PropertyValueSpecification","valueRequired":true,"valueName":"search_term_string"}}],"inLanguage":"pt-PT"},{"@type":"Organization","@id":"https:\/\/www.ipim.gov.mo\/zh-hans\/#organization","name":"IPIM","url":"https:\/\/www.ipim.gov.mo\/zh-hans\/","logo":{"@type":"ImageObject","inLanguage":"pt-PT","@id":"https:\/\/www.ipim.gov.mo\/zh-hans\/#\/schema\/logo\/image\/","url":"https:\/\/www.ipim.gov.mo\/wp-content\/uploads\/2022\/10\/default-post-thumbnail-ipim-logo.png","contentUrl":"https:\/\/www.ipim.gov.mo\/wp-content\/uploads\/2022\/10\/default-post-thumbnail-ipim-logo.png","width":1024,"height":768,"caption":"IPIM"},"image":{"@id":"https:\/\/www.ipim.gov.mo\/zh-hans\/#\/schema\/logo\/image\/"}}]}},"author_meta":{"display_name":"","author_link":"https:\/\/www.ipim.gov.mo\/pt-pt\/author\/"},"featured_img":"https:\/\/www.ipim.gov.mo\/wp-content\/uploads\/2026\/03\/N26CKab1eL__t20260325105945-300x169.jpg","coauthors":[],"tax_additional":{"categories":{"linked":["<a href=\"https:\/\/www.ipim.gov.mo\/pt-pt\/category\/noticias-do-ipim\/\" class=\"advgb-post-tax-term\">Not\u00edcias do IPIM<\/a>"],"unlinked":["<span class=\"advgb-post-tax-term\">Not\u00edcias do IPIM<\/span>"]}},"comment_count":"0","relative_dates":{"created":"Posted 2 months ago","modified":"Updated 2 months ago"},"absolute_dates":{"created":"Posted on Mar\u00e7o 12, 2026","modified":"Updated on Mar\u00e7o 12, 2026"},"absolute_dates_time":{"created":"Posted on Mar\u00e7o 12, 2026 10:00 am","modified":"Updated on Mar\u00e7o 12, 2026 10:00 am"},"featured_img_caption":"","series_order":"","_links":{"self":[{"href":"https:\/\/www.ipim.gov.mo\/pt-pt\/wp-json\/wp\/v2\/posts\/504512","targetHints":{"allow":["GET"]}}],"collection":[{"href":"https:\/\/www.ipim.gov.mo\/pt-pt\/wp-json\/wp\/v2\/posts"}],"about":[{"href":"https:\/\/www.ipim.gov.mo\/pt-pt\/wp-json\/wp\/v2\/types\/post"}],"replies":[{"embeddable":true,"href":"https:\/\/www.ipim.gov.mo\/pt-pt\/wp-json\/wp\/v2\/comments?post=504512"}],"version-history":[{"count":0,"href":"https:\/\/www.ipim.gov.mo\/pt-pt\/wp-json\/wp\/v2\/posts\/504512\/revisions"}],"wp:featuredmedia":[{"embeddable":true,"href":"https:\/\/www.ipim.gov.mo\/pt-pt\/wp-json\/wp\/v2\/media\/504721"}],"wp:attachment":[{"href":"https:\/\/www.ipim.gov.mo\/pt-pt\/wp-json\/wp\/v2\/media?parent=504512"}],"wp:term":[{"taxonomy":"category","embeddable":true,"href":"https:\/\/www.ipim.gov.mo\/pt-pt\/wp-json\/wp\/v2\/categories?post=504512"},{"taxonomy":"post_tag","embeddable":true,"href":"https:\/\/www.ipim.gov.mo\/pt-pt\/wp-json\/wp\/v2\/tags?post=504512"}],"curies":[{"name":"wp","href":"https:\/\/api.w.org\/{rel}","templated":true}]}}