{"id":504456,"date":"2026-03-11T10:12:00","date_gmt":"2026-03-11T02:12:00","guid":{"rendered":"https:\/\/www.ipim.gov.mo\/noticias-do-ipim\/2026-03-11-a-primeira-fase-do-plano-para-o-desenvolvimento-economico-no-ambito-de-apoio-ao-estabelecimento-da-primeira-loja-em-macau-recebeu-mais-de-40-candidaturas-de-marcas-dedic\/"},"modified":"2026-03-11T16:26:18","modified_gmt":"2026-03-11T08:26:18","slug":"2026-03-11-a-primeira-fase-do-plano-para-o-desenvolvimento-economico-no-ambito-de-apoio-ao-estabelecimento-da-primeira-loja-em-macau-recebeu-mais-de-40-candidaturas-de-marcas-dedic","status":"publish","type":"post","link":"https:\/\/www.ipim.gov.mo\/pt-pt\/noticias-do-ipim\/2026-03-11-a-primeira-fase-do-plano-para-o-desenvolvimento-economico-no-ambito-de-apoio-ao-estabelecimento-da-primeira-loja-em-macau-recebeu-mais-de-40-candidaturas-de-marcas-dedic\/","title":{"rendered":"[2026\/03\/11] A primeira fase do \u201cPlano para o Desenvolvimento Econ\u00f3mico no \u00e2mbito de Apoio ao Estabelecimento da Primeira Loja em Macau\u201d recebeu mais de 40 candidaturas de marcas dedicadas aos elementos tecnol\u00f3gicos e novos modelos de neg\u00f3cio"},"content":{"rendered":"<div data-ytembed=\"\">\n<div style=\"width: 1920px;\" class=\"wp-video\"><!--[if lt IE 9]><script>document.createElement('video');<\/script><![endif]-->\n<video class=\"wp-video-shortcode\" id=\"video-504456-1\" width=\"1920\" height=\"1080\" poster=\"https:\/\/www.ipim.gov.mo\/wp-content\/uploads\/2026\/03\/TC-and-PT_image_2026_03_11-1-scaled.jpg\" preload=\"metadata\" controls=\"controls\"><source type=\"video\/mp4\" src=\"https:\/\/www.ipim.gov.mo\/wp-content\/uploads\/2026\/03\/pt.mp4?_=1\" \/><a href=\"https:\/\/www.ipim.gov.mo\/wp-content\/uploads\/2026\/03\/pt.mp4\">https:\/\/www.ipim.gov.mo\/wp-content\/uploads\/2026\/03\/pt.mp4<\/a><\/video><\/div>\n<p>Plano para o Desenvolvimento Econ\u00f3m. no \u00e2mbito de Apoio ao Estabelecimento da Primeira Loja em Macau<\/p>\n<\/div>\n<p style=\"text-align: justify;\">O prazo para candidaturas \u00e0 1.\u00aa fase do \u201cPlano para o Desenvolvimento Econ\u00f3mico no \u00e2mbito de Apoio ao Estabelecimento da Primeira Loja em Macau\u201d (adiante designado por \u201cPlano\u201d) j\u00e1 terminou. O Instituto de Promo\u00e7\u00e3o do Com\u00e9rcio e do Investimento (IPIM) recebeu mais de 600 pedidos de informa\u00e7\u00e3o sobre o Plano, assim como mais de 40 candidaturas.<\/p>\n<p style=\"text-align: justify;\"><strong>Cerca de 87% das candidaturas foram apresentadas por marcas estrangeiras em parceria com empresas de Macau, e quase 46% optaram preliminarmente por locais nas zonas designadas<\/strong><\/p>\n<p style=\"text-align: justify;\">O processo das candidaturas foi positivo, tendo o n\u00famero de candidaturas recebidas correspondido basicamente as expectativas. As marcas candidatas prov\u00eam de diversos pa\u00edses e regi\u00f5es, nomeadamente o Interior da China, Portugal, Tail\u00e2ndia, Regi\u00e3o Administrativa Especial de Hong Kong e regi\u00e3o de Taiwan, com particular destaque para as marcas dedicadas aos novos modelos de neg\u00f3cio e elementos tecnol\u00f3gicos, tais como jogo com elementos interactivos de detec\u00e7\u00e3o de movimentos e centro de experi\u00eancia de produtos. Aproximadamente 87% das candidaturas resultam da colabora\u00e7\u00e3o entre empresas de Macau e marcas estrangeiras, enquanto quase 46% das candidaturas visam estabelecer as suas primeiras lojas nas Zona de Aterros do Porto Exterior, Barca, Areia Preta e outras zonas designadas.<\/p>\n<p style=\"text-align: justify;\">De acordo com o estipulado no Plano, o IPIM procedeu \u00e0 an\u00e1lise das candidaturas, assim como \u00e0 avalia\u00e7\u00e3o das marcas candidatas atrav\u00e9s da Comiss\u00e3o de Investimentos, com vista \u00e0 aprecia\u00e7\u00e3o e aprova\u00e7\u00e3o das candidaturas caso a caso conforme os factores de pondera\u00e7\u00e3o, como a capacidade or\u00e7amental e o interesse p\u00fablico em geral, assim como as circunst\u00e2ncias que condicionam cada processo. O apoio financeiro s\u00f3 ser\u00e1 concedido, ap\u00f3s a verifica\u00e7\u00e3o e confirma\u00e7\u00e3o pelo IPIM sobre as candidaturas que preencham todos os requisitos para receber o apoio financeiro e tenham obtido o reconhecimento das marcas e apresentado devidamente os documentos comprovativos de opera\u00e7\u00e3o e despesas dentro do prazo estipulado, em conformidade com os princ\u00edpios de utiliza\u00e7\u00e3o adequada do er\u00e1rio p\u00fablico e de reembolso das despesas efectivas.<\/p>\n<p style=\"text-align: justify;\"><strong>A segunda fase do Plano aceitar\u00e1 candidaturas a partir de 1 de Maio<\/strong><\/p>\n<p style=\"text-align: justify;\">Lan\u00e7ado em 2025 pelo Governo da RAEM, o Plano que tem uma dura\u00e7\u00e3o de tr\u00eas anos, e se divide em seis fases de candidatura, visa apoiar o estabelecimento da primeira loja em Macau por marca internacionais, do Interior da China, da Regi\u00e3o Administrativa Especial de Hong Kong e da regi\u00e3o de Taiwan que cumpram condi\u00e7\u00f5es estabelecidas, de modo a aumentar a atractividade do ambiente empresarial de Macau, enriquecendo a oferta tur\u00edstica da nossa cidade, impulsionando a economia dos bairros comunit\u00e1rios e introduzindo mais servi\u00e7os e novos modelos de neg\u00f3cio, tendo em vista promover a diversifica\u00e7\u00e3o do mercado local.<\/p>\n<p style=\"text-align: justify;\">Para al\u00e9m de disponibilizar o apoio financeiro b\u00e1sico no \u00e2mbito do Plano, foi estabelecido o regime de apoio financeiro adicional para incentivar as marcas estrangeiras a darem prioridade ao estabelecimento da sua primeira loja nas 8 zonas designadas (nomeadamente Ilha Verde, Fai Chi Kei, Doca do Lamau, Tamagnini Barbosa, Areia Preta e Iao Hon, Barca, Barra\/Manduco e Zona de Aterros do Porto Exterior) e a contratarem um determinado n\u00famero de trabalhadores locais a tempo inteiro, contribuindo para o desenvolvimento das zonas comunit\u00e1rias de Macau e a cria\u00e7\u00e3o de mais oportunidades de emprego. O valor m\u00e1ximo do apoio financeiro a conceder por caso \u00e9 de um milh\u00e3o de patacas.<\/p>\n<p style=\"text-align: justify;\">A candidatura para a segunda fase do Plano estar\u00e1 aberta entre 1 de Maio e 31 de Julho de 2026. As empresas que satisfa\u00e7am os requisitos podem apresentar a candidatura. Para mais informa\u00e7\u00f5es, \u00e9 favor consultar a p\u00e1gina electr\u00f3nica do IPIM (https:\/\/www.ipim.gov.mo\/) ou digitalizar o c\u00f3digo QR do cartaz promocional, podendo tamb\u00e9m entrar em contacto com o IPIM durante o hor\u00e1rio de expediente, atrav\u00e9s do n.\u00ba de telefone (853) 2871 0300 ou por <em>email<\/em> (ece@ipim.gov.mo).<\/p>\n","protected":false},"excerpt":{"rendered":"<p>Plano para o Desenvolvimento Econ\u00f3m. no \u00e2mbito de Apoio ao Estabelecimento da Primeira Loja em Macau O prazo para candidaturas \u00e0 1.\u00aa fase do \u201cPlano [&hellip;]<\/p>\n","protected":false},"author":56440,"featured_media":504504,"comment_status":"closed","ping_status":"closed","sticky":false,"template":"","format":"standard","meta":{"_acf_changed":false,"inline_featured_image":false,"advgb_blocks_editor_width":"","advgb_blocks_columns_visual_guide":"","footnotes":""},"categories":[12],"tags":[],"class_list":["post-504456","post","type-post","status-publish","format-standard","has-post-thumbnail","hentry","category-noticias-do-ipim"],"acf":[],"yoast_head":"<!-- This site is optimized with the Yoast SEO plugin v26.2 - https:\/\/yoast.com\/wordpress\/plugins\/seo\/ -->\r\n<title>[2026\/03\/11] A primeira fase do \u201cPlano para o Desenvolvimento Econ\u00f3mico no \u00e2mbito de Apoio ao Estabelecimento da Primeira Loja em Macau\u201d recebeu mais de 40 candidaturas de marcas dedicadas aos elementos tecnol\u00f3gicos e novos modelos de neg\u00f3cio | Commerce and Investment Promotion Institute<\/title>\r\n<meta name=\"robots\" content=\"index, follow, max-snippet:-1, max-image-preview:large, max-video-preview:-1\" \/>\r\n<link rel=\"canonical\" href=\"https:\/\/www.ipim.gov.mo\/pt-pt\/noticias-do-ipim\/2026-03-11-a-primeira-fase-do-plano-para-o-desenvolvimento-economico-no-ambito-de-apoio-ao-estabelecimento-da-primeira-loja-em-macau-recebeu-mais-de-40-candidaturas-de-marcas-dedic\/\" \/>\r\n<meta property=\"og:locale\" content=\"pt_PT\" \/>\r\n<meta property=\"og:type\" content=\"article\" \/>\r\n<meta property=\"og:title\" content=\"[2026\/03\/11] A primeira fase do \u201cPlano para o Desenvolvimento Econ\u00f3mico no \u00e2mbito de Apoio ao Estabelecimento da Primeira Loja em Macau\u201d recebeu mais de 40 candidaturas de marcas dedicadas aos elementos tecnol\u00f3gicos e novos modelos de neg\u00f3cio | Commerce and Investment Promotion Institute\" \/>\r\n<meta property=\"og:description\" content=\"Plano para o Desenvolvimento Econ\u00f3m. no \u00e2mbito de Apoio ao Estabelecimento da Primeira Loja em Macau O prazo para candidaturas \u00e0 1.\u00aa fase do \u201cPlano [&hellip;]\" \/>\r\n<meta property=\"og:url\" content=\"https:\/\/www.ipim.gov.mo\/pt-pt\/noticias-do-ipim\/2026-03-11-a-primeira-fase-do-plano-para-o-desenvolvimento-economico-no-ambito-de-apoio-ao-estabelecimento-da-primeira-loja-em-macau-recebeu-mais-de-40-candidaturas-de-marcas-dedic\/\" \/>\r\n<meta property=\"og:site_name\" content=\"Commerce and Investment Promotion Institute\" \/>\r\n<meta property=\"article:published_time\" content=\"2026-03-11T02:12:00+00:00\" \/>\r\n<meta property=\"article:modified_time\" content=\"2026-03-11T08:26:18+00:00\" \/>\r\n<meta property=\"og:image\" content=\"https:\/\/www.ipim.gov.mo\/wp-content\/uploads\/2026\/03\/N26CKlH8Qb__t20260311130941.jpg\" \/>\r\n\t<meta property=\"og:image:width\" content=\"320\" \/>\r\n\t<meta property=\"og:image:height\" content=\"180\" \/>\r\n\t<meta property=\"og:image:type\" content=\"image\/jpeg\" \/>\r\n<meta name=\"author\" content=\"ZCC Resource Tech\" \/>\r\n<meta name=\"twitter:card\" content=\"summary_large_image\" \/>\r\n<meta name=\"twitter:label1\" content=\"Written by\" \/>\n\t<meta name=\"twitter:data1\" content=\"ZCC Resource Tech\" \/>\n\t<meta name=\"twitter:label2\" content=\"Est. reading time\" \/>\n\t<meta name=\"twitter:data2\" content=\"4 minutes\" \/>\r\n<script type=\"application\/ld+json\" class=\"yoast-schema-graph\">{\"@context\":\"https:\/\/schema.org\",\"@graph\":[{\"@type\":\"WebPage\",\"@id\":\"https:\/\/www.ipim.gov.mo\/pt-pt\/noticias-do-ipim\/2026-03-11-a-primeira-fase-do-plano-para-o-desenvolvimento-economico-no-ambito-de-apoio-ao-estabelecimento-da-primeira-loja-em-macau-recebeu-mais-de-40-candidaturas-de-marcas-dedic\/\",\"url\":\"https:\/\/www.ipim.gov.mo\/pt-pt\/noticias-do-ipim\/2026-03-11-a-primeira-fase-do-plano-para-o-desenvolvimento-economico-no-ambito-de-apoio-ao-estabelecimento-da-primeira-loja-em-macau-recebeu-mais-de-40-candidaturas-de-marcas-dedic\/\",\"name\":\"[2026\/03\/11] A primeira fase do \u201cPlano para o Desenvolvimento Econ\u00f3mico no \u00e2mbito de Apoio ao Estabelecimento da Primeira Loja em Macau\u201d recebeu mais de 40 candidaturas de marcas dedicadas aos elementos tecnol\u00f3gicos e novos modelos de neg\u00f3cio | Commerce and Investment Promotion Institute\",\"isPartOf\":{\"@id\":\"https:\/\/www.ipim.gov.mo\/zh-hans\/#website\"},\"primaryImageOfPage\":{\"@id\":\"https:\/\/www.ipim.gov.mo\/pt-pt\/noticias-do-ipim\/2026-03-11-a-primeira-fase-do-plano-para-o-desenvolvimento-economico-no-ambito-de-apoio-ao-estabelecimento-da-primeira-loja-em-macau-recebeu-mais-de-40-candidaturas-de-marcas-dedic\/#primaryimage\"},\"image\":{\"@id\":\"https:\/\/www.ipim.gov.mo\/pt-pt\/noticias-do-ipim\/2026-03-11-a-primeira-fase-do-plano-para-o-desenvolvimento-economico-no-ambito-de-apoio-ao-estabelecimento-da-primeira-loja-em-macau-recebeu-mais-de-40-candidaturas-de-marcas-dedic\/#primaryimage\"},\"thumbnailUrl\":\"https:\/\/www.ipim.gov.mo\/wp-content\/uploads\/2026\/03\/N26CKlH8Qb__t20260311161711.jpg\",\"datePublished\":\"2026-03-11T02:12:00+00:00\",\"dateModified\":\"2026-03-11T08:26:18+00:00\",\"breadcrumb\":{\"@id\":\"https:\/\/www.ipim.gov.mo\/pt-pt\/noticias-do-ipim\/2026-03-11-a-primeira-fase-do-plano-para-o-desenvolvimento-economico-no-ambito-de-apoio-ao-estabelecimento-da-primeira-loja-em-macau-recebeu-mais-de-40-candidaturas-de-marcas-dedic\/#breadcrumb\"},\"inLanguage\":\"pt-PT\",\"potentialAction\":[{\"@type\":\"ReadAction\",\"target\":[\"https:\/\/www.ipim.gov.mo\/pt-pt\/noticias-do-ipim\/2026-03-11-a-primeira-fase-do-plano-para-o-desenvolvimento-economico-no-ambito-de-apoio-ao-estabelecimento-da-primeira-loja-em-macau-recebeu-mais-de-40-candidaturas-de-marcas-dedic\/\"]}]},{\"@type\":\"ImageObject\",\"inLanguage\":\"pt-PT\",\"@id\":\"https:\/\/www.ipim.gov.mo\/pt-pt\/noticias-do-ipim\/2026-03-11-a-primeira-fase-do-plano-para-o-desenvolvimento-economico-no-ambito-de-apoio-ao-estabelecimento-da-primeira-loja-em-macau-recebeu-mais-de-40-candidaturas-de-marcas-dedic\/#primaryimage\",\"url\":\"https:\/\/www.ipim.gov.mo\/wp-content\/uploads\/2026\/03\/N26CKlH8Qb__t20260311161711.jpg\",\"contentUrl\":\"https:\/\/www.ipim.gov.mo\/wp-content\/uploads\/2026\/03\/N26CKlH8Qb__t20260311161711.jpg\",\"width\":320,\"height\":180},{\"@type\":\"BreadcrumbList\",\"@id\":\"https:\/\/www.ipim.gov.mo\/pt-pt\/noticias-do-ipim\/2026-03-11-a-primeira-fase-do-plano-para-o-desenvolvimento-economico-no-ambito-de-apoio-ao-estabelecimento-da-primeira-loja-em-macau-recebeu-mais-de-40-candidaturas-de-marcas-dedic\/#breadcrumb\",\"itemListElement\":[{\"@type\":\"ListItem\",\"position\":1,\"name\":\"Home\",\"item\":\"https:\/\/www.ipim.gov.mo\/pt-pt\/\"},{\"@type\":\"ListItem\",\"position\":2,\"name\":\"[2026\/03\/11] A primeira fase do \u201cPlano para o Desenvolvimento Econ\u00f3mico no \u00e2mbito de Apoio ao Estabelecimento da Primeira Loja em Macau\u201d recebeu mais de 40 candidaturas de marcas dedicadas aos elementos tecnol\u00f3gicos e novos modelos de neg\u00f3cio\"}]},{\"@type\":\"WebSite\",\"@id\":\"https:\/\/www.ipim.gov.mo\/zh-hans\/#website\",\"url\":\"https:\/\/www.ipim.gov.mo\/zh-hans\/\",\"name\":\"Commerce and Investment Promotion Institute\",\"description\":\"Commerce and Investment Promotion Institute\",\"publisher\":{\"@id\":\"https:\/\/www.ipim.gov.mo\/zh-hans\/#organization\"},\"potentialAction\":[{\"@type\":\"SearchAction\",\"target\":{\"@type\":\"EntryPoint\",\"urlTemplate\":\"https:\/\/www.ipim.gov.mo\/zh-hans\/?s={search_term_string}\"},\"query-input\":{\"@type\":\"PropertyValueSpecification\",\"valueRequired\":true,\"valueName\":\"search_term_string\"}}],\"inLanguage\":\"pt-PT\"},{\"@type\":\"Organization\",\"@id\":\"https:\/\/www.ipim.gov.mo\/zh-hans\/#organization\",\"name\":\"IPIM\",\"url\":\"https:\/\/www.ipim.gov.mo\/zh-hans\/\",\"logo\":{\"@type\":\"ImageObject\",\"inLanguage\":\"pt-PT\",\"@id\":\"https:\/\/www.ipim.gov.mo\/zh-hans\/#\/schema\/logo\/image\/\",\"url\":\"https:\/\/www.ipim.gov.mo\/wp-content\/uploads\/2022\/10\/default-post-thumbnail-ipim-logo.png\",\"contentUrl\":\"https:\/\/www.ipim.gov.mo\/wp-content\/uploads\/2022\/10\/default-post-thumbnail-ipim-logo.png\",\"width\":1024,\"height\":768,\"caption\":\"IPIM\"},\"image\":{\"@id\":\"https:\/\/www.ipim.gov.mo\/zh-hans\/#\/schema\/logo\/image\/\"}}]}<\/script>\r\n<!-- \/ Yoast SEO plugin. -->","yoast_head_json":{"title":"[2026\/03\/11] A primeira fase do \u201cPlano para o Desenvolvimento Econ\u00f3mico no \u00e2mbito de Apoio ao Estabelecimento da Primeira Loja em Macau\u201d recebeu mais de 40 candidaturas de marcas dedicadas aos elementos tecnol\u00f3gicos e novos modelos de neg\u00f3cio | Commerce and Investment Promotion Institute","robots":{"index":"index","follow":"follow","max-snippet":"max-snippet:-1","max-image-preview":"max-image-preview:large","max-video-preview":"max-video-preview:-1"},"canonical":"https:\/\/www.ipim.gov.mo\/pt-pt\/noticias-do-ipim\/2026-03-11-a-primeira-fase-do-plano-para-o-desenvolvimento-economico-no-ambito-de-apoio-ao-estabelecimento-da-primeira-loja-em-macau-recebeu-mais-de-40-candidaturas-de-marcas-dedic\/","og_locale":"pt_PT","og_type":"article","og_title":"[2026\/03\/11] A primeira fase do \u201cPlano para o Desenvolvimento Econ\u00f3mico no \u00e2mbito de Apoio ao Estabelecimento da Primeira Loja em Macau\u201d recebeu mais de 40 candidaturas de marcas dedicadas aos elementos tecnol\u00f3gicos e novos modelos de neg\u00f3cio | Commerce and Investment Promotion Institute","og_description":"Plano para o Desenvolvimento Econ\u00f3m. no \u00e2mbito de Apoio ao Estabelecimento da Primeira Loja em Macau O prazo para candidaturas \u00e0 1.\u00aa fase do \u201cPlano [&hellip;]","og_url":"https:\/\/www.ipim.gov.mo\/pt-pt\/noticias-do-ipim\/2026-03-11-a-primeira-fase-do-plano-para-o-desenvolvimento-economico-no-ambito-de-apoio-ao-estabelecimento-da-primeira-loja-em-macau-recebeu-mais-de-40-candidaturas-de-marcas-dedic\/","og_site_name":"Commerce and Investment Promotion Institute","article_published_time":"2026-03-11T02:12:00+00:00","article_modified_time":"2026-03-11T08:26:18+00:00","og_image":[{"width":320,"height":180,"url":"https:\/\/www.ipim.gov.mo\/wp-content\/uploads\/2026\/03\/N26CKlH8Qb__t20260311130941.jpg","type":"image\/jpeg"}],"author":"ZCC Resource Tech","twitter_card":"summary_large_image","twitter_misc":{"Written by":"ZCC Resource Tech","Est. reading time":"4 minutes"},"schema":{"@context":"https:\/\/schema.org","@graph":[{"@type":"WebPage","@id":"https:\/\/www.ipim.gov.mo\/pt-pt\/noticias-do-ipim\/2026-03-11-a-primeira-fase-do-plano-para-o-desenvolvimento-economico-no-ambito-de-apoio-ao-estabelecimento-da-primeira-loja-em-macau-recebeu-mais-de-40-candidaturas-de-marcas-dedic\/","url":"https:\/\/www.ipim.gov.mo\/pt-pt\/noticias-do-ipim\/2026-03-11-a-primeira-fase-do-plano-para-o-desenvolvimento-economico-no-ambito-de-apoio-ao-estabelecimento-da-primeira-loja-em-macau-recebeu-mais-de-40-candidaturas-de-marcas-dedic\/","name":"[2026\/03\/11] A primeira fase do \u201cPlano para o Desenvolvimento Econ\u00f3mico no \u00e2mbito de Apoio ao Estabelecimento da Primeira Loja em Macau\u201d recebeu mais de 40 candidaturas de marcas dedicadas aos elementos tecnol\u00f3gicos e novos modelos de neg\u00f3cio | Commerce and Investment Promotion Institute","isPartOf":{"@id":"https:\/\/www.ipim.gov.mo\/zh-hans\/#website"},"primaryImageOfPage":{"@id":"https:\/\/www.ipim.gov.mo\/pt-pt\/noticias-do-ipim\/2026-03-11-a-primeira-fase-do-plano-para-o-desenvolvimento-economico-no-ambito-de-apoio-ao-estabelecimento-da-primeira-loja-em-macau-recebeu-mais-de-40-candidaturas-de-marcas-dedic\/#primaryimage"},"image":{"@id":"https:\/\/www.ipim.gov.mo\/pt-pt\/noticias-do-ipim\/2026-03-11-a-primeira-fase-do-plano-para-o-desenvolvimento-economico-no-ambito-de-apoio-ao-estabelecimento-da-primeira-loja-em-macau-recebeu-mais-de-40-candidaturas-de-marcas-dedic\/#primaryimage"},"thumbnailUrl":"https:\/\/www.ipim.gov.mo\/wp-content\/uploads\/2026\/03\/N26CKlH8Qb__t20260311161711.jpg","datePublished":"2026-03-11T02:12:00+00:00","dateModified":"2026-03-11T08:26:18+00:00","breadcrumb":{"@id":"https:\/\/www.ipim.gov.mo\/pt-pt\/noticias-do-ipim\/2026-03-11-a-primeira-fase-do-plano-para-o-desenvolvimento-economico-no-ambito-de-apoio-ao-estabelecimento-da-primeira-loja-em-macau-recebeu-mais-de-40-candidaturas-de-marcas-dedic\/#breadcrumb"},"inLanguage":"pt-PT","potentialAction":[{"@type":"ReadAction","target":["https:\/\/www.ipim.gov.mo\/pt-pt\/noticias-do-ipim\/2026-03-11-a-primeira-fase-do-plano-para-o-desenvolvimento-economico-no-ambito-de-apoio-ao-estabelecimento-da-primeira-loja-em-macau-recebeu-mais-de-40-candidaturas-de-marcas-dedic\/"]}]},{"@type":"ImageObject","inLanguage":"pt-PT","@id":"https:\/\/www.ipim.gov.mo\/pt-pt\/noticias-do-ipim\/2026-03-11-a-primeira-fase-do-plano-para-o-desenvolvimento-economico-no-ambito-de-apoio-ao-estabelecimento-da-primeira-loja-em-macau-recebeu-mais-de-40-candidaturas-de-marcas-dedic\/#primaryimage","url":"https:\/\/www.ipim.gov.mo\/wp-content\/uploads\/2026\/03\/N26CKlH8Qb__t20260311161711.jpg","contentUrl":"https:\/\/www.ipim.gov.mo\/wp-content\/uploads\/2026\/03\/N26CKlH8Qb__t20260311161711.jpg","width":320,"height":180},{"@type":"BreadcrumbList","@id":"https:\/\/www.ipim.gov.mo\/pt-pt\/noticias-do-ipim\/2026-03-11-a-primeira-fase-do-plano-para-o-desenvolvimento-economico-no-ambito-de-apoio-ao-estabelecimento-da-primeira-loja-em-macau-recebeu-mais-de-40-candidaturas-de-marcas-dedic\/#breadcrumb","itemListElement":[{"@type":"ListItem","position":1,"name":"Home","item":"https:\/\/www.ipim.gov.mo\/pt-pt\/"},{"@type":"ListItem","position":2,"name":"[2026\/03\/11] A primeira fase do \u201cPlano para o Desenvolvimento Econ\u00f3mico no \u00e2mbito de Apoio ao Estabelecimento da Primeira Loja em Macau\u201d recebeu mais de 40 candidaturas de marcas dedicadas aos elementos tecnol\u00f3gicos e novos modelos de neg\u00f3cio"}]},{"@type":"WebSite","@id":"https:\/\/www.ipim.gov.mo\/zh-hans\/#website","url":"https:\/\/www.ipim.gov.mo\/zh-hans\/","name":"Commerce and Investment Promotion Institute","description":"Commerce and Investment Promotion Institute","publisher":{"@id":"https:\/\/www.ipim.gov.mo\/zh-hans\/#organization"},"potentialAction":[{"@type":"SearchAction","target":{"@type":"EntryPoint","urlTemplate":"https:\/\/www.ipim.gov.mo\/zh-hans\/?s={search_term_string}"},"query-input":{"@type":"PropertyValueSpecification","valueRequired":true,"valueName":"search_term_string"}}],"inLanguage":"pt-PT"},{"@type":"Organization","@id":"https:\/\/www.ipim.gov.mo\/zh-hans\/#organization","name":"IPIM","url":"https:\/\/www.ipim.gov.mo\/zh-hans\/","logo":{"@type":"ImageObject","inLanguage":"pt-PT","@id":"https:\/\/www.ipim.gov.mo\/zh-hans\/#\/schema\/logo\/image\/","url":"https:\/\/www.ipim.gov.mo\/wp-content\/uploads\/2022\/10\/default-post-thumbnail-ipim-logo.png","contentUrl":"https:\/\/www.ipim.gov.mo\/wp-content\/uploads\/2022\/10\/default-post-thumbnail-ipim-logo.png","width":1024,"height":768,"caption":"IPIM"},"image":{"@id":"https:\/\/www.ipim.gov.mo\/zh-hans\/#\/schema\/logo\/image\/"}}]}},"author_meta":{"display_name":"ZCC Resource Tech","author_link":"https:\/\/www.ipim.gov.mo\/pt-pt\/author\/macauo2o-com\/"},"featured_img":"https:\/\/www.ipim.gov.mo\/wp-content\/uploads\/2026\/03\/N26CKlH8Qb__t20260311161711-300x169.jpg","coauthors":[],"tax_additional":{"categories":{"linked":["<a href=\"https:\/\/www.ipim.gov.mo\/pt-pt\/category\/noticias-do-ipim\/\" class=\"advgb-post-tax-term\">Not\u00edcias do IPIM<\/a>"],"unlinked":["<span class=\"advgb-post-tax-term\">Not\u00edcias do IPIM<\/span>"]}},"comment_count":"0","relative_dates":{"created":"Posted 2 months ago","modified":"Updated 2 months ago"},"absolute_dates":{"created":"Posted on Mar\u00e7o 11, 2026","modified":"Updated on Mar\u00e7o 11, 2026"},"absolute_dates_time":{"created":"Posted on Mar\u00e7o 11, 2026 10:12 am","modified":"Updated on Mar\u00e7o 11, 2026 4:26 pm"},"featured_img_caption":"","series_order":"","_links":{"self":[{"href":"https:\/\/www.ipim.gov.mo\/pt-pt\/wp-json\/wp\/v2\/posts\/504456","targetHints":{"allow":["GET"]}}],"collection":[{"href":"https:\/\/www.ipim.gov.mo\/pt-pt\/wp-json\/wp\/v2\/posts"}],"about":[{"href":"https:\/\/www.ipim.gov.mo\/pt-pt\/wp-json\/wp\/v2\/types\/post"}],"author":[{"embeddable":true,"href":"https:\/\/www.ipim.gov.mo\/pt-pt\/wp-json\/wp\/v2\/users\/56440"}],"replies":[{"embeddable":true,"href":"https:\/\/www.ipim.gov.mo\/pt-pt\/wp-json\/wp\/v2\/comments?post=504456"}],"version-history":[{"count":1,"href":"https:\/\/www.ipim.gov.mo\/pt-pt\/wp-json\/wp\/v2\/posts\/504456\/revisions"}],"predecessor-version":[{"id":504503,"href":"https:\/\/www.ipim.gov.mo\/pt-pt\/wp-json\/wp\/v2\/posts\/504456\/revisions\/504503"}],"wp:featuredmedia":[{"embeddable":true,"href":"https:\/\/www.ipim.gov.mo\/pt-pt\/wp-json\/wp\/v2\/media\/504504"}],"wp:attachment":[{"href":"https:\/\/www.ipim.gov.mo\/pt-pt\/wp-json\/wp\/v2\/media?parent=504456"}],"wp:term":[{"taxonomy":"category","embeddable":true,"href":"https:\/\/www.ipim.gov.mo\/pt-pt\/wp-json\/wp\/v2\/categories?post=504456"},{"taxonomy":"post_tag","embeddable":true,"href":"https:\/\/www.ipim.gov.mo\/pt-pt\/wp-json\/wp\/v2\/tags?post=504456"}],"curies":[{"name":"wp","href":"https:\/\/api.w.org\/{rel}","templated":true}]}}