{"id":503138,"date":"2025-12-03T09:35:00","date_gmt":"2025-12-03T01:35:00","guid":{"rendered":"https:\/\/www.ipim.gov.mo\/?p=503138"},"modified":"2025-12-04T15:53:04","modified_gmt":"2025-12-04T07:53:04","slug":"2025-12-03-em-torno-da-integracao-profunda-das-industrias-convencoes-e-exposicoes-a-aie-um-grande-evento-internacional-dedicado-ao-dominio-de-inteligencia-artificial-sera-inau","status":"publish","type":"post","link":"https:\/\/www.ipim.gov.mo\/pt-pt\/noticias-do-ipim\/2025-12-03-em-torno-da-integracao-profunda-das-industrias-convencoes-e-exposicoes-a-aie-um-grande-evento-internacional-dedicado-ao-dominio-de-inteligencia-artificial-sera-inau\/","title":{"rendered":"[2025\/12\/03] Em torno da integra\u00e7\u00e3o profunda das \u201cind\u00fastrias + conven\u00e7\u00f5es e exposi\u00e7\u00f5es\u201d, a AIE, um grande evento internacional dedicado ao dom\u00ednio de intelig\u00eancia artificial, ser\u00e1 inaugurado amanh\u00e3 em Macau e Zhuhai"},"content":{"rendered":"<p style=\"text-align:justify\">Com vista a impulsionar o desenvolvimento da diversifica&ccedil;&atilde;o adequada da economia de Macau, o Instituto de Promo&ccedil;&atilde;o do Com&eacute;rcio e do Investimento (IPIM) tem vindo a empenhar-se proactivamente em promover a integra&ccedil;&atilde;o profunda entre \u201cas ind&uacute;strias + as conven&ccedil;&otilde;es e exposi&ccedil;&otilde;es\u201d, no sentido de captar mais eventos MICE de marca para serem realizados em Macau. Sendo um certame emblem&aacute;tico de \u201cTecnologia + Conven&ccedil;&otilde;es e Exposi&ccedil;&otilde;es\u201d, a Exposi&ccedil;&atilde;o Global de M&aacute;quinas e Produtos Electr&oacute;nicos de Intelig&ecirc;ncia Artificial (AIE, na sigla inglesa) ter&aacute; lugar entre 4 e 6 de Dezembro de 2025, sob o modelo de realiza&ccedil;&atilde;o \u201cUma Exposi&ccedil;&atilde;o, Duas Cidades\u201d, ou seja, a AIE deste ano ser&aacute; realizada simultaneamente em Macau e Zhuhai, onde reunir&atilde;o mais de 1.000 empresas expositoras de tecnologia de todo o mundo para demostrar a capacidade do \u201cFabrico Inteligente na Grande Ba&iacute;a\u201d em se articular com o mercado internacional.<\/p>\n<p style=\"text-align:justify\"><strong>Sob o modelo \u201cUma Exposi<\/strong><strong>&ccedil;&atilde;o<\/strong><strong>, Duas Cidades\u201d, a AIE reunir&aacute; mais de 1.000 empresas de tecnologia de todo o mundo<\/strong><\/p>\n<p style=\"text-align:justify\">Sob a orienta&ccedil;&atilde;o da Direc&ccedil;&atilde;o dos Servi&ccedil;os do Com&eacute;rcio da Prov&iacute;ncia de Guangdong e da Direc&ccedil;&atilde;o dos Servi&ccedil;os da Ind&uacute;stria e da Tecnologia Inform&aacute;tica da Prov&iacute;ncia de Guangdong, a Exposi&ccedil;&atilde;o &eacute; organizada pela C&acirc;mara de Com&eacute;rcio Electr&oacute;nica da China, com o apoio da Comiss&atilde;o Executiva da Zona de Coopera&ccedil;&atilde;o Aprofundada entre Guangdong e Macau em Hengqin, do IPIM, do Governo Popular do Munic&iacute;pio de Zhuhai e da Delega&ccedil;&atilde;o Provincial de Guangdong do Conselho para a Promo&ccedil;&atilde;o do Com&eacute;rcio Internacional da China (CCPIT, na sigla inglesa). A 1.&ordf; edi&ccedil;&atilde;o da AIE, subordinada ao tema \u201cFabrico Inteligente na Grande Ba&iacute;a e Compartilha Global\u201d, contar&aacute; com uma &aacute;rea total de exposi&ccedil;&atilde;o de 70 mil metros quadrados, reunindo mais de 1.000 empresas expositoras de todo o mundo, assim como milhares de compradores provenientes de mais de 30 pa&iacute;ses e regi&otilde;es, designadamente a Amazon, a Intel, entre outras empresas l&iacute;deres a n&iacute;vel mundial.<\/p>\n<p style=\"text-align:justify\">Durante o per&iacute;odo da AIE, ser&atilde;o realizados, em simult&acirc;neo, v&aacute;rios f&oacute;runs de alto n&iacute;vel e actividades de lan&ccedil;amento de novos produtos, nomeadamente o 16.&ordm; F&oacute;rum Asi&aacute;tico de Electr&oacute;nica e Cimeira Global de Tecnologia Inteligente e a Cimeira da Alian&ccedil;a Global para a Economia Digital (D50), entre outros, onde reunir&atilde;o os melhores especialistas e l&iacute;deres empresariais nacionais e estrangeiros, incluindo Dr. Daniel Shechtman, o Vencedor do Pr&eacute;mio Nobel da Qu&iacute;mica, e Dr. Zhong Lin Wang, o Vencedor do Pr&eacute;mio Mundial de Ci&ecirc;ncias Albert Einstein, entre outros, para abordar, em conjunto, as futuras tend&ecirc;ncias e oportunidades industriais na tecnologia inteligente. Al&eacute;m disso, as empresas de tecnologia como a Gree, a Guangzhou Automobile (GAC) e a Vivo ir&atilde;o divulgar, no local do evento, os novos produtos e tecnologias com estreia a n&iacute;vel mundial ou nacional, mostrando assim o efeito de aglomera&ccedil;&atilde;o da \u201ceconomia de estreia\u201d.<\/p>\n<p style=\"text-align:justify\"><strong>O Pavilh&atilde;o de Macau na AIE: Com destaque para a electr&oacute;nica inteligente e novo dinamismo da inova&ccedil;&atilde;o cient&iacute;fica e tecnol&oacute;gica local<\/strong><\/p>\n<p style=\"text-align:justify\">Na zona de exposi&ccedil;&atilde;o de Macau, com uma &aacute;rea de 40 mil metros quadrados, reunir-se-&atilde;o as empresas expositoras de topo e as equipas com for&ccedil;as inovadoras do Interior da China e do exterior. Entre os expositores, destacam-se as marcas de prest&iacute;gio, como Honor, Vivo, OPPO, Lenovo, assim como empresas internacionais da Alemanha, do Brasil, da Coreia do Sul, da Rom&eacute;nia, entre outras.<\/p>\n<p style=\"text-align:justify\">No local da AIE, ser&atilde;o instalados tr&ecirc;s pavilh&otilde;es tem&aacute;ticos, nomeadamente o Pavilh&atilde;o de Comunica&ccedil;&otilde;es Inteligentes e Inova&ccedil;&otilde;es IoT, o Pavilh&atilde;o de &Aacute;udio-Visuais Inteligentes e Metaverso e o Pavilh&atilde;o de Novos Conceitos de Investimento e Internacional, com foco especial nas tecnologias de ponta como 5G\/6G, RA\/RV e Informa&ccedil;&atilde;o qu&acirc;ntica. O Fundo para o Desenvolvimento das Ci&ecirc;ncias e da Tecnologia de Macau (FDCT) montar&aacute;, no mesmo evento, o Pavilh&atilde;o de Inova&ccedil;&atilde;o e Tecnologia de Macau, para demonstrar as capacidades de investiga&ccedil;&atilde;o cient&iacute;fica e os resultados de industrializa&ccedil;&atilde;o de 51 empresas de tecnologia inovadora de Macau e 4 institui&ccedil;&otilde;es de ensino superior nas &aacute;reas de intelig&ecirc;ncia artificial, medicina inteligente e Internet das Coisas, entre outras.<\/p>\n<p style=\"text-align:justify\">Com vista a continuar a potenciar o papel irradiador e impulsionador de eventos de conven&ccedil;&otilde;es e exposi&ccedil;&otilde;es, o IPIM ir&aacute; aproveitar a realiza&ccedil;&atilde;o da AIE para coordenar as empresas de Macau a visitarem as zonas de exposi&ccedil;&atilde;o de Macau e de Zhuhai, ajudando-as a articularem-se com os recursos do evento e, ao mesmo tempo, tomar&aacute; a iniciativa de visitar as principais empresas expositoras, para promover as vantagens comerciais de Macau e Hengqin, por forma a captar as empresas tecnol&oacute;gicas com potencial de desenvolvimento para estabelecerem neg&oacute;cios em Macau.<\/p>\n<p style=\"text-align:justify\"><strong>Elevar a qualidade da ind&uacute;stria de conven&ccedil;&otilde;es e exposi&ccedil;&otilde;es de Macau, dando impulso ao desenvolvimento diversificado da economia local<\/strong><\/p>\n<p style=\"text-align:justify\">Para al&eacute;m dos projectos no &acirc;mbito de \u201ctecnologia + conven&ccedil;&otilde;es e exposi&ccedil;&otilde;es\u201d, &eacute; de assinalar que, na vertente de \u201cturismo + conven&ccedil;&otilde;es e exposi&ccedil;&otilde;es\u201d, uma confedera&ccedil;&atilde;o europeia relacionada com o turismo foi conclu&iacute;da com sucesso em Macau em Junho deste ano; quanto ao \u201cdesporto + conven&ccedil;&otilde;es e exposi&ccedil;&otilde;es\u201d, teve lugar, pela primeira vez em Macau, uma assembleia geral de alto n&iacute;vel da Federa&ccedil;&atilde;o Internacional do Autom&oacute;vel (FIA), onde foi celebrado um acordo de coopera&ccedil;&atilde;o estrat&eacute;gica com a dura&ccedil;&atilde;o de tr&ecirc;s anos. Nos primeiros tr&ecirc;s trimestres de 2025, Macau acolheu 1.331 eventos de conven&ccedil;&otilde;es e exposi&ccedil;&otilde;es, dos quais cerca de metade foram subordinados aos temas alinhados com as ind&uacute;strias priorit&aacute;rias \u201c1+4\u201d. Isto demonstra que a ind&uacute;stria de conven&ccedil;&otilde;es e exposi&ccedil;&otilde;es est&aacute; a articular-se estreitamente com a estrat&eacute;gia de diversifica&ccedil;&atilde;o adequada da economia local, no sentido de caminhar progressivamente para uma maior especializa&ccedil;&atilde;o no seu desenvolvimento.<\/p>\n","protected":false},"excerpt":{"rendered":"<p>Com vista a impulsionar o desenvolvimento da diversifica&ccedil;&atilde;o adequada da economia de Macau, o Instituto de Promo&ccedil;&atilde;o do Com&eacute;rcio e do Investimento (IPIM) tem vindo [&hellip;]<\/p>\n","protected":false},"author":0,"featured_media":503180,"comment_status":"closed","ping_status":"closed","sticky":false,"template":"","format":"standard","meta":{"_acf_changed":false,"inline_featured_image":false,"advgb_blocks_editor_width":"","advgb_blocks_columns_visual_guide":"","footnotes":""},"categories":[12],"tags":[],"class_list":["post-503138","post","type-post","status-publish","format-standard","has-post-thumbnail","hentry","category-noticias-do-ipim"],"acf":[],"yoast_head":"<!-- This site is optimized with the Yoast SEO plugin v26.2 - https:\/\/yoast.com\/wordpress\/plugins\/seo\/ -->\r\n<title>[2025\/12\/03] Em torno da integra\u00e7\u00e3o profunda das \u201cind\u00fastrias + conven\u00e7\u00f5es e exposi\u00e7\u00f5es\u201d, a AIE, um grande evento internacional dedicado ao dom\u00ednio de intelig\u00eancia artificial, ser\u00e1 inaugurado amanh\u00e3 em Macau e Zhuhai | Commerce and Investment Promotion Institute<\/title>\r\n<meta name=\"robots\" content=\"index, follow, max-snippet:-1, max-image-preview:large, max-video-preview:-1\" \/>\r\n<link rel=\"canonical\" href=\"https:\/\/www.ipim.gov.mo\/pt-pt\/noticias-do-ipim\/2025-12-03-em-torno-da-integracao-profunda-das-industrias-convencoes-e-exposicoes-a-aie-um-grande-evento-internacional-dedicado-ao-dominio-de-inteligencia-artificial-sera-inau\/\" \/>\r\n<meta property=\"og:locale\" content=\"pt_PT\" \/>\r\n<meta property=\"og:type\" content=\"article\" \/>\r\n<meta property=\"og:title\" content=\"[2025\/12\/03] Em torno da integra\u00e7\u00e3o profunda das \u201cind\u00fastrias + conven\u00e7\u00f5es e exposi\u00e7\u00f5es\u201d, a AIE, um grande evento internacional dedicado ao dom\u00ednio de intelig\u00eancia artificial, ser\u00e1 inaugurado amanh\u00e3 em Macau e Zhuhai | Commerce and Investment Promotion Institute\" \/>\r\n<meta property=\"og:description\" content=\"Com vista a impulsionar o desenvolvimento da diversifica&ccedil;&atilde;o adequada da economia de Macau, o Instituto de Promo&ccedil;&atilde;o do Com&eacute;rcio e do Investimento (IPIM) tem vindo [&hellip;]\" \/>\r\n<meta property=\"og:url\" content=\"https:\/\/www.ipim.gov.mo\/pt-pt\/noticias-do-ipim\/2025-12-03-em-torno-da-integracao-profunda-das-industrias-convencoes-e-exposicoes-a-aie-um-grande-evento-internacional-dedicado-ao-dominio-de-inteligencia-artificial-sera-inau\/\" \/>\r\n<meta property=\"og:site_name\" content=\"Commerce and Investment Promotion Institute\" \/>\r\n<meta property=\"article:published_time\" content=\"2025-12-03T01:35:00+00:00\" \/>\r\n<meta property=\"article:modified_time\" content=\"2025-12-04T07:53:04+00:00\" \/>\r\n<meta property=\"og:image\" content=\"https:\/\/www.ipim.gov.mo\/wp-content\/uploads\/2025\/12\/N25LCRO0pG__t20251204150337.jpg\" \/>\r\n\t<meta property=\"og:image:width\" content=\"320\" \/>\r\n\t<meta property=\"og:image:height\" content=\"180\" \/>\r\n\t<meta property=\"og:image:type\" content=\"image\/jpeg\" \/>\r\n<meta name=\"twitter:card\" content=\"summary_large_image\" \/>\r\n<meta name=\"twitter:label1\" content=\"Est. reading time\" \/>\n\t<meta name=\"twitter:data1\" content=\"6 minutes\" \/>\r\n<script type=\"application\/ld+json\" class=\"yoast-schema-graph\">{\"@context\":\"https:\/\/schema.org\",\"@graph\":[{\"@type\":\"WebPage\",\"@id\":\"https:\/\/www.ipim.gov.mo\/pt-pt\/noticias-do-ipim\/2025-12-03-em-torno-da-integracao-profunda-das-industrias-convencoes-e-exposicoes-a-aie-um-grande-evento-internacional-dedicado-ao-dominio-de-inteligencia-artificial-sera-inau\/\",\"url\":\"https:\/\/www.ipim.gov.mo\/pt-pt\/noticias-do-ipim\/2025-12-03-em-torno-da-integracao-profunda-das-industrias-convencoes-e-exposicoes-a-aie-um-grande-evento-internacional-dedicado-ao-dominio-de-inteligencia-artificial-sera-inau\/\",\"name\":\"[2025\/12\/03] Em torno da integra\u00e7\u00e3o profunda das \u201cind\u00fastrias + conven\u00e7\u00f5es e exposi\u00e7\u00f5es\u201d, a AIE, um grande evento internacional dedicado ao dom\u00ednio de intelig\u00eancia artificial, ser\u00e1 inaugurado amanh\u00e3 em Macau e Zhuhai | Commerce and Investment Promotion Institute\",\"isPartOf\":{\"@id\":\"https:\/\/www.ipim.gov.mo\/zh-hans\/#website\"},\"primaryImageOfPage\":{\"@id\":\"https:\/\/www.ipim.gov.mo\/pt-pt\/noticias-do-ipim\/2025-12-03-em-torno-da-integracao-profunda-das-industrias-convencoes-e-exposicoes-a-aie-um-grande-evento-internacional-dedicado-ao-dominio-de-inteligencia-artificial-sera-inau\/#primaryimage\"},\"image\":{\"@id\":\"https:\/\/www.ipim.gov.mo\/pt-pt\/noticias-do-ipim\/2025-12-03-em-torno-da-integracao-profunda-das-industrias-convencoes-e-exposicoes-a-aie-um-grande-evento-internacional-dedicado-ao-dominio-de-inteligencia-artificial-sera-inau\/#primaryimage\"},\"thumbnailUrl\":\"https:\/\/www.ipim.gov.mo\/wp-content\/uploads\/2025\/12\/N25LCRO0pG__t20251204150337.jpg\",\"datePublished\":\"2025-12-03T01:35:00+00:00\",\"dateModified\":\"2025-12-04T07:53:04+00:00\",\"breadcrumb\":{\"@id\":\"https:\/\/www.ipim.gov.mo\/pt-pt\/noticias-do-ipim\/2025-12-03-em-torno-da-integracao-profunda-das-industrias-convencoes-e-exposicoes-a-aie-um-grande-evento-internacional-dedicado-ao-dominio-de-inteligencia-artificial-sera-inau\/#breadcrumb\"},\"inLanguage\":\"pt-PT\",\"potentialAction\":[{\"@type\":\"ReadAction\",\"target\":[\"https:\/\/www.ipim.gov.mo\/pt-pt\/noticias-do-ipim\/2025-12-03-em-torno-da-integracao-profunda-das-industrias-convencoes-e-exposicoes-a-aie-um-grande-evento-internacional-dedicado-ao-dominio-de-inteligencia-artificial-sera-inau\/\"]}]},{\"@type\":\"ImageObject\",\"inLanguage\":\"pt-PT\",\"@id\":\"https:\/\/www.ipim.gov.mo\/pt-pt\/noticias-do-ipim\/2025-12-03-em-torno-da-integracao-profunda-das-industrias-convencoes-e-exposicoes-a-aie-um-grande-evento-internacional-dedicado-ao-dominio-de-inteligencia-artificial-sera-inau\/#primaryimage\",\"url\":\"https:\/\/www.ipim.gov.mo\/wp-content\/uploads\/2025\/12\/N25LCRO0pG__t20251204150337.jpg\",\"contentUrl\":\"https:\/\/www.ipim.gov.mo\/wp-content\/uploads\/2025\/12\/N25LCRO0pG__t20251204150337.jpg\",\"width\":320,\"height\":180},{\"@type\":\"BreadcrumbList\",\"@id\":\"https:\/\/www.ipim.gov.mo\/pt-pt\/noticias-do-ipim\/2025-12-03-em-torno-da-integracao-profunda-das-industrias-convencoes-e-exposicoes-a-aie-um-grande-evento-internacional-dedicado-ao-dominio-de-inteligencia-artificial-sera-inau\/#breadcrumb\",\"itemListElement\":[{\"@type\":\"ListItem\",\"position\":1,\"name\":\"Home\",\"item\":\"https:\/\/www.ipim.gov.mo\/pt-pt\/\"},{\"@type\":\"ListItem\",\"position\":2,\"name\":\"[2025\/12\/03] Em torno da integra\u00e7\u00e3o profunda das \u201cind\u00fastrias + conven\u00e7\u00f5es e exposi\u00e7\u00f5es\u201d, a AIE, um grande evento internacional dedicado ao dom\u00ednio de intelig\u00eancia artificial, ser\u00e1 inaugurado amanh\u00e3 em Macau e Zhuhai\"}]},{\"@type\":\"WebSite\",\"@id\":\"https:\/\/www.ipim.gov.mo\/zh-hans\/#website\",\"url\":\"https:\/\/www.ipim.gov.mo\/zh-hans\/\",\"name\":\"Commerce and Investment Promotion Institute\",\"description\":\"Commerce and Investment Promotion Institute\",\"publisher\":{\"@id\":\"https:\/\/www.ipim.gov.mo\/zh-hans\/#organization\"},\"potentialAction\":[{\"@type\":\"SearchAction\",\"target\":{\"@type\":\"EntryPoint\",\"urlTemplate\":\"https:\/\/www.ipim.gov.mo\/zh-hans\/?s={search_term_string}\"},\"query-input\":{\"@type\":\"PropertyValueSpecification\",\"valueRequired\":true,\"valueName\":\"search_term_string\"}}],\"inLanguage\":\"pt-PT\"},{\"@type\":\"Organization\",\"@id\":\"https:\/\/www.ipim.gov.mo\/zh-hans\/#organization\",\"name\":\"IPIM\",\"url\":\"https:\/\/www.ipim.gov.mo\/zh-hans\/\",\"logo\":{\"@type\":\"ImageObject\",\"inLanguage\":\"pt-PT\",\"@id\":\"https:\/\/www.ipim.gov.mo\/zh-hans\/#\/schema\/logo\/image\/\",\"url\":\"https:\/\/www.ipim.gov.mo\/wp-content\/uploads\/2022\/10\/default-post-thumbnail-ipim-logo.png\",\"contentUrl\":\"https:\/\/www.ipim.gov.mo\/wp-content\/uploads\/2022\/10\/default-post-thumbnail-ipim-logo.png\",\"width\":1024,\"height\":768,\"caption\":\"IPIM\"},\"image\":{\"@id\":\"https:\/\/www.ipim.gov.mo\/zh-hans\/#\/schema\/logo\/image\/\"}}]}<\/script>\r\n<!-- \/ Yoast SEO plugin. -->","yoast_head_json":{"title":"[2025\/12\/03] Em torno da integra\u00e7\u00e3o profunda das \u201cind\u00fastrias + conven\u00e7\u00f5es e exposi\u00e7\u00f5es\u201d, a AIE, um grande evento internacional dedicado ao dom\u00ednio de intelig\u00eancia artificial, ser\u00e1 inaugurado amanh\u00e3 em Macau e Zhuhai | Commerce and Investment Promotion Institute","robots":{"index":"index","follow":"follow","max-snippet":"max-snippet:-1","max-image-preview":"max-image-preview:large","max-video-preview":"max-video-preview:-1"},"canonical":"https:\/\/www.ipim.gov.mo\/pt-pt\/noticias-do-ipim\/2025-12-03-em-torno-da-integracao-profunda-das-industrias-convencoes-e-exposicoes-a-aie-um-grande-evento-internacional-dedicado-ao-dominio-de-inteligencia-artificial-sera-inau\/","og_locale":"pt_PT","og_type":"article","og_title":"[2025\/12\/03] Em torno da integra\u00e7\u00e3o profunda das \u201cind\u00fastrias + conven\u00e7\u00f5es e exposi\u00e7\u00f5es\u201d, a AIE, um grande evento internacional dedicado ao dom\u00ednio de intelig\u00eancia artificial, ser\u00e1 inaugurado amanh\u00e3 em Macau e Zhuhai | Commerce and Investment Promotion Institute","og_description":"Com vista a impulsionar o desenvolvimento da diversifica&ccedil;&atilde;o adequada da economia de Macau, o Instituto de Promo&ccedil;&atilde;o do Com&eacute;rcio e do Investimento (IPIM) tem vindo [&hellip;]","og_url":"https:\/\/www.ipim.gov.mo\/pt-pt\/noticias-do-ipim\/2025-12-03-em-torno-da-integracao-profunda-das-industrias-convencoes-e-exposicoes-a-aie-um-grande-evento-internacional-dedicado-ao-dominio-de-inteligencia-artificial-sera-inau\/","og_site_name":"Commerce and Investment Promotion Institute","article_published_time":"2025-12-03T01:35:00+00:00","article_modified_time":"2025-12-04T07:53:04+00:00","og_image":[{"width":320,"height":180,"url":"https:\/\/www.ipim.gov.mo\/wp-content\/uploads\/2025\/12\/N25LCRO0pG__t20251204150337.jpg","type":"image\/jpeg"}],"twitter_card":"summary_large_image","twitter_misc":{"Est. reading time":"6 minutes"},"schema":{"@context":"https:\/\/schema.org","@graph":[{"@type":"WebPage","@id":"https:\/\/www.ipim.gov.mo\/pt-pt\/noticias-do-ipim\/2025-12-03-em-torno-da-integracao-profunda-das-industrias-convencoes-e-exposicoes-a-aie-um-grande-evento-internacional-dedicado-ao-dominio-de-inteligencia-artificial-sera-inau\/","url":"https:\/\/www.ipim.gov.mo\/pt-pt\/noticias-do-ipim\/2025-12-03-em-torno-da-integracao-profunda-das-industrias-convencoes-e-exposicoes-a-aie-um-grande-evento-internacional-dedicado-ao-dominio-de-inteligencia-artificial-sera-inau\/","name":"[2025\/12\/03] Em torno da integra\u00e7\u00e3o profunda das \u201cind\u00fastrias + conven\u00e7\u00f5es e exposi\u00e7\u00f5es\u201d, a AIE, um grande evento internacional dedicado ao dom\u00ednio de intelig\u00eancia artificial, ser\u00e1 inaugurado amanh\u00e3 em Macau e Zhuhai | Commerce and Investment Promotion Institute","isPartOf":{"@id":"https:\/\/www.ipim.gov.mo\/zh-hans\/#website"},"primaryImageOfPage":{"@id":"https:\/\/www.ipim.gov.mo\/pt-pt\/noticias-do-ipim\/2025-12-03-em-torno-da-integracao-profunda-das-industrias-convencoes-e-exposicoes-a-aie-um-grande-evento-internacional-dedicado-ao-dominio-de-inteligencia-artificial-sera-inau\/#primaryimage"},"image":{"@id":"https:\/\/www.ipim.gov.mo\/pt-pt\/noticias-do-ipim\/2025-12-03-em-torno-da-integracao-profunda-das-industrias-convencoes-e-exposicoes-a-aie-um-grande-evento-internacional-dedicado-ao-dominio-de-inteligencia-artificial-sera-inau\/#primaryimage"},"thumbnailUrl":"https:\/\/www.ipim.gov.mo\/wp-content\/uploads\/2025\/12\/N25LCRO0pG__t20251204150337.jpg","datePublished":"2025-12-03T01:35:00+00:00","dateModified":"2025-12-04T07:53:04+00:00","breadcrumb":{"@id":"https:\/\/www.ipim.gov.mo\/pt-pt\/noticias-do-ipim\/2025-12-03-em-torno-da-integracao-profunda-das-industrias-convencoes-e-exposicoes-a-aie-um-grande-evento-internacional-dedicado-ao-dominio-de-inteligencia-artificial-sera-inau\/#breadcrumb"},"inLanguage":"pt-PT","potentialAction":[{"@type":"ReadAction","target":["https:\/\/www.ipim.gov.mo\/pt-pt\/noticias-do-ipim\/2025-12-03-em-torno-da-integracao-profunda-das-industrias-convencoes-e-exposicoes-a-aie-um-grande-evento-internacional-dedicado-ao-dominio-de-inteligencia-artificial-sera-inau\/"]}]},{"@type":"ImageObject","inLanguage":"pt-PT","@id":"https:\/\/www.ipim.gov.mo\/pt-pt\/noticias-do-ipim\/2025-12-03-em-torno-da-integracao-profunda-das-industrias-convencoes-e-exposicoes-a-aie-um-grande-evento-internacional-dedicado-ao-dominio-de-inteligencia-artificial-sera-inau\/#primaryimage","url":"https:\/\/www.ipim.gov.mo\/wp-content\/uploads\/2025\/12\/N25LCRO0pG__t20251204150337.jpg","contentUrl":"https:\/\/www.ipim.gov.mo\/wp-content\/uploads\/2025\/12\/N25LCRO0pG__t20251204150337.jpg","width":320,"height":180},{"@type":"BreadcrumbList","@id":"https:\/\/www.ipim.gov.mo\/pt-pt\/noticias-do-ipim\/2025-12-03-em-torno-da-integracao-profunda-das-industrias-convencoes-e-exposicoes-a-aie-um-grande-evento-internacional-dedicado-ao-dominio-de-inteligencia-artificial-sera-inau\/#breadcrumb","itemListElement":[{"@type":"ListItem","position":1,"name":"Home","item":"https:\/\/www.ipim.gov.mo\/pt-pt\/"},{"@type":"ListItem","position":2,"name":"[2025\/12\/03] Em torno da integra\u00e7\u00e3o profunda das \u201cind\u00fastrias + conven\u00e7\u00f5es e exposi\u00e7\u00f5es\u201d, a AIE, um grande evento internacional dedicado ao dom\u00ednio de intelig\u00eancia artificial, ser\u00e1 inaugurado amanh\u00e3 em Macau e Zhuhai"}]},{"@type":"WebSite","@id":"https:\/\/www.ipim.gov.mo\/zh-hans\/#website","url":"https:\/\/www.ipim.gov.mo\/zh-hans\/","name":"Commerce and Investment Promotion Institute","description":"Commerce and Investment Promotion Institute","publisher":{"@id":"https:\/\/www.ipim.gov.mo\/zh-hans\/#organization"},"potentialAction":[{"@type":"SearchAction","target":{"@type":"EntryPoint","urlTemplate":"https:\/\/www.ipim.gov.mo\/zh-hans\/?s={search_term_string}"},"query-input":{"@type":"PropertyValueSpecification","valueRequired":true,"valueName":"search_term_string"}}],"inLanguage":"pt-PT"},{"@type":"Organization","@id":"https:\/\/www.ipim.gov.mo\/zh-hans\/#organization","name":"IPIM","url":"https:\/\/www.ipim.gov.mo\/zh-hans\/","logo":{"@type":"ImageObject","inLanguage":"pt-PT","@id":"https:\/\/www.ipim.gov.mo\/zh-hans\/#\/schema\/logo\/image\/","url":"https:\/\/www.ipim.gov.mo\/wp-content\/uploads\/2022\/10\/default-post-thumbnail-ipim-logo.png","contentUrl":"https:\/\/www.ipim.gov.mo\/wp-content\/uploads\/2022\/10\/default-post-thumbnail-ipim-logo.png","width":1024,"height":768,"caption":"IPIM"},"image":{"@id":"https:\/\/www.ipim.gov.mo\/zh-hans\/#\/schema\/logo\/image\/"}}]}},"author_meta":{"display_name":"","author_link":"https:\/\/www.ipim.gov.mo\/pt-pt\/author\/"},"featured_img":"https:\/\/www.ipim.gov.mo\/wp-content\/uploads\/2025\/12\/N25LCRO0pG__t20251204150337-300x169.jpg","coauthors":[],"tax_additional":{"categories":{"linked":["<a href=\"https:\/\/www.ipim.gov.mo\/pt-pt\/category\/noticias-do-ipim\/\" class=\"advgb-post-tax-term\">Not\u00edcias do IPIM<\/a>"],"unlinked":["<span class=\"advgb-post-tax-term\">Not\u00edcias do IPIM<\/span>"]}},"comment_count":"0","relative_dates":{"created":"Posted 5 months ago","modified":"Updated 5 months ago"},"absolute_dates":{"created":"Posted on Dezembro 3, 2025","modified":"Updated on Dezembro 4, 2025"},"absolute_dates_time":{"created":"Posted on Dezembro 3, 2025 9:35 am","modified":"Updated on Dezembro 4, 2025 3:53 pm"},"featured_img_caption":"","series_order":"","_links":{"self":[{"href":"https:\/\/www.ipim.gov.mo\/pt-pt\/wp-json\/wp\/v2\/posts\/503138","targetHints":{"allow":["GET"]}}],"collection":[{"href":"https:\/\/www.ipim.gov.mo\/pt-pt\/wp-json\/wp\/v2\/posts"}],"about":[{"href":"https:\/\/www.ipim.gov.mo\/pt-pt\/wp-json\/wp\/v2\/types\/post"}],"replies":[{"embeddable":true,"href":"https:\/\/www.ipim.gov.mo\/pt-pt\/wp-json\/wp\/v2\/comments?post=503138"}],"version-history":[{"count":1,"href":"https:\/\/www.ipim.gov.mo\/pt-pt\/wp-json\/wp\/v2\/posts\/503138\/revisions"}],"predecessor-version":[{"id":503179,"href":"https:\/\/www.ipim.gov.mo\/pt-pt\/wp-json\/wp\/v2\/posts\/503138\/revisions\/503179"}],"wp:featuredmedia":[{"embeddable":true,"href":"https:\/\/www.ipim.gov.mo\/pt-pt\/wp-json\/wp\/v2\/media\/503180"}],"wp:attachment":[{"href":"https:\/\/www.ipim.gov.mo\/pt-pt\/wp-json\/wp\/v2\/media?parent=503138"}],"wp:term":[{"taxonomy":"category","embeddable":true,"href":"https:\/\/www.ipim.gov.mo\/pt-pt\/wp-json\/wp\/v2\/categories?post=503138"},{"taxonomy":"post_tag","embeddable":true,"href":"https:\/\/www.ipim.gov.mo\/pt-pt\/wp-json\/wp\/v2\/tags?post=503138"}],"curies":[{"name":"wp","href":"https:\/\/api.w.org\/{rel}","templated":true}]}}