{"id":502908,"date":"2025-11-19T12:36:17","date_gmt":"2025-11-19T04:36:17","guid":{"rendered":"https:\/\/www.ipim.gov.mo\/?p=502908"},"modified":"2025-11-19T12:45:45","modified_gmt":"2025-11-19T04:45:45","slug":"videos-promocionais-do-relatorio-das-linhas-de-accao-governativa-para-2026","status":"publish","type":"post","link":"https:\/\/www.ipim.gov.mo\/pt-pt\/promotional-video-pt\/videos-promocionais-do-relatorio-das-linhas-de-accao-governativa-para-2026\/","title":{"rendered":"V\u00eddeos promocionais do Relat\u00f3rio das Linhas de Ac\u00e7\u00e3o Governativa para 2026"},"content":{"rendered":"<p>V\u00eddeo promocional 1 das LAG 2026: Consolida\u00e7\u00e3o da barreira em prol da seguran\u00e7a nacional Salvaguarda da estabilidade da conjuntura social<\/p>\n<div style=\"width: 1920px;\" class=\"wp-video\"><!--[if lt IE 9]><script>document.createElement('video');<\/script><![endif]-->\n<video class=\"wp-video-shortcode\" id=\"video-502908-1\" width=\"1920\" height=\"1080\" poster=\"https:\/\/www.ipim.gov.mo\/wp-content\/uploads\/2025\/11\/v1.jpg\" preload=\"metadata\" controls=\"controls\"><source type=\"video\/mp4\" src=\"https:\/\/www.ipim.gov.mo\/wp-content\/uploads\/2025\/11\/v1.mp4?_=1\" \/><a href=\"https:\/\/www.ipim.gov.mo\/wp-content\/uploads\/2025\/11\/v1.mp4\">https:\/\/www.ipim.gov.mo\/wp-content\/uploads\/2025\/11\/v1.mp4<\/a><\/video><\/div>\n<p>&nbsp;<\/p>\n<p>V\u00eddeo promocional 2 das LAG 2026: Aprofundamento da reforma da Administra\u00e7\u00e3o P\u00fablica Eleva\u00e7\u00e3o da efici\u00eancia da governa\u00e7\u00e3o da RAEM<\/p>\n<div style=\"width: 1920px;\" class=\"wp-video\"><video class=\"wp-video-shortcode\" id=\"video-502908-2\" width=\"1920\" height=\"1080\" poster=\"https:\/\/www.ipim.gov.mo\/wp-content\/uploads\/2025\/11\/v2.jpg\" preload=\"metadata\" controls=\"controls\"><source type=\"video\/mp4\" src=\"https:\/\/www.ipim.gov.mo\/wp-content\/uploads\/2025\/11\/v2.mp4?_=2\" \/><a href=\"https:\/\/www.ipim.gov.mo\/wp-content\/uploads\/2025\/11\/v2.mp4\">https:\/\/www.ipim.gov.mo\/wp-content\/uploads\/2025\/11\/v2.mp4<\/a><\/video><\/div>\n<p>&nbsp;<\/p>\n<p>V\u00eddeo promocional 3 das LAG 2026: Consolida\u00e7\u00e3o da tend\u00eancia da recupera\u00e7\u00e3o econ\u00f3mica Concentra\u00e7\u00e3o dos esfor\u00e7os na promo\u00e7\u00e3o da diversifica\u00e7\u00e3o adequada<\/p>\n<div style=\"width: 1920px;\" class=\"wp-video\"><video class=\"wp-video-shortcode\" id=\"video-502908-3\" width=\"1920\" height=\"1080\" poster=\"https:\/\/www.ipim.gov.mo\/wp-content\/uploads\/2025\/11\/v3.jpg\" preload=\"metadata\" controls=\"controls\"><source type=\"video\/mp4\" src=\"https:\/\/www.ipim.gov.mo\/wp-content\/uploads\/2025\/11\/v3.mp4?_=3\" \/><a href=\"https:\/\/www.ipim.gov.mo\/wp-content\/uploads\/2025\/11\/v3.mp4\">https:\/\/www.ipim.gov.mo\/wp-content\/uploads\/2025\/11\/v3.mp4<\/a><\/video><\/div>\n<p>&nbsp;<\/p>\n<p>V\u00eddeo promocional 4 das LAG 2026: Promo\u00e7\u00e3o acelerada da constru\u00e7\u00e3o de Hengqin, em cumprimento das exig\u00eancias de \u201ctr\u00eas verifica\u00e7\u00f5es\u201d<\/p>\n<div style=\"width: 1920px;\" class=\"wp-video\"><video class=\"wp-video-shortcode\" id=\"video-502908-4\" width=\"1920\" height=\"1080\" poster=\"https:\/\/www.ipim.gov.mo\/wp-content\/uploads\/2025\/11\/v4.jpg\" preload=\"metadata\" controls=\"controls\"><source type=\"video\/mp4\" src=\"https:\/\/www.ipim.gov.mo\/wp-content\/uploads\/2025\/11\/v4.mp4?_=4\" \/><a href=\"https:\/\/www.ipim.gov.mo\/wp-content\/uploads\/2025\/11\/v4.mp4\">https:\/\/www.ipim.gov.mo\/wp-content\/uploads\/2025\/11\/v4.mp4<\/a><\/video><\/div>\n<p>&nbsp;<\/p>\n<p>V\u00eddeo promocional 5 das LAG 2026: Aperfei\u00e7oamento dos sistemas e regimes relacionados com o bem-estar da popula\u00e7\u00e3o Realiza\u00e7\u00e3o adequada de ac\u00e7\u00f5es pragm\u00e1ticas correspondentes<\/p>\n<div style=\"width: 1920px;\" class=\"wp-video\"><video class=\"wp-video-shortcode\" id=\"video-502908-5\" width=\"1920\" height=\"1080\" poster=\"https:\/\/www.ipim.gov.mo\/wp-content\/uploads\/2025\/11\/v5.jpg\" preload=\"metadata\" controls=\"controls\"><source type=\"video\/mp4\" src=\"https:\/\/www.ipim.gov.mo\/wp-content\/uploads\/2025\/11\/v5.mp4?_=5\" \/><a href=\"https:\/\/www.ipim.gov.mo\/wp-content\/uploads\/2025\/11\/v5.mp4\">https:\/\/www.ipim.gov.mo\/wp-content\/uploads\/2025\/11\/v5.mp4<\/a><\/video><\/div>\n<p>&nbsp;<\/p>\n<p>V\u00eddeo promocional 6 das LAG 2026: Aperfei\u00e7oamento das instala\u00e7\u00f5es de infra-estrutura urbana Impulso na constru\u00e7\u00e3o da \u201cBase\u201d cultural<\/p>\n<div style=\"width: 1920px;\" class=\"wp-video\"><video class=\"wp-video-shortcode\" id=\"video-502908-6\" width=\"1920\" height=\"1080\" poster=\"https:\/\/www.ipim.gov.mo\/wp-content\/uploads\/2025\/11\/v6.jpg\" preload=\"metadata\" controls=\"controls\"><source type=\"video\/mp4\" src=\"https:\/\/www.ipim.gov.mo\/wp-content\/uploads\/2025\/11\/v6.mp4?_=6\" \/><a href=\"https:\/\/www.ipim.gov.mo\/wp-content\/uploads\/2025\/11\/v6.mp4\">https:\/\/www.ipim.gov.mo\/wp-content\/uploads\/2025\/11\/v6.mp4<\/a><\/video><\/div>\n<p>&nbsp;<\/p>\n<p>V\u00eddeo promocional 7 das LAG 2026: Integra\u00e7\u00e3o na conjuntura do desenvolvimento nacional Elabora\u00e7\u00e3o do Terceiro Plano Quinquenal da RAEM<\/p>\n<div style=\"width: 1920px;\" class=\"wp-video\"><video class=\"wp-video-shortcode\" id=\"video-502908-7\" width=\"1920\" height=\"1080\" poster=\"https:\/\/www.ipim.gov.mo\/wp-content\/uploads\/2025\/11\/v7.jpg\" preload=\"metadata\" controls=\"controls\"><source type=\"video\/mp4\" src=\"https:\/\/www.ipim.gov.mo\/wp-content\/uploads\/2025\/11\/v7.mp4?_=7\" \/><a href=\"https:\/\/www.ipim.gov.mo\/wp-content\/uploads\/2025\/11\/v7.mp4\">https:\/\/www.ipim.gov.mo\/wp-content\/uploads\/2025\/11\/v7.mp4<\/a><\/video><\/div>\n<p>&nbsp;<\/p>\n<p>V\u00eddeo promocional 8 das LAG 2026: Continuidade \u00e0s medidas em prol do bem-estar da popula\u00e7\u00e3o Fortalecimento do apoio com precis\u00e3o<\/p>\n<div style=\"width: 1920px;\" class=\"wp-video\"><video class=\"wp-video-shortcode\" id=\"video-502908-8\" width=\"1920\" height=\"1080\" poster=\"https:\/\/www.ipim.gov.mo\/wp-content\/uploads\/2025\/11\/v8.jpg\" preload=\"metadata\" controls=\"controls\"><source type=\"video\/mp4\" src=\"https:\/\/www.ipim.gov.mo\/wp-content\/uploads\/2025\/11\/v8.mp4?_=8\" \/><a href=\"https:\/\/www.ipim.gov.mo\/wp-content\/uploads\/2025\/11\/v8.mp4\">https:\/\/www.ipim.gov.mo\/wp-content\/uploads\/2025\/11\/v8.mp4<\/a><\/video><\/div>\n","protected":false},"excerpt":{"rendered":"<p>V\u00eddeo promocional 1 das LAG 2026: Consolida\u00e7\u00e3o da barreira em prol da seguran\u00e7a nacional Salvaguarda da estabilidade da conjuntura social &nbsp; V\u00eddeo promocional 2 das [&hellip;]<\/p>\n","protected":false},"author":1,"featured_media":502814,"comment_status":"closed","ping_status":"closed","sticky":false,"template":"","format":"standard","meta":{"_acf_changed":false,"inline_featured_image":false,"advgb_blocks_editor_width":"","advgb_blocks_columns_visual_guide":"","footnotes":""},"categories":[117],"tags":[],"class_list":["post-502908","post","type-post","status-publish","format-standard","has-post-thumbnail","hentry","category-promotional-video-pt"],"acf":[],"yoast_head":"<!-- This site is optimized with the Yoast SEO plugin v26.2 - https:\/\/yoast.com\/wordpress\/plugins\/seo\/ -->\r\n<title>V\u00eddeos promocionais do Relat\u00f3rio das Linhas de Ac\u00e7\u00e3o Governativa para 2026 | Commerce and Investment Promotion Institute<\/title>\r\n<meta name=\"robots\" content=\"index, follow, max-snippet:-1, max-image-preview:large, max-video-preview:-1\" \/>\r\n<link rel=\"canonical\" href=\"https:\/\/www.ipim.gov.mo\/pt-pt\/promotional-video-pt\/videos-promocionais-do-relatorio-das-linhas-de-accao-governativa-para-2026\/\" \/>\r\n<meta property=\"og:locale\" content=\"pt_PT\" \/>\r\n<meta property=\"og:type\" content=\"article\" \/>\r\n<meta property=\"og:title\" content=\"V\u00eddeos promocionais do Relat\u00f3rio das Linhas de Ac\u00e7\u00e3o Governativa para 2026 | Commerce and Investment Promotion Institute\" \/>\r\n<meta property=\"og:description\" content=\"V\u00eddeo promocional 1 das LAG 2026: Consolida\u00e7\u00e3o da barreira em prol da seguran\u00e7a nacional Salvaguarda da estabilidade da conjuntura social &nbsp; V\u00eddeo promocional 2 das [&hellip;]\" \/>\r\n<meta property=\"og:url\" content=\"https:\/\/www.ipim.gov.mo\/pt-pt\/promotional-video-pt\/videos-promocionais-do-relatorio-das-linhas-de-accao-governativa-para-2026\/\" \/>\r\n<meta property=\"og:site_name\" content=\"Commerce and Investment Promotion Institute\" \/>\r\n<meta property=\"article:published_time\" content=\"2025-11-19T04:36:17+00:00\" \/>\r\n<meta property=\"article:modified_time\" content=\"2025-11-19T04:45:45+00:00\" \/>\r\n<meta property=\"og:image\" content=\"https:\/\/www.ipim.gov.mo\/wp-content\/uploads\/2025\/11\/PT_Cover-image_2025_11_19-scaled.jpg\" \/>\r\n\t<meta property=\"og:image:width\" content=\"2560\" \/>\r\n\t<meta property=\"og:image:height\" content=\"1441\" \/>\r\n\t<meta property=\"og:image:type\" content=\"image\/jpeg\" \/>\r\n<meta name=\"author\" content=\"admin\" \/>\r\n<meta name=\"twitter:card\" content=\"summary_large_image\" \/>\r\n<meta name=\"twitter:label1\" content=\"Written by\" \/>\n\t<meta name=\"twitter:data1\" content=\"admin\" \/>\n\t<meta name=\"twitter:label2\" content=\"Est. reading time\" \/>\n\t<meta name=\"twitter:data2\" content=\"2 minutes\" \/>\r\n<script type=\"application\/ld+json\" class=\"yoast-schema-graph\">{\"@context\":\"https:\/\/schema.org\",\"@graph\":[{\"@type\":\"WebPage\",\"@id\":\"https:\/\/www.ipim.gov.mo\/pt-pt\/promotional-video-pt\/videos-promocionais-do-relatorio-das-linhas-de-accao-governativa-para-2026\/\",\"url\":\"https:\/\/www.ipim.gov.mo\/pt-pt\/promotional-video-pt\/videos-promocionais-do-relatorio-das-linhas-de-accao-governativa-para-2026\/\",\"name\":\"V\u00eddeos promocionais do Relat\u00f3rio das Linhas de Ac\u00e7\u00e3o Governativa para 2026 | Commerce and Investment Promotion Institute\",\"isPartOf\":{\"@id\":\"https:\/\/www.ipim.gov.mo\/zh-hans\/#website\"},\"primaryImageOfPage\":{\"@id\":\"https:\/\/www.ipim.gov.mo\/pt-pt\/promotional-video-pt\/videos-promocionais-do-relatorio-das-linhas-de-accao-governativa-para-2026\/#primaryimage\"},\"image\":{\"@id\":\"https:\/\/www.ipim.gov.mo\/pt-pt\/promotional-video-pt\/videos-promocionais-do-relatorio-das-linhas-de-accao-governativa-para-2026\/#primaryimage\"},\"thumbnailUrl\":\"https:\/\/www.ipim.gov.mo\/wp-content\/uploads\/2025\/11\/PT_Cover-image_2025_11_19-scaled.jpg\",\"datePublished\":\"2025-11-19T04:36:17+00:00\",\"dateModified\":\"2025-11-19T04:45:45+00:00\",\"breadcrumb\":{\"@id\":\"https:\/\/www.ipim.gov.mo\/pt-pt\/promotional-video-pt\/videos-promocionais-do-relatorio-das-linhas-de-accao-governativa-para-2026\/#breadcrumb\"},\"inLanguage\":\"pt-PT\",\"potentialAction\":[{\"@type\":\"ReadAction\",\"target\":[\"https:\/\/www.ipim.gov.mo\/pt-pt\/promotional-video-pt\/videos-promocionais-do-relatorio-das-linhas-de-accao-governativa-para-2026\/\"]}]},{\"@type\":\"ImageObject\",\"inLanguage\":\"pt-PT\",\"@id\":\"https:\/\/www.ipim.gov.mo\/pt-pt\/promotional-video-pt\/videos-promocionais-do-relatorio-das-linhas-de-accao-governativa-para-2026\/#primaryimage\",\"url\":\"https:\/\/www.ipim.gov.mo\/wp-content\/uploads\/2025\/11\/PT_Cover-image_2025_11_19-scaled.jpg\",\"contentUrl\":\"https:\/\/www.ipim.gov.mo\/wp-content\/uploads\/2025\/11\/PT_Cover-image_2025_11_19-scaled.jpg\",\"width\":2560,\"height\":1441},{\"@type\":\"BreadcrumbList\",\"@id\":\"https:\/\/www.ipim.gov.mo\/pt-pt\/promotional-video-pt\/videos-promocionais-do-relatorio-das-linhas-de-accao-governativa-para-2026\/#breadcrumb\",\"itemListElement\":[{\"@type\":\"ListItem\",\"position\":1,\"name\":\"Home\",\"item\":\"https:\/\/www.ipim.gov.mo\/pt-pt\/\"},{\"@type\":\"ListItem\",\"position\":2,\"name\":\"V\u00eddeos promocionais do Relat\u00f3rio das Linhas de Ac\u00e7\u00e3o Governativa para 2026\"}]},{\"@type\":\"WebSite\",\"@id\":\"https:\/\/www.ipim.gov.mo\/zh-hans\/#website\",\"url\":\"https:\/\/www.ipim.gov.mo\/zh-hans\/\",\"name\":\"Commerce and Investment Promotion Institute\",\"description\":\"Commerce and Investment Promotion Institute\",\"publisher\":{\"@id\":\"https:\/\/www.ipim.gov.mo\/zh-hans\/#organization\"},\"potentialAction\":[{\"@type\":\"SearchAction\",\"target\":{\"@type\":\"EntryPoint\",\"urlTemplate\":\"https:\/\/www.ipim.gov.mo\/zh-hans\/?s={search_term_string}\"},\"query-input\":{\"@type\":\"PropertyValueSpecification\",\"valueRequired\":true,\"valueName\":\"search_term_string\"}}],\"inLanguage\":\"pt-PT\"},{\"@type\":\"Organization\",\"@id\":\"https:\/\/www.ipim.gov.mo\/zh-hans\/#organization\",\"name\":\"IPIM\",\"url\":\"https:\/\/www.ipim.gov.mo\/zh-hans\/\",\"logo\":{\"@type\":\"ImageObject\",\"inLanguage\":\"pt-PT\",\"@id\":\"https:\/\/www.ipim.gov.mo\/zh-hans\/#\/schema\/logo\/image\/\",\"url\":\"https:\/\/www.ipim.gov.mo\/wp-content\/uploads\/2022\/10\/default-post-thumbnail-ipim-logo.png\",\"contentUrl\":\"https:\/\/www.ipim.gov.mo\/wp-content\/uploads\/2022\/10\/default-post-thumbnail-ipim-logo.png\",\"width\":1024,\"height\":768,\"caption\":\"IPIM\"},\"image\":{\"@id\":\"https:\/\/www.ipim.gov.mo\/zh-hans\/#\/schema\/logo\/image\/\"}}]}<\/script>\r\n<!-- \/ Yoast SEO plugin. -->","yoast_head_json":{"title":"V\u00eddeos promocionais do Relat\u00f3rio das Linhas de Ac\u00e7\u00e3o Governativa para 2026 | Commerce and Investment Promotion Institute","robots":{"index":"index","follow":"follow","max-snippet":"max-snippet:-1","max-image-preview":"max-image-preview:large","max-video-preview":"max-video-preview:-1"},"canonical":"https:\/\/www.ipim.gov.mo\/pt-pt\/promotional-video-pt\/videos-promocionais-do-relatorio-das-linhas-de-accao-governativa-para-2026\/","og_locale":"pt_PT","og_type":"article","og_title":"V\u00eddeos promocionais do Relat\u00f3rio das Linhas de Ac\u00e7\u00e3o Governativa para 2026 | Commerce and Investment Promotion Institute","og_description":"V\u00eddeo promocional 1 das LAG 2026: Consolida\u00e7\u00e3o da barreira em prol da seguran\u00e7a nacional Salvaguarda da estabilidade da conjuntura social &nbsp; V\u00eddeo promocional 2 das [&hellip;]","og_url":"https:\/\/www.ipim.gov.mo\/pt-pt\/promotional-video-pt\/videos-promocionais-do-relatorio-das-linhas-de-accao-governativa-para-2026\/","og_site_name":"Commerce and Investment Promotion Institute","article_published_time":"2025-11-19T04:36:17+00:00","article_modified_time":"2025-11-19T04:45:45+00:00","og_image":[{"width":2560,"height":1441,"url":"https:\/\/www.ipim.gov.mo\/wp-content\/uploads\/2025\/11\/PT_Cover-image_2025_11_19-scaled.jpg","type":"image\/jpeg"}],"author":"admin","twitter_card":"summary_large_image","twitter_misc":{"Written by":"admin","Est. reading time":"2 minutes"},"schema":{"@context":"https:\/\/schema.org","@graph":[{"@type":"WebPage","@id":"https:\/\/www.ipim.gov.mo\/pt-pt\/promotional-video-pt\/videos-promocionais-do-relatorio-das-linhas-de-accao-governativa-para-2026\/","url":"https:\/\/www.ipim.gov.mo\/pt-pt\/promotional-video-pt\/videos-promocionais-do-relatorio-das-linhas-de-accao-governativa-para-2026\/","name":"V\u00eddeos promocionais do Relat\u00f3rio das Linhas de Ac\u00e7\u00e3o Governativa para 2026 | Commerce and Investment Promotion Institute","isPartOf":{"@id":"https:\/\/www.ipim.gov.mo\/zh-hans\/#website"},"primaryImageOfPage":{"@id":"https:\/\/www.ipim.gov.mo\/pt-pt\/promotional-video-pt\/videos-promocionais-do-relatorio-das-linhas-de-accao-governativa-para-2026\/#primaryimage"},"image":{"@id":"https:\/\/www.ipim.gov.mo\/pt-pt\/promotional-video-pt\/videos-promocionais-do-relatorio-das-linhas-de-accao-governativa-para-2026\/#primaryimage"},"thumbnailUrl":"https:\/\/www.ipim.gov.mo\/wp-content\/uploads\/2025\/11\/PT_Cover-image_2025_11_19-scaled.jpg","datePublished":"2025-11-19T04:36:17+00:00","dateModified":"2025-11-19T04:45:45+00:00","breadcrumb":{"@id":"https:\/\/www.ipim.gov.mo\/pt-pt\/promotional-video-pt\/videos-promocionais-do-relatorio-das-linhas-de-accao-governativa-para-2026\/#breadcrumb"},"inLanguage":"pt-PT","potentialAction":[{"@type":"ReadAction","target":["https:\/\/www.ipim.gov.mo\/pt-pt\/promotional-video-pt\/videos-promocionais-do-relatorio-das-linhas-de-accao-governativa-para-2026\/"]}]},{"@type":"ImageObject","inLanguage":"pt-PT","@id":"https:\/\/www.ipim.gov.mo\/pt-pt\/promotional-video-pt\/videos-promocionais-do-relatorio-das-linhas-de-accao-governativa-para-2026\/#primaryimage","url":"https:\/\/www.ipim.gov.mo\/wp-content\/uploads\/2025\/11\/PT_Cover-image_2025_11_19-scaled.jpg","contentUrl":"https:\/\/www.ipim.gov.mo\/wp-content\/uploads\/2025\/11\/PT_Cover-image_2025_11_19-scaled.jpg","width":2560,"height":1441},{"@type":"BreadcrumbList","@id":"https:\/\/www.ipim.gov.mo\/pt-pt\/promotional-video-pt\/videos-promocionais-do-relatorio-das-linhas-de-accao-governativa-para-2026\/#breadcrumb","itemListElement":[{"@type":"ListItem","position":1,"name":"Home","item":"https:\/\/www.ipim.gov.mo\/pt-pt\/"},{"@type":"ListItem","position":2,"name":"V\u00eddeos promocionais do Relat\u00f3rio das Linhas de Ac\u00e7\u00e3o Governativa para 2026"}]},{"@type":"WebSite","@id":"https:\/\/www.ipim.gov.mo\/zh-hans\/#website","url":"https:\/\/www.ipim.gov.mo\/zh-hans\/","name":"Commerce and Investment Promotion Institute","description":"Commerce and Investment Promotion Institute","publisher":{"@id":"https:\/\/www.ipim.gov.mo\/zh-hans\/#organization"},"potentialAction":[{"@type":"SearchAction","target":{"@type":"EntryPoint","urlTemplate":"https:\/\/www.ipim.gov.mo\/zh-hans\/?s={search_term_string}"},"query-input":{"@type":"PropertyValueSpecification","valueRequired":true,"valueName":"search_term_string"}}],"inLanguage":"pt-PT"},{"@type":"Organization","@id":"https:\/\/www.ipim.gov.mo\/zh-hans\/#organization","name":"IPIM","url":"https:\/\/www.ipim.gov.mo\/zh-hans\/","logo":{"@type":"ImageObject","inLanguage":"pt-PT","@id":"https:\/\/www.ipim.gov.mo\/zh-hans\/#\/schema\/logo\/image\/","url":"https:\/\/www.ipim.gov.mo\/wp-content\/uploads\/2022\/10\/default-post-thumbnail-ipim-logo.png","contentUrl":"https:\/\/www.ipim.gov.mo\/wp-content\/uploads\/2022\/10\/default-post-thumbnail-ipim-logo.png","width":1024,"height":768,"caption":"IPIM"},"image":{"@id":"https:\/\/www.ipim.gov.mo\/zh-hans\/#\/schema\/logo\/image\/"}}]}},"author_meta":{"display_name":"admin","author_link":"https:\/\/www.ipim.gov.mo\/pt-pt\/author\/admin\/"},"featured_img":"https:\/\/www.ipim.gov.mo\/wp-content\/uploads\/2025\/11\/PT_Cover-image_2025_11_19-300x169.jpg","coauthors":[],"tax_additional":{"categories":{"linked":["<a href=\"https:\/\/www.ipim.gov.mo\/pt-pt\/category\/promotional-video-pt\/\" class=\"advgb-post-tax-term\">V\u00eddeo Promocional<\/a>"],"unlinked":["<span class=\"advgb-post-tax-term\">V\u00eddeo Promocional<\/span>"]}},"comment_count":"0","relative_dates":{"created":"Posted 5 months ago","modified":"Updated 5 months ago"},"absolute_dates":{"created":"Posted on Novembro 19, 2025","modified":"Updated on Novembro 19, 2025"},"absolute_dates_time":{"created":"Posted on Novembro 19, 2025 12:36 pm","modified":"Updated on Novembro 19, 2025 12:45 pm"},"featured_img_caption":"","series_order":"","_links":{"self":[{"href":"https:\/\/www.ipim.gov.mo\/pt-pt\/wp-json\/wp\/v2\/posts\/502908","targetHints":{"allow":["GET"]}}],"collection":[{"href":"https:\/\/www.ipim.gov.mo\/pt-pt\/wp-json\/wp\/v2\/posts"}],"about":[{"href":"https:\/\/www.ipim.gov.mo\/pt-pt\/wp-json\/wp\/v2\/types\/post"}],"author":[{"embeddable":true,"href":"https:\/\/www.ipim.gov.mo\/pt-pt\/wp-json\/wp\/v2\/users\/1"}],"replies":[{"embeddable":true,"href":"https:\/\/www.ipim.gov.mo\/pt-pt\/wp-json\/wp\/v2\/comments?post=502908"}],"version-history":[{"count":3,"href":"https:\/\/www.ipim.gov.mo\/pt-pt\/wp-json\/wp\/v2\/posts\/502908\/revisions"}],"predecessor-version":[{"id":502919,"href":"https:\/\/www.ipim.gov.mo\/pt-pt\/wp-json\/wp\/v2\/posts\/502908\/revisions\/502919"}],"wp:featuredmedia":[{"embeddable":true,"href":"https:\/\/www.ipim.gov.mo\/pt-pt\/wp-json\/wp\/v2\/media\/502814"}],"wp:attachment":[{"href":"https:\/\/www.ipim.gov.mo\/pt-pt\/wp-json\/wp\/v2\/media?parent=502908"}],"wp:term":[{"taxonomy":"category","embeddable":true,"href":"https:\/\/www.ipim.gov.mo\/pt-pt\/wp-json\/wp\/v2\/categories?post=502908"},{"taxonomy":"post_tag","embeddable":true,"href":"https:\/\/www.ipim.gov.mo\/pt-pt\/wp-json\/wp\/v2\/tags?post=502908"}],"curies":[{"name":"wp","href":"https:\/\/api.w.org\/{rel}","templated":true}]}}