{"id":501746,"date":"2025-10-13T16:02:00","date_gmt":"2025-10-13T08:02:00","guid":{"rendered":"https:\/\/www.ipim.gov.mo\/?p=501746"},"modified":"2025-10-14T17:52:06","modified_gmt":"2025-10-14T09:52:06","slug":"2025-10-13-arranque-da-economia-da-primeira-loja-promocao-de-investimento-portugues-e-espanhol-com-recepcao-positiva","status":"publish","type":"post","link":"https:\/\/www.ipim.gov.mo\/pt-pt\/noticias-do-ipim\/2025-10-13-arranque-da-economia-da-primeira-loja-promocao-de-investimento-portugues-e-espanhol-com-recepcao-positiva\/","title":{"rendered":"[2025\/10\/13] Arranque da economia da primeira loja: Promo\u00e7\u00e3o de investimento portugu\u00eas e espanhol com recep\u00e7\u00e3o positiva"},"content":{"rendered":"<p style=\"text-align:justify\">Para impulsionar o desenvolvimento da \u201ceconomia da primeira loja\u201d em Macau, o Instituto de Promo&ccedil;&atilde;o do Com&eacute;rcio e do Investimento da RAEM (doravante \u201cIPIM\u201d) realizou, de 4 a 11 de Outubro, em Lisboa e no Porto, assim como em Madrid e Barcelona, <em>roadshows<\/em><em> <\/em>relativos ao \u201cPlano para o Desenvolvimento Econ&oacute;mico no &Acirc;mbito de Apoio ao Estabelecimento da Primeira Loja em Macau\u201d<strong> <\/strong>(doravante \u201cPlano de Apoio\u201d). Os <em>roadshows<\/em>, destinados a promover o desenvolvimento da \u201ceconomia da primeira loja\u201d em Macau, contaram com a participa&ccedil;&atilde;o de cerca de uma centena de representantes de associa&ccedil;&otilde;es\/c&acirc;maras comerciais e empresas locais e tiveram uma recep&ccedil;&atilde;o muito calorosa. Durante a desloca&ccedil;&atilde;o, a equipa do IPIM visitou diversas empresas locais de renome, marcas internacionais em regime de cadeia e c&acirc;maras de com&eacute;rcio, divulgando o ambiente de neg&oacute;cios e as pol&iacute;ticas de Macau. Foram igualmente promovidos o servi&ccedil;o \u201cConduta do Com&eacute;rcio China-PLP\u201d e os servi&ccedil;os \u201cone-stop\u201d para investidores, contribuindo para a expans&atilde;o da rede de neg&oacute;cios com a Europa.<\/p>\n<p style=\"text-align:justify\"><strong>Primeira paragem internacional dos <em>roadshows<\/em> gera respostas positivas de empresas portuguesas e espanholas<\/strong><\/p>\n<p style=\"text-align:justify\">A iniciativa constituiu a primeira ac&ccedil;&atilde;o de promo&ccedil;&atilde;o internacional relativa ao Plano de Apoio. O objectivo &eacute; captar marcas qualificadas de Portugal e de Espanha para que abram a sua primeira loja em Macau, transformando a cidade num \u201clocal de estreia\u201d de produtos portugueses e espanh&oacute;is que queiram entrar no mercado do Interior da China. Os <em>roadshows<\/em> procuraram consolidar o papel de Macau enquanto \u201cagente de contacto infal&iacute;vel\u201d e plataforma entre a China e os Pa&iacute;ses de L&iacute;ngua Portuguesa. Participaram cerca de uma centena de representantes de associa&ccedil;&otilde;es\/c&acirc;maras comerciais e empresas dos sectores das cadeias de restaura&ccedil;&atilde;o, artigos para o lar, luxo, joalharia, alimenta&ccedil;&atilde;o e hotelaria.<\/p>\n<p style=\"text-align:justify\"><strong>Empresas com inten&ccedil;&atilde;o clara: Fixa&ccedil;&atilde;o em Macau para expandir no mercado interno <\/strong><\/p>\n<p style=\"text-align:justify\">Durante a miss&atilde;o, a equipa do IPIM visitou empresas portuguesas e espanholas, incluindo grupos alimentares internacionais, cadeias de restaura&ccedil;&atilde;o, marcas de joalharia, empresas de artesanato tradicional, de mobili&aacute;rio e artigos para o lar e marcas de perfumes, promovendo em particular o Plano de Apoio. As empresas portuguesas e espanholas manifestaram confian&ccedil;a de que o vasto mercado tur&iacute;stico de Macau pode ajudar a dar a conhecer as suas marcas a um p&uacute;blico internacional e servir de base para uma futura entrada nos mercados do Interior da China, designadamente na Zona de Coopera&ccedil;&atilde;o Aprofundada entre Guangdong e Macau em Hengqin e a Grande Ba&iacute;a Guangdong-Hong Kong-Macau.<\/p>\n<p style=\"text-align:justify\">Em particular, uma marca espanhola de joalharia, sediada em Espanha e com mais de 200 lojas em 30 pa&iacute;ses, agendou uma visita a Macau no final de Outubro para avaliar o ambiente de neg&oacute;cios e as superf&iacute;cies comerciais dispon&iacute;veis. Por outro lado, uma empresa portuguesa demonstrou grande interesse no Plano de Apoio e tenciona integrar Macau nos seus planos de expans&atilde;o internacional. Como primeiro passo, pretende procurar parceiros locais para estabelecer a marca na cidade e cooperar com a comunidade empresarial de Macau na promo&ccedil;&atilde;o de produtos portugueses caracter&iacute;sticos. Tal contribuir&aacute; igualmente para alargar e consolidar as cadeias de abastecimento e as bases de clientes do sector empresarial local.<\/p>\n<p style=\"text-align:justify\"><strong>Candidaturas ao Plano de Apoio arrancam em Novembro, com apoios financeiros de at&eacute; 1 milh&atilde;o de patacas<\/strong><\/p>\n<p style=\"text-align:justify\">O Plano de Apoio &eacute; implementado pelo IPIM, em coopera&ccedil;&atilde;o com o Fundo de Desenvolvimento Industrial e de Comercializa&ccedil;&atilde;o. A primeira fase de candidaturas estar&aacute; aberta de 1 de Novembro de 2025 a 31 de Janeiro de 2026. O Plano prev&ecirc; um apoio financeiro m&aacute;ximo de 1 milh&atilde;o de patacas para apoiar custos de arranque e de explora&ccedil;&atilde;o de marcas internacionais qualificadas, nomeadamente de Portugal e de Espanha, que se fixam pela primeira vez em Macau e abram a sua \u201cprimeira loja\u201d na cidade. O objectivo &eacute; refor&ccedil;ar a cultura de consumo em Macau e aumentar a atractividade do ambiente de neg&oacute;cios local.<\/p>\n<p style=\"text-align:justify\"><strong>Promo&ccedil;&atilde;o da C-PLPEX e convite a visitar Macau<\/strong><\/p>\n<p style=\"text-align:justify\">O IPIM aproveitou a ocasi&atilde;o para divulgar as mais recentes vantagens de Macau junto de associa&ccedil;&otilde;es\/c&acirc;maras comerciais, empres&aacute;rios e representantes do sector local. Destacou-se a \u201c2.&ordf; Exposi&ccedil;&atilde;o Econ&oacute;mica e Comercial China-Pa&iacute;ses de L&iacute;ngua Portuguesa (Macau)\u201d (2.&ordf; C-PLPEX), que se realizar&aacute; em Macau de 22 a 25 de Outubro. As empresas portuguesas e espanholas foram convidadas a participar no evento e a efectuar visitas de prospec&ccedil;&atilde;o a Macau, para conhecerem melhor o ambiente de neg&oacute;cios da regi&atilde;o.<\/p>\n","protected":false},"excerpt":{"rendered":"<p>Para impulsionar o desenvolvimento da \u201ceconomia da primeira loja\u201d em Macau, o Instituto de Promo&ccedil;&atilde;o do Com&eacute;rcio e do Investimento da RAEM (doravante \u201cIPIM\u201d) realizou, [&hellip;]<\/p>\n","protected":false},"author":0,"featured_media":501769,"comment_status":"closed","ping_status":"closed","sticky":false,"template":"","format":"standard","meta":{"_acf_changed":false,"inline_featured_image":false,"advgb_blocks_editor_width":"","advgb_blocks_columns_visual_guide":"","footnotes":""},"categories":[12],"tags":[],"class_list":["post-501746","post","type-post","status-publish","format-standard","has-post-thumbnail","hentry","category-noticias-do-ipim"],"acf":[],"yoast_head":"<!-- This site is optimized with the Yoast SEO plugin v26.2 - https:\/\/yoast.com\/wordpress\/plugins\/seo\/ -->\r\n<title>[2025\/10\/13] Arranque da economia da primeira loja: Promo\u00e7\u00e3o de investimento portugu\u00eas e espanhol com recep\u00e7\u00e3o positiva | Commerce and Investment Promotion Institute<\/title>\r\n<meta name=\"robots\" content=\"index, follow, max-snippet:-1, max-image-preview:large, max-video-preview:-1\" \/>\r\n<link rel=\"canonical\" href=\"https:\/\/www.ipim.gov.mo\/pt-pt\/noticias-do-ipim\/2025-10-13-arranque-da-economia-da-primeira-loja-promocao-de-investimento-portugues-e-espanhol-com-recepcao-positiva\/\" \/>\r\n<meta property=\"og:locale\" content=\"pt_PT\" \/>\r\n<meta property=\"og:type\" content=\"article\" \/>\r\n<meta property=\"og:title\" content=\"[2025\/10\/13] Arranque da economia da primeira loja: Promo\u00e7\u00e3o de investimento portugu\u00eas e espanhol com recep\u00e7\u00e3o positiva | Commerce and Investment Promotion Institute\" \/>\r\n<meta property=\"og:description\" content=\"Para impulsionar o desenvolvimento da \u201ceconomia da primeira loja\u201d em Macau, o Instituto de Promo&ccedil;&atilde;o do Com&eacute;rcio e do Investimento da RAEM (doravante \u201cIPIM\u201d) realizou, [&hellip;]\" \/>\r\n<meta property=\"og:url\" content=\"https:\/\/www.ipim.gov.mo\/pt-pt\/noticias-do-ipim\/2025-10-13-arranque-da-economia-da-primeira-loja-promocao-de-investimento-portugues-e-espanhol-com-recepcao-positiva\/\" \/>\r\n<meta property=\"og:site_name\" content=\"Commerce and Investment Promotion Institute\" \/>\r\n<meta property=\"article:published_time\" content=\"2025-10-13T08:02:00+00:00\" \/>\r\n<meta property=\"article:modified_time\" content=\"2025-10-14T09:52:06+00:00\" \/>\r\n<meta property=\"og:image\" content=\"https:\/\/www.ipim.gov.mo\/wp-content\/uploads\/2025\/10\/N25JM8rlf3__t20251014171629.jpg\" \/>\r\n\t<meta property=\"og:image:width\" content=\"320\" \/>\r\n\t<meta property=\"og:image:height\" content=\"180\" \/>\r\n\t<meta property=\"og:image:type\" content=\"image\/jpeg\" \/>\r\n<meta name=\"twitter:card\" content=\"summary_large_image\" \/>\r\n<meta name=\"twitter:label1\" content=\"Est. reading time\" \/>\n\t<meta name=\"twitter:data1\" content=\"4 minutes\" \/>\r\n<script type=\"application\/ld+json\" class=\"yoast-schema-graph\">{\"@context\":\"https:\/\/schema.org\",\"@graph\":[{\"@type\":\"WebPage\",\"@id\":\"https:\/\/www.ipim.gov.mo\/pt-pt\/noticias-do-ipim\/2025-10-13-arranque-da-economia-da-primeira-loja-promocao-de-investimento-portugues-e-espanhol-com-recepcao-positiva\/\",\"url\":\"https:\/\/www.ipim.gov.mo\/pt-pt\/noticias-do-ipim\/2025-10-13-arranque-da-economia-da-primeira-loja-promocao-de-investimento-portugues-e-espanhol-com-recepcao-positiva\/\",\"name\":\"[2025\/10\/13] Arranque da economia da primeira loja: Promo\u00e7\u00e3o de investimento portugu\u00eas e espanhol com recep\u00e7\u00e3o positiva | Commerce and Investment Promotion Institute\",\"isPartOf\":{\"@id\":\"https:\/\/www.ipim.gov.mo\/zh-hans\/#website\"},\"primaryImageOfPage\":{\"@id\":\"https:\/\/www.ipim.gov.mo\/pt-pt\/noticias-do-ipim\/2025-10-13-arranque-da-economia-da-primeira-loja-promocao-de-investimento-portugues-e-espanhol-com-recepcao-positiva\/#primaryimage\"},\"image\":{\"@id\":\"https:\/\/www.ipim.gov.mo\/pt-pt\/noticias-do-ipim\/2025-10-13-arranque-da-economia-da-primeira-loja-promocao-de-investimento-portugues-e-espanhol-com-recepcao-positiva\/#primaryimage\"},\"thumbnailUrl\":\"https:\/\/www.ipim.gov.mo\/wp-content\/uploads\/2025\/10\/N25JM8rlf3__t20251014171629.jpg\",\"datePublished\":\"2025-10-13T08:02:00+00:00\",\"dateModified\":\"2025-10-14T09:52:06+00:00\",\"breadcrumb\":{\"@id\":\"https:\/\/www.ipim.gov.mo\/pt-pt\/noticias-do-ipim\/2025-10-13-arranque-da-economia-da-primeira-loja-promocao-de-investimento-portugues-e-espanhol-com-recepcao-positiva\/#breadcrumb\"},\"inLanguage\":\"pt-PT\",\"potentialAction\":[{\"@type\":\"ReadAction\",\"target\":[\"https:\/\/www.ipim.gov.mo\/pt-pt\/noticias-do-ipim\/2025-10-13-arranque-da-economia-da-primeira-loja-promocao-de-investimento-portugues-e-espanhol-com-recepcao-positiva\/\"]}]},{\"@type\":\"ImageObject\",\"inLanguage\":\"pt-PT\",\"@id\":\"https:\/\/www.ipim.gov.mo\/pt-pt\/noticias-do-ipim\/2025-10-13-arranque-da-economia-da-primeira-loja-promocao-de-investimento-portugues-e-espanhol-com-recepcao-positiva\/#primaryimage\",\"url\":\"https:\/\/www.ipim.gov.mo\/wp-content\/uploads\/2025\/10\/N25JM8rlf3__t20251014171629.jpg\",\"contentUrl\":\"https:\/\/www.ipim.gov.mo\/wp-content\/uploads\/2025\/10\/N25JM8rlf3__t20251014171629.jpg\",\"width\":320,\"height\":180},{\"@type\":\"BreadcrumbList\",\"@id\":\"https:\/\/www.ipim.gov.mo\/pt-pt\/noticias-do-ipim\/2025-10-13-arranque-da-economia-da-primeira-loja-promocao-de-investimento-portugues-e-espanhol-com-recepcao-positiva\/#breadcrumb\",\"itemListElement\":[{\"@type\":\"ListItem\",\"position\":1,\"name\":\"Home\",\"item\":\"https:\/\/www.ipim.gov.mo\/pt-pt\/\"},{\"@type\":\"ListItem\",\"position\":2,\"name\":\"[2025\/10\/13] Arranque da economia da primeira loja: Promo\u00e7\u00e3o de investimento portugu\u00eas e espanhol com recep\u00e7\u00e3o positiva\"}]},{\"@type\":\"WebSite\",\"@id\":\"https:\/\/www.ipim.gov.mo\/zh-hans\/#website\",\"url\":\"https:\/\/www.ipim.gov.mo\/zh-hans\/\",\"name\":\"Commerce and Investment Promotion Institute\",\"description\":\"Commerce and Investment Promotion Institute\",\"publisher\":{\"@id\":\"https:\/\/www.ipim.gov.mo\/zh-hans\/#organization\"},\"potentialAction\":[{\"@type\":\"SearchAction\",\"target\":{\"@type\":\"EntryPoint\",\"urlTemplate\":\"https:\/\/www.ipim.gov.mo\/zh-hans\/?s={search_term_string}\"},\"query-input\":{\"@type\":\"PropertyValueSpecification\",\"valueRequired\":true,\"valueName\":\"search_term_string\"}}],\"inLanguage\":\"pt-PT\"},{\"@type\":\"Organization\",\"@id\":\"https:\/\/www.ipim.gov.mo\/zh-hans\/#organization\",\"name\":\"IPIM\",\"url\":\"https:\/\/www.ipim.gov.mo\/zh-hans\/\",\"logo\":{\"@type\":\"ImageObject\",\"inLanguage\":\"pt-PT\",\"@id\":\"https:\/\/www.ipim.gov.mo\/zh-hans\/#\/schema\/logo\/image\/\",\"url\":\"https:\/\/www.ipim.gov.mo\/wp-content\/uploads\/2022\/10\/default-post-thumbnail-ipim-logo.png\",\"contentUrl\":\"https:\/\/www.ipim.gov.mo\/wp-content\/uploads\/2022\/10\/default-post-thumbnail-ipim-logo.png\",\"width\":1024,\"height\":768,\"caption\":\"IPIM\"},\"image\":{\"@id\":\"https:\/\/www.ipim.gov.mo\/zh-hans\/#\/schema\/logo\/image\/\"}}]}<\/script>\r\n<!-- \/ Yoast SEO plugin. -->","yoast_head_json":{"title":"[2025\/10\/13] Arranque da economia da primeira loja: Promo\u00e7\u00e3o de investimento portugu\u00eas e espanhol com recep\u00e7\u00e3o positiva | Commerce and Investment Promotion Institute","robots":{"index":"index","follow":"follow","max-snippet":"max-snippet:-1","max-image-preview":"max-image-preview:large","max-video-preview":"max-video-preview:-1"},"canonical":"https:\/\/www.ipim.gov.mo\/pt-pt\/noticias-do-ipim\/2025-10-13-arranque-da-economia-da-primeira-loja-promocao-de-investimento-portugues-e-espanhol-com-recepcao-positiva\/","og_locale":"pt_PT","og_type":"article","og_title":"[2025\/10\/13] Arranque da economia da primeira loja: Promo\u00e7\u00e3o de investimento portugu\u00eas e espanhol com recep\u00e7\u00e3o positiva | Commerce and Investment Promotion Institute","og_description":"Para impulsionar o desenvolvimento da \u201ceconomia da primeira loja\u201d em Macau, o Instituto de Promo&ccedil;&atilde;o do Com&eacute;rcio e do Investimento da RAEM (doravante \u201cIPIM\u201d) realizou, [&hellip;]","og_url":"https:\/\/www.ipim.gov.mo\/pt-pt\/noticias-do-ipim\/2025-10-13-arranque-da-economia-da-primeira-loja-promocao-de-investimento-portugues-e-espanhol-com-recepcao-positiva\/","og_site_name":"Commerce and Investment Promotion Institute","article_published_time":"2025-10-13T08:02:00+00:00","article_modified_time":"2025-10-14T09:52:06+00:00","og_image":[{"width":320,"height":180,"url":"https:\/\/www.ipim.gov.mo\/wp-content\/uploads\/2025\/10\/N25JM8rlf3__t20251014171629.jpg","type":"image\/jpeg"}],"twitter_card":"summary_large_image","twitter_misc":{"Est. reading time":"4 minutes"},"schema":{"@context":"https:\/\/schema.org","@graph":[{"@type":"WebPage","@id":"https:\/\/www.ipim.gov.mo\/pt-pt\/noticias-do-ipim\/2025-10-13-arranque-da-economia-da-primeira-loja-promocao-de-investimento-portugues-e-espanhol-com-recepcao-positiva\/","url":"https:\/\/www.ipim.gov.mo\/pt-pt\/noticias-do-ipim\/2025-10-13-arranque-da-economia-da-primeira-loja-promocao-de-investimento-portugues-e-espanhol-com-recepcao-positiva\/","name":"[2025\/10\/13] Arranque da economia da primeira loja: Promo\u00e7\u00e3o de investimento portugu\u00eas e espanhol com recep\u00e7\u00e3o positiva | Commerce and Investment Promotion Institute","isPartOf":{"@id":"https:\/\/www.ipim.gov.mo\/zh-hans\/#website"},"primaryImageOfPage":{"@id":"https:\/\/www.ipim.gov.mo\/pt-pt\/noticias-do-ipim\/2025-10-13-arranque-da-economia-da-primeira-loja-promocao-de-investimento-portugues-e-espanhol-com-recepcao-positiva\/#primaryimage"},"image":{"@id":"https:\/\/www.ipim.gov.mo\/pt-pt\/noticias-do-ipim\/2025-10-13-arranque-da-economia-da-primeira-loja-promocao-de-investimento-portugues-e-espanhol-com-recepcao-positiva\/#primaryimage"},"thumbnailUrl":"https:\/\/www.ipim.gov.mo\/wp-content\/uploads\/2025\/10\/N25JM8rlf3__t20251014171629.jpg","datePublished":"2025-10-13T08:02:00+00:00","dateModified":"2025-10-14T09:52:06+00:00","breadcrumb":{"@id":"https:\/\/www.ipim.gov.mo\/pt-pt\/noticias-do-ipim\/2025-10-13-arranque-da-economia-da-primeira-loja-promocao-de-investimento-portugues-e-espanhol-com-recepcao-positiva\/#breadcrumb"},"inLanguage":"pt-PT","potentialAction":[{"@type":"ReadAction","target":["https:\/\/www.ipim.gov.mo\/pt-pt\/noticias-do-ipim\/2025-10-13-arranque-da-economia-da-primeira-loja-promocao-de-investimento-portugues-e-espanhol-com-recepcao-positiva\/"]}]},{"@type":"ImageObject","inLanguage":"pt-PT","@id":"https:\/\/www.ipim.gov.mo\/pt-pt\/noticias-do-ipim\/2025-10-13-arranque-da-economia-da-primeira-loja-promocao-de-investimento-portugues-e-espanhol-com-recepcao-positiva\/#primaryimage","url":"https:\/\/www.ipim.gov.mo\/wp-content\/uploads\/2025\/10\/N25JM8rlf3__t20251014171629.jpg","contentUrl":"https:\/\/www.ipim.gov.mo\/wp-content\/uploads\/2025\/10\/N25JM8rlf3__t20251014171629.jpg","width":320,"height":180},{"@type":"BreadcrumbList","@id":"https:\/\/www.ipim.gov.mo\/pt-pt\/noticias-do-ipim\/2025-10-13-arranque-da-economia-da-primeira-loja-promocao-de-investimento-portugues-e-espanhol-com-recepcao-positiva\/#breadcrumb","itemListElement":[{"@type":"ListItem","position":1,"name":"Home","item":"https:\/\/www.ipim.gov.mo\/pt-pt\/"},{"@type":"ListItem","position":2,"name":"[2025\/10\/13] Arranque da economia da primeira loja: Promo\u00e7\u00e3o de investimento portugu\u00eas e espanhol com recep\u00e7\u00e3o positiva"}]},{"@type":"WebSite","@id":"https:\/\/www.ipim.gov.mo\/zh-hans\/#website","url":"https:\/\/www.ipim.gov.mo\/zh-hans\/","name":"Commerce and Investment Promotion Institute","description":"Commerce and Investment Promotion Institute","publisher":{"@id":"https:\/\/www.ipim.gov.mo\/zh-hans\/#organization"},"potentialAction":[{"@type":"SearchAction","target":{"@type":"EntryPoint","urlTemplate":"https:\/\/www.ipim.gov.mo\/zh-hans\/?s={search_term_string}"},"query-input":{"@type":"PropertyValueSpecification","valueRequired":true,"valueName":"search_term_string"}}],"inLanguage":"pt-PT"},{"@type":"Organization","@id":"https:\/\/www.ipim.gov.mo\/zh-hans\/#organization","name":"IPIM","url":"https:\/\/www.ipim.gov.mo\/zh-hans\/","logo":{"@type":"ImageObject","inLanguage":"pt-PT","@id":"https:\/\/www.ipim.gov.mo\/zh-hans\/#\/schema\/logo\/image\/","url":"https:\/\/www.ipim.gov.mo\/wp-content\/uploads\/2022\/10\/default-post-thumbnail-ipim-logo.png","contentUrl":"https:\/\/www.ipim.gov.mo\/wp-content\/uploads\/2022\/10\/default-post-thumbnail-ipim-logo.png","width":1024,"height":768,"caption":"IPIM"},"image":{"@id":"https:\/\/www.ipim.gov.mo\/zh-hans\/#\/schema\/logo\/image\/"}}]}},"author_meta":{"display_name":"","author_link":"https:\/\/www.ipim.gov.mo\/pt-pt\/author\/"},"featured_img":"https:\/\/www.ipim.gov.mo\/wp-content\/uploads\/2025\/10\/N25JM8rlf3__t20251014171629-300x169.jpg","coauthors":[],"tax_additional":{"categories":{"linked":["<a href=\"https:\/\/www.ipim.gov.mo\/pt-pt\/category\/noticias-do-ipim\/\" class=\"advgb-post-tax-term\">Not\u00edcias do IPIM<\/a>"],"unlinked":["<span class=\"advgb-post-tax-term\">Not\u00edcias do IPIM<\/span>"]}},"comment_count":"0","relative_dates":{"created":"Posted 7 months ago","modified":"Updated 6 months ago"},"absolute_dates":{"created":"Posted on Outubro 13, 2025","modified":"Updated on Outubro 14, 2025"},"absolute_dates_time":{"created":"Posted on Outubro 13, 2025 4:02 pm","modified":"Updated on Outubro 14, 2025 5:52 pm"},"featured_img_caption":"","series_order":"","_links":{"self":[{"href":"https:\/\/www.ipim.gov.mo\/pt-pt\/wp-json\/wp\/v2\/posts\/501746","targetHints":{"allow":["GET"]}}],"collection":[{"href":"https:\/\/www.ipim.gov.mo\/pt-pt\/wp-json\/wp\/v2\/posts"}],"about":[{"href":"https:\/\/www.ipim.gov.mo\/pt-pt\/wp-json\/wp\/v2\/types\/post"}],"replies":[{"embeddable":true,"href":"https:\/\/www.ipim.gov.mo\/pt-pt\/wp-json\/wp\/v2\/comments?post=501746"}],"version-history":[{"count":1,"href":"https:\/\/www.ipim.gov.mo\/pt-pt\/wp-json\/wp\/v2\/posts\/501746\/revisions"}],"predecessor-version":[{"id":501768,"href":"https:\/\/www.ipim.gov.mo\/pt-pt\/wp-json\/wp\/v2\/posts\/501746\/revisions\/501768"}],"wp:featuredmedia":[{"embeddable":true,"href":"https:\/\/www.ipim.gov.mo\/pt-pt\/wp-json\/wp\/v2\/media\/501769"}],"wp:attachment":[{"href":"https:\/\/www.ipim.gov.mo\/pt-pt\/wp-json\/wp\/v2\/media?parent=501746"}],"wp:term":[{"taxonomy":"category","embeddable":true,"href":"https:\/\/www.ipim.gov.mo\/pt-pt\/wp-json\/wp\/v2\/categories?post=501746"},{"taxonomy":"post_tag","embeddable":true,"href":"https:\/\/www.ipim.gov.mo\/pt-pt\/wp-json\/wp\/v2\/tags?post=501746"}],"curies":[{"name":"wp","href":"https:\/\/api.w.org\/{rel}","templated":true}]}}