{"id":501271,"date":"2025-09-22T16:18:00","date_gmt":"2025-09-22T08:18:00","guid":{"rendered":"https:\/\/www.ipim.gov.mo\/?p=501271"},"modified":"2025-09-22T17:54:04","modified_gmt":"2025-09-22T09:54:04","slug":"2025-09-22-devido-a-passagem-do-tufao-ragasa-o-forum-global-de-madeira-legal-e-sustentavel-2025-glstf2025-na-sigla-inglesa-sera-cancelado","status":"publish","type":"post","link":"https:\/\/www.ipim.gov.mo\/pt-pt\/noticias-do-ipim\/2025-09-22-devido-a-passagem-do-tufao-ragasa-o-forum-global-de-madeira-legal-e-sustentavel-2025-glstf2025-na-sigla-inglesa-sera-cancelado\/","title":{"rendered":"[2025\/09\/22] Devido \u00e0 passagem do tuf\u00e3o Ragasa, o F\u00f3rum Global de Madeira Legal e Sustent\u00e1vel 2025 (GLSTF2025, na sigla inglesa) ser\u00e1 cancelado"},"content":{"rendered":"<p style=\"text-align:justify\">Em resposta &agrave; passagem do tuf&atilde;o Ragasa, o F&oacute;rum Global de Madeira Legal e Sustent&aacute;vel 2025 (GLSTF2025, na sigla inglesa), originalmente agendado para os dias 23 e 24 de Setembro no MGM Cotai, em Macau, ser&aacute; cancelado.<\/p>\n<p style=\"text-align:justify\">O Instituto de Promo&ccedil;&atilde;o do Com&eacute;rcio e do Investimento (IPIM) e a Organiza&ccedil;&atilde;o Internacional de Madeiras Tropicais (ITTO), enquanto entidades organizadoras, est&atilde;o a proceder activamente aos trabalhos subsequentes, informando atempadamente os convidados participantes, expositores e demais intervenientes sobre as altera&ccedil;&otilde;es do evento atrav&eacute;s de m&uacute;ltiplos canais.<\/p>\n<p style=\"text-align:justify\">Os organizadores lamentam profundamente os eventuais inconvenientes causados pelas altera&ccedil;&otilde;es do evento, solicitando a vossa melhor compreens&atilde;o. Para informa&ccedil;&otilde;es mais actualizadas, queira consultar a p&aacute;gina oficial do f&oacute;rum: http:\/\/www.glstf.net\/. Em caso de d&uacute;vidas, contacte-nos atrav&eacute;s do telefone (+853) 65576931 ou do email: glstf@itto-ggsc.org.<\/p>\n","protected":false},"excerpt":{"rendered":"<p>Em resposta &agrave; passagem do tuf&atilde;o Ragasa, o F&oacute;rum Global de Madeira Legal e Sustent&aacute;vel 2025 (GLSTF2025, na sigla inglesa), originalmente agendado para os dias [&hellip;]<\/p>\n","protected":false},"author":0,"featured_media":501301,"comment_status":"closed","ping_status":"closed","sticky":false,"template":"","format":"standard","meta":{"_acf_changed":false,"inline_featured_image":false,"advgb_blocks_editor_width":"","advgb_blocks_columns_visual_guide":"","footnotes":""},"categories":[12],"tags":[],"class_list":["post-501271","post","type-post","status-publish","format-standard","has-post-thumbnail","hentry","category-noticias-do-ipim"],"acf":[],"yoast_head":"<!-- This site is optimized with the Yoast SEO plugin v26.2 - https:\/\/yoast.com\/wordpress\/plugins\/seo\/ -->\r\n<title>[2025\/09\/22] Devido \u00e0 passagem do tuf\u00e3o Ragasa, o F\u00f3rum Global de Madeira Legal e Sustent\u00e1vel 2025 (GLSTF2025, na sigla inglesa) ser\u00e1 cancelado | Commerce and Investment Promotion Institute<\/title>\r\n<meta name=\"robots\" content=\"index, follow, max-snippet:-1, max-image-preview:large, max-video-preview:-1\" \/>\r\n<link rel=\"canonical\" href=\"https:\/\/www.ipim.gov.mo\/pt-pt\/noticias-do-ipim\/2025-09-22-devido-a-passagem-do-tufao-ragasa-o-forum-global-de-madeira-legal-e-sustentavel-2025-glstf2025-na-sigla-inglesa-sera-cancelado\/\" \/>\r\n<meta property=\"og:locale\" content=\"pt_PT\" \/>\r\n<meta property=\"og:type\" content=\"article\" \/>\r\n<meta property=\"og:title\" content=\"[2025\/09\/22] Devido \u00e0 passagem do tuf\u00e3o Ragasa, o F\u00f3rum Global de Madeira Legal e Sustent\u00e1vel 2025 (GLSTF2025, na sigla inglesa) ser\u00e1 cancelado | Commerce and Investment Promotion Institute\" \/>\r\n<meta property=\"og:description\" content=\"Em resposta &agrave; passagem do tuf&atilde;o Ragasa, o F&oacute;rum Global de Madeira Legal e Sustent&aacute;vel 2025 (GLSTF2025, na sigla inglesa), originalmente agendado para os dias [&hellip;]\" \/>\r\n<meta property=\"og:url\" content=\"https:\/\/www.ipim.gov.mo\/pt-pt\/noticias-do-ipim\/2025-09-22-devido-a-passagem-do-tufao-ragasa-o-forum-global-de-madeira-legal-e-sustentavel-2025-glstf2025-na-sigla-inglesa-sera-cancelado\/\" \/>\r\n<meta property=\"og:site_name\" content=\"Commerce and Investment Promotion Institute\" \/>\r\n<meta property=\"article:published_time\" content=\"2025-09-22T08:18:00+00:00\" \/>\r\n<meta property=\"article:modified_time\" content=\"2025-09-22T09:54:04+00:00\" \/>\r\n<meta property=\"og:image\" content=\"https:\/\/www.ipim.gov.mo\/wp-content\/uploads\/2025\/09\/N25IVH3OBR__t20250922230600.jpg\" \/>\r\n\t<meta property=\"og:image:width\" content=\"320\" \/>\r\n\t<meta property=\"og:image:height\" content=\"180\" \/>\r\n\t<meta property=\"og:image:type\" content=\"image\/jpeg\" \/>\r\n<meta name=\"twitter:card\" content=\"summary_large_image\" \/>\r\n<meta name=\"twitter:label1\" content=\"Est. reading time\" \/>\n\t<meta name=\"twitter:data1\" content=\"1 minute\" \/>\r\n<script type=\"application\/ld+json\" class=\"yoast-schema-graph\">{\"@context\":\"https:\/\/schema.org\",\"@graph\":[{\"@type\":\"WebPage\",\"@id\":\"https:\/\/www.ipim.gov.mo\/pt-pt\/noticias-do-ipim\/2025-09-22-devido-a-passagem-do-tufao-ragasa-o-forum-global-de-madeira-legal-e-sustentavel-2025-glstf2025-na-sigla-inglesa-sera-cancelado\/\",\"url\":\"https:\/\/www.ipim.gov.mo\/pt-pt\/noticias-do-ipim\/2025-09-22-devido-a-passagem-do-tufao-ragasa-o-forum-global-de-madeira-legal-e-sustentavel-2025-glstf2025-na-sigla-inglesa-sera-cancelado\/\",\"name\":\"[2025\/09\/22] Devido \u00e0 passagem do tuf\u00e3o Ragasa, o F\u00f3rum Global de Madeira Legal e Sustent\u00e1vel 2025 (GLSTF2025, na sigla inglesa) ser\u00e1 cancelado | Commerce and Investment Promotion Institute\",\"isPartOf\":{\"@id\":\"https:\/\/www.ipim.gov.mo\/zh-hans\/#website\"},\"primaryImageOfPage\":{\"@id\":\"https:\/\/www.ipim.gov.mo\/pt-pt\/noticias-do-ipim\/2025-09-22-devido-a-passagem-do-tufao-ragasa-o-forum-global-de-madeira-legal-e-sustentavel-2025-glstf2025-na-sigla-inglesa-sera-cancelado\/#primaryimage\"},\"image\":{\"@id\":\"https:\/\/www.ipim.gov.mo\/pt-pt\/noticias-do-ipim\/2025-09-22-devido-a-passagem-do-tufao-ragasa-o-forum-global-de-madeira-legal-e-sustentavel-2025-glstf2025-na-sigla-inglesa-sera-cancelado\/#primaryimage\"},\"thumbnailUrl\":\"https:\/\/www.ipim.gov.mo\/wp-content\/uploads\/2025\/09\/N25IVH3OBR__t20250922230600.jpg\",\"datePublished\":\"2025-09-22T08:18:00+00:00\",\"dateModified\":\"2025-09-22T09:54:04+00:00\",\"breadcrumb\":{\"@id\":\"https:\/\/www.ipim.gov.mo\/pt-pt\/noticias-do-ipim\/2025-09-22-devido-a-passagem-do-tufao-ragasa-o-forum-global-de-madeira-legal-e-sustentavel-2025-glstf2025-na-sigla-inglesa-sera-cancelado\/#breadcrumb\"},\"inLanguage\":\"pt-PT\",\"potentialAction\":[{\"@type\":\"ReadAction\",\"target\":[\"https:\/\/www.ipim.gov.mo\/pt-pt\/noticias-do-ipim\/2025-09-22-devido-a-passagem-do-tufao-ragasa-o-forum-global-de-madeira-legal-e-sustentavel-2025-glstf2025-na-sigla-inglesa-sera-cancelado\/\"]}]},{\"@type\":\"ImageObject\",\"inLanguage\":\"pt-PT\",\"@id\":\"https:\/\/www.ipim.gov.mo\/pt-pt\/noticias-do-ipim\/2025-09-22-devido-a-passagem-do-tufao-ragasa-o-forum-global-de-madeira-legal-e-sustentavel-2025-glstf2025-na-sigla-inglesa-sera-cancelado\/#primaryimage\",\"url\":\"https:\/\/www.ipim.gov.mo\/wp-content\/uploads\/2025\/09\/N25IVH3OBR__t20250922230600.jpg\",\"contentUrl\":\"https:\/\/www.ipim.gov.mo\/wp-content\/uploads\/2025\/09\/N25IVH3OBR__t20250922230600.jpg\",\"width\":320,\"height\":180},{\"@type\":\"BreadcrumbList\",\"@id\":\"https:\/\/www.ipim.gov.mo\/pt-pt\/noticias-do-ipim\/2025-09-22-devido-a-passagem-do-tufao-ragasa-o-forum-global-de-madeira-legal-e-sustentavel-2025-glstf2025-na-sigla-inglesa-sera-cancelado\/#breadcrumb\",\"itemListElement\":[{\"@type\":\"ListItem\",\"position\":1,\"name\":\"Home\",\"item\":\"https:\/\/www.ipim.gov.mo\/pt-pt\/\"},{\"@type\":\"ListItem\",\"position\":2,\"name\":\"[2025\/09\/22] Devido \u00e0 passagem do tuf\u00e3o Ragasa, o F\u00f3rum Global de Madeira Legal e Sustent\u00e1vel 2025 (GLSTF2025, na sigla inglesa) ser\u00e1 cancelado\"}]},{\"@type\":\"WebSite\",\"@id\":\"https:\/\/www.ipim.gov.mo\/zh-hans\/#website\",\"url\":\"https:\/\/www.ipim.gov.mo\/zh-hans\/\",\"name\":\"Commerce and Investment Promotion Institute\",\"description\":\"Commerce and Investment Promotion Institute\",\"publisher\":{\"@id\":\"https:\/\/www.ipim.gov.mo\/zh-hans\/#organization\"},\"potentialAction\":[{\"@type\":\"SearchAction\",\"target\":{\"@type\":\"EntryPoint\",\"urlTemplate\":\"https:\/\/www.ipim.gov.mo\/zh-hans\/?s={search_term_string}\"},\"query-input\":{\"@type\":\"PropertyValueSpecification\",\"valueRequired\":true,\"valueName\":\"search_term_string\"}}],\"inLanguage\":\"pt-PT\"},{\"@type\":\"Organization\",\"@id\":\"https:\/\/www.ipim.gov.mo\/zh-hans\/#organization\",\"name\":\"IPIM\",\"url\":\"https:\/\/www.ipim.gov.mo\/zh-hans\/\",\"logo\":{\"@type\":\"ImageObject\",\"inLanguage\":\"pt-PT\",\"@id\":\"https:\/\/www.ipim.gov.mo\/zh-hans\/#\/schema\/logo\/image\/\",\"url\":\"https:\/\/www.ipim.gov.mo\/wp-content\/uploads\/2022\/10\/default-post-thumbnail-ipim-logo.png\",\"contentUrl\":\"https:\/\/www.ipim.gov.mo\/wp-content\/uploads\/2022\/10\/default-post-thumbnail-ipim-logo.png\",\"width\":1024,\"height\":768,\"caption\":\"IPIM\"},\"image\":{\"@id\":\"https:\/\/www.ipim.gov.mo\/zh-hans\/#\/schema\/logo\/image\/\"}}]}<\/script>\r\n<!-- \/ Yoast SEO plugin. -->","yoast_head_json":{"title":"[2025\/09\/22] Devido \u00e0 passagem do tuf\u00e3o Ragasa, o F\u00f3rum Global de Madeira Legal e Sustent\u00e1vel 2025 (GLSTF2025, na sigla inglesa) ser\u00e1 cancelado | Commerce and Investment Promotion Institute","robots":{"index":"index","follow":"follow","max-snippet":"max-snippet:-1","max-image-preview":"max-image-preview:large","max-video-preview":"max-video-preview:-1"},"canonical":"https:\/\/www.ipim.gov.mo\/pt-pt\/noticias-do-ipim\/2025-09-22-devido-a-passagem-do-tufao-ragasa-o-forum-global-de-madeira-legal-e-sustentavel-2025-glstf2025-na-sigla-inglesa-sera-cancelado\/","og_locale":"pt_PT","og_type":"article","og_title":"[2025\/09\/22] Devido \u00e0 passagem do tuf\u00e3o Ragasa, o F\u00f3rum Global de Madeira Legal e Sustent\u00e1vel 2025 (GLSTF2025, na sigla inglesa) ser\u00e1 cancelado | Commerce and Investment Promotion Institute","og_description":"Em resposta &agrave; passagem do tuf&atilde;o Ragasa, o F&oacute;rum Global de Madeira Legal e Sustent&aacute;vel 2025 (GLSTF2025, na sigla inglesa), originalmente agendado para os dias [&hellip;]","og_url":"https:\/\/www.ipim.gov.mo\/pt-pt\/noticias-do-ipim\/2025-09-22-devido-a-passagem-do-tufao-ragasa-o-forum-global-de-madeira-legal-e-sustentavel-2025-glstf2025-na-sigla-inglesa-sera-cancelado\/","og_site_name":"Commerce and Investment Promotion Institute","article_published_time":"2025-09-22T08:18:00+00:00","article_modified_time":"2025-09-22T09:54:04+00:00","og_image":[{"width":320,"height":180,"url":"https:\/\/www.ipim.gov.mo\/wp-content\/uploads\/2025\/09\/N25IVH3OBR__t20250922230600.jpg","type":"image\/jpeg"}],"twitter_card":"summary_large_image","twitter_misc":{"Est. reading time":"1 minute"},"schema":{"@context":"https:\/\/schema.org","@graph":[{"@type":"WebPage","@id":"https:\/\/www.ipim.gov.mo\/pt-pt\/noticias-do-ipim\/2025-09-22-devido-a-passagem-do-tufao-ragasa-o-forum-global-de-madeira-legal-e-sustentavel-2025-glstf2025-na-sigla-inglesa-sera-cancelado\/","url":"https:\/\/www.ipim.gov.mo\/pt-pt\/noticias-do-ipim\/2025-09-22-devido-a-passagem-do-tufao-ragasa-o-forum-global-de-madeira-legal-e-sustentavel-2025-glstf2025-na-sigla-inglesa-sera-cancelado\/","name":"[2025\/09\/22] Devido \u00e0 passagem do tuf\u00e3o Ragasa, o F\u00f3rum Global de Madeira Legal e Sustent\u00e1vel 2025 (GLSTF2025, na sigla inglesa) ser\u00e1 cancelado | Commerce and Investment Promotion Institute","isPartOf":{"@id":"https:\/\/www.ipim.gov.mo\/zh-hans\/#website"},"primaryImageOfPage":{"@id":"https:\/\/www.ipim.gov.mo\/pt-pt\/noticias-do-ipim\/2025-09-22-devido-a-passagem-do-tufao-ragasa-o-forum-global-de-madeira-legal-e-sustentavel-2025-glstf2025-na-sigla-inglesa-sera-cancelado\/#primaryimage"},"image":{"@id":"https:\/\/www.ipim.gov.mo\/pt-pt\/noticias-do-ipim\/2025-09-22-devido-a-passagem-do-tufao-ragasa-o-forum-global-de-madeira-legal-e-sustentavel-2025-glstf2025-na-sigla-inglesa-sera-cancelado\/#primaryimage"},"thumbnailUrl":"https:\/\/www.ipim.gov.mo\/wp-content\/uploads\/2025\/09\/N25IVH3OBR__t20250922230600.jpg","datePublished":"2025-09-22T08:18:00+00:00","dateModified":"2025-09-22T09:54:04+00:00","breadcrumb":{"@id":"https:\/\/www.ipim.gov.mo\/pt-pt\/noticias-do-ipim\/2025-09-22-devido-a-passagem-do-tufao-ragasa-o-forum-global-de-madeira-legal-e-sustentavel-2025-glstf2025-na-sigla-inglesa-sera-cancelado\/#breadcrumb"},"inLanguage":"pt-PT","potentialAction":[{"@type":"ReadAction","target":["https:\/\/www.ipim.gov.mo\/pt-pt\/noticias-do-ipim\/2025-09-22-devido-a-passagem-do-tufao-ragasa-o-forum-global-de-madeira-legal-e-sustentavel-2025-glstf2025-na-sigla-inglesa-sera-cancelado\/"]}]},{"@type":"ImageObject","inLanguage":"pt-PT","@id":"https:\/\/www.ipim.gov.mo\/pt-pt\/noticias-do-ipim\/2025-09-22-devido-a-passagem-do-tufao-ragasa-o-forum-global-de-madeira-legal-e-sustentavel-2025-glstf2025-na-sigla-inglesa-sera-cancelado\/#primaryimage","url":"https:\/\/www.ipim.gov.mo\/wp-content\/uploads\/2025\/09\/N25IVH3OBR__t20250922230600.jpg","contentUrl":"https:\/\/www.ipim.gov.mo\/wp-content\/uploads\/2025\/09\/N25IVH3OBR__t20250922230600.jpg","width":320,"height":180},{"@type":"BreadcrumbList","@id":"https:\/\/www.ipim.gov.mo\/pt-pt\/noticias-do-ipim\/2025-09-22-devido-a-passagem-do-tufao-ragasa-o-forum-global-de-madeira-legal-e-sustentavel-2025-glstf2025-na-sigla-inglesa-sera-cancelado\/#breadcrumb","itemListElement":[{"@type":"ListItem","position":1,"name":"Home","item":"https:\/\/www.ipim.gov.mo\/pt-pt\/"},{"@type":"ListItem","position":2,"name":"[2025\/09\/22] Devido \u00e0 passagem do tuf\u00e3o Ragasa, o F\u00f3rum Global de Madeira Legal e Sustent\u00e1vel 2025 (GLSTF2025, na sigla inglesa) ser\u00e1 cancelado"}]},{"@type":"WebSite","@id":"https:\/\/www.ipim.gov.mo\/zh-hans\/#website","url":"https:\/\/www.ipim.gov.mo\/zh-hans\/","name":"Commerce and Investment Promotion Institute","description":"Commerce and Investment Promotion Institute","publisher":{"@id":"https:\/\/www.ipim.gov.mo\/zh-hans\/#organization"},"potentialAction":[{"@type":"SearchAction","target":{"@type":"EntryPoint","urlTemplate":"https:\/\/www.ipim.gov.mo\/zh-hans\/?s={search_term_string}"},"query-input":{"@type":"PropertyValueSpecification","valueRequired":true,"valueName":"search_term_string"}}],"inLanguage":"pt-PT"},{"@type":"Organization","@id":"https:\/\/www.ipim.gov.mo\/zh-hans\/#organization","name":"IPIM","url":"https:\/\/www.ipim.gov.mo\/zh-hans\/","logo":{"@type":"ImageObject","inLanguage":"pt-PT","@id":"https:\/\/www.ipim.gov.mo\/zh-hans\/#\/schema\/logo\/image\/","url":"https:\/\/www.ipim.gov.mo\/wp-content\/uploads\/2022\/10\/default-post-thumbnail-ipim-logo.png","contentUrl":"https:\/\/www.ipim.gov.mo\/wp-content\/uploads\/2022\/10\/default-post-thumbnail-ipim-logo.png","width":1024,"height":768,"caption":"IPIM"},"image":{"@id":"https:\/\/www.ipim.gov.mo\/zh-hans\/#\/schema\/logo\/image\/"}}]}},"author_meta":{"display_name":"","author_link":"https:\/\/www.ipim.gov.mo\/pt-pt\/author\/"},"featured_img":"https:\/\/www.ipim.gov.mo\/wp-content\/uploads\/2025\/09\/N25IVH3OBR__t20250922230600-300x169.jpg","coauthors":[],"tax_additional":{"categories":{"linked":["<a href=\"https:\/\/www.ipim.gov.mo\/pt-pt\/category\/noticias-do-ipim\/\" class=\"advgb-post-tax-term\">Not\u00edcias do IPIM<\/a>"],"unlinked":["<span class=\"advgb-post-tax-term\">Not\u00edcias do IPIM<\/span>"]}},"comment_count":"0","relative_dates":{"created":"Posted 7 months ago","modified":"Updated 7 months ago"},"absolute_dates":{"created":"Posted on Setembro 22, 2025","modified":"Updated on Setembro 22, 2025"},"absolute_dates_time":{"created":"Posted on Setembro 22, 2025 4:18 pm","modified":"Updated on Setembro 22, 2025 5:54 pm"},"featured_img_caption":"","series_order":"","_links":{"self":[{"href":"https:\/\/www.ipim.gov.mo\/pt-pt\/wp-json\/wp\/v2\/posts\/501271","targetHints":{"allow":["GET"]}}],"collection":[{"href":"https:\/\/www.ipim.gov.mo\/pt-pt\/wp-json\/wp\/v2\/posts"}],"about":[{"href":"https:\/\/www.ipim.gov.mo\/pt-pt\/wp-json\/wp\/v2\/types\/post"}],"replies":[{"embeddable":true,"href":"https:\/\/www.ipim.gov.mo\/pt-pt\/wp-json\/wp\/v2\/comments?post=501271"}],"version-history":[{"count":1,"href":"https:\/\/www.ipim.gov.mo\/pt-pt\/wp-json\/wp\/v2\/posts\/501271\/revisions"}],"predecessor-version":[{"id":501283,"href":"https:\/\/www.ipim.gov.mo\/pt-pt\/wp-json\/wp\/v2\/posts\/501271\/revisions\/501283"}],"wp:featuredmedia":[{"embeddable":true,"href":"https:\/\/www.ipim.gov.mo\/pt-pt\/wp-json\/wp\/v2\/media\/501301"}],"wp:attachment":[{"href":"https:\/\/www.ipim.gov.mo\/pt-pt\/wp-json\/wp\/v2\/media?parent=501271"}],"wp:term":[{"taxonomy":"category","embeddable":true,"href":"https:\/\/www.ipim.gov.mo\/pt-pt\/wp-json\/wp\/v2\/categories?post=501271"},{"taxonomy":"post_tag","embeddable":true,"href":"https:\/\/www.ipim.gov.mo\/pt-pt\/wp-json\/wp\/v2\/tags?post=501271"}],"curies":[{"name":"wp","href":"https:\/\/api.w.org\/{rel}","templated":true}]}}