{"id":500981,"date":"2025-09-17T17:39:00","date_gmt":"2025-09-17T09:39:00","guid":{"rendered":"https:\/\/www.ipim.gov.mo\/noticias-do-ipim\/2025-09-17-foco-nas-oportunidades-de-estreia-candidaturas-a-primeira-fase-do-plano-para-o-desenvolvimento-economico-no-ambito-de-apoio-ao-estabelecimento-da-primeira-loja\/"},"modified":"2025-10-31T22:08:29","modified_gmt":"2025-10-31T14:08:29","slug":"2025-09-17-foco-nas-oportunidades-de-estreia-candidaturas-a-primeira-fase-do-plano-para-o-desenvolvimento-economico-no-ambito-de-apoio-ao-estabelecimento-da-primeira-loja","status":"publish","type":"post","link":"https:\/\/www.ipim.gov.mo\/pt-pt\/noticias-do-ipim\/2025-09-17-foco-nas-oportunidades-de-estreia-candidaturas-a-primeira-fase-do-plano-para-o-desenvolvimento-economico-no-ambito-de-apoio-ao-estabelecimento-da-primeira-loja\/","title":{"rendered":"[2025\/09\/17] Foco nas oportunidades de \u201cEstreia\u201d Candidaturas \u00e0 primeira fase do \u201cPlano para o Desenvolvimento Econ\u00f3mico no \u00e2mbito de Apoio ao Estabelecimento da Primeira Loja em Macau\u201d abertas a partir de 1 de Novembro"},"content":{"rendered":"<div style=\"width: 1280px;\" class=\"wp-video\"><!--[if lt IE 9]><script>document.createElement('video');<\/script><![endif]-->\n<video class=\"wp-video-shortcode\" id=\"video-500981-1\" width=\"1280\" height=\"720\" poster=\"https:\/\/www.ipim.gov.mo\/wp-content\/uploads\/2025\/10\/TC_PT_image_2025_10_31.jpg\" preload=\"metadata\" controls=\"controls\"><source type=\"video\/mp4\" src=\"https:\/\/www.ipim.gov.mo\/wp-content\/uploads\/2025\/10\/pt-1.mp4?_=1\" \/><a href=\"https:\/\/www.ipim.gov.mo\/wp-content\/uploads\/2025\/10\/pt-1.mp4\">https:\/\/www.ipim.gov.mo\/wp-content\/uploads\/2025\/10\/pt-1.mp4<\/a><\/video><\/div>\n<div data-ytembed=\"\">\n<p>Foco nas oportunidades de \u201cEstreia\u201d Candidaturas \u00e0 primeira fase do \u201cPlano para o Desenvolvimento Econ\u00f3mico no \u00e2mbito de Apoio ao Estabelecimento da Primeira Loja em Macau\u201d abertas a partir de 1 de Novembro<\/p>\n<\/div>\n<p style=\"text-align: justify;\">Com o objectivo de aumentar a atractividade do ambiente de neg\u00f3cios da cidade, atrair marcas estrangeiras a estabelecerem a sua primeira loja em Macau e enriquecer a oferta de consumo local, o Governo da Regi\u00e3o Administrativa Especial de Macau lan\u00e7ou o \u201cPlano para o Desenvolvimento Econ\u00f3mico no \u00e2mbito de Apoio ao Estabelecimento da Primeira Loja em Macau\u201d (doravante designado por \u201cPlano\u201d). O Plano prev\u00ea apoio financeiro de at\u00e9 um milh\u00e3o patacas para marcas internacionais, marcas do Interior da China, da Regi\u00e3o Administrativa Especial de Hong Kong e da regi\u00e3o de Taiwan que cumprem os requisitos aplic\u00e1veis. As candidaturas \u00e0 primeira fase ser\u00e3o aceites de 1 de Novembro de 2025 a 31 de Janeiro de 2026.<\/p>\n<p style=\"text-align: justify;\">A sess\u00e3o de esclarecimento realizou-se no dia 17 no Centro de Imprensa do Complexo da Plataforma de Servi\u00e7os para a Coopera\u00e7\u00e3o Comercial entre a China e os Pa\u00edses de L\u00edngua Portuguesa. Estiveram presentes o Presidente Substituto do Instituto de Promo\u00e7\u00e3o do Com\u00e9rcio e do Investimento (IPIM), Sam Lei, o Chefe do Departamento de Estudos da Direc\u00e7\u00e3o dos Servi\u00e7os de Economia e Desenvolvimento Tecnol\u00f3gico (DSEDT), Lei Sio Sang, e o Director do Departamento dos Assuntos de Capta\u00e7\u00e3o de Investimento e de Desenvolvimento Econ\u00f3mico e Comercial do IPIM, Chao Pang. Participaram aproximadamente 120 representantes de associa\u00e7\u00f5es comerciais, associa\u00e7\u00f5es de moradores de v\u00e1rios bairros e meios de comunica\u00e7\u00e3o social locais.<\/p>\n<p style=\"text-align: justify;\"><strong>Impulsionar a economia comunit\u00e1ria, visando atrair mais de 20 marcas estrangeiras<\/strong><\/p>\n<p style=\"text-align: justify;\">O Presidente Substituto do IPIM, Sam Lei, afirmou que, na primeira fase, o \u201cPlano\u201d ambiciona atrair mais de 20 marcas nacionais e internacionais eleg\u00edveis para estabelecerem a sua primeira loja em Macau, refor\u00e7ando a competitividade do mercado local. Ao apoiar o estabelecimento de lojas de marcas em zonas designadas, o \u201cPlano\u201d pretende dinamizar o desenvolvimento econ\u00f3mico comunit\u00e1rio, promover o consumo local, apoiar o crescimento das pequenas e m\u00e9dias empresas (PME), e gerar mais oportunidades de emprego. Pretende ainda introduzir novos produtos e modelos de neg\u00f3cio, injectando nova din\u00e2mica na economia local. No futuro, o IPIM continuar\u00e1 a refor\u00e7ar a colabora\u00e7\u00e3o interdepartamental para potenciar a capta\u00e7\u00e3o de neg\u00f3cios e investimentos, incentivar proactivamente as PME locais a aproveitar as oportunidades da \u201ceconomia de estreia\u201d, introduzir mais produtos de qualidade, gastronomias t\u00edpicas e servi\u00e7os profissionais, promovendo assim o desenvolvimento da diversifica\u00e7\u00e3o do mercado.<\/p>\n<p style=\"text-align: justify;\"><strong>Apoio financeiro, composto por duas partes, ser\u00e1 pago em tr\u00eas presta\u00e7\u00f5es, at<\/strong><strong>\u00e9 ao<\/strong><strong> montante m\u00e1ximo de 1 milh\u00e3o patacas<\/strong><\/p>\n<p style=\"text-align: justify;\">O \u201cPlano\u201d destina-se a marcas internacionais, marcas do Interior da China, da Regi\u00e3o Administrativa Especial de Hong Kong e da regi\u00e3o de Taiwan que cumprem os requisitos seguintes:<\/p>\n<p style=\"text-align: justify;\">Para as marcas internacionais, a empresa deve ser classificada entre as 100 maiores empresas do mundo ou entre as 500 maiores marcas do mundo, com funcionamento efectivo por 10 anos ou mais; a sua marca ter sido classificada como uma das 50 melhores marcas do mercado internacional na sua categoria no ano anterior; ter pelo menos 10 lojas distribu\u00eddas em 3 pa\u00edses; ser marca caracter\u00edstica nos Pa\u00edses de L\u00edngua Portuguesa e de L\u00edngua Espanhola ou na Europa recomendada pelas associa\u00e7\u00f5es comerciais locais.<\/p>\n<p style=\"text-align: justify;\">Para as marcas do Interior da China, da Regi\u00e3o Administrativa Especial de Hong Kong e da regi\u00e3o de Taiwan, a empresa deve estar em funcionamento efectivo por 5 anos ou mais; a sua marca ter sido classificada como uma das 10 melhores marcas do mercado do Interior da China na sua categoria no ano anterior; empresa de marca do Interior da China ter pelo menos 5 lojas distribu\u00eddas nas 5 das super cidades ou das mega cidades do Interior da China ou das 9 cidades da Grande Ba\u00eda do Interior da China; empresa de marca da Regi\u00e3o Administrativa Especial de Hong Kong e da regi\u00e3o de Taiwan ter pelo menos 5 lojas distribu\u00eddas no local ou no Interior da China.<\/p>\n<p style=\"text-align: justify;\">O apoio financeiro \u00e9 composto por duas partes: apoio financeiro b\u00e1sico, com montante m\u00e1ximo at\u00e9 500 mil patacas; e apoio financeiro adicional, concedido por escal\u00f5es, com base em crit\u00e9rios como a localiza\u00e7\u00e3o da loja nas zonas designadas (por exemplo, Zona de Aterros do Porto Exterior), a \u00e1rea da loja e o n\u00famero de trabalhadores residentes a tempo inteiro. O montante total do apoio financeiro \u00e9 at\u00e9 1 milh\u00e3o patacas.<\/p>\n<p style=\"text-align: justify;\">Para detalhes completos sobre destinat\u00e1rios, requisitos e condi\u00e7\u00f5es de candidatura, consulte a p\u00e1gina electr\u00f3nica do \u201cPlano\u201d: https:\/\/www.ipim.gov.mo\/pt-pt\/investment-promotion\/programme-for-supporting-the-development-of-macao-first-store-economy\/, ou contacte o IPIM atrav\u00e9s do n.\u00ba de telefone 2871 0300 durante o hor\u00e1rio de expediente ou por e-mail para ece@ipim.gov.mo.<\/p>\n","protected":false},"excerpt":{"rendered":"<p>Foco nas oportunidades de \u201cEstreia\u201d Candidaturas \u00e0 primeira fase do \u201cPlano para o Desenvolvimento Econ\u00f3mico no \u00e2mbito de Apoio ao Estabelecimento da Primeira Loja em [&hellip;]<\/p>\n","protected":false},"author":3,"featured_media":502377,"comment_status":"closed","ping_status":"closed","sticky":false,"template":"","format":"standard","meta":{"_acf_changed":false,"inline_featured_image":false,"advgb_blocks_editor_width":"","advgb_blocks_columns_visual_guide":"","footnotes":""},"categories":[12],"tags":[],"class_list":["post-500981","post","type-post","status-publish","format-standard","has-post-thumbnail","hentry","category-noticias-do-ipim"],"acf":[],"yoast_head":"<!-- This site is optimized with the Yoast SEO plugin v26.2 - https:\/\/yoast.com\/wordpress\/plugins\/seo\/ -->\r\n<title>[2025\/09\/17] Foco nas oportunidades de \u201cEstreia\u201d Candidaturas \u00e0 primeira fase do \u201cPlano para o Desenvolvimento Econ\u00f3mico no \u00e2mbito de Apoio ao Estabelecimento da Primeira Loja em Macau\u201d abertas a partir de 1 de Novembro | Commerce and Investment Promotion Institute<\/title>\r\n<meta name=\"robots\" content=\"index, follow, max-snippet:-1, max-image-preview:large, max-video-preview:-1\" \/>\r\n<link rel=\"canonical\" href=\"https:\/\/www.ipim.gov.mo\/pt-pt\/noticias-do-ipim\/2025-09-17-foco-nas-oportunidades-de-estreia-candidaturas-a-primeira-fase-do-plano-para-o-desenvolvimento-economico-no-ambito-de-apoio-ao-estabelecimento-da-primeira-loja\/\" \/>\r\n<meta property=\"og:locale\" content=\"pt_PT\" \/>\r\n<meta property=\"og:type\" content=\"article\" \/>\r\n<meta property=\"og:title\" content=\"[2025\/09\/17] Foco nas oportunidades de \u201cEstreia\u201d Candidaturas \u00e0 primeira fase do \u201cPlano para o Desenvolvimento Econ\u00f3mico no \u00e2mbito de Apoio ao Estabelecimento da Primeira Loja em Macau\u201d abertas a partir de 1 de Novembro | Commerce and Investment Promotion Institute\" \/>\r\n<meta property=\"og:description\" content=\"Foco nas oportunidades de \u201cEstreia\u201d Candidaturas \u00e0 primeira fase do \u201cPlano para o Desenvolvimento Econ\u00f3mico no \u00e2mbito de Apoio ao Estabelecimento da Primeira Loja em [&hellip;]\" \/>\r\n<meta property=\"og:url\" content=\"https:\/\/www.ipim.gov.mo\/pt-pt\/noticias-do-ipim\/2025-09-17-foco-nas-oportunidades-de-estreia-candidaturas-a-primeira-fase-do-plano-para-o-desenvolvimento-economico-no-ambito-de-apoio-ao-estabelecimento-da-primeira-loja\/\" \/>\r\n<meta property=\"og:site_name\" content=\"Commerce and Investment Promotion Institute\" \/>\r\n<meta property=\"article:published_time\" content=\"2025-09-17T09:39:00+00:00\" \/>\r\n<meta property=\"article:modified_time\" content=\"2025-10-31T14:08:29+00:00\" \/>\r\n<meta property=\"og:image\" content=\"https:\/\/www.ipim.gov.mo\/wp-content\/uploads\/2025\/10\/N25IQYUavK__t20251031205457.jpg\" \/>\r\n\t<meta property=\"og:image:width\" content=\"320\" \/>\r\n\t<meta property=\"og:image:height\" content=\"180\" \/>\r\n\t<meta property=\"og:image:type\" content=\"image\/jpeg\" \/>\r\n<meta name=\"author\" content=\"IPIM\" \/>\r\n<meta name=\"twitter:card\" content=\"summary_large_image\" \/>\r\n<meta name=\"twitter:label1\" content=\"Written by\" \/>\n\t<meta name=\"twitter:data1\" content=\"IPIM\" \/>\n\t<meta name=\"twitter:label2\" content=\"Est. reading time\" \/>\n\t<meta name=\"twitter:data2\" content=\"4 minutes\" \/>\r\n<script type=\"application\/ld+json\" class=\"yoast-schema-graph\">{\"@context\":\"https:\/\/schema.org\",\"@graph\":[{\"@type\":\"WebPage\",\"@id\":\"https:\/\/www.ipim.gov.mo\/pt-pt\/noticias-do-ipim\/2025-09-17-foco-nas-oportunidades-de-estreia-candidaturas-a-primeira-fase-do-plano-para-o-desenvolvimento-economico-no-ambito-de-apoio-ao-estabelecimento-da-primeira-loja\/\",\"url\":\"https:\/\/www.ipim.gov.mo\/pt-pt\/noticias-do-ipim\/2025-09-17-foco-nas-oportunidades-de-estreia-candidaturas-a-primeira-fase-do-plano-para-o-desenvolvimento-economico-no-ambito-de-apoio-ao-estabelecimento-da-primeira-loja\/\",\"name\":\"[2025\/09\/17] Foco nas oportunidades de \u201cEstreia\u201d Candidaturas \u00e0 primeira fase do \u201cPlano para o Desenvolvimento Econ\u00f3mico no \u00e2mbito de Apoio ao Estabelecimento da Primeira Loja em Macau\u201d abertas a partir de 1 de Novembro | Commerce and Investment Promotion Institute\",\"isPartOf\":{\"@id\":\"https:\/\/www.ipim.gov.mo\/zh-hans\/#website\"},\"primaryImageOfPage\":{\"@id\":\"https:\/\/www.ipim.gov.mo\/pt-pt\/noticias-do-ipim\/2025-09-17-foco-nas-oportunidades-de-estreia-candidaturas-a-primeira-fase-do-plano-para-o-desenvolvimento-economico-no-ambito-de-apoio-ao-estabelecimento-da-primeira-loja\/#primaryimage\"},\"image\":{\"@id\":\"https:\/\/www.ipim.gov.mo\/pt-pt\/noticias-do-ipim\/2025-09-17-foco-nas-oportunidades-de-estreia-candidaturas-a-primeira-fase-do-plano-para-o-desenvolvimento-economico-no-ambito-de-apoio-ao-estabelecimento-da-primeira-loja\/#primaryimage\"},\"thumbnailUrl\":\"https:\/\/www.ipim.gov.mo\/wp-content\/uploads\/2025\/10\/N25IQYUavK__t20251031205457.jpg\",\"datePublished\":\"2025-09-17T09:39:00+00:00\",\"dateModified\":\"2025-10-31T14:08:29+00:00\",\"breadcrumb\":{\"@id\":\"https:\/\/www.ipim.gov.mo\/pt-pt\/noticias-do-ipim\/2025-09-17-foco-nas-oportunidades-de-estreia-candidaturas-a-primeira-fase-do-plano-para-o-desenvolvimento-economico-no-ambito-de-apoio-ao-estabelecimento-da-primeira-loja\/#breadcrumb\"},\"inLanguage\":\"pt-PT\",\"potentialAction\":[{\"@type\":\"ReadAction\",\"target\":[\"https:\/\/www.ipim.gov.mo\/pt-pt\/noticias-do-ipim\/2025-09-17-foco-nas-oportunidades-de-estreia-candidaturas-a-primeira-fase-do-plano-para-o-desenvolvimento-economico-no-ambito-de-apoio-ao-estabelecimento-da-primeira-loja\/\"]}]},{\"@type\":\"ImageObject\",\"inLanguage\":\"pt-PT\",\"@id\":\"https:\/\/www.ipim.gov.mo\/pt-pt\/noticias-do-ipim\/2025-09-17-foco-nas-oportunidades-de-estreia-candidaturas-a-primeira-fase-do-plano-para-o-desenvolvimento-economico-no-ambito-de-apoio-ao-estabelecimento-da-primeira-loja\/#primaryimage\",\"url\":\"https:\/\/www.ipim.gov.mo\/wp-content\/uploads\/2025\/10\/N25IQYUavK__t20251031205457.jpg\",\"contentUrl\":\"https:\/\/www.ipim.gov.mo\/wp-content\/uploads\/2025\/10\/N25IQYUavK__t20251031205457.jpg\",\"width\":320,\"height\":180},{\"@type\":\"BreadcrumbList\",\"@id\":\"https:\/\/www.ipim.gov.mo\/pt-pt\/noticias-do-ipim\/2025-09-17-foco-nas-oportunidades-de-estreia-candidaturas-a-primeira-fase-do-plano-para-o-desenvolvimento-economico-no-ambito-de-apoio-ao-estabelecimento-da-primeira-loja\/#breadcrumb\",\"itemListElement\":[{\"@type\":\"ListItem\",\"position\":1,\"name\":\"Home\",\"item\":\"https:\/\/www.ipim.gov.mo\/pt-pt\/\"},{\"@type\":\"ListItem\",\"position\":2,\"name\":\"[2025\/09\/17] Foco nas oportunidades de \u201cEstreia\u201d Candidaturas \u00e0 primeira fase do \u201cPlano para o Desenvolvimento Econ\u00f3mico no \u00e2mbito de Apoio ao Estabelecimento da Primeira Loja em Macau\u201d abertas a partir de 1 de Novembro\"}]},{\"@type\":\"WebSite\",\"@id\":\"https:\/\/www.ipim.gov.mo\/zh-hans\/#website\",\"url\":\"https:\/\/www.ipim.gov.mo\/zh-hans\/\",\"name\":\"Commerce and Investment Promotion Institute\",\"description\":\"Commerce and Investment Promotion Institute\",\"publisher\":{\"@id\":\"https:\/\/www.ipim.gov.mo\/zh-hans\/#organization\"},\"potentialAction\":[{\"@type\":\"SearchAction\",\"target\":{\"@type\":\"EntryPoint\",\"urlTemplate\":\"https:\/\/www.ipim.gov.mo\/zh-hans\/?s={search_term_string}\"},\"query-input\":{\"@type\":\"PropertyValueSpecification\",\"valueRequired\":true,\"valueName\":\"search_term_string\"}}],\"inLanguage\":\"pt-PT\"},{\"@type\":\"Organization\",\"@id\":\"https:\/\/www.ipim.gov.mo\/zh-hans\/#organization\",\"name\":\"IPIM\",\"url\":\"https:\/\/www.ipim.gov.mo\/zh-hans\/\",\"logo\":{\"@type\":\"ImageObject\",\"inLanguage\":\"pt-PT\",\"@id\":\"https:\/\/www.ipim.gov.mo\/zh-hans\/#\/schema\/logo\/image\/\",\"url\":\"https:\/\/www.ipim.gov.mo\/wp-content\/uploads\/2022\/10\/default-post-thumbnail-ipim-logo.png\",\"contentUrl\":\"https:\/\/www.ipim.gov.mo\/wp-content\/uploads\/2022\/10\/default-post-thumbnail-ipim-logo.png\",\"width\":1024,\"height\":768,\"caption\":\"IPIM\"},\"image\":{\"@id\":\"https:\/\/www.ipim.gov.mo\/zh-hans\/#\/schema\/logo\/image\/\"}}]}<\/script>\r\n<!-- \/ Yoast SEO plugin. -->","yoast_head_json":{"title":"[2025\/09\/17] Foco nas oportunidades de \u201cEstreia\u201d Candidaturas \u00e0 primeira fase do \u201cPlano para o Desenvolvimento Econ\u00f3mico no \u00e2mbito de Apoio ao Estabelecimento da Primeira Loja em Macau\u201d abertas a partir de 1 de Novembro | Commerce and Investment Promotion Institute","robots":{"index":"index","follow":"follow","max-snippet":"max-snippet:-1","max-image-preview":"max-image-preview:large","max-video-preview":"max-video-preview:-1"},"canonical":"https:\/\/www.ipim.gov.mo\/pt-pt\/noticias-do-ipim\/2025-09-17-foco-nas-oportunidades-de-estreia-candidaturas-a-primeira-fase-do-plano-para-o-desenvolvimento-economico-no-ambito-de-apoio-ao-estabelecimento-da-primeira-loja\/","og_locale":"pt_PT","og_type":"article","og_title":"[2025\/09\/17] Foco nas oportunidades de \u201cEstreia\u201d Candidaturas \u00e0 primeira fase do \u201cPlano para o Desenvolvimento Econ\u00f3mico no \u00e2mbito de Apoio ao Estabelecimento da Primeira Loja em Macau\u201d abertas a partir de 1 de Novembro | Commerce and Investment Promotion Institute","og_description":"Foco nas oportunidades de \u201cEstreia\u201d Candidaturas \u00e0 primeira fase do \u201cPlano para o Desenvolvimento Econ\u00f3mico no \u00e2mbito de Apoio ao Estabelecimento da Primeira Loja em [&hellip;]","og_url":"https:\/\/www.ipim.gov.mo\/pt-pt\/noticias-do-ipim\/2025-09-17-foco-nas-oportunidades-de-estreia-candidaturas-a-primeira-fase-do-plano-para-o-desenvolvimento-economico-no-ambito-de-apoio-ao-estabelecimento-da-primeira-loja\/","og_site_name":"Commerce and Investment Promotion Institute","article_published_time":"2025-09-17T09:39:00+00:00","article_modified_time":"2025-10-31T14:08:29+00:00","og_image":[{"width":320,"height":180,"url":"https:\/\/www.ipim.gov.mo\/wp-content\/uploads\/2025\/10\/N25IQYUavK__t20251031205457.jpg","type":"image\/jpeg"}],"author":"IPIM","twitter_card":"summary_large_image","twitter_misc":{"Written by":"IPIM","Est. reading time":"4 minutes"},"schema":{"@context":"https:\/\/schema.org","@graph":[{"@type":"WebPage","@id":"https:\/\/www.ipim.gov.mo\/pt-pt\/noticias-do-ipim\/2025-09-17-foco-nas-oportunidades-de-estreia-candidaturas-a-primeira-fase-do-plano-para-o-desenvolvimento-economico-no-ambito-de-apoio-ao-estabelecimento-da-primeira-loja\/","url":"https:\/\/www.ipim.gov.mo\/pt-pt\/noticias-do-ipim\/2025-09-17-foco-nas-oportunidades-de-estreia-candidaturas-a-primeira-fase-do-plano-para-o-desenvolvimento-economico-no-ambito-de-apoio-ao-estabelecimento-da-primeira-loja\/","name":"[2025\/09\/17] Foco nas oportunidades de \u201cEstreia\u201d Candidaturas \u00e0 primeira fase do \u201cPlano para o Desenvolvimento Econ\u00f3mico no \u00e2mbito de Apoio ao Estabelecimento da Primeira Loja em Macau\u201d abertas a partir de 1 de Novembro | Commerce and Investment Promotion Institute","isPartOf":{"@id":"https:\/\/www.ipim.gov.mo\/zh-hans\/#website"},"primaryImageOfPage":{"@id":"https:\/\/www.ipim.gov.mo\/pt-pt\/noticias-do-ipim\/2025-09-17-foco-nas-oportunidades-de-estreia-candidaturas-a-primeira-fase-do-plano-para-o-desenvolvimento-economico-no-ambito-de-apoio-ao-estabelecimento-da-primeira-loja\/#primaryimage"},"image":{"@id":"https:\/\/www.ipim.gov.mo\/pt-pt\/noticias-do-ipim\/2025-09-17-foco-nas-oportunidades-de-estreia-candidaturas-a-primeira-fase-do-plano-para-o-desenvolvimento-economico-no-ambito-de-apoio-ao-estabelecimento-da-primeira-loja\/#primaryimage"},"thumbnailUrl":"https:\/\/www.ipim.gov.mo\/wp-content\/uploads\/2025\/10\/N25IQYUavK__t20251031205457.jpg","datePublished":"2025-09-17T09:39:00+00:00","dateModified":"2025-10-31T14:08:29+00:00","breadcrumb":{"@id":"https:\/\/www.ipim.gov.mo\/pt-pt\/noticias-do-ipim\/2025-09-17-foco-nas-oportunidades-de-estreia-candidaturas-a-primeira-fase-do-plano-para-o-desenvolvimento-economico-no-ambito-de-apoio-ao-estabelecimento-da-primeira-loja\/#breadcrumb"},"inLanguage":"pt-PT","potentialAction":[{"@type":"ReadAction","target":["https:\/\/www.ipim.gov.mo\/pt-pt\/noticias-do-ipim\/2025-09-17-foco-nas-oportunidades-de-estreia-candidaturas-a-primeira-fase-do-plano-para-o-desenvolvimento-economico-no-ambito-de-apoio-ao-estabelecimento-da-primeira-loja\/"]}]},{"@type":"ImageObject","inLanguage":"pt-PT","@id":"https:\/\/www.ipim.gov.mo\/pt-pt\/noticias-do-ipim\/2025-09-17-foco-nas-oportunidades-de-estreia-candidaturas-a-primeira-fase-do-plano-para-o-desenvolvimento-economico-no-ambito-de-apoio-ao-estabelecimento-da-primeira-loja\/#primaryimage","url":"https:\/\/www.ipim.gov.mo\/wp-content\/uploads\/2025\/10\/N25IQYUavK__t20251031205457.jpg","contentUrl":"https:\/\/www.ipim.gov.mo\/wp-content\/uploads\/2025\/10\/N25IQYUavK__t20251031205457.jpg","width":320,"height":180},{"@type":"BreadcrumbList","@id":"https:\/\/www.ipim.gov.mo\/pt-pt\/noticias-do-ipim\/2025-09-17-foco-nas-oportunidades-de-estreia-candidaturas-a-primeira-fase-do-plano-para-o-desenvolvimento-economico-no-ambito-de-apoio-ao-estabelecimento-da-primeira-loja\/#breadcrumb","itemListElement":[{"@type":"ListItem","position":1,"name":"Home","item":"https:\/\/www.ipim.gov.mo\/pt-pt\/"},{"@type":"ListItem","position":2,"name":"[2025\/09\/17] Foco nas oportunidades de \u201cEstreia\u201d Candidaturas \u00e0 primeira fase do \u201cPlano para o Desenvolvimento Econ\u00f3mico no \u00e2mbito de Apoio ao Estabelecimento da Primeira Loja em Macau\u201d abertas a partir de 1 de Novembro"}]},{"@type":"WebSite","@id":"https:\/\/www.ipim.gov.mo\/zh-hans\/#website","url":"https:\/\/www.ipim.gov.mo\/zh-hans\/","name":"Commerce and Investment Promotion Institute","description":"Commerce and Investment Promotion Institute","publisher":{"@id":"https:\/\/www.ipim.gov.mo\/zh-hans\/#organization"},"potentialAction":[{"@type":"SearchAction","target":{"@type":"EntryPoint","urlTemplate":"https:\/\/www.ipim.gov.mo\/zh-hans\/?s={search_term_string}"},"query-input":{"@type":"PropertyValueSpecification","valueRequired":true,"valueName":"search_term_string"}}],"inLanguage":"pt-PT"},{"@type":"Organization","@id":"https:\/\/www.ipim.gov.mo\/zh-hans\/#organization","name":"IPIM","url":"https:\/\/www.ipim.gov.mo\/zh-hans\/","logo":{"@type":"ImageObject","inLanguage":"pt-PT","@id":"https:\/\/www.ipim.gov.mo\/zh-hans\/#\/schema\/logo\/image\/","url":"https:\/\/www.ipim.gov.mo\/wp-content\/uploads\/2022\/10\/default-post-thumbnail-ipim-logo.png","contentUrl":"https:\/\/www.ipim.gov.mo\/wp-content\/uploads\/2022\/10\/default-post-thumbnail-ipim-logo.png","width":1024,"height":768,"caption":"IPIM"},"image":{"@id":"https:\/\/www.ipim.gov.mo\/zh-hans\/#\/schema\/logo\/image\/"}}]}},"author_meta":{"display_name":"IPIM","author_link":"https:\/\/www.ipim.gov.mo\/pt-pt\/author\/ipim-trainer\/"},"featured_img":"https:\/\/www.ipim.gov.mo\/wp-content\/uploads\/2025\/10\/N25IQYUavK__t20251031205457-300x169.jpg","coauthors":[],"tax_additional":{"categories":{"linked":["<a href=\"https:\/\/www.ipim.gov.mo\/pt-pt\/category\/noticias-do-ipim\/\" class=\"advgb-post-tax-term\">Not\u00edcias do IPIM<\/a>"],"unlinked":["<span class=\"advgb-post-tax-term\">Not\u00edcias do IPIM<\/span>"]}},"comment_count":"0","relative_dates":{"created":"Posted 7 months ago","modified":"Updated 6 months ago"},"absolute_dates":{"created":"Posted on Setembro 17, 2025","modified":"Updated on Outubro 31, 2025"},"absolute_dates_time":{"created":"Posted on Setembro 17, 2025 5:39 pm","modified":"Updated on Outubro 31, 2025 10:08 pm"},"featured_img_caption":"","series_order":"","_links":{"self":[{"href":"https:\/\/www.ipim.gov.mo\/pt-pt\/wp-json\/wp\/v2\/posts\/500981","targetHints":{"allow":["GET"]}}],"collection":[{"href":"https:\/\/www.ipim.gov.mo\/pt-pt\/wp-json\/wp\/v2\/posts"}],"about":[{"href":"https:\/\/www.ipim.gov.mo\/pt-pt\/wp-json\/wp\/v2\/types\/post"}],"author":[{"embeddable":true,"href":"https:\/\/www.ipim.gov.mo\/pt-pt\/wp-json\/wp\/v2\/users\/3"}],"replies":[{"embeddable":true,"href":"https:\/\/www.ipim.gov.mo\/pt-pt\/wp-json\/wp\/v2\/comments?post=500981"}],"version-history":[{"count":5,"href":"https:\/\/www.ipim.gov.mo\/pt-pt\/wp-json\/wp\/v2\/posts\/500981\/revisions"}],"predecessor-version":[{"id":502388,"href":"https:\/\/www.ipim.gov.mo\/pt-pt\/wp-json\/wp\/v2\/posts\/500981\/revisions\/502388"}],"wp:featuredmedia":[{"embeddable":true,"href":"https:\/\/www.ipim.gov.mo\/pt-pt\/wp-json\/wp\/v2\/media\/502377"}],"wp:attachment":[{"href":"https:\/\/www.ipim.gov.mo\/pt-pt\/wp-json\/wp\/v2\/media?parent=500981"}],"wp:term":[{"taxonomy":"category","embeddable":true,"href":"https:\/\/www.ipim.gov.mo\/pt-pt\/wp-json\/wp\/v2\/categories?post=500981"},{"taxonomy":"post_tag","embeddable":true,"href":"https:\/\/www.ipim.gov.mo\/pt-pt\/wp-json\/wp\/v2\/tags?post=500981"}],"curies":[{"name":"wp","href":"https:\/\/api.w.org\/{rel}","templated":true}]}}