{"id":500546,"date":"2025-09-05T19:24:00","date_gmt":"2025-09-05T11:24:00","guid":{"rendered":"https:\/\/www.ipim.gov.mo\/?p=500546"},"modified":"2025-09-10T17:54:05","modified_gmt":"2025-09-10T09:54:05","slug":"2025-09-05-delegados-de-hubei-macau-e-hengqin-participam-na-sessao-de-promocao-da-marca-mice2-macao-x-hengqin-para-explorar-novos-modelos-de-colaboracao","status":"publish","type":"post","link":"https:\/\/www.ipim.gov.mo\/pt-pt\/noticias-do-ipim\/2025-09-05-delegados-de-hubei-macau-e-hengqin-participam-na-sessao-de-promocao-da-marca-mice2-macao-x-hengqin-para-explorar-novos-modelos-de-colaboracao\/","title":{"rendered":"[2025\/09\/05] Delegados de Hubei, Macau e Hengqin participam na Sess\u00e3o de Promo\u00e7\u00e3o da Marca MICE2 Macao x Hengqin para explorar novos modelos de colabora\u00e7\u00e3o"},"content":{"rendered":"<p style=\"text-align:justify\">A Sess&atilde;o de Promo&ccedil;&atilde;o da Marca \u201cMICE<sup>2<\/sup> Macao x Hengqin\u201d 2025 (Paragem de Wuhan), com o tema &laquo;Colabora&ccedil;&atilde;o Hubei-Macau-Hengqin: Co-criando um plano para o desenvolvimento regional&raquo;, realizou-se no dia 5 de Setembro. Mais de 150 representantes governamentais e profissionais da ind&uacute;stria de conven&ccedil;&otilde;es e exposi&ccedil;&otilde;es da prov&iacute;ncia de Hubei, de Macau e da Zona de Coopera&ccedil;&atilde;o Aprofundada entre Guangdong e Macau em Hengqin participaram no evento, provenientes de sectores como conven&ccedil;&otilde;es, exposi&ccedil;&otilde;es e turismo, com&eacute;rcio electr&oacute;nico transfronteiri&ccedil;o e I&amp;D tecnol&oacute;gica, explorando em conjunto novos caminhos para a coopera&ccedil;&atilde;o em conven&ccedil;&otilde;es e exposi&ccedil;&otilde;es entre Hubei e Macau-Hengqin, com o objectivo de atrair mais projectos de conven&ccedil;&otilde;es e exposi&ccedil;&otilde;es para se estabelecerem em Macau-Hengqin.<\/p>\n<p style=\"text-align:justify\"><strong>Delegados empresariais de Hubei e Macau exploram novos modelos para MICE<sup>2<\/sup> Macao x Hengqin <\/strong><\/p>\n<p style=\"text-align:justify\">O evento foi co-organizado pelo Instituto de Promo&ccedil;&atilde;o do Com&eacute;rcio e do Investimento da RAEM (doravante designado por IPIM) e pela Direc&ccedil;&atilde;o dos Servi&ccedil;os de Desenvolvimento Econ&oacute;mico da Zona de Coopera&ccedil;&atilde;o Aprofundada entre Guangdong e Macau em Hengqin (doravante designada por DSDE). Entre os participantes estiveram Che Weng Keong, presidente do IPIM; Wu Chuangwei, director da DSDE; Li Jun, subdirector do Gabinete para os Assuntos de Hong Kong e Macau do Governo Popular do Munic&iacute;pio de Wuhan; Ren Jian, vice-presidente da Delega&ccedil;&atilde;o de Wuhan do Conselho Chin&ecirc;s para a Promo&ccedil;&atilde;o do Com&eacute;rcio Internacional; e Wang An, chefe da Divis&atilde;o de Conven&ccedil;&otilde;es e Exposi&ccedil;&otilde;es dos Servi&ccedil;os do Com&eacute;rcio do Munic&iacute;pio de Wuhan.<\/p>\n<p style=\"text-align:justify\">Durante a sess&atilde;o, Che Weng Keong apresentou as pol&iacute;ticas e o ambiente de neg&oacute;cios de Macau e Hengqin no dom&iacute;nio de conven&ccedil;&otilde;es e exposi&ccedil;&otilde;es, esperando impulsionar o estabelecimento de contactos comerciais entre empresas das tr&ecirc;s regi&otilde;es, Macau, Hengqin e Wuhan, para explorar em conjunto as oportunidades de neg&oacute;cios. Anunciou ainda que a 1.&ordf; \u201cExposi&ccedil;&atilde;o Global de M&aacute;quinas e Produtos Electr&oacute;nicos de Intelig&ecirc;ncia Artificial\u201d (AIE), promovida, em conjunto, pelos organismos de coordena&ccedil;&atilde;o econ&oacute;mica e comercial de Macau e Hengqin, ser&aacute; realizada de 4 a 6 de Dezembro do corrente ano em Macau e Zhuhai, sob o novo modelo \u201cUm Evento, Dois Locais\u201d. Wu Chuangwei afirmou que a Zona de Coopera&ccedil;&atilde;o em Hengqin se empenha em construir um excelente ambiente de neg&oacute;cios orientado para a internacionaliza&ccedil;&atilde;o e a adequa&ccedil;&atilde;o ao mercado, e convidou cordialmente as empresas de Wuhan para aproveitarem a plataforma integrada de Macau-Hengqin no seu avan&ccedil;o de expans&atilde;o nos mercados globais.<\/p>\n<p style=\"text-align:justify\">A atmosfera da sess&atilde;o de promo&ccedil;&atilde;o foi entusi&aacute;stica, com os profissionais de conven&ccedil;&otilde;es e exposi&ccedil;&otilde;es de Wuhan a referirem que a nova estrat&eacute;gia de colabora&ccedil;&atilde;o em organiza&ccedil;&atilde;o de eventos de conven&ccedil;&otilde;es e exposi&ccedil;&otilde;es entre Macau e Hengqin pode intensificar liga&ccedil;&otilde;es globalmente, dando especial aten&ccedil;&atilde;o &agrave;s vantagens sin&eacute;rgicas em termos de espa&ccedil;o, recursos e pol&iacute;ticas em ambas as regi&otilde;es. Como Wuhan possui tamb&eacute;m pol&iacute;ticas de apoio semelhantes para conven&ccedil;&otilde;es e exposi&ccedil;&otilde;es, as tr&ecirc;s regi&otilde;es podem complementar-se na ind&uacute;stria de conven&ccedil;&otilde;es e exposi&ccedil;&otilde;es, com potencial para uma maior explora&ccedil;&atilde;o de oportunidades de coopera&ccedil;&atilde;o em exposi&ccedil;&otilde;es ou conven&ccedil;&otilde;es. Os representantes das ind&uacute;strias de Macau promoveram activamente os pontos fortes da ind&uacute;stria de conven&ccedil;&otilde;es e exposi&ccedil;&otilde;es local, enfatizando que Macau disp&otilde;e de uma vasta gama de locais de eventos e instala&ccedil;&otilde;es hoteleiras, com instala&ccedil;&otilde;es corp&oacute;reas e incorp&oacute;reas de classe mundial, tornando-a um destino ideal para conven&ccedil;&otilde;es e exposi&ccedil;&otilde;es. Simultaneamente, a vasta escala do mercado de conven&ccedil;&otilde;es e exposi&ccedil;&otilde;es do Delta do Rio das P&eacute;rolas combina com a vantagem &uacute;nica de Macau no modelo de \u201cUm Evento, Dois Locais\u201d, esperando-se que esta sess&atilde;o atraia mais eventos de conven&ccedil;&otilde;es e exposi&ccedil;&otilde;es de Wuhan para Macau.<\/p>\n<p style=\"text-align:justify\"><strong>Sess&atilde;o de Promo&ccedil;&atilde;o por nove cidades tem vindo a obter resposta entusi&aacute;stica &agrave; medida que a influ&ecirc;ncia da marca continua a crescer<\/strong><\/p>\n<p style=\"text-align:justify\">Desde Julho de 2024, a Sess&atilde;o de Promo&ccedil;&atilde;o da Marca \u201cMICE2 Macao x Hengqin\u201d j&aacute; foi realizada em Shenzhen, Foshan, Guangzhou, Xi\u2019an, Chengdu, Xangai, Hangzhou e Zhengzhou, com Wuhan marcando a nona paragem. Mais de mil representantes das ind&uacute;strias de conven&ccedil;&otilde;es, exposi&ccedil;&otilde;es, turismo e outras participaram nestas sess&otilde;es. Atrav&eacute;s desta s&eacute;rie de actividades promocionais, o modelo de co-organiza&ccedil;&atilde;o Macau-Hengqin obteve ampla aten&ccedil;&atilde;o, e a marca \u201cMICE2 Macao x Hengqin\u201d tem visto a sua influ&ecirc;ncia aumentar constantemente. Isto promove eficazmente o novo padr&atilde;o de sinergia industrial de \u201cplataforma de Macau + recursos internacionais + espa&ccedil;o de Hengqin + resultados partilhados\u201d.<\/p>\n","protected":false},"excerpt":{"rendered":"<p>A Sess&atilde;o de Promo&ccedil;&atilde;o da Marca \u201cMICE2 Macao x Hengqin\u201d 2025 (Paragem de Wuhan), com o tema &laquo;Colabora&ccedil;&atilde;o Hubei-Macau-Hengqin: Co-criando um plano para o desenvolvimento [&hellip;]<\/p>\n","protected":false},"author":0,"featured_media":501798,"comment_status":"closed","ping_status":"closed","sticky":false,"template":"","format":"standard","meta":{"_acf_changed":false,"inline_featured_image":false,"advgb_blocks_editor_width":"","advgb_blocks_columns_visual_guide":"","footnotes":""},"categories":[12],"tags":[],"class_list":["post-500546","post","type-post","status-publish","format-standard","has-post-thumbnail","hentry","category-noticias-do-ipim"],"acf":[],"yoast_head":"<!-- This site is optimized with the Yoast SEO plugin v26.2 - https:\/\/yoast.com\/wordpress\/plugins\/seo\/ -->\r\n<title>[2025\/09\/05] Delegados de Hubei, Macau e Hengqin participam na Sess\u00e3o de Promo\u00e7\u00e3o da Marca MICE2 Macao x Hengqin para explorar novos modelos de colabora\u00e7\u00e3o | Commerce and Investment Promotion Institute<\/title>\r\n<meta name=\"robots\" content=\"index, follow, max-snippet:-1, max-image-preview:large, max-video-preview:-1\" \/>\r\n<link rel=\"canonical\" href=\"https:\/\/www.ipim.gov.mo\/pt-pt\/noticias-do-ipim\/2025-09-05-delegados-de-hubei-macau-e-hengqin-participam-na-sessao-de-promocao-da-marca-mice2-macao-x-hengqin-para-explorar-novos-modelos-de-colaboracao\/\" \/>\r\n<meta property=\"og:locale\" content=\"pt_PT\" \/>\r\n<meta property=\"og:type\" content=\"article\" \/>\r\n<meta property=\"og:title\" content=\"[2025\/09\/05] Delegados de Hubei, Macau e Hengqin participam na Sess\u00e3o de Promo\u00e7\u00e3o da Marca MICE2 Macao x Hengqin para explorar novos modelos de colabora\u00e7\u00e3o | Commerce and Investment Promotion Institute\" \/>\r\n<meta property=\"og:description\" content=\"A Sess&atilde;o de Promo&ccedil;&atilde;o da Marca \u201cMICE2 Macao x Hengqin\u201d 2025 (Paragem de Wuhan), com o tema &laquo;Colabora&ccedil;&atilde;o Hubei-Macau-Hengqin: Co-criando um plano para o desenvolvimento [&hellip;]\" \/>\r\n<meta property=\"og:url\" content=\"https:\/\/www.ipim.gov.mo\/pt-pt\/noticias-do-ipim\/2025-09-05-delegados-de-hubei-macau-e-hengqin-participam-na-sessao-de-promocao-da-marca-mice2-macao-x-hengqin-para-explorar-novos-modelos-de-colaboracao\/\" \/>\r\n<meta property=\"og:site_name\" content=\"Commerce and Investment Promotion Institute\" \/>\r\n<meta property=\"article:published_time\" content=\"2025-09-05T11:24:00+00:00\" \/>\r\n<meta property=\"article:modified_time\" content=\"2025-09-10T09:54:05+00:00\" \/>\r\n<meta property=\"og:image\" content=\"https:\/\/www.ipim.gov.mo\/wp-content\/uploads\/2025\/10\/N25IEUznno__t20251015190941.jpg\" \/>\r\n\t<meta property=\"og:image:width\" content=\"320\" \/>\r\n\t<meta property=\"og:image:height\" content=\"180\" \/>\r\n\t<meta property=\"og:image:type\" content=\"image\/jpeg\" \/>\r\n<meta name=\"twitter:card\" content=\"summary_large_image\" \/>\r\n<meta name=\"twitter:label1\" content=\"Est. reading time\" \/>\n\t<meta name=\"twitter:data1\" content=\"5 minutes\" \/>\r\n<script type=\"application\/ld+json\" class=\"yoast-schema-graph\">{\"@context\":\"https:\/\/schema.org\",\"@graph\":[{\"@type\":\"WebPage\",\"@id\":\"https:\/\/www.ipim.gov.mo\/pt-pt\/noticias-do-ipim\/2025-09-05-delegados-de-hubei-macau-e-hengqin-participam-na-sessao-de-promocao-da-marca-mice2-macao-x-hengqin-para-explorar-novos-modelos-de-colaboracao\/\",\"url\":\"https:\/\/www.ipim.gov.mo\/pt-pt\/noticias-do-ipim\/2025-09-05-delegados-de-hubei-macau-e-hengqin-participam-na-sessao-de-promocao-da-marca-mice2-macao-x-hengqin-para-explorar-novos-modelos-de-colaboracao\/\",\"name\":\"[2025\/09\/05] Delegados de Hubei, Macau e Hengqin participam na Sess\u00e3o de Promo\u00e7\u00e3o da Marca MICE2 Macao x Hengqin para explorar novos modelos de colabora\u00e7\u00e3o | Commerce and Investment Promotion Institute\",\"isPartOf\":{\"@id\":\"https:\/\/www.ipim.gov.mo\/zh-hans\/#website\"},\"primaryImageOfPage\":{\"@id\":\"https:\/\/www.ipim.gov.mo\/pt-pt\/noticias-do-ipim\/2025-09-05-delegados-de-hubei-macau-e-hengqin-participam-na-sessao-de-promocao-da-marca-mice2-macao-x-hengqin-para-explorar-novos-modelos-de-colaboracao\/#primaryimage\"},\"image\":{\"@id\":\"https:\/\/www.ipim.gov.mo\/pt-pt\/noticias-do-ipim\/2025-09-05-delegados-de-hubei-macau-e-hengqin-participam-na-sessao-de-promocao-da-marca-mice2-macao-x-hengqin-para-explorar-novos-modelos-de-colaboracao\/#primaryimage\"},\"thumbnailUrl\":\"https:\/\/www.ipim.gov.mo\/wp-content\/uploads\/2025\/10\/N25IEUznno__t20251015190941.jpg\",\"datePublished\":\"2025-09-05T11:24:00+00:00\",\"dateModified\":\"2025-09-10T09:54:05+00:00\",\"breadcrumb\":{\"@id\":\"https:\/\/www.ipim.gov.mo\/pt-pt\/noticias-do-ipim\/2025-09-05-delegados-de-hubei-macau-e-hengqin-participam-na-sessao-de-promocao-da-marca-mice2-macao-x-hengqin-para-explorar-novos-modelos-de-colaboracao\/#breadcrumb\"},\"inLanguage\":\"pt-PT\",\"potentialAction\":[{\"@type\":\"ReadAction\",\"target\":[\"https:\/\/www.ipim.gov.mo\/pt-pt\/noticias-do-ipim\/2025-09-05-delegados-de-hubei-macau-e-hengqin-participam-na-sessao-de-promocao-da-marca-mice2-macao-x-hengqin-para-explorar-novos-modelos-de-colaboracao\/\"]}]},{\"@type\":\"ImageObject\",\"inLanguage\":\"pt-PT\",\"@id\":\"https:\/\/www.ipim.gov.mo\/pt-pt\/noticias-do-ipim\/2025-09-05-delegados-de-hubei-macau-e-hengqin-participam-na-sessao-de-promocao-da-marca-mice2-macao-x-hengqin-para-explorar-novos-modelos-de-colaboracao\/#primaryimage\",\"url\":\"https:\/\/www.ipim.gov.mo\/wp-content\/uploads\/2025\/10\/N25IEUznno__t20251015190941.jpg\",\"contentUrl\":\"https:\/\/www.ipim.gov.mo\/wp-content\/uploads\/2025\/10\/N25IEUznno__t20251015190941.jpg\",\"width\":320,\"height\":180},{\"@type\":\"BreadcrumbList\",\"@id\":\"https:\/\/www.ipim.gov.mo\/pt-pt\/noticias-do-ipim\/2025-09-05-delegados-de-hubei-macau-e-hengqin-participam-na-sessao-de-promocao-da-marca-mice2-macao-x-hengqin-para-explorar-novos-modelos-de-colaboracao\/#breadcrumb\",\"itemListElement\":[{\"@type\":\"ListItem\",\"position\":1,\"name\":\"Home\",\"item\":\"https:\/\/www.ipim.gov.mo\/pt-pt\/\"},{\"@type\":\"ListItem\",\"position\":2,\"name\":\"[2025\/09\/05] Delegados de Hubei, Macau e Hengqin participam na Sess\u00e3o de Promo\u00e7\u00e3o da Marca MICE2 Macao x Hengqin para explorar novos modelos de colabora\u00e7\u00e3o\"}]},{\"@type\":\"WebSite\",\"@id\":\"https:\/\/www.ipim.gov.mo\/zh-hans\/#website\",\"url\":\"https:\/\/www.ipim.gov.mo\/zh-hans\/\",\"name\":\"Commerce and Investment Promotion Institute\",\"description\":\"Commerce and Investment Promotion Institute\",\"publisher\":{\"@id\":\"https:\/\/www.ipim.gov.mo\/zh-hans\/#organization\"},\"potentialAction\":[{\"@type\":\"SearchAction\",\"target\":{\"@type\":\"EntryPoint\",\"urlTemplate\":\"https:\/\/www.ipim.gov.mo\/zh-hans\/?s={search_term_string}\"},\"query-input\":{\"@type\":\"PropertyValueSpecification\",\"valueRequired\":true,\"valueName\":\"search_term_string\"}}],\"inLanguage\":\"pt-PT\"},{\"@type\":\"Organization\",\"@id\":\"https:\/\/www.ipim.gov.mo\/zh-hans\/#organization\",\"name\":\"IPIM\",\"url\":\"https:\/\/www.ipim.gov.mo\/zh-hans\/\",\"logo\":{\"@type\":\"ImageObject\",\"inLanguage\":\"pt-PT\",\"@id\":\"https:\/\/www.ipim.gov.mo\/zh-hans\/#\/schema\/logo\/image\/\",\"url\":\"https:\/\/www.ipim.gov.mo\/wp-content\/uploads\/2022\/10\/default-post-thumbnail-ipim-logo.png\",\"contentUrl\":\"https:\/\/www.ipim.gov.mo\/wp-content\/uploads\/2022\/10\/default-post-thumbnail-ipim-logo.png\",\"width\":1024,\"height\":768,\"caption\":\"IPIM\"},\"image\":{\"@id\":\"https:\/\/www.ipim.gov.mo\/zh-hans\/#\/schema\/logo\/image\/\"}}]}<\/script>\r\n<!-- \/ Yoast SEO plugin. -->","yoast_head_json":{"title":"[2025\/09\/05] Delegados de Hubei, Macau e Hengqin participam na Sess\u00e3o de Promo\u00e7\u00e3o da Marca MICE2 Macao x Hengqin para explorar novos modelos de colabora\u00e7\u00e3o | Commerce and Investment Promotion Institute","robots":{"index":"index","follow":"follow","max-snippet":"max-snippet:-1","max-image-preview":"max-image-preview:large","max-video-preview":"max-video-preview:-1"},"canonical":"https:\/\/www.ipim.gov.mo\/pt-pt\/noticias-do-ipim\/2025-09-05-delegados-de-hubei-macau-e-hengqin-participam-na-sessao-de-promocao-da-marca-mice2-macao-x-hengqin-para-explorar-novos-modelos-de-colaboracao\/","og_locale":"pt_PT","og_type":"article","og_title":"[2025\/09\/05] Delegados de Hubei, Macau e Hengqin participam na Sess\u00e3o de Promo\u00e7\u00e3o da Marca MICE2 Macao x Hengqin para explorar novos modelos de colabora\u00e7\u00e3o | Commerce and Investment Promotion Institute","og_description":"A Sess&atilde;o de Promo&ccedil;&atilde;o da Marca \u201cMICE2 Macao x Hengqin\u201d 2025 (Paragem de Wuhan), com o tema &laquo;Colabora&ccedil;&atilde;o Hubei-Macau-Hengqin: Co-criando um plano para o desenvolvimento [&hellip;]","og_url":"https:\/\/www.ipim.gov.mo\/pt-pt\/noticias-do-ipim\/2025-09-05-delegados-de-hubei-macau-e-hengqin-participam-na-sessao-de-promocao-da-marca-mice2-macao-x-hengqin-para-explorar-novos-modelos-de-colaboracao\/","og_site_name":"Commerce and Investment Promotion Institute","article_published_time":"2025-09-05T11:24:00+00:00","article_modified_time":"2025-09-10T09:54:05+00:00","og_image":[{"width":320,"height":180,"url":"https:\/\/www.ipim.gov.mo\/wp-content\/uploads\/2025\/10\/N25IEUznno__t20251015190941.jpg","type":"image\/jpeg"}],"twitter_card":"summary_large_image","twitter_misc":{"Est. reading time":"5 minutes"},"schema":{"@context":"https:\/\/schema.org","@graph":[{"@type":"WebPage","@id":"https:\/\/www.ipim.gov.mo\/pt-pt\/noticias-do-ipim\/2025-09-05-delegados-de-hubei-macau-e-hengqin-participam-na-sessao-de-promocao-da-marca-mice2-macao-x-hengqin-para-explorar-novos-modelos-de-colaboracao\/","url":"https:\/\/www.ipim.gov.mo\/pt-pt\/noticias-do-ipim\/2025-09-05-delegados-de-hubei-macau-e-hengqin-participam-na-sessao-de-promocao-da-marca-mice2-macao-x-hengqin-para-explorar-novos-modelos-de-colaboracao\/","name":"[2025\/09\/05] Delegados de Hubei, Macau e Hengqin participam na Sess\u00e3o de Promo\u00e7\u00e3o da Marca MICE2 Macao x Hengqin para explorar novos modelos de colabora\u00e7\u00e3o | Commerce and Investment Promotion Institute","isPartOf":{"@id":"https:\/\/www.ipim.gov.mo\/zh-hans\/#website"},"primaryImageOfPage":{"@id":"https:\/\/www.ipim.gov.mo\/pt-pt\/noticias-do-ipim\/2025-09-05-delegados-de-hubei-macau-e-hengqin-participam-na-sessao-de-promocao-da-marca-mice2-macao-x-hengqin-para-explorar-novos-modelos-de-colaboracao\/#primaryimage"},"image":{"@id":"https:\/\/www.ipim.gov.mo\/pt-pt\/noticias-do-ipim\/2025-09-05-delegados-de-hubei-macau-e-hengqin-participam-na-sessao-de-promocao-da-marca-mice2-macao-x-hengqin-para-explorar-novos-modelos-de-colaboracao\/#primaryimage"},"thumbnailUrl":"https:\/\/www.ipim.gov.mo\/wp-content\/uploads\/2025\/10\/N25IEUznno__t20251015190941.jpg","datePublished":"2025-09-05T11:24:00+00:00","dateModified":"2025-09-10T09:54:05+00:00","breadcrumb":{"@id":"https:\/\/www.ipim.gov.mo\/pt-pt\/noticias-do-ipim\/2025-09-05-delegados-de-hubei-macau-e-hengqin-participam-na-sessao-de-promocao-da-marca-mice2-macao-x-hengqin-para-explorar-novos-modelos-de-colaboracao\/#breadcrumb"},"inLanguage":"pt-PT","potentialAction":[{"@type":"ReadAction","target":["https:\/\/www.ipim.gov.mo\/pt-pt\/noticias-do-ipim\/2025-09-05-delegados-de-hubei-macau-e-hengqin-participam-na-sessao-de-promocao-da-marca-mice2-macao-x-hengqin-para-explorar-novos-modelos-de-colaboracao\/"]}]},{"@type":"ImageObject","inLanguage":"pt-PT","@id":"https:\/\/www.ipim.gov.mo\/pt-pt\/noticias-do-ipim\/2025-09-05-delegados-de-hubei-macau-e-hengqin-participam-na-sessao-de-promocao-da-marca-mice2-macao-x-hengqin-para-explorar-novos-modelos-de-colaboracao\/#primaryimage","url":"https:\/\/www.ipim.gov.mo\/wp-content\/uploads\/2025\/10\/N25IEUznno__t20251015190941.jpg","contentUrl":"https:\/\/www.ipim.gov.mo\/wp-content\/uploads\/2025\/10\/N25IEUznno__t20251015190941.jpg","width":320,"height":180},{"@type":"BreadcrumbList","@id":"https:\/\/www.ipim.gov.mo\/pt-pt\/noticias-do-ipim\/2025-09-05-delegados-de-hubei-macau-e-hengqin-participam-na-sessao-de-promocao-da-marca-mice2-macao-x-hengqin-para-explorar-novos-modelos-de-colaboracao\/#breadcrumb","itemListElement":[{"@type":"ListItem","position":1,"name":"Home","item":"https:\/\/www.ipim.gov.mo\/pt-pt\/"},{"@type":"ListItem","position":2,"name":"[2025\/09\/05] Delegados de Hubei, Macau e Hengqin participam na Sess\u00e3o de Promo\u00e7\u00e3o da Marca MICE2 Macao x Hengqin para explorar novos modelos de colabora\u00e7\u00e3o"}]},{"@type":"WebSite","@id":"https:\/\/www.ipim.gov.mo\/zh-hans\/#website","url":"https:\/\/www.ipim.gov.mo\/zh-hans\/","name":"Commerce and Investment Promotion Institute","description":"Commerce and Investment Promotion Institute","publisher":{"@id":"https:\/\/www.ipim.gov.mo\/zh-hans\/#organization"},"potentialAction":[{"@type":"SearchAction","target":{"@type":"EntryPoint","urlTemplate":"https:\/\/www.ipim.gov.mo\/zh-hans\/?s={search_term_string}"},"query-input":{"@type":"PropertyValueSpecification","valueRequired":true,"valueName":"search_term_string"}}],"inLanguage":"pt-PT"},{"@type":"Organization","@id":"https:\/\/www.ipim.gov.mo\/zh-hans\/#organization","name":"IPIM","url":"https:\/\/www.ipim.gov.mo\/zh-hans\/","logo":{"@type":"ImageObject","inLanguage":"pt-PT","@id":"https:\/\/www.ipim.gov.mo\/zh-hans\/#\/schema\/logo\/image\/","url":"https:\/\/www.ipim.gov.mo\/wp-content\/uploads\/2022\/10\/default-post-thumbnail-ipim-logo.png","contentUrl":"https:\/\/www.ipim.gov.mo\/wp-content\/uploads\/2022\/10\/default-post-thumbnail-ipim-logo.png","width":1024,"height":768,"caption":"IPIM"},"image":{"@id":"https:\/\/www.ipim.gov.mo\/zh-hans\/#\/schema\/logo\/image\/"}}]}},"author_meta":{"display_name":"","author_link":"https:\/\/www.ipim.gov.mo\/pt-pt\/author\/"},"featured_img":"https:\/\/www.ipim.gov.mo\/wp-content\/uploads\/2025\/10\/N25IEUznno__t20251015190941-300x169.jpg","coauthors":[],"tax_additional":{"categories":{"linked":["<a href=\"https:\/\/www.ipim.gov.mo\/pt-pt\/category\/noticias-do-ipim\/\" class=\"advgb-post-tax-term\">Not\u00edcias do IPIM<\/a>"],"unlinked":["<span class=\"advgb-post-tax-term\">Not\u00edcias do IPIM<\/span>"]}},"comment_count":"0","relative_dates":{"created":"Posted 8 months ago","modified":"Updated 8 months ago"},"absolute_dates":{"created":"Posted on Setembro 5, 2025","modified":"Updated on Setembro 10, 2025"},"absolute_dates_time":{"created":"Posted on Setembro 5, 2025 7:24 pm","modified":"Updated on Setembro 10, 2025 5:54 pm"},"featured_img_caption":"","series_order":"","_links":{"self":[{"href":"https:\/\/www.ipim.gov.mo\/pt-pt\/wp-json\/wp\/v2\/posts\/500546","targetHints":{"allow":["GET"]}}],"collection":[{"href":"https:\/\/www.ipim.gov.mo\/pt-pt\/wp-json\/wp\/v2\/posts"}],"about":[{"href":"https:\/\/www.ipim.gov.mo\/pt-pt\/wp-json\/wp\/v2\/types\/post"}],"replies":[{"embeddable":true,"href":"https:\/\/www.ipim.gov.mo\/pt-pt\/wp-json\/wp\/v2\/comments?post=500546"}],"version-history":[{"count":1,"href":"https:\/\/www.ipim.gov.mo\/pt-pt\/wp-json\/wp\/v2\/posts\/500546\/revisions"}],"predecessor-version":[{"id":500635,"href":"https:\/\/www.ipim.gov.mo\/pt-pt\/wp-json\/wp\/v2\/posts\/500546\/revisions\/500635"}],"wp:featuredmedia":[{"embeddable":true,"href":"https:\/\/www.ipim.gov.mo\/pt-pt\/wp-json\/wp\/v2\/media\/501798"}],"wp:attachment":[{"href":"https:\/\/www.ipim.gov.mo\/pt-pt\/wp-json\/wp\/v2\/media?parent=500546"}],"wp:term":[{"taxonomy":"category","embeddable":true,"href":"https:\/\/www.ipim.gov.mo\/pt-pt\/wp-json\/wp\/v2\/categories?post=500546"},{"taxonomy":"post_tag","embeddable":true,"href":"https:\/\/www.ipim.gov.mo\/pt-pt\/wp-json\/wp\/v2\/tags?post=500546"}],"curies":[{"name":"wp","href":"https:\/\/api.w.org\/{rel}","templated":true}]}}