{"id":500391,"date":"2025-09-03T11:12:00","date_gmt":"2025-09-03T03:12:00","guid":{"rendered":"https:\/\/www.ipim.gov.mo\/?p=500391"},"modified":"2025-09-04T16:54:05","modified_gmt":"2025-09-04T08:54:05","slug":"2025-09-03-ipim-lidera-uma-delegacao-de-empresarios-para-exploracao-de-oportunidades-na-semana-de-macau-em-wuhan-hubei","status":"publish","type":"post","link":"https:\/\/www.ipim.gov.mo\/pt-pt\/noticias-do-ipim\/2025-09-03-ipim-lidera-uma-delegacao-de-empresarios-para-exploracao-de-oportunidades-na-semana-de-macau-em-wuhan-hubei\/","title":{"rendered":"[2025\/09\/03] IPIM lidera uma delega\u00e7\u00e3o de empres\u00e1rios para explora\u00e7\u00e3o de oportunidades na \u201cSemana de Macau em Wuhan \u2022 Hubei\u201d"},"content":{"rendered":"<p style=\"text-align:justify\">A \u201cSemana de Macau em Wuhan \u2022 Hubei\u201d vai-se estreiar na regi&atilde;o China Central de 5 a 8 de Setembro na Pra&ccedil;a Wuhan Guan da Cidade de Wuhan, Prov&iacute;ncia de Hubei. O Instituto de Promo&ccedil;&atilde;o do Com&eacute;rcio e do Investimento da Regi&atilde;o Administrativa Especial de Macau (doravante designado por IPIM) coordenar&aacute; a participa&ccedil;&atilde;o no evento de 28 pequenas e m&eacute;dias empresas (PMEs) de Macau, que, durante quatro dias, ir&atilde;o promover os produtos \u201cFabricados em Macau\u201d, \u201cMarcas de Macau\u201d e produtos caracter&iacute;sticos dos Pa&iacute;ses de L&iacute;ngua Portuguesa (PLP), exibindo o encanto &uacute;nico de Macau na Cidade de Wuhan.<\/p>\n<p style=\"text-align:justify\"><strong>Apoiar as empresas de Macau na explora&ccedil;&atilde;o de oportunidades em Hubei atrav&eacute;s de v&aacute;rios aspectos<\/strong><\/p>\n<p style=\"text-align:justify\">Para refor&ccedil;ar a efic&aacute;cia promocional, o IPIM organizar&aacute; uma delega&ccedil;&atilde;o de mais de 40 empres&aacute;rios de Macau para participar na \u201cSemana de Macau em Wuhan \u2022 Hubei \u2013 Bolsa de Contactos entre Hubei e Macau\u201d, ajudando as empresas a promoverem as suas marcas e a explorarem o mercado local segundo os modelos \u201cde empresa para consumidor\u201d (business-to-consumer, sigla inglesa B2C) e \u201cde empresa para empresa\u201d (business-to-business, sigla inglesa B2B). No mesmo dia, o IPIM e a Direc&ccedil;&atilde;o dos Servi&ccedil;os de Desenvolvimento Econ&oacute;mico da Zona de Coopera&ccedil;&atilde;o Aprofundada entre Guangdong e Macau em Hengqin, ir&atilde;o organizar, em conjunto, a \u201cSess&atilde;o de Promo&ccedil;&atilde;o da Marca \u2018MICE<sup>2<\/sup> Macao x Hengqin\u2019 2025 (paragem de Wuhan)\u201d, para apresentar o ambiente de neg&oacute;cios e as vantagens de conven&ccedil;&otilde;es e exposi&ccedil;&otilde;es de Macau e Hengqin &agrave;s associa&ccedil;&otilde;es comerciais e empresas locais, visando refor&ccedil;ar as sinergias de \u201ccapta&ccedil;&atilde;o de investimentos atrav&eacute;s de exposi&ccedil;&otilde;es\u201d mediante o modelo \u201cUm Evento, Dois Locais\u201d, aproveitando a plataforma de conven&ccedil;&otilde;es e exposi&ccedil;&otilde;es para promover produtos caracter&iacute;sticos dos PLP e de Macau.<\/p>\n<p style=\"text-align:justify\"><strong>Construir uma plataforma de exposi&ccedil;&atilde;o e venda, experimentando o potencial de consumo de Wuhan<\/strong><\/p>\n<p style=\"text-align:justify\">28 empresas de Macau ir&atilde;o apresentar, no local da exposi&ccedil;&atilde;o e venda, uma variedade de produtos t&iacute;picos de Macau e dos PLP, incluindo lembran&ccedil;as e produtos de pastelaria, produtos de <em>big health<\/em>, bebidas alco&oacute;licas, caf&eacute;, ch&aacute;, vestu&aacute;rio, &oacute;leos essenciais de aromaterapia, produtos de cuidados pessoais e produtos com certifica&ccedil;&atilde;o halal. &Eacute; de assinalar que 14 expositores s&atilde;o empresas com certifica&ccedil;&atilde;o halal e 17 t&ecirc;m a Certifica&ccedil;&atilde;o de Qualidade de Produtos de Macau \u201cM-Mark\u201d. O local contar&aacute; com duas grandes &aacute;reas de exibi&ccedil;&atilde;o: a \u201c&Aacute;rea de Exibi&ccedil;&atilde;o dos Produtos dos Pa&iacute;ses de L&iacute;ngua Portuguesa\u201d onde se re&uacute;nem os produtos t&iacute;picos de nove PLP e a \u201c&Aacute;rea de Exibi&ccedil;&atilde;o MinM \u2013 as Marcas de Macau e os Fabricados em Macau\u201d onde se exibem os produtos com a Certifica&ccedil;&atilde;o de Qualidade dos Produtos de Macau \u201cM-Mark\u201d.<\/p>\n<p style=\"text-align:justify\"><strong>Descobrir os s&iacute;mbolos de Hubei e Macau e ganhar incont&aacute;veis pr&eacute;mios <\/strong><\/p>\n<p style=\"text-align:justify\">No local da promo&ccedil;&atilde;o de rua, haver&aacute; v&aacute;rios pontos de \u201c<em>check-in<\/em>\u201d com caracter&iacute;sticas de Hubei e Macau, onde os cidad&atilde;os locais e turistas poder&atilde;o tirar fotografias com a mascote \u201cPou Kong Ieng\u201d do IPIM, bem como a arquitectura caracter&iacute;stica de Wuhan e a gastronomia. Ao seguir a conta oficial do wechat do IPIM e completar as tarefas sugeridas, poder&atilde;o tirar fotos exclusivas no local e imprimir instantaneamente e de forma gratuita.<\/p>\n<p style=\"text-align:justify\">Al&eacute;m disso, para incentivar os residentes locais a fazerem compras no <em>roadshow<\/em>\/promo&ccedil;&atilde;o de rua, por cada consumo de 50 RMB, os clientes poder&atilde;o receber um carimbo; ao colectar tr&ecirc;s carimbos, poder&atilde;o trocar por um cart&atilde;o de raspadinha para ganhar pr&eacute;mios imediatamente.<\/p>\n<p style=\"text-align:justify\"><strong>Promo&ccedil;&atilde;o multifacetada para atrair investimentos do exterior para Macau<\/strong><\/p>\n<p style=\"text-align:justify\">Esta \u201cSemana de Macau\u201d ir&aacute;, durante quatro dias consecutivos e atrav&eacute;s de uma abordagem <em>online<\/em> e <em>offline<\/em> diversificada, proporcionar aos cidad&atilde;os de Wuhan e aos turistas, uma experi&ecirc;ncia de beleza de Macau que integra gastronomia, compras e entretenimento, ao mesmo tempo que tamb&eacute;m cria oportunidades para as PMEs de Macau participantes entrarem no mercado de Hubei, especialmente para alargar o espa&ccedil;o de mercado destinado ao p&uacute;blico consumidor halal.<\/p>\n","protected":false},"excerpt":{"rendered":"<p>A \u201cSemana de Macau em Wuhan \u2022 Hubei\u201d vai-se estreiar na regi&atilde;o China Central de 5 a 8 de Setembro na Pra&ccedil;a Wuhan Guan da [&hellip;]<\/p>\n","protected":false},"author":0,"featured_media":500437,"comment_status":"closed","ping_status":"closed","sticky":false,"template":"","format":"standard","meta":{"_acf_changed":false,"inline_featured_image":false,"advgb_blocks_editor_width":"","advgb_blocks_columns_visual_guide":"","footnotes":""},"categories":[12],"tags":[],"class_list":["post-500391","post","type-post","status-publish","format-standard","has-post-thumbnail","hentry","category-noticias-do-ipim"],"acf":[],"yoast_head":"<!-- This site is optimized with the Yoast SEO plugin v26.2 - https:\/\/yoast.com\/wordpress\/plugins\/seo\/ -->\r\n<title>[2025\/09\/03] IPIM lidera uma delega\u00e7\u00e3o de empres\u00e1rios para explora\u00e7\u00e3o de oportunidades na \u201cSemana de Macau em Wuhan \u2022 Hubei\u201d | Commerce and Investment Promotion Institute<\/title>\r\n<meta name=\"robots\" content=\"index, follow, max-snippet:-1, max-image-preview:large, max-video-preview:-1\" \/>\r\n<link rel=\"canonical\" href=\"https:\/\/www.ipim.gov.mo\/pt-pt\/noticias-do-ipim\/2025-09-03-ipim-lidera-uma-delegacao-de-empresarios-para-exploracao-de-oportunidades-na-semana-de-macau-em-wuhan-hubei\/\" \/>\r\n<meta property=\"og:locale\" content=\"pt_PT\" \/>\r\n<meta property=\"og:type\" content=\"article\" \/>\r\n<meta property=\"og:title\" content=\"[2025\/09\/03] IPIM lidera uma delega\u00e7\u00e3o de empres\u00e1rios para explora\u00e7\u00e3o de oportunidades na \u201cSemana de Macau em Wuhan \u2022 Hubei\u201d | Commerce and Investment Promotion Institute\" \/>\r\n<meta property=\"og:description\" content=\"A \u201cSemana de Macau em Wuhan \u2022 Hubei\u201d vai-se estreiar na regi&atilde;o China Central de 5 a 8 de Setembro na Pra&ccedil;a Wuhan Guan da [&hellip;]\" \/>\r\n<meta property=\"og:url\" content=\"https:\/\/www.ipim.gov.mo\/pt-pt\/noticias-do-ipim\/2025-09-03-ipim-lidera-uma-delegacao-de-empresarios-para-exploracao-de-oportunidades-na-semana-de-macau-em-wuhan-hubei\/\" \/>\r\n<meta property=\"og:site_name\" content=\"Commerce and Investment Promotion Institute\" \/>\r\n<meta property=\"article:published_time\" content=\"2025-09-03T03:12:00+00:00\" \/>\r\n<meta property=\"article:modified_time\" content=\"2025-09-04T08:54:05+00:00\" \/>\r\n<meta property=\"og:image\" content=\"https:\/\/www.ipim.gov.mo\/wp-content\/uploads\/2025\/09\/N25ICEci3b__t20250904161823.jpg\" \/>\r\n\t<meta property=\"og:image:width\" content=\"320\" \/>\r\n\t<meta property=\"og:image:height\" content=\"180\" \/>\r\n\t<meta property=\"og:image:type\" content=\"image\/jpeg\" \/>\r\n<meta name=\"twitter:card\" content=\"summary_large_image\" \/>\r\n<meta name=\"twitter:label1\" content=\"Est. reading time\" \/>\n\t<meta name=\"twitter:data1\" content=\"4 minutes\" \/>\r\n<script type=\"application\/ld+json\" class=\"yoast-schema-graph\">{\"@context\":\"https:\/\/schema.org\",\"@graph\":[{\"@type\":\"WebPage\",\"@id\":\"https:\/\/www.ipim.gov.mo\/pt-pt\/noticias-do-ipim\/2025-09-03-ipim-lidera-uma-delegacao-de-empresarios-para-exploracao-de-oportunidades-na-semana-de-macau-em-wuhan-hubei\/\",\"url\":\"https:\/\/www.ipim.gov.mo\/pt-pt\/noticias-do-ipim\/2025-09-03-ipim-lidera-uma-delegacao-de-empresarios-para-exploracao-de-oportunidades-na-semana-de-macau-em-wuhan-hubei\/\",\"name\":\"[2025\/09\/03] IPIM lidera uma delega\u00e7\u00e3o de empres\u00e1rios para explora\u00e7\u00e3o de oportunidades na \u201cSemana de Macau em Wuhan \u2022 Hubei\u201d | Commerce and Investment Promotion Institute\",\"isPartOf\":{\"@id\":\"https:\/\/www.ipim.gov.mo\/zh-hans\/#website\"},\"primaryImageOfPage\":{\"@id\":\"https:\/\/www.ipim.gov.mo\/pt-pt\/noticias-do-ipim\/2025-09-03-ipim-lidera-uma-delegacao-de-empresarios-para-exploracao-de-oportunidades-na-semana-de-macau-em-wuhan-hubei\/#primaryimage\"},\"image\":{\"@id\":\"https:\/\/www.ipim.gov.mo\/pt-pt\/noticias-do-ipim\/2025-09-03-ipim-lidera-uma-delegacao-de-empresarios-para-exploracao-de-oportunidades-na-semana-de-macau-em-wuhan-hubei\/#primaryimage\"},\"thumbnailUrl\":\"https:\/\/www.ipim.gov.mo\/wp-content\/uploads\/2025\/09\/N25ICEci3b__t20250904161823.jpg\",\"datePublished\":\"2025-09-03T03:12:00+00:00\",\"dateModified\":\"2025-09-04T08:54:05+00:00\",\"breadcrumb\":{\"@id\":\"https:\/\/www.ipim.gov.mo\/pt-pt\/noticias-do-ipim\/2025-09-03-ipim-lidera-uma-delegacao-de-empresarios-para-exploracao-de-oportunidades-na-semana-de-macau-em-wuhan-hubei\/#breadcrumb\"},\"inLanguage\":\"pt-PT\",\"potentialAction\":[{\"@type\":\"ReadAction\",\"target\":[\"https:\/\/www.ipim.gov.mo\/pt-pt\/noticias-do-ipim\/2025-09-03-ipim-lidera-uma-delegacao-de-empresarios-para-exploracao-de-oportunidades-na-semana-de-macau-em-wuhan-hubei\/\"]}]},{\"@type\":\"ImageObject\",\"inLanguage\":\"pt-PT\",\"@id\":\"https:\/\/www.ipim.gov.mo\/pt-pt\/noticias-do-ipim\/2025-09-03-ipim-lidera-uma-delegacao-de-empresarios-para-exploracao-de-oportunidades-na-semana-de-macau-em-wuhan-hubei\/#primaryimage\",\"url\":\"https:\/\/www.ipim.gov.mo\/wp-content\/uploads\/2025\/09\/N25ICEci3b__t20250904161823.jpg\",\"contentUrl\":\"https:\/\/www.ipim.gov.mo\/wp-content\/uploads\/2025\/09\/N25ICEci3b__t20250904161823.jpg\",\"width\":320,\"height\":180},{\"@type\":\"BreadcrumbList\",\"@id\":\"https:\/\/www.ipim.gov.mo\/pt-pt\/noticias-do-ipim\/2025-09-03-ipim-lidera-uma-delegacao-de-empresarios-para-exploracao-de-oportunidades-na-semana-de-macau-em-wuhan-hubei\/#breadcrumb\",\"itemListElement\":[{\"@type\":\"ListItem\",\"position\":1,\"name\":\"Home\",\"item\":\"https:\/\/www.ipim.gov.mo\/pt-pt\/\"},{\"@type\":\"ListItem\",\"position\":2,\"name\":\"[2025\/09\/03] IPIM lidera uma delega\u00e7\u00e3o de empres\u00e1rios para explora\u00e7\u00e3o de oportunidades na \u201cSemana de Macau em Wuhan \u2022 Hubei\u201d\"}]},{\"@type\":\"WebSite\",\"@id\":\"https:\/\/www.ipim.gov.mo\/zh-hans\/#website\",\"url\":\"https:\/\/www.ipim.gov.mo\/zh-hans\/\",\"name\":\"Commerce and Investment Promotion Institute\",\"description\":\"Commerce and Investment Promotion Institute\",\"publisher\":{\"@id\":\"https:\/\/www.ipim.gov.mo\/zh-hans\/#organization\"},\"potentialAction\":[{\"@type\":\"SearchAction\",\"target\":{\"@type\":\"EntryPoint\",\"urlTemplate\":\"https:\/\/www.ipim.gov.mo\/zh-hans\/?s={search_term_string}\"},\"query-input\":{\"@type\":\"PropertyValueSpecification\",\"valueRequired\":true,\"valueName\":\"search_term_string\"}}],\"inLanguage\":\"pt-PT\"},{\"@type\":\"Organization\",\"@id\":\"https:\/\/www.ipim.gov.mo\/zh-hans\/#organization\",\"name\":\"IPIM\",\"url\":\"https:\/\/www.ipim.gov.mo\/zh-hans\/\",\"logo\":{\"@type\":\"ImageObject\",\"inLanguage\":\"pt-PT\",\"@id\":\"https:\/\/www.ipim.gov.mo\/zh-hans\/#\/schema\/logo\/image\/\",\"url\":\"https:\/\/www.ipim.gov.mo\/wp-content\/uploads\/2022\/10\/default-post-thumbnail-ipim-logo.png\",\"contentUrl\":\"https:\/\/www.ipim.gov.mo\/wp-content\/uploads\/2022\/10\/default-post-thumbnail-ipim-logo.png\",\"width\":1024,\"height\":768,\"caption\":\"IPIM\"},\"image\":{\"@id\":\"https:\/\/www.ipim.gov.mo\/zh-hans\/#\/schema\/logo\/image\/\"}}]}<\/script>\r\n<!-- \/ Yoast SEO plugin. -->","yoast_head_json":{"title":"[2025\/09\/03] IPIM lidera uma delega\u00e7\u00e3o de empres\u00e1rios para explora\u00e7\u00e3o de oportunidades na \u201cSemana de Macau em Wuhan \u2022 Hubei\u201d | Commerce and Investment Promotion Institute","robots":{"index":"index","follow":"follow","max-snippet":"max-snippet:-1","max-image-preview":"max-image-preview:large","max-video-preview":"max-video-preview:-1"},"canonical":"https:\/\/www.ipim.gov.mo\/pt-pt\/noticias-do-ipim\/2025-09-03-ipim-lidera-uma-delegacao-de-empresarios-para-exploracao-de-oportunidades-na-semana-de-macau-em-wuhan-hubei\/","og_locale":"pt_PT","og_type":"article","og_title":"[2025\/09\/03] IPIM lidera uma delega\u00e7\u00e3o de empres\u00e1rios para explora\u00e7\u00e3o de oportunidades na \u201cSemana de Macau em Wuhan \u2022 Hubei\u201d | Commerce and Investment Promotion Institute","og_description":"A \u201cSemana de Macau em Wuhan \u2022 Hubei\u201d vai-se estreiar na regi&atilde;o China Central de 5 a 8 de Setembro na Pra&ccedil;a Wuhan Guan da [&hellip;]","og_url":"https:\/\/www.ipim.gov.mo\/pt-pt\/noticias-do-ipim\/2025-09-03-ipim-lidera-uma-delegacao-de-empresarios-para-exploracao-de-oportunidades-na-semana-de-macau-em-wuhan-hubei\/","og_site_name":"Commerce and Investment Promotion Institute","article_published_time":"2025-09-03T03:12:00+00:00","article_modified_time":"2025-09-04T08:54:05+00:00","og_image":[{"width":320,"height":180,"url":"https:\/\/www.ipim.gov.mo\/wp-content\/uploads\/2025\/09\/N25ICEci3b__t20250904161823.jpg","type":"image\/jpeg"}],"twitter_card":"summary_large_image","twitter_misc":{"Est. reading time":"4 minutes"},"schema":{"@context":"https:\/\/schema.org","@graph":[{"@type":"WebPage","@id":"https:\/\/www.ipim.gov.mo\/pt-pt\/noticias-do-ipim\/2025-09-03-ipim-lidera-uma-delegacao-de-empresarios-para-exploracao-de-oportunidades-na-semana-de-macau-em-wuhan-hubei\/","url":"https:\/\/www.ipim.gov.mo\/pt-pt\/noticias-do-ipim\/2025-09-03-ipim-lidera-uma-delegacao-de-empresarios-para-exploracao-de-oportunidades-na-semana-de-macau-em-wuhan-hubei\/","name":"[2025\/09\/03] IPIM lidera uma delega\u00e7\u00e3o de empres\u00e1rios para explora\u00e7\u00e3o de oportunidades na \u201cSemana de Macau em Wuhan \u2022 Hubei\u201d | Commerce and Investment Promotion Institute","isPartOf":{"@id":"https:\/\/www.ipim.gov.mo\/zh-hans\/#website"},"primaryImageOfPage":{"@id":"https:\/\/www.ipim.gov.mo\/pt-pt\/noticias-do-ipim\/2025-09-03-ipim-lidera-uma-delegacao-de-empresarios-para-exploracao-de-oportunidades-na-semana-de-macau-em-wuhan-hubei\/#primaryimage"},"image":{"@id":"https:\/\/www.ipim.gov.mo\/pt-pt\/noticias-do-ipim\/2025-09-03-ipim-lidera-uma-delegacao-de-empresarios-para-exploracao-de-oportunidades-na-semana-de-macau-em-wuhan-hubei\/#primaryimage"},"thumbnailUrl":"https:\/\/www.ipim.gov.mo\/wp-content\/uploads\/2025\/09\/N25ICEci3b__t20250904161823.jpg","datePublished":"2025-09-03T03:12:00+00:00","dateModified":"2025-09-04T08:54:05+00:00","breadcrumb":{"@id":"https:\/\/www.ipim.gov.mo\/pt-pt\/noticias-do-ipim\/2025-09-03-ipim-lidera-uma-delegacao-de-empresarios-para-exploracao-de-oportunidades-na-semana-de-macau-em-wuhan-hubei\/#breadcrumb"},"inLanguage":"pt-PT","potentialAction":[{"@type":"ReadAction","target":["https:\/\/www.ipim.gov.mo\/pt-pt\/noticias-do-ipim\/2025-09-03-ipim-lidera-uma-delegacao-de-empresarios-para-exploracao-de-oportunidades-na-semana-de-macau-em-wuhan-hubei\/"]}]},{"@type":"ImageObject","inLanguage":"pt-PT","@id":"https:\/\/www.ipim.gov.mo\/pt-pt\/noticias-do-ipim\/2025-09-03-ipim-lidera-uma-delegacao-de-empresarios-para-exploracao-de-oportunidades-na-semana-de-macau-em-wuhan-hubei\/#primaryimage","url":"https:\/\/www.ipim.gov.mo\/wp-content\/uploads\/2025\/09\/N25ICEci3b__t20250904161823.jpg","contentUrl":"https:\/\/www.ipim.gov.mo\/wp-content\/uploads\/2025\/09\/N25ICEci3b__t20250904161823.jpg","width":320,"height":180},{"@type":"BreadcrumbList","@id":"https:\/\/www.ipim.gov.mo\/pt-pt\/noticias-do-ipim\/2025-09-03-ipim-lidera-uma-delegacao-de-empresarios-para-exploracao-de-oportunidades-na-semana-de-macau-em-wuhan-hubei\/#breadcrumb","itemListElement":[{"@type":"ListItem","position":1,"name":"Home","item":"https:\/\/www.ipim.gov.mo\/pt-pt\/"},{"@type":"ListItem","position":2,"name":"[2025\/09\/03] IPIM lidera uma delega\u00e7\u00e3o de empres\u00e1rios para explora\u00e7\u00e3o de oportunidades na \u201cSemana de Macau em Wuhan \u2022 Hubei\u201d"}]},{"@type":"WebSite","@id":"https:\/\/www.ipim.gov.mo\/zh-hans\/#website","url":"https:\/\/www.ipim.gov.mo\/zh-hans\/","name":"Commerce and Investment Promotion Institute","description":"Commerce and Investment Promotion Institute","publisher":{"@id":"https:\/\/www.ipim.gov.mo\/zh-hans\/#organization"},"potentialAction":[{"@type":"SearchAction","target":{"@type":"EntryPoint","urlTemplate":"https:\/\/www.ipim.gov.mo\/zh-hans\/?s={search_term_string}"},"query-input":{"@type":"PropertyValueSpecification","valueRequired":true,"valueName":"search_term_string"}}],"inLanguage":"pt-PT"},{"@type":"Organization","@id":"https:\/\/www.ipim.gov.mo\/zh-hans\/#organization","name":"IPIM","url":"https:\/\/www.ipim.gov.mo\/zh-hans\/","logo":{"@type":"ImageObject","inLanguage":"pt-PT","@id":"https:\/\/www.ipim.gov.mo\/zh-hans\/#\/schema\/logo\/image\/","url":"https:\/\/www.ipim.gov.mo\/wp-content\/uploads\/2022\/10\/default-post-thumbnail-ipim-logo.png","contentUrl":"https:\/\/www.ipim.gov.mo\/wp-content\/uploads\/2022\/10\/default-post-thumbnail-ipim-logo.png","width":1024,"height":768,"caption":"IPIM"},"image":{"@id":"https:\/\/www.ipim.gov.mo\/zh-hans\/#\/schema\/logo\/image\/"}}]}},"author_meta":{"display_name":"","author_link":"https:\/\/www.ipim.gov.mo\/pt-pt\/author\/"},"featured_img":"https:\/\/www.ipim.gov.mo\/wp-content\/uploads\/2025\/09\/N25ICEci3b__t20250904161823-300x169.jpg","coauthors":[],"tax_additional":{"categories":{"linked":["<a href=\"https:\/\/www.ipim.gov.mo\/pt-pt\/category\/noticias-do-ipim\/\" class=\"advgb-post-tax-term\">Not\u00edcias do IPIM<\/a>"],"unlinked":["<span class=\"advgb-post-tax-term\">Not\u00edcias do IPIM<\/span>"]}},"comment_count":"0","relative_dates":{"created":"Posted 8 months ago","modified":"Updated 8 months ago"},"absolute_dates":{"created":"Posted on Setembro 3, 2025","modified":"Updated on Setembro 4, 2025"},"absolute_dates_time":{"created":"Posted on Setembro 3, 2025 11:12 am","modified":"Updated on Setembro 4, 2025 4:54 pm"},"featured_img_caption":"","series_order":"","_links":{"self":[{"href":"https:\/\/www.ipim.gov.mo\/pt-pt\/wp-json\/wp\/v2\/posts\/500391","targetHints":{"allow":["GET"]}}],"collection":[{"href":"https:\/\/www.ipim.gov.mo\/pt-pt\/wp-json\/wp\/v2\/posts"}],"about":[{"href":"https:\/\/www.ipim.gov.mo\/pt-pt\/wp-json\/wp\/v2\/types\/post"}],"replies":[{"embeddable":true,"href":"https:\/\/www.ipim.gov.mo\/pt-pt\/wp-json\/wp\/v2\/comments?post=500391"}],"version-history":[{"count":1,"href":"https:\/\/www.ipim.gov.mo\/pt-pt\/wp-json\/wp\/v2\/posts\/500391\/revisions"}],"predecessor-version":[{"id":500436,"href":"https:\/\/www.ipim.gov.mo\/pt-pt\/wp-json\/wp\/v2\/posts\/500391\/revisions\/500436"}],"wp:featuredmedia":[{"embeddable":true,"href":"https:\/\/www.ipim.gov.mo\/pt-pt\/wp-json\/wp\/v2\/media\/500437"}],"wp:attachment":[{"href":"https:\/\/www.ipim.gov.mo\/pt-pt\/wp-json\/wp\/v2\/media?parent=500391"}],"wp:term":[{"taxonomy":"category","embeddable":true,"href":"https:\/\/www.ipim.gov.mo\/pt-pt\/wp-json\/wp\/v2\/categories?post=500391"},{"taxonomy":"post_tag","embeddable":true,"href":"https:\/\/www.ipim.gov.mo\/pt-pt\/wp-json\/wp\/v2\/tags?post=500391"}],"curies":[{"name":"wp","href":"https:\/\/api.w.org\/{rel}","templated":true}]}}