{"id":497491,"date":"2025-07-31T10:54:00","date_gmt":"2025-07-31T02:54:00","guid":{"rendered":"https:\/\/www.ipim.gov.mo\/?p=497491"},"modified":"2025-07-31T17:52:04","modified_gmt":"2025-07-31T09:52:04","slug":"2025-07-31-visita-do-ipim-a-associacao-comercial-de-macau-para-discutir-sobre-o-desenvolvimento-economico-de-macau","status":"publish","type":"post","link":"https:\/\/www.ipim.gov.mo\/pt-pt\/noticias-do-ipim\/2025-07-31-visita-do-ipim-a-associacao-comercial-de-macau-para-discutir-sobre-o-desenvolvimento-economico-de-macau\/","title":{"rendered":"[2025\/07\/31] Visita do IPIM \u00e0 Associa\u00e7\u00e3o Comercial de Macau para discutir sobre o desenvolvimento econ\u00f3mico de Macau"},"content":{"rendered":"<p style=\"text-align:justify\">O Presidente do Instituto de Promo&ccedil;&atilde;o do Com&eacute;rcio e do Investimento (IPIM), Che Weng Keong, liderou uma delega&ccedil;&atilde;o do pessoal de direc&ccedil;&atilde;o e chefia do IPIM numa visita &agrave; Associa&ccedil;&atilde;o Comercial de Macau (ACM), onde apresentou os principais trabalhos do IPIM planeados para o segundo semestre, ouviu as opini&otilde;es da ACM e trocou ideias sobre a coopera&ccedil;&atilde;o industrial, discutindo e explorando, em conjunto, o desenvolvimento econ&oacute;mico de Macau.<\/p>\n<p style=\"text-align:justify\">O Presidente da direc&ccedil;&atilde;o da ACM, Ma Chi Ngai Frederico, recebeu a delega&ccedil;&atilde;o do IPIM e mencionou nesta reuni&atilde;o que o IPIM j&aacute; prestou apoio, na fase inicial de licita&ccedil;&atilde;o, &agrave; \u201c18.&ordf; Conven&ccedil;&atilde;o Mundial dos Empres&aacute;rios Chineses\u201d, que contar&aacute; com a participa&ccedil;&atilde;o de mais de 3.000 empres&aacute;rios. Esta Conven&ccedil;&atilde;o proporciona uma excelente plataforma para as bolsas de contactos. No que diz respeito ao desenvolvimento sin&eacute;rgico entre Macau e Hengqin, a ACM organizou v&aacute;rias actividades, entre as quais o programa de excurs&atilde;o de experi&ecirc;ncia tur&iacute;stica Macau-Hengqin, que registou um grande n&uacute;mero de inscri&ccedil;&otilde;es. A ACM e o IPIM t&ecirc;m mantido uma estreita coopera&ccedil;&atilde;o, incluindo a recep&ccedil;&atilde;o de associa&ccedil;&otilde;es comerciais estrangeiras e a identifica&ccedil;&atilde;o de potenciais parceiros. A ACM tamb&eacute;m tem apoiado, atrav&eacute;s da coordena&ccedil;&atilde;o de delega&ccedil;&otilde;es, &agrave;s Feira Internacional de Macau (MIF), Feira de Produtos de Marca da Prov&iacute;ncia de Guangdong e Macau e outras feiras organizadas pelo IPIM. Por outro lado, tamb&eacute;m organizou a participa&ccedil;&atilde;o dos seus membros em eventos econ&oacute;micos e comerciais dos pa&iacute;ses de l&iacute;ngua portuguesa, como o \u201cEncontro de Empres&aacute;rios para a Coopera&ccedil;&atilde;o Econ&oacute;mica e Comercial entre a China e os Pa&iacute;ses de L&iacute;ngua Portuguesa\u201d. A ACM comprometeu-se a continuar a apoiar, como sempre, o IPIM em todas as suas actividades.<\/p>\n<p style=\"text-align:justify\">O Presidente do IPIM, Che Weng Keong, agradeceu o apoio cont&iacute;nuo da ACM &agrave;s actividades do IPIM. Ao apresentar as prioridades do trabalho do IPIM para o segundo semestre, destacou que ser&atilde;o organizadas mais actividades de capta&ccedil;&atilde;o de investimentos relacionadas com as ind&uacute;strias de tecnologia e <em>big health<\/em>, empenhando-se em participar, com dinamismo, na constru&ccedil;&atilde;o da Grande Ba&iacute;a como um centro internacional de inova&ccedil;&atilde;o cient&iacute;fica e tecnol&oacute;gica. Em articula&ccedil;&atilde;o com a \u201c18.&ordf; Conven&ccedil;&atilde;o Mundial dos Empres&aacute;rios Chineses\u201d que se realizar&aacute; em Macau, ser&aacute; dada &ecirc;nfase &agrave; publicidade da primeira edi&ccedil;&atilde;o da \u201cExposi&ccedil;&atilde;o Global de M&aacute;quinas e Produtos Electr&oacute;nicos de Intelig&ecirc;ncia Artificial\u201d, que ter&aacute; lugar simultaneamente em duas cidades, Zhuhai e Macau, em Dezembro, de modo a promover a participa&ccedil;&atilde;o da comunidade empresarial de Macau na coopera&ccedil;&atilde;o comercial entre a China e os pa&iacute;ses de l&iacute;ngua portuguesa. O IPIM j&aacute; se reuniu v&aacute;rias vezes com a ACM para coordenar os trabalhos relativos a bolsas de contactos para a \u201c18.&ordf; Conven&ccedil;&atilde;o Mundial dos Empres&aacute;rios Chineses\u201d, prestando toda a assist&ecirc;ncia no trabalho de inscri&ccedil;&atilde;o de comerciantes locais e do exterior e na capta&ccedil;&atilde;o de expositores e neg&oacute;cios. O IPIM espera que a ACM continue a apoiar nas suas iniciativas e rumo de desenvolvimento, contribuindo, de m&atilde;os dadas, para o desenvolvimento da diversifica&ccedil;&atilde;o adequada da economia de Macau.<\/p>\n<p style=\"text-align:justify\">Os representantes de ambas as partes tamb&eacute;m levantaram preocupa&ccedil;&otilde;es e sugest&otilde;es nas suas &aacute;reas de actua&ccedil;&atilde;o, incluindo o aprofundamento do papel da plataforma sino-lus&oacute;fona atrav&eacute;s do apoio do sector financeiro e do Fundo de Coopera&ccedil;&atilde;o para o Desenvolvimento China-Pa&iacute;ses de L&iacute;ngua Portuguesa, bem como a promo&ccedil;&atilde;o de instala&ccedil;&atilde;o de empresas em Macau atrav&eacute;s da coopera&ccedil;&atilde;o entre os bancos e o governo.<\/p>\n<p style=\"text-align:justify\">Estiveram presentes na reuni&atilde;o os Vice-Presidentes da Direc&ccedil;&atilde;o da ACM, Vong Kok Seng, Ho Kevin King Lun e Ngan Iek Chan, o Membro Permanente e Vice-Chefe do Departamento de Rela&ccedil;&otilde;es P&uacute;blicas, Un Chong San, o Membro Permanente e Vice-Chefe do Departamento de Assuntos Industriais e Comerciais, Lam Ka Vai Carlos, os Vogais da Direc&ccedil;&atilde;o, Lam Iok Ha e Li Chu Kwan, o Secret&aacute;rio-Geral Au Weng Chi, o Secret&aacute;rio Chong Neng, e os Vogais do Conselho Administrativo do IPIM, Wong Yee Lam e Leong Wa Fong, o Director do Departamento de Desenvolvimento de Conven&ccedil;&otilde;es e Exposi&ccedil;&otilde;es e de Actividades Promocionais, Chan Kai Meng, o Director do Departamento dos Assuntos de Capta&ccedil;&atilde;o de Investimento e de Desenvolvimento Econ&oacute;mico e Comercial, Chao Pang, e a Directora, substituta, do Departamento de Apoio ao Secretariado Permanente do F&oacute;rum de Macau e Promo&ccedil;&atilde;o dos Mercados Lus&oacute;fonos, Micaela F&aacute;tima dos Santos.<\/p>\n","protected":false},"excerpt":{"rendered":"<p>O Presidente do Instituto de Promo&ccedil;&atilde;o do Com&eacute;rcio e do Investimento (IPIM), Che Weng Keong, liderou uma delega&ccedil;&atilde;o do pessoal de direc&ccedil;&atilde;o e chefia do [&hellip;]<\/p>\n","protected":false},"author":0,"featured_media":498972,"comment_status":"closed","ping_status":"closed","sticky":false,"template":"","format":"standard","meta":{"_acf_changed":false,"inline_featured_image":false,"advgb_blocks_editor_width":"","advgb_blocks_columns_visual_guide":"","footnotes":""},"categories":[12],"tags":[],"class_list":["post-497491","post","type-post","status-publish","format-standard","has-post-thumbnail","hentry","category-noticias-do-ipim"],"acf":[],"yoast_head":"<!-- This site is optimized with the Yoast SEO plugin v26.2 - https:\/\/yoast.com\/wordpress\/plugins\/seo\/ -->\r\n<title>[2025\/07\/31] Visita do IPIM \u00e0 Associa\u00e7\u00e3o Comercial de Macau para discutir sobre o desenvolvimento econ\u00f3mico de Macau | Commerce and Investment Promotion Institute<\/title>\r\n<meta name=\"robots\" content=\"index, follow, max-snippet:-1, max-image-preview:large, max-video-preview:-1\" \/>\r\n<link rel=\"canonical\" href=\"https:\/\/www.ipim.gov.mo\/pt-pt\/noticias-do-ipim\/2025-07-31-visita-do-ipim-a-associacao-comercial-de-macau-para-discutir-sobre-o-desenvolvimento-economico-de-macau\/\" \/>\r\n<meta property=\"og:locale\" content=\"pt_PT\" \/>\r\n<meta property=\"og:type\" content=\"article\" \/>\r\n<meta property=\"og:title\" content=\"[2025\/07\/31] Visita do IPIM \u00e0 Associa\u00e7\u00e3o Comercial de Macau para discutir sobre o desenvolvimento econ\u00f3mico de Macau | Commerce and Investment Promotion Institute\" \/>\r\n<meta property=\"og:description\" content=\"O Presidente do Instituto de Promo&ccedil;&atilde;o do Com&eacute;rcio e do Investimento (IPIM), Che Weng Keong, liderou uma delega&ccedil;&atilde;o do pessoal de direc&ccedil;&atilde;o e chefia do [&hellip;]\" \/>\r\n<meta property=\"og:url\" content=\"https:\/\/www.ipim.gov.mo\/pt-pt\/noticias-do-ipim\/2025-07-31-visita-do-ipim-a-associacao-comercial-de-macau-para-discutir-sobre-o-desenvolvimento-economico-de-macau\/\" \/>\r\n<meta property=\"og:site_name\" content=\"Commerce and Investment Promotion Institute\" \/>\r\n<meta property=\"article:published_time\" content=\"2025-07-31T02:54:00+00:00\" \/>\r\n<meta property=\"article:modified_time\" content=\"2025-07-31T09:52:04+00:00\" \/>\r\n<meta property=\"og:image\" content=\"https:\/\/www.ipim.gov.mo\/wp-content\/uploads\/2025\/07\/N25GeMN21L__t20250731174355.jpg\" \/>\r\n\t<meta property=\"og:image:width\" content=\"320\" \/>\r\n\t<meta property=\"og:image:height\" content=\"180\" \/>\r\n\t<meta property=\"og:image:type\" content=\"image\/jpeg\" \/>\r\n<meta name=\"twitter:card\" content=\"summary_large_image\" \/>\r\n<meta name=\"twitter:label1\" content=\"Est. reading time\" \/>\n\t<meta name=\"twitter:data1\" content=\"5 minutes\" \/>\r\n<script type=\"application\/ld+json\" class=\"yoast-schema-graph\">{\"@context\":\"https:\/\/schema.org\",\"@graph\":[{\"@type\":\"WebPage\",\"@id\":\"https:\/\/www.ipim.gov.mo\/pt-pt\/noticias-do-ipim\/2025-07-31-visita-do-ipim-a-associacao-comercial-de-macau-para-discutir-sobre-o-desenvolvimento-economico-de-macau\/\",\"url\":\"https:\/\/www.ipim.gov.mo\/pt-pt\/noticias-do-ipim\/2025-07-31-visita-do-ipim-a-associacao-comercial-de-macau-para-discutir-sobre-o-desenvolvimento-economico-de-macau\/\",\"name\":\"[2025\/07\/31] Visita do IPIM \u00e0 Associa\u00e7\u00e3o Comercial de Macau para discutir sobre o desenvolvimento econ\u00f3mico de Macau | Commerce and Investment Promotion Institute\",\"isPartOf\":{\"@id\":\"https:\/\/www.ipim.gov.mo\/zh-hans\/#website\"},\"primaryImageOfPage\":{\"@id\":\"https:\/\/www.ipim.gov.mo\/pt-pt\/noticias-do-ipim\/2025-07-31-visita-do-ipim-a-associacao-comercial-de-macau-para-discutir-sobre-o-desenvolvimento-economico-de-macau\/#primaryimage\"},\"image\":{\"@id\":\"https:\/\/www.ipim.gov.mo\/pt-pt\/noticias-do-ipim\/2025-07-31-visita-do-ipim-a-associacao-comercial-de-macau-para-discutir-sobre-o-desenvolvimento-economico-de-macau\/#primaryimage\"},\"thumbnailUrl\":\"https:\/\/www.ipim.gov.mo\/wp-content\/uploads\/2025\/07\/N25GeMN21L__t20250731174355.jpg\",\"datePublished\":\"2025-07-31T02:54:00+00:00\",\"dateModified\":\"2025-07-31T09:52:04+00:00\",\"breadcrumb\":{\"@id\":\"https:\/\/www.ipim.gov.mo\/pt-pt\/noticias-do-ipim\/2025-07-31-visita-do-ipim-a-associacao-comercial-de-macau-para-discutir-sobre-o-desenvolvimento-economico-de-macau\/#breadcrumb\"},\"inLanguage\":\"pt-PT\",\"potentialAction\":[{\"@type\":\"ReadAction\",\"target\":[\"https:\/\/www.ipim.gov.mo\/pt-pt\/noticias-do-ipim\/2025-07-31-visita-do-ipim-a-associacao-comercial-de-macau-para-discutir-sobre-o-desenvolvimento-economico-de-macau\/\"]}]},{\"@type\":\"ImageObject\",\"inLanguage\":\"pt-PT\",\"@id\":\"https:\/\/www.ipim.gov.mo\/pt-pt\/noticias-do-ipim\/2025-07-31-visita-do-ipim-a-associacao-comercial-de-macau-para-discutir-sobre-o-desenvolvimento-economico-de-macau\/#primaryimage\",\"url\":\"https:\/\/www.ipim.gov.mo\/wp-content\/uploads\/2025\/07\/N25GeMN21L__t20250731174355.jpg\",\"contentUrl\":\"https:\/\/www.ipim.gov.mo\/wp-content\/uploads\/2025\/07\/N25GeMN21L__t20250731174355.jpg\",\"width\":320,\"height\":180},{\"@type\":\"BreadcrumbList\",\"@id\":\"https:\/\/www.ipim.gov.mo\/pt-pt\/noticias-do-ipim\/2025-07-31-visita-do-ipim-a-associacao-comercial-de-macau-para-discutir-sobre-o-desenvolvimento-economico-de-macau\/#breadcrumb\",\"itemListElement\":[{\"@type\":\"ListItem\",\"position\":1,\"name\":\"Home\",\"item\":\"https:\/\/www.ipim.gov.mo\/pt-pt\/\"},{\"@type\":\"ListItem\",\"position\":2,\"name\":\"[2025\/07\/31] Visita do IPIM \u00e0 Associa\u00e7\u00e3o Comercial de Macau para discutir sobre o desenvolvimento econ\u00f3mico de Macau\"}]},{\"@type\":\"WebSite\",\"@id\":\"https:\/\/www.ipim.gov.mo\/zh-hans\/#website\",\"url\":\"https:\/\/www.ipim.gov.mo\/zh-hans\/\",\"name\":\"Commerce and Investment Promotion Institute\",\"description\":\"Commerce and Investment Promotion Institute\",\"publisher\":{\"@id\":\"https:\/\/www.ipim.gov.mo\/zh-hans\/#organization\"},\"potentialAction\":[{\"@type\":\"SearchAction\",\"target\":{\"@type\":\"EntryPoint\",\"urlTemplate\":\"https:\/\/www.ipim.gov.mo\/zh-hans\/?s={search_term_string}\"},\"query-input\":{\"@type\":\"PropertyValueSpecification\",\"valueRequired\":true,\"valueName\":\"search_term_string\"}}],\"inLanguage\":\"pt-PT\"},{\"@type\":\"Organization\",\"@id\":\"https:\/\/www.ipim.gov.mo\/zh-hans\/#organization\",\"name\":\"IPIM\",\"url\":\"https:\/\/www.ipim.gov.mo\/zh-hans\/\",\"logo\":{\"@type\":\"ImageObject\",\"inLanguage\":\"pt-PT\",\"@id\":\"https:\/\/www.ipim.gov.mo\/zh-hans\/#\/schema\/logo\/image\/\",\"url\":\"https:\/\/www.ipim.gov.mo\/wp-content\/uploads\/2022\/10\/default-post-thumbnail-ipim-logo.png\",\"contentUrl\":\"https:\/\/www.ipim.gov.mo\/wp-content\/uploads\/2022\/10\/default-post-thumbnail-ipim-logo.png\",\"width\":1024,\"height\":768,\"caption\":\"IPIM\"},\"image\":{\"@id\":\"https:\/\/www.ipim.gov.mo\/zh-hans\/#\/schema\/logo\/image\/\"}}]}<\/script>\r\n<!-- \/ Yoast SEO plugin. -->","yoast_head_json":{"title":"[2025\/07\/31] Visita do IPIM \u00e0 Associa\u00e7\u00e3o Comercial de Macau para discutir sobre o desenvolvimento econ\u00f3mico de Macau | Commerce and Investment Promotion Institute","robots":{"index":"index","follow":"follow","max-snippet":"max-snippet:-1","max-image-preview":"max-image-preview:large","max-video-preview":"max-video-preview:-1"},"canonical":"https:\/\/www.ipim.gov.mo\/pt-pt\/noticias-do-ipim\/2025-07-31-visita-do-ipim-a-associacao-comercial-de-macau-para-discutir-sobre-o-desenvolvimento-economico-de-macau\/","og_locale":"pt_PT","og_type":"article","og_title":"[2025\/07\/31] Visita do IPIM \u00e0 Associa\u00e7\u00e3o Comercial de Macau para discutir sobre o desenvolvimento econ\u00f3mico de Macau | Commerce and Investment Promotion Institute","og_description":"O Presidente do Instituto de Promo&ccedil;&atilde;o do Com&eacute;rcio e do Investimento (IPIM), Che Weng Keong, liderou uma delega&ccedil;&atilde;o do pessoal de direc&ccedil;&atilde;o e chefia do [&hellip;]","og_url":"https:\/\/www.ipim.gov.mo\/pt-pt\/noticias-do-ipim\/2025-07-31-visita-do-ipim-a-associacao-comercial-de-macau-para-discutir-sobre-o-desenvolvimento-economico-de-macau\/","og_site_name":"Commerce and Investment Promotion Institute","article_published_time":"2025-07-31T02:54:00+00:00","article_modified_time":"2025-07-31T09:52:04+00:00","og_image":[{"width":320,"height":180,"url":"https:\/\/www.ipim.gov.mo\/wp-content\/uploads\/2025\/07\/N25GeMN21L__t20250731174355.jpg","type":"image\/jpeg"}],"twitter_card":"summary_large_image","twitter_misc":{"Est. reading time":"5 minutes"},"schema":{"@context":"https:\/\/schema.org","@graph":[{"@type":"WebPage","@id":"https:\/\/www.ipim.gov.mo\/pt-pt\/noticias-do-ipim\/2025-07-31-visita-do-ipim-a-associacao-comercial-de-macau-para-discutir-sobre-o-desenvolvimento-economico-de-macau\/","url":"https:\/\/www.ipim.gov.mo\/pt-pt\/noticias-do-ipim\/2025-07-31-visita-do-ipim-a-associacao-comercial-de-macau-para-discutir-sobre-o-desenvolvimento-economico-de-macau\/","name":"[2025\/07\/31] Visita do IPIM \u00e0 Associa\u00e7\u00e3o Comercial de Macau para discutir sobre o desenvolvimento econ\u00f3mico de Macau | Commerce and Investment Promotion Institute","isPartOf":{"@id":"https:\/\/www.ipim.gov.mo\/zh-hans\/#website"},"primaryImageOfPage":{"@id":"https:\/\/www.ipim.gov.mo\/pt-pt\/noticias-do-ipim\/2025-07-31-visita-do-ipim-a-associacao-comercial-de-macau-para-discutir-sobre-o-desenvolvimento-economico-de-macau\/#primaryimage"},"image":{"@id":"https:\/\/www.ipim.gov.mo\/pt-pt\/noticias-do-ipim\/2025-07-31-visita-do-ipim-a-associacao-comercial-de-macau-para-discutir-sobre-o-desenvolvimento-economico-de-macau\/#primaryimage"},"thumbnailUrl":"https:\/\/www.ipim.gov.mo\/wp-content\/uploads\/2025\/07\/N25GeMN21L__t20250731174355.jpg","datePublished":"2025-07-31T02:54:00+00:00","dateModified":"2025-07-31T09:52:04+00:00","breadcrumb":{"@id":"https:\/\/www.ipim.gov.mo\/pt-pt\/noticias-do-ipim\/2025-07-31-visita-do-ipim-a-associacao-comercial-de-macau-para-discutir-sobre-o-desenvolvimento-economico-de-macau\/#breadcrumb"},"inLanguage":"pt-PT","potentialAction":[{"@type":"ReadAction","target":["https:\/\/www.ipim.gov.mo\/pt-pt\/noticias-do-ipim\/2025-07-31-visita-do-ipim-a-associacao-comercial-de-macau-para-discutir-sobre-o-desenvolvimento-economico-de-macau\/"]}]},{"@type":"ImageObject","inLanguage":"pt-PT","@id":"https:\/\/www.ipim.gov.mo\/pt-pt\/noticias-do-ipim\/2025-07-31-visita-do-ipim-a-associacao-comercial-de-macau-para-discutir-sobre-o-desenvolvimento-economico-de-macau\/#primaryimage","url":"https:\/\/www.ipim.gov.mo\/wp-content\/uploads\/2025\/07\/N25GeMN21L__t20250731174355.jpg","contentUrl":"https:\/\/www.ipim.gov.mo\/wp-content\/uploads\/2025\/07\/N25GeMN21L__t20250731174355.jpg","width":320,"height":180},{"@type":"BreadcrumbList","@id":"https:\/\/www.ipim.gov.mo\/pt-pt\/noticias-do-ipim\/2025-07-31-visita-do-ipim-a-associacao-comercial-de-macau-para-discutir-sobre-o-desenvolvimento-economico-de-macau\/#breadcrumb","itemListElement":[{"@type":"ListItem","position":1,"name":"Home","item":"https:\/\/www.ipim.gov.mo\/pt-pt\/"},{"@type":"ListItem","position":2,"name":"[2025\/07\/31] Visita do IPIM \u00e0 Associa\u00e7\u00e3o Comercial de Macau para discutir sobre o desenvolvimento econ\u00f3mico de Macau"}]},{"@type":"WebSite","@id":"https:\/\/www.ipim.gov.mo\/zh-hans\/#website","url":"https:\/\/www.ipim.gov.mo\/zh-hans\/","name":"Commerce and Investment Promotion Institute","description":"Commerce and Investment Promotion Institute","publisher":{"@id":"https:\/\/www.ipim.gov.mo\/zh-hans\/#organization"},"potentialAction":[{"@type":"SearchAction","target":{"@type":"EntryPoint","urlTemplate":"https:\/\/www.ipim.gov.mo\/zh-hans\/?s={search_term_string}"},"query-input":{"@type":"PropertyValueSpecification","valueRequired":true,"valueName":"search_term_string"}}],"inLanguage":"pt-PT"},{"@type":"Organization","@id":"https:\/\/www.ipim.gov.mo\/zh-hans\/#organization","name":"IPIM","url":"https:\/\/www.ipim.gov.mo\/zh-hans\/","logo":{"@type":"ImageObject","inLanguage":"pt-PT","@id":"https:\/\/www.ipim.gov.mo\/zh-hans\/#\/schema\/logo\/image\/","url":"https:\/\/www.ipim.gov.mo\/wp-content\/uploads\/2022\/10\/default-post-thumbnail-ipim-logo.png","contentUrl":"https:\/\/www.ipim.gov.mo\/wp-content\/uploads\/2022\/10\/default-post-thumbnail-ipim-logo.png","width":1024,"height":768,"caption":"IPIM"},"image":{"@id":"https:\/\/www.ipim.gov.mo\/zh-hans\/#\/schema\/logo\/image\/"}}]}},"author_meta":{"display_name":"","author_link":"https:\/\/www.ipim.gov.mo\/pt-pt\/author\/"},"featured_img":"https:\/\/www.ipim.gov.mo\/wp-content\/uploads\/2025\/07\/N25GeMN21L__t20250731174355-300x169.jpg","coauthors":[],"tax_additional":{"categories":{"linked":["<a href=\"https:\/\/www.ipim.gov.mo\/pt-pt\/category\/noticias-do-ipim\/\" class=\"advgb-post-tax-term\">Not\u00edcias do IPIM<\/a>"],"unlinked":["<span class=\"advgb-post-tax-term\">Not\u00edcias do IPIM<\/span>"]}},"comment_count":"0","relative_dates":{"created":"Posted 9 months ago","modified":"Updated 9 months ago"},"absolute_dates":{"created":"Posted on Julho 31, 2025","modified":"Updated on Julho 31, 2025"},"absolute_dates_time":{"created":"Posted on Julho 31, 2025 10:54 am","modified":"Updated on Julho 31, 2025 5:52 pm"},"featured_img_caption":"","series_order":"","_links":{"self":[{"href":"https:\/\/www.ipim.gov.mo\/pt-pt\/wp-json\/wp\/v2\/posts\/497491","targetHints":{"allow":["GET"]}}],"collection":[{"href":"https:\/\/www.ipim.gov.mo\/pt-pt\/wp-json\/wp\/v2\/posts"}],"about":[{"href":"https:\/\/www.ipim.gov.mo\/pt-pt\/wp-json\/wp\/v2\/types\/post"}],"replies":[{"embeddable":true,"href":"https:\/\/www.ipim.gov.mo\/pt-pt\/wp-json\/wp\/v2\/comments?post=497491"}],"version-history":[{"count":1,"href":"https:\/\/www.ipim.gov.mo\/pt-pt\/wp-json\/wp\/v2\/posts\/497491\/revisions"}],"predecessor-version":[{"id":498971,"href":"https:\/\/www.ipim.gov.mo\/pt-pt\/wp-json\/wp\/v2\/posts\/497491\/revisions\/498971"}],"wp:featuredmedia":[{"embeddable":true,"href":"https:\/\/www.ipim.gov.mo\/pt-pt\/wp-json\/wp\/v2\/media\/498972"}],"wp:attachment":[{"href":"https:\/\/www.ipim.gov.mo\/pt-pt\/wp-json\/wp\/v2\/media?parent=497491"}],"wp:term":[{"taxonomy":"category","embeddable":true,"href":"https:\/\/www.ipim.gov.mo\/pt-pt\/wp-json\/wp\/v2\/categories?post=497491"},{"taxonomy":"post_tag","embeddable":true,"href":"https:\/\/www.ipim.gov.mo\/pt-pt\/wp-json\/wp\/v2\/tags?post=497491"}],"curies":[{"name":"wp","href":"https:\/\/api.w.org\/{rel}","templated":true}]}}