{"id":494388,"date":"2025-06-28T14:45:00","date_gmt":"2025-06-28T06:45:00","guid":{"rendered":"https:\/\/www.ipim.gov.mo\/?p=494388"},"modified":"2025-06-30T15:52:04","modified_gmt":"2025-06-30T07:52:04","slug":"2025-06-28-palestra-sobre-contratacao-e-gestao-de-pessoal-em-conformidade-com-a-lei-uma-accao-interdepartamental-dirigida-aos-operadores-do-sector-de-convencoes-e-exposicoes","status":"publish","type":"post","link":"https:\/\/www.ipim.gov.mo\/pt-pt\/noticias-do-ipim\/2025-06-28-palestra-sobre-contratacao-e-gestao-de-pessoal-em-conformidade-com-a-lei-uma-accao-interdepartamental-dirigida-aos-operadores-do-sector-de-convencoes-e-exposicoes\/","title":{"rendered":"[2025\/06\/28] \u201cPalestra sobre Contrata\u00e7\u00e3o e Gest\u00e3o de Pessoal em Conformidade com a Lei\u201d, uma ac\u00e7\u00e3o interdepartamental dirigida aos Operadores do Sector de Conven\u00e7\u00f5es e Exposi\u00e7\u00f5es"},"content":{"rendered":"<p style=\"text-align:justify\">No dia 26 de Junho, o Instituto de Promo&ccedil;&atilde;o do Com&eacute;rcio e do Investimento (IPIM), em colabora&ccedil;&atilde;o com a Direc&ccedil;&atilde;o dos Servi&ccedil;os para os Assuntos Laborais (DSAL) e o Corpo de Pol&iacute;cia de Seguran&ccedil;a P&uacute;blica (CPSP), organizou a \u201cPalestra sobre Contrata&ccedil;&atilde;o e Gest&atilde;o de Pessoal em Conformidade com a Lei\u201d, dirigida aos Operadores do Sector de Conven&ccedil;&otilde;es e Exposi&ccedil;&otilde;es de Macau. Realizada no Centro de Forma&ccedil;&atilde;o de Seguran&ccedil;a e Sa&uacute;de Ocupacional da DSAL, a palestra reuniu mais de 120 representantes do sector de conven&ccedil;&otilde;es e exposi&ccedil;&otilde;es, que tiveram a oportunidade de esclarecer d&uacute;vidas e aprofundar conhecimentos sobre as normas legais aplic&aacute;veis &agrave; contrata&ccedil;&atilde;o de pessoal e os aspectos a observar durante os eventos de conven&ccedil;&otilde;es e exposi&ccedil;&otilde;es.<\/p>\n<p style=\"text-align:justify\">Durante a sess&atilde;o, o representante da DSAL detalhou, junto dos operadores sectoriais, as exig&ecirc;ncias legais relativas &agrave; gest&atilde;o e &agrave; contrata&ccedil;&atilde;o, abordando especificamente o \u201cRegulamento sobre a Proibi&ccedil;&atilde;o do Trabalho Ilegal\u201d e a \u201cLei da Contrata&ccedil;&atilde;o de Trabalhadores N&atilde;o Residentes\u201d. O representante do CPSP complementou, elucidando os conceitos sobre a evita&ccedil;&atilde;o de contrata&ccedil;&atilde;o irregular e destacando a import&acirc;ncia da colabora&ccedil;&atilde;o entre as partes envolvidas na supervis&atilde;o e administra&ccedil;&atilde;o. Paralelamente, o representante da Associa&ccedil;&atilde;o de Com&eacute;rcio e Exposi&ccedil;&otilde;es de Macau partilhou experi&ecirc;ncias pr&aacute;ticas na gest&atilde;o de pessoal no local dos eventos de conven&ccedil;&otilde;es e exposi&ccedil;&otilde;es. Os participantes demonstraram grande interesse, colocando diversas quest&otilde;es que propiciaram discuss&otilde;es aprofundadas com os oradores, resultando numa troca de saberes rica e proveitosa para todos.<\/p>\n<p style=\"text-align:justify\">Uma representante de um resort integrado destacou que as sess&otilde;es de interc&acirc;mbio e de partilha de experi&ecirc;ncias pr&aacute;ticas entre os profissionais sectoriais permitiram uma compreens&atilde;o mais s&oacute;lida da legisla&ccedil;&atilde;o vigente, contribuindo para que as empresas possam preparar-se melhor para iniciar a sua opera&ccedil;&atilde;o comercial na fase de comunica&ccedil;&atilde;o pr&eacute;via e de planeamento operacional. Este conhecimento fortalece a consci&ecirc;ncia dos profissionais dos sectores de conven&ccedil;&otilde;es, exposi&ccedil;&otilde;es e hotelaria quanto &agrave; necessidade de conformidade legal, refor&ccedil;ando o prest&iacute;gio e a posi&ccedil;&atilde;o internacional de Macau no sector de conven&ccedil;&otilde;es e exposi&ccedil;&otilde;es. Por sua vez, um representante da entidade organizadora e produtora de espect&aacute;culos, por sua vez, considerou a palestra uma plataforma valiosa para interc&acirc;mbio de casos pr&aacute;ticos, auxiliando a clarificar os requisitos neste &acirc;mbito, e valorizou especialmente as sess&otilde;es de partilha de experi&ecirc;ncias e de perguntas e respostas, que alargaram os seus horizontes. J&aacute; um representante da entidade organizadora e montadora de conven&ccedil;&otilde;es e exposi&ccedil;&otilde;es salientou que a palestra proporcionou um conhecimento aprofundado sobre os requisitos legais relativos &agrave; contrata&ccedil;&atilde;o e gest&atilde;o de pessoal, contribuindo para a regulariza&ccedil;&atilde;o das opera&ccedil;&otilde;es no sector de conven&ccedil;&otilde;es e exposi&ccedil;&otilde;es e esperando que os trabalhos se desenvolvam de forma cada vez mais ordenada.<\/p>\n<p style=\"text-align:justify\">Estiveram presentes na palestra representantes do IPIM, da DSAL e do CPSP, operadores do sector de conven&ccedil;&otilde;es e exposi&ccedil;&otilde;es de Macau, assim como participantes de resorts integrados, entidades organizadoras e montadoras de conven&ccedil;&otilde;es e exposi&ccedil;&otilde;es, ag&ecirc;ncias de viagens e empresas de servi&ccedil;os de rela&ccedil;&otilde;es p&uacute;blicas, entre outros.<\/p>\n","protected":false},"excerpt":{"rendered":"<p>No dia 26 de Junho, o Instituto de Promo&ccedil;&atilde;o do Com&eacute;rcio e do Investimento (IPIM), em colabora&ccedil;&atilde;o com a Direc&ccedil;&atilde;o dos Servi&ccedil;os para os Assuntos [&hellip;]<\/p>\n","protected":false},"author":0,"featured_media":495991,"comment_status":"closed","ping_status":"closed","sticky":false,"template":"","format":"standard","meta":{"_acf_changed":false,"inline_featured_image":false,"advgb_blocks_editor_width":"","advgb_blocks_columns_visual_guide":"","footnotes":""},"categories":[12],"tags":[],"class_list":["post-494388","post","type-post","status-publish","format-standard","has-post-thumbnail","hentry","category-noticias-do-ipim"],"acf":[],"yoast_head":"<!-- This site is optimized with the Yoast SEO plugin v26.2 - https:\/\/yoast.com\/wordpress\/plugins\/seo\/ -->\r\n<title>[2025\/06\/28] \u201cPalestra sobre Contrata\u00e7\u00e3o e Gest\u00e3o de Pessoal em Conformidade com a Lei\u201d, uma ac\u00e7\u00e3o interdepartamental dirigida aos Operadores do Sector de Conven\u00e7\u00f5es e Exposi\u00e7\u00f5es | Commerce and Investment Promotion Institute<\/title>\r\n<meta name=\"robots\" content=\"index, follow, max-snippet:-1, max-image-preview:large, max-video-preview:-1\" \/>\r\n<link rel=\"canonical\" href=\"https:\/\/www.ipim.gov.mo\/pt-pt\/noticias-do-ipim\/2025-06-28-palestra-sobre-contratacao-e-gestao-de-pessoal-em-conformidade-com-a-lei-uma-accao-interdepartamental-dirigida-aos-operadores-do-sector-de-convencoes-e-exposicoes\/\" \/>\r\n<meta property=\"og:locale\" content=\"pt_PT\" \/>\r\n<meta property=\"og:type\" content=\"article\" \/>\r\n<meta property=\"og:title\" content=\"[2025\/06\/28] \u201cPalestra sobre Contrata\u00e7\u00e3o e Gest\u00e3o de Pessoal em Conformidade com a Lei\u201d, uma ac\u00e7\u00e3o interdepartamental dirigida aos Operadores do Sector de Conven\u00e7\u00f5es e Exposi\u00e7\u00f5es | Commerce and Investment Promotion Institute\" \/>\r\n<meta property=\"og:description\" content=\"No dia 26 de Junho, o Instituto de Promo&ccedil;&atilde;o do Com&eacute;rcio e do Investimento (IPIM), em colabora&ccedil;&atilde;o com a Direc&ccedil;&atilde;o dos Servi&ccedil;os para os Assuntos [&hellip;]\" \/>\r\n<meta property=\"og:url\" content=\"https:\/\/www.ipim.gov.mo\/pt-pt\/noticias-do-ipim\/2025-06-28-palestra-sobre-contratacao-e-gestao-de-pessoal-em-conformidade-com-a-lei-uma-accao-interdepartamental-dirigida-aos-operadores-do-sector-de-convencoes-e-exposicoes\/\" \/>\r\n<meta property=\"og:site_name\" content=\"Commerce and Investment Promotion Institute\" \/>\r\n<meta property=\"article:published_time\" content=\"2025-06-28T06:45:00+00:00\" \/>\r\n<meta property=\"article:modified_time\" content=\"2025-06-30T07:52:04+00:00\" \/>\r\n<meta property=\"og:image\" content=\"https:\/\/www.ipim.gov.mo\/wp-content\/uploads\/2025\/07\/N25Fba0SPE__t20250702174504.jpg\" \/>\r\n\t<meta property=\"og:image:width\" content=\"320\" \/>\r\n\t<meta property=\"og:image:height\" content=\"180\" \/>\r\n\t<meta property=\"og:image:type\" content=\"image\/jpeg\" \/>\r\n<meta name=\"twitter:card\" content=\"summary_large_image\" \/>\r\n<meta name=\"twitter:label1\" content=\"Est. reading time\" \/>\n\t<meta name=\"twitter:data1\" content=\"3 minutes\" \/>\r\n<script type=\"application\/ld+json\" class=\"yoast-schema-graph\">{\"@context\":\"https:\/\/schema.org\",\"@graph\":[{\"@type\":\"WebPage\",\"@id\":\"https:\/\/www.ipim.gov.mo\/pt-pt\/noticias-do-ipim\/2025-06-28-palestra-sobre-contratacao-e-gestao-de-pessoal-em-conformidade-com-a-lei-uma-accao-interdepartamental-dirigida-aos-operadores-do-sector-de-convencoes-e-exposicoes\/\",\"url\":\"https:\/\/www.ipim.gov.mo\/pt-pt\/noticias-do-ipim\/2025-06-28-palestra-sobre-contratacao-e-gestao-de-pessoal-em-conformidade-com-a-lei-uma-accao-interdepartamental-dirigida-aos-operadores-do-sector-de-convencoes-e-exposicoes\/\",\"name\":\"[2025\/06\/28] \u201cPalestra sobre Contrata\u00e7\u00e3o e Gest\u00e3o de Pessoal em Conformidade com a Lei\u201d, uma ac\u00e7\u00e3o interdepartamental dirigida aos Operadores do Sector de Conven\u00e7\u00f5es e Exposi\u00e7\u00f5es | Commerce and Investment Promotion Institute\",\"isPartOf\":{\"@id\":\"https:\/\/www.ipim.gov.mo\/zh-hans\/#website\"},\"primaryImageOfPage\":{\"@id\":\"https:\/\/www.ipim.gov.mo\/pt-pt\/noticias-do-ipim\/2025-06-28-palestra-sobre-contratacao-e-gestao-de-pessoal-em-conformidade-com-a-lei-uma-accao-interdepartamental-dirigida-aos-operadores-do-sector-de-convencoes-e-exposicoes\/#primaryimage\"},\"image\":{\"@id\":\"https:\/\/www.ipim.gov.mo\/pt-pt\/noticias-do-ipim\/2025-06-28-palestra-sobre-contratacao-e-gestao-de-pessoal-em-conformidade-com-a-lei-uma-accao-interdepartamental-dirigida-aos-operadores-do-sector-de-convencoes-e-exposicoes\/#primaryimage\"},\"thumbnailUrl\":\"https:\/\/www.ipim.gov.mo\/wp-content\/uploads\/2025\/07\/N25Fba0SPE__t20250702174504.jpg\",\"datePublished\":\"2025-06-28T06:45:00+00:00\",\"dateModified\":\"2025-06-30T07:52:04+00:00\",\"breadcrumb\":{\"@id\":\"https:\/\/www.ipim.gov.mo\/pt-pt\/noticias-do-ipim\/2025-06-28-palestra-sobre-contratacao-e-gestao-de-pessoal-em-conformidade-com-a-lei-uma-accao-interdepartamental-dirigida-aos-operadores-do-sector-de-convencoes-e-exposicoes\/#breadcrumb\"},\"inLanguage\":\"pt-PT\",\"potentialAction\":[{\"@type\":\"ReadAction\",\"target\":[\"https:\/\/www.ipim.gov.mo\/pt-pt\/noticias-do-ipim\/2025-06-28-palestra-sobre-contratacao-e-gestao-de-pessoal-em-conformidade-com-a-lei-uma-accao-interdepartamental-dirigida-aos-operadores-do-sector-de-convencoes-e-exposicoes\/\"]}]},{\"@type\":\"ImageObject\",\"inLanguage\":\"pt-PT\",\"@id\":\"https:\/\/www.ipim.gov.mo\/pt-pt\/noticias-do-ipim\/2025-06-28-palestra-sobre-contratacao-e-gestao-de-pessoal-em-conformidade-com-a-lei-uma-accao-interdepartamental-dirigida-aos-operadores-do-sector-de-convencoes-e-exposicoes\/#primaryimage\",\"url\":\"https:\/\/www.ipim.gov.mo\/wp-content\/uploads\/2025\/07\/N25Fba0SPE__t20250702174504.jpg\",\"contentUrl\":\"https:\/\/www.ipim.gov.mo\/wp-content\/uploads\/2025\/07\/N25Fba0SPE__t20250702174504.jpg\",\"width\":320,\"height\":180},{\"@type\":\"BreadcrumbList\",\"@id\":\"https:\/\/www.ipim.gov.mo\/pt-pt\/noticias-do-ipim\/2025-06-28-palestra-sobre-contratacao-e-gestao-de-pessoal-em-conformidade-com-a-lei-uma-accao-interdepartamental-dirigida-aos-operadores-do-sector-de-convencoes-e-exposicoes\/#breadcrumb\",\"itemListElement\":[{\"@type\":\"ListItem\",\"position\":1,\"name\":\"Home\",\"item\":\"https:\/\/www.ipim.gov.mo\/pt-pt\/\"},{\"@type\":\"ListItem\",\"position\":2,\"name\":\"[2025\/06\/28] \u201cPalestra sobre Contrata\u00e7\u00e3o e Gest\u00e3o de Pessoal em Conformidade com a Lei\u201d, uma ac\u00e7\u00e3o interdepartamental dirigida aos Operadores do Sector de Conven\u00e7\u00f5es e Exposi\u00e7\u00f5es\"}]},{\"@type\":\"WebSite\",\"@id\":\"https:\/\/www.ipim.gov.mo\/zh-hans\/#website\",\"url\":\"https:\/\/www.ipim.gov.mo\/zh-hans\/\",\"name\":\"Commerce and Investment Promotion Institute\",\"description\":\"Commerce and Investment Promotion Institute\",\"publisher\":{\"@id\":\"https:\/\/www.ipim.gov.mo\/zh-hans\/#organization\"},\"potentialAction\":[{\"@type\":\"SearchAction\",\"target\":{\"@type\":\"EntryPoint\",\"urlTemplate\":\"https:\/\/www.ipim.gov.mo\/zh-hans\/?s={search_term_string}\"},\"query-input\":{\"@type\":\"PropertyValueSpecification\",\"valueRequired\":true,\"valueName\":\"search_term_string\"}}],\"inLanguage\":\"pt-PT\"},{\"@type\":\"Organization\",\"@id\":\"https:\/\/www.ipim.gov.mo\/zh-hans\/#organization\",\"name\":\"IPIM\",\"url\":\"https:\/\/www.ipim.gov.mo\/zh-hans\/\",\"logo\":{\"@type\":\"ImageObject\",\"inLanguage\":\"pt-PT\",\"@id\":\"https:\/\/www.ipim.gov.mo\/zh-hans\/#\/schema\/logo\/image\/\",\"url\":\"https:\/\/www.ipim.gov.mo\/wp-content\/uploads\/2022\/10\/default-post-thumbnail-ipim-logo.png\",\"contentUrl\":\"https:\/\/www.ipim.gov.mo\/wp-content\/uploads\/2022\/10\/default-post-thumbnail-ipim-logo.png\",\"width\":1024,\"height\":768,\"caption\":\"IPIM\"},\"image\":{\"@id\":\"https:\/\/www.ipim.gov.mo\/zh-hans\/#\/schema\/logo\/image\/\"}}]}<\/script>\r\n<!-- \/ Yoast SEO plugin. -->","yoast_head_json":{"title":"[2025\/06\/28] \u201cPalestra sobre Contrata\u00e7\u00e3o e Gest\u00e3o de Pessoal em Conformidade com a Lei\u201d, uma ac\u00e7\u00e3o interdepartamental dirigida aos Operadores do Sector de Conven\u00e7\u00f5es e Exposi\u00e7\u00f5es | Commerce and Investment Promotion Institute","robots":{"index":"index","follow":"follow","max-snippet":"max-snippet:-1","max-image-preview":"max-image-preview:large","max-video-preview":"max-video-preview:-1"},"canonical":"https:\/\/www.ipim.gov.mo\/pt-pt\/noticias-do-ipim\/2025-06-28-palestra-sobre-contratacao-e-gestao-de-pessoal-em-conformidade-com-a-lei-uma-accao-interdepartamental-dirigida-aos-operadores-do-sector-de-convencoes-e-exposicoes\/","og_locale":"pt_PT","og_type":"article","og_title":"[2025\/06\/28] \u201cPalestra sobre Contrata\u00e7\u00e3o e Gest\u00e3o de Pessoal em Conformidade com a Lei\u201d, uma ac\u00e7\u00e3o interdepartamental dirigida aos Operadores do Sector de Conven\u00e7\u00f5es e Exposi\u00e7\u00f5es | Commerce and Investment Promotion Institute","og_description":"No dia 26 de Junho, o Instituto de Promo&ccedil;&atilde;o do Com&eacute;rcio e do Investimento (IPIM), em colabora&ccedil;&atilde;o com a Direc&ccedil;&atilde;o dos Servi&ccedil;os para os Assuntos [&hellip;]","og_url":"https:\/\/www.ipim.gov.mo\/pt-pt\/noticias-do-ipim\/2025-06-28-palestra-sobre-contratacao-e-gestao-de-pessoal-em-conformidade-com-a-lei-uma-accao-interdepartamental-dirigida-aos-operadores-do-sector-de-convencoes-e-exposicoes\/","og_site_name":"Commerce and Investment Promotion Institute","article_published_time":"2025-06-28T06:45:00+00:00","article_modified_time":"2025-06-30T07:52:04+00:00","og_image":[{"width":320,"height":180,"url":"https:\/\/www.ipim.gov.mo\/wp-content\/uploads\/2025\/07\/N25Fba0SPE__t20250702174504.jpg","type":"image\/jpeg"}],"twitter_card":"summary_large_image","twitter_misc":{"Est. reading time":"3 minutes"},"schema":{"@context":"https:\/\/schema.org","@graph":[{"@type":"WebPage","@id":"https:\/\/www.ipim.gov.mo\/pt-pt\/noticias-do-ipim\/2025-06-28-palestra-sobre-contratacao-e-gestao-de-pessoal-em-conformidade-com-a-lei-uma-accao-interdepartamental-dirigida-aos-operadores-do-sector-de-convencoes-e-exposicoes\/","url":"https:\/\/www.ipim.gov.mo\/pt-pt\/noticias-do-ipim\/2025-06-28-palestra-sobre-contratacao-e-gestao-de-pessoal-em-conformidade-com-a-lei-uma-accao-interdepartamental-dirigida-aos-operadores-do-sector-de-convencoes-e-exposicoes\/","name":"[2025\/06\/28] \u201cPalestra sobre Contrata\u00e7\u00e3o e Gest\u00e3o de Pessoal em Conformidade com a Lei\u201d, uma ac\u00e7\u00e3o interdepartamental dirigida aos Operadores do Sector de Conven\u00e7\u00f5es e Exposi\u00e7\u00f5es | Commerce and Investment Promotion Institute","isPartOf":{"@id":"https:\/\/www.ipim.gov.mo\/zh-hans\/#website"},"primaryImageOfPage":{"@id":"https:\/\/www.ipim.gov.mo\/pt-pt\/noticias-do-ipim\/2025-06-28-palestra-sobre-contratacao-e-gestao-de-pessoal-em-conformidade-com-a-lei-uma-accao-interdepartamental-dirigida-aos-operadores-do-sector-de-convencoes-e-exposicoes\/#primaryimage"},"image":{"@id":"https:\/\/www.ipim.gov.mo\/pt-pt\/noticias-do-ipim\/2025-06-28-palestra-sobre-contratacao-e-gestao-de-pessoal-em-conformidade-com-a-lei-uma-accao-interdepartamental-dirigida-aos-operadores-do-sector-de-convencoes-e-exposicoes\/#primaryimage"},"thumbnailUrl":"https:\/\/www.ipim.gov.mo\/wp-content\/uploads\/2025\/07\/N25Fba0SPE__t20250702174504.jpg","datePublished":"2025-06-28T06:45:00+00:00","dateModified":"2025-06-30T07:52:04+00:00","breadcrumb":{"@id":"https:\/\/www.ipim.gov.mo\/pt-pt\/noticias-do-ipim\/2025-06-28-palestra-sobre-contratacao-e-gestao-de-pessoal-em-conformidade-com-a-lei-uma-accao-interdepartamental-dirigida-aos-operadores-do-sector-de-convencoes-e-exposicoes\/#breadcrumb"},"inLanguage":"pt-PT","potentialAction":[{"@type":"ReadAction","target":["https:\/\/www.ipim.gov.mo\/pt-pt\/noticias-do-ipim\/2025-06-28-palestra-sobre-contratacao-e-gestao-de-pessoal-em-conformidade-com-a-lei-uma-accao-interdepartamental-dirigida-aos-operadores-do-sector-de-convencoes-e-exposicoes\/"]}]},{"@type":"ImageObject","inLanguage":"pt-PT","@id":"https:\/\/www.ipim.gov.mo\/pt-pt\/noticias-do-ipim\/2025-06-28-palestra-sobre-contratacao-e-gestao-de-pessoal-em-conformidade-com-a-lei-uma-accao-interdepartamental-dirigida-aos-operadores-do-sector-de-convencoes-e-exposicoes\/#primaryimage","url":"https:\/\/www.ipim.gov.mo\/wp-content\/uploads\/2025\/07\/N25Fba0SPE__t20250702174504.jpg","contentUrl":"https:\/\/www.ipim.gov.mo\/wp-content\/uploads\/2025\/07\/N25Fba0SPE__t20250702174504.jpg","width":320,"height":180},{"@type":"BreadcrumbList","@id":"https:\/\/www.ipim.gov.mo\/pt-pt\/noticias-do-ipim\/2025-06-28-palestra-sobre-contratacao-e-gestao-de-pessoal-em-conformidade-com-a-lei-uma-accao-interdepartamental-dirigida-aos-operadores-do-sector-de-convencoes-e-exposicoes\/#breadcrumb","itemListElement":[{"@type":"ListItem","position":1,"name":"Home","item":"https:\/\/www.ipim.gov.mo\/pt-pt\/"},{"@type":"ListItem","position":2,"name":"[2025\/06\/28] \u201cPalestra sobre Contrata\u00e7\u00e3o e Gest\u00e3o de Pessoal em Conformidade com a Lei\u201d, uma ac\u00e7\u00e3o interdepartamental dirigida aos Operadores do Sector de Conven\u00e7\u00f5es e Exposi\u00e7\u00f5es"}]},{"@type":"WebSite","@id":"https:\/\/www.ipim.gov.mo\/zh-hans\/#website","url":"https:\/\/www.ipim.gov.mo\/zh-hans\/","name":"Commerce and Investment Promotion Institute","description":"Commerce and Investment Promotion Institute","publisher":{"@id":"https:\/\/www.ipim.gov.mo\/zh-hans\/#organization"},"potentialAction":[{"@type":"SearchAction","target":{"@type":"EntryPoint","urlTemplate":"https:\/\/www.ipim.gov.mo\/zh-hans\/?s={search_term_string}"},"query-input":{"@type":"PropertyValueSpecification","valueRequired":true,"valueName":"search_term_string"}}],"inLanguage":"pt-PT"},{"@type":"Organization","@id":"https:\/\/www.ipim.gov.mo\/zh-hans\/#organization","name":"IPIM","url":"https:\/\/www.ipim.gov.mo\/zh-hans\/","logo":{"@type":"ImageObject","inLanguage":"pt-PT","@id":"https:\/\/www.ipim.gov.mo\/zh-hans\/#\/schema\/logo\/image\/","url":"https:\/\/www.ipim.gov.mo\/wp-content\/uploads\/2022\/10\/default-post-thumbnail-ipim-logo.png","contentUrl":"https:\/\/www.ipim.gov.mo\/wp-content\/uploads\/2022\/10\/default-post-thumbnail-ipim-logo.png","width":1024,"height":768,"caption":"IPIM"},"image":{"@id":"https:\/\/www.ipim.gov.mo\/zh-hans\/#\/schema\/logo\/image\/"}}]}},"author_meta":{"display_name":"","author_link":"https:\/\/www.ipim.gov.mo\/pt-pt\/author\/"},"featured_img":"https:\/\/www.ipim.gov.mo\/wp-content\/uploads\/2025\/07\/N25Fba0SPE__t20250702174504-300x169.jpg","coauthors":[],"tax_additional":{"categories":{"linked":["<a href=\"https:\/\/www.ipim.gov.mo\/pt-pt\/category\/noticias-do-ipim\/\" class=\"advgb-post-tax-term\">Not\u00edcias do IPIM<\/a>"],"unlinked":["<span class=\"advgb-post-tax-term\">Not\u00edcias do IPIM<\/span>"]}},"comment_count":"0","relative_dates":{"created":"Posted 10 months ago","modified":"Updated 10 months ago"},"absolute_dates":{"created":"Posted on Junho 28, 2025","modified":"Updated on Junho 30, 2025"},"absolute_dates_time":{"created":"Posted on Junho 28, 2025 2:45 pm","modified":"Updated on Junho 30, 2025 3:52 pm"},"featured_img_caption":"","series_order":"","_links":{"self":[{"href":"https:\/\/www.ipim.gov.mo\/pt-pt\/wp-json\/wp\/v2\/posts\/494388","targetHints":{"allow":["GET"]}}],"collection":[{"href":"https:\/\/www.ipim.gov.mo\/pt-pt\/wp-json\/wp\/v2\/posts"}],"about":[{"href":"https:\/\/www.ipim.gov.mo\/pt-pt\/wp-json\/wp\/v2\/types\/post"}],"replies":[{"embeddable":true,"href":"https:\/\/www.ipim.gov.mo\/pt-pt\/wp-json\/wp\/v2\/comments?post=494388"}],"version-history":[{"count":1,"href":"https:\/\/www.ipim.gov.mo\/pt-pt\/wp-json\/wp\/v2\/posts\/494388\/revisions"}],"predecessor-version":[{"id":494483,"href":"https:\/\/www.ipim.gov.mo\/pt-pt\/wp-json\/wp\/v2\/posts\/494388\/revisions\/494483"}],"wp:featuredmedia":[{"embeddable":true,"href":"https:\/\/www.ipim.gov.mo\/pt-pt\/wp-json\/wp\/v2\/media\/495991"}],"wp:attachment":[{"href":"https:\/\/www.ipim.gov.mo\/pt-pt\/wp-json\/wp\/v2\/media?parent=494388"}],"wp:term":[{"taxonomy":"category","embeddable":true,"href":"https:\/\/www.ipim.gov.mo\/pt-pt\/wp-json\/wp\/v2\/categories?post=494388"},{"taxonomy":"post_tag","embeddable":true,"href":"https:\/\/www.ipim.gov.mo\/pt-pt\/wp-json\/wp\/v2\/tags?post=494388"}],"curies":[{"name":"wp","href":"https:\/\/api.w.org\/{rel}","templated":true}]}}