{"id":492350,"date":"2025-06-06T10:42:00","date_gmt":"2025-06-06T02:42:00","guid":{"rendered":"https:\/\/www.ipim.gov.mo\/?p=492350"},"modified":"2025-06-10T19:52:07","modified_gmt":"2025-06-10T11:52:07","slug":"2025-06-06-macau-sobe-31-posicoes-no-ranking-internacional-para-convencoes-da-icca-empatando-com-pequim-e-catar-em-76-o-lugar","status":"publish","type":"post","link":"https:\/\/www.ipim.gov.mo\/pt-pt\/noticias-do-ipim\/2025-06-06-macau-sobe-31-posicoes-no-ranking-internacional-para-convencoes-da-icca-empatando-com-pequim-e-catar-em-76-o-lugar\/","title":{"rendered":"[2025\/06\/06] Macau sobe 31 posi\u00e7\u00f5es no ranking internacional para conven\u00e7\u00f5es da ICCA, empatando com Pequim e Catar em 76.\u00ba lugar"},"content":{"rendered":"<p style=\"text-align:justify\">A prestigiada institui&ccedil;&atilde;o mundial da ind&uacute;stria de conven&ccedil;&otilde;es e exposi&ccedil;&otilde;es \u2013 Associa&ccedil;&atilde;o Internacional de Congressos e Conven&ccedil;&otilde;es (ICCA, na sigla inglesa) \u2013 publicou recentemente o \u201cRelat&oacute;rio Anual da ICCA sobre o Mercado de Congressos Internacionais 2024\u201d, onde Macau teve um desempenho brilhante, com um total de 33 eventos de conven&ccedil;&otilde;es internacionais reconhecidos pela ICCA em 2024, um aumento significativo de 50% em rela&ccedil;&atilde;o aos 22 eventos reconhecidos de 2023. Entre esses, 26 eventos (79%) est&atilde;o relacionados com as ind&uacute;strias-chave do plano de desenvolvimento da diversifica&ccedil;&atilde;o adequada da economia \u201c1+4\u201d, destacando-se o crescimento das confer&ecirc;ncias relacionadas com as finan&ccedil;as modernas e o turismo. Isso demonstra o desenvolvimento constante da ind&uacute;stria de conven&ccedil;&otilde;es e exposi&ccedil;&otilde;es de Macau no decurso de promo&ccedil;&atilde;o da diversifica&ccedil;&atilde;o industrial, refor&ccedil;ando ainda mais o efeito de sinergia entre as ind&uacute;strias.<\/p>\n<p style=\"text-align:justify\">No <em>ranking<\/em> das cidades da regi&atilde;o &Aacute;sia-Pac&iacute;fico, Macau ocupa o 14.&ordm; lugar, subindo 6 posi&ccedil;&otilde;es em rela&ccedil;&atilde;o ao ano passado. No <em>ranking<\/em> das cidades mundiais, Macau posiciona-se no 76.&ordm; lugar, subindo significativamente 31 posi&ccedil;&otilde;es, empatando com Pequim, na China Interior, e Doha, no Catar. Este &eacute;, desde 2019, o primeiro regresso de Macau ao top 100 das cidades mundiais. No <em>ranking<\/em> dos pa&iacute;ses e regi&otilde;es mundiais, Macau tamb&eacute;m subiu 10 posi&ccedil;&otilde;es, alcan&ccedil;ando o 57.&ordm; lugar.<\/p>\n<p style=\"text-align:justify\">Esta s&eacute;rie de dados, juntamente com os pr&eacute;mios internacionais que Macau recebeu nos &uacute;ltimos anos, como \u201cMelhor Cidade de Conven&ccedil;&otilde;es da &Aacute;sia\u201d, \u201cMelhor Cidade para Confer&ecirc;ncias e Neg&oacute;cios\u201d, \u201cMelhor Destino para Confer&ecirc;ncias Anual\u201d e Destino de Excel&ecirc;ncia em conven&ccedil;&otilde;es e exposi&ccedil;&otilde;es \u201cEstrela Brilhante\u201d, comprovam o crescente poder de Macau como destino internacional para conven&ccedil;&otilde;es e exposi&ccedil;&otilde;es. Isso n&atilde;o s&oacute; reconhece a for&ccedil;a abrangente da ind&uacute;stria de conven&ccedil;&otilde;es e exposi&ccedil;&otilde;es local, mas tamb&eacute;m fortalece a competitividade de Macau no mercado mundial de conven&ccedil;&otilde;es e exposi&ccedil;&otilde;es, trazendo um significado positivo para atrair mais confer&ecirc;ncias internacionais de alta qualidade para se realizarem em Macau.<\/p>\n<p style=\"text-align:justify\">Sendo a ICCA uma organiza&ccedil;&atilde;o de prest&iacute;gio internacional no dom&iacute;nio das confer&ecirc;ncias, o seu <em>ranking<\/em> tem grande valor de refer&ecirc;ncia. Os eventos de confer&ecirc;ncias reconhecidos pela ICCA devem cumprir crit&eacute;rios rigorosos, incluindo: ser organizados por iniciativa das associa&ccedil;&otilde;es internacionais, realizados regularmente, ter um n&uacute;mero de participantes igual ou superior a 50 e decorrer em pelo menos tr&ecirc;s pa&iacute;ses ou regi&otilde;es em rotatividade.<\/p>\n<p style=\"text-align:justify\">O Instituto de Promo&ccedil;&atilde;o do Com&eacute;rcio e do Investimento (IPIM) aderiu, como membro, &agrave; ICCA em 2012 e tem promovido activamente o programa dos \u201cEmbaixadores de Conven&ccedil;&otilde;es de Macau\u201d, incentivando a ind&uacute;stria de conven&ccedil;&otilde;es e exposi&ccedil;&otilde;es a candidatar-se a mais confer&ecirc;ncias profissionais internacionais que satisfa&ccedil;am os padr&otilde;es da ICCA para serem realizadas em Macau, com o objectivo de obter maior reconhecimento internacional e elevar o posicionamento de Macau no cen&aacute;rio global de conven&ccedil;&otilde;es e exposi&ccedil;&otilde;es. No futuro, o IPIM continuar&aacute; a cooperar estreitamente com a ICCA e o sector MICE local, utilizando a sua plataforma para promover o interc&acirc;mbio internacional e impulsionar a ind&uacute;stria de conven&ccedil;&otilde;es e exposi&ccedil;&otilde;es de Macau para um n&iacute;vel superior.<\/p>\n","protected":false},"excerpt":{"rendered":"<p>A prestigiada institui&ccedil;&atilde;o mundial da ind&uacute;stria de conven&ccedil;&otilde;es e exposi&ccedil;&otilde;es \u2013 Associa&ccedil;&atilde;o Internacional de Congressos e Conven&ccedil;&otilde;es (ICCA, na sigla inglesa) \u2013 publicou recentemente o [&hellip;]<\/p>\n","protected":false},"author":0,"featured_media":493509,"comment_status":"closed","ping_status":"closed","sticky":false,"template":"","format":"standard","meta":{"_acf_changed":false,"inline_featured_image":false,"advgb_blocks_editor_width":"","advgb_blocks_columns_visual_guide":"","footnotes":""},"categories":[12],"tags":[],"class_list":["post-492350","post","type-post","status-publish","format-standard","has-post-thumbnail","hentry","category-noticias-do-ipim"],"acf":[],"yoast_head":"<!-- This site is optimized with the Yoast SEO plugin v26.2 - https:\/\/yoast.com\/wordpress\/plugins\/seo\/ -->\r\n<title>[2025\/06\/06] Macau sobe 31 posi\u00e7\u00f5es no ranking internacional para conven\u00e7\u00f5es da ICCA, empatando com Pequim e Catar em 76.\u00ba lugar | Commerce and Investment Promotion Institute<\/title>\r\n<meta name=\"robots\" content=\"index, follow, max-snippet:-1, max-image-preview:large, max-video-preview:-1\" \/>\r\n<link rel=\"canonical\" href=\"https:\/\/www.ipim.gov.mo\/pt-pt\/noticias-do-ipim\/2025-06-06-macau-sobe-31-posicoes-no-ranking-internacional-para-convencoes-da-icca-empatando-com-pequim-e-catar-em-76-o-lugar\/\" \/>\r\n<meta property=\"og:locale\" content=\"pt_PT\" \/>\r\n<meta property=\"og:type\" content=\"article\" \/>\r\n<meta property=\"og:title\" content=\"[2025\/06\/06] Macau sobe 31 posi\u00e7\u00f5es no ranking internacional para conven\u00e7\u00f5es da ICCA, empatando com Pequim e Catar em 76.\u00ba lugar | Commerce and Investment Promotion Institute\" \/>\r\n<meta property=\"og:description\" content=\"A prestigiada institui&ccedil;&atilde;o mundial da ind&uacute;stria de conven&ccedil;&otilde;es e exposi&ccedil;&otilde;es \u2013 Associa&ccedil;&atilde;o Internacional de Congressos e Conven&ccedil;&otilde;es (ICCA, na sigla inglesa) \u2013 publicou recentemente o [&hellip;]\" \/>\r\n<meta property=\"og:url\" content=\"https:\/\/www.ipim.gov.mo\/pt-pt\/noticias-do-ipim\/2025-06-06-macau-sobe-31-posicoes-no-ranking-internacional-para-convencoes-da-icca-empatando-com-pequim-e-catar-em-76-o-lugar\/\" \/>\r\n<meta property=\"og:site_name\" content=\"Commerce and Investment Promotion Institute\" \/>\r\n<meta property=\"article:published_time\" content=\"2025-06-06T02:42:00+00:00\" \/>\r\n<meta property=\"article:modified_time\" content=\"2025-06-10T11:52:07+00:00\" \/>\r\n<meta property=\"og:image\" content=\"https:\/\/www.ipim.gov.mo\/wp-content\/uploads\/2025\/06\/N25FFUenzi__t20250612115425.jpg\" \/>\r\n\t<meta property=\"og:image:width\" content=\"320\" \/>\r\n\t<meta property=\"og:image:height\" content=\"180\" \/>\r\n\t<meta property=\"og:image:type\" content=\"image\/jpeg\" \/>\r\n<meta name=\"twitter:card\" content=\"summary_large_image\" \/>\r\n<meta name=\"twitter:label1\" content=\"Est. reading time\" \/>\n\t<meta name=\"twitter:data1\" content=\"3 minutes\" \/>\r\n<script type=\"application\/ld+json\" class=\"yoast-schema-graph\">{\"@context\":\"https:\/\/schema.org\",\"@graph\":[{\"@type\":\"WebPage\",\"@id\":\"https:\/\/www.ipim.gov.mo\/pt-pt\/noticias-do-ipim\/2025-06-06-macau-sobe-31-posicoes-no-ranking-internacional-para-convencoes-da-icca-empatando-com-pequim-e-catar-em-76-o-lugar\/\",\"url\":\"https:\/\/www.ipim.gov.mo\/pt-pt\/noticias-do-ipim\/2025-06-06-macau-sobe-31-posicoes-no-ranking-internacional-para-convencoes-da-icca-empatando-com-pequim-e-catar-em-76-o-lugar\/\",\"name\":\"[2025\/06\/06] Macau sobe 31 posi\u00e7\u00f5es no ranking internacional para conven\u00e7\u00f5es da ICCA, empatando com Pequim e Catar em 76.\u00ba lugar | Commerce and Investment Promotion Institute\",\"isPartOf\":{\"@id\":\"https:\/\/www.ipim.gov.mo\/zh-hans\/#website\"},\"primaryImageOfPage\":{\"@id\":\"https:\/\/www.ipim.gov.mo\/pt-pt\/noticias-do-ipim\/2025-06-06-macau-sobe-31-posicoes-no-ranking-internacional-para-convencoes-da-icca-empatando-com-pequim-e-catar-em-76-o-lugar\/#primaryimage\"},\"image\":{\"@id\":\"https:\/\/www.ipim.gov.mo\/pt-pt\/noticias-do-ipim\/2025-06-06-macau-sobe-31-posicoes-no-ranking-internacional-para-convencoes-da-icca-empatando-com-pequim-e-catar-em-76-o-lugar\/#primaryimage\"},\"thumbnailUrl\":\"https:\/\/www.ipim.gov.mo\/wp-content\/uploads\/2025\/06\/N25FFUenzi__t20250612115425.jpg\",\"datePublished\":\"2025-06-06T02:42:00+00:00\",\"dateModified\":\"2025-06-10T11:52:07+00:00\",\"breadcrumb\":{\"@id\":\"https:\/\/www.ipim.gov.mo\/pt-pt\/noticias-do-ipim\/2025-06-06-macau-sobe-31-posicoes-no-ranking-internacional-para-convencoes-da-icca-empatando-com-pequim-e-catar-em-76-o-lugar\/#breadcrumb\"},\"inLanguage\":\"pt-PT\",\"potentialAction\":[{\"@type\":\"ReadAction\",\"target\":[\"https:\/\/www.ipim.gov.mo\/pt-pt\/noticias-do-ipim\/2025-06-06-macau-sobe-31-posicoes-no-ranking-internacional-para-convencoes-da-icca-empatando-com-pequim-e-catar-em-76-o-lugar\/\"]}]},{\"@type\":\"ImageObject\",\"inLanguage\":\"pt-PT\",\"@id\":\"https:\/\/www.ipim.gov.mo\/pt-pt\/noticias-do-ipim\/2025-06-06-macau-sobe-31-posicoes-no-ranking-internacional-para-convencoes-da-icca-empatando-com-pequim-e-catar-em-76-o-lugar\/#primaryimage\",\"url\":\"https:\/\/www.ipim.gov.mo\/wp-content\/uploads\/2025\/06\/N25FFUenzi__t20250612115425.jpg\",\"contentUrl\":\"https:\/\/www.ipim.gov.mo\/wp-content\/uploads\/2025\/06\/N25FFUenzi__t20250612115425.jpg\",\"width\":320,\"height\":180},{\"@type\":\"BreadcrumbList\",\"@id\":\"https:\/\/www.ipim.gov.mo\/pt-pt\/noticias-do-ipim\/2025-06-06-macau-sobe-31-posicoes-no-ranking-internacional-para-convencoes-da-icca-empatando-com-pequim-e-catar-em-76-o-lugar\/#breadcrumb\",\"itemListElement\":[{\"@type\":\"ListItem\",\"position\":1,\"name\":\"Home\",\"item\":\"https:\/\/www.ipim.gov.mo\/pt-pt\/\"},{\"@type\":\"ListItem\",\"position\":2,\"name\":\"[2025\/06\/06] Macau sobe 31 posi\u00e7\u00f5es no ranking internacional para conven\u00e7\u00f5es da ICCA, empatando com Pequim e Catar em 76.\u00ba lugar\"}]},{\"@type\":\"WebSite\",\"@id\":\"https:\/\/www.ipim.gov.mo\/zh-hans\/#website\",\"url\":\"https:\/\/www.ipim.gov.mo\/zh-hans\/\",\"name\":\"Commerce and Investment Promotion Institute\",\"description\":\"Commerce and Investment Promotion Institute\",\"publisher\":{\"@id\":\"https:\/\/www.ipim.gov.mo\/zh-hans\/#organization\"},\"potentialAction\":[{\"@type\":\"SearchAction\",\"target\":{\"@type\":\"EntryPoint\",\"urlTemplate\":\"https:\/\/www.ipim.gov.mo\/zh-hans\/?s={search_term_string}\"},\"query-input\":{\"@type\":\"PropertyValueSpecification\",\"valueRequired\":true,\"valueName\":\"search_term_string\"}}],\"inLanguage\":\"pt-PT\"},{\"@type\":\"Organization\",\"@id\":\"https:\/\/www.ipim.gov.mo\/zh-hans\/#organization\",\"name\":\"IPIM\",\"url\":\"https:\/\/www.ipim.gov.mo\/zh-hans\/\",\"logo\":{\"@type\":\"ImageObject\",\"inLanguage\":\"pt-PT\",\"@id\":\"https:\/\/www.ipim.gov.mo\/zh-hans\/#\/schema\/logo\/image\/\",\"url\":\"https:\/\/www.ipim.gov.mo\/wp-content\/uploads\/2022\/10\/default-post-thumbnail-ipim-logo.png\",\"contentUrl\":\"https:\/\/www.ipim.gov.mo\/wp-content\/uploads\/2022\/10\/default-post-thumbnail-ipim-logo.png\",\"width\":1024,\"height\":768,\"caption\":\"IPIM\"},\"image\":{\"@id\":\"https:\/\/www.ipim.gov.mo\/zh-hans\/#\/schema\/logo\/image\/\"}}]}<\/script>\r\n<!-- \/ Yoast SEO plugin. -->","yoast_head_json":{"title":"[2025\/06\/06] Macau sobe 31 posi\u00e7\u00f5es no ranking internacional para conven\u00e7\u00f5es da ICCA, empatando com Pequim e Catar em 76.\u00ba lugar | Commerce and Investment Promotion Institute","robots":{"index":"index","follow":"follow","max-snippet":"max-snippet:-1","max-image-preview":"max-image-preview:large","max-video-preview":"max-video-preview:-1"},"canonical":"https:\/\/www.ipim.gov.mo\/pt-pt\/noticias-do-ipim\/2025-06-06-macau-sobe-31-posicoes-no-ranking-internacional-para-convencoes-da-icca-empatando-com-pequim-e-catar-em-76-o-lugar\/","og_locale":"pt_PT","og_type":"article","og_title":"[2025\/06\/06] Macau sobe 31 posi\u00e7\u00f5es no ranking internacional para conven\u00e7\u00f5es da ICCA, empatando com Pequim e Catar em 76.\u00ba lugar | Commerce and Investment Promotion Institute","og_description":"A prestigiada institui&ccedil;&atilde;o mundial da ind&uacute;stria de conven&ccedil;&otilde;es e exposi&ccedil;&otilde;es \u2013 Associa&ccedil;&atilde;o Internacional de Congressos e Conven&ccedil;&otilde;es (ICCA, na sigla inglesa) \u2013 publicou recentemente o [&hellip;]","og_url":"https:\/\/www.ipim.gov.mo\/pt-pt\/noticias-do-ipim\/2025-06-06-macau-sobe-31-posicoes-no-ranking-internacional-para-convencoes-da-icca-empatando-com-pequim-e-catar-em-76-o-lugar\/","og_site_name":"Commerce and Investment Promotion Institute","article_published_time":"2025-06-06T02:42:00+00:00","article_modified_time":"2025-06-10T11:52:07+00:00","og_image":[{"width":320,"height":180,"url":"https:\/\/www.ipim.gov.mo\/wp-content\/uploads\/2025\/06\/N25FFUenzi__t20250612115425.jpg","type":"image\/jpeg"}],"twitter_card":"summary_large_image","twitter_misc":{"Est. reading time":"3 minutes"},"schema":{"@context":"https:\/\/schema.org","@graph":[{"@type":"WebPage","@id":"https:\/\/www.ipim.gov.mo\/pt-pt\/noticias-do-ipim\/2025-06-06-macau-sobe-31-posicoes-no-ranking-internacional-para-convencoes-da-icca-empatando-com-pequim-e-catar-em-76-o-lugar\/","url":"https:\/\/www.ipim.gov.mo\/pt-pt\/noticias-do-ipim\/2025-06-06-macau-sobe-31-posicoes-no-ranking-internacional-para-convencoes-da-icca-empatando-com-pequim-e-catar-em-76-o-lugar\/","name":"[2025\/06\/06] Macau sobe 31 posi\u00e7\u00f5es no ranking internacional para conven\u00e7\u00f5es da ICCA, empatando com Pequim e Catar em 76.\u00ba lugar | Commerce and Investment Promotion Institute","isPartOf":{"@id":"https:\/\/www.ipim.gov.mo\/zh-hans\/#website"},"primaryImageOfPage":{"@id":"https:\/\/www.ipim.gov.mo\/pt-pt\/noticias-do-ipim\/2025-06-06-macau-sobe-31-posicoes-no-ranking-internacional-para-convencoes-da-icca-empatando-com-pequim-e-catar-em-76-o-lugar\/#primaryimage"},"image":{"@id":"https:\/\/www.ipim.gov.mo\/pt-pt\/noticias-do-ipim\/2025-06-06-macau-sobe-31-posicoes-no-ranking-internacional-para-convencoes-da-icca-empatando-com-pequim-e-catar-em-76-o-lugar\/#primaryimage"},"thumbnailUrl":"https:\/\/www.ipim.gov.mo\/wp-content\/uploads\/2025\/06\/N25FFUenzi__t20250612115425.jpg","datePublished":"2025-06-06T02:42:00+00:00","dateModified":"2025-06-10T11:52:07+00:00","breadcrumb":{"@id":"https:\/\/www.ipim.gov.mo\/pt-pt\/noticias-do-ipim\/2025-06-06-macau-sobe-31-posicoes-no-ranking-internacional-para-convencoes-da-icca-empatando-com-pequim-e-catar-em-76-o-lugar\/#breadcrumb"},"inLanguage":"pt-PT","potentialAction":[{"@type":"ReadAction","target":["https:\/\/www.ipim.gov.mo\/pt-pt\/noticias-do-ipim\/2025-06-06-macau-sobe-31-posicoes-no-ranking-internacional-para-convencoes-da-icca-empatando-com-pequim-e-catar-em-76-o-lugar\/"]}]},{"@type":"ImageObject","inLanguage":"pt-PT","@id":"https:\/\/www.ipim.gov.mo\/pt-pt\/noticias-do-ipim\/2025-06-06-macau-sobe-31-posicoes-no-ranking-internacional-para-convencoes-da-icca-empatando-com-pequim-e-catar-em-76-o-lugar\/#primaryimage","url":"https:\/\/www.ipim.gov.mo\/wp-content\/uploads\/2025\/06\/N25FFUenzi__t20250612115425.jpg","contentUrl":"https:\/\/www.ipim.gov.mo\/wp-content\/uploads\/2025\/06\/N25FFUenzi__t20250612115425.jpg","width":320,"height":180},{"@type":"BreadcrumbList","@id":"https:\/\/www.ipim.gov.mo\/pt-pt\/noticias-do-ipim\/2025-06-06-macau-sobe-31-posicoes-no-ranking-internacional-para-convencoes-da-icca-empatando-com-pequim-e-catar-em-76-o-lugar\/#breadcrumb","itemListElement":[{"@type":"ListItem","position":1,"name":"Home","item":"https:\/\/www.ipim.gov.mo\/pt-pt\/"},{"@type":"ListItem","position":2,"name":"[2025\/06\/06] Macau sobe 31 posi\u00e7\u00f5es no ranking internacional para conven\u00e7\u00f5es da ICCA, empatando com Pequim e Catar em 76.\u00ba lugar"}]},{"@type":"WebSite","@id":"https:\/\/www.ipim.gov.mo\/zh-hans\/#website","url":"https:\/\/www.ipim.gov.mo\/zh-hans\/","name":"Commerce and Investment Promotion Institute","description":"Commerce and Investment Promotion Institute","publisher":{"@id":"https:\/\/www.ipim.gov.mo\/zh-hans\/#organization"},"potentialAction":[{"@type":"SearchAction","target":{"@type":"EntryPoint","urlTemplate":"https:\/\/www.ipim.gov.mo\/zh-hans\/?s={search_term_string}"},"query-input":{"@type":"PropertyValueSpecification","valueRequired":true,"valueName":"search_term_string"}}],"inLanguage":"pt-PT"},{"@type":"Organization","@id":"https:\/\/www.ipim.gov.mo\/zh-hans\/#organization","name":"IPIM","url":"https:\/\/www.ipim.gov.mo\/zh-hans\/","logo":{"@type":"ImageObject","inLanguage":"pt-PT","@id":"https:\/\/www.ipim.gov.mo\/zh-hans\/#\/schema\/logo\/image\/","url":"https:\/\/www.ipim.gov.mo\/wp-content\/uploads\/2022\/10\/default-post-thumbnail-ipim-logo.png","contentUrl":"https:\/\/www.ipim.gov.mo\/wp-content\/uploads\/2022\/10\/default-post-thumbnail-ipim-logo.png","width":1024,"height":768,"caption":"IPIM"},"image":{"@id":"https:\/\/www.ipim.gov.mo\/zh-hans\/#\/schema\/logo\/image\/"}}]}},"author_meta":{"display_name":"","author_link":"https:\/\/www.ipim.gov.mo\/pt-pt\/author\/"},"featured_img":"https:\/\/www.ipim.gov.mo\/wp-content\/uploads\/2025\/06\/N25FFUenzi__t20250612115425-300x169.jpg","coauthors":[],"tax_additional":{"categories":{"linked":["<a href=\"https:\/\/www.ipim.gov.mo\/pt-pt\/category\/noticias-do-ipim\/\" class=\"advgb-post-tax-term\">Not\u00edcias do IPIM<\/a>"],"unlinked":["<span class=\"advgb-post-tax-term\">Not\u00edcias do IPIM<\/span>"]}},"comment_count":"0","relative_dates":{"created":"Posted 11 months ago","modified":"Updated 11 months ago"},"absolute_dates":{"created":"Posted on Junho 6, 2025","modified":"Updated on Junho 10, 2025"},"absolute_dates_time":{"created":"Posted on Junho 6, 2025 10:42 am","modified":"Updated on Junho 10, 2025 7:52 pm"},"featured_img_caption":"","series_order":"","_links":{"self":[{"href":"https:\/\/www.ipim.gov.mo\/pt-pt\/wp-json\/wp\/v2\/posts\/492350","targetHints":{"allow":["GET"]}}],"collection":[{"href":"https:\/\/www.ipim.gov.mo\/pt-pt\/wp-json\/wp\/v2\/posts"}],"about":[{"href":"https:\/\/www.ipim.gov.mo\/pt-pt\/wp-json\/wp\/v2\/types\/post"}],"replies":[{"embeddable":true,"href":"https:\/\/www.ipim.gov.mo\/pt-pt\/wp-json\/wp\/v2\/comments?post=492350"}],"version-history":[{"count":1,"href":"https:\/\/www.ipim.gov.mo\/pt-pt\/wp-json\/wp\/v2\/posts\/492350\/revisions"}],"predecessor-version":[{"id":492675,"href":"https:\/\/www.ipim.gov.mo\/pt-pt\/wp-json\/wp\/v2\/posts\/492350\/revisions\/492675"}],"wp:featuredmedia":[{"embeddable":true,"href":"https:\/\/www.ipim.gov.mo\/pt-pt\/wp-json\/wp\/v2\/media\/493509"}],"wp:attachment":[{"href":"https:\/\/www.ipim.gov.mo\/pt-pt\/wp-json\/wp\/v2\/media?parent=492350"}],"wp:term":[{"taxonomy":"category","embeddable":true,"href":"https:\/\/www.ipim.gov.mo\/pt-pt\/wp-json\/wp\/v2\/categories?post=492350"},{"taxonomy":"post_tag","embeddable":true,"href":"https:\/\/www.ipim.gov.mo\/pt-pt\/wp-json\/wp\/v2\/tags?post=492350"}],"curies":[{"name":"wp","href":"https:\/\/api.w.org\/{rel}","templated":true}]}}