{"id":492233,"date":"2025-05-31T16:17:00","date_gmt":"2025-05-31T08:17:00","guid":{"rendered":"https:\/\/www.ipim.gov.mo\/?p=492233"},"modified":"2025-06-16T10:52:04","modified_gmt":"2025-06-16T02:52:04","slug":"2025-05-31-o-ipim-e-a-associacao-industrial-de-macau-coordenam-a-exposicao-dos-produtos-fabricados-em-macau-e-de-marcas-de-macau-na-thaifex-anuga-asia-2025-a-deco","status":"publish","type":"post","link":"https:\/\/www.ipim.gov.mo\/pt-pt\/noticias-do-ipim\/2025-05-31-o-ipim-e-a-associacao-industrial-de-macau-coordenam-a-exposicao-dos-produtos-fabricados-em-macau-e-de-marcas-de-macau-na-thaifex-anuga-asia-2025-a-deco\/","title":{"rendered":"[2025\/05\/31] O IPIM e a Associa\u00e7\u00e3o Industrial de Macau coordenam a exposi\u00e7\u00e3o dos produtos \u201cFabricados em Macau\u201d e de \u201cMarcas de Macau\u201d na THAIFEX-Anuga Asia 2025 a decorrer na Tail\u00e2ndia, com vista a aumentar a visibilidade das empresas de Macau"},"content":{"rendered":"<p style=\"text-align:justify\">O Instituto de Promo&ccedil;&atilde;o do Investimento e Com&eacute;rcio da Regi&atilde;o Administrativa Especial de Macau (adiante designado por IPIM), em colabora&ccedil;&atilde;o com a Associa&ccedil;&atilde;o Industrial de Macau participou na THAIFEX-Anuga Asia 2025, na qual se exibiram, durante cinco dias consecutivos, cerca de 300 produtos \u201cFabricados em Macau\u201d, de \u201cMarcas de Macau\u201d, provenientes de 22 empresas da RAEM. Durante o evento, as empresas de Macau exibiram, junto dos 73 compradores profissionais internacionais provenientes de 29 pa&iacute;ses e regi&otilde;es, as caracter&iacute;sticas e vantagens dos produtos de Macau, resultando em mais de 350 sess&otilde;es de negocia&ccedil;&otilde;es comerciais; as empresas participantes de Macau chegaram a concretizar inten&ccedil;&otilde;es preliminares de coopera&ccedil;&atilde;o com as empresas do Sudeste Asi&aacute;tico, do Interior da China, da Europa e de Hong Kong, entre outros pa&iacute;ses e regi&otilde;es. Isso n&atilde;o s&oacute; demonstrou o encanto &uacute;nico dos produtos de Macau, como tamb&eacute;m disponibilizou uma plataforma eficaz para as pequenas e m&eacute;dias empresas (PMEs) de Macau a \u201cexpandirem-se para o exterior\u201d, aprofundando o interc&acirc;mbio e a coopera&ccedil;&atilde;o internacional, elevando o prest&iacute;gio das marcas de Macau a n&iacute;vel mundial.<\/p>\n<p style=\"text-align:justify\"><strong>Conhecer melhor as tend&ecirc;ncias de desenvolvimento do mercado internacional, no sentido de explorar mais oportunidades de coopera&ccedil;&atilde;o<\/strong><\/p>\n<p style=\"text-align:justify\">Um respons&aacute;vel de uma empresa dedicada aos produtos de massas \u201cFabricados em Macau\u201d afirmou que a participa&ccedil;&atilde;o na maior exposi&ccedil;&atilde;o no &acirc;mbito de produtos alimentares da &Aacute;sia constitui uma excelente oportunidade para demonstrar os produtos \u201cFabricados em Macau\u201d. As empresas aproveitaram as sess&otilde;es de negocia&ccedil;&atilde;o empresarial coordenadas pelo IPIM para ter interc&acirc;mbios com empresas de diferentes pa&iacute;ses e regi&otilde;es e concretizar inten&ccedil;&otilde;es de coopera&ccedil;&atilde;o, o que se reveste de import&acirc;ncia significativa para a promo&ccedil;&atilde;o dos produtos \u201cFabricados em Macau\u201d.<\/p>\n<p style=\"text-align:justify\">De acordo com o respons&aacute;vel de uma empresa de bebidas de ch&aacute; de \u201cMarca de Macau\u201d, o evento permite &agrave; sua empresa conhecer, da melhor forma, as procuras e tend&ecirc;ncias do mercado internacional, para que estabele&ccedil;a uma base s&oacute;lida para os seus produtos de Macau na explora&ccedil;&atilde;o do mercado Halal. Gra&ccedil;as &agrave; dupla garantia de qualidade pelas \u201cCertifica&ccedil;&atilde;o de Qualidade M\u201d + \u201cCertifica&ccedil;&atilde;o Halal\u201d, as empresas de Macau t&ecirc;m vindo a desenvolver gradualmente uma nova tend&ecirc;ncia de integra&ccedil;&atilde;o intersectorial, promovendo assim o desenvolvimento da diversifica&ccedil;&atilde;o industrial.<\/p>\n<p style=\"text-align:justify\"><strong>Pacote de medidas conjuntas de \u201cMarketing atrav&eacute;s de experi&ecirc;ncia + Acoplamento digital\u201d<\/strong><\/p>\n<p style=\"text-align:justify\">O IPIM convidou os representantes dos supermercados chineses da Tail&acirc;ndia para visitarem presencialmente o Pavilh&atilde;o de Macau, realizando interc&acirc;mbios com os expositores para melhor conhecer hist&oacute;rias de Macau, e na expectativa de explorar mais oportunidades comerciais do exterior para os produtos \u201cFabricados em Macau\u201d e de \u201cMarcas de Macau\u201d, potenciando o papel de Macau como \u201celo de liga&ccedil;&atilde;o infal&iacute;vel\u201d entre a China e os pa&iacute;ses de l&iacute;ngua portuguesa\u201d. Durante o evento, os comerciantes de todo o mundo tiveram oportunidade de provar os produtos gastron&oacute;micos t&iacute;picos de Macau mesmo na Tail&acirc;ndia atrav&eacute;s da participa&ccedil;&atilde;o nas 30 sess&otilde;es de degusta&ccedil;&atilde;o coordenadas pelos expositores de Macau. A par disso, as empresas participantes tiraram partido das sess&otilde;es de interac&ccedil;&atilde;o para conhecerem melhor os padr&otilde;es internacionais, tendo em vista melhorar a qualidade dos seus produtos, designadamente adquirir conhecimento mais profundo sobre como estabelecer a confian&ccedil;a e o reconhecimento dos clientes nos produtos ap&oacute;s ter obtido a \u201cCertifica&ccedil;&atilde;o Halal\u201d, avan&ccedil;ando para explorar um mercado mais amplo.<\/p>\n<p style=\"text-align:justify\"><strong>Promover as vantagens do sector de conven&ccedil;&otilde;es e exposi&ccedil;&otilde;es de Macau e de Hengqin de uma forma abrangente<\/strong><\/p>\n<p style=\"text-align:justify\">Durante a estadia na Tail&acirc;ndia, a Vogal do IPIM, Dra. Elaine Wong visitou o Gabinete de Representa&ccedil;&atilde;o do Conselho para a Promo&ccedil;&atilde;o do Com&eacute;rcio Internacional da China (CCPIT, na sigla inglesa) na Tail&acirc;ndia e teve encontros com v&aacute;rios organizadores internacionais de conven&ccedil;&otilde;es e exposi&ccedil;&otilde;es, com o intuito de promover as vantagens do sector de conven&ccedil;&otilde;es e exposi&ccedil;&otilde;es de Macau e de Hengqin, convidando-os a visitar as instala&ccedil;&otilde;es de conven&ccedil;&otilde;es e exposi&ccedil;&otilde;es em Macau e Hengqin, partilhando, entretanto, os pr&eacute;mios MICE com que Macau foi distinguido, assim como abordando as novas oportunidades de introdu&ccedil;&atilde;o de diferentes eventos de conven&ccedil;&otilde;es e exposi&ccedil;&otilde;es em Macau sob o apoio da estrat&eacute;gia de desenvolvimento da diversifica&ccedil;&atilde;o adequada da economia \u201c1 + 4\u201d.<\/p>\n<p style=\"text-align:justify\">Olhando para o futuro, o IPIM continuar&aacute; a coordenar delega&ccedil;&otilde;es empresariais e organizar eventos MICE no exterior, tendo por objectivo ajudar as empresas de Macau a expandirem os seus neg&oacute;cios para todo o mundo, no sentido de concretizar o modelo de \u201ccapta&ccedil;&atilde;o de investimentos atrav&eacute;s de exposi&ccedil;&otilde;es e de promo&ccedil;&atilde;o conjunta, bem como capacita&ccedil;&atilde;o do desenvolvimento atrav&eacute;s de exposi&ccedil;&otilde;es\u201d, aproveitando, ao mesmo tempo, as vantagens da \u201cPlataforma Sino-Lus&oacute;fona\u201d para consolidar a confian&ccedil;a dos investidores dos pa&iacute;ses membros da Associa&ccedil;&atilde;o de Na&ccedil;&otilde;es do Sudeste Asi&aacute;tico (ASEAN) e de todo o mundo sobre o desenvolvimento diversificado das ind&uacute;strias de Macau.<\/p>\n","protected":false},"excerpt":{"rendered":"<p>O Instituto de Promo&ccedil;&atilde;o do Investimento e Com&eacute;rcio da Regi&atilde;o Administrativa Especial de Macau (adiante designado por IPIM), em colabora&ccedil;&atilde;o com a Associa&ccedil;&atilde;o Industrial de [&hellip;]<\/p>\n","protected":false},"author":0,"featured_media":493477,"comment_status":"closed","ping_status":"closed","sticky":false,"template":"","format":"standard","meta":{"_acf_changed":false,"inline_featured_image":false,"advgb_blocks_editor_width":"","advgb_blocks_columns_visual_guide":"","footnotes":""},"categories":[12],"tags":[],"class_list":["post-492233","post","type-post","status-publish","format-standard","has-post-thumbnail","hentry","category-noticias-do-ipim"],"acf":[],"yoast_head":"<!-- This site is optimized with the Yoast SEO plugin v26.2 - https:\/\/yoast.com\/wordpress\/plugins\/seo\/ -->\r\n<title>[2025\/05\/31] O IPIM e a Associa\u00e7\u00e3o Industrial de Macau coordenam a exposi\u00e7\u00e3o dos produtos \u201cFabricados em Macau\u201d e de \u201cMarcas de Macau\u201d na THAIFEX-Anuga Asia 2025 a decorrer na Tail\u00e2ndia, com vista a aumentar a visibilidade das empresas de Macau | Commerce and Investment Promotion Institute<\/title>\r\n<meta name=\"robots\" content=\"index, follow, max-snippet:-1, max-image-preview:large, max-video-preview:-1\" \/>\r\n<link rel=\"canonical\" href=\"https:\/\/www.ipim.gov.mo\/pt-pt\/noticias-do-ipim\/2025-05-31-o-ipim-e-a-associacao-industrial-de-macau-coordenam-a-exposicao-dos-produtos-fabricados-em-macau-e-de-marcas-de-macau-na-thaifex-anuga-asia-2025-a-deco\/\" \/>\r\n<meta property=\"og:locale\" content=\"pt_PT\" \/>\r\n<meta property=\"og:type\" content=\"article\" \/>\r\n<meta property=\"og:title\" content=\"[2025\/05\/31] O IPIM e a Associa\u00e7\u00e3o Industrial de Macau coordenam a exposi\u00e7\u00e3o dos produtos \u201cFabricados em Macau\u201d e de \u201cMarcas de Macau\u201d na THAIFEX-Anuga Asia 2025 a decorrer na Tail\u00e2ndia, com vista a aumentar a visibilidade das empresas de Macau | Commerce and Investment Promotion Institute\" \/>\r\n<meta property=\"og:description\" content=\"O Instituto de Promo&ccedil;&atilde;o do Investimento e Com&eacute;rcio da Regi&atilde;o Administrativa Especial de Macau (adiante designado por IPIM), em colabora&ccedil;&atilde;o com a Associa&ccedil;&atilde;o Industrial de [&hellip;]\" \/>\r\n<meta property=\"og:url\" content=\"https:\/\/www.ipim.gov.mo\/pt-pt\/noticias-do-ipim\/2025-05-31-o-ipim-e-a-associacao-industrial-de-macau-coordenam-a-exposicao-dos-produtos-fabricados-em-macau-e-de-marcas-de-macau-na-thaifex-anuga-asia-2025-a-deco\/\" \/>\r\n<meta property=\"og:site_name\" content=\"Commerce and Investment Promotion Institute\" \/>\r\n<meta property=\"article:published_time\" content=\"2025-05-31T08:17:00+00:00\" \/>\r\n<meta property=\"article:modified_time\" content=\"2025-06-16T02:52:04+00:00\" \/>\r\n<meta property=\"og:image\" content=\"https:\/\/www.ipim.gov.mo\/wp-content\/uploads\/2025\/06\/N25EeaC1pd__t20250616102457.jpg\" \/>\r\n\t<meta property=\"og:image:width\" content=\"320\" \/>\r\n\t<meta property=\"og:image:height\" content=\"180\" \/>\r\n\t<meta property=\"og:image:type\" content=\"image\/jpeg\" \/>\r\n<meta name=\"twitter:card\" content=\"summary_large_image\" \/>\r\n<meta name=\"twitter:label1\" content=\"Est. reading time\" \/>\n\t<meta name=\"twitter:data1\" content=\"5 minutes\" \/>\r\n<script type=\"application\/ld+json\" class=\"yoast-schema-graph\">{\"@context\":\"https:\/\/schema.org\",\"@graph\":[{\"@type\":\"WebPage\",\"@id\":\"https:\/\/www.ipim.gov.mo\/pt-pt\/noticias-do-ipim\/2025-05-31-o-ipim-e-a-associacao-industrial-de-macau-coordenam-a-exposicao-dos-produtos-fabricados-em-macau-e-de-marcas-de-macau-na-thaifex-anuga-asia-2025-a-deco\/\",\"url\":\"https:\/\/www.ipim.gov.mo\/pt-pt\/noticias-do-ipim\/2025-05-31-o-ipim-e-a-associacao-industrial-de-macau-coordenam-a-exposicao-dos-produtos-fabricados-em-macau-e-de-marcas-de-macau-na-thaifex-anuga-asia-2025-a-deco\/\",\"name\":\"[2025\/05\/31] O IPIM e a Associa\u00e7\u00e3o Industrial de Macau coordenam a exposi\u00e7\u00e3o dos produtos \u201cFabricados em Macau\u201d e de \u201cMarcas de Macau\u201d na THAIFEX-Anuga Asia 2025 a decorrer na Tail\u00e2ndia, com vista a aumentar a visibilidade das empresas de Macau | Commerce and Investment Promotion Institute\",\"isPartOf\":{\"@id\":\"https:\/\/www.ipim.gov.mo\/zh-hans\/#website\"},\"primaryImageOfPage\":{\"@id\":\"https:\/\/www.ipim.gov.mo\/pt-pt\/noticias-do-ipim\/2025-05-31-o-ipim-e-a-associacao-industrial-de-macau-coordenam-a-exposicao-dos-produtos-fabricados-em-macau-e-de-marcas-de-macau-na-thaifex-anuga-asia-2025-a-deco\/#primaryimage\"},\"image\":{\"@id\":\"https:\/\/www.ipim.gov.mo\/pt-pt\/noticias-do-ipim\/2025-05-31-o-ipim-e-a-associacao-industrial-de-macau-coordenam-a-exposicao-dos-produtos-fabricados-em-macau-e-de-marcas-de-macau-na-thaifex-anuga-asia-2025-a-deco\/#primaryimage\"},\"thumbnailUrl\":\"https:\/\/www.ipim.gov.mo\/wp-content\/uploads\/2025\/06\/N25EeaC1pd__t20250616102457.jpg\",\"datePublished\":\"2025-05-31T08:17:00+00:00\",\"dateModified\":\"2025-06-16T02:52:04+00:00\",\"breadcrumb\":{\"@id\":\"https:\/\/www.ipim.gov.mo\/pt-pt\/noticias-do-ipim\/2025-05-31-o-ipim-e-a-associacao-industrial-de-macau-coordenam-a-exposicao-dos-produtos-fabricados-em-macau-e-de-marcas-de-macau-na-thaifex-anuga-asia-2025-a-deco\/#breadcrumb\"},\"inLanguage\":\"pt-PT\",\"potentialAction\":[{\"@type\":\"ReadAction\",\"target\":[\"https:\/\/www.ipim.gov.mo\/pt-pt\/noticias-do-ipim\/2025-05-31-o-ipim-e-a-associacao-industrial-de-macau-coordenam-a-exposicao-dos-produtos-fabricados-em-macau-e-de-marcas-de-macau-na-thaifex-anuga-asia-2025-a-deco\/\"]}]},{\"@type\":\"ImageObject\",\"inLanguage\":\"pt-PT\",\"@id\":\"https:\/\/www.ipim.gov.mo\/pt-pt\/noticias-do-ipim\/2025-05-31-o-ipim-e-a-associacao-industrial-de-macau-coordenam-a-exposicao-dos-produtos-fabricados-em-macau-e-de-marcas-de-macau-na-thaifex-anuga-asia-2025-a-deco\/#primaryimage\",\"url\":\"https:\/\/www.ipim.gov.mo\/wp-content\/uploads\/2025\/06\/N25EeaC1pd__t20250616102457.jpg\",\"contentUrl\":\"https:\/\/www.ipim.gov.mo\/wp-content\/uploads\/2025\/06\/N25EeaC1pd__t20250616102457.jpg\",\"width\":320,\"height\":180},{\"@type\":\"BreadcrumbList\",\"@id\":\"https:\/\/www.ipim.gov.mo\/pt-pt\/noticias-do-ipim\/2025-05-31-o-ipim-e-a-associacao-industrial-de-macau-coordenam-a-exposicao-dos-produtos-fabricados-em-macau-e-de-marcas-de-macau-na-thaifex-anuga-asia-2025-a-deco\/#breadcrumb\",\"itemListElement\":[{\"@type\":\"ListItem\",\"position\":1,\"name\":\"Home\",\"item\":\"https:\/\/www.ipim.gov.mo\/pt-pt\/\"},{\"@type\":\"ListItem\",\"position\":2,\"name\":\"[2025\/05\/31] O IPIM e a Associa\u00e7\u00e3o Industrial de Macau coordenam a exposi\u00e7\u00e3o dos produtos \u201cFabricados em Macau\u201d e de \u201cMarcas de Macau\u201d na THAIFEX-Anuga Asia 2025 a decorrer na Tail\u00e2ndia, com vista a aumentar a visibilidade das empresas de Macau\"}]},{\"@type\":\"WebSite\",\"@id\":\"https:\/\/www.ipim.gov.mo\/zh-hans\/#website\",\"url\":\"https:\/\/www.ipim.gov.mo\/zh-hans\/\",\"name\":\"Commerce and Investment Promotion Institute\",\"description\":\"Commerce and Investment Promotion Institute\",\"publisher\":{\"@id\":\"https:\/\/www.ipim.gov.mo\/zh-hans\/#organization\"},\"potentialAction\":[{\"@type\":\"SearchAction\",\"target\":{\"@type\":\"EntryPoint\",\"urlTemplate\":\"https:\/\/www.ipim.gov.mo\/zh-hans\/?s={search_term_string}\"},\"query-input\":{\"@type\":\"PropertyValueSpecification\",\"valueRequired\":true,\"valueName\":\"search_term_string\"}}],\"inLanguage\":\"pt-PT\"},{\"@type\":\"Organization\",\"@id\":\"https:\/\/www.ipim.gov.mo\/zh-hans\/#organization\",\"name\":\"IPIM\",\"url\":\"https:\/\/www.ipim.gov.mo\/zh-hans\/\",\"logo\":{\"@type\":\"ImageObject\",\"inLanguage\":\"pt-PT\",\"@id\":\"https:\/\/www.ipim.gov.mo\/zh-hans\/#\/schema\/logo\/image\/\",\"url\":\"https:\/\/www.ipim.gov.mo\/wp-content\/uploads\/2022\/10\/default-post-thumbnail-ipim-logo.png\",\"contentUrl\":\"https:\/\/www.ipim.gov.mo\/wp-content\/uploads\/2022\/10\/default-post-thumbnail-ipim-logo.png\",\"width\":1024,\"height\":768,\"caption\":\"IPIM\"},\"image\":{\"@id\":\"https:\/\/www.ipim.gov.mo\/zh-hans\/#\/schema\/logo\/image\/\"}}]}<\/script>\r\n<!-- \/ Yoast SEO plugin. -->","yoast_head_json":{"title":"[2025\/05\/31] O IPIM e a Associa\u00e7\u00e3o Industrial de Macau coordenam a exposi\u00e7\u00e3o dos produtos \u201cFabricados em Macau\u201d e de \u201cMarcas de Macau\u201d na THAIFEX-Anuga Asia 2025 a decorrer na Tail\u00e2ndia, com vista a aumentar a visibilidade das empresas de Macau | Commerce and Investment Promotion Institute","robots":{"index":"index","follow":"follow","max-snippet":"max-snippet:-1","max-image-preview":"max-image-preview:large","max-video-preview":"max-video-preview:-1"},"canonical":"https:\/\/www.ipim.gov.mo\/pt-pt\/noticias-do-ipim\/2025-05-31-o-ipim-e-a-associacao-industrial-de-macau-coordenam-a-exposicao-dos-produtos-fabricados-em-macau-e-de-marcas-de-macau-na-thaifex-anuga-asia-2025-a-deco\/","og_locale":"pt_PT","og_type":"article","og_title":"[2025\/05\/31] O IPIM e a Associa\u00e7\u00e3o Industrial de Macau coordenam a exposi\u00e7\u00e3o dos produtos \u201cFabricados em Macau\u201d e de \u201cMarcas de Macau\u201d na THAIFEX-Anuga Asia 2025 a decorrer na Tail\u00e2ndia, com vista a aumentar a visibilidade das empresas de Macau | Commerce and Investment Promotion Institute","og_description":"O Instituto de Promo&ccedil;&atilde;o do Investimento e Com&eacute;rcio da Regi&atilde;o Administrativa Especial de Macau (adiante designado por IPIM), em colabora&ccedil;&atilde;o com a Associa&ccedil;&atilde;o Industrial de [&hellip;]","og_url":"https:\/\/www.ipim.gov.mo\/pt-pt\/noticias-do-ipim\/2025-05-31-o-ipim-e-a-associacao-industrial-de-macau-coordenam-a-exposicao-dos-produtos-fabricados-em-macau-e-de-marcas-de-macau-na-thaifex-anuga-asia-2025-a-deco\/","og_site_name":"Commerce and Investment Promotion Institute","article_published_time":"2025-05-31T08:17:00+00:00","article_modified_time":"2025-06-16T02:52:04+00:00","og_image":[{"width":320,"height":180,"url":"https:\/\/www.ipim.gov.mo\/wp-content\/uploads\/2025\/06\/N25EeaC1pd__t20250616102457.jpg","type":"image\/jpeg"}],"twitter_card":"summary_large_image","twitter_misc":{"Est. reading time":"5 minutes"},"schema":{"@context":"https:\/\/schema.org","@graph":[{"@type":"WebPage","@id":"https:\/\/www.ipim.gov.mo\/pt-pt\/noticias-do-ipim\/2025-05-31-o-ipim-e-a-associacao-industrial-de-macau-coordenam-a-exposicao-dos-produtos-fabricados-em-macau-e-de-marcas-de-macau-na-thaifex-anuga-asia-2025-a-deco\/","url":"https:\/\/www.ipim.gov.mo\/pt-pt\/noticias-do-ipim\/2025-05-31-o-ipim-e-a-associacao-industrial-de-macau-coordenam-a-exposicao-dos-produtos-fabricados-em-macau-e-de-marcas-de-macau-na-thaifex-anuga-asia-2025-a-deco\/","name":"[2025\/05\/31] O IPIM e a Associa\u00e7\u00e3o Industrial de Macau coordenam a exposi\u00e7\u00e3o dos produtos \u201cFabricados em Macau\u201d e de \u201cMarcas de Macau\u201d na THAIFEX-Anuga Asia 2025 a decorrer na Tail\u00e2ndia, com vista a aumentar a visibilidade das empresas de Macau | Commerce and Investment Promotion Institute","isPartOf":{"@id":"https:\/\/www.ipim.gov.mo\/zh-hans\/#website"},"primaryImageOfPage":{"@id":"https:\/\/www.ipim.gov.mo\/pt-pt\/noticias-do-ipim\/2025-05-31-o-ipim-e-a-associacao-industrial-de-macau-coordenam-a-exposicao-dos-produtos-fabricados-em-macau-e-de-marcas-de-macau-na-thaifex-anuga-asia-2025-a-deco\/#primaryimage"},"image":{"@id":"https:\/\/www.ipim.gov.mo\/pt-pt\/noticias-do-ipim\/2025-05-31-o-ipim-e-a-associacao-industrial-de-macau-coordenam-a-exposicao-dos-produtos-fabricados-em-macau-e-de-marcas-de-macau-na-thaifex-anuga-asia-2025-a-deco\/#primaryimage"},"thumbnailUrl":"https:\/\/www.ipim.gov.mo\/wp-content\/uploads\/2025\/06\/N25EeaC1pd__t20250616102457.jpg","datePublished":"2025-05-31T08:17:00+00:00","dateModified":"2025-06-16T02:52:04+00:00","breadcrumb":{"@id":"https:\/\/www.ipim.gov.mo\/pt-pt\/noticias-do-ipim\/2025-05-31-o-ipim-e-a-associacao-industrial-de-macau-coordenam-a-exposicao-dos-produtos-fabricados-em-macau-e-de-marcas-de-macau-na-thaifex-anuga-asia-2025-a-deco\/#breadcrumb"},"inLanguage":"pt-PT","potentialAction":[{"@type":"ReadAction","target":["https:\/\/www.ipim.gov.mo\/pt-pt\/noticias-do-ipim\/2025-05-31-o-ipim-e-a-associacao-industrial-de-macau-coordenam-a-exposicao-dos-produtos-fabricados-em-macau-e-de-marcas-de-macau-na-thaifex-anuga-asia-2025-a-deco\/"]}]},{"@type":"ImageObject","inLanguage":"pt-PT","@id":"https:\/\/www.ipim.gov.mo\/pt-pt\/noticias-do-ipim\/2025-05-31-o-ipim-e-a-associacao-industrial-de-macau-coordenam-a-exposicao-dos-produtos-fabricados-em-macau-e-de-marcas-de-macau-na-thaifex-anuga-asia-2025-a-deco\/#primaryimage","url":"https:\/\/www.ipim.gov.mo\/wp-content\/uploads\/2025\/06\/N25EeaC1pd__t20250616102457.jpg","contentUrl":"https:\/\/www.ipim.gov.mo\/wp-content\/uploads\/2025\/06\/N25EeaC1pd__t20250616102457.jpg","width":320,"height":180},{"@type":"BreadcrumbList","@id":"https:\/\/www.ipim.gov.mo\/pt-pt\/noticias-do-ipim\/2025-05-31-o-ipim-e-a-associacao-industrial-de-macau-coordenam-a-exposicao-dos-produtos-fabricados-em-macau-e-de-marcas-de-macau-na-thaifex-anuga-asia-2025-a-deco\/#breadcrumb","itemListElement":[{"@type":"ListItem","position":1,"name":"Home","item":"https:\/\/www.ipim.gov.mo\/pt-pt\/"},{"@type":"ListItem","position":2,"name":"[2025\/05\/31] O IPIM e a Associa\u00e7\u00e3o Industrial de Macau coordenam a exposi\u00e7\u00e3o dos produtos \u201cFabricados em Macau\u201d e de \u201cMarcas de Macau\u201d na THAIFEX-Anuga Asia 2025 a decorrer na Tail\u00e2ndia, com vista a aumentar a visibilidade das empresas de Macau"}]},{"@type":"WebSite","@id":"https:\/\/www.ipim.gov.mo\/zh-hans\/#website","url":"https:\/\/www.ipim.gov.mo\/zh-hans\/","name":"Commerce and Investment Promotion Institute","description":"Commerce and Investment Promotion Institute","publisher":{"@id":"https:\/\/www.ipim.gov.mo\/zh-hans\/#organization"},"potentialAction":[{"@type":"SearchAction","target":{"@type":"EntryPoint","urlTemplate":"https:\/\/www.ipim.gov.mo\/zh-hans\/?s={search_term_string}"},"query-input":{"@type":"PropertyValueSpecification","valueRequired":true,"valueName":"search_term_string"}}],"inLanguage":"pt-PT"},{"@type":"Organization","@id":"https:\/\/www.ipim.gov.mo\/zh-hans\/#organization","name":"IPIM","url":"https:\/\/www.ipim.gov.mo\/zh-hans\/","logo":{"@type":"ImageObject","inLanguage":"pt-PT","@id":"https:\/\/www.ipim.gov.mo\/zh-hans\/#\/schema\/logo\/image\/","url":"https:\/\/www.ipim.gov.mo\/wp-content\/uploads\/2022\/10\/default-post-thumbnail-ipim-logo.png","contentUrl":"https:\/\/www.ipim.gov.mo\/wp-content\/uploads\/2022\/10\/default-post-thumbnail-ipim-logo.png","width":1024,"height":768,"caption":"IPIM"},"image":{"@id":"https:\/\/www.ipim.gov.mo\/zh-hans\/#\/schema\/logo\/image\/"}}]}},"author_meta":{"display_name":"","author_link":"https:\/\/www.ipim.gov.mo\/pt-pt\/author\/"},"featured_img":"https:\/\/www.ipim.gov.mo\/wp-content\/uploads\/2025\/06\/N25EeaC1pd__t20250616102457-300x169.jpg","coauthors":[],"tax_additional":{"categories":{"linked":["<a href=\"https:\/\/www.ipim.gov.mo\/pt-pt\/category\/noticias-do-ipim\/\" class=\"advgb-post-tax-term\">Not\u00edcias do IPIM<\/a>"],"unlinked":["<span class=\"advgb-post-tax-term\">Not\u00edcias do IPIM<\/span>"]}},"comment_count":"0","relative_dates":{"created":"Posted 11 months ago","modified":"Updated 11 months ago"},"absolute_dates":{"created":"Posted on Maio 31, 2025","modified":"Updated on Junho 16, 2025"},"absolute_dates_time":{"created":"Posted on Maio 31, 2025 4:17 pm","modified":"Updated on Junho 16, 2025 10:52 am"},"featured_img_caption":"","series_order":"","_links":{"self":[{"href":"https:\/\/www.ipim.gov.mo\/pt-pt\/wp-json\/wp\/v2\/posts\/492233","targetHints":{"allow":["GET"]}}],"collection":[{"href":"https:\/\/www.ipim.gov.mo\/pt-pt\/wp-json\/wp\/v2\/posts"}],"about":[{"href":"https:\/\/www.ipim.gov.mo\/pt-pt\/wp-json\/wp\/v2\/types\/post"}],"replies":[{"embeddable":true,"href":"https:\/\/www.ipim.gov.mo\/pt-pt\/wp-json\/wp\/v2\/comments?post=492233"}],"version-history":[{"count":1,"href":"https:\/\/www.ipim.gov.mo\/pt-pt\/wp-json\/wp\/v2\/posts\/492233\/revisions"}],"predecessor-version":[{"id":492960,"href":"https:\/\/www.ipim.gov.mo\/pt-pt\/wp-json\/wp\/v2\/posts\/492233\/revisions\/492960"}],"wp:featuredmedia":[{"embeddable":true,"href":"https:\/\/www.ipim.gov.mo\/pt-pt\/wp-json\/wp\/v2\/media\/493477"}],"wp:attachment":[{"href":"https:\/\/www.ipim.gov.mo\/pt-pt\/wp-json\/wp\/v2\/media?parent=492233"}],"wp:term":[{"taxonomy":"category","embeddable":true,"href":"https:\/\/www.ipim.gov.mo\/pt-pt\/wp-json\/wp\/v2\/categories?post=492233"},{"taxonomy":"post_tag","embeddable":true,"href":"https:\/\/www.ipim.gov.mo\/pt-pt\/wp-json\/wp\/v2\/tags?post=492233"}],"curies":[{"name":"wp","href":"https:\/\/api.w.org\/{rel}","templated":true}]}}