{"id":491944,"date":"2025-05-26T12:00:00","date_gmt":"2025-05-26T04:00:00","guid":{"rendered":"https:\/\/www.ipim.gov.mo\/?p=491944"},"modified":"2025-05-29T22:52:05","modified_gmt":"2025-05-29T14:52:05","slug":"2025-05-26-ipim-em-colaboracao-com-a-associacao-industrial-de-macau-organizara-a-participacao-de-empresas-de-macau-e-a-apresentacao-de-cerca-de-300-produtos-fabricados-em-macau-e","status":"publish","type":"post","link":"https:\/\/www.ipim.gov.mo\/pt-pt\/noticias-do-ipim\/2025-05-26-ipim-em-colaboracao-com-a-associacao-industrial-de-macau-organizara-a-participacao-de-empresas-de-macau-e-a-apresentacao-de-cerca-de-300-produtos-fabricados-em-macau-e\/","title":{"rendered":"[2025\/05\/26] IPIM, em colabora\u00e7\u00e3o com a Associa\u00e7\u00e3o Industrial de Macau, organizar\u00e1 a participa\u00e7\u00e3o de empresas de Macau e a apresenta\u00e7\u00e3o de cerca de 300 produtos \u201cfabricados em Macau\u201d e das \u201cmarcas de Macau\u201d na feira alimentar da \u00c1sia \u2013 THAIFEX"},"content":{"rendered":"<p style=\"text-align:justify\">O Instituto de Promo&ccedil;&atilde;o do Com&eacute;rcio e do Investimento da Regi&atilde;o Administrativa Especial de Macau (doravante designado por \u201cIPIM\u201d), em colabora&ccedil;&atilde;o com a Associa&ccedil;&atilde;o Industrial de Macau, ir&aacute; instalar o \u201cPavilh&atilde;o de Macau\u201d na \u201cTHAIFEX-Anuga Asia 2025\u201d, a realizar nos dias 27 a 31 de Maio na cidade de Banguecoque, Tail&acirc;ndia. &nbsp;O \u201cPavilh&atilde;o de Macau\u201d conta com uma &aacute;rea de 126 metros quadrados, onde 22 empresas de Macau ir&atilde;o apresentar cerca de 300 produtos caracter&iacute;sticos da regi&atilde;o, tais como confeitaria tradicional, massas, caf&eacute;, ch&aacute;, produtos de sa&uacute;de e bebidas alco&oacute;licas. A participa&ccedil;&atilde;o do IPIM na THAIFEX-Anuga Asia 2025 visa promover as vantagens inerentes aos produtos \u201cfabricados em Macau\u201d e &agrave;s \u201cmarcas de Macau\u201d, aprofundar a coopera&ccedil;&atilde;o internacional e apoiar as empresas locais na sua expans&atilde;o para os mercados da ASEAN e internacionais.<\/p>\n<p style=\"text-align:justify\">THAIFEX-Anuga Asia 2025 constitui um evento de refer&ecirc;ncia mundial na ind&uacute;stria de alimentos e bebidas, sendo a maior e mais influente feira do sector alimentar no Sudeste Asi&aacute;tico.<\/p>\n<p style=\"text-align:justify\"><strong>Experi&ecirc;ncias imersivas e interactivas impulsionam a internacionaliza&ccedil;&atilde;o das empresas de Macau<\/strong><\/p>\n<p style=\"text-align:justify\">No \u201cPavilh&atilde;o de Macau\u201d ser&atilde;o realizadas 30 sess&otilde;es de degusta&ccedil;&atilde;o e experi&ecirc;ncia de produtos \u201cfabricados em Macau\u201d e certificados sob as \u201cmarcas de Macau\u201d, \u201cM-Mark\u201d e \u201cHalal\u201d. Estas sess&otilde;es incluem provas de degusta&ccedil;&atilde;o, experi&ecirc;ncias de \u201cCaf&eacute; da manh&atilde; de Macau\u201d e \u201cCh&aacute; da tarde de Macau\u201d, bem como sorteios de caixas surpresas com lembran&ccedil;as t&iacute;picas da regi&atilde;o. Tais iniciativas permitir&atilde;o aos participantes apreciar, de forma imersiva, a excel&ecirc;ncia e autenticidade dos produtos locais, promovendo o selo de qualidade \u201cM-Mark\u201d e facilitando a expans&atilde;o dos produtos caracter&iacute;sticos de Macau no mercado externo. Al&eacute;m disso, a apresenta&ccedil;&atilde;o de produtos com certifica&ccedil;&atilde;o \u201cHalal\u201d refor&ccedil;ar&aacute; a confian&ccedil;a dupla nos produtos \u201cfabricados em Macau\u201d e das \u201cmarcas de Macau\u201d, proporcionando uma experi&ecirc;ncia abrangente do patrim&oacute;nio alimentar local.<\/p>\n<p style=\"text-align:justify\">O IPIM convidar&aacute; compradores profissionais oriundos do mercado do Sudeste Asi&aacute;tico para visitarem o \u201cPavilh&atilde;o de Macau\u201d, estando previstas mais de 240 sess&otilde;es de bolsas de contacto, com o objectivo de facilitar encontros e interc&acirc;mbios comerciais entre as empresas locais e os compradores, fomentando activamente a internacionaliza&ccedil;&atilde;o do tecido empresarial de Macau.<\/p>\n<p style=\"text-align:justify\"><strong>Promo&ccedil;&atilde;o do papel estrat&eacute;gico de Macau enquanto centro de oportunidades comerciais<\/strong><\/p>\n<p style=\"text-align:justify\">No \u201cPavilh&atilde;o de Macau\u201d ser&atilde;o promovidas as vantagens de conven&ccedil;&otilde;es e exposi&ccedil;&otilde;es de Macau, o papel de Macau como Plataforma de Servi&ccedil;os para a Coopera&ccedil;&atilde;o Comercial entre a China e os Pa&iacute;ses de L&iacute;ngua Portuguesa, assim como os ambientes de neg&oacute;cios e oportunidades pol&iacute;ticas existentes em Macau e em Hengqin. Pretende-se com isto refor&ccedil;ar o entendimento do mercado ASEAN relativamente &agrave; integra&ccedil;&atilde;o e desenvolvimento conjunto das ind&uacute;strias Macau-Hengqin, consolidando o papel de Macau enquanto \u201cagente de contacto infal&iacute;vel\u201d e potenciando a fun&ccedil;&atilde;o da \u201cPlataforma China-PLP\u201d, alargando assim as oportunidades de coopera&ccedil;&atilde;o.<\/p>\n<p style=\"text-align:justify\">Nesta edi&ccedil;&atilde;o, o evento ocupar&aacute; uma &aacute;rea de 130.000 metros quadrados, contando com a participa&ccedil;&atilde;o de mais de 3.000 expositores provenientes de 50 pa&iacute;ses e regi&otilde;es, que apresentar&atilde;o uma vasta gama de produtos alimentares e bebidas ao longo dos cinco dias de dura&ccedil;&atilde;o da feira.<\/p>\n","protected":false},"excerpt":{"rendered":"<p>O Instituto de Promo&ccedil;&atilde;o do Com&eacute;rcio e do Investimento da Regi&atilde;o Administrativa Especial de Macau (doravante designado por \u201cIPIM\u201d), em colabora&ccedil;&atilde;o com a Associa&ccedil;&atilde;o Industrial [&hellip;]<\/p>\n","protected":false},"author":0,"featured_media":492114,"comment_status":"closed","ping_status":"closed","sticky":false,"template":"","format":"standard","meta":{"_acf_changed":false,"inline_featured_image":false,"advgb_blocks_editor_width":"","advgb_blocks_columns_visual_guide":"","footnotes":""},"categories":[12],"tags":[],"class_list":["post-491944","post","type-post","status-publish","format-standard","has-post-thumbnail","hentry","category-noticias-do-ipim"],"acf":[],"yoast_head":"<!-- This site is optimized with the Yoast SEO plugin v26.2 - https:\/\/yoast.com\/wordpress\/plugins\/seo\/ -->\r\n<title>[2025\/05\/26] IPIM, em colabora\u00e7\u00e3o com a Associa\u00e7\u00e3o Industrial de Macau, organizar\u00e1 a participa\u00e7\u00e3o de empresas de Macau e a apresenta\u00e7\u00e3o de cerca de 300 produtos \u201cfabricados em Macau\u201d e das \u201cmarcas de Macau\u201d na feira alimentar da \u00c1sia \u2013 THAIFEX | Commerce and Investment Promotion Institute<\/title>\r\n<meta name=\"robots\" content=\"index, follow, max-snippet:-1, max-image-preview:large, max-video-preview:-1\" \/>\r\n<link rel=\"canonical\" href=\"https:\/\/www.ipim.gov.mo\/pt-pt\/noticias-do-ipim\/2025-05-26-ipim-em-colaboracao-com-a-associacao-industrial-de-macau-organizara-a-participacao-de-empresas-de-macau-e-a-apresentacao-de-cerca-de-300-produtos-fabricados-em-macau-e\/\" \/>\r\n<meta property=\"og:locale\" content=\"pt_PT\" \/>\r\n<meta property=\"og:type\" content=\"article\" \/>\r\n<meta property=\"og:title\" content=\"[2025\/05\/26] IPIM, em colabora\u00e7\u00e3o com a Associa\u00e7\u00e3o Industrial de Macau, organizar\u00e1 a participa\u00e7\u00e3o de empresas de Macau e a apresenta\u00e7\u00e3o de cerca de 300 produtos \u201cfabricados em Macau\u201d e das \u201cmarcas de Macau\u201d na feira alimentar da \u00c1sia \u2013 THAIFEX | Commerce and Investment Promotion Institute\" \/>\r\n<meta property=\"og:description\" content=\"O Instituto de Promo&ccedil;&atilde;o do Com&eacute;rcio e do Investimento da Regi&atilde;o Administrativa Especial de Macau (doravante designado por \u201cIPIM\u201d), em colabora&ccedil;&atilde;o com a Associa&ccedil;&atilde;o Industrial [&hellip;]\" \/>\r\n<meta property=\"og:url\" content=\"https:\/\/www.ipim.gov.mo\/pt-pt\/noticias-do-ipim\/2025-05-26-ipim-em-colaboracao-com-a-associacao-industrial-de-macau-organizara-a-participacao-de-empresas-de-macau-e-a-apresentacao-de-cerca-de-300-produtos-fabricados-em-macau-e\/\" \/>\r\n<meta property=\"og:site_name\" content=\"Commerce and Investment Promotion Institute\" \/>\r\n<meta property=\"article:published_time\" content=\"2025-05-26T04:00:00+00:00\" \/>\r\n<meta property=\"article:modified_time\" content=\"2025-05-29T14:52:05+00:00\" \/>\r\n<meta property=\"og:image\" content=\"https:\/\/www.ipim.gov.mo\/wp-content\/uploads\/2025\/05\/N25EW779BH__t20250530122046.jpg\" \/>\r\n\t<meta property=\"og:image:width\" content=\"320\" \/>\r\n\t<meta property=\"og:image:height\" content=\"180\" \/>\r\n\t<meta property=\"og:image:type\" content=\"image\/jpeg\" \/>\r\n<meta name=\"twitter:card\" content=\"summary_large_image\" \/>\r\n<meta name=\"twitter:label1\" content=\"Est. reading time\" \/>\n\t<meta name=\"twitter:data1\" content=\"3 minutes\" \/>\r\n<script type=\"application\/ld+json\" class=\"yoast-schema-graph\">{\"@context\":\"https:\/\/schema.org\",\"@graph\":[{\"@type\":\"WebPage\",\"@id\":\"https:\/\/www.ipim.gov.mo\/pt-pt\/noticias-do-ipim\/2025-05-26-ipim-em-colaboracao-com-a-associacao-industrial-de-macau-organizara-a-participacao-de-empresas-de-macau-e-a-apresentacao-de-cerca-de-300-produtos-fabricados-em-macau-e\/\",\"url\":\"https:\/\/www.ipim.gov.mo\/pt-pt\/noticias-do-ipim\/2025-05-26-ipim-em-colaboracao-com-a-associacao-industrial-de-macau-organizara-a-participacao-de-empresas-de-macau-e-a-apresentacao-de-cerca-de-300-produtos-fabricados-em-macau-e\/\",\"name\":\"[2025\/05\/26] IPIM, em colabora\u00e7\u00e3o com a Associa\u00e7\u00e3o Industrial de Macau, organizar\u00e1 a participa\u00e7\u00e3o de empresas de Macau e a apresenta\u00e7\u00e3o de cerca de 300 produtos \u201cfabricados em Macau\u201d e das \u201cmarcas de Macau\u201d na feira alimentar da \u00c1sia \u2013 THAIFEX | Commerce and Investment Promotion Institute\",\"isPartOf\":{\"@id\":\"https:\/\/www.ipim.gov.mo\/zh-hans\/#website\"},\"primaryImageOfPage\":{\"@id\":\"https:\/\/www.ipim.gov.mo\/pt-pt\/noticias-do-ipim\/2025-05-26-ipim-em-colaboracao-com-a-associacao-industrial-de-macau-organizara-a-participacao-de-empresas-de-macau-e-a-apresentacao-de-cerca-de-300-produtos-fabricados-em-macau-e\/#primaryimage\"},\"image\":{\"@id\":\"https:\/\/www.ipim.gov.mo\/pt-pt\/noticias-do-ipim\/2025-05-26-ipim-em-colaboracao-com-a-associacao-industrial-de-macau-organizara-a-participacao-de-empresas-de-macau-e-a-apresentacao-de-cerca-de-300-produtos-fabricados-em-macau-e\/#primaryimage\"},\"thumbnailUrl\":\"https:\/\/www.ipim.gov.mo\/wp-content\/uploads\/2025\/05\/N25EW779BH__t20250530122046.jpg\",\"datePublished\":\"2025-05-26T04:00:00+00:00\",\"dateModified\":\"2025-05-29T14:52:05+00:00\",\"breadcrumb\":{\"@id\":\"https:\/\/www.ipim.gov.mo\/pt-pt\/noticias-do-ipim\/2025-05-26-ipim-em-colaboracao-com-a-associacao-industrial-de-macau-organizara-a-participacao-de-empresas-de-macau-e-a-apresentacao-de-cerca-de-300-produtos-fabricados-em-macau-e\/#breadcrumb\"},\"inLanguage\":\"pt-PT\",\"potentialAction\":[{\"@type\":\"ReadAction\",\"target\":[\"https:\/\/www.ipim.gov.mo\/pt-pt\/noticias-do-ipim\/2025-05-26-ipim-em-colaboracao-com-a-associacao-industrial-de-macau-organizara-a-participacao-de-empresas-de-macau-e-a-apresentacao-de-cerca-de-300-produtos-fabricados-em-macau-e\/\"]}]},{\"@type\":\"ImageObject\",\"inLanguage\":\"pt-PT\",\"@id\":\"https:\/\/www.ipim.gov.mo\/pt-pt\/noticias-do-ipim\/2025-05-26-ipim-em-colaboracao-com-a-associacao-industrial-de-macau-organizara-a-participacao-de-empresas-de-macau-e-a-apresentacao-de-cerca-de-300-produtos-fabricados-em-macau-e\/#primaryimage\",\"url\":\"https:\/\/www.ipim.gov.mo\/wp-content\/uploads\/2025\/05\/N25EW779BH__t20250530122046.jpg\",\"contentUrl\":\"https:\/\/www.ipim.gov.mo\/wp-content\/uploads\/2025\/05\/N25EW779BH__t20250530122046.jpg\",\"width\":320,\"height\":180},{\"@type\":\"BreadcrumbList\",\"@id\":\"https:\/\/www.ipim.gov.mo\/pt-pt\/noticias-do-ipim\/2025-05-26-ipim-em-colaboracao-com-a-associacao-industrial-de-macau-organizara-a-participacao-de-empresas-de-macau-e-a-apresentacao-de-cerca-de-300-produtos-fabricados-em-macau-e\/#breadcrumb\",\"itemListElement\":[{\"@type\":\"ListItem\",\"position\":1,\"name\":\"Home\",\"item\":\"https:\/\/www.ipim.gov.mo\/pt-pt\/\"},{\"@type\":\"ListItem\",\"position\":2,\"name\":\"[2025\/05\/26] IPIM, em colabora\u00e7\u00e3o com a Associa\u00e7\u00e3o Industrial de Macau, organizar\u00e1 a participa\u00e7\u00e3o de empresas de Macau e a apresenta\u00e7\u00e3o de cerca de 300 produtos \u201cfabricados em Macau\u201d e das \u201cmarcas de Macau\u201d na feira alimentar da \u00c1sia \u2013 THAIFEX\"}]},{\"@type\":\"WebSite\",\"@id\":\"https:\/\/www.ipim.gov.mo\/zh-hans\/#website\",\"url\":\"https:\/\/www.ipim.gov.mo\/zh-hans\/\",\"name\":\"Commerce and Investment Promotion Institute\",\"description\":\"Commerce and Investment Promotion Institute\",\"publisher\":{\"@id\":\"https:\/\/www.ipim.gov.mo\/zh-hans\/#organization\"},\"potentialAction\":[{\"@type\":\"SearchAction\",\"target\":{\"@type\":\"EntryPoint\",\"urlTemplate\":\"https:\/\/www.ipim.gov.mo\/zh-hans\/?s={search_term_string}\"},\"query-input\":{\"@type\":\"PropertyValueSpecification\",\"valueRequired\":true,\"valueName\":\"search_term_string\"}}],\"inLanguage\":\"pt-PT\"},{\"@type\":\"Organization\",\"@id\":\"https:\/\/www.ipim.gov.mo\/zh-hans\/#organization\",\"name\":\"IPIM\",\"url\":\"https:\/\/www.ipim.gov.mo\/zh-hans\/\",\"logo\":{\"@type\":\"ImageObject\",\"inLanguage\":\"pt-PT\",\"@id\":\"https:\/\/www.ipim.gov.mo\/zh-hans\/#\/schema\/logo\/image\/\",\"url\":\"https:\/\/www.ipim.gov.mo\/wp-content\/uploads\/2022\/10\/default-post-thumbnail-ipim-logo.png\",\"contentUrl\":\"https:\/\/www.ipim.gov.mo\/wp-content\/uploads\/2022\/10\/default-post-thumbnail-ipim-logo.png\",\"width\":1024,\"height\":768,\"caption\":\"IPIM\"},\"image\":{\"@id\":\"https:\/\/www.ipim.gov.mo\/zh-hans\/#\/schema\/logo\/image\/\"}}]}<\/script>\r\n<!-- \/ Yoast SEO plugin. -->","yoast_head_json":{"title":"[2025\/05\/26] IPIM, em colabora\u00e7\u00e3o com a Associa\u00e7\u00e3o Industrial de Macau, organizar\u00e1 a participa\u00e7\u00e3o de empresas de Macau e a apresenta\u00e7\u00e3o de cerca de 300 produtos \u201cfabricados em Macau\u201d e das \u201cmarcas de Macau\u201d na feira alimentar da \u00c1sia \u2013 THAIFEX | Commerce and Investment Promotion Institute","robots":{"index":"index","follow":"follow","max-snippet":"max-snippet:-1","max-image-preview":"max-image-preview:large","max-video-preview":"max-video-preview:-1"},"canonical":"https:\/\/www.ipim.gov.mo\/pt-pt\/noticias-do-ipim\/2025-05-26-ipim-em-colaboracao-com-a-associacao-industrial-de-macau-organizara-a-participacao-de-empresas-de-macau-e-a-apresentacao-de-cerca-de-300-produtos-fabricados-em-macau-e\/","og_locale":"pt_PT","og_type":"article","og_title":"[2025\/05\/26] IPIM, em colabora\u00e7\u00e3o com a Associa\u00e7\u00e3o Industrial de Macau, organizar\u00e1 a participa\u00e7\u00e3o de empresas de Macau e a apresenta\u00e7\u00e3o de cerca de 300 produtos \u201cfabricados em Macau\u201d e das \u201cmarcas de Macau\u201d na feira alimentar da \u00c1sia \u2013 THAIFEX | Commerce and Investment Promotion Institute","og_description":"O Instituto de Promo&ccedil;&atilde;o do Com&eacute;rcio e do Investimento da Regi&atilde;o Administrativa Especial de Macau (doravante designado por \u201cIPIM\u201d), em colabora&ccedil;&atilde;o com a Associa&ccedil;&atilde;o Industrial [&hellip;]","og_url":"https:\/\/www.ipim.gov.mo\/pt-pt\/noticias-do-ipim\/2025-05-26-ipim-em-colaboracao-com-a-associacao-industrial-de-macau-organizara-a-participacao-de-empresas-de-macau-e-a-apresentacao-de-cerca-de-300-produtos-fabricados-em-macau-e\/","og_site_name":"Commerce and Investment Promotion Institute","article_published_time":"2025-05-26T04:00:00+00:00","article_modified_time":"2025-05-29T14:52:05+00:00","og_image":[{"width":320,"height":180,"url":"https:\/\/www.ipim.gov.mo\/wp-content\/uploads\/2025\/05\/N25EW779BH__t20250530122046.jpg","type":"image\/jpeg"}],"twitter_card":"summary_large_image","twitter_misc":{"Est. reading time":"3 minutes"},"schema":{"@context":"https:\/\/schema.org","@graph":[{"@type":"WebPage","@id":"https:\/\/www.ipim.gov.mo\/pt-pt\/noticias-do-ipim\/2025-05-26-ipim-em-colaboracao-com-a-associacao-industrial-de-macau-organizara-a-participacao-de-empresas-de-macau-e-a-apresentacao-de-cerca-de-300-produtos-fabricados-em-macau-e\/","url":"https:\/\/www.ipim.gov.mo\/pt-pt\/noticias-do-ipim\/2025-05-26-ipim-em-colaboracao-com-a-associacao-industrial-de-macau-organizara-a-participacao-de-empresas-de-macau-e-a-apresentacao-de-cerca-de-300-produtos-fabricados-em-macau-e\/","name":"[2025\/05\/26] IPIM, em colabora\u00e7\u00e3o com a Associa\u00e7\u00e3o Industrial de Macau, organizar\u00e1 a participa\u00e7\u00e3o de empresas de Macau e a apresenta\u00e7\u00e3o de cerca de 300 produtos \u201cfabricados em Macau\u201d e das \u201cmarcas de Macau\u201d na feira alimentar da \u00c1sia \u2013 THAIFEX | Commerce and Investment Promotion Institute","isPartOf":{"@id":"https:\/\/www.ipim.gov.mo\/zh-hans\/#website"},"primaryImageOfPage":{"@id":"https:\/\/www.ipim.gov.mo\/pt-pt\/noticias-do-ipim\/2025-05-26-ipim-em-colaboracao-com-a-associacao-industrial-de-macau-organizara-a-participacao-de-empresas-de-macau-e-a-apresentacao-de-cerca-de-300-produtos-fabricados-em-macau-e\/#primaryimage"},"image":{"@id":"https:\/\/www.ipim.gov.mo\/pt-pt\/noticias-do-ipim\/2025-05-26-ipim-em-colaboracao-com-a-associacao-industrial-de-macau-organizara-a-participacao-de-empresas-de-macau-e-a-apresentacao-de-cerca-de-300-produtos-fabricados-em-macau-e\/#primaryimage"},"thumbnailUrl":"https:\/\/www.ipim.gov.mo\/wp-content\/uploads\/2025\/05\/N25EW779BH__t20250530122046.jpg","datePublished":"2025-05-26T04:00:00+00:00","dateModified":"2025-05-29T14:52:05+00:00","breadcrumb":{"@id":"https:\/\/www.ipim.gov.mo\/pt-pt\/noticias-do-ipim\/2025-05-26-ipim-em-colaboracao-com-a-associacao-industrial-de-macau-organizara-a-participacao-de-empresas-de-macau-e-a-apresentacao-de-cerca-de-300-produtos-fabricados-em-macau-e\/#breadcrumb"},"inLanguage":"pt-PT","potentialAction":[{"@type":"ReadAction","target":["https:\/\/www.ipim.gov.mo\/pt-pt\/noticias-do-ipim\/2025-05-26-ipim-em-colaboracao-com-a-associacao-industrial-de-macau-organizara-a-participacao-de-empresas-de-macau-e-a-apresentacao-de-cerca-de-300-produtos-fabricados-em-macau-e\/"]}]},{"@type":"ImageObject","inLanguage":"pt-PT","@id":"https:\/\/www.ipim.gov.mo\/pt-pt\/noticias-do-ipim\/2025-05-26-ipim-em-colaboracao-com-a-associacao-industrial-de-macau-organizara-a-participacao-de-empresas-de-macau-e-a-apresentacao-de-cerca-de-300-produtos-fabricados-em-macau-e\/#primaryimage","url":"https:\/\/www.ipim.gov.mo\/wp-content\/uploads\/2025\/05\/N25EW779BH__t20250530122046.jpg","contentUrl":"https:\/\/www.ipim.gov.mo\/wp-content\/uploads\/2025\/05\/N25EW779BH__t20250530122046.jpg","width":320,"height":180},{"@type":"BreadcrumbList","@id":"https:\/\/www.ipim.gov.mo\/pt-pt\/noticias-do-ipim\/2025-05-26-ipim-em-colaboracao-com-a-associacao-industrial-de-macau-organizara-a-participacao-de-empresas-de-macau-e-a-apresentacao-de-cerca-de-300-produtos-fabricados-em-macau-e\/#breadcrumb","itemListElement":[{"@type":"ListItem","position":1,"name":"Home","item":"https:\/\/www.ipim.gov.mo\/pt-pt\/"},{"@type":"ListItem","position":2,"name":"[2025\/05\/26] IPIM, em colabora\u00e7\u00e3o com a Associa\u00e7\u00e3o Industrial de Macau, organizar\u00e1 a participa\u00e7\u00e3o de empresas de Macau e a apresenta\u00e7\u00e3o de cerca de 300 produtos \u201cfabricados em Macau\u201d e das \u201cmarcas de Macau\u201d na feira alimentar da \u00c1sia \u2013 THAIFEX"}]},{"@type":"WebSite","@id":"https:\/\/www.ipim.gov.mo\/zh-hans\/#website","url":"https:\/\/www.ipim.gov.mo\/zh-hans\/","name":"Commerce and Investment Promotion Institute","description":"Commerce and Investment Promotion Institute","publisher":{"@id":"https:\/\/www.ipim.gov.mo\/zh-hans\/#organization"},"potentialAction":[{"@type":"SearchAction","target":{"@type":"EntryPoint","urlTemplate":"https:\/\/www.ipim.gov.mo\/zh-hans\/?s={search_term_string}"},"query-input":{"@type":"PropertyValueSpecification","valueRequired":true,"valueName":"search_term_string"}}],"inLanguage":"pt-PT"},{"@type":"Organization","@id":"https:\/\/www.ipim.gov.mo\/zh-hans\/#organization","name":"IPIM","url":"https:\/\/www.ipim.gov.mo\/zh-hans\/","logo":{"@type":"ImageObject","inLanguage":"pt-PT","@id":"https:\/\/www.ipim.gov.mo\/zh-hans\/#\/schema\/logo\/image\/","url":"https:\/\/www.ipim.gov.mo\/wp-content\/uploads\/2022\/10\/default-post-thumbnail-ipim-logo.png","contentUrl":"https:\/\/www.ipim.gov.mo\/wp-content\/uploads\/2022\/10\/default-post-thumbnail-ipim-logo.png","width":1024,"height":768,"caption":"IPIM"},"image":{"@id":"https:\/\/www.ipim.gov.mo\/zh-hans\/#\/schema\/logo\/image\/"}}]}},"author_meta":{"display_name":"","author_link":"https:\/\/www.ipim.gov.mo\/pt-pt\/author\/"},"featured_img":"https:\/\/www.ipim.gov.mo\/wp-content\/uploads\/2025\/05\/N25EW779BH__t20250530122046-300x169.jpg","coauthors":[],"tax_additional":{"categories":{"linked":["<a href=\"https:\/\/www.ipim.gov.mo\/pt-pt\/category\/noticias-do-ipim\/\" class=\"advgb-post-tax-term\">Not\u00edcias do IPIM<\/a>"],"unlinked":["<span class=\"advgb-post-tax-term\">Not\u00edcias do IPIM<\/span>"]}},"comment_count":"0","relative_dates":{"created":"Posted 11 months ago","modified":"Updated 11 months ago"},"absolute_dates":{"created":"Posted on Maio 26, 2025","modified":"Updated on Maio 29, 2025"},"absolute_dates_time":{"created":"Posted on Maio 26, 2025 12:00 pm","modified":"Updated on Maio 29, 2025 10:52 pm"},"featured_img_caption":"","series_order":"","_links":{"self":[{"href":"https:\/\/www.ipim.gov.mo\/pt-pt\/wp-json\/wp\/v2\/posts\/491944","targetHints":{"allow":["GET"]}}],"collection":[{"href":"https:\/\/www.ipim.gov.mo\/pt-pt\/wp-json\/wp\/v2\/posts"}],"about":[{"href":"https:\/\/www.ipim.gov.mo\/pt-pt\/wp-json\/wp\/v2\/types\/post"}],"replies":[{"embeddable":true,"href":"https:\/\/www.ipim.gov.mo\/pt-pt\/wp-json\/wp\/v2\/comments?post=491944"}],"version-history":[{"count":1,"href":"https:\/\/www.ipim.gov.mo\/pt-pt\/wp-json\/wp\/v2\/posts\/491944\/revisions"}],"predecessor-version":[{"id":492089,"href":"https:\/\/www.ipim.gov.mo\/pt-pt\/wp-json\/wp\/v2\/posts\/491944\/revisions\/492089"}],"wp:featuredmedia":[{"embeddable":true,"href":"https:\/\/www.ipim.gov.mo\/pt-pt\/wp-json\/wp\/v2\/media\/492114"}],"wp:attachment":[{"href":"https:\/\/www.ipim.gov.mo\/pt-pt\/wp-json\/wp\/v2\/media?parent=491944"}],"wp:term":[{"taxonomy":"category","embeddable":true,"href":"https:\/\/www.ipim.gov.mo\/pt-pt\/wp-json\/wp\/v2\/categories?post=491944"},{"taxonomy":"post_tag","embeddable":true,"href":"https:\/\/www.ipim.gov.mo\/pt-pt\/wp-json\/wp\/v2\/tags?post=491944"}],"curies":[{"name":"wp","href":"https:\/\/api.w.org\/{rel}","templated":true}]}}