{"id":491809,"date":"2025-05-24T10:00:00","date_gmt":"2025-05-24T02:00:00","guid":{"rendered":"https:\/\/www.ipim.gov.mo\/noticias-do-ipim\/2025-05-24-serao-expostos-pela-primeira-vez-13-produtos-e-tecnologias-de-infra-estruturas-no-16-o-forum-e-exposicao-internacional-sobre-o-investimento-e-construcao-de-infra-estruturas-sendo-assinal\/"},"modified":"2025-05-24T10:00:00","modified_gmt":"2025-05-24T02:00:00","slug":"2025-05-24-serao-expostos-pela-primeira-vez-13-produtos-e-tecnologias-de-infra-estruturas-no-16-o-forum-e-exposicao-internacional-sobre-o-investimento-e-construcao-de-infra-estruturas-sendo-assinal","status":"publish","type":"post","link":"https:\/\/www.ipim.gov.mo\/pt-pt\/noticias-do-ipim\/2025-05-24-serao-expostos-pela-primeira-vez-13-produtos-e-tecnologias-de-infra-estruturas-no-16-o-forum-e-exposicao-internacional-sobre-o-investimento-e-construcao-de-infra-estruturas-sendo-assinal\/","title":{"rendered":"[2025\/05\/24] Ser\u00e3o expostos pela primeira vez 13 produtos e tecnologias de infra-estruturas no 16.\u00ba F\u00f3rum e Exposi\u00e7\u00e3o Internacional sobre o Investimento e Constru\u00e7\u00e3o de Infra-estruturas, sendo assinal\u00e1vel que as empresas participantes nas edi\u00e7\u00f5es anteriores elogiam os resultados frut\u00edferos"},"content":{"rendered":"<p style=\"text-align:justify\">O 16.&ordm; F&oacute;rum e Exposi&ccedil;&atilde;o Internacional sobre o Investimento e Constru&ccedil;&atilde;o de Infra-estruturas (IIICF, na sigla inglesa) integrar&aacute;, pela primeira vez, a cerim&oacute;nia de estreia de resultados inovadores, tendo j&aacute; recolhido um total de 13 projectos de estreia no contexto global e asi&aacute;tico, envolvidos em v&aacute;rios dom&iacute;nios, como a constru&ccedil;&atilde;o inteligente, a tecnologia de intelig&ecirc;ncia digital, os novos materiais, a protec&ccedil;&atilde;o ambiental e o baixo carbono. O evento ser&aacute; uma forma pr&aacute;tica de fazer corresponder a oferta e a procura de realiza&ccedil;&otilde;es inovadoras e uma forma de aproveitar as oportunidades decorrentes da \u201cEconomia de Estreia\u201d, visando aprofundar o efeito sin&eacute;rgico do f&oacute;rum e da exposi&ccedil;&atilde;o e expandir a efic&aacute;cia profissional do F&oacute;rum.<\/p>\n<p style=\"text-align:justify\"><strong>Mais de 80% das empresas relacionadas participaram no evento durante pelo menos tr&ecirc;s anos consecutivos, tendo alcan&ccedil;ado resultados not&aacute;veis<\/strong><\/p>\n<p style=\"text-align:justify\">Desde a expans&atilde;o da escala de exposi&ccedil;&atilde;o do IIICF, mais de 80% de empresas relacionadas participaram no evento durante pelo menos tr&ecirc;s anos consecutivos, o que destaca ainda mais o papel da plataforma.<\/p>\n<p style=\"text-align:justify\">Alguns expositores internacionais que participaram no evento afirmaram que o IIICF, que re&uacute;ne diversos decisores e empres&aacute;rios de topo de gama no sector de infra-estruturas a n&iacute;vel mundial, se tornou uma janela importante para as suas empresas mostrarem os seus pontos fortes e expandirem a coopera&ccedil;&atilde;o internacional. De igual modo, os participantes consideraram que este evento &eacute; diferente de outras exposi&ccedil;&otilde;es, na medida em que se centra na correspond&ecirc;ncia de pol&iacute;ticas internacionais e na incuba&ccedil;&atilde;o de projectos de grande escala. Um respons&aacute;vel de uma empresa cotada do sector da energia, empreiteiro-geral de obras, disse que o evento aponta uma direc&ccedil;&atilde;o para a sua empresa, a saber, expandir os seus neg&oacute;cios para os pa&iacute;ses ao longo da \u201cFaixa e Rota\u201d. Acrescentou ainda que participar&aacute; novamente no evento deste ano, com vista a explorar mais o mercado de Macau e de Hengqin e identificar mais projectos de coopera&ccedil;&atilde;o de alta qualidade e fonte de clientes. Por sua vez, alguns representantes das empresas de Macau, que participaram pela primeira vez no evento do ano anterior, afirmaram que alcan&ccedil;aram resultados frut&iacute;feros, tendo assinado com sucesso v&aacute;rios memorandos de entendimento sobre coopera&ccedil;&atilde;o, consistindo no lan&ccedil;amento de projectos de recursos h&iacute;dricos nos Pa&iacute;ses de L&iacute;ngua Portuguesa e na promo&ccedil;&atilde;o ordenada de projectos de constru&ccedil;&atilde;o de habita&ccedil;&atilde;o nos Pa&iacute;ses de L&iacute;ngua Portuguesa, de m&atilde;os dadas com empresas de constru&ccedil;&atilde;o na Grande Ba&iacute;a Guangdong\u2013Hong Kong\u2013Macau.<\/p>\n<p style=\"text-align:justify\"><strong>Quatro plataformas do IIICF promovem a coopera&ccedil;&atilde;o empresarial<\/strong><\/p>\n<p style=\"text-align:justify\">Co-organizado pelo Instituto de Promo&ccedil;&atilde;o do Com&eacute;rcio e do Investimento da Regi&atilde;o Administrativa Especial de Macau e pela Associa&ccedil;&atilde;o dos Construtores Civis Internacionais da China, o 16.&ordm; F&oacute;rum e Exposi&ccedil;&atilde;o Internacional sobre o Investimento e Constru&ccedil;&atilde;o de Infra-estruturas, ao abrigo do tema \u201cConectividade Aprimorada para Coopera&ccedil;&atilde;o Mutuamente Ben&eacute;fica\u201d, ter&aacute; lugar entre 10 e 12 de Junho (ter&ccedil;a a quinta-feira), na Cotai Expo do <em>Venetian Macao<\/em>. Durante os tr&ecirc;s dias do evento, ser&atilde;o instaladas \u201cquatro plataformas\u201d de interc&acirc;mbios, exposi&ccedil;&otilde;es, lan&ccedil;amentos oficiais e promo&ccedil;&atilde;o de neg&oacute;cios, destinadas aos representantes de empresas da Fortune 500, empresas nacionais, empresas l&iacute;deres da cadeia industrial e organiza&ccedil;&otilde;es internacionais, de modo a promover a coopera&ccedil;&atilde;o no &acirc;mbito de infra-estruturas entre a China e a comunidade internacional, at&eacute; um novo patamar.<\/p>\n<p style=\"text-align:justify\">Para mais informa&ccedil;&otilde;es, &eacute; favor visitar a p&aacute;gina electr&oacute;nica: http:\/\/www.iiicf.org\/.<\/p>\n","protected":false},"excerpt":{"rendered":"<p>O 16.&ordm; F&oacute;rum e Exposi&ccedil;&atilde;o Internacional sobre o Investimento e Constru&ccedil;&atilde;o de Infra-estruturas (IIICF, na sigla inglesa) integrar&aacute;, pela primeira vez, a cerim&oacute;nia de estreia [&hellip;]<\/p>\n","protected":false},"author":0,"featured_media":491810,"comment_status":"closed","ping_status":"closed","sticky":false,"template":"","format":"standard","meta":{"_acf_changed":false,"inline_featured_image":false,"advgb_blocks_editor_width":"","advgb_blocks_columns_visual_guide":"","footnotes":""},"categories":[12],"tags":[],"class_list":["post-491809","post","type-post","status-publish","format-standard","has-post-thumbnail","hentry","category-noticias-do-ipim"],"acf":[],"yoast_head":"<!-- This site is optimized with the Yoast SEO plugin v26.2 - https:\/\/yoast.com\/wordpress\/plugins\/seo\/ -->\r\n<title>[2025\/05\/24] Ser\u00e3o expostos pela primeira vez 13 produtos e tecnologias de infra-estruturas no 16.\u00ba F\u00f3rum e Exposi\u00e7\u00e3o Internacional sobre o Investimento e Constru\u00e7\u00e3o de Infra-estruturas, sendo assinal\u00e1vel que as empresas participantes nas edi\u00e7\u00f5es anteriores elogiam os resultados frut\u00edferos | Commerce and Investment Promotion Institute<\/title>\r\n<meta name=\"robots\" content=\"index, follow, max-snippet:-1, max-image-preview:large, max-video-preview:-1\" \/>\r\n<link rel=\"canonical\" href=\"https:\/\/www.ipim.gov.mo\/pt-pt\/noticias-do-ipim\/2025-05-24-serao-expostos-pela-primeira-vez-13-produtos-e-tecnologias-de-infra-estruturas-no-16-o-forum-e-exposicao-internacional-sobre-o-investimento-e-construcao-de-infra-estruturas-sendo-assinal\/\" \/>\r\n<meta property=\"og:locale\" content=\"pt_PT\" \/>\r\n<meta property=\"og:type\" content=\"article\" \/>\r\n<meta property=\"og:title\" content=\"[2025\/05\/24] Ser\u00e3o expostos pela primeira vez 13 produtos e tecnologias de infra-estruturas no 16.\u00ba F\u00f3rum e Exposi\u00e7\u00e3o Internacional sobre o Investimento e Constru\u00e7\u00e3o de Infra-estruturas, sendo assinal\u00e1vel que as empresas participantes nas edi\u00e7\u00f5es anteriores elogiam os resultados frut\u00edferos | Commerce and Investment Promotion Institute\" \/>\r\n<meta property=\"og:description\" content=\"O 16.&ordm; F&oacute;rum e Exposi&ccedil;&atilde;o Internacional sobre o Investimento e Constru&ccedil;&atilde;o de Infra-estruturas (IIICF, na sigla inglesa) integrar&aacute;, pela primeira vez, a cerim&oacute;nia de estreia [&hellip;]\" \/>\r\n<meta property=\"og:url\" content=\"https:\/\/www.ipim.gov.mo\/pt-pt\/noticias-do-ipim\/2025-05-24-serao-expostos-pela-primeira-vez-13-produtos-e-tecnologias-de-infra-estruturas-no-16-o-forum-e-exposicao-internacional-sobre-o-investimento-e-construcao-de-infra-estruturas-sendo-assinal\/\" \/>\r\n<meta property=\"og:site_name\" content=\"Commerce and Investment Promotion Institute\" \/>\r\n<meta property=\"article:published_time\" content=\"2025-05-24T02:00:00+00:00\" \/>\r\n<meta property=\"og:image\" content=\"https:\/\/www.ipim.gov.mo\/wp-content\/uploads\/2025\/05\/N25EWmUxVF__t20250523175553.jpg\" \/>\r\n\t<meta property=\"og:image:width\" content=\"320\" \/>\r\n\t<meta property=\"og:image:height\" content=\"180\" \/>\r\n\t<meta property=\"og:image:type\" content=\"image\/jpeg\" \/>\r\n<meta name=\"twitter:card\" content=\"summary_large_image\" \/>\r\n<meta name=\"twitter:label1\" content=\"Est. reading time\" \/>\n\t<meta name=\"twitter:data1\" content=\"4 minutes\" \/>\r\n<script type=\"application\/ld+json\" class=\"yoast-schema-graph\">{\"@context\":\"https:\/\/schema.org\",\"@graph\":[{\"@type\":\"WebPage\",\"@id\":\"https:\/\/www.ipim.gov.mo\/pt-pt\/noticias-do-ipim\/2025-05-24-serao-expostos-pela-primeira-vez-13-produtos-e-tecnologias-de-infra-estruturas-no-16-o-forum-e-exposicao-internacional-sobre-o-investimento-e-construcao-de-infra-estruturas-sendo-assinal\/\",\"url\":\"https:\/\/www.ipim.gov.mo\/pt-pt\/noticias-do-ipim\/2025-05-24-serao-expostos-pela-primeira-vez-13-produtos-e-tecnologias-de-infra-estruturas-no-16-o-forum-e-exposicao-internacional-sobre-o-investimento-e-construcao-de-infra-estruturas-sendo-assinal\/\",\"name\":\"[2025\/05\/24] Ser\u00e3o expostos pela primeira vez 13 produtos e tecnologias de infra-estruturas no 16.\u00ba F\u00f3rum e Exposi\u00e7\u00e3o Internacional sobre o Investimento e Constru\u00e7\u00e3o de Infra-estruturas, sendo assinal\u00e1vel que as empresas participantes nas edi\u00e7\u00f5es anteriores elogiam os resultados frut\u00edferos | Commerce and Investment Promotion Institute\",\"isPartOf\":{\"@id\":\"https:\/\/www.ipim.gov.mo\/zh-hans\/#website\"},\"primaryImageOfPage\":{\"@id\":\"https:\/\/www.ipim.gov.mo\/pt-pt\/noticias-do-ipim\/2025-05-24-serao-expostos-pela-primeira-vez-13-produtos-e-tecnologias-de-infra-estruturas-no-16-o-forum-e-exposicao-internacional-sobre-o-investimento-e-construcao-de-infra-estruturas-sendo-assinal\/#primaryimage\"},\"image\":{\"@id\":\"https:\/\/www.ipim.gov.mo\/pt-pt\/noticias-do-ipim\/2025-05-24-serao-expostos-pela-primeira-vez-13-produtos-e-tecnologias-de-infra-estruturas-no-16-o-forum-e-exposicao-internacional-sobre-o-investimento-e-construcao-de-infra-estruturas-sendo-assinal\/#primaryimage\"},\"thumbnailUrl\":\"https:\/\/www.ipim.gov.mo\/wp-content\/uploads\/2025\/05\/N25EWmUxVF__t20250523175553.jpg\",\"datePublished\":\"2025-05-24T02:00:00+00:00\",\"breadcrumb\":{\"@id\":\"https:\/\/www.ipim.gov.mo\/pt-pt\/noticias-do-ipim\/2025-05-24-serao-expostos-pela-primeira-vez-13-produtos-e-tecnologias-de-infra-estruturas-no-16-o-forum-e-exposicao-internacional-sobre-o-investimento-e-construcao-de-infra-estruturas-sendo-assinal\/#breadcrumb\"},\"inLanguage\":\"pt-PT\",\"potentialAction\":[{\"@type\":\"ReadAction\",\"target\":[\"https:\/\/www.ipim.gov.mo\/pt-pt\/noticias-do-ipim\/2025-05-24-serao-expostos-pela-primeira-vez-13-produtos-e-tecnologias-de-infra-estruturas-no-16-o-forum-e-exposicao-internacional-sobre-o-investimento-e-construcao-de-infra-estruturas-sendo-assinal\/\"]}]},{\"@type\":\"ImageObject\",\"inLanguage\":\"pt-PT\",\"@id\":\"https:\/\/www.ipim.gov.mo\/pt-pt\/noticias-do-ipim\/2025-05-24-serao-expostos-pela-primeira-vez-13-produtos-e-tecnologias-de-infra-estruturas-no-16-o-forum-e-exposicao-internacional-sobre-o-investimento-e-construcao-de-infra-estruturas-sendo-assinal\/#primaryimage\",\"url\":\"https:\/\/www.ipim.gov.mo\/wp-content\/uploads\/2025\/05\/N25EWmUxVF__t20250523175553.jpg\",\"contentUrl\":\"https:\/\/www.ipim.gov.mo\/wp-content\/uploads\/2025\/05\/N25EWmUxVF__t20250523175553.jpg\",\"width\":320,\"height\":180},{\"@type\":\"BreadcrumbList\",\"@id\":\"https:\/\/www.ipim.gov.mo\/pt-pt\/noticias-do-ipim\/2025-05-24-serao-expostos-pela-primeira-vez-13-produtos-e-tecnologias-de-infra-estruturas-no-16-o-forum-e-exposicao-internacional-sobre-o-investimento-e-construcao-de-infra-estruturas-sendo-assinal\/#breadcrumb\",\"itemListElement\":[{\"@type\":\"ListItem\",\"position\":1,\"name\":\"Home\",\"item\":\"https:\/\/www.ipim.gov.mo\/pt-pt\/\"},{\"@type\":\"ListItem\",\"position\":2,\"name\":\"[2025\/05\/24] Ser\u00e3o expostos pela primeira vez 13 produtos e tecnologias de infra-estruturas no 16.\u00ba F\u00f3rum e Exposi\u00e7\u00e3o Internacional sobre o Investimento e Constru\u00e7\u00e3o de Infra-estruturas, sendo assinal\u00e1vel que as empresas participantes nas edi\u00e7\u00f5es anteriores elogiam os resultados frut\u00edferos\"}]},{\"@type\":\"WebSite\",\"@id\":\"https:\/\/www.ipim.gov.mo\/zh-hans\/#website\",\"url\":\"https:\/\/www.ipim.gov.mo\/zh-hans\/\",\"name\":\"Commerce and Investment Promotion Institute\",\"description\":\"Commerce and Investment Promotion Institute\",\"publisher\":{\"@id\":\"https:\/\/www.ipim.gov.mo\/zh-hans\/#organization\"},\"potentialAction\":[{\"@type\":\"SearchAction\",\"target\":{\"@type\":\"EntryPoint\",\"urlTemplate\":\"https:\/\/www.ipim.gov.mo\/zh-hans\/?s={search_term_string}\"},\"query-input\":{\"@type\":\"PropertyValueSpecification\",\"valueRequired\":true,\"valueName\":\"search_term_string\"}}],\"inLanguage\":\"pt-PT\"},{\"@type\":\"Organization\",\"@id\":\"https:\/\/www.ipim.gov.mo\/zh-hans\/#organization\",\"name\":\"IPIM\",\"url\":\"https:\/\/www.ipim.gov.mo\/zh-hans\/\",\"logo\":{\"@type\":\"ImageObject\",\"inLanguage\":\"pt-PT\",\"@id\":\"https:\/\/www.ipim.gov.mo\/zh-hans\/#\/schema\/logo\/image\/\",\"url\":\"https:\/\/www.ipim.gov.mo\/wp-content\/uploads\/2022\/10\/default-post-thumbnail-ipim-logo.png\",\"contentUrl\":\"https:\/\/www.ipim.gov.mo\/wp-content\/uploads\/2022\/10\/default-post-thumbnail-ipim-logo.png\",\"width\":1024,\"height\":768,\"caption\":\"IPIM\"},\"image\":{\"@id\":\"https:\/\/www.ipim.gov.mo\/zh-hans\/#\/schema\/logo\/image\/\"}}]}<\/script>\r\n<!-- \/ Yoast SEO plugin. -->","yoast_head_json":{"title":"[2025\/05\/24] Ser\u00e3o expostos pela primeira vez 13 produtos e tecnologias de infra-estruturas no 16.\u00ba F\u00f3rum e Exposi\u00e7\u00e3o Internacional sobre o Investimento e Constru\u00e7\u00e3o de Infra-estruturas, sendo assinal\u00e1vel que as empresas participantes nas edi\u00e7\u00f5es anteriores elogiam os resultados frut\u00edferos | Commerce and Investment Promotion Institute","robots":{"index":"index","follow":"follow","max-snippet":"max-snippet:-1","max-image-preview":"max-image-preview:large","max-video-preview":"max-video-preview:-1"},"canonical":"https:\/\/www.ipim.gov.mo\/pt-pt\/noticias-do-ipim\/2025-05-24-serao-expostos-pela-primeira-vez-13-produtos-e-tecnologias-de-infra-estruturas-no-16-o-forum-e-exposicao-internacional-sobre-o-investimento-e-construcao-de-infra-estruturas-sendo-assinal\/","og_locale":"pt_PT","og_type":"article","og_title":"[2025\/05\/24] Ser\u00e3o expostos pela primeira vez 13 produtos e tecnologias de infra-estruturas no 16.\u00ba F\u00f3rum e Exposi\u00e7\u00e3o Internacional sobre o Investimento e Constru\u00e7\u00e3o de Infra-estruturas, sendo assinal\u00e1vel que as empresas participantes nas edi\u00e7\u00f5es anteriores elogiam os resultados frut\u00edferos | Commerce and Investment Promotion Institute","og_description":"O 16.&ordm; F&oacute;rum e Exposi&ccedil;&atilde;o Internacional sobre o Investimento e Constru&ccedil;&atilde;o de Infra-estruturas (IIICF, na sigla inglesa) integrar&aacute;, pela primeira vez, a cerim&oacute;nia de estreia [&hellip;]","og_url":"https:\/\/www.ipim.gov.mo\/pt-pt\/noticias-do-ipim\/2025-05-24-serao-expostos-pela-primeira-vez-13-produtos-e-tecnologias-de-infra-estruturas-no-16-o-forum-e-exposicao-internacional-sobre-o-investimento-e-construcao-de-infra-estruturas-sendo-assinal\/","og_site_name":"Commerce and Investment Promotion Institute","article_published_time":"2025-05-24T02:00:00+00:00","og_image":[{"width":320,"height":180,"url":"https:\/\/www.ipim.gov.mo\/wp-content\/uploads\/2025\/05\/N25EWmUxVF__t20250523175553.jpg","type":"image\/jpeg"}],"twitter_card":"summary_large_image","twitter_misc":{"Est. reading time":"4 minutes"},"schema":{"@context":"https:\/\/schema.org","@graph":[{"@type":"WebPage","@id":"https:\/\/www.ipim.gov.mo\/pt-pt\/noticias-do-ipim\/2025-05-24-serao-expostos-pela-primeira-vez-13-produtos-e-tecnologias-de-infra-estruturas-no-16-o-forum-e-exposicao-internacional-sobre-o-investimento-e-construcao-de-infra-estruturas-sendo-assinal\/","url":"https:\/\/www.ipim.gov.mo\/pt-pt\/noticias-do-ipim\/2025-05-24-serao-expostos-pela-primeira-vez-13-produtos-e-tecnologias-de-infra-estruturas-no-16-o-forum-e-exposicao-internacional-sobre-o-investimento-e-construcao-de-infra-estruturas-sendo-assinal\/","name":"[2025\/05\/24] Ser\u00e3o expostos pela primeira vez 13 produtos e tecnologias de infra-estruturas no 16.\u00ba F\u00f3rum e Exposi\u00e7\u00e3o Internacional sobre o Investimento e Constru\u00e7\u00e3o de Infra-estruturas, sendo assinal\u00e1vel que as empresas participantes nas edi\u00e7\u00f5es anteriores elogiam os resultados frut\u00edferos | Commerce and Investment Promotion Institute","isPartOf":{"@id":"https:\/\/www.ipim.gov.mo\/zh-hans\/#website"},"primaryImageOfPage":{"@id":"https:\/\/www.ipim.gov.mo\/pt-pt\/noticias-do-ipim\/2025-05-24-serao-expostos-pela-primeira-vez-13-produtos-e-tecnologias-de-infra-estruturas-no-16-o-forum-e-exposicao-internacional-sobre-o-investimento-e-construcao-de-infra-estruturas-sendo-assinal\/#primaryimage"},"image":{"@id":"https:\/\/www.ipim.gov.mo\/pt-pt\/noticias-do-ipim\/2025-05-24-serao-expostos-pela-primeira-vez-13-produtos-e-tecnologias-de-infra-estruturas-no-16-o-forum-e-exposicao-internacional-sobre-o-investimento-e-construcao-de-infra-estruturas-sendo-assinal\/#primaryimage"},"thumbnailUrl":"https:\/\/www.ipim.gov.mo\/wp-content\/uploads\/2025\/05\/N25EWmUxVF__t20250523175553.jpg","datePublished":"2025-05-24T02:00:00+00:00","breadcrumb":{"@id":"https:\/\/www.ipim.gov.mo\/pt-pt\/noticias-do-ipim\/2025-05-24-serao-expostos-pela-primeira-vez-13-produtos-e-tecnologias-de-infra-estruturas-no-16-o-forum-e-exposicao-internacional-sobre-o-investimento-e-construcao-de-infra-estruturas-sendo-assinal\/#breadcrumb"},"inLanguage":"pt-PT","potentialAction":[{"@type":"ReadAction","target":["https:\/\/www.ipim.gov.mo\/pt-pt\/noticias-do-ipim\/2025-05-24-serao-expostos-pela-primeira-vez-13-produtos-e-tecnologias-de-infra-estruturas-no-16-o-forum-e-exposicao-internacional-sobre-o-investimento-e-construcao-de-infra-estruturas-sendo-assinal\/"]}]},{"@type":"ImageObject","inLanguage":"pt-PT","@id":"https:\/\/www.ipim.gov.mo\/pt-pt\/noticias-do-ipim\/2025-05-24-serao-expostos-pela-primeira-vez-13-produtos-e-tecnologias-de-infra-estruturas-no-16-o-forum-e-exposicao-internacional-sobre-o-investimento-e-construcao-de-infra-estruturas-sendo-assinal\/#primaryimage","url":"https:\/\/www.ipim.gov.mo\/wp-content\/uploads\/2025\/05\/N25EWmUxVF__t20250523175553.jpg","contentUrl":"https:\/\/www.ipim.gov.mo\/wp-content\/uploads\/2025\/05\/N25EWmUxVF__t20250523175553.jpg","width":320,"height":180},{"@type":"BreadcrumbList","@id":"https:\/\/www.ipim.gov.mo\/pt-pt\/noticias-do-ipim\/2025-05-24-serao-expostos-pela-primeira-vez-13-produtos-e-tecnologias-de-infra-estruturas-no-16-o-forum-e-exposicao-internacional-sobre-o-investimento-e-construcao-de-infra-estruturas-sendo-assinal\/#breadcrumb","itemListElement":[{"@type":"ListItem","position":1,"name":"Home","item":"https:\/\/www.ipim.gov.mo\/pt-pt\/"},{"@type":"ListItem","position":2,"name":"[2025\/05\/24] Ser\u00e3o expostos pela primeira vez 13 produtos e tecnologias de infra-estruturas no 16.\u00ba F\u00f3rum e Exposi\u00e7\u00e3o Internacional sobre o Investimento e Constru\u00e7\u00e3o de Infra-estruturas, sendo assinal\u00e1vel que as empresas participantes nas edi\u00e7\u00f5es anteriores elogiam os resultados frut\u00edferos"}]},{"@type":"WebSite","@id":"https:\/\/www.ipim.gov.mo\/zh-hans\/#website","url":"https:\/\/www.ipim.gov.mo\/zh-hans\/","name":"Commerce and Investment Promotion Institute","description":"Commerce and Investment Promotion Institute","publisher":{"@id":"https:\/\/www.ipim.gov.mo\/zh-hans\/#organization"},"potentialAction":[{"@type":"SearchAction","target":{"@type":"EntryPoint","urlTemplate":"https:\/\/www.ipim.gov.mo\/zh-hans\/?s={search_term_string}"},"query-input":{"@type":"PropertyValueSpecification","valueRequired":true,"valueName":"search_term_string"}}],"inLanguage":"pt-PT"},{"@type":"Organization","@id":"https:\/\/www.ipim.gov.mo\/zh-hans\/#organization","name":"IPIM","url":"https:\/\/www.ipim.gov.mo\/zh-hans\/","logo":{"@type":"ImageObject","inLanguage":"pt-PT","@id":"https:\/\/www.ipim.gov.mo\/zh-hans\/#\/schema\/logo\/image\/","url":"https:\/\/www.ipim.gov.mo\/wp-content\/uploads\/2022\/10\/default-post-thumbnail-ipim-logo.png","contentUrl":"https:\/\/www.ipim.gov.mo\/wp-content\/uploads\/2022\/10\/default-post-thumbnail-ipim-logo.png","width":1024,"height":768,"caption":"IPIM"},"image":{"@id":"https:\/\/www.ipim.gov.mo\/zh-hans\/#\/schema\/logo\/image\/"}}]}},"author_meta":{"display_name":"","author_link":"https:\/\/www.ipim.gov.mo\/pt-pt\/author\/"},"featured_img":"https:\/\/www.ipim.gov.mo\/wp-content\/uploads\/2025\/05\/N25EWmUxVF__t20250523175553-300x169.jpg","coauthors":[],"tax_additional":{"categories":{"linked":["<a href=\"https:\/\/www.ipim.gov.mo\/pt-pt\/category\/noticias-do-ipim\/\" class=\"advgb-post-tax-term\">Not\u00edcias do IPIM<\/a>"],"unlinked":["<span class=\"advgb-post-tax-term\">Not\u00edcias do IPIM<\/span>"]}},"comment_count":"0","relative_dates":{"created":"Posted 11 months ago","modified":"Updated 11 months ago"},"absolute_dates":{"created":"Posted on Maio 24, 2025","modified":"Updated on Maio 24, 2025"},"absolute_dates_time":{"created":"Posted on Maio 24, 2025 10:00 am","modified":"Updated on Maio 24, 2025 10:00 am"},"featured_img_caption":"","series_order":"","_links":{"self":[{"href":"https:\/\/www.ipim.gov.mo\/pt-pt\/wp-json\/wp\/v2\/posts\/491809","targetHints":{"allow":["GET"]}}],"collection":[{"href":"https:\/\/www.ipim.gov.mo\/pt-pt\/wp-json\/wp\/v2\/posts"}],"about":[{"href":"https:\/\/www.ipim.gov.mo\/pt-pt\/wp-json\/wp\/v2\/types\/post"}],"replies":[{"embeddable":true,"href":"https:\/\/www.ipim.gov.mo\/pt-pt\/wp-json\/wp\/v2\/comments?post=491809"}],"version-history":[{"count":0,"href":"https:\/\/www.ipim.gov.mo\/pt-pt\/wp-json\/wp\/v2\/posts\/491809\/revisions"}],"wp:featuredmedia":[{"embeddable":true,"href":"https:\/\/www.ipim.gov.mo\/pt-pt\/wp-json\/wp\/v2\/media\/491810"}],"wp:attachment":[{"href":"https:\/\/www.ipim.gov.mo\/pt-pt\/wp-json\/wp\/v2\/media?parent=491809"}],"wp:term":[{"taxonomy":"category","embeddable":true,"href":"https:\/\/www.ipim.gov.mo\/pt-pt\/wp-json\/wp\/v2\/categories?post=491809"},{"taxonomy":"post_tag","embeddable":true,"href":"https:\/\/www.ipim.gov.mo\/pt-pt\/wp-json\/wp\/v2\/tags?post=491809"}],"curies":[{"name":"wp","href":"https:\/\/api.w.org\/{rel}","templated":true}]}}