{"id":490494,"date":"2025-05-02T12:01:00","date_gmt":"2025-05-02T04:01:00","guid":{"rendered":"https:\/\/www.ipim.gov.mo\/?p=490494"},"modified":"2025-05-02T17:52:05","modified_gmt":"2025-05-02T09:52:05","slug":"2025-05-02-ipim-organiza-a-participacao-de-empresas-de-macau-na-maior-feira-de-exportacao-de-produtos-alimentares-de-portugal-e-realiza-pela-primeira-vez-em-lisboa-o-roadshow-da-2-a-c-plpex","status":"publish","type":"post","link":"https:\/\/www.ipim.gov.mo\/pt-pt\/noticias-do-ipim\/2025-05-02-ipim-organiza-a-participacao-de-empresas-de-macau-na-maior-feira-de-exportacao-de-produtos-alimentares-de-portugal-e-realiza-pela-primeira-vez-em-lisboa-o-roadshow-da-2-a-c-plpex\/","title":{"rendered":"[2025\/05\/02] IPIM organiza a participa\u00e7\u00e3o de empresas de Macau na maior feira de exporta\u00e7\u00e3o de produtos alimentares de Portugal e realiza pela primeira vez em Lisboa o roadshow da 2.\u00aa C-PLPEX"},"content":{"rendered":"<p style=\"text-align:justify\">O Instituto de Promo&ccedil;&atilde;o do Com&eacute;rcio e do Investimento da RAEM (IPIM) organizou uma delega&ccedil;&atilde;o de 12 empres&aacute;rios de Macau para participar na \u201c4.&ordf; Feira de Exporta&ccedil;&atilde;o dos Sabores de Portugal\u201d (SAGALEXPO), e realizou tamb&eacute;m a sess&atilde;o de promo&ccedil;&atilde;o sobre o ambiente de neg&oacute;cios de Macau e o<em> roadshow<\/em> da \u201c2.&ordf; Exposi&ccedil;&atilde;o Econ&oacute;mica e Comercial China-Pa&iacute;ses de L&iacute;ngua Portuguesa (Macau) (2.&ordf; C-PLPEX)\u201d, que atraiu cerca de 80 representantes de associa&ccedil;&otilde;es comerciais e empresas locais. Esta viagem visa aproveitar ao m&aacute;ximo as vantagens &uacute;nicas da plataforma sino-lus&oacute;fona de Macau, empenhar-se na maximiza&ccedil;&atilde;o do papel de \u201cagente de contacto infal&iacute;vel\u201d no quadro da coopera&ccedil;&atilde;o entre a China e os pa&iacute;ses de l&iacute;ngua portuguesa (PLP), e em \u201catrair\u201d as empresas dos PLP para Macau, assim como \u201cexpandir-se para o exterior\u201d em conjunto com a ind&uacute;stria de Macau, impulsionando a coopera&ccedil;&atilde;o pr&aacute;tica e ben&eacute;fica m&uacute;tua entre as empresas chinesas e as dos PLP.<\/p>\n<p style=\"text-align:justify\">Algumas pequenas e m&eacute;dias empresas (PMEs) de Macau, atrav&eacute;s da organiza&ccedil;&atilde;o de bolsas de contacto do IPIM antes do evento, estabeleceram-se contactos precisos com mais de 10 empresas locais (de Portugal), alcan&ccedil;ando inten&ccedil;&otilde;es de coopera&ccedil;&atilde;o com 3 empresas durante a Feira, abrangendo produtos como bebidas, alimentos congelados e vinhos. Entre estes, uma marca de licor de ginja que &eacute; introduzida pela primeira vez em Macau, avan&ccedil;ando o objectivo de tornar Macau como o \u201clocal de estreia\u201d para produtos dos PLP no mercado da Grande Ba&iacute;a de Guangdong-Hong Kong-Macau, ajudando a enriquecer e a elevar o conte&uacute;do da plataforma sino-lus&oacute;fona. Al&eacute;m disso, algumas PMEs de Macau que participaram pela primeira vez expressaram que os resultados estavam de acordo com as suas expectativas, ampliando n&atilde;o apenas o seu \u201cc&iacute;rculo de amigos\u201d como tamb&eacute;m aprofundando a fun&ccedil;&atilde;o do Centro de Exposi&ccedil;&atilde;o dos Produtos Alimentares dos Pa&iacute;ses de L&iacute;ngua Portuguesa de Macau. Adicionalmente, as empresas portuguesas afirmaram estarem optimistas em rela&ccedil;&atilde;o &agrave;s perspectivas de desenvolvimento do mercado chin&ecirc;s e v&atilde;o aproveitar a oportunidade de participa&ccedil;&atilde;o na 2.&ordf; C-PLPEX para explorar as oportunidades de neg&oacute;cios.<\/p>\n<p style=\"text-align:justify\"><strong>Delega&ccedil;&atilde;o de empresas de Macau inclui representantes de associa&ccedil;&otilde;es comerciais e empresas envolvidas no com&eacute;rcio e processamento de produtos alimentares<\/strong><\/p>\n<p style=\"text-align:justify\">A 4.&ordf; SAGALEXPO, organizada pela Exposal&atilde;o S.A., decorreu de 28 a 30 de Abril na Feira Internacional de Lisboa, Portugal. Este ano, cerca de 400 empresas de produtos alimentares portuguesas participaram no evento, atraindo mais de 1.100 empresas compradoras internacionais, exibindo produtos como produtos agr&iacute;colas, alimentares e bebidas alco&oacute;licas, sendo a maior feira de exporta&ccedil;&atilde;o de produtos alimentares do pa&iacute;s.<\/p>\n<p style=\"text-align:justify\">A delega&ccedil;&atilde;o de empres&aacute;rios de Macau contou com 12 membros, incluindo representantes de associa&ccedil;&otilde;es comerciais e empresas dedicadas ao com&eacute;rcio e processamento de produtos alimentares, entre os quais, 4 empresas participaram pela primeira vez. Durante a estadia em Portugal, a delega&ccedil;&atilde;o teve a oportunidade de visitar a 4.&ordf; SAGALEXPO e de trocar ideias com os expositores presentes.<\/p>\n<p style=\"text-align:justify\"><strong>Cerca de 80 empres&aacute;rios portugueses participaram no <em>roadshow<\/em> da 2.&ordf; C-PLPEX<\/strong><\/p>\n<p style=\"text-align:justify\">Durante a sua visita a Portugal, o IPIM aproveitou a oportunidade para realizar a sess&atilde;o de promo&ccedil;&atilde;o sobre o ambiente de neg&oacute;cios de Macau e o <em>roadshow<\/em> da 2.&ordf; C-PLPEX na Delega&ccedil;&atilde;o Econ&oacute;mica e Comercial de Macau, em Lisboa, atraindo cerca de 80 empres&aacute;rios portugueses. Este evento &eacute; a terceira esta&ccedil;&atilde;o de actividade promocional nos PLP do IPIM, ap&oacute;s a realiza&ccedil;&atilde;o de <em>roadshow<\/em> da 2.&ordf; C-PLPEX em Angola e no Brasil.<\/p>\n<p style=\"text-align:justify\">O evento contou com representantes de associa&ccedil;&otilde;es comerciais e empresas locais dos sectores de novas energias, agricultura, alimentos e bebidas, servi&ccedil;os profissionais e economia azul, entre outros, proporcionando um espa&ccedil;o de interc&acirc;mbio entre as empresas de Macau e de Portugal. Ao mesmo tempo, foram promovidas as mais recentes vantagens de neg&oacute;cios de Macau e a 2.&ordf; C-PLPEX que ter&aacute; lugar de 22 a 25 de Outubro em Macau, a fim de atrair mais empresas dos PLP a tornarem-se investidores e expositores na Exposi&ccedil;&atilde;o em Macau, trabalhando em conjunto para tornar ainda mais brilhante o \u201ccart&atilde;o de visita dourado\u201d de Macau como metr&oacute;pole internacional e promovendo o desenvolvimento da diversifica&ccedil;&atilde;o adequada da economia.<\/p>\n","protected":false},"excerpt":{"rendered":"<p>O Instituto de Promo&ccedil;&atilde;o do Com&eacute;rcio e do Investimento da RAEM (IPIM) organizou uma delega&ccedil;&atilde;o de 12 empres&aacute;rios de Macau para participar na \u201c4.&ordf; Feira [&hellip;]<\/p>\n","protected":false},"author":0,"featured_media":490544,"comment_status":"closed","ping_status":"closed","sticky":false,"template":"","format":"standard","meta":{"_acf_changed":false,"inline_featured_image":false,"advgb_blocks_editor_width":"","advgb_blocks_columns_visual_guide":"","footnotes":""},"categories":[12],"tags":[],"class_list":["post-490494","post","type-post","status-publish","format-standard","has-post-thumbnail","hentry","category-noticias-do-ipim"],"acf":[],"yoast_head":"<!-- This site is optimized with the Yoast SEO plugin v26.2 - https:\/\/yoast.com\/wordpress\/plugins\/seo\/ -->\r\n<title>[2025\/05\/02] IPIM organiza a participa\u00e7\u00e3o de empresas de Macau na maior feira de exporta\u00e7\u00e3o de produtos alimentares de Portugal e realiza pela primeira vez em Lisboa o roadshow da 2.\u00aa C-PLPEX | Commerce and Investment Promotion Institute<\/title>\r\n<meta name=\"robots\" content=\"index, follow, max-snippet:-1, max-image-preview:large, max-video-preview:-1\" \/>\r\n<link rel=\"canonical\" href=\"https:\/\/www.ipim.gov.mo\/pt-pt\/noticias-do-ipim\/2025-05-02-ipim-organiza-a-participacao-de-empresas-de-macau-na-maior-feira-de-exportacao-de-produtos-alimentares-de-portugal-e-realiza-pela-primeira-vez-em-lisboa-o-roadshow-da-2-a-c-plpex\/\" \/>\r\n<meta property=\"og:locale\" content=\"pt_PT\" \/>\r\n<meta property=\"og:type\" content=\"article\" \/>\r\n<meta property=\"og:title\" content=\"[2025\/05\/02] IPIM organiza a participa\u00e7\u00e3o de empresas de Macau na maior feira de exporta\u00e7\u00e3o de produtos alimentares de Portugal e realiza pela primeira vez em Lisboa o roadshow da 2.\u00aa C-PLPEX | Commerce and Investment Promotion Institute\" \/>\r\n<meta property=\"og:description\" content=\"O Instituto de Promo&ccedil;&atilde;o do Com&eacute;rcio e do Investimento da RAEM (IPIM) organizou uma delega&ccedil;&atilde;o de 12 empres&aacute;rios de Macau para participar na \u201c4.&ordf; Feira [&hellip;]\" \/>\r\n<meta property=\"og:url\" content=\"https:\/\/www.ipim.gov.mo\/pt-pt\/noticias-do-ipim\/2025-05-02-ipim-organiza-a-participacao-de-empresas-de-macau-na-maior-feira-de-exportacao-de-produtos-alimentares-de-portugal-e-realiza-pela-primeira-vez-em-lisboa-o-roadshow-da-2-a-c-plpex\/\" \/>\r\n<meta property=\"og:site_name\" content=\"Commerce and Investment Promotion Institute\" \/>\r\n<meta property=\"article:published_time\" content=\"2025-05-02T04:01:00+00:00\" \/>\r\n<meta property=\"article:modified_time\" content=\"2025-05-02T09:52:05+00:00\" \/>\r\n<meta property=\"og:image\" content=\"https:\/\/www.ipim.gov.mo\/wp-content\/uploads\/2025\/05\/N25EBI5WI3__t20250502200026.jpg\" \/>\r\n\t<meta property=\"og:image:width\" content=\"320\" \/>\r\n\t<meta property=\"og:image:height\" content=\"180\" \/>\r\n\t<meta property=\"og:image:type\" content=\"image\/jpeg\" \/>\r\n<meta name=\"twitter:card\" content=\"summary_large_image\" \/>\r\n<meta name=\"twitter:label1\" content=\"Est. reading time\" \/>\n\t<meta name=\"twitter:data1\" content=\"4 minutes\" \/>\r\n<script type=\"application\/ld+json\" class=\"yoast-schema-graph\">{\"@context\":\"https:\/\/schema.org\",\"@graph\":[{\"@type\":\"WebPage\",\"@id\":\"https:\/\/www.ipim.gov.mo\/pt-pt\/noticias-do-ipim\/2025-05-02-ipim-organiza-a-participacao-de-empresas-de-macau-na-maior-feira-de-exportacao-de-produtos-alimentares-de-portugal-e-realiza-pela-primeira-vez-em-lisboa-o-roadshow-da-2-a-c-plpex\/\",\"url\":\"https:\/\/www.ipim.gov.mo\/pt-pt\/noticias-do-ipim\/2025-05-02-ipim-organiza-a-participacao-de-empresas-de-macau-na-maior-feira-de-exportacao-de-produtos-alimentares-de-portugal-e-realiza-pela-primeira-vez-em-lisboa-o-roadshow-da-2-a-c-plpex\/\",\"name\":\"[2025\/05\/02] IPIM organiza a participa\u00e7\u00e3o de empresas de Macau na maior feira de exporta\u00e7\u00e3o de produtos alimentares de Portugal e realiza pela primeira vez em Lisboa o roadshow da 2.\u00aa C-PLPEX | Commerce and Investment Promotion Institute\",\"isPartOf\":{\"@id\":\"https:\/\/www.ipim.gov.mo\/zh-hans\/#website\"},\"primaryImageOfPage\":{\"@id\":\"https:\/\/www.ipim.gov.mo\/pt-pt\/noticias-do-ipim\/2025-05-02-ipim-organiza-a-participacao-de-empresas-de-macau-na-maior-feira-de-exportacao-de-produtos-alimentares-de-portugal-e-realiza-pela-primeira-vez-em-lisboa-o-roadshow-da-2-a-c-plpex\/#primaryimage\"},\"image\":{\"@id\":\"https:\/\/www.ipim.gov.mo\/pt-pt\/noticias-do-ipim\/2025-05-02-ipim-organiza-a-participacao-de-empresas-de-macau-na-maior-feira-de-exportacao-de-produtos-alimentares-de-portugal-e-realiza-pela-primeira-vez-em-lisboa-o-roadshow-da-2-a-c-plpex\/#primaryimage\"},\"thumbnailUrl\":\"https:\/\/www.ipim.gov.mo\/wp-content\/uploads\/2025\/05\/N25EBI5WI3__t20250502200026.jpg\",\"datePublished\":\"2025-05-02T04:01:00+00:00\",\"dateModified\":\"2025-05-02T09:52:05+00:00\",\"breadcrumb\":{\"@id\":\"https:\/\/www.ipim.gov.mo\/pt-pt\/noticias-do-ipim\/2025-05-02-ipim-organiza-a-participacao-de-empresas-de-macau-na-maior-feira-de-exportacao-de-produtos-alimentares-de-portugal-e-realiza-pela-primeira-vez-em-lisboa-o-roadshow-da-2-a-c-plpex\/#breadcrumb\"},\"inLanguage\":\"pt-PT\",\"potentialAction\":[{\"@type\":\"ReadAction\",\"target\":[\"https:\/\/www.ipim.gov.mo\/pt-pt\/noticias-do-ipim\/2025-05-02-ipim-organiza-a-participacao-de-empresas-de-macau-na-maior-feira-de-exportacao-de-produtos-alimentares-de-portugal-e-realiza-pela-primeira-vez-em-lisboa-o-roadshow-da-2-a-c-plpex\/\"]}]},{\"@type\":\"ImageObject\",\"inLanguage\":\"pt-PT\",\"@id\":\"https:\/\/www.ipim.gov.mo\/pt-pt\/noticias-do-ipim\/2025-05-02-ipim-organiza-a-participacao-de-empresas-de-macau-na-maior-feira-de-exportacao-de-produtos-alimentares-de-portugal-e-realiza-pela-primeira-vez-em-lisboa-o-roadshow-da-2-a-c-plpex\/#primaryimage\",\"url\":\"https:\/\/www.ipim.gov.mo\/wp-content\/uploads\/2025\/05\/N25EBI5WI3__t20250502200026.jpg\",\"contentUrl\":\"https:\/\/www.ipim.gov.mo\/wp-content\/uploads\/2025\/05\/N25EBI5WI3__t20250502200026.jpg\",\"width\":320,\"height\":180},{\"@type\":\"BreadcrumbList\",\"@id\":\"https:\/\/www.ipim.gov.mo\/pt-pt\/noticias-do-ipim\/2025-05-02-ipim-organiza-a-participacao-de-empresas-de-macau-na-maior-feira-de-exportacao-de-produtos-alimentares-de-portugal-e-realiza-pela-primeira-vez-em-lisboa-o-roadshow-da-2-a-c-plpex\/#breadcrumb\",\"itemListElement\":[{\"@type\":\"ListItem\",\"position\":1,\"name\":\"Home\",\"item\":\"https:\/\/www.ipim.gov.mo\/pt-pt\/\"},{\"@type\":\"ListItem\",\"position\":2,\"name\":\"[2025\/05\/02] IPIM organiza a participa\u00e7\u00e3o de empresas de Macau na maior feira de exporta\u00e7\u00e3o de produtos alimentares de Portugal e realiza pela primeira vez em Lisboa o roadshow da 2.\u00aa C-PLPEX\"}]},{\"@type\":\"WebSite\",\"@id\":\"https:\/\/www.ipim.gov.mo\/zh-hans\/#website\",\"url\":\"https:\/\/www.ipim.gov.mo\/zh-hans\/\",\"name\":\"Commerce and Investment Promotion Institute\",\"description\":\"Commerce and Investment Promotion Institute\",\"publisher\":{\"@id\":\"https:\/\/www.ipim.gov.mo\/zh-hans\/#organization\"},\"potentialAction\":[{\"@type\":\"SearchAction\",\"target\":{\"@type\":\"EntryPoint\",\"urlTemplate\":\"https:\/\/www.ipim.gov.mo\/zh-hans\/?s={search_term_string}\"},\"query-input\":{\"@type\":\"PropertyValueSpecification\",\"valueRequired\":true,\"valueName\":\"search_term_string\"}}],\"inLanguage\":\"pt-PT\"},{\"@type\":\"Organization\",\"@id\":\"https:\/\/www.ipim.gov.mo\/zh-hans\/#organization\",\"name\":\"IPIM\",\"url\":\"https:\/\/www.ipim.gov.mo\/zh-hans\/\",\"logo\":{\"@type\":\"ImageObject\",\"inLanguage\":\"pt-PT\",\"@id\":\"https:\/\/www.ipim.gov.mo\/zh-hans\/#\/schema\/logo\/image\/\",\"url\":\"https:\/\/www.ipim.gov.mo\/wp-content\/uploads\/2022\/10\/default-post-thumbnail-ipim-logo.png\",\"contentUrl\":\"https:\/\/www.ipim.gov.mo\/wp-content\/uploads\/2022\/10\/default-post-thumbnail-ipim-logo.png\",\"width\":1024,\"height\":768,\"caption\":\"IPIM\"},\"image\":{\"@id\":\"https:\/\/www.ipim.gov.mo\/zh-hans\/#\/schema\/logo\/image\/\"}}]}<\/script>\r\n<!-- \/ Yoast SEO plugin. -->","yoast_head_json":{"title":"[2025\/05\/02] IPIM organiza a participa\u00e7\u00e3o de empresas de Macau na maior feira de exporta\u00e7\u00e3o de produtos alimentares de Portugal e realiza pela primeira vez em Lisboa o roadshow da 2.\u00aa C-PLPEX | Commerce and Investment Promotion Institute","robots":{"index":"index","follow":"follow","max-snippet":"max-snippet:-1","max-image-preview":"max-image-preview:large","max-video-preview":"max-video-preview:-1"},"canonical":"https:\/\/www.ipim.gov.mo\/pt-pt\/noticias-do-ipim\/2025-05-02-ipim-organiza-a-participacao-de-empresas-de-macau-na-maior-feira-de-exportacao-de-produtos-alimentares-de-portugal-e-realiza-pela-primeira-vez-em-lisboa-o-roadshow-da-2-a-c-plpex\/","og_locale":"pt_PT","og_type":"article","og_title":"[2025\/05\/02] IPIM organiza a participa\u00e7\u00e3o de empresas de Macau na maior feira de exporta\u00e7\u00e3o de produtos alimentares de Portugal e realiza pela primeira vez em Lisboa o roadshow da 2.\u00aa C-PLPEX | Commerce and Investment Promotion Institute","og_description":"O Instituto de Promo&ccedil;&atilde;o do Com&eacute;rcio e do Investimento da RAEM (IPIM) organizou uma delega&ccedil;&atilde;o de 12 empres&aacute;rios de Macau para participar na \u201c4.&ordf; Feira [&hellip;]","og_url":"https:\/\/www.ipim.gov.mo\/pt-pt\/noticias-do-ipim\/2025-05-02-ipim-organiza-a-participacao-de-empresas-de-macau-na-maior-feira-de-exportacao-de-produtos-alimentares-de-portugal-e-realiza-pela-primeira-vez-em-lisboa-o-roadshow-da-2-a-c-plpex\/","og_site_name":"Commerce and Investment Promotion Institute","article_published_time":"2025-05-02T04:01:00+00:00","article_modified_time":"2025-05-02T09:52:05+00:00","og_image":[{"width":320,"height":180,"url":"https:\/\/www.ipim.gov.mo\/wp-content\/uploads\/2025\/05\/N25EBI5WI3__t20250502200026.jpg","type":"image\/jpeg"}],"twitter_card":"summary_large_image","twitter_misc":{"Est. reading time":"4 minutes"},"schema":{"@context":"https:\/\/schema.org","@graph":[{"@type":"WebPage","@id":"https:\/\/www.ipim.gov.mo\/pt-pt\/noticias-do-ipim\/2025-05-02-ipim-organiza-a-participacao-de-empresas-de-macau-na-maior-feira-de-exportacao-de-produtos-alimentares-de-portugal-e-realiza-pela-primeira-vez-em-lisboa-o-roadshow-da-2-a-c-plpex\/","url":"https:\/\/www.ipim.gov.mo\/pt-pt\/noticias-do-ipim\/2025-05-02-ipim-organiza-a-participacao-de-empresas-de-macau-na-maior-feira-de-exportacao-de-produtos-alimentares-de-portugal-e-realiza-pela-primeira-vez-em-lisboa-o-roadshow-da-2-a-c-plpex\/","name":"[2025\/05\/02] IPIM organiza a participa\u00e7\u00e3o de empresas de Macau na maior feira de exporta\u00e7\u00e3o de produtos alimentares de Portugal e realiza pela primeira vez em Lisboa o roadshow da 2.\u00aa C-PLPEX | Commerce and Investment Promotion Institute","isPartOf":{"@id":"https:\/\/www.ipim.gov.mo\/zh-hans\/#website"},"primaryImageOfPage":{"@id":"https:\/\/www.ipim.gov.mo\/pt-pt\/noticias-do-ipim\/2025-05-02-ipim-organiza-a-participacao-de-empresas-de-macau-na-maior-feira-de-exportacao-de-produtos-alimentares-de-portugal-e-realiza-pela-primeira-vez-em-lisboa-o-roadshow-da-2-a-c-plpex\/#primaryimage"},"image":{"@id":"https:\/\/www.ipim.gov.mo\/pt-pt\/noticias-do-ipim\/2025-05-02-ipim-organiza-a-participacao-de-empresas-de-macau-na-maior-feira-de-exportacao-de-produtos-alimentares-de-portugal-e-realiza-pela-primeira-vez-em-lisboa-o-roadshow-da-2-a-c-plpex\/#primaryimage"},"thumbnailUrl":"https:\/\/www.ipim.gov.mo\/wp-content\/uploads\/2025\/05\/N25EBI5WI3__t20250502200026.jpg","datePublished":"2025-05-02T04:01:00+00:00","dateModified":"2025-05-02T09:52:05+00:00","breadcrumb":{"@id":"https:\/\/www.ipim.gov.mo\/pt-pt\/noticias-do-ipim\/2025-05-02-ipim-organiza-a-participacao-de-empresas-de-macau-na-maior-feira-de-exportacao-de-produtos-alimentares-de-portugal-e-realiza-pela-primeira-vez-em-lisboa-o-roadshow-da-2-a-c-plpex\/#breadcrumb"},"inLanguage":"pt-PT","potentialAction":[{"@type":"ReadAction","target":["https:\/\/www.ipim.gov.mo\/pt-pt\/noticias-do-ipim\/2025-05-02-ipim-organiza-a-participacao-de-empresas-de-macau-na-maior-feira-de-exportacao-de-produtos-alimentares-de-portugal-e-realiza-pela-primeira-vez-em-lisboa-o-roadshow-da-2-a-c-plpex\/"]}]},{"@type":"ImageObject","inLanguage":"pt-PT","@id":"https:\/\/www.ipim.gov.mo\/pt-pt\/noticias-do-ipim\/2025-05-02-ipim-organiza-a-participacao-de-empresas-de-macau-na-maior-feira-de-exportacao-de-produtos-alimentares-de-portugal-e-realiza-pela-primeira-vez-em-lisboa-o-roadshow-da-2-a-c-plpex\/#primaryimage","url":"https:\/\/www.ipim.gov.mo\/wp-content\/uploads\/2025\/05\/N25EBI5WI3__t20250502200026.jpg","contentUrl":"https:\/\/www.ipim.gov.mo\/wp-content\/uploads\/2025\/05\/N25EBI5WI3__t20250502200026.jpg","width":320,"height":180},{"@type":"BreadcrumbList","@id":"https:\/\/www.ipim.gov.mo\/pt-pt\/noticias-do-ipim\/2025-05-02-ipim-organiza-a-participacao-de-empresas-de-macau-na-maior-feira-de-exportacao-de-produtos-alimentares-de-portugal-e-realiza-pela-primeira-vez-em-lisboa-o-roadshow-da-2-a-c-plpex\/#breadcrumb","itemListElement":[{"@type":"ListItem","position":1,"name":"Home","item":"https:\/\/www.ipim.gov.mo\/pt-pt\/"},{"@type":"ListItem","position":2,"name":"[2025\/05\/02] IPIM organiza a participa\u00e7\u00e3o de empresas de Macau na maior feira de exporta\u00e7\u00e3o de produtos alimentares de Portugal e realiza pela primeira vez em Lisboa o roadshow da 2.\u00aa C-PLPEX"}]},{"@type":"WebSite","@id":"https:\/\/www.ipim.gov.mo\/zh-hans\/#website","url":"https:\/\/www.ipim.gov.mo\/zh-hans\/","name":"Commerce and Investment Promotion Institute","description":"Commerce and Investment Promotion Institute","publisher":{"@id":"https:\/\/www.ipim.gov.mo\/zh-hans\/#organization"},"potentialAction":[{"@type":"SearchAction","target":{"@type":"EntryPoint","urlTemplate":"https:\/\/www.ipim.gov.mo\/zh-hans\/?s={search_term_string}"},"query-input":{"@type":"PropertyValueSpecification","valueRequired":true,"valueName":"search_term_string"}}],"inLanguage":"pt-PT"},{"@type":"Organization","@id":"https:\/\/www.ipim.gov.mo\/zh-hans\/#organization","name":"IPIM","url":"https:\/\/www.ipim.gov.mo\/zh-hans\/","logo":{"@type":"ImageObject","inLanguage":"pt-PT","@id":"https:\/\/www.ipim.gov.mo\/zh-hans\/#\/schema\/logo\/image\/","url":"https:\/\/www.ipim.gov.mo\/wp-content\/uploads\/2022\/10\/default-post-thumbnail-ipim-logo.png","contentUrl":"https:\/\/www.ipim.gov.mo\/wp-content\/uploads\/2022\/10\/default-post-thumbnail-ipim-logo.png","width":1024,"height":768,"caption":"IPIM"},"image":{"@id":"https:\/\/www.ipim.gov.mo\/zh-hans\/#\/schema\/logo\/image\/"}}]}},"author_meta":{"display_name":"","author_link":"https:\/\/www.ipim.gov.mo\/pt-pt\/author\/"},"featured_img":"https:\/\/www.ipim.gov.mo\/wp-content\/uploads\/2025\/05\/N25EBI5WI3__t20250502200026-300x169.jpg","coauthors":[],"tax_additional":{"categories":{"linked":["<a href=\"https:\/\/www.ipim.gov.mo\/pt-pt\/category\/noticias-do-ipim\/\" class=\"advgb-post-tax-term\">Not\u00edcias do IPIM<\/a>"],"unlinked":["<span class=\"advgb-post-tax-term\">Not\u00edcias do IPIM<\/span>"]}},"comment_count":"0","relative_dates":{"created":"Posted 12 months ago","modified":"Updated 12 months ago"},"absolute_dates":{"created":"Posted on Maio 2, 2025","modified":"Updated on Maio 2, 2025"},"absolute_dates_time":{"created":"Posted on Maio 2, 2025 12:01 pm","modified":"Updated on Maio 2, 2025 5:52 pm"},"featured_img_caption":"","series_order":"","_links":{"self":[{"href":"https:\/\/www.ipim.gov.mo\/pt-pt\/wp-json\/wp\/v2\/posts\/490494","targetHints":{"allow":["GET"]}}],"collection":[{"href":"https:\/\/www.ipim.gov.mo\/pt-pt\/wp-json\/wp\/v2\/posts"}],"about":[{"href":"https:\/\/www.ipim.gov.mo\/pt-pt\/wp-json\/wp\/v2\/types\/post"}],"replies":[{"embeddable":true,"href":"https:\/\/www.ipim.gov.mo\/pt-pt\/wp-json\/wp\/v2\/comments?post=490494"}],"version-history":[{"count":1,"href":"https:\/\/www.ipim.gov.mo\/pt-pt\/wp-json\/wp\/v2\/posts\/490494\/revisions"}],"predecessor-version":[{"id":490538,"href":"https:\/\/www.ipim.gov.mo\/pt-pt\/wp-json\/wp\/v2\/posts\/490494\/revisions\/490538"}],"wp:featuredmedia":[{"embeddable":true,"href":"https:\/\/www.ipim.gov.mo\/pt-pt\/wp-json\/wp\/v2\/media\/490544"}],"wp:attachment":[{"href":"https:\/\/www.ipim.gov.mo\/pt-pt\/wp-json\/wp\/v2\/media?parent=490494"}],"wp:term":[{"taxonomy":"category","embeddable":true,"href":"https:\/\/www.ipim.gov.mo\/pt-pt\/wp-json\/wp\/v2\/categories?post=490494"},{"taxonomy":"post_tag","embeddable":true,"href":"https:\/\/www.ipim.gov.mo\/pt-pt\/wp-json\/wp\/v2\/tags?post=490494"}],"curies":[{"name":"wp","href":"https:\/\/api.w.org\/{rel}","templated":true}]}}