{"id":489722,"date":"2025-04-24T11:00:00","date_gmt":"2025-04-24T03:00:00","guid":{"rendered":"https:\/\/www.ipim.gov.mo\/noticias-do-ipim\/2025-04-24-mudanca-da-divisao-dos-assuntos-juridicos-do-ipim-para-o-complexo-da-plataforma-sino-lusofona-a-partir-do-dia-28-de-abril\/"},"modified":"2025-04-24T11:00:00","modified_gmt":"2025-04-24T03:00:00","slug":"2025-04-24-mudanca-da-divisao-dos-assuntos-juridicos-do-ipim-para-o-complexo-da-plataforma-sino-lusofona-a-partir-do-dia-28-de-abril","status":"publish","type":"post","link":"https:\/\/www.ipim.gov.mo\/pt-pt\/noticias-do-ipim\/2025-04-24-mudanca-da-divisao-dos-assuntos-juridicos-do-ipim-para-o-complexo-da-plataforma-sino-lusofona-a-partir-do-dia-28-de-abril\/","title":{"rendered":"[2025\/04\/24] Mudan\u00e7a da Divis\u00e3o dos Assuntos Jur\u00eddicos do IPIM para o Complexo da Plataforma Sino-Lus\u00f3fona a partir do dia 28 de Abril"},"content":{"rendered":"<p style=\"text-align:justify\">A Divis&atilde;o dos Assuntos Jur&iacute;dicos do Instituto de Promo&ccedil;&atilde;o do Com&eacute;rcio e do Investimento (IPIM) ir&aacute; funcionar, a partir do dia 28 de Abril de 2025, na Rua Sul de Entre Lagos, Complexo da Plataforma de Servi&ccedil;os para a Coopera&ccedil;&atilde;o Comercial entre a China e os Pa&iacute;ses de L&iacute;ngua Portuguesa, Edif&iacute;cio de escrit&oacute;rio, 1.&ordm; andar, Macau. A partir do dia 28, o p&uacute;blico poder&aacute; dirigir-se &agrave;s novas instala&ccedil;&otilde;es acima referidas (Complexo da Plataforma Sino-Lus&oacute;fona) para proceder ao pedido de autoriza&ccedil;&atilde;o de resid&ecirc;ncia tempor&aacute;ria, ficando encerrado no mesmo dia o actual local de funcionamento no Edif&iacute;cio The Carat, sito na Avenida do Governador Jaime Silv&eacute;rio Marques.<\/p>\n<p style=\"text-align:justify\">Os n&uacute;meros de telefone e de fax e o <em>email<\/em> desta Divis&atilde;o mant&ecirc;m-se inalterados, como indicados a seguir:<\/p>\n<p style=\"text-align:justify\">Telefone: (853) 2871 2055<\/p>\n<p style=\"text-align:justify\">Fax: (853) 2871 3950<\/p>\n<p style=\"text-align:justify\"><em>Email<\/em>: aj@ipim.gov.mo<\/p>\n<p style=\"text-align:justify\">Para quaisquer esclarecimentos, queira contactar connosco atrav&eacute;s de telefone.<\/p>\n","protected":false},"excerpt":{"rendered":"<p>A Divis&atilde;o dos Assuntos Jur&iacute;dicos do Instituto de Promo&ccedil;&atilde;o do Com&eacute;rcio e do Investimento (IPIM) ir&aacute; funcionar, a partir do dia 28 de Abril de [&hellip;]<\/p>\n","protected":false},"author":0,"featured_media":489833,"comment_status":"closed","ping_status":"closed","sticky":false,"template":"","format":"standard","meta":{"_acf_changed":false,"inline_featured_image":false,"advgb_blocks_editor_width":"","advgb_blocks_columns_visual_guide":"","footnotes":""},"categories":[12],"tags":[],"class_list":["post-489722","post","type-post","status-publish","format-standard","has-post-thumbnail","hentry","category-noticias-do-ipim"],"acf":[],"yoast_head":"<!-- This site is optimized with the Yoast SEO plugin v26.2 - https:\/\/yoast.com\/wordpress\/plugins\/seo\/ -->\r\n<title>[2025\/04\/24] Mudan\u00e7a da Divis\u00e3o dos Assuntos Jur\u00eddicos do IPIM para o Complexo da Plataforma Sino-Lus\u00f3fona a partir do dia 28 de Abril | Commerce and Investment Promotion Institute<\/title>\r\n<meta name=\"robots\" content=\"index, follow, max-snippet:-1, max-image-preview:large, max-video-preview:-1\" \/>\r\n<link rel=\"canonical\" href=\"https:\/\/www.ipim.gov.mo\/pt-pt\/noticias-do-ipim\/2025-04-24-mudanca-da-divisao-dos-assuntos-juridicos-do-ipim-para-o-complexo-da-plataforma-sino-lusofona-a-partir-do-dia-28-de-abril\/\" \/>\r\n<meta property=\"og:locale\" content=\"pt_PT\" \/>\r\n<meta property=\"og:type\" content=\"article\" \/>\r\n<meta property=\"og:title\" content=\"[2025\/04\/24] Mudan\u00e7a da Divis\u00e3o dos Assuntos Jur\u00eddicos do IPIM para o Complexo da Plataforma Sino-Lus\u00f3fona a partir do dia 28 de Abril | Commerce and Investment Promotion Institute\" \/>\r\n<meta property=\"og:description\" content=\"A Divis&atilde;o dos Assuntos Jur&iacute;dicos do Instituto de Promo&ccedil;&atilde;o do Com&eacute;rcio e do Investimento (IPIM) ir&aacute; funcionar, a partir do dia 28 de Abril de [&hellip;]\" \/>\r\n<meta property=\"og:url\" content=\"https:\/\/www.ipim.gov.mo\/pt-pt\/noticias-do-ipim\/2025-04-24-mudanca-da-divisao-dos-assuntos-juridicos-do-ipim-para-o-complexo-da-plataforma-sino-lusofona-a-partir-do-dia-28-de-abril\/\" \/>\r\n<meta property=\"og:site_name\" content=\"Commerce and Investment Promotion Institute\" \/>\r\n<meta property=\"article:published_time\" content=\"2025-04-24T03:00:00+00:00\" \/>\r\n<meta property=\"og:image\" content=\"https:\/\/www.ipim.gov.mo\/wp-content\/uploads\/2025\/04\/N25DXL7N2v__t20250424175126.jpg\" \/>\r\n\t<meta property=\"og:image:width\" content=\"320\" \/>\r\n\t<meta property=\"og:image:height\" content=\"180\" \/>\r\n\t<meta property=\"og:image:type\" content=\"image\/jpeg\" \/>\r\n<meta name=\"twitter:card\" content=\"summary_large_image\" \/>\r\n<meta name=\"twitter:label1\" content=\"Est. reading time\" \/>\n\t<meta name=\"twitter:data1\" content=\"1 minute\" \/>\r\n<script type=\"application\/ld+json\" class=\"yoast-schema-graph\">{\"@context\":\"https:\/\/schema.org\",\"@graph\":[{\"@type\":\"WebPage\",\"@id\":\"https:\/\/www.ipim.gov.mo\/pt-pt\/noticias-do-ipim\/2025-04-24-mudanca-da-divisao-dos-assuntos-juridicos-do-ipim-para-o-complexo-da-plataforma-sino-lusofona-a-partir-do-dia-28-de-abril\/\",\"url\":\"https:\/\/www.ipim.gov.mo\/pt-pt\/noticias-do-ipim\/2025-04-24-mudanca-da-divisao-dos-assuntos-juridicos-do-ipim-para-o-complexo-da-plataforma-sino-lusofona-a-partir-do-dia-28-de-abril\/\",\"name\":\"[2025\/04\/24] Mudan\u00e7a da Divis\u00e3o dos Assuntos Jur\u00eddicos do IPIM para o Complexo da Plataforma Sino-Lus\u00f3fona a partir do dia 28 de Abril | Commerce and Investment Promotion Institute\",\"isPartOf\":{\"@id\":\"https:\/\/www.ipim.gov.mo\/zh-hans\/#website\"},\"primaryImageOfPage\":{\"@id\":\"https:\/\/www.ipim.gov.mo\/pt-pt\/noticias-do-ipim\/2025-04-24-mudanca-da-divisao-dos-assuntos-juridicos-do-ipim-para-o-complexo-da-plataforma-sino-lusofona-a-partir-do-dia-28-de-abril\/#primaryimage\"},\"image\":{\"@id\":\"https:\/\/www.ipim.gov.mo\/pt-pt\/noticias-do-ipim\/2025-04-24-mudanca-da-divisao-dos-assuntos-juridicos-do-ipim-para-o-complexo-da-plataforma-sino-lusofona-a-partir-do-dia-28-de-abril\/#primaryimage\"},\"thumbnailUrl\":\"https:\/\/www.ipim.gov.mo\/wp-content\/uploads\/2025\/04\/N25DXL7N2v__t20250424175126.jpg\",\"datePublished\":\"2025-04-24T03:00:00+00:00\",\"breadcrumb\":{\"@id\":\"https:\/\/www.ipim.gov.mo\/pt-pt\/noticias-do-ipim\/2025-04-24-mudanca-da-divisao-dos-assuntos-juridicos-do-ipim-para-o-complexo-da-plataforma-sino-lusofona-a-partir-do-dia-28-de-abril\/#breadcrumb\"},\"inLanguage\":\"pt-PT\",\"potentialAction\":[{\"@type\":\"ReadAction\",\"target\":[\"https:\/\/www.ipim.gov.mo\/pt-pt\/noticias-do-ipim\/2025-04-24-mudanca-da-divisao-dos-assuntos-juridicos-do-ipim-para-o-complexo-da-plataforma-sino-lusofona-a-partir-do-dia-28-de-abril\/\"]}]},{\"@type\":\"ImageObject\",\"inLanguage\":\"pt-PT\",\"@id\":\"https:\/\/www.ipim.gov.mo\/pt-pt\/noticias-do-ipim\/2025-04-24-mudanca-da-divisao-dos-assuntos-juridicos-do-ipim-para-o-complexo-da-plataforma-sino-lusofona-a-partir-do-dia-28-de-abril\/#primaryimage\",\"url\":\"https:\/\/www.ipim.gov.mo\/wp-content\/uploads\/2025\/04\/N25DXL7N2v__t20250424175126.jpg\",\"contentUrl\":\"https:\/\/www.ipim.gov.mo\/wp-content\/uploads\/2025\/04\/N25DXL7N2v__t20250424175126.jpg\",\"width\":320,\"height\":180},{\"@type\":\"BreadcrumbList\",\"@id\":\"https:\/\/www.ipim.gov.mo\/pt-pt\/noticias-do-ipim\/2025-04-24-mudanca-da-divisao-dos-assuntos-juridicos-do-ipim-para-o-complexo-da-plataforma-sino-lusofona-a-partir-do-dia-28-de-abril\/#breadcrumb\",\"itemListElement\":[{\"@type\":\"ListItem\",\"position\":1,\"name\":\"Home\",\"item\":\"https:\/\/www.ipim.gov.mo\/pt-pt\/\"},{\"@type\":\"ListItem\",\"position\":2,\"name\":\"[2025\/04\/24] Mudan\u00e7a da Divis\u00e3o dos Assuntos Jur\u00eddicos do IPIM para o Complexo da Plataforma Sino-Lus\u00f3fona a partir do dia 28 de Abril\"}]},{\"@type\":\"WebSite\",\"@id\":\"https:\/\/www.ipim.gov.mo\/zh-hans\/#website\",\"url\":\"https:\/\/www.ipim.gov.mo\/zh-hans\/\",\"name\":\"Commerce and Investment Promotion Institute\",\"description\":\"Commerce and Investment Promotion Institute\",\"publisher\":{\"@id\":\"https:\/\/www.ipim.gov.mo\/zh-hans\/#organization\"},\"potentialAction\":[{\"@type\":\"SearchAction\",\"target\":{\"@type\":\"EntryPoint\",\"urlTemplate\":\"https:\/\/www.ipim.gov.mo\/zh-hans\/?s={search_term_string}\"},\"query-input\":{\"@type\":\"PropertyValueSpecification\",\"valueRequired\":true,\"valueName\":\"search_term_string\"}}],\"inLanguage\":\"pt-PT\"},{\"@type\":\"Organization\",\"@id\":\"https:\/\/www.ipim.gov.mo\/zh-hans\/#organization\",\"name\":\"IPIM\",\"url\":\"https:\/\/www.ipim.gov.mo\/zh-hans\/\",\"logo\":{\"@type\":\"ImageObject\",\"inLanguage\":\"pt-PT\",\"@id\":\"https:\/\/www.ipim.gov.mo\/zh-hans\/#\/schema\/logo\/image\/\",\"url\":\"https:\/\/www.ipim.gov.mo\/wp-content\/uploads\/2022\/10\/default-post-thumbnail-ipim-logo.png\",\"contentUrl\":\"https:\/\/www.ipim.gov.mo\/wp-content\/uploads\/2022\/10\/default-post-thumbnail-ipim-logo.png\",\"width\":1024,\"height\":768,\"caption\":\"IPIM\"},\"image\":{\"@id\":\"https:\/\/www.ipim.gov.mo\/zh-hans\/#\/schema\/logo\/image\/\"}}]}<\/script>\r\n<!-- \/ Yoast SEO plugin. -->","yoast_head_json":{"title":"[2025\/04\/24] Mudan\u00e7a da Divis\u00e3o dos Assuntos Jur\u00eddicos do IPIM para o Complexo da Plataforma Sino-Lus\u00f3fona a partir do dia 28 de Abril | Commerce and Investment Promotion Institute","robots":{"index":"index","follow":"follow","max-snippet":"max-snippet:-1","max-image-preview":"max-image-preview:large","max-video-preview":"max-video-preview:-1"},"canonical":"https:\/\/www.ipim.gov.mo\/pt-pt\/noticias-do-ipim\/2025-04-24-mudanca-da-divisao-dos-assuntos-juridicos-do-ipim-para-o-complexo-da-plataforma-sino-lusofona-a-partir-do-dia-28-de-abril\/","og_locale":"pt_PT","og_type":"article","og_title":"[2025\/04\/24] Mudan\u00e7a da Divis\u00e3o dos Assuntos Jur\u00eddicos do IPIM para o Complexo da Plataforma Sino-Lus\u00f3fona a partir do dia 28 de Abril | Commerce and Investment Promotion Institute","og_description":"A Divis&atilde;o dos Assuntos Jur&iacute;dicos do Instituto de Promo&ccedil;&atilde;o do Com&eacute;rcio e do Investimento (IPIM) ir&aacute; funcionar, a partir do dia 28 de Abril de [&hellip;]","og_url":"https:\/\/www.ipim.gov.mo\/pt-pt\/noticias-do-ipim\/2025-04-24-mudanca-da-divisao-dos-assuntos-juridicos-do-ipim-para-o-complexo-da-plataforma-sino-lusofona-a-partir-do-dia-28-de-abril\/","og_site_name":"Commerce and Investment Promotion Institute","article_published_time":"2025-04-24T03:00:00+00:00","og_image":[{"width":320,"height":180,"url":"https:\/\/www.ipim.gov.mo\/wp-content\/uploads\/2025\/04\/N25DXL7N2v__t20250424175126.jpg","type":"image\/jpeg"}],"twitter_card":"summary_large_image","twitter_misc":{"Est. reading time":"1 minute"},"schema":{"@context":"https:\/\/schema.org","@graph":[{"@type":"WebPage","@id":"https:\/\/www.ipim.gov.mo\/pt-pt\/noticias-do-ipim\/2025-04-24-mudanca-da-divisao-dos-assuntos-juridicos-do-ipim-para-o-complexo-da-plataforma-sino-lusofona-a-partir-do-dia-28-de-abril\/","url":"https:\/\/www.ipim.gov.mo\/pt-pt\/noticias-do-ipim\/2025-04-24-mudanca-da-divisao-dos-assuntos-juridicos-do-ipim-para-o-complexo-da-plataforma-sino-lusofona-a-partir-do-dia-28-de-abril\/","name":"[2025\/04\/24] Mudan\u00e7a da Divis\u00e3o dos Assuntos Jur\u00eddicos do IPIM para o Complexo da Plataforma Sino-Lus\u00f3fona a partir do dia 28 de Abril | Commerce and Investment Promotion Institute","isPartOf":{"@id":"https:\/\/www.ipim.gov.mo\/zh-hans\/#website"},"primaryImageOfPage":{"@id":"https:\/\/www.ipim.gov.mo\/pt-pt\/noticias-do-ipim\/2025-04-24-mudanca-da-divisao-dos-assuntos-juridicos-do-ipim-para-o-complexo-da-plataforma-sino-lusofona-a-partir-do-dia-28-de-abril\/#primaryimage"},"image":{"@id":"https:\/\/www.ipim.gov.mo\/pt-pt\/noticias-do-ipim\/2025-04-24-mudanca-da-divisao-dos-assuntos-juridicos-do-ipim-para-o-complexo-da-plataforma-sino-lusofona-a-partir-do-dia-28-de-abril\/#primaryimage"},"thumbnailUrl":"https:\/\/www.ipim.gov.mo\/wp-content\/uploads\/2025\/04\/N25DXL7N2v__t20250424175126.jpg","datePublished":"2025-04-24T03:00:00+00:00","breadcrumb":{"@id":"https:\/\/www.ipim.gov.mo\/pt-pt\/noticias-do-ipim\/2025-04-24-mudanca-da-divisao-dos-assuntos-juridicos-do-ipim-para-o-complexo-da-plataforma-sino-lusofona-a-partir-do-dia-28-de-abril\/#breadcrumb"},"inLanguage":"pt-PT","potentialAction":[{"@type":"ReadAction","target":["https:\/\/www.ipim.gov.mo\/pt-pt\/noticias-do-ipim\/2025-04-24-mudanca-da-divisao-dos-assuntos-juridicos-do-ipim-para-o-complexo-da-plataforma-sino-lusofona-a-partir-do-dia-28-de-abril\/"]}]},{"@type":"ImageObject","inLanguage":"pt-PT","@id":"https:\/\/www.ipim.gov.mo\/pt-pt\/noticias-do-ipim\/2025-04-24-mudanca-da-divisao-dos-assuntos-juridicos-do-ipim-para-o-complexo-da-plataforma-sino-lusofona-a-partir-do-dia-28-de-abril\/#primaryimage","url":"https:\/\/www.ipim.gov.mo\/wp-content\/uploads\/2025\/04\/N25DXL7N2v__t20250424175126.jpg","contentUrl":"https:\/\/www.ipim.gov.mo\/wp-content\/uploads\/2025\/04\/N25DXL7N2v__t20250424175126.jpg","width":320,"height":180},{"@type":"BreadcrumbList","@id":"https:\/\/www.ipim.gov.mo\/pt-pt\/noticias-do-ipim\/2025-04-24-mudanca-da-divisao-dos-assuntos-juridicos-do-ipim-para-o-complexo-da-plataforma-sino-lusofona-a-partir-do-dia-28-de-abril\/#breadcrumb","itemListElement":[{"@type":"ListItem","position":1,"name":"Home","item":"https:\/\/www.ipim.gov.mo\/pt-pt\/"},{"@type":"ListItem","position":2,"name":"[2025\/04\/24] Mudan\u00e7a da Divis\u00e3o dos Assuntos Jur\u00eddicos do IPIM para o Complexo da Plataforma Sino-Lus\u00f3fona a partir do dia 28 de Abril"}]},{"@type":"WebSite","@id":"https:\/\/www.ipim.gov.mo\/zh-hans\/#website","url":"https:\/\/www.ipim.gov.mo\/zh-hans\/","name":"Commerce and Investment Promotion Institute","description":"Commerce and Investment Promotion Institute","publisher":{"@id":"https:\/\/www.ipim.gov.mo\/zh-hans\/#organization"},"potentialAction":[{"@type":"SearchAction","target":{"@type":"EntryPoint","urlTemplate":"https:\/\/www.ipim.gov.mo\/zh-hans\/?s={search_term_string}"},"query-input":{"@type":"PropertyValueSpecification","valueRequired":true,"valueName":"search_term_string"}}],"inLanguage":"pt-PT"},{"@type":"Organization","@id":"https:\/\/www.ipim.gov.mo\/zh-hans\/#organization","name":"IPIM","url":"https:\/\/www.ipim.gov.mo\/zh-hans\/","logo":{"@type":"ImageObject","inLanguage":"pt-PT","@id":"https:\/\/www.ipim.gov.mo\/zh-hans\/#\/schema\/logo\/image\/","url":"https:\/\/www.ipim.gov.mo\/wp-content\/uploads\/2022\/10\/default-post-thumbnail-ipim-logo.png","contentUrl":"https:\/\/www.ipim.gov.mo\/wp-content\/uploads\/2022\/10\/default-post-thumbnail-ipim-logo.png","width":1024,"height":768,"caption":"IPIM"},"image":{"@id":"https:\/\/www.ipim.gov.mo\/zh-hans\/#\/schema\/logo\/image\/"}}]}},"author_meta":{"display_name":"","author_link":"https:\/\/www.ipim.gov.mo\/pt-pt\/author\/"},"featured_img":"https:\/\/www.ipim.gov.mo\/wp-content\/uploads\/2025\/04\/N25DXL7N2v__t20250424175126-300x169.jpg","coauthors":[],"tax_additional":{"categories":{"linked":["<a href=\"https:\/\/www.ipim.gov.mo\/pt-pt\/category\/noticias-do-ipim\/\" class=\"advgb-post-tax-term\">Not\u00edcias do IPIM<\/a>"],"unlinked":["<span class=\"advgb-post-tax-term\">Not\u00edcias do IPIM<\/span>"]}},"comment_count":"0","relative_dates":{"created":"Posted 1 year ago","modified":"Updated 1 year ago"},"absolute_dates":{"created":"Posted on Abril 24, 2025","modified":"Updated on Abril 24, 2025"},"absolute_dates_time":{"created":"Posted on Abril 24, 2025 11:00 am","modified":"Updated on Abril 24, 2025 11:00 am"},"featured_img_caption":"","series_order":"","_links":{"self":[{"href":"https:\/\/www.ipim.gov.mo\/pt-pt\/wp-json\/wp\/v2\/posts\/489722","targetHints":{"allow":["GET"]}}],"collection":[{"href":"https:\/\/www.ipim.gov.mo\/pt-pt\/wp-json\/wp\/v2\/posts"}],"about":[{"href":"https:\/\/www.ipim.gov.mo\/pt-pt\/wp-json\/wp\/v2\/types\/post"}],"replies":[{"embeddable":true,"href":"https:\/\/www.ipim.gov.mo\/pt-pt\/wp-json\/wp\/v2\/comments?post=489722"}],"version-history":[{"count":0,"href":"https:\/\/www.ipim.gov.mo\/pt-pt\/wp-json\/wp\/v2\/posts\/489722\/revisions"}],"wp:featuredmedia":[{"embeddable":true,"href":"https:\/\/www.ipim.gov.mo\/pt-pt\/wp-json\/wp\/v2\/media\/489833"}],"wp:attachment":[{"href":"https:\/\/www.ipim.gov.mo\/pt-pt\/wp-json\/wp\/v2\/media?parent=489722"}],"wp:term":[{"taxonomy":"category","embeddable":true,"href":"https:\/\/www.ipim.gov.mo\/pt-pt\/wp-json\/wp\/v2\/categories?post=489722"},{"taxonomy":"post_tag","embeddable":true,"href":"https:\/\/www.ipim.gov.mo\/pt-pt\/wp-json\/wp\/v2\/tags?post=489722"}],"curies":[{"name":"wp","href":"https:\/\/api.w.org\/{rel}","templated":true}]}}