{"id":489255,"date":"2025-04-16T15:51:00","date_gmt":"2025-04-16T07:51:00","guid":{"rendered":"https:\/\/www.ipim.gov.mo\/?p=489255"},"modified":"2025-04-16T19:52:07","modified_gmt":"2025-04-16T11:52:07","slug":"2025-04-16-ipim-organiza-uma-delegacao-ao-brasil-para-concretizar-os-resultados-do-servico-conduta-do-comercio-china-plp-e-promover-a-assinatura-de-dois-memorandos-de-cooperacao-no","status":"publish","type":"post","link":"https:\/\/www.ipim.gov.mo\/pt-pt\/noticias-do-ipim\/2025-04-16-ipim-organiza-uma-delegacao-ao-brasil-para-concretizar-os-resultados-do-servico-conduta-do-comercio-china-plp-e-promover-a-assinatura-de-dois-memorandos-de-cooperacao-no\/","title":{"rendered":"[2025\/04\/16] IPIM organiza uma delega\u00e7\u00e3o ao Brasil para concretizar os resultados do Servi\u00e7o \u201cConduta do Com\u00e9rcio China-PLP\u201d e Promover a assinatura de dois Memorandos de Coopera\u00e7\u00e3o no dom\u00ednio dos produtos agr\u00edcolas"},"content":{"rendered":"<p>Para aproveitar o papel de Macau como \u201celo de liga&ccedil;&atilde;o infal&iacute;vel\u201d entre a China e os pa&iacute;ses de l&iacute;ngua portuguesa (PLP), o Instituto de Promo&ccedil;&atilde;o do Com&eacute;rcio e do Investimento (IPIM) da Regi&atilde;o Administrativa Especial de Macau (RAEM) organizou uma delega&ccedil;&atilde;o de 16 empres&aacute;rios do Interior da China e de Macau, para realizar, entre 14 e 18 de Abril, encontros de interc&acirc;mbio comercial em tr&ecirc;s cidades do Brasil, com vista a promover a concretiza&ccedil;&atilde;o dos resultados do servi&ccedil;o \u201cConduta do Com&eacute;rcio China-PLP\u201d.<\/p>\n<p>Na primeira fase da viagem, a delega&ccedil;&atilde;o visitou Cuiab&aacute; e Manaus, realizando um contacto preciso com os recursos brasileiros e promovendo a assinatura de dois memorandos de coopera&ccedil;&atilde;o, a fim de promover a \u201cimporta&ccedil;&atilde;o\u201d de produtos agr&iacute;colas brasileiros de consumo intensivo para o mercado chin&ecirc;s e, ao mesmo tempo, apoiar as empresas da China e de Macau a \u201cexpandir-se para o exterior\u201d, investindo e estabelecendo f&aacute;bricas no Brasil.<\/p>\n<p>Com&eacute;rcio agr&iacute;cola Sino-lus&oacute;fono floresce com novas oportunidades, e as empresas chinesas unem-se &agrave; cadeia de abastecimento dos produtos agr&iacute;colas brasileiros de consumo intensivo<\/p>\n<p>Durante a estadia em Cuiab&aacute;, a delega&ccedil;&atilde;o realizou um interc&acirc;mbio profundo com mais de oito associa&ccedil;&otilde;es comerciais de produtos agr&iacute;colas locais. As dez primeiras empresas no ranking nacional de cereais e &oacute;leos do pa&iacute;s uniram-se a empresas de Macau para assinar dois memorandos de coopera&ccedil;&atilde;o com o governo de Cuiab&aacute; e associa&ccedil;&otilde;es comerciais agr&iacute;colas, promovendo ainda mais a coopera&ccedil;&atilde;o entre os governos e empresas da China e do Brasil na &aacute;rea da agricultura moderna, \u201ctrazendo\u201d os produtos agr&iacute;colas brasileiros de alta qualidade para a Grande Ba&iacute;a.<\/p>\n<p>Empresas l&iacute;deres de materiais de constru&ccedil;&atilde;o visitam o Brasil com o objectivo de estabelecer a cadeia industrial na Am&eacute;rica do Sul<\/p>\n<p>Outra parte da delega&ccedil;&atilde;o, composta por empresas l&iacute;deres de materiais de constru&ccedil;&atilde;o e mobili&aacute;rio dom&eacute;stico entre as 500 maiores da China, aproveitou a oportunidade da visita aos espa&ccedil;os para utiliza&ccedil;&atilde;o de constru&ccedil;&atilde;o de f&aacute;bricas em Manaus para explorar melhor a viabilidade de investir e construir f&aacute;bricas no Brasil. Os representantes das empresas afirmaram que, atrav&eacute;s de visita in loco &agrave;s autoridades da zona franca local e &agrave;s empresas com capitais chineses, ficaram a conhecer as pol&iacute;ticas de isen&ccedil;&atilde;o fiscal, instala&ccedil;&otilde;es log&iacute;sticas e o ambiente de neg&oacute;cios, aumentando a confian&ccedil;a no mercado brasileiro. Eles pretendem avaliar activamente a possibilidade de investir e construir f&aacute;bricas no Brasil e utilizar plenamente os recursos dos PLP para estabelecer a cadeia industrial na Am&eacute;rica do Sul, expandindo os produtos para os mercados sul-americanos.<\/p>\n<p>Em Mar&ccedil;o do corrente, aquela empresa j&aacute; tinha estabelecido uma liga&ccedil;&atilde;o com o Minist&eacute;rio da Ind&uacute;stria e do Com&eacute;rcio de Angola e as associa&ccedil;&otilde;es comerciais locais atrav&eacute;s da rede de mercados de PLP do IPIM, consolidando assim os planos de instala&ccedil;&atilde;o de uma f&aacute;brica em Angola, que dever&aacute; iniciar a produ&ccedil;&atilde;o em meados deste ano.<\/p>\n<p>Continua&ccedil;&atilde;o da s&eacute;rie das actividades comerciais no Brasil da delega&ccedil;&atilde;o multidisciplinar para aprofundar a coopera&ccedil;&atilde;o internacional sino-lus&oacute;fona<\/p>\n<p>A delega&ccedil;&atilde;o, composta por representantes dos dom&iacute;nios de com&eacute;rcio de consumo intensivo, fabrico de materiais de constru&ccedil;&atilde;o, finan&ccedil;as banc&aacute;rias, com&eacute;rcio electr&oacute;nico, entre outros, ap&oacute;s concluir as actividades em Manaus e Cuiab&aacute;, continuar&aacute; a sua viagem at&eacute; S&atilde;o Paulo entre 16 e 18 de Abril. As visitas in loco, conversa&ccedil;&otilde;es oficiais, encontros industriais de bolsas de contactos e sess&otilde;es de promo&ccedil;&atilde;o ter&atilde;o como objectivo criar mais cen&aacute;rios de coopera&ccedil;&atilde;o entre a China e o Brasil e aprofundar as interac&ccedil;&otilde;es internacionais.<\/p>\n<p>Servi&ccedil;o de \u201cConduta do Com&eacute;rcio China-PLP\u201d apoia as empresas no acesso ao mercado de PLP de 300 milh&otilde;es de pessoas&nbsp;<\/p>\n<p>Para expandir as funcionalidades da Plataforma de Servi&ccedil;os para a Coopera&ccedil;&atilde;o Comercial entre a China e os Pa&iacute;ses de L&iacute;ngua Portuguesa, e promover a coopera&ccedil;&atilde;o e interc&acirc;mbio comercial entre a China, os PLP e Macau, o IPIM tem prestado servi&ccedil;os de \u201cConduta do Com&eacute;rcio China-PLP\u201d, vocacionados para ajudar as empresas, institui&ccedil;&otilde;es e indiv&iacute;duos que estejam interessadas na explora&ccedil;&atilde;o dos mercados do Interior da China e dos PLP, oferecendo consultoria comercial e encaminhamento, assist&ecirc;ncia na constitui&ccedil;&atilde;o de empresas em Macau, e apoio em sess&otilde;es de bolsas de contactos, entre outros. Desde 2024 at&eacute; ao presente, j&aacute; prestou este servi&ccedil;o de Conduta do Com&eacute;rcio China-PLP a mais de 160 empresas interessadas na explora&ccedil;&atilde;o do mercado sino-lus&oacute;fono.<\/p>\n","protected":false},"excerpt":{"rendered":"<p>Para aproveitar o papel de Macau como \u201celo de liga&ccedil;&atilde;o infal&iacute;vel\u201d entre a China e os pa&iacute;ses de l&iacute;ngua portuguesa (PLP), o Instituto de Promo&ccedil;&atilde;o [&hellip;]<\/p>\n","protected":false},"author":0,"featured_media":489325,"comment_status":"closed","ping_status":"closed","sticky":false,"template":"","format":"standard","meta":{"_acf_changed":false,"inline_featured_image":false,"advgb_blocks_editor_width":"","advgb_blocks_columns_visual_guide":"","footnotes":""},"categories":[12],"tags":[],"class_list":["post-489255","post","type-post","status-publish","format-standard","has-post-thumbnail","hentry","category-noticias-do-ipim"],"acf":[],"yoast_head":"<!-- This site is optimized with the Yoast SEO plugin v26.2 - https:\/\/yoast.com\/wordpress\/plugins\/seo\/ -->\r\n<title>[2025\/04\/16] IPIM organiza uma delega\u00e7\u00e3o ao Brasil para concretizar os resultados do Servi\u00e7o \u201cConduta do Com\u00e9rcio China-PLP\u201d e Promover a assinatura de dois Memorandos de Coopera\u00e7\u00e3o no dom\u00ednio dos produtos agr\u00edcolas | Commerce and Investment Promotion Institute<\/title>\r\n<meta name=\"robots\" content=\"index, follow, max-snippet:-1, max-image-preview:large, max-video-preview:-1\" \/>\r\n<link rel=\"canonical\" href=\"https:\/\/www.ipim.gov.mo\/pt-pt\/noticias-do-ipim\/2025-04-16-ipim-organiza-uma-delegacao-ao-brasil-para-concretizar-os-resultados-do-servico-conduta-do-comercio-china-plp-e-promover-a-assinatura-de-dois-memorandos-de-cooperacao-no\/\" \/>\r\n<meta property=\"og:locale\" content=\"pt_PT\" \/>\r\n<meta property=\"og:type\" content=\"article\" \/>\r\n<meta property=\"og:title\" content=\"[2025\/04\/16] IPIM organiza uma delega\u00e7\u00e3o ao Brasil para concretizar os resultados do Servi\u00e7o \u201cConduta do Com\u00e9rcio China-PLP\u201d e Promover a assinatura de dois Memorandos de Coopera\u00e7\u00e3o no dom\u00ednio dos produtos agr\u00edcolas | Commerce and Investment Promotion Institute\" \/>\r\n<meta property=\"og:description\" content=\"Para aproveitar o papel de Macau como \u201celo de liga&ccedil;&atilde;o infal&iacute;vel\u201d entre a China e os pa&iacute;ses de l&iacute;ngua portuguesa (PLP), o Instituto de Promo&ccedil;&atilde;o [&hellip;]\" \/>\r\n<meta property=\"og:url\" content=\"https:\/\/www.ipim.gov.mo\/pt-pt\/noticias-do-ipim\/2025-04-16-ipim-organiza-uma-delegacao-ao-brasil-para-concretizar-os-resultados-do-servico-conduta-do-comercio-china-plp-e-promover-a-assinatura-de-dois-memorandos-de-cooperacao-no\/\" \/>\r\n<meta property=\"og:site_name\" content=\"Commerce and Investment Promotion Institute\" \/>\r\n<meta property=\"article:published_time\" content=\"2025-04-16T07:51:00+00:00\" \/>\r\n<meta property=\"article:modified_time\" content=\"2025-04-16T11:52:07+00:00\" \/>\r\n<meta property=\"og:image\" content=\"https:\/\/www.ipim.gov.mo\/wp-content\/uploads\/2025\/04\/N25DP1WnPP__t20250416194001.jpg\" \/>\r\n\t<meta property=\"og:image:width\" content=\"320\" \/>\r\n\t<meta property=\"og:image:height\" content=\"180\" \/>\r\n\t<meta property=\"og:image:type\" content=\"image\/jpeg\" \/>\r\n<meta name=\"twitter:card\" content=\"summary_large_image\" \/>\r\n<meta name=\"twitter:label1\" content=\"Est. reading time\" \/>\n\t<meta name=\"twitter:data1\" content=\"5 minutes\" \/>\r\n<script type=\"application\/ld+json\" class=\"yoast-schema-graph\">{\"@context\":\"https:\/\/schema.org\",\"@graph\":[{\"@type\":\"WebPage\",\"@id\":\"https:\/\/www.ipim.gov.mo\/pt-pt\/noticias-do-ipim\/2025-04-16-ipim-organiza-uma-delegacao-ao-brasil-para-concretizar-os-resultados-do-servico-conduta-do-comercio-china-plp-e-promover-a-assinatura-de-dois-memorandos-de-cooperacao-no\/\",\"url\":\"https:\/\/www.ipim.gov.mo\/pt-pt\/noticias-do-ipim\/2025-04-16-ipim-organiza-uma-delegacao-ao-brasil-para-concretizar-os-resultados-do-servico-conduta-do-comercio-china-plp-e-promover-a-assinatura-de-dois-memorandos-de-cooperacao-no\/\",\"name\":\"[2025\/04\/16] IPIM organiza uma delega\u00e7\u00e3o ao Brasil para concretizar os resultados do Servi\u00e7o \u201cConduta do Com\u00e9rcio China-PLP\u201d e Promover a assinatura de dois Memorandos de Coopera\u00e7\u00e3o no dom\u00ednio dos produtos agr\u00edcolas | Commerce and Investment Promotion Institute\",\"isPartOf\":{\"@id\":\"https:\/\/www.ipim.gov.mo\/zh-hans\/#website\"},\"primaryImageOfPage\":{\"@id\":\"https:\/\/www.ipim.gov.mo\/pt-pt\/noticias-do-ipim\/2025-04-16-ipim-organiza-uma-delegacao-ao-brasil-para-concretizar-os-resultados-do-servico-conduta-do-comercio-china-plp-e-promover-a-assinatura-de-dois-memorandos-de-cooperacao-no\/#primaryimage\"},\"image\":{\"@id\":\"https:\/\/www.ipim.gov.mo\/pt-pt\/noticias-do-ipim\/2025-04-16-ipim-organiza-uma-delegacao-ao-brasil-para-concretizar-os-resultados-do-servico-conduta-do-comercio-china-plp-e-promover-a-assinatura-de-dois-memorandos-de-cooperacao-no\/#primaryimage\"},\"thumbnailUrl\":\"https:\/\/www.ipim.gov.mo\/wp-content\/uploads\/2025\/04\/N25DP1WnPP__t20250416194001.jpg\",\"datePublished\":\"2025-04-16T07:51:00+00:00\",\"dateModified\":\"2025-04-16T11:52:07+00:00\",\"breadcrumb\":{\"@id\":\"https:\/\/www.ipim.gov.mo\/pt-pt\/noticias-do-ipim\/2025-04-16-ipim-organiza-uma-delegacao-ao-brasil-para-concretizar-os-resultados-do-servico-conduta-do-comercio-china-plp-e-promover-a-assinatura-de-dois-memorandos-de-cooperacao-no\/#breadcrumb\"},\"inLanguage\":\"pt-PT\",\"potentialAction\":[{\"@type\":\"ReadAction\",\"target\":[\"https:\/\/www.ipim.gov.mo\/pt-pt\/noticias-do-ipim\/2025-04-16-ipim-organiza-uma-delegacao-ao-brasil-para-concretizar-os-resultados-do-servico-conduta-do-comercio-china-plp-e-promover-a-assinatura-de-dois-memorandos-de-cooperacao-no\/\"]}]},{\"@type\":\"ImageObject\",\"inLanguage\":\"pt-PT\",\"@id\":\"https:\/\/www.ipim.gov.mo\/pt-pt\/noticias-do-ipim\/2025-04-16-ipim-organiza-uma-delegacao-ao-brasil-para-concretizar-os-resultados-do-servico-conduta-do-comercio-china-plp-e-promover-a-assinatura-de-dois-memorandos-de-cooperacao-no\/#primaryimage\",\"url\":\"https:\/\/www.ipim.gov.mo\/wp-content\/uploads\/2025\/04\/N25DP1WnPP__t20250416194001.jpg\",\"contentUrl\":\"https:\/\/www.ipim.gov.mo\/wp-content\/uploads\/2025\/04\/N25DP1WnPP__t20250416194001.jpg\",\"width\":320,\"height\":180},{\"@type\":\"BreadcrumbList\",\"@id\":\"https:\/\/www.ipim.gov.mo\/pt-pt\/noticias-do-ipim\/2025-04-16-ipim-organiza-uma-delegacao-ao-brasil-para-concretizar-os-resultados-do-servico-conduta-do-comercio-china-plp-e-promover-a-assinatura-de-dois-memorandos-de-cooperacao-no\/#breadcrumb\",\"itemListElement\":[{\"@type\":\"ListItem\",\"position\":1,\"name\":\"Home\",\"item\":\"https:\/\/www.ipim.gov.mo\/pt-pt\/\"},{\"@type\":\"ListItem\",\"position\":2,\"name\":\"[2025\/04\/16] IPIM organiza uma delega\u00e7\u00e3o ao Brasil para concretizar os resultados do Servi\u00e7o \u201cConduta do Com\u00e9rcio China-PLP\u201d e Promover a assinatura de dois Memorandos de Coopera\u00e7\u00e3o no dom\u00ednio dos produtos agr\u00edcolas\"}]},{\"@type\":\"WebSite\",\"@id\":\"https:\/\/www.ipim.gov.mo\/zh-hans\/#website\",\"url\":\"https:\/\/www.ipim.gov.mo\/zh-hans\/\",\"name\":\"Commerce and Investment Promotion Institute\",\"description\":\"Commerce and Investment Promotion Institute\",\"publisher\":{\"@id\":\"https:\/\/www.ipim.gov.mo\/zh-hans\/#organization\"},\"potentialAction\":[{\"@type\":\"SearchAction\",\"target\":{\"@type\":\"EntryPoint\",\"urlTemplate\":\"https:\/\/www.ipim.gov.mo\/zh-hans\/?s={search_term_string}\"},\"query-input\":{\"@type\":\"PropertyValueSpecification\",\"valueRequired\":true,\"valueName\":\"search_term_string\"}}],\"inLanguage\":\"pt-PT\"},{\"@type\":\"Organization\",\"@id\":\"https:\/\/www.ipim.gov.mo\/zh-hans\/#organization\",\"name\":\"IPIM\",\"url\":\"https:\/\/www.ipim.gov.mo\/zh-hans\/\",\"logo\":{\"@type\":\"ImageObject\",\"inLanguage\":\"pt-PT\",\"@id\":\"https:\/\/www.ipim.gov.mo\/zh-hans\/#\/schema\/logo\/image\/\",\"url\":\"https:\/\/www.ipim.gov.mo\/wp-content\/uploads\/2022\/10\/default-post-thumbnail-ipim-logo.png\",\"contentUrl\":\"https:\/\/www.ipim.gov.mo\/wp-content\/uploads\/2022\/10\/default-post-thumbnail-ipim-logo.png\",\"width\":1024,\"height\":768,\"caption\":\"IPIM\"},\"image\":{\"@id\":\"https:\/\/www.ipim.gov.mo\/zh-hans\/#\/schema\/logo\/image\/\"}}]}<\/script>\r\n<!-- \/ Yoast SEO plugin. -->","yoast_head_json":{"title":"[2025\/04\/16] IPIM organiza uma delega\u00e7\u00e3o ao Brasil para concretizar os resultados do Servi\u00e7o \u201cConduta do Com\u00e9rcio China-PLP\u201d e Promover a assinatura de dois Memorandos de Coopera\u00e7\u00e3o no dom\u00ednio dos produtos agr\u00edcolas | Commerce and Investment Promotion Institute","robots":{"index":"index","follow":"follow","max-snippet":"max-snippet:-1","max-image-preview":"max-image-preview:large","max-video-preview":"max-video-preview:-1"},"canonical":"https:\/\/www.ipim.gov.mo\/pt-pt\/noticias-do-ipim\/2025-04-16-ipim-organiza-uma-delegacao-ao-brasil-para-concretizar-os-resultados-do-servico-conduta-do-comercio-china-plp-e-promover-a-assinatura-de-dois-memorandos-de-cooperacao-no\/","og_locale":"pt_PT","og_type":"article","og_title":"[2025\/04\/16] IPIM organiza uma delega\u00e7\u00e3o ao Brasil para concretizar os resultados do Servi\u00e7o \u201cConduta do Com\u00e9rcio China-PLP\u201d e Promover a assinatura de dois Memorandos de Coopera\u00e7\u00e3o no dom\u00ednio dos produtos agr\u00edcolas | Commerce and Investment Promotion Institute","og_description":"Para aproveitar o papel de Macau como \u201celo de liga&ccedil;&atilde;o infal&iacute;vel\u201d entre a China e os pa&iacute;ses de l&iacute;ngua portuguesa (PLP), o Instituto de Promo&ccedil;&atilde;o [&hellip;]","og_url":"https:\/\/www.ipim.gov.mo\/pt-pt\/noticias-do-ipim\/2025-04-16-ipim-organiza-uma-delegacao-ao-brasil-para-concretizar-os-resultados-do-servico-conduta-do-comercio-china-plp-e-promover-a-assinatura-de-dois-memorandos-de-cooperacao-no\/","og_site_name":"Commerce and Investment Promotion Institute","article_published_time":"2025-04-16T07:51:00+00:00","article_modified_time":"2025-04-16T11:52:07+00:00","og_image":[{"width":320,"height":180,"url":"https:\/\/www.ipim.gov.mo\/wp-content\/uploads\/2025\/04\/N25DP1WnPP__t20250416194001.jpg","type":"image\/jpeg"}],"twitter_card":"summary_large_image","twitter_misc":{"Est. reading time":"5 minutes"},"schema":{"@context":"https:\/\/schema.org","@graph":[{"@type":"WebPage","@id":"https:\/\/www.ipim.gov.mo\/pt-pt\/noticias-do-ipim\/2025-04-16-ipim-organiza-uma-delegacao-ao-brasil-para-concretizar-os-resultados-do-servico-conduta-do-comercio-china-plp-e-promover-a-assinatura-de-dois-memorandos-de-cooperacao-no\/","url":"https:\/\/www.ipim.gov.mo\/pt-pt\/noticias-do-ipim\/2025-04-16-ipim-organiza-uma-delegacao-ao-brasil-para-concretizar-os-resultados-do-servico-conduta-do-comercio-china-plp-e-promover-a-assinatura-de-dois-memorandos-de-cooperacao-no\/","name":"[2025\/04\/16] IPIM organiza uma delega\u00e7\u00e3o ao Brasil para concretizar os resultados do Servi\u00e7o \u201cConduta do Com\u00e9rcio China-PLP\u201d e Promover a assinatura de dois Memorandos de Coopera\u00e7\u00e3o no dom\u00ednio dos produtos agr\u00edcolas | Commerce and Investment Promotion Institute","isPartOf":{"@id":"https:\/\/www.ipim.gov.mo\/zh-hans\/#website"},"primaryImageOfPage":{"@id":"https:\/\/www.ipim.gov.mo\/pt-pt\/noticias-do-ipim\/2025-04-16-ipim-organiza-uma-delegacao-ao-brasil-para-concretizar-os-resultados-do-servico-conduta-do-comercio-china-plp-e-promover-a-assinatura-de-dois-memorandos-de-cooperacao-no\/#primaryimage"},"image":{"@id":"https:\/\/www.ipim.gov.mo\/pt-pt\/noticias-do-ipim\/2025-04-16-ipim-organiza-uma-delegacao-ao-brasil-para-concretizar-os-resultados-do-servico-conduta-do-comercio-china-plp-e-promover-a-assinatura-de-dois-memorandos-de-cooperacao-no\/#primaryimage"},"thumbnailUrl":"https:\/\/www.ipim.gov.mo\/wp-content\/uploads\/2025\/04\/N25DP1WnPP__t20250416194001.jpg","datePublished":"2025-04-16T07:51:00+00:00","dateModified":"2025-04-16T11:52:07+00:00","breadcrumb":{"@id":"https:\/\/www.ipim.gov.mo\/pt-pt\/noticias-do-ipim\/2025-04-16-ipim-organiza-uma-delegacao-ao-brasil-para-concretizar-os-resultados-do-servico-conduta-do-comercio-china-plp-e-promover-a-assinatura-de-dois-memorandos-de-cooperacao-no\/#breadcrumb"},"inLanguage":"pt-PT","potentialAction":[{"@type":"ReadAction","target":["https:\/\/www.ipim.gov.mo\/pt-pt\/noticias-do-ipim\/2025-04-16-ipim-organiza-uma-delegacao-ao-brasil-para-concretizar-os-resultados-do-servico-conduta-do-comercio-china-plp-e-promover-a-assinatura-de-dois-memorandos-de-cooperacao-no\/"]}]},{"@type":"ImageObject","inLanguage":"pt-PT","@id":"https:\/\/www.ipim.gov.mo\/pt-pt\/noticias-do-ipim\/2025-04-16-ipim-organiza-uma-delegacao-ao-brasil-para-concretizar-os-resultados-do-servico-conduta-do-comercio-china-plp-e-promover-a-assinatura-de-dois-memorandos-de-cooperacao-no\/#primaryimage","url":"https:\/\/www.ipim.gov.mo\/wp-content\/uploads\/2025\/04\/N25DP1WnPP__t20250416194001.jpg","contentUrl":"https:\/\/www.ipim.gov.mo\/wp-content\/uploads\/2025\/04\/N25DP1WnPP__t20250416194001.jpg","width":320,"height":180},{"@type":"BreadcrumbList","@id":"https:\/\/www.ipim.gov.mo\/pt-pt\/noticias-do-ipim\/2025-04-16-ipim-organiza-uma-delegacao-ao-brasil-para-concretizar-os-resultados-do-servico-conduta-do-comercio-china-plp-e-promover-a-assinatura-de-dois-memorandos-de-cooperacao-no\/#breadcrumb","itemListElement":[{"@type":"ListItem","position":1,"name":"Home","item":"https:\/\/www.ipim.gov.mo\/pt-pt\/"},{"@type":"ListItem","position":2,"name":"[2025\/04\/16] IPIM organiza uma delega\u00e7\u00e3o ao Brasil para concretizar os resultados do Servi\u00e7o \u201cConduta do Com\u00e9rcio China-PLP\u201d e Promover a assinatura de dois Memorandos de Coopera\u00e7\u00e3o no dom\u00ednio dos produtos agr\u00edcolas"}]},{"@type":"WebSite","@id":"https:\/\/www.ipim.gov.mo\/zh-hans\/#website","url":"https:\/\/www.ipim.gov.mo\/zh-hans\/","name":"Commerce and Investment Promotion Institute","description":"Commerce and Investment Promotion Institute","publisher":{"@id":"https:\/\/www.ipim.gov.mo\/zh-hans\/#organization"},"potentialAction":[{"@type":"SearchAction","target":{"@type":"EntryPoint","urlTemplate":"https:\/\/www.ipim.gov.mo\/zh-hans\/?s={search_term_string}"},"query-input":{"@type":"PropertyValueSpecification","valueRequired":true,"valueName":"search_term_string"}}],"inLanguage":"pt-PT"},{"@type":"Organization","@id":"https:\/\/www.ipim.gov.mo\/zh-hans\/#organization","name":"IPIM","url":"https:\/\/www.ipim.gov.mo\/zh-hans\/","logo":{"@type":"ImageObject","inLanguage":"pt-PT","@id":"https:\/\/www.ipim.gov.mo\/zh-hans\/#\/schema\/logo\/image\/","url":"https:\/\/www.ipim.gov.mo\/wp-content\/uploads\/2022\/10\/default-post-thumbnail-ipim-logo.png","contentUrl":"https:\/\/www.ipim.gov.mo\/wp-content\/uploads\/2022\/10\/default-post-thumbnail-ipim-logo.png","width":1024,"height":768,"caption":"IPIM"},"image":{"@id":"https:\/\/www.ipim.gov.mo\/zh-hans\/#\/schema\/logo\/image\/"}}]}},"author_meta":{"display_name":"","author_link":"https:\/\/www.ipim.gov.mo\/pt-pt\/author\/"},"featured_img":"https:\/\/www.ipim.gov.mo\/wp-content\/uploads\/2025\/04\/N25DP1WnPP__t20250416194001-300x169.jpg","coauthors":[],"tax_additional":{"categories":{"linked":["<a href=\"https:\/\/www.ipim.gov.mo\/pt-pt\/category\/noticias-do-ipim\/\" class=\"advgb-post-tax-term\">Not\u00edcias do IPIM<\/a>"],"unlinked":["<span class=\"advgb-post-tax-term\">Not\u00edcias do IPIM<\/span>"]}},"comment_count":"0","relative_dates":{"created":"Posted 1 year ago","modified":"Updated 1 year ago"},"absolute_dates":{"created":"Posted on Abril 16, 2025","modified":"Updated on Abril 16, 2025"},"absolute_dates_time":{"created":"Posted on Abril 16, 2025 3:51 pm","modified":"Updated on Abril 16, 2025 7:52 pm"},"featured_img_caption":"","series_order":"","_links":{"self":[{"href":"https:\/\/www.ipim.gov.mo\/pt-pt\/wp-json\/wp\/v2\/posts\/489255","targetHints":{"allow":["GET"]}}],"collection":[{"href":"https:\/\/www.ipim.gov.mo\/pt-pt\/wp-json\/wp\/v2\/posts"}],"about":[{"href":"https:\/\/www.ipim.gov.mo\/pt-pt\/wp-json\/wp\/v2\/types\/post"}],"replies":[{"embeddable":true,"href":"https:\/\/www.ipim.gov.mo\/pt-pt\/wp-json\/wp\/v2\/comments?post=489255"}],"version-history":[{"count":1,"href":"https:\/\/www.ipim.gov.mo\/pt-pt\/wp-json\/wp\/v2\/posts\/489255\/revisions"}],"predecessor-version":[{"id":489324,"href":"https:\/\/www.ipim.gov.mo\/pt-pt\/wp-json\/wp\/v2\/posts\/489255\/revisions\/489324"}],"wp:featuredmedia":[{"embeddable":true,"href":"https:\/\/www.ipim.gov.mo\/pt-pt\/wp-json\/wp\/v2\/media\/489325"}],"wp:attachment":[{"href":"https:\/\/www.ipim.gov.mo\/pt-pt\/wp-json\/wp\/v2\/media?parent=489255"}],"wp:term":[{"taxonomy":"category","embeddable":true,"href":"https:\/\/www.ipim.gov.mo\/pt-pt\/wp-json\/wp\/v2\/categories?post=489255"},{"taxonomy":"post_tag","embeddable":true,"href":"https:\/\/www.ipim.gov.mo\/pt-pt\/wp-json\/wp\/v2\/tags?post=489255"}],"curies":[{"name":"wp","href":"https:\/\/api.w.org\/{rel}","templated":true}]}}