{"id":489215,"date":"2025-04-16T09:30:00","date_gmt":"2025-04-16T01:30:00","guid":{"rendered":"https:\/\/www.ipim.gov.mo\/?p=489215"},"modified":"2025-04-16T17:52:12","modified_gmt":"2025-04-16T09:52:12","slug":"2025-04-16-associacao-global-da-industria-de-exposicoes-ufi-reconhece-a-qualidade-das-instalacoes-e-o-potencial-da-industria-de-convencoes-e-exposicoes-de-macau-e-designa-macau-como-uma-regiao-pri","status":"publish","type":"post","link":"https:\/\/www.ipim.gov.mo\/pt-pt\/noticias-do-ipim\/2025-04-16-associacao-global-da-industria-de-exposicoes-ufi-reconhece-a-qualidade-das-instalacoes-e-o-potencial-da-industria-de-convencoes-e-exposicoes-de-macau-e-designa-macau-como-uma-regiao-pri\/","title":{"rendered":"[2025\/04\/16] Associa\u00e7\u00e3o Global da Ind\u00fastria de Exposi\u00e7\u00f5es (UFI) reconhece a qualidade das instala\u00e7\u00f5es e o potencial da ind\u00fastria de conven\u00e7\u00f5es e exposi\u00e7\u00f5es de Macau e designa Macau como uma regi\u00e3o principal para forma\u00e7\u00e3o"},"content":{"rendered":"<p style=\"text-align:justify\">Hugh Jones, presidente da Associa&ccedil;&atilde;o Global da Ind&uacute;stria de Exposi&ccedil;&otilde;es<strong> <\/strong>(<em>Global Association of the Exhibition Industry<\/em>, UFI na sigla inglesa), deslocou-se a Macau, a 14 de Abril, tendo-se encontrado e trocado ideias com dois membros do Conselho de Administra&ccedil;&atilde;o da UFI &#8211; Vincent U, presidente do Instituto de Promo&ccedil;&atilde;o do Com&eacute;rcio e do Investimentos (IPIM), e Paiva Chan Sze Nga, Synthia, presidente da Associa&ccedil;&atilde;o de Com&eacute;rcio e Exposi&ccedil;&otilde;es de Macau.<\/p>\n<p style=\"text-align:justify\"><strong>Elogios &agrave; qualidade das instala&ccedil;&otilde;es de conven&ccedil;&otilde;es e exposi&ccedil;&otilde;es e reconhecimento do potencial de desenvolvimento<\/strong><\/p>\n<p style=\"text-align:justify\">Durante o encontro, o presidente da UFI, Hugh Jones, elogiou a qualidade das instala&ccedil;&otilde;es de conven&ccedil;&otilde;es e exposi&ccedil;&otilde;es de Macau e o desenvolvimento da ind&uacute;stria, considerando Macau um local ideal para a realiza&ccedil;&atilde;o de conven&ccedil;&otilde;es e exposi&ccedil;&otilde;es, com um grande potencial de crescimento. O presidente do IPIM, Vincent U, expressou a sua gratid&atilde;o &agrave; UFI pelo seu apoio &agrave; ind&uacute;stria de conven&ccedil;&otilde;es e exposi&ccedil;&otilde;es de Macau, especialmente no que se refere &agrave;s ac&ccedil;&otilde;es de forma&ccedil;&atilde;o em Macau.<\/p>\n<p style=\"text-align:justify\"><strong>Reconhecimento do desempenho das actividades de forma&ccedil;&atilde;o e designa&ccedil;&atilde;o de Macau como um local principal de forma&ccedil;&atilde;o <\/strong><\/p>\n<p style=\"text-align:justify\">Este ano, a UFI continua a realizar em Macau cursos internacionais de certifica&ccedil;&atilde;o profissional, de conven&ccedil;&otilde;es e exposi&ccedil;&otilde;es, tais como Certifica&ccedil;&atilde;o UFI para Profissionais (UCP), Curso de Certifica&ccedil;&atilde;o em Gest&atilde;o de Locais (UFI VMS) e Curso de Certifica&ccedil;&atilde;o Profissional em Gest&atilde;o de Exposi&ccedil;&otilde;es (UFI EMS). O presidente da UFI, Hugh Jones, reconheceu o desempenho das actividades de forma&ccedil;&atilde;o em Macau, afirmando que a UFI continua a desenvolver este trabalho, com a inten&ccedil;&atilde;o de tornar Macau e a cidade de Riade, na Ar&aacute;bia Saudita, nas regi&otilde;es principais para as ac&ccedil;&otilde;es de forma&ccedil;&atilde;o da UFI.<\/p>\n<p style=\"text-align:justify\"><strong>Sobre a UFI<\/strong><\/p>\n<p style=\"text-align:justify\">A Associa&ccedil;&atilde;o Global da Ind&uacute;stria de Exposi&ccedil;&otilde;es<strong> <\/strong>(<em>Global Association of the Exhibition Industry<\/em>, UFI na sigla inglesa) foi fundada em 1925, contando, actualmente, com uma hist&oacute;ria de cem anos, com mais de 880 membros institucionais, oriundos de 87 pa&iacute;ses e regi&otilde;es. Mais de 920 exposi&ccedil;&otilde;es, em todo o mundo, t&ecirc;m certifica&ccedil;&atilde;o da UFI, um s&iacute;mbolo atribu&iacute;do a exposi&ccedil;&otilde;es de alta qualidade, das quais 11 s&atilde;o exposi&ccedil;&otilde;es de Macau. O IPIM tem participado activamente nas actividades da Associa&ccedil;&atilde;o, incluindo a promo&ccedil;&atilde;o e a colabora&ccedil;&atilde;o com a ind&uacute;stria no trabalho de certifica&ccedil;&atilde;o e a realiza&ccedil;&atilde;o da \u201cConfer&ecirc;ncia &Aacute;sia-Pac&iacute;fico 2024 da UFI&quot; em Macau, em Mar&ccedil;o de 2024.<\/p>\n","protected":false},"excerpt":{"rendered":"<p>Hugh Jones, presidente da Associa&ccedil;&atilde;o Global da Ind&uacute;stria de Exposi&ccedil;&otilde;es (Global Association of the Exhibition Industry, UFI na sigla inglesa), deslocou-se a Macau, a 14 [&hellip;]<\/p>\n","protected":false},"author":0,"featured_media":489461,"comment_status":"closed","ping_status":"closed","sticky":false,"template":"","format":"standard","meta":{"_acf_changed":false,"inline_featured_image":false,"advgb_blocks_editor_width":"","advgb_blocks_columns_visual_guide":"","footnotes":""},"categories":[12],"tags":[],"class_list":["post-489215","post","type-post","status-publish","format-standard","has-post-thumbnail","hentry","category-noticias-do-ipim"],"acf":[],"yoast_head":"<!-- This site is optimized with the Yoast SEO plugin v26.2 - https:\/\/yoast.com\/wordpress\/plugins\/seo\/ -->\r\n<title>[2025\/04\/16] Associa\u00e7\u00e3o Global da Ind\u00fastria de Exposi\u00e7\u00f5es (UFI) reconhece a qualidade das instala\u00e7\u00f5es e o potencial da ind\u00fastria de conven\u00e7\u00f5es e exposi\u00e7\u00f5es de Macau e designa Macau como uma regi\u00e3o principal para forma\u00e7\u00e3o | Commerce and Investment Promotion Institute<\/title>\r\n<meta name=\"robots\" content=\"index, follow, max-snippet:-1, max-image-preview:large, max-video-preview:-1\" \/>\r\n<link rel=\"canonical\" href=\"https:\/\/www.ipim.gov.mo\/pt-pt\/noticias-do-ipim\/2025-04-16-associacao-global-da-industria-de-exposicoes-ufi-reconhece-a-qualidade-das-instalacoes-e-o-potencial-da-industria-de-convencoes-e-exposicoes-de-macau-e-designa-macau-como-uma-regiao-pri\/\" \/>\r\n<meta property=\"og:locale\" content=\"pt_PT\" \/>\r\n<meta property=\"og:type\" content=\"article\" \/>\r\n<meta property=\"og:title\" content=\"[2025\/04\/16] Associa\u00e7\u00e3o Global da Ind\u00fastria de Exposi\u00e7\u00f5es (UFI) reconhece a qualidade das instala\u00e7\u00f5es e o potencial da ind\u00fastria de conven\u00e7\u00f5es e exposi\u00e7\u00f5es de Macau e designa Macau como uma regi\u00e3o principal para forma\u00e7\u00e3o | Commerce and Investment Promotion Institute\" \/>\r\n<meta property=\"og:description\" content=\"Hugh Jones, presidente da Associa&ccedil;&atilde;o Global da Ind&uacute;stria de Exposi&ccedil;&otilde;es (Global Association of the Exhibition Industry, UFI na sigla inglesa), deslocou-se a Macau, a 14 [&hellip;]\" \/>\r\n<meta property=\"og:url\" content=\"https:\/\/www.ipim.gov.mo\/pt-pt\/noticias-do-ipim\/2025-04-16-associacao-global-da-industria-de-exposicoes-ufi-reconhece-a-qualidade-das-instalacoes-e-o-potencial-da-industria-de-convencoes-e-exposicoes-de-macau-e-designa-macau-como-uma-regiao-pri\/\" \/>\r\n<meta property=\"og:site_name\" content=\"Commerce and Investment Promotion Institute\" \/>\r\n<meta property=\"article:published_time\" content=\"2025-04-16T01:30:00+00:00\" \/>\r\n<meta property=\"article:modified_time\" content=\"2025-04-16T09:52:12+00:00\" \/>\r\n<meta property=\"og:image\" content=\"https:\/\/www.ipim.gov.mo\/wp-content\/uploads\/2025\/04\/N25DPomdwy__t20250417175558.jpg\" \/>\r\n\t<meta property=\"og:image:width\" content=\"320\" \/>\r\n\t<meta property=\"og:image:height\" content=\"180\" \/>\r\n\t<meta property=\"og:image:type\" content=\"image\/jpeg\" \/>\r\n<meta name=\"twitter:card\" content=\"summary_large_image\" \/>\r\n<meta name=\"twitter:label1\" content=\"Est. reading time\" \/>\n\t<meta name=\"twitter:data1\" content=\"3 minutes\" \/>\r\n<script type=\"application\/ld+json\" class=\"yoast-schema-graph\">{\"@context\":\"https:\/\/schema.org\",\"@graph\":[{\"@type\":\"WebPage\",\"@id\":\"https:\/\/www.ipim.gov.mo\/pt-pt\/noticias-do-ipim\/2025-04-16-associacao-global-da-industria-de-exposicoes-ufi-reconhece-a-qualidade-das-instalacoes-e-o-potencial-da-industria-de-convencoes-e-exposicoes-de-macau-e-designa-macau-como-uma-regiao-pri\/\",\"url\":\"https:\/\/www.ipim.gov.mo\/pt-pt\/noticias-do-ipim\/2025-04-16-associacao-global-da-industria-de-exposicoes-ufi-reconhece-a-qualidade-das-instalacoes-e-o-potencial-da-industria-de-convencoes-e-exposicoes-de-macau-e-designa-macau-como-uma-regiao-pri\/\",\"name\":\"[2025\/04\/16] Associa\u00e7\u00e3o Global da Ind\u00fastria de Exposi\u00e7\u00f5es (UFI) reconhece a qualidade das instala\u00e7\u00f5es e o potencial da ind\u00fastria de conven\u00e7\u00f5es e exposi\u00e7\u00f5es de Macau e designa Macau como uma regi\u00e3o principal para forma\u00e7\u00e3o | Commerce and Investment Promotion Institute\",\"isPartOf\":{\"@id\":\"https:\/\/www.ipim.gov.mo\/zh-hans\/#website\"},\"primaryImageOfPage\":{\"@id\":\"https:\/\/www.ipim.gov.mo\/pt-pt\/noticias-do-ipim\/2025-04-16-associacao-global-da-industria-de-exposicoes-ufi-reconhece-a-qualidade-das-instalacoes-e-o-potencial-da-industria-de-convencoes-e-exposicoes-de-macau-e-designa-macau-como-uma-regiao-pri\/#primaryimage\"},\"image\":{\"@id\":\"https:\/\/www.ipim.gov.mo\/pt-pt\/noticias-do-ipim\/2025-04-16-associacao-global-da-industria-de-exposicoes-ufi-reconhece-a-qualidade-das-instalacoes-e-o-potencial-da-industria-de-convencoes-e-exposicoes-de-macau-e-designa-macau-como-uma-regiao-pri\/#primaryimage\"},\"thumbnailUrl\":\"https:\/\/www.ipim.gov.mo\/wp-content\/uploads\/2025\/04\/N25DPomdwy__t20250417175558.jpg\",\"datePublished\":\"2025-04-16T01:30:00+00:00\",\"dateModified\":\"2025-04-16T09:52:12+00:00\",\"breadcrumb\":{\"@id\":\"https:\/\/www.ipim.gov.mo\/pt-pt\/noticias-do-ipim\/2025-04-16-associacao-global-da-industria-de-exposicoes-ufi-reconhece-a-qualidade-das-instalacoes-e-o-potencial-da-industria-de-convencoes-e-exposicoes-de-macau-e-designa-macau-como-uma-regiao-pri\/#breadcrumb\"},\"inLanguage\":\"pt-PT\",\"potentialAction\":[{\"@type\":\"ReadAction\",\"target\":[\"https:\/\/www.ipim.gov.mo\/pt-pt\/noticias-do-ipim\/2025-04-16-associacao-global-da-industria-de-exposicoes-ufi-reconhece-a-qualidade-das-instalacoes-e-o-potencial-da-industria-de-convencoes-e-exposicoes-de-macau-e-designa-macau-como-uma-regiao-pri\/\"]}]},{\"@type\":\"ImageObject\",\"inLanguage\":\"pt-PT\",\"@id\":\"https:\/\/www.ipim.gov.mo\/pt-pt\/noticias-do-ipim\/2025-04-16-associacao-global-da-industria-de-exposicoes-ufi-reconhece-a-qualidade-das-instalacoes-e-o-potencial-da-industria-de-convencoes-e-exposicoes-de-macau-e-designa-macau-como-uma-regiao-pri\/#primaryimage\",\"url\":\"https:\/\/www.ipim.gov.mo\/wp-content\/uploads\/2025\/04\/N25DPomdwy__t20250417175558.jpg\",\"contentUrl\":\"https:\/\/www.ipim.gov.mo\/wp-content\/uploads\/2025\/04\/N25DPomdwy__t20250417175558.jpg\",\"width\":320,\"height\":180},{\"@type\":\"BreadcrumbList\",\"@id\":\"https:\/\/www.ipim.gov.mo\/pt-pt\/noticias-do-ipim\/2025-04-16-associacao-global-da-industria-de-exposicoes-ufi-reconhece-a-qualidade-das-instalacoes-e-o-potencial-da-industria-de-convencoes-e-exposicoes-de-macau-e-designa-macau-como-uma-regiao-pri\/#breadcrumb\",\"itemListElement\":[{\"@type\":\"ListItem\",\"position\":1,\"name\":\"Home\",\"item\":\"https:\/\/www.ipim.gov.mo\/pt-pt\/\"},{\"@type\":\"ListItem\",\"position\":2,\"name\":\"[2025\/04\/16] Associa\u00e7\u00e3o Global da Ind\u00fastria de Exposi\u00e7\u00f5es (UFI) reconhece a qualidade das instala\u00e7\u00f5es e o potencial da ind\u00fastria de conven\u00e7\u00f5es e exposi\u00e7\u00f5es de Macau e designa Macau como uma regi\u00e3o principal para forma\u00e7\u00e3o\"}]},{\"@type\":\"WebSite\",\"@id\":\"https:\/\/www.ipim.gov.mo\/zh-hans\/#website\",\"url\":\"https:\/\/www.ipim.gov.mo\/zh-hans\/\",\"name\":\"Commerce and Investment Promotion Institute\",\"description\":\"Commerce and Investment Promotion Institute\",\"publisher\":{\"@id\":\"https:\/\/www.ipim.gov.mo\/zh-hans\/#organization\"},\"potentialAction\":[{\"@type\":\"SearchAction\",\"target\":{\"@type\":\"EntryPoint\",\"urlTemplate\":\"https:\/\/www.ipim.gov.mo\/zh-hans\/?s={search_term_string}\"},\"query-input\":{\"@type\":\"PropertyValueSpecification\",\"valueRequired\":true,\"valueName\":\"search_term_string\"}}],\"inLanguage\":\"pt-PT\"},{\"@type\":\"Organization\",\"@id\":\"https:\/\/www.ipim.gov.mo\/zh-hans\/#organization\",\"name\":\"IPIM\",\"url\":\"https:\/\/www.ipim.gov.mo\/zh-hans\/\",\"logo\":{\"@type\":\"ImageObject\",\"inLanguage\":\"pt-PT\",\"@id\":\"https:\/\/www.ipim.gov.mo\/zh-hans\/#\/schema\/logo\/image\/\",\"url\":\"https:\/\/www.ipim.gov.mo\/wp-content\/uploads\/2022\/10\/default-post-thumbnail-ipim-logo.png\",\"contentUrl\":\"https:\/\/www.ipim.gov.mo\/wp-content\/uploads\/2022\/10\/default-post-thumbnail-ipim-logo.png\",\"width\":1024,\"height\":768,\"caption\":\"IPIM\"},\"image\":{\"@id\":\"https:\/\/www.ipim.gov.mo\/zh-hans\/#\/schema\/logo\/image\/\"}}]}<\/script>\r\n<!-- \/ Yoast SEO plugin. -->","yoast_head_json":{"title":"[2025\/04\/16] Associa\u00e7\u00e3o Global da Ind\u00fastria de Exposi\u00e7\u00f5es (UFI) reconhece a qualidade das instala\u00e7\u00f5es e o potencial da ind\u00fastria de conven\u00e7\u00f5es e exposi\u00e7\u00f5es de Macau e designa Macau como uma regi\u00e3o principal para forma\u00e7\u00e3o | Commerce and Investment Promotion Institute","robots":{"index":"index","follow":"follow","max-snippet":"max-snippet:-1","max-image-preview":"max-image-preview:large","max-video-preview":"max-video-preview:-1"},"canonical":"https:\/\/www.ipim.gov.mo\/pt-pt\/noticias-do-ipim\/2025-04-16-associacao-global-da-industria-de-exposicoes-ufi-reconhece-a-qualidade-das-instalacoes-e-o-potencial-da-industria-de-convencoes-e-exposicoes-de-macau-e-designa-macau-como-uma-regiao-pri\/","og_locale":"pt_PT","og_type":"article","og_title":"[2025\/04\/16] Associa\u00e7\u00e3o Global da Ind\u00fastria de Exposi\u00e7\u00f5es (UFI) reconhece a qualidade das instala\u00e7\u00f5es e o potencial da ind\u00fastria de conven\u00e7\u00f5es e exposi\u00e7\u00f5es de Macau e designa Macau como uma regi\u00e3o principal para forma\u00e7\u00e3o | Commerce and Investment Promotion Institute","og_description":"Hugh Jones, presidente da Associa&ccedil;&atilde;o Global da Ind&uacute;stria de Exposi&ccedil;&otilde;es (Global Association of the Exhibition Industry, UFI na sigla inglesa), deslocou-se a Macau, a 14 [&hellip;]","og_url":"https:\/\/www.ipim.gov.mo\/pt-pt\/noticias-do-ipim\/2025-04-16-associacao-global-da-industria-de-exposicoes-ufi-reconhece-a-qualidade-das-instalacoes-e-o-potencial-da-industria-de-convencoes-e-exposicoes-de-macau-e-designa-macau-como-uma-regiao-pri\/","og_site_name":"Commerce and Investment Promotion Institute","article_published_time":"2025-04-16T01:30:00+00:00","article_modified_time":"2025-04-16T09:52:12+00:00","og_image":[{"width":320,"height":180,"url":"https:\/\/www.ipim.gov.mo\/wp-content\/uploads\/2025\/04\/N25DPomdwy__t20250417175558.jpg","type":"image\/jpeg"}],"twitter_card":"summary_large_image","twitter_misc":{"Est. reading time":"3 minutes"},"schema":{"@context":"https:\/\/schema.org","@graph":[{"@type":"WebPage","@id":"https:\/\/www.ipim.gov.mo\/pt-pt\/noticias-do-ipim\/2025-04-16-associacao-global-da-industria-de-exposicoes-ufi-reconhece-a-qualidade-das-instalacoes-e-o-potencial-da-industria-de-convencoes-e-exposicoes-de-macau-e-designa-macau-como-uma-regiao-pri\/","url":"https:\/\/www.ipim.gov.mo\/pt-pt\/noticias-do-ipim\/2025-04-16-associacao-global-da-industria-de-exposicoes-ufi-reconhece-a-qualidade-das-instalacoes-e-o-potencial-da-industria-de-convencoes-e-exposicoes-de-macau-e-designa-macau-como-uma-regiao-pri\/","name":"[2025\/04\/16] Associa\u00e7\u00e3o Global da Ind\u00fastria de Exposi\u00e7\u00f5es (UFI) reconhece a qualidade das instala\u00e7\u00f5es e o potencial da ind\u00fastria de conven\u00e7\u00f5es e exposi\u00e7\u00f5es de Macau e designa Macau como uma regi\u00e3o principal para forma\u00e7\u00e3o | Commerce and Investment Promotion Institute","isPartOf":{"@id":"https:\/\/www.ipim.gov.mo\/zh-hans\/#website"},"primaryImageOfPage":{"@id":"https:\/\/www.ipim.gov.mo\/pt-pt\/noticias-do-ipim\/2025-04-16-associacao-global-da-industria-de-exposicoes-ufi-reconhece-a-qualidade-das-instalacoes-e-o-potencial-da-industria-de-convencoes-e-exposicoes-de-macau-e-designa-macau-como-uma-regiao-pri\/#primaryimage"},"image":{"@id":"https:\/\/www.ipim.gov.mo\/pt-pt\/noticias-do-ipim\/2025-04-16-associacao-global-da-industria-de-exposicoes-ufi-reconhece-a-qualidade-das-instalacoes-e-o-potencial-da-industria-de-convencoes-e-exposicoes-de-macau-e-designa-macau-como-uma-regiao-pri\/#primaryimage"},"thumbnailUrl":"https:\/\/www.ipim.gov.mo\/wp-content\/uploads\/2025\/04\/N25DPomdwy__t20250417175558.jpg","datePublished":"2025-04-16T01:30:00+00:00","dateModified":"2025-04-16T09:52:12+00:00","breadcrumb":{"@id":"https:\/\/www.ipim.gov.mo\/pt-pt\/noticias-do-ipim\/2025-04-16-associacao-global-da-industria-de-exposicoes-ufi-reconhece-a-qualidade-das-instalacoes-e-o-potencial-da-industria-de-convencoes-e-exposicoes-de-macau-e-designa-macau-como-uma-regiao-pri\/#breadcrumb"},"inLanguage":"pt-PT","potentialAction":[{"@type":"ReadAction","target":["https:\/\/www.ipim.gov.mo\/pt-pt\/noticias-do-ipim\/2025-04-16-associacao-global-da-industria-de-exposicoes-ufi-reconhece-a-qualidade-das-instalacoes-e-o-potencial-da-industria-de-convencoes-e-exposicoes-de-macau-e-designa-macau-como-uma-regiao-pri\/"]}]},{"@type":"ImageObject","inLanguage":"pt-PT","@id":"https:\/\/www.ipim.gov.mo\/pt-pt\/noticias-do-ipim\/2025-04-16-associacao-global-da-industria-de-exposicoes-ufi-reconhece-a-qualidade-das-instalacoes-e-o-potencial-da-industria-de-convencoes-e-exposicoes-de-macau-e-designa-macau-como-uma-regiao-pri\/#primaryimage","url":"https:\/\/www.ipim.gov.mo\/wp-content\/uploads\/2025\/04\/N25DPomdwy__t20250417175558.jpg","contentUrl":"https:\/\/www.ipim.gov.mo\/wp-content\/uploads\/2025\/04\/N25DPomdwy__t20250417175558.jpg","width":320,"height":180},{"@type":"BreadcrumbList","@id":"https:\/\/www.ipim.gov.mo\/pt-pt\/noticias-do-ipim\/2025-04-16-associacao-global-da-industria-de-exposicoes-ufi-reconhece-a-qualidade-das-instalacoes-e-o-potencial-da-industria-de-convencoes-e-exposicoes-de-macau-e-designa-macau-como-uma-regiao-pri\/#breadcrumb","itemListElement":[{"@type":"ListItem","position":1,"name":"Home","item":"https:\/\/www.ipim.gov.mo\/pt-pt\/"},{"@type":"ListItem","position":2,"name":"[2025\/04\/16] Associa\u00e7\u00e3o Global da Ind\u00fastria de Exposi\u00e7\u00f5es (UFI) reconhece a qualidade das instala\u00e7\u00f5es e o potencial da ind\u00fastria de conven\u00e7\u00f5es e exposi\u00e7\u00f5es de Macau e designa Macau como uma regi\u00e3o principal para forma\u00e7\u00e3o"}]},{"@type":"WebSite","@id":"https:\/\/www.ipim.gov.mo\/zh-hans\/#website","url":"https:\/\/www.ipim.gov.mo\/zh-hans\/","name":"Commerce and Investment Promotion Institute","description":"Commerce and Investment Promotion Institute","publisher":{"@id":"https:\/\/www.ipim.gov.mo\/zh-hans\/#organization"},"potentialAction":[{"@type":"SearchAction","target":{"@type":"EntryPoint","urlTemplate":"https:\/\/www.ipim.gov.mo\/zh-hans\/?s={search_term_string}"},"query-input":{"@type":"PropertyValueSpecification","valueRequired":true,"valueName":"search_term_string"}}],"inLanguage":"pt-PT"},{"@type":"Organization","@id":"https:\/\/www.ipim.gov.mo\/zh-hans\/#organization","name":"IPIM","url":"https:\/\/www.ipim.gov.mo\/zh-hans\/","logo":{"@type":"ImageObject","inLanguage":"pt-PT","@id":"https:\/\/www.ipim.gov.mo\/zh-hans\/#\/schema\/logo\/image\/","url":"https:\/\/www.ipim.gov.mo\/wp-content\/uploads\/2022\/10\/default-post-thumbnail-ipim-logo.png","contentUrl":"https:\/\/www.ipim.gov.mo\/wp-content\/uploads\/2022\/10\/default-post-thumbnail-ipim-logo.png","width":1024,"height":768,"caption":"IPIM"},"image":{"@id":"https:\/\/www.ipim.gov.mo\/zh-hans\/#\/schema\/logo\/image\/"}}]}},"author_meta":{"display_name":"","author_link":"https:\/\/www.ipim.gov.mo\/pt-pt\/author\/"},"featured_img":"https:\/\/www.ipim.gov.mo\/wp-content\/uploads\/2025\/04\/N25DPomdwy__t20250417175558-300x169.jpg","coauthors":[],"tax_additional":{"categories":{"linked":["<a href=\"https:\/\/www.ipim.gov.mo\/pt-pt\/category\/noticias-do-ipim\/\" class=\"advgb-post-tax-term\">Not\u00edcias do IPIM<\/a>"],"unlinked":["<span class=\"advgb-post-tax-term\">Not\u00edcias do IPIM<\/span>"]}},"comment_count":"0","relative_dates":{"created":"Posted 1 year ago","modified":"Updated 1 year ago"},"absolute_dates":{"created":"Posted on Abril 16, 2025","modified":"Updated on Abril 16, 2025"},"absolute_dates_time":{"created":"Posted on Abril 16, 2025 9:30 am","modified":"Updated on Abril 16, 2025 5:52 pm"},"featured_img_caption":"","series_order":"","_links":{"self":[{"href":"https:\/\/www.ipim.gov.mo\/pt-pt\/wp-json\/wp\/v2\/posts\/489215","targetHints":{"allow":["GET"]}}],"collection":[{"href":"https:\/\/www.ipim.gov.mo\/pt-pt\/wp-json\/wp\/v2\/posts"}],"about":[{"href":"https:\/\/www.ipim.gov.mo\/pt-pt\/wp-json\/wp\/v2\/types\/post"}],"replies":[{"embeddable":true,"href":"https:\/\/www.ipim.gov.mo\/pt-pt\/wp-json\/wp\/v2\/comments?post=489215"}],"version-history":[{"count":1,"href":"https:\/\/www.ipim.gov.mo\/pt-pt\/wp-json\/wp\/v2\/posts\/489215\/revisions"}],"predecessor-version":[{"id":489274,"href":"https:\/\/www.ipim.gov.mo\/pt-pt\/wp-json\/wp\/v2\/posts\/489215\/revisions\/489274"}],"wp:featuredmedia":[{"embeddable":true,"href":"https:\/\/www.ipim.gov.mo\/pt-pt\/wp-json\/wp\/v2\/media\/489461"}],"wp:attachment":[{"href":"https:\/\/www.ipim.gov.mo\/pt-pt\/wp-json\/wp\/v2\/media?parent=489215"}],"wp:term":[{"taxonomy":"category","embeddable":true,"href":"https:\/\/www.ipim.gov.mo\/pt-pt\/wp-json\/wp\/v2\/categories?post=489215"},{"taxonomy":"post_tag","embeddable":true,"href":"https:\/\/www.ipim.gov.mo\/pt-pt\/wp-json\/wp\/v2\/tags?post=489215"}],"curies":[{"name":"wp","href":"https:\/\/api.w.org\/{rel}","templated":true}]}}