{"id":488530,"date":"2025-03-29T19:56:00","date_gmt":"2025-03-29T11:56:00","guid":{"rendered":"https:\/\/www.ipim.gov.mo\/?p=488530"},"modified":"2025-03-31T09:52:07","modified_gmt":"2025-03-31T01:52:07","slug":"2025-03-29-realizadas-450-sessoes-de-bolsas-de-contacto-no-2025miecf-com-oito-empresas-estabelecidas-em-macau","status":"publish","type":"post","link":"https:\/\/www.ipim.gov.mo\/pt-pt\/noticias-do-ipim\/2025-03-29-realizadas-450-sessoes-de-bolsas-de-contacto-no-2025miecf-com-oito-empresas-estabelecidas-em-macau\/","title":{"rendered":"[2025\/03\/29] Realizadas 450 sess\u00f5es de bolsas de contacto no 2025MIECF com oito empresas estabelecidas em Macau"},"content":{"rendered":"<p style=\"text-align:justify\">O F&oacute;rum e Exposi&ccedil;&atilde;o Internacional de Coopera&ccedil;&atilde;o Ambiental de Macau 2025 (2025MIECF) terminou, dia 29 de Mar&ccedil;o, com &ecirc;xito, os seus tr&ecirc;s dias de evento. Durante o 2025MIECF, foram realizadas cerca de 450 sess&otilde;es de bolsas de contacto e foram assinados mais de 50 projectos. Al&eacute;m disso, oito empresas formalizaram o seu estabelecimento em Macau, durante a exposi&ccedil;&atilde;o.<\/p>\n<p style=\"text-align:justify\">O 2025MIECF organizou tr&ecirc;s sess&otilde;es tem&aacute;ticas do F&oacute;rum Verde, reunindo mais de 30 especialistas e acad&eacute;micos nacionais e estrangeiros, para debater a transi&ccedil;&atilde;o sustent&aacute;vel, a inova&ccedil;&atilde;o tecnol&oacute;gica e a coopera&ccedil;&atilde;o na protec&ccedil;&atilde;o ambiental do Pan-Delta do Rio das P&eacute;rolas.<\/p>\n<p style=\"text-align:justify\">Algumas empresas cient&iacute;ficas e tecnol&oacute;gicas de Hong Kong, que participaram na exposi&ccedil;&atilde;o pela primeira vez em Macau, obtiveram sucesso nas negocia&ccedil;&otilde;es com organiza&ccedil;&otilde;es profissionais de Macau, bem como com comerciantes participantes nacionais e estrangeiros, e afirmaram e reconheceram as fun&ccedil;&otilde;es do MIECF e da plataforma de neg&oacute;cios de Macau. O fornecedor espanhol de produtos agr&iacute;colas biol&oacute;gicos, que tamb&eacute;m participou pela primeira vez na exposi&ccedil;&atilde;o, chegou a acordos de inten&ccedil;&otilde;es de coopera&ccedil;&atilde;o com grandes grossistas e hot&eacute;is, e est&aacute; satisfeito com os resultados alcan&ccedil;ados na exposi&ccedil;&atilde;o, planeando estabelecer uma empresa em Macau para expandir a sua actividade aqui.<\/p>\n<p style=\"text-align:justify\">Em conson&acirc;ncia com o objectivo nacional da \u201cDupla Meta de Carbono\u201d e com as principais pol&iacute;ticas de protec&ccedil;&atilde;o ambiental do Governo da Regi&atilde;o Administrativa Especial de Macau (RAEM), o 2025MIECF tem como tema \u201cInova&ccedil;&atilde;o e Desenvolvimento Verde \u2013 Solu&ccedil;&otilde;es para a Constru&ccedil;&atilde;o de Cidades Belas\u201d. Organizado pelo Governo da RAEM, o 2025MIECF tem como entidades especiais de apoio a Comiss&atilde;o Nacional de Desenvolvimento e Reforma da Rep&uacute;blica Popular da China, o Minist&eacute;rio da Ci&ecirc;ncia e Tecnologia da Rep&uacute;blica Popular da China, o Minist&eacute;rio da Ind&uacute;stria e Tecnologias da Informa&ccedil;&atilde;o da Rep&uacute;blica Popular da China e o Minist&eacute;rio da Ecologia e do Ambiente da Rep&uacute;blica Popular da China, em colabora&ccedil;&atilde;o com os governos das prov&iacute;ncias e regi&otilde;es que integram o Pan-Delta do Rio das P&eacute;rolas. O evento conta ainda com a Direc&ccedil;&atilde;o dos Servi&ccedil;os de Protec&ccedil;&atilde;o Ambiental (DSPA) e o Instituto de Promo&ccedil;&atilde;o do Com&eacute;rcio e do Investimento (IPIM) como entidades coordenadoras oficiais.<\/p>\n<p style=\"text-align:justify\"><strong>Mais de 50 projectos assinados e 450 sess&otilde;es de bolsas de contacto impulsionam oportunidades de neg&oacute;cio verdes<\/strong><\/p>\n<p style=\"text-align:justify\">A edi&ccedil;&atilde;o deste ano contou com cinco zonas de exposi&ccedil;&atilde;o, tendo reunido cerca de 400 empresas nacionais e internacionais, incluindo a participa&ccedil;&atilde;o de mais de 60 empresas internacionais. Durante o evento, realizaram-se 450 sess&otilde;es de bolsas de contacto e foram assinados mais de 50 projectos. Al&eacute;m disso, oito empresas formalizaram o seu estabelecimento em Macau, durante a exposi&ccedil;&atilde;o.<\/p>\n<p style=\"text-align:justify\">Adicionalmente, ao longo do evento, foram organizadas quatro actividades sob o modelo \u201cUm Evento, Dois Locais\u201d, contando com a participa&ccedil;&atilde;o de cerca de 130 participantes, que se deslocaram &agrave; Zona de Coopera&ccedil;&atilde;o Aprofundada entre Guangdong e Macau em Hengqin e a Zhuhai para visitas empresariais. Entre as delega&ccedil;&otilde;es participantes, destacaram-se a delega&ccedil;&atilde;o dos Pa&iacute;ses de L&iacute;ngua Portuguesa &agrave; Grande Ba&iacute;a, a delega&ccedil;&atilde;o da ICLEI \u2014 Governos Locais para a Sustentabilidade, o grupo de compradores profissionais e os representantes do F&oacute;rum de Desenvolvimento do Mercado Global de Cr&eacute;dito de Carbono. Estas iniciativas refor&ccedil;aram continuamente a atractividade do MIECF como plataforma internacional para a promo&ccedil;&atilde;o de oportunidades amigas do ambiente.<\/p>\n<p style=\"text-align:justify\"><strong>Empresas expositoras est&atilde;o satisfeitas com os resultados alcan&ccedil;ados e manifestam a inten&ccedil;&atilde;o de se instalarem em Macau<\/strong><\/p>\n<p style=\"text-align:justify\">A presente edi&ccedil;&atilde;o do MIECF registou um novo patamar de internacionaliza&ccedil;&atilde;o e consolida&ccedil;&atilde;o da marca, com uma participa&ccedil;&atilde;o mais expressiva de expositores internacionais, em compara&ccedil;&atilde;o com o ano anterior. Mais de 40 empresas cotadas em bolsa marcaram presen&ccedil;a no evento, mantendo a tend&ecirc;ncia de crescimento anual. Adicionalmente, a iniciativa \u201cPr&eacute;mios de Excel&ecirc;ncia em <em>Environmental, Social and Governance <\/em>(ESG)\u201d atraiu a participa&ccedil;&atilde;o de mais de 30 empresas de renome, promovendo, atrav&eacute;s da plataforma do MIECF, o compromisso conjunto com o desenvolvimento sustent&aacute;vel.<\/p>\n<p style=\"text-align:justify\">Muitas novas empresas expositoras elogiaram o MIECF. Algumas empresas de ci&ecirc;ncia e tecnologia de Hong Kong alcan&ccedil;aram sucesso nas negocia&ccedil;&otilde;es com organiza&ccedil;&otilde;es profissionais de Macau e comerciantes participantes nacionais e estrangeiros, expressando que os resultados alcan&ccedil;ados e a experi&ecirc;ncia de participar pela primeira vez no evento em Macau foram muito satisfat&oacute;rios e reconhecendo altamente a fun&ccedil;&atilde;o da plataforma de neg&oacute;cios de Macau. Um fornecedor de produtos agr&iacute;colas biol&oacute;gicos de Espanha chegou a um acordo de inten&ccedil;&otilde;es de coopera&ccedil;&atilde;o com grossistas de grande escala e hot&eacute;is, etc., estando satisfeito com os resultados alcan&ccedil;ados no evento e prop&ocirc;s ao IPIM a cria&ccedil;&atilde;o de uma empresa em Macau, a fim de expandir os seus neg&oacute;cios atrav&eacute;s da plataforma de Macau.<\/p>\n<p style=\"text-align:justify\">De um modo geral, os comerciantes participantes manifestaram satisfa&ccedil;&atilde;o com as disposi&ccedil;&otilde;es gerais do evento, reconhecendo a sua organiza&ccedil;&atilde;o e efic&aacute;cia. Um expositor oriundo dos Pa&iacute;ses de L&iacute;ngua Portuguesa salientou que a exposi&ccedil;&atilde;o proporcionou oportunidades para a identifica&ccedil;&atilde;o de potenciais parceiros de neg&oacute;cios e permitiu a amplia&ccedil;&atilde;o dos seus horizontes de mercado. Um comerciante participante de uma empresa malaia destacou o papel do MIECF na facilita&ccedil;&atilde;o de contactos comerciais internacionais.<\/p>\n<p style=\"text-align:justify\"><strong>Plataforma do MIECF impulsiona a promo&ccedil;&atilde;o de ve&iacute;culos el&eacute;ctricos<\/strong><\/p>\n<p style=\"text-align:justify\">Um dos expositores autom&oacute;veis de Macau que participou na presente edi&ccedil;&atilde;o da exposi&ccedil;&atilde;o e que apresentou novos modelos de ve&iacute;culos el&eacute;ctricos de passageiros e mercadorias destacou que, na sua primeira participa&ccedil;&atilde;o no evento do ano passado, conseguiu estabelecer contactos com servi&ccedil;os p&uacute;blicos, resultando na concretiza&ccedil;&atilde;o de encomendas para a aquisi&ccedil;&atilde;o de ve&iacute;culos ecol&oacute;gicos. Este ano, a empresa voltou a marcar presen&ccedil;a na exposi&ccedil;&atilde;o, com o objectivo de, atrav&eacute;s da plataforma do MIECF, conseguir contactos com institui&ccedil;&otilde;es e empresas interessadas na aquisi&ccedil;&atilde;o de ve&iacute;culos amigos do ambiente, explorando assim ainda mais potenciais oportunidades de neg&oacute;cio.<\/p>\n<p style=\"text-align:justify\">De facto, o Governo da RAEM tem vindo a implementar diversas medidas para a promo&ccedil;&atilde;o de ve&iacute;culos ecol&oacute;gicos. Desde 2002, os ve&iacute;culos movidos a combust&iacute;veis alternativos ao petr&oacute;leo est&atilde;o isentos do Imposto sobre Ve&iacute;culos Motorizados. Posteriormente, em 2022 e 2023, foram lan&ccedil;ados, em duas etapas, o \u201cPlano de Concess&atilde;o de Apoio Financeiro ao Abate de Motociclos Obsoletos e a sua Substitui&ccedil;&atilde;o por Motociclos El&eacute;ctricos Novos\u201d e o \u201cPlano de Apoio Financeiro ao Abate de Ve&iacute;culos Antigos Movidos a Gas&oacute;leo\u201d, com o intuito de incentivar os propriet&aacute;rios a retirar de circula&ccedil;&atilde;o ve&iacute;culos mais poluentes, melhorando assim a qualidade do ar e protegendo a sa&uacute;de p&uacute;blica, em alinhamento com o objectivo nacional de alcan&ccedil;ar a \u201cDupla Meta de Carbono\u201d. Al&eacute;m disso, desde 2021, o Governo da RAEM tem liderado a promo&ccedil;&atilde;o do uso de ve&iacute;culos el&eacute;ctricos. Nos termos de um despacho do Chefe do Executivo, todas as entidades p&uacute;blicas devem optar por ve&iacute;culos el&eacute;ctricos, aquando da aquisi&ccedil;&atilde;o ou substitui&ccedil;&atilde;o da sua frota de ve&iacute;culos autom&oacute;veis.<\/p>\n<p style=\"text-align:justify\"><strong>Economia de estreia impulsiona o desenvolvimento sustent&aacute;vel inovador e refor&ccedil;a o efeito da plataforma verde<\/strong><\/p>\n<p style=\"text-align:justify\">No &acirc;mbito do evento, foram realizadas promo&ccedil;&otilde;es e demonstra&ccedil;&otilde;es de nove projectos de estreia de relev&acirc;ncia, demonstrando diversas tecnologias de ponta, incluindo um novo material biodegrad&aacute;vel, tecnologia de super carregamento arrefecido a l&iacute;quido, iates el&eacute;ctricos aut&oacute;nomos e sistemas inteligentes de gest&atilde;o de energia, potenciando o efeito e refor&ccedil;ando o papel de plataforma da economia de estreia. As empresas participantes beneficiaram das promo&ccedil;&otilde;es e demonstra&ccedil;&otilde;es de projectos e sess&otilde;es de bolsas de contacto, que lhes proporcionaram uma plataforma activa de promo&ccedil;&atilde;o e interliga&ccedil;&atilde;o para os projectos de inova&ccedil;&atilde;o verde, assim ampliando o impacto da exposi&ccedil;&atilde;o.<\/p>\n<p style=\"text-align:justify\">Um expositor proveniente dos Pa&iacute;ses de L&iacute;ngua Portuguesa destacou que a participa&ccedil;&atilde;o no MIECF contribuiu para aumentar a notoriedade internacional da empresa, e tamb&eacute;m gerou oportunidades concretas de neg&oacute;cios. Al&eacute;m disso, alguns expositores provenientes do Interior da China assinaram acordos comerciais, durante o evento, sublinhando que o MIECF permitiu o estabelecimento de parcerias fundamentais.<\/p>\n<p style=\"text-align:justify\"><strong>Mais de 30 especialistas e acad&eacute;micos reunidos no F&oacute;rum Verde para debater o futuro do desenvolvimento sustent&aacute;vel<\/strong><\/p>\n<p style=\"text-align:justify\">O 2025MIECF convidou, como orador principal o secret&aacute;rio-geral da ICLEI \u2014 Governos Locais para a Sustentabilidade, Gino Van Begin, que apresentou o tema \u201cInova&ccedil;&atilde;o e Desenvolvimento Verde para a Constru&ccedil;&atilde;o de Uma Cidade Bela\u201d, apelando a todas as cidades para que potenciassem o seu papel crucial no combate &agrave;s altera&ccedil;&otilde;es clim&aacute;ticas.<\/p>\n<p style=\"text-align:justify\">As tr&ecirc;s sess&otilde;es tem&aacute;ticas do F&oacute;rum Verde reuniram mais de 30 especialistas e acad&eacute;micos de diversos pa&iacute;ses e regi&otilde;es, para debater a transi&ccedil;&atilde;o ecol&oacute;gica, a inova&ccedil;&atilde;o tecnol&oacute;gica e a coopera&ccedil;&atilde;o na protec&ccedil;&atilde;o ambiental na regi&atilde;o Pan-Delta do Rio das P&eacute;rolas e partilhar as suas ideias com os participantes.<\/p>\n<p style=\"text-align:justify\"><strong>O efeito de alargamento das m&uacute;ltiplas actividades do evento estende-se &agrave; comunidade<\/strong><\/p>\n<p style=\"text-align:justify\">Para alargar a efic&aacute;cia do evento, as visitas guiadas, aos bairros da cidade, organizadas durante o evento atra&iacute;ram a participa&ccedil;&atilde;o activa de 77 participantes. Alguns expositores dos pa&iacute;ses da Am&eacute;rica do Sul referiram que as visitas guiadas ajudaram a conhecer melhor a cultura e o ambiente de neg&oacute;cios de Macau.<\/p>\n<p style=\"text-align:justify\"><strong>Promo&ccedil;&atilde;o de um estilo de vida sustent&aacute;vel de baixo carbono atrav&eacute;s de m&uacute;ltiplas iniciativas verdes<\/strong><\/p>\n<p style=\"text-align:justify\">O &uacute;ltimo dia da exposi&ccedil;&atilde;o (29 de Mar&ccedil;o) foi dedicado ao \u201cDia Verde do P&uacute;blico\u201d, e atraiu a participa&ccedil;&atilde;o de numerosos residentes em v&aacute;rias actividades ambientais divertidas e educativas. Adicionalmente, foram organizadas visitas t&eacute;cnicas &agrave;s instala&ccedil;&otilde;es de reciclagem de equipamentos electr&oacute;nicos e el&eacute;ctricos e &agrave;s Zonas Ecol&oacute;gicas do Cotai, promovendo o interc&acirc;mbio da tecnologia de protec&ccedil;&atilde;o ambiental. Estas iniciativas ambientais do MIECF permitiram aos participantes um contacto directo com as actualizadas informa&ccedil;&otilde;es e tecnologias de protec&ccedil;&atilde;o ambiental, elevando a consci&ecirc;ncia ecol&oacute;gica e incentivando a adop&ccedil;&atilde;o de um estilo de vida sustent&aacute;vel, bem como progredindo na meta do baixo carbono.<\/p>\n","protected":false},"excerpt":{"rendered":"<p>O F&oacute;rum e Exposi&ccedil;&atilde;o Internacional de Coopera&ccedil;&atilde;o Ambiental de Macau 2025 (2025MIECF) terminou, dia 29 de Mar&ccedil;o, com &ecirc;xito, os seus tr&ecirc;s dias de evento. [&hellip;]<\/p>\n","protected":false},"author":0,"featured_media":488592,"comment_status":"closed","ping_status":"closed","sticky":false,"template":"","format":"standard","meta":{"_acf_changed":false,"inline_featured_image":false,"advgb_blocks_editor_width":"","advgb_blocks_columns_visual_guide":"","footnotes":""},"categories":[12],"tags":[],"class_list":["post-488530","post","type-post","status-publish","format-standard","has-post-thumbnail","hentry","category-noticias-do-ipim"],"acf":[],"yoast_head":"<!-- This site is optimized with the Yoast SEO plugin v26.2 - https:\/\/yoast.com\/wordpress\/plugins\/seo\/ -->\r\n<title>[2025\/03\/29] Realizadas 450 sess\u00f5es de bolsas de contacto no 2025MIECF com oito empresas estabelecidas em Macau | Commerce and Investment Promotion Institute<\/title>\r\n<meta name=\"robots\" content=\"index, follow, max-snippet:-1, max-image-preview:large, max-video-preview:-1\" \/>\r\n<link rel=\"canonical\" href=\"https:\/\/www.ipim.gov.mo\/pt-pt\/noticias-do-ipim\/2025-03-29-realizadas-450-sessoes-de-bolsas-de-contacto-no-2025miecf-com-oito-empresas-estabelecidas-em-macau\/\" \/>\r\n<meta property=\"og:locale\" content=\"pt_PT\" \/>\r\n<meta property=\"og:type\" content=\"article\" \/>\r\n<meta property=\"og:title\" content=\"[2025\/03\/29] Realizadas 450 sess\u00f5es de bolsas de contacto no 2025MIECF com oito empresas estabelecidas em Macau | Commerce and Investment Promotion Institute\" \/>\r\n<meta property=\"og:description\" content=\"O F&oacute;rum e Exposi&ccedil;&atilde;o Internacional de Coopera&ccedil;&atilde;o Ambiental de Macau 2025 (2025MIECF) terminou, dia 29 de Mar&ccedil;o, com &ecirc;xito, os seus tr&ecirc;s dias de evento. [&hellip;]\" \/>\r\n<meta property=\"og:url\" content=\"https:\/\/www.ipim.gov.mo\/pt-pt\/noticias-do-ipim\/2025-03-29-realizadas-450-sessoes-de-bolsas-de-contacto-no-2025miecf-com-oito-empresas-estabelecidas-em-macau\/\" \/>\r\n<meta property=\"og:site_name\" content=\"Commerce and Investment Promotion Institute\" \/>\r\n<meta property=\"article:published_time\" content=\"2025-03-29T11:56:00+00:00\" \/>\r\n<meta property=\"article:modified_time\" content=\"2025-03-31T01:52:07+00:00\" \/>\r\n<meta property=\"og:image\" content=\"https:\/\/www.ipim.gov.mo\/wp-content\/uploads\/2025\/03\/N25CcLO1Us__t20250331151303.jpg\" \/>\r\n\t<meta property=\"og:image:width\" content=\"320\" \/>\r\n\t<meta property=\"og:image:height\" content=\"180\" \/>\r\n\t<meta property=\"og:image:type\" content=\"image\/jpeg\" \/>\r\n<meta name=\"twitter:card\" content=\"summary_large_image\" \/>\r\n<meta name=\"twitter:label1\" content=\"Est. reading time\" \/>\n\t<meta name=\"twitter:data1\" content=\"11 minutes\" \/>\r\n<script type=\"application\/ld+json\" class=\"yoast-schema-graph\">{\"@context\":\"https:\/\/schema.org\",\"@graph\":[{\"@type\":\"WebPage\",\"@id\":\"https:\/\/www.ipim.gov.mo\/pt-pt\/noticias-do-ipim\/2025-03-29-realizadas-450-sessoes-de-bolsas-de-contacto-no-2025miecf-com-oito-empresas-estabelecidas-em-macau\/\",\"url\":\"https:\/\/www.ipim.gov.mo\/pt-pt\/noticias-do-ipim\/2025-03-29-realizadas-450-sessoes-de-bolsas-de-contacto-no-2025miecf-com-oito-empresas-estabelecidas-em-macau\/\",\"name\":\"[2025\/03\/29] Realizadas 450 sess\u00f5es de bolsas de contacto no 2025MIECF com oito empresas estabelecidas em Macau | Commerce and Investment Promotion Institute\",\"isPartOf\":{\"@id\":\"https:\/\/www.ipim.gov.mo\/zh-hans\/#website\"},\"primaryImageOfPage\":{\"@id\":\"https:\/\/www.ipim.gov.mo\/pt-pt\/noticias-do-ipim\/2025-03-29-realizadas-450-sessoes-de-bolsas-de-contacto-no-2025miecf-com-oito-empresas-estabelecidas-em-macau\/#primaryimage\"},\"image\":{\"@id\":\"https:\/\/www.ipim.gov.mo\/pt-pt\/noticias-do-ipim\/2025-03-29-realizadas-450-sessoes-de-bolsas-de-contacto-no-2025miecf-com-oito-empresas-estabelecidas-em-macau\/#primaryimage\"},\"thumbnailUrl\":\"https:\/\/www.ipim.gov.mo\/wp-content\/uploads\/2025\/03\/N25CcLO1Us__t20250331151303.jpg\",\"datePublished\":\"2025-03-29T11:56:00+00:00\",\"dateModified\":\"2025-03-31T01:52:07+00:00\",\"breadcrumb\":{\"@id\":\"https:\/\/www.ipim.gov.mo\/pt-pt\/noticias-do-ipim\/2025-03-29-realizadas-450-sessoes-de-bolsas-de-contacto-no-2025miecf-com-oito-empresas-estabelecidas-em-macau\/#breadcrumb\"},\"inLanguage\":\"pt-PT\",\"potentialAction\":[{\"@type\":\"ReadAction\",\"target\":[\"https:\/\/www.ipim.gov.mo\/pt-pt\/noticias-do-ipim\/2025-03-29-realizadas-450-sessoes-de-bolsas-de-contacto-no-2025miecf-com-oito-empresas-estabelecidas-em-macau\/\"]}]},{\"@type\":\"ImageObject\",\"inLanguage\":\"pt-PT\",\"@id\":\"https:\/\/www.ipim.gov.mo\/pt-pt\/noticias-do-ipim\/2025-03-29-realizadas-450-sessoes-de-bolsas-de-contacto-no-2025miecf-com-oito-empresas-estabelecidas-em-macau\/#primaryimage\",\"url\":\"https:\/\/www.ipim.gov.mo\/wp-content\/uploads\/2025\/03\/N25CcLO1Us__t20250331151303.jpg\",\"contentUrl\":\"https:\/\/www.ipim.gov.mo\/wp-content\/uploads\/2025\/03\/N25CcLO1Us__t20250331151303.jpg\",\"width\":320,\"height\":180},{\"@type\":\"BreadcrumbList\",\"@id\":\"https:\/\/www.ipim.gov.mo\/pt-pt\/noticias-do-ipim\/2025-03-29-realizadas-450-sessoes-de-bolsas-de-contacto-no-2025miecf-com-oito-empresas-estabelecidas-em-macau\/#breadcrumb\",\"itemListElement\":[{\"@type\":\"ListItem\",\"position\":1,\"name\":\"Home\",\"item\":\"https:\/\/www.ipim.gov.mo\/pt-pt\/\"},{\"@type\":\"ListItem\",\"position\":2,\"name\":\"[2025\/03\/29] Realizadas 450 sess\u00f5es de bolsas de contacto no 2025MIECF com oito empresas estabelecidas em Macau\"}]},{\"@type\":\"WebSite\",\"@id\":\"https:\/\/www.ipim.gov.mo\/zh-hans\/#website\",\"url\":\"https:\/\/www.ipim.gov.mo\/zh-hans\/\",\"name\":\"Commerce and Investment Promotion Institute\",\"description\":\"Commerce and Investment Promotion Institute\",\"publisher\":{\"@id\":\"https:\/\/www.ipim.gov.mo\/zh-hans\/#organization\"},\"potentialAction\":[{\"@type\":\"SearchAction\",\"target\":{\"@type\":\"EntryPoint\",\"urlTemplate\":\"https:\/\/www.ipim.gov.mo\/zh-hans\/?s={search_term_string}\"},\"query-input\":{\"@type\":\"PropertyValueSpecification\",\"valueRequired\":true,\"valueName\":\"search_term_string\"}}],\"inLanguage\":\"pt-PT\"},{\"@type\":\"Organization\",\"@id\":\"https:\/\/www.ipim.gov.mo\/zh-hans\/#organization\",\"name\":\"IPIM\",\"url\":\"https:\/\/www.ipim.gov.mo\/zh-hans\/\",\"logo\":{\"@type\":\"ImageObject\",\"inLanguage\":\"pt-PT\",\"@id\":\"https:\/\/www.ipim.gov.mo\/zh-hans\/#\/schema\/logo\/image\/\",\"url\":\"https:\/\/www.ipim.gov.mo\/wp-content\/uploads\/2022\/10\/default-post-thumbnail-ipim-logo.png\",\"contentUrl\":\"https:\/\/www.ipim.gov.mo\/wp-content\/uploads\/2022\/10\/default-post-thumbnail-ipim-logo.png\",\"width\":1024,\"height\":768,\"caption\":\"IPIM\"},\"image\":{\"@id\":\"https:\/\/www.ipim.gov.mo\/zh-hans\/#\/schema\/logo\/image\/\"}}]}<\/script>\r\n<!-- \/ Yoast SEO plugin. -->","yoast_head_json":{"title":"[2025\/03\/29] Realizadas 450 sess\u00f5es de bolsas de contacto no 2025MIECF com oito empresas estabelecidas em Macau | Commerce and Investment Promotion Institute","robots":{"index":"index","follow":"follow","max-snippet":"max-snippet:-1","max-image-preview":"max-image-preview:large","max-video-preview":"max-video-preview:-1"},"canonical":"https:\/\/www.ipim.gov.mo\/pt-pt\/noticias-do-ipim\/2025-03-29-realizadas-450-sessoes-de-bolsas-de-contacto-no-2025miecf-com-oito-empresas-estabelecidas-em-macau\/","og_locale":"pt_PT","og_type":"article","og_title":"[2025\/03\/29] Realizadas 450 sess\u00f5es de bolsas de contacto no 2025MIECF com oito empresas estabelecidas em Macau | Commerce and Investment Promotion Institute","og_description":"O F&oacute;rum e Exposi&ccedil;&atilde;o Internacional de Coopera&ccedil;&atilde;o Ambiental de Macau 2025 (2025MIECF) terminou, dia 29 de Mar&ccedil;o, com &ecirc;xito, os seus tr&ecirc;s dias de evento. [&hellip;]","og_url":"https:\/\/www.ipim.gov.mo\/pt-pt\/noticias-do-ipim\/2025-03-29-realizadas-450-sessoes-de-bolsas-de-contacto-no-2025miecf-com-oito-empresas-estabelecidas-em-macau\/","og_site_name":"Commerce and Investment Promotion Institute","article_published_time":"2025-03-29T11:56:00+00:00","article_modified_time":"2025-03-31T01:52:07+00:00","og_image":[{"width":320,"height":180,"url":"https:\/\/www.ipim.gov.mo\/wp-content\/uploads\/2025\/03\/N25CcLO1Us__t20250331151303.jpg","type":"image\/jpeg"}],"twitter_card":"summary_large_image","twitter_misc":{"Est. reading time":"11 minutes"},"schema":{"@context":"https:\/\/schema.org","@graph":[{"@type":"WebPage","@id":"https:\/\/www.ipim.gov.mo\/pt-pt\/noticias-do-ipim\/2025-03-29-realizadas-450-sessoes-de-bolsas-de-contacto-no-2025miecf-com-oito-empresas-estabelecidas-em-macau\/","url":"https:\/\/www.ipim.gov.mo\/pt-pt\/noticias-do-ipim\/2025-03-29-realizadas-450-sessoes-de-bolsas-de-contacto-no-2025miecf-com-oito-empresas-estabelecidas-em-macau\/","name":"[2025\/03\/29] Realizadas 450 sess\u00f5es de bolsas de contacto no 2025MIECF com oito empresas estabelecidas em Macau | Commerce and Investment Promotion Institute","isPartOf":{"@id":"https:\/\/www.ipim.gov.mo\/zh-hans\/#website"},"primaryImageOfPage":{"@id":"https:\/\/www.ipim.gov.mo\/pt-pt\/noticias-do-ipim\/2025-03-29-realizadas-450-sessoes-de-bolsas-de-contacto-no-2025miecf-com-oito-empresas-estabelecidas-em-macau\/#primaryimage"},"image":{"@id":"https:\/\/www.ipim.gov.mo\/pt-pt\/noticias-do-ipim\/2025-03-29-realizadas-450-sessoes-de-bolsas-de-contacto-no-2025miecf-com-oito-empresas-estabelecidas-em-macau\/#primaryimage"},"thumbnailUrl":"https:\/\/www.ipim.gov.mo\/wp-content\/uploads\/2025\/03\/N25CcLO1Us__t20250331151303.jpg","datePublished":"2025-03-29T11:56:00+00:00","dateModified":"2025-03-31T01:52:07+00:00","breadcrumb":{"@id":"https:\/\/www.ipim.gov.mo\/pt-pt\/noticias-do-ipim\/2025-03-29-realizadas-450-sessoes-de-bolsas-de-contacto-no-2025miecf-com-oito-empresas-estabelecidas-em-macau\/#breadcrumb"},"inLanguage":"pt-PT","potentialAction":[{"@type":"ReadAction","target":["https:\/\/www.ipim.gov.mo\/pt-pt\/noticias-do-ipim\/2025-03-29-realizadas-450-sessoes-de-bolsas-de-contacto-no-2025miecf-com-oito-empresas-estabelecidas-em-macau\/"]}]},{"@type":"ImageObject","inLanguage":"pt-PT","@id":"https:\/\/www.ipim.gov.mo\/pt-pt\/noticias-do-ipim\/2025-03-29-realizadas-450-sessoes-de-bolsas-de-contacto-no-2025miecf-com-oito-empresas-estabelecidas-em-macau\/#primaryimage","url":"https:\/\/www.ipim.gov.mo\/wp-content\/uploads\/2025\/03\/N25CcLO1Us__t20250331151303.jpg","contentUrl":"https:\/\/www.ipim.gov.mo\/wp-content\/uploads\/2025\/03\/N25CcLO1Us__t20250331151303.jpg","width":320,"height":180},{"@type":"BreadcrumbList","@id":"https:\/\/www.ipim.gov.mo\/pt-pt\/noticias-do-ipim\/2025-03-29-realizadas-450-sessoes-de-bolsas-de-contacto-no-2025miecf-com-oito-empresas-estabelecidas-em-macau\/#breadcrumb","itemListElement":[{"@type":"ListItem","position":1,"name":"Home","item":"https:\/\/www.ipim.gov.mo\/pt-pt\/"},{"@type":"ListItem","position":2,"name":"[2025\/03\/29] Realizadas 450 sess\u00f5es de bolsas de contacto no 2025MIECF com oito empresas estabelecidas em Macau"}]},{"@type":"WebSite","@id":"https:\/\/www.ipim.gov.mo\/zh-hans\/#website","url":"https:\/\/www.ipim.gov.mo\/zh-hans\/","name":"Commerce and Investment Promotion Institute","description":"Commerce and Investment Promotion Institute","publisher":{"@id":"https:\/\/www.ipim.gov.mo\/zh-hans\/#organization"},"potentialAction":[{"@type":"SearchAction","target":{"@type":"EntryPoint","urlTemplate":"https:\/\/www.ipim.gov.mo\/zh-hans\/?s={search_term_string}"},"query-input":{"@type":"PropertyValueSpecification","valueRequired":true,"valueName":"search_term_string"}}],"inLanguage":"pt-PT"},{"@type":"Organization","@id":"https:\/\/www.ipim.gov.mo\/zh-hans\/#organization","name":"IPIM","url":"https:\/\/www.ipim.gov.mo\/zh-hans\/","logo":{"@type":"ImageObject","inLanguage":"pt-PT","@id":"https:\/\/www.ipim.gov.mo\/zh-hans\/#\/schema\/logo\/image\/","url":"https:\/\/www.ipim.gov.mo\/wp-content\/uploads\/2022\/10\/default-post-thumbnail-ipim-logo.png","contentUrl":"https:\/\/www.ipim.gov.mo\/wp-content\/uploads\/2022\/10\/default-post-thumbnail-ipim-logo.png","width":1024,"height":768,"caption":"IPIM"},"image":{"@id":"https:\/\/www.ipim.gov.mo\/zh-hans\/#\/schema\/logo\/image\/"}}]}},"author_meta":{"display_name":"","author_link":"https:\/\/www.ipim.gov.mo\/pt-pt\/author\/"},"featured_img":"https:\/\/www.ipim.gov.mo\/wp-content\/uploads\/2025\/03\/N25CcLO1Us__t20250331151303-300x169.jpg","coauthors":[],"tax_additional":{"categories":{"linked":["<a href=\"https:\/\/www.ipim.gov.mo\/pt-pt\/category\/noticias-do-ipim\/\" class=\"advgb-post-tax-term\">Not\u00edcias do IPIM<\/a>"],"unlinked":["<span class=\"advgb-post-tax-term\">Not\u00edcias do IPIM<\/span>"]}},"comment_count":"0","relative_dates":{"created":"Posted 1 year ago","modified":"Updated 1 year ago"},"absolute_dates":{"created":"Posted on Mar\u00e7o 29, 2025","modified":"Updated on Mar\u00e7o 31, 2025"},"absolute_dates_time":{"created":"Posted on Mar\u00e7o 29, 2025 7:56 pm","modified":"Updated on Mar\u00e7o 31, 2025 9:52 am"},"featured_img_caption":"","series_order":"","_links":{"self":[{"href":"https:\/\/www.ipim.gov.mo\/pt-pt\/wp-json\/wp\/v2\/posts\/488530","targetHints":{"allow":["GET"]}}],"collection":[{"href":"https:\/\/www.ipim.gov.mo\/pt-pt\/wp-json\/wp\/v2\/posts"}],"about":[{"href":"https:\/\/www.ipim.gov.mo\/pt-pt\/wp-json\/wp\/v2\/types\/post"}],"replies":[{"embeddable":true,"href":"https:\/\/www.ipim.gov.mo\/pt-pt\/wp-json\/wp\/v2\/comments?post=488530"}],"version-history":[{"count":1,"href":"https:\/\/www.ipim.gov.mo\/pt-pt\/wp-json\/wp\/v2\/posts\/488530\/revisions"}],"predecessor-version":[{"id":488563,"href":"https:\/\/www.ipim.gov.mo\/pt-pt\/wp-json\/wp\/v2\/posts\/488530\/revisions\/488563"}],"wp:featuredmedia":[{"embeddable":true,"href":"https:\/\/www.ipim.gov.mo\/pt-pt\/wp-json\/wp\/v2\/media\/488592"}],"wp:attachment":[{"href":"https:\/\/www.ipim.gov.mo\/pt-pt\/wp-json\/wp\/v2\/media?parent=488530"}],"wp:term":[{"taxonomy":"category","embeddable":true,"href":"https:\/\/www.ipim.gov.mo\/pt-pt\/wp-json\/wp\/v2\/categories?post=488530"},{"taxonomy":"post_tag","embeddable":true,"href":"https:\/\/www.ipim.gov.mo\/pt-pt\/wp-json\/wp\/v2\/tags?post=488530"}],"curies":[{"name":"wp","href":"https:\/\/api.w.org\/{rel}","templated":true}]}}