{"id":488522,"date":"2025-03-29T18:12:00","date_gmt":"2025-03-29T10:12:00","guid":{"rendered":"https:\/\/www.ipim.gov.mo\/noticias-do-ipim\/2025-03-29-o-dia-verde-do-publico-do-2025miecf-atraiu-a-participacao-de-inumeros-residentes\/"},"modified":"2025-03-29T18:12:00","modified_gmt":"2025-03-29T10:12:00","slug":"2025-03-29-o-dia-verde-do-publico-do-2025miecf-atraiu-a-participacao-de-inumeros-residentes","status":"publish","type":"post","link":"https:\/\/www.ipim.gov.mo\/pt-pt\/noticias-do-ipim\/2025-03-29-o-dia-verde-do-publico-do-2025miecf-atraiu-a-participacao-de-inumeros-residentes\/","title":{"rendered":"[2025\/03\/29] O Dia Verde do P\u00fablico do 2025MIECF atraiu a participa\u00e7\u00e3o de in\u00fameros residentes"},"content":{"rendered":"<p style=\"text-align:justify\">O F&oacute;rum e Exposi&ccedil;&atilde;o Internacional de Coopera&ccedil;&atilde;o Ambiental de Macau 2025 (2025MIECF), organizado pelo Governo da Regi&atilde;o Administrativa Especial de Macau, tendo como entidades coordenadoras oficiais o Instituto de Promo&ccedil;&atilde;o do Com&eacute;rcio e do Investimento e a Direc&ccedil;&atilde;o dos Servi&ccedil;os de Protec&ccedil;&atilde;o Ambiental, organizou hoje (29 de Mar&ccedil;o) o Dia Verde do P&uacute;blico, atraindo a participa&ccedil;&atilde;o de muitos residentes e proporcionando ao p&uacute;blico, atrav&eacute;s da sua plataforma, informa&ccedil;&otilde;es e acesso &agrave;s tecnologias mais recentes sobre protec&ccedil;&atilde;o ambiental. Al&eacute;m disso, o evento promoveu a pr&aacute;tica de v&aacute;rios comportamentos de protec&ccedil;&atilde;o ambiental \u201cverdes e de baixo carbono\u201d, de modo a construir em conjunto uma cidade verde e bela.<\/p>\n<p style=\"text-align:justify\">O Dia Verde do P&uacute;blico do 2025MIECF continuou a ser aberto ao p&uacute;blico gratuitamente e centrou-se no tema \u201cInova&ccedil;&atilde;o e Desenvolvimento Verde \u2013 Solu&ccedil;&otilde;es para a Constru&ccedil;&atilde;o de Cidades Belas, com uma vasta gama de elementos verdes, incluindo jogos no palco, tendas de jogos, <em>workshops<\/em> com temas ambientais e um grande sorteio com pr&eacute;mios.<\/p>\n<p style=\"text-align:justify\">Alguns residentes participantes no Dia Verde do P&uacute;blico afirmaram que o evento foi uma boa plataforma para entrarem em contacto com informa&ccedil;&otilde;es e acesso &agrave;s tecnologias mais recentes, a fim de refor&ccedil;ar a sua sensibiliza&ccedil;&atilde;o para a redu&ccedil;&atilde;o das emiss&otilde;es de carbono e a protec&ccedil;&atilde;o do ambiente. A participa&ccedil;&atilde;o nas actividades de sensibiliza&ccedil;&atilde;o e educa&ccedil;&atilde;o ambiental do Dia Verde do P&uacute;blico por parte dos residentes com os seus familiares &eacute; uma forma significativa de ajudar a pr&oacute;xima gera&ccedil;&atilde;o a aprender sobre a protec&ccedil;&atilde;o ambiental.<\/p>\n<p style=\"text-align:justify\">Tal como em edi&ccedil;&otilde;es anteriores, o evento incluiu uma s&eacute;rie de actividades de sensibiliza&ccedil;&atilde;o e educa&ccedil;&atilde;o ambiental, permitindo aos residentes a aprender, de forma l&uacute;dica e educativa, diversas pr&aacute;ticas para a redu&ccedil;&atilde;o das emiss&otilde;es de carbono e a experimentar, em primeira m&atilde;o, o conceito de \u201ctransformar res&iacute;duos em tesouros\u201d, atrav&eacute;s do <em>workshops<\/em> com temas ambientais.<\/p>\n<p style=\"text-align:justify\">Com vista a refor&ccedil;ar o interc&acirc;mbio t&eacute;cnico na &aacute;rea da protec&ccedil;&atilde;o ambiental, a entidade organizadora agendou, para a manh&atilde; de hoje, uma visita t&eacute;cnica &agrave;s instala&ccedil;&otilde;es de reciclagem de equipamentos electr&oacute;nicos e el&eacute;ctricos e &agrave;s Zonas Ecol&oacute;gicas do Cotai.<\/p>\n","protected":false},"excerpt":{"rendered":"<p>O F&oacute;rum e Exposi&ccedil;&atilde;o Internacional de Coopera&ccedil;&atilde;o Ambiental de Macau 2025 (2025MIECF), organizado pelo Governo da Regi&atilde;o Administrativa Especial de Macau, tendo como entidades coordenadoras [&hellip;]<\/p>\n","protected":false},"author":0,"featured_media":488523,"comment_status":"closed","ping_status":"closed","sticky":false,"template":"","format":"standard","meta":{"_acf_changed":false,"inline_featured_image":false,"advgb_blocks_editor_width":"","advgb_blocks_columns_visual_guide":"","footnotes":""},"categories":[12],"tags":[],"class_list":["post-488522","post","type-post","status-publish","format-standard","has-post-thumbnail","hentry","category-noticias-do-ipim"],"acf":[],"yoast_head":"<!-- This site is optimized with the Yoast SEO plugin v26.2 - https:\/\/yoast.com\/wordpress\/plugins\/seo\/ -->\r\n<title>[2025\/03\/29] O Dia Verde do P\u00fablico do 2025MIECF atraiu a participa\u00e7\u00e3o de in\u00fameros residentes | Commerce and Investment Promotion Institute<\/title>\r\n<meta name=\"robots\" content=\"index, follow, max-snippet:-1, max-image-preview:large, max-video-preview:-1\" \/>\r\n<link rel=\"canonical\" href=\"https:\/\/www.ipim.gov.mo\/pt-pt\/noticias-do-ipim\/2025-03-29-o-dia-verde-do-publico-do-2025miecf-atraiu-a-participacao-de-inumeros-residentes\/\" \/>\r\n<meta property=\"og:locale\" content=\"pt_PT\" \/>\r\n<meta property=\"og:type\" content=\"article\" \/>\r\n<meta property=\"og:title\" content=\"[2025\/03\/29] O Dia Verde do P\u00fablico do 2025MIECF atraiu a participa\u00e7\u00e3o de in\u00fameros residentes | Commerce and Investment Promotion Institute\" \/>\r\n<meta property=\"og:description\" content=\"O F&oacute;rum e Exposi&ccedil;&atilde;o Internacional de Coopera&ccedil;&atilde;o Ambiental de Macau 2025 (2025MIECF), organizado pelo Governo da Regi&atilde;o Administrativa Especial de Macau, tendo como entidades coordenadoras [&hellip;]\" \/>\r\n<meta property=\"og:url\" content=\"https:\/\/www.ipim.gov.mo\/pt-pt\/noticias-do-ipim\/2025-03-29-o-dia-verde-do-publico-do-2025miecf-atraiu-a-participacao-de-inumeros-residentes\/\" \/>\r\n<meta property=\"og:site_name\" content=\"Commerce and Investment Promotion Institute\" \/>\r\n<meta property=\"article:published_time\" content=\"2025-03-29T10:12:00+00:00\" \/>\r\n<meta property=\"og:image\" content=\"https:\/\/www.ipim.gov.mo\/wp-content\/uploads\/2025\/03\/N25CcdbH5X__t20250329181305.jpg\" \/>\r\n\t<meta property=\"og:image:width\" content=\"320\" \/>\r\n\t<meta property=\"og:image:height\" content=\"180\" \/>\r\n\t<meta property=\"og:image:type\" content=\"image\/jpeg\" \/>\r\n<meta name=\"twitter:card\" content=\"summary_large_image\" \/>\r\n<meta name=\"twitter:label1\" content=\"Est. reading time\" \/>\n\t<meta name=\"twitter:data1\" content=\"2 minutes\" \/>\r\n<script type=\"application\/ld+json\" class=\"yoast-schema-graph\">{\"@context\":\"https:\/\/schema.org\",\"@graph\":[{\"@type\":\"WebPage\",\"@id\":\"https:\/\/www.ipim.gov.mo\/pt-pt\/noticias-do-ipim\/2025-03-29-o-dia-verde-do-publico-do-2025miecf-atraiu-a-participacao-de-inumeros-residentes\/\",\"url\":\"https:\/\/www.ipim.gov.mo\/pt-pt\/noticias-do-ipim\/2025-03-29-o-dia-verde-do-publico-do-2025miecf-atraiu-a-participacao-de-inumeros-residentes\/\",\"name\":\"[2025\/03\/29] O Dia Verde do P\u00fablico do 2025MIECF atraiu a participa\u00e7\u00e3o de in\u00fameros residentes | Commerce and Investment Promotion Institute\",\"isPartOf\":{\"@id\":\"https:\/\/www.ipim.gov.mo\/zh-hans\/#website\"},\"primaryImageOfPage\":{\"@id\":\"https:\/\/www.ipim.gov.mo\/pt-pt\/noticias-do-ipim\/2025-03-29-o-dia-verde-do-publico-do-2025miecf-atraiu-a-participacao-de-inumeros-residentes\/#primaryimage\"},\"image\":{\"@id\":\"https:\/\/www.ipim.gov.mo\/pt-pt\/noticias-do-ipim\/2025-03-29-o-dia-verde-do-publico-do-2025miecf-atraiu-a-participacao-de-inumeros-residentes\/#primaryimage\"},\"thumbnailUrl\":\"https:\/\/www.ipim.gov.mo\/wp-content\/uploads\/2025\/03\/N25CcdbH5X__t20250329181305.jpg\",\"datePublished\":\"2025-03-29T10:12:00+00:00\",\"breadcrumb\":{\"@id\":\"https:\/\/www.ipim.gov.mo\/pt-pt\/noticias-do-ipim\/2025-03-29-o-dia-verde-do-publico-do-2025miecf-atraiu-a-participacao-de-inumeros-residentes\/#breadcrumb\"},\"inLanguage\":\"pt-PT\",\"potentialAction\":[{\"@type\":\"ReadAction\",\"target\":[\"https:\/\/www.ipim.gov.mo\/pt-pt\/noticias-do-ipim\/2025-03-29-o-dia-verde-do-publico-do-2025miecf-atraiu-a-participacao-de-inumeros-residentes\/\"]}]},{\"@type\":\"ImageObject\",\"inLanguage\":\"pt-PT\",\"@id\":\"https:\/\/www.ipim.gov.mo\/pt-pt\/noticias-do-ipim\/2025-03-29-o-dia-verde-do-publico-do-2025miecf-atraiu-a-participacao-de-inumeros-residentes\/#primaryimage\",\"url\":\"https:\/\/www.ipim.gov.mo\/wp-content\/uploads\/2025\/03\/N25CcdbH5X__t20250329181305.jpg\",\"contentUrl\":\"https:\/\/www.ipim.gov.mo\/wp-content\/uploads\/2025\/03\/N25CcdbH5X__t20250329181305.jpg\",\"width\":320,\"height\":180},{\"@type\":\"BreadcrumbList\",\"@id\":\"https:\/\/www.ipim.gov.mo\/pt-pt\/noticias-do-ipim\/2025-03-29-o-dia-verde-do-publico-do-2025miecf-atraiu-a-participacao-de-inumeros-residentes\/#breadcrumb\",\"itemListElement\":[{\"@type\":\"ListItem\",\"position\":1,\"name\":\"Home\",\"item\":\"https:\/\/www.ipim.gov.mo\/pt-pt\/\"},{\"@type\":\"ListItem\",\"position\":2,\"name\":\"[2025\/03\/29] O Dia Verde do P\u00fablico do 2025MIECF atraiu a participa\u00e7\u00e3o de in\u00fameros residentes\"}]},{\"@type\":\"WebSite\",\"@id\":\"https:\/\/www.ipim.gov.mo\/zh-hans\/#website\",\"url\":\"https:\/\/www.ipim.gov.mo\/zh-hans\/\",\"name\":\"Commerce and Investment Promotion Institute\",\"description\":\"Commerce and Investment Promotion Institute\",\"publisher\":{\"@id\":\"https:\/\/www.ipim.gov.mo\/zh-hans\/#organization\"},\"potentialAction\":[{\"@type\":\"SearchAction\",\"target\":{\"@type\":\"EntryPoint\",\"urlTemplate\":\"https:\/\/www.ipim.gov.mo\/zh-hans\/?s={search_term_string}\"},\"query-input\":{\"@type\":\"PropertyValueSpecification\",\"valueRequired\":true,\"valueName\":\"search_term_string\"}}],\"inLanguage\":\"pt-PT\"},{\"@type\":\"Organization\",\"@id\":\"https:\/\/www.ipim.gov.mo\/zh-hans\/#organization\",\"name\":\"IPIM\",\"url\":\"https:\/\/www.ipim.gov.mo\/zh-hans\/\",\"logo\":{\"@type\":\"ImageObject\",\"inLanguage\":\"pt-PT\",\"@id\":\"https:\/\/www.ipim.gov.mo\/zh-hans\/#\/schema\/logo\/image\/\",\"url\":\"https:\/\/www.ipim.gov.mo\/wp-content\/uploads\/2022\/10\/default-post-thumbnail-ipim-logo.png\",\"contentUrl\":\"https:\/\/www.ipim.gov.mo\/wp-content\/uploads\/2022\/10\/default-post-thumbnail-ipim-logo.png\",\"width\":1024,\"height\":768,\"caption\":\"IPIM\"},\"image\":{\"@id\":\"https:\/\/www.ipim.gov.mo\/zh-hans\/#\/schema\/logo\/image\/\"}}]}<\/script>\r\n<!-- \/ Yoast SEO plugin. -->","yoast_head_json":{"title":"[2025\/03\/29] O Dia Verde do P\u00fablico do 2025MIECF atraiu a participa\u00e7\u00e3o de in\u00fameros residentes | Commerce and Investment Promotion Institute","robots":{"index":"index","follow":"follow","max-snippet":"max-snippet:-1","max-image-preview":"max-image-preview:large","max-video-preview":"max-video-preview:-1"},"canonical":"https:\/\/www.ipim.gov.mo\/pt-pt\/noticias-do-ipim\/2025-03-29-o-dia-verde-do-publico-do-2025miecf-atraiu-a-participacao-de-inumeros-residentes\/","og_locale":"pt_PT","og_type":"article","og_title":"[2025\/03\/29] O Dia Verde do P\u00fablico do 2025MIECF atraiu a participa\u00e7\u00e3o de in\u00fameros residentes | Commerce and Investment Promotion Institute","og_description":"O F&oacute;rum e Exposi&ccedil;&atilde;o Internacional de Coopera&ccedil;&atilde;o Ambiental de Macau 2025 (2025MIECF), organizado pelo Governo da Regi&atilde;o Administrativa Especial de Macau, tendo como entidades coordenadoras [&hellip;]","og_url":"https:\/\/www.ipim.gov.mo\/pt-pt\/noticias-do-ipim\/2025-03-29-o-dia-verde-do-publico-do-2025miecf-atraiu-a-participacao-de-inumeros-residentes\/","og_site_name":"Commerce and Investment Promotion Institute","article_published_time":"2025-03-29T10:12:00+00:00","og_image":[{"width":320,"height":180,"url":"https:\/\/www.ipim.gov.mo\/wp-content\/uploads\/2025\/03\/N25CcdbH5X__t20250329181305.jpg","type":"image\/jpeg"}],"twitter_card":"summary_large_image","twitter_misc":{"Est. reading time":"2 minutes"},"schema":{"@context":"https:\/\/schema.org","@graph":[{"@type":"WebPage","@id":"https:\/\/www.ipim.gov.mo\/pt-pt\/noticias-do-ipim\/2025-03-29-o-dia-verde-do-publico-do-2025miecf-atraiu-a-participacao-de-inumeros-residentes\/","url":"https:\/\/www.ipim.gov.mo\/pt-pt\/noticias-do-ipim\/2025-03-29-o-dia-verde-do-publico-do-2025miecf-atraiu-a-participacao-de-inumeros-residentes\/","name":"[2025\/03\/29] O Dia Verde do P\u00fablico do 2025MIECF atraiu a participa\u00e7\u00e3o de in\u00fameros residentes | Commerce and Investment Promotion Institute","isPartOf":{"@id":"https:\/\/www.ipim.gov.mo\/zh-hans\/#website"},"primaryImageOfPage":{"@id":"https:\/\/www.ipim.gov.mo\/pt-pt\/noticias-do-ipim\/2025-03-29-o-dia-verde-do-publico-do-2025miecf-atraiu-a-participacao-de-inumeros-residentes\/#primaryimage"},"image":{"@id":"https:\/\/www.ipim.gov.mo\/pt-pt\/noticias-do-ipim\/2025-03-29-o-dia-verde-do-publico-do-2025miecf-atraiu-a-participacao-de-inumeros-residentes\/#primaryimage"},"thumbnailUrl":"https:\/\/www.ipim.gov.mo\/wp-content\/uploads\/2025\/03\/N25CcdbH5X__t20250329181305.jpg","datePublished":"2025-03-29T10:12:00+00:00","breadcrumb":{"@id":"https:\/\/www.ipim.gov.mo\/pt-pt\/noticias-do-ipim\/2025-03-29-o-dia-verde-do-publico-do-2025miecf-atraiu-a-participacao-de-inumeros-residentes\/#breadcrumb"},"inLanguage":"pt-PT","potentialAction":[{"@type":"ReadAction","target":["https:\/\/www.ipim.gov.mo\/pt-pt\/noticias-do-ipim\/2025-03-29-o-dia-verde-do-publico-do-2025miecf-atraiu-a-participacao-de-inumeros-residentes\/"]}]},{"@type":"ImageObject","inLanguage":"pt-PT","@id":"https:\/\/www.ipim.gov.mo\/pt-pt\/noticias-do-ipim\/2025-03-29-o-dia-verde-do-publico-do-2025miecf-atraiu-a-participacao-de-inumeros-residentes\/#primaryimage","url":"https:\/\/www.ipim.gov.mo\/wp-content\/uploads\/2025\/03\/N25CcdbH5X__t20250329181305.jpg","contentUrl":"https:\/\/www.ipim.gov.mo\/wp-content\/uploads\/2025\/03\/N25CcdbH5X__t20250329181305.jpg","width":320,"height":180},{"@type":"BreadcrumbList","@id":"https:\/\/www.ipim.gov.mo\/pt-pt\/noticias-do-ipim\/2025-03-29-o-dia-verde-do-publico-do-2025miecf-atraiu-a-participacao-de-inumeros-residentes\/#breadcrumb","itemListElement":[{"@type":"ListItem","position":1,"name":"Home","item":"https:\/\/www.ipim.gov.mo\/pt-pt\/"},{"@type":"ListItem","position":2,"name":"[2025\/03\/29] O Dia Verde do P\u00fablico do 2025MIECF atraiu a participa\u00e7\u00e3o de in\u00fameros residentes"}]},{"@type":"WebSite","@id":"https:\/\/www.ipim.gov.mo\/zh-hans\/#website","url":"https:\/\/www.ipim.gov.mo\/zh-hans\/","name":"Commerce and Investment Promotion Institute","description":"Commerce and Investment Promotion Institute","publisher":{"@id":"https:\/\/www.ipim.gov.mo\/zh-hans\/#organization"},"potentialAction":[{"@type":"SearchAction","target":{"@type":"EntryPoint","urlTemplate":"https:\/\/www.ipim.gov.mo\/zh-hans\/?s={search_term_string}"},"query-input":{"@type":"PropertyValueSpecification","valueRequired":true,"valueName":"search_term_string"}}],"inLanguage":"pt-PT"},{"@type":"Organization","@id":"https:\/\/www.ipim.gov.mo\/zh-hans\/#organization","name":"IPIM","url":"https:\/\/www.ipim.gov.mo\/zh-hans\/","logo":{"@type":"ImageObject","inLanguage":"pt-PT","@id":"https:\/\/www.ipim.gov.mo\/zh-hans\/#\/schema\/logo\/image\/","url":"https:\/\/www.ipim.gov.mo\/wp-content\/uploads\/2022\/10\/default-post-thumbnail-ipim-logo.png","contentUrl":"https:\/\/www.ipim.gov.mo\/wp-content\/uploads\/2022\/10\/default-post-thumbnail-ipim-logo.png","width":1024,"height":768,"caption":"IPIM"},"image":{"@id":"https:\/\/www.ipim.gov.mo\/zh-hans\/#\/schema\/logo\/image\/"}}]}},"author_meta":{"display_name":"","author_link":"https:\/\/www.ipim.gov.mo\/pt-pt\/author\/"},"featured_img":"https:\/\/www.ipim.gov.mo\/wp-content\/uploads\/2025\/03\/N25CcdbH5X__t20250329181305-300x169.jpg","coauthors":[],"tax_additional":{"categories":{"linked":["<a href=\"https:\/\/www.ipim.gov.mo\/pt-pt\/category\/noticias-do-ipim\/\" class=\"advgb-post-tax-term\">Not\u00edcias do IPIM<\/a>"],"unlinked":["<span class=\"advgb-post-tax-term\">Not\u00edcias do IPIM<\/span>"]}},"comment_count":"0","relative_dates":{"created":"Posted 1 year ago","modified":"Updated 1 year ago"},"absolute_dates":{"created":"Posted on Mar\u00e7o 29, 2025","modified":"Updated on Mar\u00e7o 29, 2025"},"absolute_dates_time":{"created":"Posted on Mar\u00e7o 29, 2025 6:12 pm","modified":"Updated on Mar\u00e7o 29, 2025 6:12 pm"},"featured_img_caption":"","series_order":"","_links":{"self":[{"href":"https:\/\/www.ipim.gov.mo\/pt-pt\/wp-json\/wp\/v2\/posts\/488522","targetHints":{"allow":["GET"]}}],"collection":[{"href":"https:\/\/www.ipim.gov.mo\/pt-pt\/wp-json\/wp\/v2\/posts"}],"about":[{"href":"https:\/\/www.ipim.gov.mo\/pt-pt\/wp-json\/wp\/v2\/types\/post"}],"replies":[{"embeddable":true,"href":"https:\/\/www.ipim.gov.mo\/pt-pt\/wp-json\/wp\/v2\/comments?post=488522"}],"version-history":[{"count":0,"href":"https:\/\/www.ipim.gov.mo\/pt-pt\/wp-json\/wp\/v2\/posts\/488522\/revisions"}],"wp:featuredmedia":[{"embeddable":true,"href":"https:\/\/www.ipim.gov.mo\/pt-pt\/wp-json\/wp\/v2\/media\/488523"}],"wp:attachment":[{"href":"https:\/\/www.ipim.gov.mo\/pt-pt\/wp-json\/wp\/v2\/media?parent=488522"}],"wp:term":[{"taxonomy":"category","embeddable":true,"href":"https:\/\/www.ipim.gov.mo\/pt-pt\/wp-json\/wp\/v2\/categories?post=488522"},{"taxonomy":"post_tag","embeddable":true,"href":"https:\/\/www.ipim.gov.mo\/pt-pt\/wp-json\/wp\/v2\/tags?post=488522"}],"curies":[{"name":"wp","href":"https:\/\/api.w.org\/{rel}","templated":true}]}}