{"id":488392,"date":"2025-03-28T18:14:00","date_gmt":"2025-03-28T10:14:00","guid":{"rendered":"https:\/\/www.ipim.gov.mo\/noticias-do-ipim\/2025-03-28-sessao-tematica-do-forum-verde-do-2025miecf-foco-na-inovacao-tecnologica-para-potenciar-a-construcao-de-cidade-bela\/"},"modified":"2025-03-28T18:14:00","modified_gmt":"2025-03-28T10:14:00","slug":"2025-03-28-sessao-tematica-do-forum-verde-do-2025miecf-foco-na-inovacao-tecnologica-para-potenciar-a-construcao-de-cidade-bela","status":"publish","type":"post","link":"https:\/\/www.ipim.gov.mo\/pt-pt\/noticias-do-ipim\/2025-03-28-sessao-tematica-do-forum-verde-do-2025miecf-foco-na-inovacao-tecnologica-para-potenciar-a-construcao-de-cidade-bela\/","title":{"rendered":"[2025\/03\/28] Sess\u00e3o Tem\u00e1tica do F\u00f3rum Verde do 2025MIECF: Foco na Inova\u00e7\u00e3o Tecnol\u00f3gica para Potenciar a Constru\u00e7\u00e3o de Cidade Bela"},"content":{"rendered":"<p style=\"text-align:justify\">Como plataforma internacional de interc&acirc;mbio de informa&ccedil;&otilde;es ambientais, o F&oacute;rum e Exposi&ccedil;&atilde;o Internacional de Coopera&ccedil;&atilde;o Ambiental de Macau 2025 (2025MIECF) continua a explorar conjuntamente novos caminhos para o desenvolvimento sustent&aacute;vel verde, atrav&eacute;s do F&oacute;rum Verde. Na tarde de hoje (28 de Mar&ccedil;o), decorreu a \u201cSess&atilde;o II: Inova&ccedil;&atilde;o Tecnol&oacute;gica para Criar Cidades Bonitas\u201d, que reuniu v&aacute;rios especialistas, acad&eacute;micos e figuras de elite do sector a n&iacute;vel nacional e internacional, para partilharem as suas perspectivas sobre como as tecnologias ecol&oacute;gicas inovadoras podem potenciar o desenvolvimento sustent&aacute;vel das cidades.<\/p>\n<p style=\"text-align:justify\">Com o progresso da sociedade, a inova&ccedil;&atilde;o tecnol&oacute;gica verde desempenha um papel crucial na protec&ccedil;&atilde;o ambiental, na moderniza&ccedil;&atilde;o industrial e at&eacute; no desenvolvimento da civiliza&ccedil;&atilde;o ecol&oacute;gica. Esta sess&atilde;o convidou como oradores: Xu Xiangchao, Director do Gabinete de Investiga&ccedil;&atilde;o do Departamento Municipal de Ecologia e Meio Ambiente de Pequim; Leung Cho Shing, Joe, Oficial Superior de Protec&ccedil;&atilde;o Ambiental (Regi&atilde;o Norte) 2 do Departamento de Protec&ccedil;&atilde;o Ambiental de Hong Kong; Zhao Ziwen, Investigador Associado do Instituto de Ci&ecirc;ncias Ambientais do Sul da China do Minist&eacute;rio da Ecologia e do Ambiente da Rep&uacute;blica Popular da China; Vladimiro Miranda, Presidente do INESC P&amp;D Brasil; e Choong Pik Wei, Lionel, Director Executivo da Hiroyuki Industries (M) Sdn Bhd. O anfitri&atilde;o foi o professor associado do Departamento de Engenharia Civil e Ambiental da Universidade de Macau Kou Kun Pang.<\/p>\n<p style=\"text-align:justify\">Com vista &agrave; constru&ccedil;&atilde;o de um futuro maravilhoso da cidade, os oradores abordaram, em conjunto, nesta sess&atilde;o, diversas &aacute;reas, relativamente &agrave; forma como as tecnologias de inova&ccedil;&atilde;o verde poderiam dar impulso &agrave; constru&ccedil;&atilde;o de cidades sustent&aacute;veis em diferentes campos, tais como a preven&ccedil;&atilde;o e o controlo da polui&ccedil;&atilde;o, a promo&ccedil;&atilde;o da conserva&ccedil;&atilde;o e do uso eficiente dos recursos e a constru&ccedil;&atilde;o de infra-estruturas verdes.<\/p>\n<p style=\"text-align:justify\">Na sua interven&ccedil;&atilde;o intitulada \u201cOptimiza&ccedil;&atilde;o da Estrutura de Fonte M&oacute;vel para C&eacute;u Mais Azul em Pequim\u201d, Xu Xiangchao apontou que, atrav&eacute;s da implementa&ccedil;&atilde;o de normas mais exigentes e do refor&ccedil;o da fiscaliza&ccedil;&atilde;o, Pequim obteve resultados significativos na redu&ccedil;&atilde;o das emiss&otilde;es. A redu&ccedil;&atilde;o das emiss&otilde;es de poluentes no sector dos transportes, por sua vez, tornou-se um caminho fundamental para o fomento de um desenvolvimento verde, de baixo carbono e de alta qualidade.<\/p>\n<p style=\"text-align:justify\">De seguida, Leung Cho Shing apresentou uma palestra sob o tema \u201cAplica&ccedil;&atilde;o de Radar de Penetra&ccedil;&atilde;o do Solo e Realidade Aumentada\u201d, na qual explicou os princ&iacute;pios de funcionamento e os dom&iacute;nios de aplica&ccedil;&atilde;o desta tecnologia e partilhou ainda casos da sua utiliza&ccedil;&atilde;o em Hong Kong.<\/p>\n<p style=\"text-align:justify\">Os restantes oradores abordaram temas como \u201cInova&ccedil;&atilde;o Verde e Pr&aacute;ticas no Tratamento de Efluentes da Aquacultura\u201d, \u201cAdop&ccedil;&atilde;o de Novas Tecnologias Energ&eacute;ticas: Impactos e Incentivos\u201d, e \u201cGarrafa para Garrafa \u2014 Tecnologia de Resina de Qualidade Alimentar rPET\u201d.<\/p>\n<p style=\"text-align:justify\">A edi&ccedil;&atilde;o deste ano do MIECF continua a solicitar a certifica&ccedil;&atilde;o profissional para as sess&otilde;es designadas e ser&atilde;o emitidos certificados de participa&ccedil;&atilde;o para os participantes que o solicitem, confirmando, de forma eficaz, o papel do MIECF enquanto plataforma de partilha de conhecimento especializado.<\/p>\n<p align=\"right\" style=\"text-align:right\">&nbsp;<\/p>\n","protected":false},"excerpt":{"rendered":"<p>Como plataforma internacional de interc&acirc;mbio de informa&ccedil;&otilde;es ambientais, o F&oacute;rum e Exposi&ccedil;&atilde;o Internacional de Coopera&ccedil;&atilde;o Ambiental de Macau 2025 (2025MIECF) continua a explorar conjuntamente novos [&hellip;]<\/p>\n","protected":false},"author":0,"featured_media":488393,"comment_status":"closed","ping_status":"closed","sticky":false,"template":"","format":"standard","meta":{"_acf_changed":false,"inline_featured_image":false,"advgb_blocks_editor_width":"","advgb_blocks_columns_visual_guide":"","footnotes":""},"categories":[12],"tags":[],"class_list":["post-488392","post","type-post","status-publish","format-standard","has-post-thumbnail","hentry","category-noticias-do-ipim"],"acf":[],"yoast_head":"<!-- This site is optimized with the Yoast SEO plugin v26.2 - https:\/\/yoast.com\/wordpress\/plugins\/seo\/ -->\r\n<title>[2025\/03\/28] Sess\u00e3o Tem\u00e1tica do F\u00f3rum Verde do 2025MIECF: Foco na Inova\u00e7\u00e3o Tecnol\u00f3gica para Potenciar a Constru\u00e7\u00e3o de Cidade Bela | Commerce and Investment Promotion Institute<\/title>\r\n<meta name=\"robots\" content=\"index, follow, max-snippet:-1, max-image-preview:large, max-video-preview:-1\" \/>\r\n<link rel=\"canonical\" href=\"https:\/\/www.ipim.gov.mo\/pt-pt\/noticias-do-ipim\/2025-03-28-sessao-tematica-do-forum-verde-do-2025miecf-foco-na-inovacao-tecnologica-para-potenciar-a-construcao-de-cidade-bela\/\" \/>\r\n<meta property=\"og:locale\" content=\"pt_PT\" \/>\r\n<meta property=\"og:type\" content=\"article\" \/>\r\n<meta property=\"og:title\" content=\"[2025\/03\/28] Sess\u00e3o Tem\u00e1tica do F\u00f3rum Verde do 2025MIECF: Foco na Inova\u00e7\u00e3o Tecnol\u00f3gica para Potenciar a Constru\u00e7\u00e3o de Cidade Bela | Commerce and Investment Promotion Institute\" \/>\r\n<meta property=\"og:description\" content=\"Como plataforma internacional de interc&acirc;mbio de informa&ccedil;&otilde;es ambientais, o F&oacute;rum e Exposi&ccedil;&atilde;o Internacional de Coopera&ccedil;&atilde;o Ambiental de Macau 2025 (2025MIECF) continua a explorar conjuntamente novos [&hellip;]\" \/>\r\n<meta property=\"og:url\" content=\"https:\/\/www.ipim.gov.mo\/pt-pt\/noticias-do-ipim\/2025-03-28-sessao-tematica-do-forum-verde-do-2025miecf-foco-na-inovacao-tecnologica-para-potenciar-a-construcao-de-cidade-bela\/\" \/>\r\n<meta property=\"og:site_name\" content=\"Commerce and Investment Promotion Institute\" \/>\r\n<meta property=\"article:published_time\" content=\"2025-03-28T10:14:00+00:00\" \/>\r\n<meta property=\"og:image\" content=\"https:\/\/www.ipim.gov.mo\/wp-content\/uploads\/2025\/03\/N25Cb91i2o__t20250328184433.jpg\" \/>\r\n\t<meta property=\"og:image:width\" content=\"320\" \/>\r\n\t<meta property=\"og:image:height\" content=\"180\" \/>\r\n\t<meta property=\"og:image:type\" content=\"image\/jpeg\" \/>\r\n<meta name=\"twitter:card\" content=\"summary_large_image\" \/>\r\n<meta name=\"twitter:label1\" content=\"Est. reading time\" \/>\n\t<meta name=\"twitter:data1\" content=\"3 minutes\" \/>\r\n<script type=\"application\/ld+json\" class=\"yoast-schema-graph\">{\"@context\":\"https:\/\/schema.org\",\"@graph\":[{\"@type\":\"WebPage\",\"@id\":\"https:\/\/www.ipim.gov.mo\/pt-pt\/noticias-do-ipim\/2025-03-28-sessao-tematica-do-forum-verde-do-2025miecf-foco-na-inovacao-tecnologica-para-potenciar-a-construcao-de-cidade-bela\/\",\"url\":\"https:\/\/www.ipim.gov.mo\/pt-pt\/noticias-do-ipim\/2025-03-28-sessao-tematica-do-forum-verde-do-2025miecf-foco-na-inovacao-tecnologica-para-potenciar-a-construcao-de-cidade-bela\/\",\"name\":\"[2025\/03\/28] Sess\u00e3o Tem\u00e1tica do F\u00f3rum Verde do 2025MIECF: Foco na Inova\u00e7\u00e3o Tecnol\u00f3gica para Potenciar a Constru\u00e7\u00e3o de Cidade Bela | Commerce and Investment Promotion Institute\",\"isPartOf\":{\"@id\":\"https:\/\/www.ipim.gov.mo\/zh-hans\/#website\"},\"primaryImageOfPage\":{\"@id\":\"https:\/\/www.ipim.gov.mo\/pt-pt\/noticias-do-ipim\/2025-03-28-sessao-tematica-do-forum-verde-do-2025miecf-foco-na-inovacao-tecnologica-para-potenciar-a-construcao-de-cidade-bela\/#primaryimage\"},\"image\":{\"@id\":\"https:\/\/www.ipim.gov.mo\/pt-pt\/noticias-do-ipim\/2025-03-28-sessao-tematica-do-forum-verde-do-2025miecf-foco-na-inovacao-tecnologica-para-potenciar-a-construcao-de-cidade-bela\/#primaryimage\"},\"thumbnailUrl\":\"https:\/\/www.ipim.gov.mo\/wp-content\/uploads\/2025\/03\/N25Cb91i2o__t20250328184433.jpg\",\"datePublished\":\"2025-03-28T10:14:00+00:00\",\"breadcrumb\":{\"@id\":\"https:\/\/www.ipim.gov.mo\/pt-pt\/noticias-do-ipim\/2025-03-28-sessao-tematica-do-forum-verde-do-2025miecf-foco-na-inovacao-tecnologica-para-potenciar-a-construcao-de-cidade-bela\/#breadcrumb\"},\"inLanguage\":\"pt-PT\",\"potentialAction\":[{\"@type\":\"ReadAction\",\"target\":[\"https:\/\/www.ipim.gov.mo\/pt-pt\/noticias-do-ipim\/2025-03-28-sessao-tematica-do-forum-verde-do-2025miecf-foco-na-inovacao-tecnologica-para-potenciar-a-construcao-de-cidade-bela\/\"]}]},{\"@type\":\"ImageObject\",\"inLanguage\":\"pt-PT\",\"@id\":\"https:\/\/www.ipim.gov.mo\/pt-pt\/noticias-do-ipim\/2025-03-28-sessao-tematica-do-forum-verde-do-2025miecf-foco-na-inovacao-tecnologica-para-potenciar-a-construcao-de-cidade-bela\/#primaryimage\",\"url\":\"https:\/\/www.ipim.gov.mo\/wp-content\/uploads\/2025\/03\/N25Cb91i2o__t20250328184433.jpg\",\"contentUrl\":\"https:\/\/www.ipim.gov.mo\/wp-content\/uploads\/2025\/03\/N25Cb91i2o__t20250328184433.jpg\",\"width\":320,\"height\":180},{\"@type\":\"BreadcrumbList\",\"@id\":\"https:\/\/www.ipim.gov.mo\/pt-pt\/noticias-do-ipim\/2025-03-28-sessao-tematica-do-forum-verde-do-2025miecf-foco-na-inovacao-tecnologica-para-potenciar-a-construcao-de-cidade-bela\/#breadcrumb\",\"itemListElement\":[{\"@type\":\"ListItem\",\"position\":1,\"name\":\"Home\",\"item\":\"https:\/\/www.ipim.gov.mo\/pt-pt\/\"},{\"@type\":\"ListItem\",\"position\":2,\"name\":\"[2025\/03\/28] Sess\u00e3o Tem\u00e1tica do F\u00f3rum Verde do 2025MIECF: Foco na Inova\u00e7\u00e3o Tecnol\u00f3gica para Potenciar a Constru\u00e7\u00e3o de Cidade Bela\"}]},{\"@type\":\"WebSite\",\"@id\":\"https:\/\/www.ipim.gov.mo\/zh-hans\/#website\",\"url\":\"https:\/\/www.ipim.gov.mo\/zh-hans\/\",\"name\":\"Commerce and Investment Promotion Institute\",\"description\":\"Commerce and Investment Promotion Institute\",\"publisher\":{\"@id\":\"https:\/\/www.ipim.gov.mo\/zh-hans\/#organization\"},\"potentialAction\":[{\"@type\":\"SearchAction\",\"target\":{\"@type\":\"EntryPoint\",\"urlTemplate\":\"https:\/\/www.ipim.gov.mo\/zh-hans\/?s={search_term_string}\"},\"query-input\":{\"@type\":\"PropertyValueSpecification\",\"valueRequired\":true,\"valueName\":\"search_term_string\"}}],\"inLanguage\":\"pt-PT\"},{\"@type\":\"Organization\",\"@id\":\"https:\/\/www.ipim.gov.mo\/zh-hans\/#organization\",\"name\":\"IPIM\",\"url\":\"https:\/\/www.ipim.gov.mo\/zh-hans\/\",\"logo\":{\"@type\":\"ImageObject\",\"inLanguage\":\"pt-PT\",\"@id\":\"https:\/\/www.ipim.gov.mo\/zh-hans\/#\/schema\/logo\/image\/\",\"url\":\"https:\/\/www.ipim.gov.mo\/wp-content\/uploads\/2022\/10\/default-post-thumbnail-ipim-logo.png\",\"contentUrl\":\"https:\/\/www.ipim.gov.mo\/wp-content\/uploads\/2022\/10\/default-post-thumbnail-ipim-logo.png\",\"width\":1024,\"height\":768,\"caption\":\"IPIM\"},\"image\":{\"@id\":\"https:\/\/www.ipim.gov.mo\/zh-hans\/#\/schema\/logo\/image\/\"}}]}<\/script>\r\n<!-- \/ Yoast SEO plugin. -->","yoast_head_json":{"title":"[2025\/03\/28] Sess\u00e3o Tem\u00e1tica do F\u00f3rum Verde do 2025MIECF: Foco na Inova\u00e7\u00e3o Tecnol\u00f3gica para Potenciar a Constru\u00e7\u00e3o de Cidade Bela | Commerce and Investment Promotion Institute","robots":{"index":"index","follow":"follow","max-snippet":"max-snippet:-1","max-image-preview":"max-image-preview:large","max-video-preview":"max-video-preview:-1"},"canonical":"https:\/\/www.ipim.gov.mo\/pt-pt\/noticias-do-ipim\/2025-03-28-sessao-tematica-do-forum-verde-do-2025miecf-foco-na-inovacao-tecnologica-para-potenciar-a-construcao-de-cidade-bela\/","og_locale":"pt_PT","og_type":"article","og_title":"[2025\/03\/28] Sess\u00e3o Tem\u00e1tica do F\u00f3rum Verde do 2025MIECF: Foco na Inova\u00e7\u00e3o Tecnol\u00f3gica para Potenciar a Constru\u00e7\u00e3o de Cidade Bela | Commerce and Investment Promotion Institute","og_description":"Como plataforma internacional de interc&acirc;mbio de informa&ccedil;&otilde;es ambientais, o F&oacute;rum e Exposi&ccedil;&atilde;o Internacional de Coopera&ccedil;&atilde;o Ambiental de Macau 2025 (2025MIECF) continua a explorar conjuntamente novos [&hellip;]","og_url":"https:\/\/www.ipim.gov.mo\/pt-pt\/noticias-do-ipim\/2025-03-28-sessao-tematica-do-forum-verde-do-2025miecf-foco-na-inovacao-tecnologica-para-potenciar-a-construcao-de-cidade-bela\/","og_site_name":"Commerce and Investment Promotion Institute","article_published_time":"2025-03-28T10:14:00+00:00","og_image":[{"width":320,"height":180,"url":"https:\/\/www.ipim.gov.mo\/wp-content\/uploads\/2025\/03\/N25Cb91i2o__t20250328184433.jpg","type":"image\/jpeg"}],"twitter_card":"summary_large_image","twitter_misc":{"Est. reading time":"3 minutes"},"schema":{"@context":"https:\/\/schema.org","@graph":[{"@type":"WebPage","@id":"https:\/\/www.ipim.gov.mo\/pt-pt\/noticias-do-ipim\/2025-03-28-sessao-tematica-do-forum-verde-do-2025miecf-foco-na-inovacao-tecnologica-para-potenciar-a-construcao-de-cidade-bela\/","url":"https:\/\/www.ipim.gov.mo\/pt-pt\/noticias-do-ipim\/2025-03-28-sessao-tematica-do-forum-verde-do-2025miecf-foco-na-inovacao-tecnologica-para-potenciar-a-construcao-de-cidade-bela\/","name":"[2025\/03\/28] Sess\u00e3o Tem\u00e1tica do F\u00f3rum Verde do 2025MIECF: Foco na Inova\u00e7\u00e3o Tecnol\u00f3gica para Potenciar a Constru\u00e7\u00e3o de Cidade Bela | Commerce and Investment Promotion Institute","isPartOf":{"@id":"https:\/\/www.ipim.gov.mo\/zh-hans\/#website"},"primaryImageOfPage":{"@id":"https:\/\/www.ipim.gov.mo\/pt-pt\/noticias-do-ipim\/2025-03-28-sessao-tematica-do-forum-verde-do-2025miecf-foco-na-inovacao-tecnologica-para-potenciar-a-construcao-de-cidade-bela\/#primaryimage"},"image":{"@id":"https:\/\/www.ipim.gov.mo\/pt-pt\/noticias-do-ipim\/2025-03-28-sessao-tematica-do-forum-verde-do-2025miecf-foco-na-inovacao-tecnologica-para-potenciar-a-construcao-de-cidade-bela\/#primaryimage"},"thumbnailUrl":"https:\/\/www.ipim.gov.mo\/wp-content\/uploads\/2025\/03\/N25Cb91i2o__t20250328184433.jpg","datePublished":"2025-03-28T10:14:00+00:00","breadcrumb":{"@id":"https:\/\/www.ipim.gov.mo\/pt-pt\/noticias-do-ipim\/2025-03-28-sessao-tematica-do-forum-verde-do-2025miecf-foco-na-inovacao-tecnologica-para-potenciar-a-construcao-de-cidade-bela\/#breadcrumb"},"inLanguage":"pt-PT","potentialAction":[{"@type":"ReadAction","target":["https:\/\/www.ipim.gov.mo\/pt-pt\/noticias-do-ipim\/2025-03-28-sessao-tematica-do-forum-verde-do-2025miecf-foco-na-inovacao-tecnologica-para-potenciar-a-construcao-de-cidade-bela\/"]}]},{"@type":"ImageObject","inLanguage":"pt-PT","@id":"https:\/\/www.ipim.gov.mo\/pt-pt\/noticias-do-ipim\/2025-03-28-sessao-tematica-do-forum-verde-do-2025miecf-foco-na-inovacao-tecnologica-para-potenciar-a-construcao-de-cidade-bela\/#primaryimage","url":"https:\/\/www.ipim.gov.mo\/wp-content\/uploads\/2025\/03\/N25Cb91i2o__t20250328184433.jpg","contentUrl":"https:\/\/www.ipim.gov.mo\/wp-content\/uploads\/2025\/03\/N25Cb91i2o__t20250328184433.jpg","width":320,"height":180},{"@type":"BreadcrumbList","@id":"https:\/\/www.ipim.gov.mo\/pt-pt\/noticias-do-ipim\/2025-03-28-sessao-tematica-do-forum-verde-do-2025miecf-foco-na-inovacao-tecnologica-para-potenciar-a-construcao-de-cidade-bela\/#breadcrumb","itemListElement":[{"@type":"ListItem","position":1,"name":"Home","item":"https:\/\/www.ipim.gov.mo\/pt-pt\/"},{"@type":"ListItem","position":2,"name":"[2025\/03\/28] Sess\u00e3o Tem\u00e1tica do F\u00f3rum Verde do 2025MIECF: Foco na Inova\u00e7\u00e3o Tecnol\u00f3gica para Potenciar a Constru\u00e7\u00e3o de Cidade Bela"}]},{"@type":"WebSite","@id":"https:\/\/www.ipim.gov.mo\/zh-hans\/#website","url":"https:\/\/www.ipim.gov.mo\/zh-hans\/","name":"Commerce and Investment Promotion Institute","description":"Commerce and Investment Promotion Institute","publisher":{"@id":"https:\/\/www.ipim.gov.mo\/zh-hans\/#organization"},"potentialAction":[{"@type":"SearchAction","target":{"@type":"EntryPoint","urlTemplate":"https:\/\/www.ipim.gov.mo\/zh-hans\/?s={search_term_string}"},"query-input":{"@type":"PropertyValueSpecification","valueRequired":true,"valueName":"search_term_string"}}],"inLanguage":"pt-PT"},{"@type":"Organization","@id":"https:\/\/www.ipim.gov.mo\/zh-hans\/#organization","name":"IPIM","url":"https:\/\/www.ipim.gov.mo\/zh-hans\/","logo":{"@type":"ImageObject","inLanguage":"pt-PT","@id":"https:\/\/www.ipim.gov.mo\/zh-hans\/#\/schema\/logo\/image\/","url":"https:\/\/www.ipim.gov.mo\/wp-content\/uploads\/2022\/10\/default-post-thumbnail-ipim-logo.png","contentUrl":"https:\/\/www.ipim.gov.mo\/wp-content\/uploads\/2022\/10\/default-post-thumbnail-ipim-logo.png","width":1024,"height":768,"caption":"IPIM"},"image":{"@id":"https:\/\/www.ipim.gov.mo\/zh-hans\/#\/schema\/logo\/image\/"}}]}},"author_meta":{"display_name":"","author_link":"https:\/\/www.ipim.gov.mo\/pt-pt\/author\/"},"featured_img":"https:\/\/www.ipim.gov.mo\/wp-content\/uploads\/2025\/03\/N25Cb91i2o__t20250328184433-300x169.jpg","coauthors":[],"tax_additional":{"categories":{"linked":["<a href=\"https:\/\/www.ipim.gov.mo\/pt-pt\/category\/noticias-do-ipim\/\" class=\"advgb-post-tax-term\">Not\u00edcias do IPIM<\/a>"],"unlinked":["<span class=\"advgb-post-tax-term\">Not\u00edcias do IPIM<\/span>"]}},"comment_count":"0","relative_dates":{"created":"Posted 1 year ago","modified":"Updated 1 year ago"},"absolute_dates":{"created":"Posted on Mar\u00e7o 28, 2025","modified":"Updated on Mar\u00e7o 28, 2025"},"absolute_dates_time":{"created":"Posted on Mar\u00e7o 28, 2025 6:14 pm","modified":"Updated on Mar\u00e7o 28, 2025 6:14 pm"},"featured_img_caption":"","series_order":"","_links":{"self":[{"href":"https:\/\/www.ipim.gov.mo\/pt-pt\/wp-json\/wp\/v2\/posts\/488392","targetHints":{"allow":["GET"]}}],"collection":[{"href":"https:\/\/www.ipim.gov.mo\/pt-pt\/wp-json\/wp\/v2\/posts"}],"about":[{"href":"https:\/\/www.ipim.gov.mo\/pt-pt\/wp-json\/wp\/v2\/types\/post"}],"replies":[{"embeddable":true,"href":"https:\/\/www.ipim.gov.mo\/pt-pt\/wp-json\/wp\/v2\/comments?post=488392"}],"version-history":[{"count":0,"href":"https:\/\/www.ipim.gov.mo\/pt-pt\/wp-json\/wp\/v2\/posts\/488392\/revisions"}],"wp:featuredmedia":[{"embeddable":true,"href":"https:\/\/www.ipim.gov.mo\/pt-pt\/wp-json\/wp\/v2\/media\/488393"}],"wp:attachment":[{"href":"https:\/\/www.ipim.gov.mo\/pt-pt\/wp-json\/wp\/v2\/media?parent=488392"}],"wp:term":[{"taxonomy":"category","embeddable":true,"href":"https:\/\/www.ipim.gov.mo\/pt-pt\/wp-json\/wp\/v2\/categories?post=488392"},{"taxonomy":"post_tag","embeddable":true,"href":"https:\/\/www.ipim.gov.mo\/pt-pt\/wp-json\/wp\/v2\/tags?post=488392"}],"curies":[{"name":"wp","href":"https:\/\/api.w.org\/{rel}","templated":true}]}}