{"id":488380,"date":"2025-03-28T18:44:00","date_gmt":"2025-03-28T10:44:00","guid":{"rendered":"https:\/\/www.ipim.gov.mo\/noticias-do-ipim\/2025-03-28-ja-se-arrancou-a-serie-de-actividades-no-encontro-produtos-dos-plp-contribuiram-para-o-contacto-e-negociacoes-de-mais-de-30-compradores-profissionais\/"},"modified":"2025-03-28T18:44:00","modified_gmt":"2025-03-28T10:44:00","slug":"2025-03-28-ja-se-arrancou-a-serie-de-actividades-no-encontro-produtos-dos-plp-contribuiram-para-o-contacto-e-negociacoes-de-mais-de-30-compradores-profissionais","status":"publish","type":"post","link":"https:\/\/www.ipim.gov.mo\/pt-pt\/noticias-do-ipim\/2025-03-28-ja-se-arrancou-a-serie-de-actividades-no-encontro-produtos-dos-plp-contribuiram-para-o-contacto-e-negociacoes-de-mais-de-30-compradores-profissionais\/","title":{"rendered":"[2025\/03\/28] J\u00e1 se arrancou a s\u00e9rie de actividades no \u201cEncontro\u201d! Produtos dos PLP contribu\u00edram para o contacto e negocia\u00e7\u00f5es de mais de 30 compradores profissionais"},"content":{"rendered":"<p style=\"text-align:justify\">As \u201cactividades promocionais no \u2018Encontro\u2019 e a s&eacute;rie de actividades sobre experi&ecirc;ncia dos produtos dos Pa&iacute;ses de L&iacute;ngua Portuguesa (PLP)\u201d que re&uacute;nem elementos de promo&ccedil;&atilde;o de produtos dos PLP, <em>workshops<\/em>, cursos de degusta&ccedil;&atilde;o de bebidas alco&oacute;licas, demonstra&ccedil;&otilde;es culin&aacute;rias e actividades de promo&ccedil;&atilde;o, arrancaram hoje (dia 28) na cave 1 do Complexo da Plataforma de Servi&ccedil;os para a Coopera&ccedil;&atilde;o Comercial entre a China e os Pa&iacute;ses de L&iacute;ngua Portuguesa. O evento atraiu muitos residentes e turistas que quiseram adquirir e experimentar os produtos caracter&iacute;sticos dos PLP. Por essa ocasi&atilde;o, o Instituto de Promo&ccedil;&atilde;o do Com&eacute;rcio e do Investimento (IPIM) organizou o contacto e negocia&ccedil;&otilde;es entre os distribuidores de produtos dos PLP e mais de 30 compradores profissionais.<\/p>\n<p style=\"text-align:justify\"><strong>Reuniram-se novos produtos na promo&ccedil;&atilde;o de bebidas alco&oacute;licas, promovendo o contacto e negocia&ccedil;&otilde;es dos participantes no \u201cEncontro\u201d de forma eficaz com os projectos de aquisi&ccedil;&atilde;o<\/strong><\/p>\n<p style=\"text-align:justify\">O evento de destaque do primeiro dia foi a promo&ccedil;&atilde;o de produtos alco&oacute;licos dos PLP. Oito fornecedores e distribuidores de produtos dos PLP que se registaram no Portal para a Coopera&ccedil;&atilde;o na &Aacute;rea Econ&oacute;mica, Comercial e de Recursos Humanos entre a China e os Pa&iacute;ses de l&iacute;ngua Portuguesa (doravante designado por \u201cPortal de Informa&ccedil;&atilde;o\u201d) participaram com um total de 23 variedades de vinhos finos de v&aacute;rias quintas dos PLP, incluindo novos produtos que se estreiam em Macau. As empresas participantes presentes apresentaram os seus produtos junto de mais de 30 compradores profissionais de empresas integradas de turismo e lazer, plataformas de com&eacute;rcio electr&oacute;nico, comidas e bebidas, venda a retalho, associa&ccedil;&otilde;es comerciais, etc. , com degusta&ccedil;&otilde;es e negocia&ccedil;&otilde;es, a fim de promover o contacto e negocia&ccedil;&otilde;es dos expositores no \u201cEncontro\u201d de forma eficaz com os potenciais compradores, e ao mesmo tempo, permitindo tamb&eacute;m que os compradores conhecessem, em primeira m&atilde;o, os recursos dos produtos caracter&iacute;sticos dos PLP.<\/p>\n<p style=\"text-align:justify\">Os distribuidores presentes referiram que os novos produtos despertaram bastante aten&ccedil;&atilde;o e interesse por parte dos compradores, tendo conseguido identificar oportunidades potenciais de coopera&ccedil;&atilde;o. Afirmaram, ainda, que essas actividades e a sess&atilde;o de promo&ccedil;&atilde;o fornecem um forte apoio &agrave; promo&ccedil;&atilde;o dos produtos dos PLP.<\/p>\n<p style=\"text-align:justify\"><strong>Rica gama de promo&ccedil;&otilde;es + actividades emocionantes sobre os PLP continuar&atilde;o amanh&atilde;!<\/strong><\/p>\n<p style=\"text-align:justify\">Mais de 350 produtos dos PLP e uma s&eacute;rie de actividades emocionantes dos PLP ainda v&atilde;o continuar amanh&atilde; (dia 29).<\/p>\n<p style=\"text-align:justify\">Os consumidores que realizem compras de um determinado montante no \u201cEncontro\u201d podem obter uma lembran&ccedil;a da mascote \u201cPou Kong Ieng\u201d do IPIM, ou um cup&atilde;o de refei&ccedil;&otilde;es na Torre de Macau, ou trocar um vinho de qualidade por MOP 1 se gastar mais de 300 patacas. H&aacute; muitos descontos e os pedidos s&atilde;o atendidos por ordem de chegada.<\/p>\n<p style=\"text-align:justify\">Durante o evento, ser&atilde;o realizados, de forma rotativa, <em>workshops<\/em> tem&aacute;ticos caracter&iacute;sticos, como degusta&ccedil;&atilde;o de vinhos dos PLP, pintura e colagem de cer&acirc;mica portuguesa, tran&ccedil;a de corda de sardinha e pintura manual de azulejos. Os participantes tamb&eacute;m podem participar no jogo de perguntas e respostas da visita guiada ao Pavilh&atilde;o de Exposi&ccedil;&atilde;o da Plataforma de Servi&ccedil;os para a Coopera&ccedil;&atilde;o Comercial entre a China e os Pa&iacute;ses de L&iacute;ngua Portuguesa para ganhar pr&eacute;mios fabulosos. Os chefes famosos de Macau, influentes na internet, ir&atilde;o cozinhar no local iguarias portuguesas como galinha &agrave; portuguesa e bacalhau &agrave; Br&aacute;s, permitindo que o p&uacute;blico experimente o prazer duplo do paladar e da vis&atilde;o. Tamb&eacute;m haver&aacute; um <em>flash mob<\/em> surpresa de \u201cPou Kong Ieng\u201d para interagir e tirar fotografias com o p&uacute;blico. Os residentes e turistas s&atilde;o convidados a aproveitar esta oportunidade para nos visitar e vivenciar o ambiente.<\/p>\n<p style=\"text-align:justify\">O \u201cEncontro\u201d &eacute; um novo ponto de vendas no Pavilh&atilde;o de Exposi&ccedil;&atilde;o da Plataforma de Servi&ccedil;os para a Coopera&ccedil;&atilde;o Comercial entre a China e os Pa&iacute;ses de L&iacute;ngua Portuguesa, fornecendo uma plataforma de consigna&ccedil;&atilde;o para os fornecedores e distribuidores de produtos dos PLP que se tenham registado no Portal de Informa&ccedil;&atilde;o e cumpram os certos requisitos. Actualmente, o \u201cEncontro\u201d re&uacute;ne cerca de 30 fornecedores, abrangendo mais de 350 produtos. No futuro, o \u201cEncontro\u201d continuar&aacute; a enriquecer a sua gama de tipos de produtos &agrave; venda, proporcionando aos empres&aacute;rios e clientes um espa&ccedil;o para vivenciar profundamente os produtos e a cultura dos PLP.<\/p>\n<p style=\"text-align:justify\"><strong>Aberto gratuitamente ao p&uacute;blico<\/strong><strong> o auto-silo do Complexo <\/strong><\/p>\n<p style=\"text-align:justify\">Durante as actividades promocionais no \u201cEncontro\u201d e a s&eacute;rie de actividades sobre experi&ecirc;ncia dos produtos dos PLP, o auto-silo do Complexo da Plataforma de Servi&ccedil;os para a Coopera&ccedil;&atilde;o Comercial entre a China e os Pa&iacute;ses de L&iacute;ngua Portuguesa estar&aacute; aberto ao p&uacute;blico, com lugares limitados, a funcionar por ordem de chegada. Para mais informa&ccedil;&otilde;es, consulte a p&aacute;gina electr&oacute;nica https:\/\/www.ipim.gov.mo\/pt-pt\/, a conta oficial no WeChat do IPIM ou ligue para o +853 6392 9813 \/ +853 6280 3637 durante o hor&aacute;rio de expediente.<\/p>\n","protected":false},"excerpt":{"rendered":"<p>As \u201cactividades promocionais no \u2018Encontro\u2019 e a s&eacute;rie de actividades sobre experi&ecirc;ncia dos produtos dos Pa&iacute;ses de L&iacute;ngua Portuguesa (PLP)\u201d que re&uacute;nem elementos de promo&ccedil;&atilde;o [&hellip;]<\/p>\n","protected":false},"author":0,"featured_media":488405,"comment_status":"closed","ping_status":"closed","sticky":false,"template":"","format":"standard","meta":{"_acf_changed":false,"inline_featured_image":false,"advgb_blocks_editor_width":"","advgb_blocks_columns_visual_guide":"","footnotes":""},"categories":[12],"tags":[],"class_list":["post-488380","post","type-post","status-publish","format-standard","has-post-thumbnail","hentry","category-noticias-do-ipim"],"acf":[],"yoast_head":"<!-- This site is optimized with the Yoast SEO plugin v26.2 - https:\/\/yoast.com\/wordpress\/plugins\/seo\/ -->\r\n<title>[2025\/03\/28] J\u00e1 se arrancou a s\u00e9rie de actividades no \u201cEncontro\u201d! Produtos dos PLP contribu\u00edram para o contacto e negocia\u00e7\u00f5es de mais de 30 compradores profissionais | Commerce and Investment Promotion Institute<\/title>\r\n<meta name=\"robots\" content=\"index, follow, max-snippet:-1, max-image-preview:large, max-video-preview:-1\" \/>\r\n<link rel=\"canonical\" href=\"https:\/\/www.ipim.gov.mo\/pt-pt\/noticias-do-ipim\/2025-03-28-ja-se-arrancou-a-serie-de-actividades-no-encontro-produtos-dos-plp-contribuiram-para-o-contacto-e-negociacoes-de-mais-de-30-compradores-profissionais\/\" \/>\r\n<meta property=\"og:locale\" content=\"pt_PT\" \/>\r\n<meta property=\"og:type\" content=\"article\" \/>\r\n<meta property=\"og:title\" content=\"[2025\/03\/28] J\u00e1 se arrancou a s\u00e9rie de actividades no \u201cEncontro\u201d! Produtos dos PLP contribu\u00edram para o contacto e negocia\u00e7\u00f5es de mais de 30 compradores profissionais | Commerce and Investment Promotion Institute\" \/>\r\n<meta property=\"og:description\" content=\"As \u201cactividades promocionais no \u2018Encontro\u2019 e a s&eacute;rie de actividades sobre experi&ecirc;ncia dos produtos dos Pa&iacute;ses de L&iacute;ngua Portuguesa (PLP)\u201d que re&uacute;nem elementos de promo&ccedil;&atilde;o [&hellip;]\" \/>\r\n<meta property=\"og:url\" content=\"https:\/\/www.ipim.gov.mo\/pt-pt\/noticias-do-ipim\/2025-03-28-ja-se-arrancou-a-serie-de-actividades-no-encontro-produtos-dos-plp-contribuiram-para-o-contacto-e-negociacoes-de-mais-de-30-compradores-profissionais\/\" \/>\r\n<meta property=\"og:site_name\" content=\"Commerce and Investment Promotion Institute\" \/>\r\n<meta property=\"article:published_time\" content=\"2025-03-28T10:44:00+00:00\" \/>\r\n<meta property=\"og:image\" content=\"https:\/\/www.ipim.gov.mo\/wp-content\/uploads\/2025\/03\/N25CbtnqJU__t20250328211323.jpg\" \/>\r\n\t<meta property=\"og:image:width\" content=\"320\" \/>\r\n\t<meta property=\"og:image:height\" content=\"180\" \/>\r\n\t<meta property=\"og:image:type\" content=\"image\/jpeg\" \/>\r\n<meta name=\"twitter:card\" content=\"summary_large_image\" \/>\r\n<meta name=\"twitter:label1\" content=\"Est. reading time\" \/>\n\t<meta name=\"twitter:data1\" content=\"5 minutes\" \/>\r\n<script type=\"application\/ld+json\" class=\"yoast-schema-graph\">{\"@context\":\"https:\/\/schema.org\",\"@graph\":[{\"@type\":\"WebPage\",\"@id\":\"https:\/\/www.ipim.gov.mo\/pt-pt\/noticias-do-ipim\/2025-03-28-ja-se-arrancou-a-serie-de-actividades-no-encontro-produtos-dos-plp-contribuiram-para-o-contacto-e-negociacoes-de-mais-de-30-compradores-profissionais\/\",\"url\":\"https:\/\/www.ipim.gov.mo\/pt-pt\/noticias-do-ipim\/2025-03-28-ja-se-arrancou-a-serie-de-actividades-no-encontro-produtos-dos-plp-contribuiram-para-o-contacto-e-negociacoes-de-mais-de-30-compradores-profissionais\/\",\"name\":\"[2025\/03\/28] J\u00e1 se arrancou a s\u00e9rie de actividades no \u201cEncontro\u201d! Produtos dos PLP contribu\u00edram para o contacto e negocia\u00e7\u00f5es de mais de 30 compradores profissionais | Commerce and Investment Promotion Institute\",\"isPartOf\":{\"@id\":\"https:\/\/www.ipim.gov.mo\/zh-hans\/#website\"},\"primaryImageOfPage\":{\"@id\":\"https:\/\/www.ipim.gov.mo\/pt-pt\/noticias-do-ipim\/2025-03-28-ja-se-arrancou-a-serie-de-actividades-no-encontro-produtos-dos-plp-contribuiram-para-o-contacto-e-negociacoes-de-mais-de-30-compradores-profissionais\/#primaryimage\"},\"image\":{\"@id\":\"https:\/\/www.ipim.gov.mo\/pt-pt\/noticias-do-ipim\/2025-03-28-ja-se-arrancou-a-serie-de-actividades-no-encontro-produtos-dos-plp-contribuiram-para-o-contacto-e-negociacoes-de-mais-de-30-compradores-profissionais\/#primaryimage\"},\"thumbnailUrl\":\"https:\/\/www.ipim.gov.mo\/wp-content\/uploads\/2025\/03\/N25CbtnqJU__t20250328211323.jpg\",\"datePublished\":\"2025-03-28T10:44:00+00:00\",\"breadcrumb\":{\"@id\":\"https:\/\/www.ipim.gov.mo\/pt-pt\/noticias-do-ipim\/2025-03-28-ja-se-arrancou-a-serie-de-actividades-no-encontro-produtos-dos-plp-contribuiram-para-o-contacto-e-negociacoes-de-mais-de-30-compradores-profissionais\/#breadcrumb\"},\"inLanguage\":\"pt-PT\",\"potentialAction\":[{\"@type\":\"ReadAction\",\"target\":[\"https:\/\/www.ipim.gov.mo\/pt-pt\/noticias-do-ipim\/2025-03-28-ja-se-arrancou-a-serie-de-actividades-no-encontro-produtos-dos-plp-contribuiram-para-o-contacto-e-negociacoes-de-mais-de-30-compradores-profissionais\/\"]}]},{\"@type\":\"ImageObject\",\"inLanguage\":\"pt-PT\",\"@id\":\"https:\/\/www.ipim.gov.mo\/pt-pt\/noticias-do-ipim\/2025-03-28-ja-se-arrancou-a-serie-de-actividades-no-encontro-produtos-dos-plp-contribuiram-para-o-contacto-e-negociacoes-de-mais-de-30-compradores-profissionais\/#primaryimage\",\"url\":\"https:\/\/www.ipim.gov.mo\/wp-content\/uploads\/2025\/03\/N25CbtnqJU__t20250328211323.jpg\",\"contentUrl\":\"https:\/\/www.ipim.gov.mo\/wp-content\/uploads\/2025\/03\/N25CbtnqJU__t20250328211323.jpg\",\"width\":320,\"height\":180},{\"@type\":\"BreadcrumbList\",\"@id\":\"https:\/\/www.ipim.gov.mo\/pt-pt\/noticias-do-ipim\/2025-03-28-ja-se-arrancou-a-serie-de-actividades-no-encontro-produtos-dos-plp-contribuiram-para-o-contacto-e-negociacoes-de-mais-de-30-compradores-profissionais\/#breadcrumb\",\"itemListElement\":[{\"@type\":\"ListItem\",\"position\":1,\"name\":\"Home\",\"item\":\"https:\/\/www.ipim.gov.mo\/pt-pt\/\"},{\"@type\":\"ListItem\",\"position\":2,\"name\":\"[2025\/03\/28] J\u00e1 se arrancou a s\u00e9rie de actividades no \u201cEncontro\u201d! Produtos dos PLP contribu\u00edram para o contacto e negocia\u00e7\u00f5es de mais de 30 compradores profissionais\"}]},{\"@type\":\"WebSite\",\"@id\":\"https:\/\/www.ipim.gov.mo\/zh-hans\/#website\",\"url\":\"https:\/\/www.ipim.gov.mo\/zh-hans\/\",\"name\":\"Commerce and Investment Promotion Institute\",\"description\":\"Commerce and Investment Promotion Institute\",\"publisher\":{\"@id\":\"https:\/\/www.ipim.gov.mo\/zh-hans\/#organization\"},\"potentialAction\":[{\"@type\":\"SearchAction\",\"target\":{\"@type\":\"EntryPoint\",\"urlTemplate\":\"https:\/\/www.ipim.gov.mo\/zh-hans\/?s={search_term_string}\"},\"query-input\":{\"@type\":\"PropertyValueSpecification\",\"valueRequired\":true,\"valueName\":\"search_term_string\"}}],\"inLanguage\":\"pt-PT\"},{\"@type\":\"Organization\",\"@id\":\"https:\/\/www.ipim.gov.mo\/zh-hans\/#organization\",\"name\":\"IPIM\",\"url\":\"https:\/\/www.ipim.gov.mo\/zh-hans\/\",\"logo\":{\"@type\":\"ImageObject\",\"inLanguage\":\"pt-PT\",\"@id\":\"https:\/\/www.ipim.gov.mo\/zh-hans\/#\/schema\/logo\/image\/\",\"url\":\"https:\/\/www.ipim.gov.mo\/wp-content\/uploads\/2022\/10\/default-post-thumbnail-ipim-logo.png\",\"contentUrl\":\"https:\/\/www.ipim.gov.mo\/wp-content\/uploads\/2022\/10\/default-post-thumbnail-ipim-logo.png\",\"width\":1024,\"height\":768,\"caption\":\"IPIM\"},\"image\":{\"@id\":\"https:\/\/www.ipim.gov.mo\/zh-hans\/#\/schema\/logo\/image\/\"}}]}<\/script>\r\n<!-- \/ Yoast SEO plugin. -->","yoast_head_json":{"title":"[2025\/03\/28] J\u00e1 se arrancou a s\u00e9rie de actividades no \u201cEncontro\u201d! Produtos dos PLP contribu\u00edram para o contacto e negocia\u00e7\u00f5es de mais de 30 compradores profissionais | Commerce and Investment Promotion Institute","robots":{"index":"index","follow":"follow","max-snippet":"max-snippet:-1","max-image-preview":"max-image-preview:large","max-video-preview":"max-video-preview:-1"},"canonical":"https:\/\/www.ipim.gov.mo\/pt-pt\/noticias-do-ipim\/2025-03-28-ja-se-arrancou-a-serie-de-actividades-no-encontro-produtos-dos-plp-contribuiram-para-o-contacto-e-negociacoes-de-mais-de-30-compradores-profissionais\/","og_locale":"pt_PT","og_type":"article","og_title":"[2025\/03\/28] J\u00e1 se arrancou a s\u00e9rie de actividades no \u201cEncontro\u201d! Produtos dos PLP contribu\u00edram para o contacto e negocia\u00e7\u00f5es de mais de 30 compradores profissionais | Commerce and Investment Promotion Institute","og_description":"As \u201cactividades promocionais no \u2018Encontro\u2019 e a s&eacute;rie de actividades sobre experi&ecirc;ncia dos produtos dos Pa&iacute;ses de L&iacute;ngua Portuguesa (PLP)\u201d que re&uacute;nem elementos de promo&ccedil;&atilde;o [&hellip;]","og_url":"https:\/\/www.ipim.gov.mo\/pt-pt\/noticias-do-ipim\/2025-03-28-ja-se-arrancou-a-serie-de-actividades-no-encontro-produtos-dos-plp-contribuiram-para-o-contacto-e-negociacoes-de-mais-de-30-compradores-profissionais\/","og_site_name":"Commerce and Investment Promotion Institute","article_published_time":"2025-03-28T10:44:00+00:00","og_image":[{"width":320,"height":180,"url":"https:\/\/www.ipim.gov.mo\/wp-content\/uploads\/2025\/03\/N25CbtnqJU__t20250328211323.jpg","type":"image\/jpeg"}],"twitter_card":"summary_large_image","twitter_misc":{"Est. reading time":"5 minutes"},"schema":{"@context":"https:\/\/schema.org","@graph":[{"@type":"WebPage","@id":"https:\/\/www.ipim.gov.mo\/pt-pt\/noticias-do-ipim\/2025-03-28-ja-se-arrancou-a-serie-de-actividades-no-encontro-produtos-dos-plp-contribuiram-para-o-contacto-e-negociacoes-de-mais-de-30-compradores-profissionais\/","url":"https:\/\/www.ipim.gov.mo\/pt-pt\/noticias-do-ipim\/2025-03-28-ja-se-arrancou-a-serie-de-actividades-no-encontro-produtos-dos-plp-contribuiram-para-o-contacto-e-negociacoes-de-mais-de-30-compradores-profissionais\/","name":"[2025\/03\/28] J\u00e1 se arrancou a s\u00e9rie de actividades no \u201cEncontro\u201d! Produtos dos PLP contribu\u00edram para o contacto e negocia\u00e7\u00f5es de mais de 30 compradores profissionais | Commerce and Investment Promotion Institute","isPartOf":{"@id":"https:\/\/www.ipim.gov.mo\/zh-hans\/#website"},"primaryImageOfPage":{"@id":"https:\/\/www.ipim.gov.mo\/pt-pt\/noticias-do-ipim\/2025-03-28-ja-se-arrancou-a-serie-de-actividades-no-encontro-produtos-dos-plp-contribuiram-para-o-contacto-e-negociacoes-de-mais-de-30-compradores-profissionais\/#primaryimage"},"image":{"@id":"https:\/\/www.ipim.gov.mo\/pt-pt\/noticias-do-ipim\/2025-03-28-ja-se-arrancou-a-serie-de-actividades-no-encontro-produtos-dos-plp-contribuiram-para-o-contacto-e-negociacoes-de-mais-de-30-compradores-profissionais\/#primaryimage"},"thumbnailUrl":"https:\/\/www.ipim.gov.mo\/wp-content\/uploads\/2025\/03\/N25CbtnqJU__t20250328211323.jpg","datePublished":"2025-03-28T10:44:00+00:00","breadcrumb":{"@id":"https:\/\/www.ipim.gov.mo\/pt-pt\/noticias-do-ipim\/2025-03-28-ja-se-arrancou-a-serie-de-actividades-no-encontro-produtos-dos-plp-contribuiram-para-o-contacto-e-negociacoes-de-mais-de-30-compradores-profissionais\/#breadcrumb"},"inLanguage":"pt-PT","potentialAction":[{"@type":"ReadAction","target":["https:\/\/www.ipim.gov.mo\/pt-pt\/noticias-do-ipim\/2025-03-28-ja-se-arrancou-a-serie-de-actividades-no-encontro-produtos-dos-plp-contribuiram-para-o-contacto-e-negociacoes-de-mais-de-30-compradores-profissionais\/"]}]},{"@type":"ImageObject","inLanguage":"pt-PT","@id":"https:\/\/www.ipim.gov.mo\/pt-pt\/noticias-do-ipim\/2025-03-28-ja-se-arrancou-a-serie-de-actividades-no-encontro-produtos-dos-plp-contribuiram-para-o-contacto-e-negociacoes-de-mais-de-30-compradores-profissionais\/#primaryimage","url":"https:\/\/www.ipim.gov.mo\/wp-content\/uploads\/2025\/03\/N25CbtnqJU__t20250328211323.jpg","contentUrl":"https:\/\/www.ipim.gov.mo\/wp-content\/uploads\/2025\/03\/N25CbtnqJU__t20250328211323.jpg","width":320,"height":180},{"@type":"BreadcrumbList","@id":"https:\/\/www.ipim.gov.mo\/pt-pt\/noticias-do-ipim\/2025-03-28-ja-se-arrancou-a-serie-de-actividades-no-encontro-produtos-dos-plp-contribuiram-para-o-contacto-e-negociacoes-de-mais-de-30-compradores-profissionais\/#breadcrumb","itemListElement":[{"@type":"ListItem","position":1,"name":"Home","item":"https:\/\/www.ipim.gov.mo\/pt-pt\/"},{"@type":"ListItem","position":2,"name":"[2025\/03\/28] J\u00e1 se arrancou a s\u00e9rie de actividades no \u201cEncontro\u201d! Produtos dos PLP contribu\u00edram para o contacto e negocia\u00e7\u00f5es de mais de 30 compradores profissionais"}]},{"@type":"WebSite","@id":"https:\/\/www.ipim.gov.mo\/zh-hans\/#website","url":"https:\/\/www.ipim.gov.mo\/zh-hans\/","name":"Commerce and Investment Promotion Institute","description":"Commerce and Investment Promotion Institute","publisher":{"@id":"https:\/\/www.ipim.gov.mo\/zh-hans\/#organization"},"potentialAction":[{"@type":"SearchAction","target":{"@type":"EntryPoint","urlTemplate":"https:\/\/www.ipim.gov.mo\/zh-hans\/?s={search_term_string}"},"query-input":{"@type":"PropertyValueSpecification","valueRequired":true,"valueName":"search_term_string"}}],"inLanguage":"pt-PT"},{"@type":"Organization","@id":"https:\/\/www.ipim.gov.mo\/zh-hans\/#organization","name":"IPIM","url":"https:\/\/www.ipim.gov.mo\/zh-hans\/","logo":{"@type":"ImageObject","inLanguage":"pt-PT","@id":"https:\/\/www.ipim.gov.mo\/zh-hans\/#\/schema\/logo\/image\/","url":"https:\/\/www.ipim.gov.mo\/wp-content\/uploads\/2022\/10\/default-post-thumbnail-ipim-logo.png","contentUrl":"https:\/\/www.ipim.gov.mo\/wp-content\/uploads\/2022\/10\/default-post-thumbnail-ipim-logo.png","width":1024,"height":768,"caption":"IPIM"},"image":{"@id":"https:\/\/www.ipim.gov.mo\/zh-hans\/#\/schema\/logo\/image\/"}}]}},"author_meta":{"display_name":"","author_link":"https:\/\/www.ipim.gov.mo\/pt-pt\/author\/"},"featured_img":"https:\/\/www.ipim.gov.mo\/wp-content\/uploads\/2025\/03\/N25CbtnqJU__t20250328211323-300x169.jpg","coauthors":[],"tax_additional":{"categories":{"linked":["<a href=\"https:\/\/www.ipim.gov.mo\/pt-pt\/category\/noticias-do-ipim\/\" class=\"advgb-post-tax-term\">Not\u00edcias do IPIM<\/a>"],"unlinked":["<span class=\"advgb-post-tax-term\">Not\u00edcias do IPIM<\/span>"]}},"comment_count":"0","relative_dates":{"created":"Posted 1 year ago","modified":"Updated 1 year ago"},"absolute_dates":{"created":"Posted on Mar\u00e7o 28, 2025","modified":"Updated on Mar\u00e7o 28, 2025"},"absolute_dates_time":{"created":"Posted on Mar\u00e7o 28, 2025 6:44 pm","modified":"Updated on Mar\u00e7o 28, 2025 6:44 pm"},"featured_img_caption":"","series_order":"","_links":{"self":[{"href":"https:\/\/www.ipim.gov.mo\/pt-pt\/wp-json\/wp\/v2\/posts\/488380","targetHints":{"allow":["GET"]}}],"collection":[{"href":"https:\/\/www.ipim.gov.mo\/pt-pt\/wp-json\/wp\/v2\/posts"}],"about":[{"href":"https:\/\/www.ipim.gov.mo\/pt-pt\/wp-json\/wp\/v2\/types\/post"}],"replies":[{"embeddable":true,"href":"https:\/\/www.ipim.gov.mo\/pt-pt\/wp-json\/wp\/v2\/comments?post=488380"}],"version-history":[{"count":0,"href":"https:\/\/www.ipim.gov.mo\/pt-pt\/wp-json\/wp\/v2\/posts\/488380\/revisions"}],"wp:featuredmedia":[{"embeddable":true,"href":"https:\/\/www.ipim.gov.mo\/pt-pt\/wp-json\/wp\/v2\/media\/488405"}],"wp:attachment":[{"href":"https:\/\/www.ipim.gov.mo\/pt-pt\/wp-json\/wp\/v2\/media?parent=488380"}],"wp:term":[{"taxonomy":"category","embeddable":true,"href":"https:\/\/www.ipim.gov.mo\/pt-pt\/wp-json\/wp\/v2\/categories?post=488380"},{"taxonomy":"post_tag","embeddable":true,"href":"https:\/\/www.ipim.gov.mo\/pt-pt\/wp-json\/wp\/v2\/tags?post=488380"}],"curies":[{"name":"wp","href":"https:\/\/api.w.org\/{rel}","templated":true}]}}