{"id":488371,"date":"2025-03-28T16:30:00","date_gmt":"2025-03-28T08:30:00","guid":{"rendered":"https:\/\/www.ipim.gov.mo\/noticias-do-ipim\/2025-03-28-dia-verde-do-publico-do-2025miecf-promove-a-construcao-de-um-futuro-de-baixo-carbono\/"},"modified":"2025-03-28T16:30:00","modified_gmt":"2025-03-28T08:30:00","slug":"2025-03-28-dia-verde-do-publico-do-2025miecf-promove-a-construcao-de-um-futuro-de-baixo-carbono","status":"publish","type":"post","link":"https:\/\/www.ipim.gov.mo\/pt-pt\/noticias-do-ipim\/2025-03-28-dia-verde-do-publico-do-2025miecf-promove-a-construcao-de-um-futuro-de-baixo-carbono\/","title":{"rendered":"[2025\/03\/28] \u201cDia Verde do P\u00fablico\u201d do 2025MIECF promove a constru\u00e7\u00e3o de um futuro de baixo carbono"},"content":{"rendered":"<p style=\"text-align:justify\">O F&oacute;rum e Exposi&ccedil;&atilde;o Internacional de Coopera&ccedil;&atilde;o Ambiental de Macau 2025 (2025MIECF) dedicar&aacute; o &uacute;ltimo dia do evento, amanh&atilde; (29 de Mar&ccedil;o), ao \u201cDia Verde do P&uacute;blico\u201d, com entrada gratuita. Esta edi&ccedil;&atilde;o do evento destaca m&uacute;ltiplos elementos verdes, proporcionando ao p&uacute;blico, atrav&eacute;s da sua plataforma, informa&ccedil;&otilde;es e acesso &agrave;s tecnologias mais recentes sobre protec&ccedil;&atilde;o ambiental, incentivando a adop&ccedil;&atilde;o de um estilo de vida sustent&aacute;vel e promovendo a constru&ccedil;&atilde;o de um futuro de baixo carbono.<\/p>\n<p style=\"text-align:justify\">Tendo por tema \u201cInova&ccedil;&atilde;o e Desenvolvimento Verde \u2014 Solu&ccedil;&otilde;es para a Constru&ccedil;&atilde;o de Cidades Belas\u201d, o \u201cDia Verde do P&uacute;blico\u201d do 2025MIECF oferecer&aacute; uma experi&ecirc;ncia diversificada e enriquecedora, com elementos verdes. O p&uacute;blico &eacute; convidado a visitar gratuitamente a exposi&ccedil;&atilde;o amanh&atilde; (dia 29), podendo explorar, na Mostra Verde, produtos e tecnologias ambientais provenientes de diversas regi&otilde;es, tanto locais como internacionais. Ao visitar as diferentes zonas de exposi&ccedil;&atilde;o do 2025MIECF, os residentes poder&atilde;o obter informa&ccedil;&otilde;es sobre protec&ccedil;&atilde;o ambiental e compreender como a tecnologia verde pode ser aplicada &agrave; vida quotidiana, inspirando assim o pensamento verde e inovador no dom&iacute;nio ecol&oacute;gico.<\/p>\n<p style=\"text-align:justify\">Tal como em edi&ccedil;&otilde;es anteriores, o evento incluir&aacute; uma s&eacute;rie de actividades de sensibiliza&ccedil;&atilde;o e educa&ccedil;&atilde;o ambiental, nomeadamente, jogos no palco, tendas de jogos, <em>workshops<\/em> com temas ambientais e um grande sorteio com pr&eacute;mios. Convidam-se os residentes a participar com familiares e amigos, aprendendo, de forma l&uacute;dica e educativa, diversas pr&aacute;ticas para a redu&ccedil;&atilde;o das emiss&otilde;es de carbono, no quotidiano. Al&eacute;m disso, poder&atilde;o dar asas &agrave; criatividade e experimentar, em primeira m&atilde;o, o conceito de \u201ctransformar res&iacute;duos em tesouros\u201d, explorando o reaproveitamento sustent&aacute;vel de materiais. Paralelamente, os visitantes que efectuarem o registo no posto de inscri&ccedil;&atilde;o para o Programa de Pontos \u201cVerdes\u201d receber&atilde;o uma recompensa de 50 pontos de carbono, enquanto aqueles que participarem nas actividades do evento poder&atilde;o ganhar brindes ecol&oacute;gicos e interagir e tirar fotografias com a mascote da Direc&ccedil;&atilde;o dos Servi&ccedil;os de Protec&ccedil;&atilde;o Ambiental, promovendo o conceito de um estilo de vida verde e de baixo carbono.<\/p>\n<p style=\"text-align:justify\">De modo a incentivar a pr&aacute;tica da desloca&ccedil;&atilde;o ecol&oacute;gica, a entidade organizadora disponibilizar&aacute;, no \u201cDia Verde do P&uacute;blico\u201d, um transporte gratuito, com quatro carreiras de autocarros el&eacute;ctricos a circular entre as Zona Central e Norte, a Taipa e o recinto do MIECF. A zona de actividades de protec&ccedil;&atilde;o ambiental estar&aacute; aberta ao p&uacute;blico amanh&atilde; (S&aacute;bado), das 10:00 &agrave;s 17:00, no Pavilh&atilde;o A da Cotai Expo do <em>The Venetian Macao<\/em>. Para mais informa&ccedil;&otilde;es, consulte o site oficial: www.macaomiecf.com.<\/p>\n<p style=\"text-align:justify\">Com vista a refor&ccedil;ar o interc&acirc;mbio t&eacute;cnico na &aacute;rea da protec&ccedil;&atilde;o ambiental, a entidade organizadora ir&aacute; agendar, para a manh&atilde; do dia 29 de Mar&ccedil;o (S&aacute;bado), uma visita t&eacute;cnica &agrave;s instala&ccedil;&otilde;es de reciclagem de equipamentos electr&oacute;nicos e el&eacute;ctricos e &agrave;s Zonas Ecol&oacute;gicas do Cotai. Os interessados s&atilde;o convidados a proceder &agrave; pr&eacute;-inscri&ccedil;&atilde;o.<\/p>\n<p style=\"text-align:justify\">&nbsp;<\/p>\n","protected":false},"excerpt":{"rendered":"<p>O F&oacute;rum e Exposi&ccedil;&atilde;o Internacional de Coopera&ccedil;&atilde;o Ambiental de Macau 2025 (2025MIECF) dedicar&aacute; o &uacute;ltimo dia do evento, amanh&atilde; (29 de Mar&ccedil;o), ao \u201cDia Verde [&hellip;]<\/p>\n","protected":false},"author":0,"featured_media":488385,"comment_status":"closed","ping_status":"closed","sticky":false,"template":"","format":"standard","meta":{"_acf_changed":false,"inline_featured_image":false,"advgb_blocks_editor_width":"","advgb_blocks_columns_visual_guide":"","footnotes":""},"categories":[12],"tags":[],"class_list":["post-488371","post","type-post","status-publish","format-standard","has-post-thumbnail","hentry","category-noticias-do-ipim"],"acf":[],"yoast_head":"<!-- This site is optimized with the Yoast SEO plugin v26.2 - https:\/\/yoast.com\/wordpress\/plugins\/seo\/ -->\r\n<title>[2025\/03\/28] \u201cDia Verde do P\u00fablico\u201d do 2025MIECF promove a constru\u00e7\u00e3o de um futuro de baixo carbono | Commerce and Investment Promotion Institute<\/title>\r\n<meta name=\"robots\" content=\"index, follow, max-snippet:-1, max-image-preview:large, max-video-preview:-1\" \/>\r\n<link rel=\"canonical\" href=\"https:\/\/www.ipim.gov.mo\/pt-pt\/noticias-do-ipim\/2025-03-28-dia-verde-do-publico-do-2025miecf-promove-a-construcao-de-um-futuro-de-baixo-carbono\/\" \/>\r\n<meta property=\"og:locale\" content=\"pt_PT\" \/>\r\n<meta property=\"og:type\" content=\"article\" \/>\r\n<meta property=\"og:title\" content=\"[2025\/03\/28] \u201cDia Verde do P\u00fablico\u201d do 2025MIECF promove a constru\u00e7\u00e3o de um futuro de baixo carbono | Commerce and Investment Promotion Institute\" \/>\r\n<meta property=\"og:description\" content=\"O F&oacute;rum e Exposi&ccedil;&atilde;o Internacional de Coopera&ccedil;&atilde;o Ambiental de Macau 2025 (2025MIECF) dedicar&aacute; o &uacute;ltimo dia do evento, amanh&atilde; (29 de Mar&ccedil;o), ao \u201cDia Verde [&hellip;]\" \/>\r\n<meta property=\"og:url\" content=\"https:\/\/www.ipim.gov.mo\/pt-pt\/noticias-do-ipim\/2025-03-28-dia-verde-do-publico-do-2025miecf-promove-a-construcao-de-um-futuro-de-baixo-carbono\/\" \/>\r\n<meta property=\"og:site_name\" content=\"Commerce and Investment Promotion Institute\" \/>\r\n<meta property=\"article:published_time\" content=\"2025-03-28T08:30:00+00:00\" \/>\r\n<meta property=\"og:image\" content=\"https:\/\/www.ipim.gov.mo\/wp-content\/uploads\/2025\/03\/N25CbxZdse__t20250328184434.jpg\" \/>\r\n\t<meta property=\"og:image:width\" content=\"320\" \/>\r\n\t<meta property=\"og:image:height\" content=\"180\" \/>\r\n\t<meta property=\"og:image:type\" content=\"image\/jpeg\" \/>\r\n<meta name=\"twitter:card\" content=\"summary_large_image\" \/>\r\n<meta name=\"twitter:label1\" content=\"Est. reading time\" \/>\n\t<meta name=\"twitter:data1\" content=\"3 minutes\" \/>\r\n<script type=\"application\/ld+json\" class=\"yoast-schema-graph\">{\"@context\":\"https:\/\/schema.org\",\"@graph\":[{\"@type\":\"WebPage\",\"@id\":\"https:\/\/www.ipim.gov.mo\/pt-pt\/noticias-do-ipim\/2025-03-28-dia-verde-do-publico-do-2025miecf-promove-a-construcao-de-um-futuro-de-baixo-carbono\/\",\"url\":\"https:\/\/www.ipim.gov.mo\/pt-pt\/noticias-do-ipim\/2025-03-28-dia-verde-do-publico-do-2025miecf-promove-a-construcao-de-um-futuro-de-baixo-carbono\/\",\"name\":\"[2025\/03\/28] \u201cDia Verde do P\u00fablico\u201d do 2025MIECF promove a constru\u00e7\u00e3o de um futuro de baixo carbono | Commerce and Investment Promotion Institute\",\"isPartOf\":{\"@id\":\"https:\/\/www.ipim.gov.mo\/zh-hans\/#website\"},\"primaryImageOfPage\":{\"@id\":\"https:\/\/www.ipim.gov.mo\/pt-pt\/noticias-do-ipim\/2025-03-28-dia-verde-do-publico-do-2025miecf-promove-a-construcao-de-um-futuro-de-baixo-carbono\/#primaryimage\"},\"image\":{\"@id\":\"https:\/\/www.ipim.gov.mo\/pt-pt\/noticias-do-ipim\/2025-03-28-dia-verde-do-publico-do-2025miecf-promove-a-construcao-de-um-futuro-de-baixo-carbono\/#primaryimage\"},\"thumbnailUrl\":\"https:\/\/www.ipim.gov.mo\/wp-content\/uploads\/2025\/03\/N25CbxZdse__t20250328184434.jpg\",\"datePublished\":\"2025-03-28T08:30:00+00:00\",\"breadcrumb\":{\"@id\":\"https:\/\/www.ipim.gov.mo\/pt-pt\/noticias-do-ipim\/2025-03-28-dia-verde-do-publico-do-2025miecf-promove-a-construcao-de-um-futuro-de-baixo-carbono\/#breadcrumb\"},\"inLanguage\":\"pt-PT\",\"potentialAction\":[{\"@type\":\"ReadAction\",\"target\":[\"https:\/\/www.ipim.gov.mo\/pt-pt\/noticias-do-ipim\/2025-03-28-dia-verde-do-publico-do-2025miecf-promove-a-construcao-de-um-futuro-de-baixo-carbono\/\"]}]},{\"@type\":\"ImageObject\",\"inLanguage\":\"pt-PT\",\"@id\":\"https:\/\/www.ipim.gov.mo\/pt-pt\/noticias-do-ipim\/2025-03-28-dia-verde-do-publico-do-2025miecf-promove-a-construcao-de-um-futuro-de-baixo-carbono\/#primaryimage\",\"url\":\"https:\/\/www.ipim.gov.mo\/wp-content\/uploads\/2025\/03\/N25CbxZdse__t20250328184434.jpg\",\"contentUrl\":\"https:\/\/www.ipim.gov.mo\/wp-content\/uploads\/2025\/03\/N25CbxZdse__t20250328184434.jpg\",\"width\":320,\"height\":180},{\"@type\":\"BreadcrumbList\",\"@id\":\"https:\/\/www.ipim.gov.mo\/pt-pt\/noticias-do-ipim\/2025-03-28-dia-verde-do-publico-do-2025miecf-promove-a-construcao-de-um-futuro-de-baixo-carbono\/#breadcrumb\",\"itemListElement\":[{\"@type\":\"ListItem\",\"position\":1,\"name\":\"Home\",\"item\":\"https:\/\/www.ipim.gov.mo\/pt-pt\/\"},{\"@type\":\"ListItem\",\"position\":2,\"name\":\"[2025\/03\/28] \u201cDia Verde do P\u00fablico\u201d do 2025MIECF promove a constru\u00e7\u00e3o de um futuro de baixo carbono\"}]},{\"@type\":\"WebSite\",\"@id\":\"https:\/\/www.ipim.gov.mo\/zh-hans\/#website\",\"url\":\"https:\/\/www.ipim.gov.mo\/zh-hans\/\",\"name\":\"Commerce and Investment Promotion Institute\",\"description\":\"Commerce and Investment Promotion Institute\",\"publisher\":{\"@id\":\"https:\/\/www.ipim.gov.mo\/zh-hans\/#organization\"},\"potentialAction\":[{\"@type\":\"SearchAction\",\"target\":{\"@type\":\"EntryPoint\",\"urlTemplate\":\"https:\/\/www.ipim.gov.mo\/zh-hans\/?s={search_term_string}\"},\"query-input\":{\"@type\":\"PropertyValueSpecification\",\"valueRequired\":true,\"valueName\":\"search_term_string\"}}],\"inLanguage\":\"pt-PT\"},{\"@type\":\"Organization\",\"@id\":\"https:\/\/www.ipim.gov.mo\/zh-hans\/#organization\",\"name\":\"IPIM\",\"url\":\"https:\/\/www.ipim.gov.mo\/zh-hans\/\",\"logo\":{\"@type\":\"ImageObject\",\"inLanguage\":\"pt-PT\",\"@id\":\"https:\/\/www.ipim.gov.mo\/zh-hans\/#\/schema\/logo\/image\/\",\"url\":\"https:\/\/www.ipim.gov.mo\/wp-content\/uploads\/2022\/10\/default-post-thumbnail-ipim-logo.png\",\"contentUrl\":\"https:\/\/www.ipim.gov.mo\/wp-content\/uploads\/2022\/10\/default-post-thumbnail-ipim-logo.png\",\"width\":1024,\"height\":768,\"caption\":\"IPIM\"},\"image\":{\"@id\":\"https:\/\/www.ipim.gov.mo\/zh-hans\/#\/schema\/logo\/image\/\"}}]}<\/script>\r\n<!-- \/ Yoast SEO plugin. -->","yoast_head_json":{"title":"[2025\/03\/28] \u201cDia Verde do P\u00fablico\u201d do 2025MIECF promove a constru\u00e7\u00e3o de um futuro de baixo carbono | Commerce and Investment Promotion Institute","robots":{"index":"index","follow":"follow","max-snippet":"max-snippet:-1","max-image-preview":"max-image-preview:large","max-video-preview":"max-video-preview:-1"},"canonical":"https:\/\/www.ipim.gov.mo\/pt-pt\/noticias-do-ipim\/2025-03-28-dia-verde-do-publico-do-2025miecf-promove-a-construcao-de-um-futuro-de-baixo-carbono\/","og_locale":"pt_PT","og_type":"article","og_title":"[2025\/03\/28] \u201cDia Verde do P\u00fablico\u201d do 2025MIECF promove a constru\u00e7\u00e3o de um futuro de baixo carbono | Commerce and Investment Promotion Institute","og_description":"O F&oacute;rum e Exposi&ccedil;&atilde;o Internacional de Coopera&ccedil;&atilde;o Ambiental de Macau 2025 (2025MIECF) dedicar&aacute; o &uacute;ltimo dia do evento, amanh&atilde; (29 de Mar&ccedil;o), ao \u201cDia Verde [&hellip;]","og_url":"https:\/\/www.ipim.gov.mo\/pt-pt\/noticias-do-ipim\/2025-03-28-dia-verde-do-publico-do-2025miecf-promove-a-construcao-de-um-futuro-de-baixo-carbono\/","og_site_name":"Commerce and Investment Promotion Institute","article_published_time":"2025-03-28T08:30:00+00:00","og_image":[{"width":320,"height":180,"url":"https:\/\/www.ipim.gov.mo\/wp-content\/uploads\/2025\/03\/N25CbxZdse__t20250328184434.jpg","type":"image\/jpeg"}],"twitter_card":"summary_large_image","twitter_misc":{"Est. reading time":"3 minutes"},"schema":{"@context":"https:\/\/schema.org","@graph":[{"@type":"WebPage","@id":"https:\/\/www.ipim.gov.mo\/pt-pt\/noticias-do-ipim\/2025-03-28-dia-verde-do-publico-do-2025miecf-promove-a-construcao-de-um-futuro-de-baixo-carbono\/","url":"https:\/\/www.ipim.gov.mo\/pt-pt\/noticias-do-ipim\/2025-03-28-dia-verde-do-publico-do-2025miecf-promove-a-construcao-de-um-futuro-de-baixo-carbono\/","name":"[2025\/03\/28] \u201cDia Verde do P\u00fablico\u201d do 2025MIECF promove a constru\u00e7\u00e3o de um futuro de baixo carbono | Commerce and Investment Promotion Institute","isPartOf":{"@id":"https:\/\/www.ipim.gov.mo\/zh-hans\/#website"},"primaryImageOfPage":{"@id":"https:\/\/www.ipim.gov.mo\/pt-pt\/noticias-do-ipim\/2025-03-28-dia-verde-do-publico-do-2025miecf-promove-a-construcao-de-um-futuro-de-baixo-carbono\/#primaryimage"},"image":{"@id":"https:\/\/www.ipim.gov.mo\/pt-pt\/noticias-do-ipim\/2025-03-28-dia-verde-do-publico-do-2025miecf-promove-a-construcao-de-um-futuro-de-baixo-carbono\/#primaryimage"},"thumbnailUrl":"https:\/\/www.ipim.gov.mo\/wp-content\/uploads\/2025\/03\/N25CbxZdse__t20250328184434.jpg","datePublished":"2025-03-28T08:30:00+00:00","breadcrumb":{"@id":"https:\/\/www.ipim.gov.mo\/pt-pt\/noticias-do-ipim\/2025-03-28-dia-verde-do-publico-do-2025miecf-promove-a-construcao-de-um-futuro-de-baixo-carbono\/#breadcrumb"},"inLanguage":"pt-PT","potentialAction":[{"@type":"ReadAction","target":["https:\/\/www.ipim.gov.mo\/pt-pt\/noticias-do-ipim\/2025-03-28-dia-verde-do-publico-do-2025miecf-promove-a-construcao-de-um-futuro-de-baixo-carbono\/"]}]},{"@type":"ImageObject","inLanguage":"pt-PT","@id":"https:\/\/www.ipim.gov.mo\/pt-pt\/noticias-do-ipim\/2025-03-28-dia-verde-do-publico-do-2025miecf-promove-a-construcao-de-um-futuro-de-baixo-carbono\/#primaryimage","url":"https:\/\/www.ipim.gov.mo\/wp-content\/uploads\/2025\/03\/N25CbxZdse__t20250328184434.jpg","contentUrl":"https:\/\/www.ipim.gov.mo\/wp-content\/uploads\/2025\/03\/N25CbxZdse__t20250328184434.jpg","width":320,"height":180},{"@type":"BreadcrumbList","@id":"https:\/\/www.ipim.gov.mo\/pt-pt\/noticias-do-ipim\/2025-03-28-dia-verde-do-publico-do-2025miecf-promove-a-construcao-de-um-futuro-de-baixo-carbono\/#breadcrumb","itemListElement":[{"@type":"ListItem","position":1,"name":"Home","item":"https:\/\/www.ipim.gov.mo\/pt-pt\/"},{"@type":"ListItem","position":2,"name":"[2025\/03\/28] \u201cDia Verde do P\u00fablico\u201d do 2025MIECF promove a constru\u00e7\u00e3o de um futuro de baixo carbono"}]},{"@type":"WebSite","@id":"https:\/\/www.ipim.gov.mo\/zh-hans\/#website","url":"https:\/\/www.ipim.gov.mo\/zh-hans\/","name":"Commerce and Investment Promotion Institute","description":"Commerce and Investment Promotion Institute","publisher":{"@id":"https:\/\/www.ipim.gov.mo\/zh-hans\/#organization"},"potentialAction":[{"@type":"SearchAction","target":{"@type":"EntryPoint","urlTemplate":"https:\/\/www.ipim.gov.mo\/zh-hans\/?s={search_term_string}"},"query-input":{"@type":"PropertyValueSpecification","valueRequired":true,"valueName":"search_term_string"}}],"inLanguage":"pt-PT"},{"@type":"Organization","@id":"https:\/\/www.ipim.gov.mo\/zh-hans\/#organization","name":"IPIM","url":"https:\/\/www.ipim.gov.mo\/zh-hans\/","logo":{"@type":"ImageObject","inLanguage":"pt-PT","@id":"https:\/\/www.ipim.gov.mo\/zh-hans\/#\/schema\/logo\/image\/","url":"https:\/\/www.ipim.gov.mo\/wp-content\/uploads\/2022\/10\/default-post-thumbnail-ipim-logo.png","contentUrl":"https:\/\/www.ipim.gov.mo\/wp-content\/uploads\/2022\/10\/default-post-thumbnail-ipim-logo.png","width":1024,"height":768,"caption":"IPIM"},"image":{"@id":"https:\/\/www.ipim.gov.mo\/zh-hans\/#\/schema\/logo\/image\/"}}]}},"author_meta":{"display_name":"","author_link":"https:\/\/www.ipim.gov.mo\/pt-pt\/author\/"},"featured_img":"https:\/\/www.ipim.gov.mo\/wp-content\/uploads\/2025\/03\/N25CbxZdse__t20250328184434-300x169.jpg","coauthors":[],"tax_additional":{"categories":{"linked":["<a href=\"https:\/\/www.ipim.gov.mo\/pt-pt\/category\/noticias-do-ipim\/\" class=\"advgb-post-tax-term\">Not\u00edcias do IPIM<\/a>"],"unlinked":["<span class=\"advgb-post-tax-term\">Not\u00edcias do IPIM<\/span>"]}},"comment_count":"0","relative_dates":{"created":"Posted 1 year ago","modified":"Updated 1 year ago"},"absolute_dates":{"created":"Posted on Mar\u00e7o 28, 2025","modified":"Updated on Mar\u00e7o 28, 2025"},"absolute_dates_time":{"created":"Posted on Mar\u00e7o 28, 2025 4:30 pm","modified":"Updated on Mar\u00e7o 28, 2025 4:30 pm"},"featured_img_caption":"","series_order":"","_links":{"self":[{"href":"https:\/\/www.ipim.gov.mo\/pt-pt\/wp-json\/wp\/v2\/posts\/488371","targetHints":{"allow":["GET"]}}],"collection":[{"href":"https:\/\/www.ipim.gov.mo\/pt-pt\/wp-json\/wp\/v2\/posts"}],"about":[{"href":"https:\/\/www.ipim.gov.mo\/pt-pt\/wp-json\/wp\/v2\/types\/post"}],"replies":[{"embeddable":true,"href":"https:\/\/www.ipim.gov.mo\/pt-pt\/wp-json\/wp\/v2\/comments?post=488371"}],"version-history":[{"count":0,"href":"https:\/\/www.ipim.gov.mo\/pt-pt\/wp-json\/wp\/v2\/posts\/488371\/revisions"}],"wp:featuredmedia":[{"embeddable":true,"href":"https:\/\/www.ipim.gov.mo\/pt-pt\/wp-json\/wp\/v2\/media\/488385"}],"wp:attachment":[{"href":"https:\/\/www.ipim.gov.mo\/pt-pt\/wp-json\/wp\/v2\/media?parent=488371"}],"wp:term":[{"taxonomy":"category","embeddable":true,"href":"https:\/\/www.ipim.gov.mo\/pt-pt\/wp-json\/wp\/v2\/categories?post=488371"},{"taxonomy":"post_tag","embeddable":true,"href":"https:\/\/www.ipim.gov.mo\/pt-pt\/wp-json\/wp\/v2\/tags?post=488371"}],"curies":[{"name":"wp","href":"https:\/\/api.w.org\/{rel}","templated":true}]}}