{"id":488363,"date":"2025-03-28T16:51:00","date_gmt":"2025-03-28T08:51:00","guid":{"rendered":"https:\/\/www.ipim.gov.mo\/noticias-do-ipim\/2025-03-28-forum-verde-do-2025miecf-aborda-o-desenvolvimento-de-transicao-verde-com-novas-forcas-produtivas-de-qualidade\/"},"modified":"2025-03-28T16:51:00","modified_gmt":"2025-03-28T08:51:00","slug":"2025-03-28-forum-verde-do-2025miecf-aborda-o-desenvolvimento-de-transicao-verde-com-novas-forcas-produtivas-de-qualidade","status":"publish","type":"post","link":"https:\/\/www.ipim.gov.mo\/pt-pt\/noticias-do-ipim\/2025-03-28-forum-verde-do-2025miecf-aborda-o-desenvolvimento-de-transicao-verde-com-novas-forcas-produtivas-de-qualidade\/","title":{"rendered":"[2025\/03\/28] F\u00f3rum Verde do 2025MIECF aborda o desenvolvimento de transi\u00e7\u00e3o verde com novas for\u00e7as produtivas de qualidade"},"content":{"rendered":"<p style=\"text-align:justify\">Organizado pelo Governo da Regi&atilde;o Administrativa Especial de Macau, o F&oacute;rum e Exposi&ccedil;&atilde;o Internacional de Coopera&ccedil;&atilde;o Ambiental de Macau 2025 (2025MIECF) conta com o Instituto de Promo&ccedil;&atilde;o do Com&eacute;rcio e do Investimento (IPIM) e a Direc&ccedil;&atilde;o dos Servi&ccedil;os de Protec&ccedil;&atilde;o Ambiental (DSPA) como entidades coordenadoras oficiais. O 2025MIECF realizou hoje (28 de Mar&ccedil;o) a agenda do seu segundo dia de exposi&ccedil;&atilde;o, que consistia em tr&ecirc;s sess&otilde;es tem&aacute;ticas do \u201cF&oacute;rum Verde\u201d em torno do tema \u201cInova&ccedil;&atilde;o e Desenvolvimento Verde \u2014 Solu&ccedil;&otilde;es para a Constru&ccedil;&atilde;o de Cidades Belas\u201d. Foram convidados especialistas e elites do sector ambiental, provenientes de v&aacute;rios pa&iacute;ses e regi&otilde;es, para se concentrarem em tem&aacute;ticas como: o desenvolvimento da transforma&ccedil;&atilde;o ecol&oacute;gica, a inova&ccedil;&atilde;o tecnol&oacute;gica, bem como o interc&acirc;mbio e a coopera&ccedil;&atilde;o com a Regi&atilde;o do Pan-Delta do Rio das P&eacute;rolas, no &acirc;mbito da protec&ccedil;&atilde;o ambiental, com o objectivo de partilhar as informa&ccedil;&otilde;es e tecnologias mais recentes na &aacute;rea da protec&ccedil;&atilde;o ambiental e estimular ainda mais o desenvolvimento verde de alta qualidade.<\/p>\n<p style=\"text-align:justify\">Para a Sess&atilde;o I do F&oacute;rum Verde, realizada esta manh&atilde; (dia 28) e subordinada ao tema \u201cTransi&ccedil;&atilde;o Verde Impulsionada por Novas For&ccedil;as Produtivas de Qualidade\u201d, foram convidados, como oradores: Xu Bijiu, Director-Geral do Gabinete Central de Supervis&atilde;o e Coordena&ccedil;&atilde;o da Protec&ccedil;&atilde;o Ecol&oacute;gica e Ambiental do Minist&eacute;rio da Ecologia e Ambiente da Rep&uacute;blica Popular da China; Tao Xiaosong, Directora Adjunta do Gabinete Geral do Minist&eacute;rio da Ecologia e Ambiente da Rep&uacute;blica Popular da China; Jos&eacute; Carlos Pimenta Machado, Presidente&nbsp;do Conselho Directivo&nbsp;da Ag&ecirc;ncia Portuguesa do Ambiente; Gao Bo, Chefe de Equipa do Grupo de Investiga&ccedil;&atilde;o do Instituto de Investiga&ccedil;&atilde;o de Recursos H&iacute;dricos e Energia Hidroel&eacute;ctrica da China; e James Lander, Co-Fundador e Director da ALGAESYS S.A. A sess&atilde;o foi moderada por Wong Seng Fat, Alfred, Director interino do Col&eacute;gio Cheng Yu Tung da Universidade de Macau.<\/p>\n<p style=\"text-align:justify\">A promo&ccedil;&atilde;o de pr&aacute;ticas ecol&oacute;gicas e de baixo carbono &eacute; essencial para o desenvolvimento de alta qualidade da sociedade, numa era caracterizada por um r&aacute;pido crescimento econ&oacute;mico global e recursos limitados. As for&ccedil;as produtivas de qualidade emergentes, que integram tecnologias avan&ccedil;adas, efici&ecirc;ncia operacional e padr&otilde;es de qualidade elevados, s&atilde;o uma nova for&ccedil;a motriz que fomenta o desenvolvimento socio-econ&oacute;mico no sentido da transforma&ccedil;&atilde;o ecol&oacute;gica. Os oradores abordaram, com base nas experi&ecirc;ncias obtidas na sua &aacute;rea profissional, o papel das novas for&ccedil;as produtivas de qualidade na promo&ccedil;&atilde;o do crescimento econ&oacute;mico e na salvaguarda da integridade ecol&oacute;gica, no sentido de concretizar um futuro promissor do desenvolvimento sustent&aacute;vel.<\/p>\n<p style=\"text-align:justify\">Em termos concretos, Xu Bijiu proferiu um discurso intitulado \u201cAplica&ccedil;&atilde;o de Princ&iacute;pios de Desenvolvimento Ecol&oacute;gico para Promover Novas For&ccedil;as Produtivas de Qualidade\u201d. Tao Xiaosong, por sua vez, dedicou-se ao tema \u201cCultivar e Melhorar as Novas For&ccedil;as Produtivas de Qualidade para Impulsionar o Desenvolvimento de Alta Qualidade com Elevados N&iacute;veis de Protec&ccedil;&atilde;o\u201d e apresentou os resultados positivos alcan&ccedil;ados pela promo&ccedil;&atilde;o do desenvolvimento verde de baixo carbono e a constru&ccedil;&atilde;o acelerada de um sistema pol&iacute;tico para promover as novas for&ccedil;as produtivas de qualidade no dom&iacute;nio da ecologia. A oradora salientou ainda que a protec&ccedil;&atilde;o de alto n&iacute;vel e o desenvolvimento de alta qualidade podem ser promovidos, de forma sin&eacute;rgica, atrav&eacute;s da preven&ccedil;&atilde;o e do controlo a partir de origem, de uma gest&atilde;o e um controlo precisos, da orienta&ccedil;&atilde;o regulamentar e da interven&ccedil;&atilde;o no mercado.<\/p>\n<p style=\"text-align:justify\">Al&eacute;m disso, outros oradores apresentaram os seus discursos, subordinados aos seguintes t&oacute;picos: \u201cAbra&ccedil;ar Novos Desafios para a Transi&ccedil;&atilde;o Verde \u2014 A Perspectiva Portuguesa\u201d, \u201cNova Tecnologia de Detec&ccedil;&atilde;o de Poluentes e a sua Aplica&ccedil;&atilde;o para Novas For&ccedil;as Produtivas de Qualidade \u2014 Tomando os Micropl&aacute;sticos como Exemplo\u201d, e \u201c&Aacute;gua Circular e Solu&ccedil;&otilde;es para Evitar o Desperd&iacute;cio para Economias em Regenera&ccedil;&atilde;o\u201d.<\/p>\n<p style=\"text-align:justify\">Com o intuito de desempenhar eficazmente o papel de plataforma de partilha de conhecimentos profissionais, a edi&ccedil;&atilde;o deste ano do MIECF continua a solicitar a certifica&ccedil;&atilde;o profissional para as sess&otilde;es designadas e ser&atilde;o emitidos certificados de participa&ccedil;&atilde;o para os participantes que o solicitem.<\/p>\n<p align=\"right\" style=\"text-align:right\">&nbsp;<\/p>\n","protected":false},"excerpt":{"rendered":"<p>Organizado pelo Governo da Regi&atilde;o Administrativa Especial de Macau, o F&oacute;rum e Exposi&ccedil;&atilde;o Internacional de Coopera&ccedil;&atilde;o Ambiental de Macau 2025 (2025MIECF) conta com o Instituto [&hellip;]<\/p>\n","protected":false},"author":0,"featured_media":488397,"comment_status":"closed","ping_status":"closed","sticky":false,"template":"","format":"standard","meta":{"_acf_changed":false,"inline_featured_image":false,"advgb_blocks_editor_width":"","advgb_blocks_columns_visual_guide":"","footnotes":""},"categories":[12],"tags":[],"class_list":["post-488363","post","type-post","status-publish","format-standard","has-post-thumbnail","hentry","category-noticias-do-ipim"],"acf":[],"yoast_head":"<!-- This site is optimized with the Yoast SEO plugin v26.2 - https:\/\/yoast.com\/wordpress\/plugins\/seo\/ -->\r\n<title>[2025\/03\/28] F\u00f3rum Verde do 2025MIECF aborda o desenvolvimento de transi\u00e7\u00e3o verde com novas for\u00e7as produtivas de qualidade | Commerce and Investment Promotion Institute<\/title>\r\n<meta name=\"robots\" content=\"index, follow, max-snippet:-1, max-image-preview:large, max-video-preview:-1\" \/>\r\n<link rel=\"canonical\" href=\"https:\/\/www.ipim.gov.mo\/pt-pt\/noticias-do-ipim\/2025-03-28-forum-verde-do-2025miecf-aborda-o-desenvolvimento-de-transicao-verde-com-novas-forcas-produtivas-de-qualidade\/\" \/>\r\n<meta property=\"og:locale\" content=\"pt_PT\" \/>\r\n<meta property=\"og:type\" content=\"article\" \/>\r\n<meta property=\"og:title\" content=\"[2025\/03\/28] F\u00f3rum Verde do 2025MIECF aborda o desenvolvimento de transi\u00e7\u00e3o verde com novas for\u00e7as produtivas de qualidade | Commerce and Investment Promotion Institute\" \/>\r\n<meta property=\"og:description\" content=\"Organizado pelo Governo da Regi&atilde;o Administrativa Especial de Macau, o F&oacute;rum e Exposi&ccedil;&atilde;o Internacional de Coopera&ccedil;&atilde;o Ambiental de Macau 2025 (2025MIECF) conta com o Instituto [&hellip;]\" \/>\r\n<meta property=\"og:url\" content=\"https:\/\/www.ipim.gov.mo\/pt-pt\/noticias-do-ipim\/2025-03-28-forum-verde-do-2025miecf-aborda-o-desenvolvimento-de-transicao-verde-com-novas-forcas-produtivas-de-qualidade\/\" \/>\r\n<meta property=\"og:site_name\" content=\"Commerce and Investment Promotion Institute\" \/>\r\n<meta property=\"article:published_time\" content=\"2025-03-28T08:51:00+00:00\" \/>\r\n<meta property=\"og:image\" content=\"https:\/\/www.ipim.gov.mo\/wp-content\/uploads\/2025\/03\/N25CbR9842__t20250328184433.jpg\" \/>\r\n\t<meta property=\"og:image:width\" content=\"320\" \/>\r\n\t<meta property=\"og:image:height\" content=\"180\" \/>\r\n\t<meta property=\"og:image:type\" content=\"image\/jpeg\" \/>\r\n<meta name=\"twitter:card\" content=\"summary_large_image\" \/>\r\n<meta name=\"twitter:label1\" content=\"Est. reading time\" \/>\n\t<meta name=\"twitter:data1\" content=\"4 minutes\" \/>\r\n<script type=\"application\/ld+json\" class=\"yoast-schema-graph\">{\"@context\":\"https:\/\/schema.org\",\"@graph\":[{\"@type\":\"WebPage\",\"@id\":\"https:\/\/www.ipim.gov.mo\/pt-pt\/noticias-do-ipim\/2025-03-28-forum-verde-do-2025miecf-aborda-o-desenvolvimento-de-transicao-verde-com-novas-forcas-produtivas-de-qualidade\/\",\"url\":\"https:\/\/www.ipim.gov.mo\/pt-pt\/noticias-do-ipim\/2025-03-28-forum-verde-do-2025miecf-aborda-o-desenvolvimento-de-transicao-verde-com-novas-forcas-produtivas-de-qualidade\/\",\"name\":\"[2025\/03\/28] F\u00f3rum Verde do 2025MIECF aborda o desenvolvimento de transi\u00e7\u00e3o verde com novas for\u00e7as produtivas de qualidade | Commerce and Investment Promotion Institute\",\"isPartOf\":{\"@id\":\"https:\/\/www.ipim.gov.mo\/zh-hans\/#website\"},\"primaryImageOfPage\":{\"@id\":\"https:\/\/www.ipim.gov.mo\/pt-pt\/noticias-do-ipim\/2025-03-28-forum-verde-do-2025miecf-aborda-o-desenvolvimento-de-transicao-verde-com-novas-forcas-produtivas-de-qualidade\/#primaryimage\"},\"image\":{\"@id\":\"https:\/\/www.ipim.gov.mo\/pt-pt\/noticias-do-ipim\/2025-03-28-forum-verde-do-2025miecf-aborda-o-desenvolvimento-de-transicao-verde-com-novas-forcas-produtivas-de-qualidade\/#primaryimage\"},\"thumbnailUrl\":\"https:\/\/www.ipim.gov.mo\/wp-content\/uploads\/2025\/03\/N25CbR9842__t20250328184433.jpg\",\"datePublished\":\"2025-03-28T08:51:00+00:00\",\"breadcrumb\":{\"@id\":\"https:\/\/www.ipim.gov.mo\/pt-pt\/noticias-do-ipim\/2025-03-28-forum-verde-do-2025miecf-aborda-o-desenvolvimento-de-transicao-verde-com-novas-forcas-produtivas-de-qualidade\/#breadcrumb\"},\"inLanguage\":\"pt-PT\",\"potentialAction\":[{\"@type\":\"ReadAction\",\"target\":[\"https:\/\/www.ipim.gov.mo\/pt-pt\/noticias-do-ipim\/2025-03-28-forum-verde-do-2025miecf-aborda-o-desenvolvimento-de-transicao-verde-com-novas-forcas-produtivas-de-qualidade\/\"]}]},{\"@type\":\"ImageObject\",\"inLanguage\":\"pt-PT\",\"@id\":\"https:\/\/www.ipim.gov.mo\/pt-pt\/noticias-do-ipim\/2025-03-28-forum-verde-do-2025miecf-aborda-o-desenvolvimento-de-transicao-verde-com-novas-forcas-produtivas-de-qualidade\/#primaryimage\",\"url\":\"https:\/\/www.ipim.gov.mo\/wp-content\/uploads\/2025\/03\/N25CbR9842__t20250328184433.jpg\",\"contentUrl\":\"https:\/\/www.ipim.gov.mo\/wp-content\/uploads\/2025\/03\/N25CbR9842__t20250328184433.jpg\",\"width\":320,\"height\":180},{\"@type\":\"BreadcrumbList\",\"@id\":\"https:\/\/www.ipim.gov.mo\/pt-pt\/noticias-do-ipim\/2025-03-28-forum-verde-do-2025miecf-aborda-o-desenvolvimento-de-transicao-verde-com-novas-forcas-produtivas-de-qualidade\/#breadcrumb\",\"itemListElement\":[{\"@type\":\"ListItem\",\"position\":1,\"name\":\"Home\",\"item\":\"https:\/\/www.ipim.gov.mo\/pt-pt\/\"},{\"@type\":\"ListItem\",\"position\":2,\"name\":\"[2025\/03\/28] F\u00f3rum Verde do 2025MIECF aborda o desenvolvimento de transi\u00e7\u00e3o verde com novas for\u00e7as produtivas de qualidade\"}]},{\"@type\":\"WebSite\",\"@id\":\"https:\/\/www.ipim.gov.mo\/zh-hans\/#website\",\"url\":\"https:\/\/www.ipim.gov.mo\/zh-hans\/\",\"name\":\"Commerce and Investment Promotion Institute\",\"description\":\"Commerce and Investment Promotion Institute\",\"publisher\":{\"@id\":\"https:\/\/www.ipim.gov.mo\/zh-hans\/#organization\"},\"potentialAction\":[{\"@type\":\"SearchAction\",\"target\":{\"@type\":\"EntryPoint\",\"urlTemplate\":\"https:\/\/www.ipim.gov.mo\/zh-hans\/?s={search_term_string}\"},\"query-input\":{\"@type\":\"PropertyValueSpecification\",\"valueRequired\":true,\"valueName\":\"search_term_string\"}}],\"inLanguage\":\"pt-PT\"},{\"@type\":\"Organization\",\"@id\":\"https:\/\/www.ipim.gov.mo\/zh-hans\/#organization\",\"name\":\"IPIM\",\"url\":\"https:\/\/www.ipim.gov.mo\/zh-hans\/\",\"logo\":{\"@type\":\"ImageObject\",\"inLanguage\":\"pt-PT\",\"@id\":\"https:\/\/www.ipim.gov.mo\/zh-hans\/#\/schema\/logo\/image\/\",\"url\":\"https:\/\/www.ipim.gov.mo\/wp-content\/uploads\/2022\/10\/default-post-thumbnail-ipim-logo.png\",\"contentUrl\":\"https:\/\/www.ipim.gov.mo\/wp-content\/uploads\/2022\/10\/default-post-thumbnail-ipim-logo.png\",\"width\":1024,\"height\":768,\"caption\":\"IPIM\"},\"image\":{\"@id\":\"https:\/\/www.ipim.gov.mo\/zh-hans\/#\/schema\/logo\/image\/\"}}]}<\/script>\r\n<!-- \/ Yoast SEO plugin. -->","yoast_head_json":{"title":"[2025\/03\/28] F\u00f3rum Verde do 2025MIECF aborda o desenvolvimento de transi\u00e7\u00e3o verde com novas for\u00e7as produtivas de qualidade | Commerce and Investment Promotion Institute","robots":{"index":"index","follow":"follow","max-snippet":"max-snippet:-1","max-image-preview":"max-image-preview:large","max-video-preview":"max-video-preview:-1"},"canonical":"https:\/\/www.ipim.gov.mo\/pt-pt\/noticias-do-ipim\/2025-03-28-forum-verde-do-2025miecf-aborda-o-desenvolvimento-de-transicao-verde-com-novas-forcas-produtivas-de-qualidade\/","og_locale":"pt_PT","og_type":"article","og_title":"[2025\/03\/28] F\u00f3rum Verde do 2025MIECF aborda o desenvolvimento de transi\u00e7\u00e3o verde com novas for\u00e7as produtivas de qualidade | Commerce and Investment Promotion Institute","og_description":"Organizado pelo Governo da Regi&atilde;o Administrativa Especial de Macau, o F&oacute;rum e Exposi&ccedil;&atilde;o Internacional de Coopera&ccedil;&atilde;o Ambiental de Macau 2025 (2025MIECF) conta com o Instituto [&hellip;]","og_url":"https:\/\/www.ipim.gov.mo\/pt-pt\/noticias-do-ipim\/2025-03-28-forum-verde-do-2025miecf-aborda-o-desenvolvimento-de-transicao-verde-com-novas-forcas-produtivas-de-qualidade\/","og_site_name":"Commerce and Investment Promotion Institute","article_published_time":"2025-03-28T08:51:00+00:00","og_image":[{"width":320,"height":180,"url":"https:\/\/www.ipim.gov.mo\/wp-content\/uploads\/2025\/03\/N25CbR9842__t20250328184433.jpg","type":"image\/jpeg"}],"twitter_card":"summary_large_image","twitter_misc":{"Est. reading time":"4 minutes"},"schema":{"@context":"https:\/\/schema.org","@graph":[{"@type":"WebPage","@id":"https:\/\/www.ipim.gov.mo\/pt-pt\/noticias-do-ipim\/2025-03-28-forum-verde-do-2025miecf-aborda-o-desenvolvimento-de-transicao-verde-com-novas-forcas-produtivas-de-qualidade\/","url":"https:\/\/www.ipim.gov.mo\/pt-pt\/noticias-do-ipim\/2025-03-28-forum-verde-do-2025miecf-aborda-o-desenvolvimento-de-transicao-verde-com-novas-forcas-produtivas-de-qualidade\/","name":"[2025\/03\/28] F\u00f3rum Verde do 2025MIECF aborda o desenvolvimento de transi\u00e7\u00e3o verde com novas for\u00e7as produtivas de qualidade | Commerce and Investment Promotion Institute","isPartOf":{"@id":"https:\/\/www.ipim.gov.mo\/zh-hans\/#website"},"primaryImageOfPage":{"@id":"https:\/\/www.ipim.gov.mo\/pt-pt\/noticias-do-ipim\/2025-03-28-forum-verde-do-2025miecf-aborda-o-desenvolvimento-de-transicao-verde-com-novas-forcas-produtivas-de-qualidade\/#primaryimage"},"image":{"@id":"https:\/\/www.ipim.gov.mo\/pt-pt\/noticias-do-ipim\/2025-03-28-forum-verde-do-2025miecf-aborda-o-desenvolvimento-de-transicao-verde-com-novas-forcas-produtivas-de-qualidade\/#primaryimage"},"thumbnailUrl":"https:\/\/www.ipim.gov.mo\/wp-content\/uploads\/2025\/03\/N25CbR9842__t20250328184433.jpg","datePublished":"2025-03-28T08:51:00+00:00","breadcrumb":{"@id":"https:\/\/www.ipim.gov.mo\/pt-pt\/noticias-do-ipim\/2025-03-28-forum-verde-do-2025miecf-aborda-o-desenvolvimento-de-transicao-verde-com-novas-forcas-produtivas-de-qualidade\/#breadcrumb"},"inLanguage":"pt-PT","potentialAction":[{"@type":"ReadAction","target":["https:\/\/www.ipim.gov.mo\/pt-pt\/noticias-do-ipim\/2025-03-28-forum-verde-do-2025miecf-aborda-o-desenvolvimento-de-transicao-verde-com-novas-forcas-produtivas-de-qualidade\/"]}]},{"@type":"ImageObject","inLanguage":"pt-PT","@id":"https:\/\/www.ipim.gov.mo\/pt-pt\/noticias-do-ipim\/2025-03-28-forum-verde-do-2025miecf-aborda-o-desenvolvimento-de-transicao-verde-com-novas-forcas-produtivas-de-qualidade\/#primaryimage","url":"https:\/\/www.ipim.gov.mo\/wp-content\/uploads\/2025\/03\/N25CbR9842__t20250328184433.jpg","contentUrl":"https:\/\/www.ipim.gov.mo\/wp-content\/uploads\/2025\/03\/N25CbR9842__t20250328184433.jpg","width":320,"height":180},{"@type":"BreadcrumbList","@id":"https:\/\/www.ipim.gov.mo\/pt-pt\/noticias-do-ipim\/2025-03-28-forum-verde-do-2025miecf-aborda-o-desenvolvimento-de-transicao-verde-com-novas-forcas-produtivas-de-qualidade\/#breadcrumb","itemListElement":[{"@type":"ListItem","position":1,"name":"Home","item":"https:\/\/www.ipim.gov.mo\/pt-pt\/"},{"@type":"ListItem","position":2,"name":"[2025\/03\/28] F\u00f3rum Verde do 2025MIECF aborda o desenvolvimento de transi\u00e7\u00e3o verde com novas for\u00e7as produtivas de qualidade"}]},{"@type":"WebSite","@id":"https:\/\/www.ipim.gov.mo\/zh-hans\/#website","url":"https:\/\/www.ipim.gov.mo\/zh-hans\/","name":"Commerce and Investment Promotion Institute","description":"Commerce and Investment Promotion Institute","publisher":{"@id":"https:\/\/www.ipim.gov.mo\/zh-hans\/#organization"},"potentialAction":[{"@type":"SearchAction","target":{"@type":"EntryPoint","urlTemplate":"https:\/\/www.ipim.gov.mo\/zh-hans\/?s={search_term_string}"},"query-input":{"@type":"PropertyValueSpecification","valueRequired":true,"valueName":"search_term_string"}}],"inLanguage":"pt-PT"},{"@type":"Organization","@id":"https:\/\/www.ipim.gov.mo\/zh-hans\/#organization","name":"IPIM","url":"https:\/\/www.ipim.gov.mo\/zh-hans\/","logo":{"@type":"ImageObject","inLanguage":"pt-PT","@id":"https:\/\/www.ipim.gov.mo\/zh-hans\/#\/schema\/logo\/image\/","url":"https:\/\/www.ipim.gov.mo\/wp-content\/uploads\/2022\/10\/default-post-thumbnail-ipim-logo.png","contentUrl":"https:\/\/www.ipim.gov.mo\/wp-content\/uploads\/2022\/10\/default-post-thumbnail-ipim-logo.png","width":1024,"height":768,"caption":"IPIM"},"image":{"@id":"https:\/\/www.ipim.gov.mo\/zh-hans\/#\/schema\/logo\/image\/"}}]}},"author_meta":{"display_name":"","author_link":"https:\/\/www.ipim.gov.mo\/pt-pt\/author\/"},"featured_img":"https:\/\/www.ipim.gov.mo\/wp-content\/uploads\/2025\/03\/N25CbR9842__t20250328184433-300x169.jpg","coauthors":[],"tax_additional":{"categories":{"linked":["<a href=\"https:\/\/www.ipim.gov.mo\/pt-pt\/category\/noticias-do-ipim\/\" class=\"advgb-post-tax-term\">Not\u00edcias do IPIM<\/a>"],"unlinked":["<span class=\"advgb-post-tax-term\">Not\u00edcias do IPIM<\/span>"]}},"comment_count":"0","relative_dates":{"created":"Posted 1 year ago","modified":"Updated 1 year ago"},"absolute_dates":{"created":"Posted on Mar\u00e7o 28, 2025","modified":"Updated on Mar\u00e7o 28, 2025"},"absolute_dates_time":{"created":"Posted on Mar\u00e7o 28, 2025 4:51 pm","modified":"Updated on Mar\u00e7o 28, 2025 4:51 pm"},"featured_img_caption":"","series_order":"","_links":{"self":[{"href":"https:\/\/www.ipim.gov.mo\/pt-pt\/wp-json\/wp\/v2\/posts\/488363","targetHints":{"allow":["GET"]}}],"collection":[{"href":"https:\/\/www.ipim.gov.mo\/pt-pt\/wp-json\/wp\/v2\/posts"}],"about":[{"href":"https:\/\/www.ipim.gov.mo\/pt-pt\/wp-json\/wp\/v2\/types\/post"}],"replies":[{"embeddable":true,"href":"https:\/\/www.ipim.gov.mo\/pt-pt\/wp-json\/wp\/v2\/comments?post=488363"}],"version-history":[{"count":0,"href":"https:\/\/www.ipim.gov.mo\/pt-pt\/wp-json\/wp\/v2\/posts\/488363\/revisions"}],"wp:featuredmedia":[{"embeddable":true,"href":"https:\/\/www.ipim.gov.mo\/pt-pt\/wp-json\/wp\/v2\/media\/488397"}],"wp:attachment":[{"href":"https:\/\/www.ipim.gov.mo\/pt-pt\/wp-json\/wp\/v2\/media?parent=488363"}],"wp:term":[{"taxonomy":"category","embeddable":true,"href":"https:\/\/www.ipim.gov.mo\/pt-pt\/wp-json\/wp\/v2\/categories?post=488363"},{"taxonomy":"post_tag","embeddable":true,"href":"https:\/\/www.ipim.gov.mo\/pt-pt\/wp-json\/wp\/v2\/tags?post=488363"}],"curies":[{"name":"wp","href":"https:\/\/api.w.org\/{rel}","templated":true}]}}