{"id":488263,"date":"2025-03-25T20:21:00","date_gmt":"2025-03-25T12:21:00","guid":{"rendered":"https:\/\/www.ipim.gov.mo\/?p=488263"},"modified":"2025-03-25T22:52:06","modified_gmt":"2025-03-25T14:52:06","slug":"2025-03-25-2025miecf-inaugura-a-27-de-marco-com-aumento-de-17-na-participacao-internacional-e-promove-uma-nova-plataforma-de-estreia-verde","status":"publish","type":"post","link":"https:\/\/www.ipim.gov.mo\/pt-pt\/noticias-do-ipim\/2025-03-25-2025miecf-inaugura-a-27-de-marco-com-aumento-de-17-na-participacao-internacional-e-promove-uma-nova-plataforma-de-estreia-verde\/","title":{"rendered":"[2025\/03\/25] 2025MIECF inaugura a 27 de Mar\u00e7o com aumento de 17% na participa\u00e7\u00e3o internacional e promove uma nova plataforma de estreia verde"},"content":{"rendered":"<p style=\"text-align:justify\">O F&oacute;rum e Exposi&ccedil;&atilde;o Internacional de Coopera&ccedil;&atilde;o Ambiental de Macau 2025 (2025MIECF) decorre de 27 a 29 de Mar&ccedil;o, na Cotai Expo, <em>The Venetian Macao<\/em>. Com o crescimento da consci&ecirc;ncia global sobre quest&otilde;es ambientais, este evento consolida-se como uma importante plataforma verde internacional, sendo o seu tema central \u201cInova&ccedil;&atilde;o e Desenvolvimento Verde \u2014 Solu&ccedil;&otilde;es para a Constru&ccedil;&atilde;o de Cidades Belas\u201d.<\/p>\n<p style=\"text-align:justify\">O 2025MIECF, organizado pelo Governo da Regi&atilde;o Administrativa Especial de Macau (RAEM), tem como entidades especiais de apoio a Comiss&atilde;o Nacional de Desenvolvimento e Reforma da Rep&uacute;blica Popular da China, o Minist&eacute;rio da Ci&ecirc;ncia e Tecnologia da Rep&uacute;blica Popular da China, o Minist&eacute;rio da Ind&uacute;stria e Tecnologias da Informa&ccedil;&atilde;o da Rep&uacute;blica Popular da China e o Minist&eacute;rio da Ecologia e Meio Ambiente da Rep&uacute;blica Popular da China, em colabora&ccedil;&atilde;o com os governos das prov&iacute;ncias e regi&otilde;es que integram o Pan-Delta do Rio das P&eacute;rolas. O evento conta ainda com a Direc&ccedil;&atilde;o dos Servi&ccedil;os de Protec&ccedil;&atilde;o Ambiental (DSPA) e o Instituto de Promo&ccedil;&atilde;o do Com&eacute;rcio e do Investimento (IPIM) como entidades coordenadoras oficiais.<\/p>\n<p style=\"text-align:justify\">Em linha com a \u201cDupla Meta de Carbono\u201d nacional e com as pol&iacute;ticas ambientais cruciais do Governo da RAEM, o evento deste ano marca o quarto ano consecutivo da realiza&ccedil;&atilde;o da exposi&ccedil;&atilde;o em que se atinge a neutralidade de carbono. Al&eacute;m disso, ser&aacute; a primeira exposi&ccedil;&atilde;o em Macau a receber o Certificado de Electricidade Verde.<\/p>\n<p style=\"text-align:justify\">As entidades coordenadoras oficiais apresentaram, hoje (25 de Mar&ccedil;o) em confer&ecirc;ncia de imprensa, o programa do evento.<\/p>\n<p style=\"text-align:justify\"><strong>Fortalecimento da plataforma verde e conte&uacute;do rico da plataforma da economia de estreia <\/strong><strong>e das bolsas de contacto <\/strong><\/p>\n<p style=\"text-align:justify\">A edi&ccedil;&atilde;o deste ano contar&aacute; com uma &aacute;rea de exposi&ccedil;&atilde;o superior a 12.000 metros quadrados, dividida em cinco zonas de exposi&ccedil;&atilde;o, abordando temas como tecnologias de neutralidade de carbono, economia circular e novas energias, promovendo o interc&acirc;mbio de informa&ccedil;&otilde;es ambientais e a coopera&ccedil;&atilde;o regional. Este ano, o MIECF dar&aacute; especial &ecirc;nfase &agrave; economia de estreia, contando, pela primeira vez, com a Zona de Exposi&ccedil;&atilde;o de Projectos de Economia de Estreia e a Zona de Exposi&ccedil;&atilde;o das Ind&uacute;strias Verdes e Sustent&aacute;veis. No primeiro dia da exposi&ccedil;&atilde;o, realizar-se-&aacute; a iniciativa \u201cEconomia de Estreia @ Macau \u2014 Lan&ccedil;amento de Projectos x Sess&atilde;o de Bolsas de Contacto Inovadoras\u201d, onde ser&atilde;o apresentados novos produtos e projectos in&eacute;ditos lan&ccedil;ados em Macau, facilitando a promo&ccedil;&atilde;o e o emparelhamento comercial.<\/p>\n<p style=\"text-align:justify\">Ainda durante o 2025MIECF, mais de 20 novos produtos e tecnologias ser&atilde;o apresentados, incluindo um novo material biodegrad&aacute;vel, a tecnologia de super carregamento arrefecido a l&iacute;quido, o c&atilde;o-rob&ocirc; B2 e o motociclo el&eacute;ctrico com a fun&ccedil;&atilde;o de estacionamento aut&oacute;nomo. Adicionalmente, ao meio-dia de hoje, a<em> Green &amp; Low Carbon Industry Association<\/em>, uma das entidades de apoio do 2025MIECF, organizou no Lago de Sai Van, uma actividade de lan&ccedil;amento de um iate inteligente movido a energias renov&aacute;veis, ilustrando o potencial da economia de estreia.<\/p>\n<p style=\"text-align:justify\">O MIECF organizar&aacute; cinco sess&otilde;es de bolsas de contacto, abrangendo diversos temas, incluindo \u201cprojectos da economia de estreia\u201d, \u201cdesenvolvimento verde internacional de baixo carbono\u201d, \u201cprotec&ccedil;&atilde;o ambiental entre organiza&ccedil;&otilde;es p&uacute;blicas de Macau e de Hengqin\u201d, \u201coferta e procura de constru&ccedil;&otilde;es verdes\u201d e \u201ccoopera&ccedil;&atilde;o e interc&acirc;mbio entre empresas de turismo e lazer integrado\u201d. Estas sess&otilde;es proporcionar&atilde;o uma plataforma internacional de interc&acirc;mbio e coopera&ccedil;&atilde;o para os expositores e os comerciantes participantes nacionais e estrangeiros, de forma a incentivar novas colabora&ccedil;&otilde;es verdes.<\/p>\n<p style=\"text-align:justify\"><strong>Discurso tem&aacute;tico e F&oacute;rum Verde para impulsionar o desenvolvimento e a transi&ccedil;&atilde;o verdes<\/strong><\/p>\n<p style=\"text-align:justify\">A organiza&ccedil;&atilde;o do evento convidou, como orador principal o secret&aacute;rio-geral da ICLEI \u2014 Governos Locais para a Sustentabilidade, Gino Van Begin, que vai apresentar o tema \u201cInova&ccedil;&atilde;o e Desenvolvimento Verde para a Constru&ccedil;&atilde;o de Uma Cidade Bela\u201d. No segundo dia do evento (dia 28 de Mar&ccedil;o), realizam-se tr&ecirc;s sess&otilde;es do F&oacute;rum Verde, reunindo mais de 30 especialistas e acad&eacute;micos de renome, provenientes do Interior da China, dos Pa&iacute;ses de L&iacute;ngua Portuguesa, do Sudeste Asi&aacute;tico, da Europa e das regi&otilde;es de Hong Kong e de Macau, para debaterem quest&otilde;es como a transi&ccedil;&atilde;o e o desenvolvimento verdes, a inova&ccedil;&atilde;o tecnol&oacute;gica e o interc&acirc;mbio e a coopera&ccedil;&atilde;o com a Regi&atilde;o do Pan-Delta do Rio das P&eacute;rolas, no &acirc;mbito da protec&ccedil;&atilde;o ambiental, a fim de explorar conjuntamente novas oportunidades de interc&acirc;mbio e coopera&ccedil;&atilde;o ambientais, a n&iacute;vel internacional.<\/p>\n<p style=\"text-align:justify\"><strong>Aproveitamento de recursos de v&aacute;rias partes e expans&atilde;o dos benef&iacute;cios para a comunidade<\/strong><\/p>\n<p style=\"text-align:justify\">Enquanto plataforma regional fundamental para a coopera&ccedil;&atilde;o e interc&acirc;mbio na &aacute;rea ambiental, o evento re&uacute;ne diversos recursos e colabora com organiza&ccedil;&otilde;es internacionais de desenvolvimento sustent&aacute;vel, bem como com associa&ccedil;&otilde;es e empresas ambientais da Grande Ba&iacute;a, promovendo 12 actividades paralelas. Al&eacute;m disso, durante a exposi&ccedil;&atilde;o, ser&aacute; organizada uma visita guiada a bairros da cidade para os participantes do MIECF, proporcionando-lhes a oportunidade de vivenciar o encanto singular de Macau enquanto cidade de turismo e conven&ccedil;&otilde;es e exposi&ccedil;&otilde;es.<\/p>\n<p style=\"text-align:justify\"><strong>Aumento de cerca de 17 por cento na participa&ccedil;&atilde;o internacional e expans&atilde;o cont&iacute;nua do \u201cc&iacute;rculo de amigos\u201d internacionais<\/strong><\/p>\n<p style=\"text-align:justify\">A presente edi&ccedil;&atilde;o do MIECF refor&ccedil;ou o seu car&aacute;cter internacional e profissional, atraindo expositores e participantes, oriundos de quase 40 pa&iacute;ses e regi&otilde;es, incluindo Portugal, Brasil, Timor-Leste e outros Pa&iacute;ses de L&iacute;ngua Portuguesa, registando um aumento significativo de 17 por cento, em termos de n&uacute;mero de participantes internacionais, em compara&ccedil;&atilde;o com o ano passado. O evento tamb&eacute;m contar&aacute; com a presen&ccedil;a de mais de 40 empresas de prest&iacute;gio cotadas do Interior da China e de Hong Kong, fortalecendo ainda mais a marca internacional da ind&uacute;stria de conven&ccedil;&otilde;es e exposi&ccedil;&otilde;es de Macau e o seu impacto no mercado. Durante o decorrer do MIECF, ser&atilde;o realizadas ainda quatro actividades sob o modelo \u201cUm Evento, Dois Locais\u201d e visitas &agrave; Zona de Coopera&ccedil;&atilde;o de Hengqin e &agrave; cidade de Zhuhai, dirigidas aos representantes dos Pa&iacute;ses de L&iacute;ngua Portuguesa, no sentido de refor&ccedil;ar continuamente o atractivo da plataforma internacional de neg&oacute;cios verdes.<\/p>\n<p style=\"text-align:justify\"><strong>Dia Verde do P&uacute;blico e outras actividades para refor&ccedil;ar a \u201csensa&ccedil;&atilde;o de benef&iacute;cio verde\u201d na sociedade<\/strong><\/p>\n<p style=\"text-align:justify\">O &uacute;ltimo dia da exposi&ccedil;&atilde;o (dia 29 de Mar&ccedil;o) ser&aacute; o Dia Verde do P&uacute;blico e estar&aacute; aberto &agrave; popula&ccedil;&atilde;o com entrada gratuita. Atrav&eacute;s da plataforma do MIECF, o p&uacute;blico poder&aacute; ter acesso &agrave;s mais recentes tecnologias e informa&ccedil;&otilde;es ambientais, que transmitem conhecimento ambiental para construir um futuro verde. Para incentivar a mobilidade sustent&aacute;vel dos residentes, no Dia Verde do P&uacute;blico, a entidade organizadora disponibilizar&aacute; quatro carreiras de autocarros el&eacute;ctricos, que estar&atilde;o a circular entre as Zonas Central e Norte de Macau, a Taipa e o recinto do MIECF. Ademais, o evento tem agendadas visitas t&eacute;cnicas &agrave;s instala&ccedil;&otilde;es de reciclagem de equipamentos electr&oacute;nicos e el&eacute;ctricos e &agrave;s Zonas Ecol&oacute;gicas do Cotai.<\/p>\n<p style=\"text-align:justify\">At&eacute; 90 por cento dos materiais de montagem do evento s&atilde;o recicl&aacute;veis, reflectindo o compromisso com a sustentabilidade. Durante o per&iacute;odo de exposi&ccedil;&atilde;o, ser&aacute; ainda organizado o \u201cPr&eacute;mio de Mostru&aacute;rio Verde\u201d, com vista a promover a \u201credu&ccedil;&atilde;o de res&iacute;duos a partir da fonte, transforma&ccedil;&atilde;o de res&iacute;duos em energia\u201d e incentivar os participantes a explorarem conjuntamente solu&ccedil;&otilde;es inovadoras e verdes, destacando os esfor&ccedil;os da sociedade na promo&ccedil;&atilde;o da protec&ccedil;&atilde;o ambiental e do desenvolvimento sustent&aacute;vel.<\/p>\n<p style=\"text-align:justify\">A confer&ecirc;ncia de imprensa de hoje contou com a presen&ccedil;a do presidente do IPIM, Vincent U, do director dos Servi&ccedil;os de Protec&ccedil;&atilde;o Ambiental, Ip Kuong Lam, do representante da gest&atilde;o de projecto do 2025MIECF, He Haiming, e do representante do empreiteiro geral do 2025MIECF, Lam Chong In.<\/p>\n","protected":false},"excerpt":{"rendered":"<p>O F&oacute;rum e Exposi&ccedil;&atilde;o Internacional de Coopera&ccedil;&atilde;o Ambiental de Macau 2025 (2025MIECF) decorre de 27 a 29 de Mar&ccedil;o, na Cotai Expo, The Venetian Macao. [&hellip;]<\/p>\n","protected":false},"author":0,"featured_media":488274,"comment_status":"closed","ping_status":"closed","sticky":false,"template":"","format":"standard","meta":{"_acf_changed":false,"inline_featured_image":false,"advgb_blocks_editor_width":"","advgb_blocks_columns_visual_guide":"","footnotes":""},"categories":[12],"tags":[],"class_list":["post-488263","post","type-post","status-publish","format-standard","has-post-thumbnail","hentry","category-noticias-do-ipim"],"acf":[],"yoast_head":"<!-- This site is optimized with the Yoast SEO plugin v26.2 - https:\/\/yoast.com\/wordpress\/plugins\/seo\/ -->\r\n<title>[2025\/03\/25] 2025MIECF inaugura a 27 de Mar\u00e7o com aumento de 17% na participa\u00e7\u00e3o internacional e promove uma nova plataforma de estreia verde | Commerce and Investment Promotion Institute<\/title>\r\n<meta name=\"robots\" content=\"index, follow, max-snippet:-1, max-image-preview:large, max-video-preview:-1\" \/>\r\n<link rel=\"canonical\" href=\"https:\/\/www.ipim.gov.mo\/pt-pt\/noticias-do-ipim\/2025-03-25-2025miecf-inaugura-a-27-de-marco-com-aumento-de-17-na-participacao-internacional-e-promove-uma-nova-plataforma-de-estreia-verde\/\" \/>\r\n<meta property=\"og:locale\" content=\"pt_PT\" \/>\r\n<meta property=\"og:type\" content=\"article\" \/>\r\n<meta property=\"og:title\" content=\"[2025\/03\/25] 2025MIECF inaugura a 27 de Mar\u00e7o com aumento de 17% na participa\u00e7\u00e3o internacional e promove uma nova plataforma de estreia verde | Commerce and Investment Promotion Institute\" \/>\r\n<meta property=\"og:description\" content=\"O F&oacute;rum e Exposi&ccedil;&atilde;o Internacional de Coopera&ccedil;&atilde;o Ambiental de Macau 2025 (2025MIECF) decorre de 27 a 29 de Mar&ccedil;o, na Cotai Expo, The Venetian Macao. [&hellip;]\" \/>\r\n<meta property=\"og:url\" content=\"https:\/\/www.ipim.gov.mo\/pt-pt\/noticias-do-ipim\/2025-03-25-2025miecf-inaugura-a-27-de-marco-com-aumento-de-17-na-participacao-internacional-e-promove-uma-nova-plataforma-de-estreia-verde\/\" \/>\r\n<meta property=\"og:site_name\" content=\"Commerce and Investment Promotion Institute\" \/>\r\n<meta property=\"article:published_time\" content=\"2025-03-25T12:21:00+00:00\" \/>\r\n<meta property=\"article:modified_time\" content=\"2025-03-25T14:52:06+00:00\" \/>\r\n<meta property=\"og:image\" content=\"https:\/\/www.ipim.gov.mo\/wp-content\/uploads\/2025\/03\/N25CYyoRU4__t20250326113533.jpg\" \/>\r\n\t<meta property=\"og:image:width\" content=\"320\" \/>\r\n\t<meta property=\"og:image:height\" content=\"180\" \/>\r\n\t<meta property=\"og:image:type\" content=\"image\/jpeg\" \/>\r\n<meta name=\"twitter:card\" content=\"summary_large_image\" \/>\r\n<meta name=\"twitter:label1\" content=\"Est. reading time\" \/>\n\t<meta name=\"twitter:data1\" content=\"8 minutes\" \/>\r\n<script type=\"application\/ld+json\" class=\"yoast-schema-graph\">{\"@context\":\"https:\/\/schema.org\",\"@graph\":[{\"@type\":\"WebPage\",\"@id\":\"https:\/\/www.ipim.gov.mo\/pt-pt\/noticias-do-ipim\/2025-03-25-2025miecf-inaugura-a-27-de-marco-com-aumento-de-17-na-participacao-internacional-e-promove-uma-nova-plataforma-de-estreia-verde\/\",\"url\":\"https:\/\/www.ipim.gov.mo\/pt-pt\/noticias-do-ipim\/2025-03-25-2025miecf-inaugura-a-27-de-marco-com-aumento-de-17-na-participacao-internacional-e-promove-uma-nova-plataforma-de-estreia-verde\/\",\"name\":\"[2025\/03\/25] 2025MIECF inaugura a 27 de Mar\u00e7o com aumento de 17% na participa\u00e7\u00e3o internacional e promove uma nova plataforma de estreia verde | Commerce and Investment Promotion Institute\",\"isPartOf\":{\"@id\":\"https:\/\/www.ipim.gov.mo\/zh-hans\/#website\"},\"primaryImageOfPage\":{\"@id\":\"https:\/\/www.ipim.gov.mo\/pt-pt\/noticias-do-ipim\/2025-03-25-2025miecf-inaugura-a-27-de-marco-com-aumento-de-17-na-participacao-internacional-e-promove-uma-nova-plataforma-de-estreia-verde\/#primaryimage\"},\"image\":{\"@id\":\"https:\/\/www.ipim.gov.mo\/pt-pt\/noticias-do-ipim\/2025-03-25-2025miecf-inaugura-a-27-de-marco-com-aumento-de-17-na-participacao-internacional-e-promove-uma-nova-plataforma-de-estreia-verde\/#primaryimage\"},\"thumbnailUrl\":\"https:\/\/www.ipim.gov.mo\/wp-content\/uploads\/2025\/03\/N25CYyoRU4__t20250326113533.jpg\",\"datePublished\":\"2025-03-25T12:21:00+00:00\",\"dateModified\":\"2025-03-25T14:52:06+00:00\",\"breadcrumb\":{\"@id\":\"https:\/\/www.ipim.gov.mo\/pt-pt\/noticias-do-ipim\/2025-03-25-2025miecf-inaugura-a-27-de-marco-com-aumento-de-17-na-participacao-internacional-e-promove-uma-nova-plataforma-de-estreia-verde\/#breadcrumb\"},\"inLanguage\":\"pt-PT\",\"potentialAction\":[{\"@type\":\"ReadAction\",\"target\":[\"https:\/\/www.ipim.gov.mo\/pt-pt\/noticias-do-ipim\/2025-03-25-2025miecf-inaugura-a-27-de-marco-com-aumento-de-17-na-participacao-internacional-e-promove-uma-nova-plataforma-de-estreia-verde\/\"]}]},{\"@type\":\"ImageObject\",\"inLanguage\":\"pt-PT\",\"@id\":\"https:\/\/www.ipim.gov.mo\/pt-pt\/noticias-do-ipim\/2025-03-25-2025miecf-inaugura-a-27-de-marco-com-aumento-de-17-na-participacao-internacional-e-promove-uma-nova-plataforma-de-estreia-verde\/#primaryimage\",\"url\":\"https:\/\/www.ipim.gov.mo\/wp-content\/uploads\/2025\/03\/N25CYyoRU4__t20250326113533.jpg\",\"contentUrl\":\"https:\/\/www.ipim.gov.mo\/wp-content\/uploads\/2025\/03\/N25CYyoRU4__t20250326113533.jpg\",\"width\":320,\"height\":180},{\"@type\":\"BreadcrumbList\",\"@id\":\"https:\/\/www.ipim.gov.mo\/pt-pt\/noticias-do-ipim\/2025-03-25-2025miecf-inaugura-a-27-de-marco-com-aumento-de-17-na-participacao-internacional-e-promove-uma-nova-plataforma-de-estreia-verde\/#breadcrumb\",\"itemListElement\":[{\"@type\":\"ListItem\",\"position\":1,\"name\":\"Home\",\"item\":\"https:\/\/www.ipim.gov.mo\/pt-pt\/\"},{\"@type\":\"ListItem\",\"position\":2,\"name\":\"[2025\/03\/25] 2025MIECF inaugura a 27 de Mar\u00e7o com aumento de 17% na participa\u00e7\u00e3o internacional e promove uma nova plataforma de estreia verde\"}]},{\"@type\":\"WebSite\",\"@id\":\"https:\/\/www.ipim.gov.mo\/zh-hans\/#website\",\"url\":\"https:\/\/www.ipim.gov.mo\/zh-hans\/\",\"name\":\"Commerce and Investment Promotion Institute\",\"description\":\"Commerce and Investment Promotion Institute\",\"publisher\":{\"@id\":\"https:\/\/www.ipim.gov.mo\/zh-hans\/#organization\"},\"potentialAction\":[{\"@type\":\"SearchAction\",\"target\":{\"@type\":\"EntryPoint\",\"urlTemplate\":\"https:\/\/www.ipim.gov.mo\/zh-hans\/?s={search_term_string}\"},\"query-input\":{\"@type\":\"PropertyValueSpecification\",\"valueRequired\":true,\"valueName\":\"search_term_string\"}}],\"inLanguage\":\"pt-PT\"},{\"@type\":\"Organization\",\"@id\":\"https:\/\/www.ipim.gov.mo\/zh-hans\/#organization\",\"name\":\"IPIM\",\"url\":\"https:\/\/www.ipim.gov.mo\/zh-hans\/\",\"logo\":{\"@type\":\"ImageObject\",\"inLanguage\":\"pt-PT\",\"@id\":\"https:\/\/www.ipim.gov.mo\/zh-hans\/#\/schema\/logo\/image\/\",\"url\":\"https:\/\/www.ipim.gov.mo\/wp-content\/uploads\/2022\/10\/default-post-thumbnail-ipim-logo.png\",\"contentUrl\":\"https:\/\/www.ipim.gov.mo\/wp-content\/uploads\/2022\/10\/default-post-thumbnail-ipim-logo.png\",\"width\":1024,\"height\":768,\"caption\":\"IPIM\"},\"image\":{\"@id\":\"https:\/\/www.ipim.gov.mo\/zh-hans\/#\/schema\/logo\/image\/\"}}]}<\/script>\r\n<!-- \/ Yoast SEO plugin. -->","yoast_head_json":{"title":"[2025\/03\/25] 2025MIECF inaugura a 27 de Mar\u00e7o com aumento de 17% na participa\u00e7\u00e3o internacional e promove uma nova plataforma de estreia verde | Commerce and Investment Promotion Institute","robots":{"index":"index","follow":"follow","max-snippet":"max-snippet:-1","max-image-preview":"max-image-preview:large","max-video-preview":"max-video-preview:-1"},"canonical":"https:\/\/www.ipim.gov.mo\/pt-pt\/noticias-do-ipim\/2025-03-25-2025miecf-inaugura-a-27-de-marco-com-aumento-de-17-na-participacao-internacional-e-promove-uma-nova-plataforma-de-estreia-verde\/","og_locale":"pt_PT","og_type":"article","og_title":"[2025\/03\/25] 2025MIECF inaugura a 27 de Mar\u00e7o com aumento de 17% na participa\u00e7\u00e3o internacional e promove uma nova plataforma de estreia verde | Commerce and Investment Promotion Institute","og_description":"O F&oacute;rum e Exposi&ccedil;&atilde;o Internacional de Coopera&ccedil;&atilde;o Ambiental de Macau 2025 (2025MIECF) decorre de 27 a 29 de Mar&ccedil;o, na Cotai Expo, The Venetian Macao. [&hellip;]","og_url":"https:\/\/www.ipim.gov.mo\/pt-pt\/noticias-do-ipim\/2025-03-25-2025miecf-inaugura-a-27-de-marco-com-aumento-de-17-na-participacao-internacional-e-promove-uma-nova-plataforma-de-estreia-verde\/","og_site_name":"Commerce and Investment Promotion Institute","article_published_time":"2025-03-25T12:21:00+00:00","article_modified_time":"2025-03-25T14:52:06+00:00","og_image":[{"width":320,"height":180,"url":"https:\/\/www.ipim.gov.mo\/wp-content\/uploads\/2025\/03\/N25CYyoRU4__t20250326113533.jpg","type":"image\/jpeg"}],"twitter_card":"summary_large_image","twitter_misc":{"Est. reading time":"8 minutes"},"schema":{"@context":"https:\/\/schema.org","@graph":[{"@type":"WebPage","@id":"https:\/\/www.ipim.gov.mo\/pt-pt\/noticias-do-ipim\/2025-03-25-2025miecf-inaugura-a-27-de-marco-com-aumento-de-17-na-participacao-internacional-e-promove-uma-nova-plataforma-de-estreia-verde\/","url":"https:\/\/www.ipim.gov.mo\/pt-pt\/noticias-do-ipim\/2025-03-25-2025miecf-inaugura-a-27-de-marco-com-aumento-de-17-na-participacao-internacional-e-promove-uma-nova-plataforma-de-estreia-verde\/","name":"[2025\/03\/25] 2025MIECF inaugura a 27 de Mar\u00e7o com aumento de 17% na participa\u00e7\u00e3o internacional e promove uma nova plataforma de estreia verde | Commerce and Investment Promotion Institute","isPartOf":{"@id":"https:\/\/www.ipim.gov.mo\/zh-hans\/#website"},"primaryImageOfPage":{"@id":"https:\/\/www.ipim.gov.mo\/pt-pt\/noticias-do-ipim\/2025-03-25-2025miecf-inaugura-a-27-de-marco-com-aumento-de-17-na-participacao-internacional-e-promove-uma-nova-plataforma-de-estreia-verde\/#primaryimage"},"image":{"@id":"https:\/\/www.ipim.gov.mo\/pt-pt\/noticias-do-ipim\/2025-03-25-2025miecf-inaugura-a-27-de-marco-com-aumento-de-17-na-participacao-internacional-e-promove-uma-nova-plataforma-de-estreia-verde\/#primaryimage"},"thumbnailUrl":"https:\/\/www.ipim.gov.mo\/wp-content\/uploads\/2025\/03\/N25CYyoRU4__t20250326113533.jpg","datePublished":"2025-03-25T12:21:00+00:00","dateModified":"2025-03-25T14:52:06+00:00","breadcrumb":{"@id":"https:\/\/www.ipim.gov.mo\/pt-pt\/noticias-do-ipim\/2025-03-25-2025miecf-inaugura-a-27-de-marco-com-aumento-de-17-na-participacao-internacional-e-promove-uma-nova-plataforma-de-estreia-verde\/#breadcrumb"},"inLanguage":"pt-PT","potentialAction":[{"@type":"ReadAction","target":["https:\/\/www.ipim.gov.mo\/pt-pt\/noticias-do-ipim\/2025-03-25-2025miecf-inaugura-a-27-de-marco-com-aumento-de-17-na-participacao-internacional-e-promove-uma-nova-plataforma-de-estreia-verde\/"]}]},{"@type":"ImageObject","inLanguage":"pt-PT","@id":"https:\/\/www.ipim.gov.mo\/pt-pt\/noticias-do-ipim\/2025-03-25-2025miecf-inaugura-a-27-de-marco-com-aumento-de-17-na-participacao-internacional-e-promove-uma-nova-plataforma-de-estreia-verde\/#primaryimage","url":"https:\/\/www.ipim.gov.mo\/wp-content\/uploads\/2025\/03\/N25CYyoRU4__t20250326113533.jpg","contentUrl":"https:\/\/www.ipim.gov.mo\/wp-content\/uploads\/2025\/03\/N25CYyoRU4__t20250326113533.jpg","width":320,"height":180},{"@type":"BreadcrumbList","@id":"https:\/\/www.ipim.gov.mo\/pt-pt\/noticias-do-ipim\/2025-03-25-2025miecf-inaugura-a-27-de-marco-com-aumento-de-17-na-participacao-internacional-e-promove-uma-nova-plataforma-de-estreia-verde\/#breadcrumb","itemListElement":[{"@type":"ListItem","position":1,"name":"Home","item":"https:\/\/www.ipim.gov.mo\/pt-pt\/"},{"@type":"ListItem","position":2,"name":"[2025\/03\/25] 2025MIECF inaugura a 27 de Mar\u00e7o com aumento de 17% na participa\u00e7\u00e3o internacional e promove uma nova plataforma de estreia verde"}]},{"@type":"WebSite","@id":"https:\/\/www.ipim.gov.mo\/zh-hans\/#website","url":"https:\/\/www.ipim.gov.mo\/zh-hans\/","name":"Commerce and Investment Promotion Institute","description":"Commerce and Investment Promotion Institute","publisher":{"@id":"https:\/\/www.ipim.gov.mo\/zh-hans\/#organization"},"potentialAction":[{"@type":"SearchAction","target":{"@type":"EntryPoint","urlTemplate":"https:\/\/www.ipim.gov.mo\/zh-hans\/?s={search_term_string}"},"query-input":{"@type":"PropertyValueSpecification","valueRequired":true,"valueName":"search_term_string"}}],"inLanguage":"pt-PT"},{"@type":"Organization","@id":"https:\/\/www.ipim.gov.mo\/zh-hans\/#organization","name":"IPIM","url":"https:\/\/www.ipim.gov.mo\/zh-hans\/","logo":{"@type":"ImageObject","inLanguage":"pt-PT","@id":"https:\/\/www.ipim.gov.mo\/zh-hans\/#\/schema\/logo\/image\/","url":"https:\/\/www.ipim.gov.mo\/wp-content\/uploads\/2022\/10\/default-post-thumbnail-ipim-logo.png","contentUrl":"https:\/\/www.ipim.gov.mo\/wp-content\/uploads\/2022\/10\/default-post-thumbnail-ipim-logo.png","width":1024,"height":768,"caption":"IPIM"},"image":{"@id":"https:\/\/www.ipim.gov.mo\/zh-hans\/#\/schema\/logo\/image\/"}}]}},"author_meta":{"display_name":"","author_link":"https:\/\/www.ipim.gov.mo\/pt-pt\/author\/"},"featured_img":"https:\/\/www.ipim.gov.mo\/wp-content\/uploads\/2025\/03\/N25CYyoRU4__t20250326113533-300x169.jpg","coauthors":[],"tax_additional":{"categories":{"linked":["<a href=\"https:\/\/www.ipim.gov.mo\/pt-pt\/category\/noticias-do-ipim\/\" class=\"advgb-post-tax-term\">Not\u00edcias do IPIM<\/a>"],"unlinked":["<span class=\"advgb-post-tax-term\">Not\u00edcias do IPIM<\/span>"]}},"comment_count":"0","relative_dates":{"created":"Posted 1 year ago","modified":"Updated 1 year ago"},"absolute_dates":{"created":"Posted on Mar\u00e7o 25, 2025","modified":"Updated on Mar\u00e7o 25, 2025"},"absolute_dates_time":{"created":"Posted on Mar\u00e7o 25, 2025 8:21 pm","modified":"Updated on Mar\u00e7o 25, 2025 10:52 pm"},"featured_img_caption":"","series_order":"","_links":{"self":[{"href":"https:\/\/www.ipim.gov.mo\/pt-pt\/wp-json\/wp\/v2\/posts\/488263","targetHints":{"allow":["GET"]}}],"collection":[{"href":"https:\/\/www.ipim.gov.mo\/pt-pt\/wp-json\/wp\/v2\/posts"}],"about":[{"href":"https:\/\/www.ipim.gov.mo\/pt-pt\/wp-json\/wp\/v2\/types\/post"}],"replies":[{"embeddable":true,"href":"https:\/\/www.ipim.gov.mo\/pt-pt\/wp-json\/wp\/v2\/comments?post=488263"}],"version-history":[{"count":1,"href":"https:\/\/www.ipim.gov.mo\/pt-pt\/wp-json\/wp\/v2\/posts\/488263\/revisions"}],"predecessor-version":[{"id":488268,"href":"https:\/\/www.ipim.gov.mo\/pt-pt\/wp-json\/wp\/v2\/posts\/488263\/revisions\/488268"}],"wp:featuredmedia":[{"embeddable":true,"href":"https:\/\/www.ipim.gov.mo\/pt-pt\/wp-json\/wp\/v2\/media\/488274"}],"wp:attachment":[{"href":"https:\/\/www.ipim.gov.mo\/pt-pt\/wp-json\/wp\/v2\/media?parent=488263"}],"wp:term":[{"taxonomy":"category","embeddable":true,"href":"https:\/\/www.ipim.gov.mo\/pt-pt\/wp-json\/wp\/v2\/categories?post=488263"},{"taxonomy":"post_tag","embeddable":true,"href":"https:\/\/www.ipim.gov.mo\/pt-pt\/wp-json\/wp\/v2\/tags?post=488263"}],"curies":[{"name":"wp","href":"https:\/\/api.w.org\/{rel}","templated":true}]}}