{"id":488123,"date":"2025-03-24T15:12:00","date_gmt":"2025-03-24T07:12:00","guid":{"rendered":"https:\/\/www.ipim.gov.mo\/?p=488123"},"modified":"2025-03-24T18:58:20","modified_gmt":"2025-03-24T10:58:20","slug":"2025-03-24-ipim-ira-estrear-nos-dias-28-e-29-de-marco-as-actividades-promocionais-no-encontro-e-uma-serie-de-actividades-de-experiencia-dos-produtos-dos-plp-lancamento-de-medidas","status":"publish","type":"post","link":"https:\/\/www.ipim.gov.mo\/pt-pt\/noticias-do-ipim\/2025-03-24-ipim-ira-estrear-nos-dias-28-e-29-de-marco-as-actividades-promocionais-no-encontro-e-uma-serie-de-actividades-de-experiencia-dos-produtos-dos-plp-lancamento-de-medidas\/","title":{"rendered":"[2025\/03\/24] IPIM ir\u00e1 estrear, nos dias 28 e 29 de Mar\u00e7o, as actividades promocionais no \u201cEncontro\u201d e uma s\u00e9rie de actividades de experi\u00eancia dos produtos dos PLP Lan\u00e7amento de medidas promocionais de \u201cTroca MOP $1 por vinho de qualidade\u201d e v\u00e1rios benef\u00edcios de consumo"},"content":{"rendered":"<div style=\"width: 1280px;\" class=\"wp-video\"><!--[if lt IE 9]><script>document.createElement('video');<\/script><![endif]-->\n<video class=\"wp-video-shortcode\" id=\"video-488123-1\" width=\"1280\" height=\"720\" poster=\"https:\/\/www.ipim.gov.mo\/wp-content\/uploads\/2025\/03\/Image_2025_03_24-scaled.jpg\" preload=\"metadata\" controls=\"controls\"><source type=\"video\/mp4\" src=\"https:\/\/www.ipim.gov.mo\/wp-content\/uploads\/2025\/03\/s4s0rJCUD-Y.mp4?_=1\" \/><a href=\"https:\/\/www.ipim.gov.mo\/wp-content\/uploads\/2025\/03\/s4s0rJCUD-Y.mp4\">https:\/\/www.ipim.gov.mo\/wp-content\/uploads\/2025\/03\/s4s0rJCUD-Y.mp4<\/a><\/video><\/div>\n<div data-ytembed=\"\">\n<p>IPIM ir\u00e1 estrear, nos dias 28 e 29 de Mar\u00e7o, as actividades promocionais no \u201cEncontro\u201d e uma s\u00e9rie de actividades de experi\u00eancia dos produtos dos PLP Lan\u00e7amento de medidas promocionais de \u201cTroca MOP $1 por vinho de qualidade\u201d e v\u00e1rios benef\u00edcios de consumo<\/p>\n<\/div>\n<p style=\"text-align:justify\">Com o objectivo de proporcionar ao p&uacute;blico oportunidades de experimentar de perto o encanto &uacute;nico dos produtos e da cultura dos Pa&iacute;ses de L&iacute;ngua Portuguesa (PLP), o Instituto de Promo&ccedil;&atilde;o do Com&eacute;rcio e do Investimento (IPIM) ir&aacute; estrear as actividades promocionais no \u201cEncontro\u201d e uma s&eacute;rie de actividades sobre experi&ecirc;ncia dos produtos dos Pa&iacute;ses de L&iacute;ngua Portuguesa. O Encontro, localizado na cave 1 do Complexo da Plataforma de Servi&ccedil;os para a Coopera&ccedil;&atilde;o Comercial entre a China e os Pa&iacute;ses de L&iacute;ngua Portuguesa, apresentar&aacute; e colocar&aacute; &agrave; venda mais de 350 produtos de qualidade dos PLP e a pre&ccedil;os acess&iacute;veis. Ao mesmo tempo, ser&atilde;o tamb&eacute;m realizados 10 <em>workshops<\/em>, cursos de degusta&ccedil;&atilde;o de bebidas alco&oacute;licas, demonstra&ccedil;&otilde;es culin&aacute;rias e promo&ccedil;&otilde;es de produtos. Convidamos o p&uacute;blico a visitar o evento ou a inscrever-se nos<em> workshops<\/em> atrav&eacute;s do link (https:\/\/wk.wkebcc.com\/index\/h5\/gzfsignup).<\/p>\n<p style=\"text-align:justify\"><strong>\u201cEncontro\u201d rec&eacute;m-lan&ccedil;ado com diversas promo&ccedil;&otilde;es<\/strong><\/p>\n<p style=\"text-align:justify\">O \u201cEncontro\u201d, como um novo ponto de venda no \u201cPavilh&atilde;o de Exposi&ccedil;&atilde;o da Plataforma de Servi&ccedil;os para a Coopera&ccedil;&atilde;o Comercial entre a China e os Pa&iacute;ses de L&iacute;ngua Portuguesa\u201d, re&uacute;ne mais de 350 produtos de excel&ecirc;ncia dos PLP, desde caf&eacute; do Brasil e de Timor-Leste, at&eacute; vinhos e boutiques de corti&ccedil;a de Portugal, entre outros produtos culturais e criativos, h&aacute; um pouco de tudo.<\/p>\n<p style=\"text-align:justify\">Durante o evento, o \u201cEncontro\u201d ser&aacute; transformado num espa&ccedil;o que combina compras e entretenimento, oferecendo uma variedade de produtos a pre&ccedil;os promocionais e uma rica gama de actividades promocionais. Os consumidores que efectuarem compras de um determinado montante no local poder&atilde;o obter uma lembran&ccedil;a da mascote \u201cPou Kong Ieng\u201d do IPIM, ou trocar um vinho classificado por apenas MOP 1, at&eacute; o <em>stock <\/em>acabar. A mascote \u201cPou Kong Ieng\u201d tamb&eacute;m ir&aacute; fazer um<em> flash mob<\/em> surpresa para interagir e tirar fotografias com o p&uacute;blico.<\/p>\n<p style=\"text-align:justify\"><strong>Actividades diversificadas para promover a coopera&ccedil;&atilde;o comercial e vivenciar a cultura dos PLP<\/strong><\/p>\n<p style=\"text-align:justify\">O evento tamb&eacute;m incluir&aacute; v&aacute;rias actividades empolgantes focadas na cultura dos PLP e nos seus produtos caracter&iacute;sticos. No primeiro dia, haver&aacute; uma promo&ccedil;&atilde;o de produtos alco&oacute;licos dos PLP, reunindo uma variedade de vinhos dos PLP e centrando-se nas negocia&ccedil;&otilde;es comerciais; ser&aacute; realizada uma demonstra&ccedil;&atilde;o culin&aacute;ria de pratos portugueses, com a participa&ccedil;&atilde;o de chefes de cozinha de Macau, influentes na internet, que ir&atilde;o cozinhar no local iguarias portuguesas como galinha &agrave; portuguesa e past&eacute;is de batata.<\/p>\n<p style=\"text-align:justify\">No segundo dia, as actividades ser&atilde;o orientadas para experi&ecirc;ncias interactivas, o IPIM colabora com o Centro de Produtividade e Transfer&ecirc;ncia de Tecnologia de Macau para lan&ccedil;ar o \u201c<em>Workshops<\/em> de bebidas alco&oacute;licas lus&oacute;fonas\u201d, com especialistas em vinho a ensinarem conhecimentos sobre degusta&ccedil;&atilde;o de vinhos; haver&aacute; ainda <em>workshops<\/em> abertos ao p&uacute;blico, como pintura e colagem de cer&acirc;mica portuguesa, tran&ccedil;a de corda de sardinha e pintura manual de azulejos, permitindo que todos sintam o encanto cultural dos PLP atrav&eacute;s da realiza&ccedil;&atilde;o de trabalhos manuais.<\/p>\n<p style=\"text-align:justify\"><strong>Inscri&ccedil;&otilde;es no local para visitar o Pavilh&atilde;o e ganhar pr&eacute;mios fabulosos<\/strong><\/p>\n<p style=\"text-align:justify\">O p&uacute;blico poder&aacute; tamb&eacute;m visitar o Pavilh&atilde;o de Exposi&ccedil;&atilde;o da Plataforma de Servi&ccedil;os para a Coopera&ccedil;&atilde;o Comercial entre a China e os Pa&iacute;ses de L&iacute;ngua Portuguesa, onde poder&atilde;o conhecer os resultados do trabalho de Macau como a plataforma sino-portuguesa atrav&eacute;s de visitas guiadas, bem como conhecer os produtos alimentares e bebidas, produtos agr&iacute;colas e artesanato dos 9 PLP. Ap&oacute;s a visita guiada, os participantes poder&atilde;o participar num jogo de perguntas e respostas para ganhar pr&eacute;mios fabulosos.<\/p>\n<p style=\"text-align:justify\">Durante as actividades promocionais no \u201cEncontro\u201d e a s&eacute;rie de actividades sobre experi&ecirc;ncia dos produtos dos Pa&iacute;ses de L&iacute;ngua Portuguesa, o parque de estacionamento do Complexo da Plataforma de Servi&ccedil;os para a Coopera&ccedil;&atilde;o Comercial entre a China e os Pa&iacute;ses de L&iacute;ngua Portuguesa estar&aacute; aberto ao p&uacute;blico, com lugares limitados, a funcionar por ordem de chegada. Para mais informa&ccedil;&otilde;es, consulte a p&aacute;gina electr&oacute;nica https:\/\/www.ipim.gov.mo\/pt-pt\/, a conta oficial no WeChat do IPIM ou ligue para o +853 6392 9813 \/ +853 6280 3637 durante o hor&aacute;rio de expediente.<\/p>\n","protected":false},"excerpt":{"rendered":"<p>IPIM ir\u00e1 estrear, nos dias 28 e 29 de Mar\u00e7o, as actividades promocionais no \u201cEncontro\u201d e uma s\u00e9rie de actividades de experi\u00eancia dos produtos dos [&hellip;]<\/p>\n","protected":false},"author":3,"featured_media":488132,"comment_status":"closed","ping_status":"closed","sticky":false,"template":"","format":"standard","meta":{"_acf_changed":false,"inline_featured_image":false,"advgb_blocks_editor_width":"","advgb_blocks_columns_visual_guide":"","footnotes":""},"categories":[12],"tags":[],"class_list":["post-488123","post","type-post","status-publish","format-standard","has-post-thumbnail","hentry","category-noticias-do-ipim"],"acf":[],"yoast_head":"<!-- This site is optimized with the Yoast SEO plugin v26.2 - https:\/\/yoast.com\/wordpress\/plugins\/seo\/ -->\r\n<title>[2025\/03\/24] IPIM ir\u00e1 estrear, nos dias 28 e 29 de Mar\u00e7o, as actividades promocionais no \u201cEncontro\u201d e uma s\u00e9rie de actividades de experi\u00eancia dos produtos dos PLP Lan\u00e7amento de medidas promocionais de \u201cTroca MOP $1 por vinho de qualidade\u201d e v\u00e1rios benef\u00edcios de consumo | Commerce and Investment Promotion Institute<\/title>\r\n<meta name=\"robots\" content=\"index, follow, max-snippet:-1, max-image-preview:large, max-video-preview:-1\" \/>\r\n<link rel=\"canonical\" href=\"https:\/\/www.ipim.gov.mo\/pt-pt\/noticias-do-ipim\/2025-03-24-ipim-ira-estrear-nos-dias-28-e-29-de-marco-as-actividades-promocionais-no-encontro-e-uma-serie-de-actividades-de-experiencia-dos-produtos-dos-plp-lancamento-de-medidas\/\" \/>\r\n<meta property=\"og:locale\" content=\"pt_PT\" \/>\r\n<meta property=\"og:type\" content=\"article\" \/>\r\n<meta property=\"og:title\" content=\"[2025\/03\/24] IPIM ir\u00e1 estrear, nos dias 28 e 29 de Mar\u00e7o, as actividades promocionais no \u201cEncontro\u201d e uma s\u00e9rie de actividades de experi\u00eancia dos produtos dos PLP Lan\u00e7amento de medidas promocionais de \u201cTroca MOP $1 por vinho de qualidade\u201d e v\u00e1rios benef\u00edcios de consumo | Commerce and Investment Promotion Institute\" \/>\r\n<meta property=\"og:description\" content=\"IPIM ir\u00e1 estrear, nos dias 28 e 29 de Mar\u00e7o, as actividades promocionais no \u201cEncontro\u201d e uma s\u00e9rie de actividades de experi\u00eancia dos produtos dos [&hellip;]\" \/>\r\n<meta property=\"og:url\" content=\"https:\/\/www.ipim.gov.mo\/pt-pt\/noticias-do-ipim\/2025-03-24-ipim-ira-estrear-nos-dias-28-e-29-de-marco-as-actividades-promocionais-no-encontro-e-uma-serie-de-actividades-de-experiencia-dos-produtos-dos-plp-lancamento-de-medidas\/\" \/>\r\n<meta property=\"og:site_name\" content=\"Commerce and Investment Promotion Institute\" \/>\r\n<meta property=\"article:published_time\" content=\"2025-03-24T07:12:00+00:00\" \/>\r\n<meta property=\"article:modified_time\" content=\"2025-03-24T10:58:20+00:00\" \/>\r\n<meta property=\"og:image\" content=\"https:\/\/www.ipim.gov.mo\/wp-content\/uploads\/2025\/03\/N25CXxesJu__t20250324164758.jpg\" \/>\r\n\t<meta property=\"og:image:width\" content=\"320\" \/>\r\n\t<meta property=\"og:image:height\" content=\"180\" \/>\r\n\t<meta property=\"og:image:type\" content=\"image\/jpeg\" \/>\r\n<meta name=\"author\" content=\"IPIM\" \/>\r\n<meta name=\"twitter:card\" content=\"summary_large_image\" \/>\r\n<meta name=\"twitter:label1\" content=\"Written by\" \/>\n\t<meta name=\"twitter:data1\" content=\"IPIM\" \/>\n\t<meta name=\"twitter:label2\" content=\"Est. reading time\" \/>\n\t<meta name=\"twitter:data2\" content=\"4 minutes\" \/>\r\n<script type=\"application\/ld+json\" class=\"yoast-schema-graph\">{\"@context\":\"https:\/\/schema.org\",\"@graph\":[{\"@type\":\"WebPage\",\"@id\":\"https:\/\/www.ipim.gov.mo\/pt-pt\/noticias-do-ipim\/2025-03-24-ipim-ira-estrear-nos-dias-28-e-29-de-marco-as-actividades-promocionais-no-encontro-e-uma-serie-de-actividades-de-experiencia-dos-produtos-dos-plp-lancamento-de-medidas\/\",\"url\":\"https:\/\/www.ipim.gov.mo\/pt-pt\/noticias-do-ipim\/2025-03-24-ipim-ira-estrear-nos-dias-28-e-29-de-marco-as-actividades-promocionais-no-encontro-e-uma-serie-de-actividades-de-experiencia-dos-produtos-dos-plp-lancamento-de-medidas\/\",\"name\":\"[2025\/03\/24] IPIM ir\u00e1 estrear, nos dias 28 e 29 de Mar\u00e7o, as actividades promocionais no \u201cEncontro\u201d e uma s\u00e9rie de actividades de experi\u00eancia dos produtos dos PLP Lan\u00e7amento de medidas promocionais de \u201cTroca MOP $1 por vinho de qualidade\u201d e v\u00e1rios benef\u00edcios de consumo | Commerce and Investment Promotion Institute\",\"isPartOf\":{\"@id\":\"https:\/\/www.ipim.gov.mo\/zh-hans\/#website\"},\"primaryImageOfPage\":{\"@id\":\"https:\/\/www.ipim.gov.mo\/pt-pt\/noticias-do-ipim\/2025-03-24-ipim-ira-estrear-nos-dias-28-e-29-de-marco-as-actividades-promocionais-no-encontro-e-uma-serie-de-actividades-de-experiencia-dos-produtos-dos-plp-lancamento-de-medidas\/#primaryimage\"},\"image\":{\"@id\":\"https:\/\/www.ipim.gov.mo\/pt-pt\/noticias-do-ipim\/2025-03-24-ipim-ira-estrear-nos-dias-28-e-29-de-marco-as-actividades-promocionais-no-encontro-e-uma-serie-de-actividades-de-experiencia-dos-produtos-dos-plp-lancamento-de-medidas\/#primaryimage\"},\"thumbnailUrl\":\"https:\/\/www.ipim.gov.mo\/wp-content\/uploads\/2025\/03\/N25CXxesJu__t20250324164758.jpg\",\"datePublished\":\"2025-03-24T07:12:00+00:00\",\"dateModified\":\"2025-03-24T10:58:20+00:00\",\"breadcrumb\":{\"@id\":\"https:\/\/www.ipim.gov.mo\/pt-pt\/noticias-do-ipim\/2025-03-24-ipim-ira-estrear-nos-dias-28-e-29-de-marco-as-actividades-promocionais-no-encontro-e-uma-serie-de-actividades-de-experiencia-dos-produtos-dos-plp-lancamento-de-medidas\/#breadcrumb\"},\"inLanguage\":\"pt-PT\",\"potentialAction\":[{\"@type\":\"ReadAction\",\"target\":[\"https:\/\/www.ipim.gov.mo\/pt-pt\/noticias-do-ipim\/2025-03-24-ipim-ira-estrear-nos-dias-28-e-29-de-marco-as-actividades-promocionais-no-encontro-e-uma-serie-de-actividades-de-experiencia-dos-produtos-dos-plp-lancamento-de-medidas\/\"]}]},{\"@type\":\"ImageObject\",\"inLanguage\":\"pt-PT\",\"@id\":\"https:\/\/www.ipim.gov.mo\/pt-pt\/noticias-do-ipim\/2025-03-24-ipim-ira-estrear-nos-dias-28-e-29-de-marco-as-actividades-promocionais-no-encontro-e-uma-serie-de-actividades-de-experiencia-dos-produtos-dos-plp-lancamento-de-medidas\/#primaryimage\",\"url\":\"https:\/\/www.ipim.gov.mo\/wp-content\/uploads\/2025\/03\/N25CXxesJu__t20250324164758.jpg\",\"contentUrl\":\"https:\/\/www.ipim.gov.mo\/wp-content\/uploads\/2025\/03\/N25CXxesJu__t20250324164758.jpg\",\"width\":320,\"height\":180},{\"@type\":\"BreadcrumbList\",\"@id\":\"https:\/\/www.ipim.gov.mo\/pt-pt\/noticias-do-ipim\/2025-03-24-ipim-ira-estrear-nos-dias-28-e-29-de-marco-as-actividades-promocionais-no-encontro-e-uma-serie-de-actividades-de-experiencia-dos-produtos-dos-plp-lancamento-de-medidas\/#breadcrumb\",\"itemListElement\":[{\"@type\":\"ListItem\",\"position\":1,\"name\":\"Home\",\"item\":\"https:\/\/www.ipim.gov.mo\/pt-pt\/\"},{\"@type\":\"ListItem\",\"position\":2,\"name\":\"[2025\/03\/24] IPIM ir\u00e1 estrear, nos dias 28 e 29 de Mar\u00e7o, as actividades promocionais no \u201cEncontro\u201d e uma s\u00e9rie de actividades de experi\u00eancia dos produtos dos PLP Lan\u00e7amento de medidas promocionais de \u201cTroca MOP $1 por vinho de qualidade\u201d e v\u00e1rios benef\u00edcios de consumo\"}]},{\"@type\":\"WebSite\",\"@id\":\"https:\/\/www.ipim.gov.mo\/zh-hans\/#website\",\"url\":\"https:\/\/www.ipim.gov.mo\/zh-hans\/\",\"name\":\"Commerce and Investment Promotion Institute\",\"description\":\"Commerce and Investment Promotion Institute\",\"publisher\":{\"@id\":\"https:\/\/www.ipim.gov.mo\/zh-hans\/#organization\"},\"potentialAction\":[{\"@type\":\"SearchAction\",\"target\":{\"@type\":\"EntryPoint\",\"urlTemplate\":\"https:\/\/www.ipim.gov.mo\/zh-hans\/?s={search_term_string}\"},\"query-input\":{\"@type\":\"PropertyValueSpecification\",\"valueRequired\":true,\"valueName\":\"search_term_string\"}}],\"inLanguage\":\"pt-PT\"},{\"@type\":\"Organization\",\"@id\":\"https:\/\/www.ipim.gov.mo\/zh-hans\/#organization\",\"name\":\"IPIM\",\"url\":\"https:\/\/www.ipim.gov.mo\/zh-hans\/\",\"logo\":{\"@type\":\"ImageObject\",\"inLanguage\":\"pt-PT\",\"@id\":\"https:\/\/www.ipim.gov.mo\/zh-hans\/#\/schema\/logo\/image\/\",\"url\":\"https:\/\/www.ipim.gov.mo\/wp-content\/uploads\/2022\/10\/default-post-thumbnail-ipim-logo.png\",\"contentUrl\":\"https:\/\/www.ipim.gov.mo\/wp-content\/uploads\/2022\/10\/default-post-thumbnail-ipim-logo.png\",\"width\":1024,\"height\":768,\"caption\":\"IPIM\"},\"image\":{\"@id\":\"https:\/\/www.ipim.gov.mo\/zh-hans\/#\/schema\/logo\/image\/\"}}]}<\/script>\r\n<!-- \/ Yoast SEO plugin. -->","yoast_head_json":{"title":"[2025\/03\/24] IPIM ir\u00e1 estrear, nos dias 28 e 29 de Mar\u00e7o, as actividades promocionais no \u201cEncontro\u201d e uma s\u00e9rie de actividades de experi\u00eancia dos produtos dos PLP Lan\u00e7amento de medidas promocionais de \u201cTroca MOP $1 por vinho de qualidade\u201d e v\u00e1rios benef\u00edcios de consumo | Commerce and Investment Promotion Institute","robots":{"index":"index","follow":"follow","max-snippet":"max-snippet:-1","max-image-preview":"max-image-preview:large","max-video-preview":"max-video-preview:-1"},"canonical":"https:\/\/www.ipim.gov.mo\/pt-pt\/noticias-do-ipim\/2025-03-24-ipim-ira-estrear-nos-dias-28-e-29-de-marco-as-actividades-promocionais-no-encontro-e-uma-serie-de-actividades-de-experiencia-dos-produtos-dos-plp-lancamento-de-medidas\/","og_locale":"pt_PT","og_type":"article","og_title":"[2025\/03\/24] IPIM ir\u00e1 estrear, nos dias 28 e 29 de Mar\u00e7o, as actividades promocionais no \u201cEncontro\u201d e uma s\u00e9rie de actividades de experi\u00eancia dos produtos dos PLP Lan\u00e7amento de medidas promocionais de \u201cTroca MOP $1 por vinho de qualidade\u201d e v\u00e1rios benef\u00edcios de consumo | Commerce and Investment Promotion Institute","og_description":"IPIM ir\u00e1 estrear, nos dias 28 e 29 de Mar\u00e7o, as actividades promocionais no \u201cEncontro\u201d e uma s\u00e9rie de actividades de experi\u00eancia dos produtos dos [&hellip;]","og_url":"https:\/\/www.ipim.gov.mo\/pt-pt\/noticias-do-ipim\/2025-03-24-ipim-ira-estrear-nos-dias-28-e-29-de-marco-as-actividades-promocionais-no-encontro-e-uma-serie-de-actividades-de-experiencia-dos-produtos-dos-plp-lancamento-de-medidas\/","og_site_name":"Commerce and Investment Promotion Institute","article_published_time":"2025-03-24T07:12:00+00:00","article_modified_time":"2025-03-24T10:58:20+00:00","og_image":[{"width":320,"height":180,"url":"https:\/\/www.ipim.gov.mo\/wp-content\/uploads\/2025\/03\/N25CXxesJu__t20250324164758.jpg","type":"image\/jpeg"}],"author":"IPIM","twitter_card":"summary_large_image","twitter_misc":{"Written by":"IPIM","Est. reading time":"4 minutes"},"schema":{"@context":"https:\/\/schema.org","@graph":[{"@type":"WebPage","@id":"https:\/\/www.ipim.gov.mo\/pt-pt\/noticias-do-ipim\/2025-03-24-ipim-ira-estrear-nos-dias-28-e-29-de-marco-as-actividades-promocionais-no-encontro-e-uma-serie-de-actividades-de-experiencia-dos-produtos-dos-plp-lancamento-de-medidas\/","url":"https:\/\/www.ipim.gov.mo\/pt-pt\/noticias-do-ipim\/2025-03-24-ipim-ira-estrear-nos-dias-28-e-29-de-marco-as-actividades-promocionais-no-encontro-e-uma-serie-de-actividades-de-experiencia-dos-produtos-dos-plp-lancamento-de-medidas\/","name":"[2025\/03\/24] IPIM ir\u00e1 estrear, nos dias 28 e 29 de Mar\u00e7o, as actividades promocionais no \u201cEncontro\u201d e uma s\u00e9rie de actividades de experi\u00eancia dos produtos dos PLP Lan\u00e7amento de medidas promocionais de \u201cTroca MOP $1 por vinho de qualidade\u201d e v\u00e1rios benef\u00edcios de consumo | Commerce and Investment Promotion Institute","isPartOf":{"@id":"https:\/\/www.ipim.gov.mo\/zh-hans\/#website"},"primaryImageOfPage":{"@id":"https:\/\/www.ipim.gov.mo\/pt-pt\/noticias-do-ipim\/2025-03-24-ipim-ira-estrear-nos-dias-28-e-29-de-marco-as-actividades-promocionais-no-encontro-e-uma-serie-de-actividades-de-experiencia-dos-produtos-dos-plp-lancamento-de-medidas\/#primaryimage"},"image":{"@id":"https:\/\/www.ipim.gov.mo\/pt-pt\/noticias-do-ipim\/2025-03-24-ipim-ira-estrear-nos-dias-28-e-29-de-marco-as-actividades-promocionais-no-encontro-e-uma-serie-de-actividades-de-experiencia-dos-produtos-dos-plp-lancamento-de-medidas\/#primaryimage"},"thumbnailUrl":"https:\/\/www.ipim.gov.mo\/wp-content\/uploads\/2025\/03\/N25CXxesJu__t20250324164758.jpg","datePublished":"2025-03-24T07:12:00+00:00","dateModified":"2025-03-24T10:58:20+00:00","breadcrumb":{"@id":"https:\/\/www.ipim.gov.mo\/pt-pt\/noticias-do-ipim\/2025-03-24-ipim-ira-estrear-nos-dias-28-e-29-de-marco-as-actividades-promocionais-no-encontro-e-uma-serie-de-actividades-de-experiencia-dos-produtos-dos-plp-lancamento-de-medidas\/#breadcrumb"},"inLanguage":"pt-PT","potentialAction":[{"@type":"ReadAction","target":["https:\/\/www.ipim.gov.mo\/pt-pt\/noticias-do-ipim\/2025-03-24-ipim-ira-estrear-nos-dias-28-e-29-de-marco-as-actividades-promocionais-no-encontro-e-uma-serie-de-actividades-de-experiencia-dos-produtos-dos-plp-lancamento-de-medidas\/"]}]},{"@type":"ImageObject","inLanguage":"pt-PT","@id":"https:\/\/www.ipim.gov.mo\/pt-pt\/noticias-do-ipim\/2025-03-24-ipim-ira-estrear-nos-dias-28-e-29-de-marco-as-actividades-promocionais-no-encontro-e-uma-serie-de-actividades-de-experiencia-dos-produtos-dos-plp-lancamento-de-medidas\/#primaryimage","url":"https:\/\/www.ipim.gov.mo\/wp-content\/uploads\/2025\/03\/N25CXxesJu__t20250324164758.jpg","contentUrl":"https:\/\/www.ipim.gov.mo\/wp-content\/uploads\/2025\/03\/N25CXxesJu__t20250324164758.jpg","width":320,"height":180},{"@type":"BreadcrumbList","@id":"https:\/\/www.ipim.gov.mo\/pt-pt\/noticias-do-ipim\/2025-03-24-ipim-ira-estrear-nos-dias-28-e-29-de-marco-as-actividades-promocionais-no-encontro-e-uma-serie-de-actividades-de-experiencia-dos-produtos-dos-plp-lancamento-de-medidas\/#breadcrumb","itemListElement":[{"@type":"ListItem","position":1,"name":"Home","item":"https:\/\/www.ipim.gov.mo\/pt-pt\/"},{"@type":"ListItem","position":2,"name":"[2025\/03\/24] IPIM ir\u00e1 estrear, nos dias 28 e 29 de Mar\u00e7o, as actividades promocionais no \u201cEncontro\u201d e uma s\u00e9rie de actividades de experi\u00eancia dos produtos dos PLP Lan\u00e7amento de medidas promocionais de \u201cTroca MOP $1 por vinho de qualidade\u201d e v\u00e1rios benef\u00edcios de consumo"}]},{"@type":"WebSite","@id":"https:\/\/www.ipim.gov.mo\/zh-hans\/#website","url":"https:\/\/www.ipim.gov.mo\/zh-hans\/","name":"Commerce and Investment Promotion Institute","description":"Commerce and Investment Promotion Institute","publisher":{"@id":"https:\/\/www.ipim.gov.mo\/zh-hans\/#organization"},"potentialAction":[{"@type":"SearchAction","target":{"@type":"EntryPoint","urlTemplate":"https:\/\/www.ipim.gov.mo\/zh-hans\/?s={search_term_string}"},"query-input":{"@type":"PropertyValueSpecification","valueRequired":true,"valueName":"search_term_string"}}],"inLanguage":"pt-PT"},{"@type":"Organization","@id":"https:\/\/www.ipim.gov.mo\/zh-hans\/#organization","name":"IPIM","url":"https:\/\/www.ipim.gov.mo\/zh-hans\/","logo":{"@type":"ImageObject","inLanguage":"pt-PT","@id":"https:\/\/www.ipim.gov.mo\/zh-hans\/#\/schema\/logo\/image\/","url":"https:\/\/www.ipim.gov.mo\/wp-content\/uploads\/2022\/10\/default-post-thumbnail-ipim-logo.png","contentUrl":"https:\/\/www.ipim.gov.mo\/wp-content\/uploads\/2022\/10\/default-post-thumbnail-ipim-logo.png","width":1024,"height":768,"caption":"IPIM"},"image":{"@id":"https:\/\/www.ipim.gov.mo\/zh-hans\/#\/schema\/logo\/image\/"}}]}},"author_meta":{"display_name":"IPIM","author_link":"https:\/\/www.ipim.gov.mo\/pt-pt\/author\/ipim-trainer\/"},"featured_img":"https:\/\/www.ipim.gov.mo\/wp-content\/uploads\/2025\/03\/N25CXxesJu__t20250324164758-300x169.jpg","coauthors":[],"tax_additional":{"categories":{"linked":["<a href=\"https:\/\/www.ipim.gov.mo\/pt-pt\/category\/noticias-do-ipim\/\" class=\"advgb-post-tax-term\">Not\u00edcias do IPIM<\/a>"],"unlinked":["<span class=\"advgb-post-tax-term\">Not\u00edcias do IPIM<\/span>"]}},"comment_count":"0","relative_dates":{"created":"Posted 1 year ago","modified":"Updated 1 year ago"},"absolute_dates":{"created":"Posted on Mar\u00e7o 24, 2025","modified":"Updated on Mar\u00e7o 24, 2025"},"absolute_dates_time":{"created":"Posted on Mar\u00e7o 24, 2025 3:12 pm","modified":"Updated on Mar\u00e7o 24, 2025 6:58 pm"},"featured_img_caption":"","series_order":"","_links":{"self":[{"href":"https:\/\/www.ipim.gov.mo\/pt-pt\/wp-json\/wp\/v2\/posts\/488123","targetHints":{"allow":["GET"]}}],"collection":[{"href":"https:\/\/www.ipim.gov.mo\/pt-pt\/wp-json\/wp\/v2\/posts"}],"about":[{"href":"https:\/\/www.ipim.gov.mo\/pt-pt\/wp-json\/wp\/v2\/types\/post"}],"author":[{"embeddable":true,"href":"https:\/\/www.ipim.gov.mo\/pt-pt\/wp-json\/wp\/v2\/users\/3"}],"replies":[{"embeddable":true,"href":"https:\/\/www.ipim.gov.mo\/pt-pt\/wp-json\/wp\/v2\/comments?post=488123"}],"version-history":[{"count":2,"href":"https:\/\/www.ipim.gov.mo\/pt-pt\/wp-json\/wp\/v2\/posts\/488123\/revisions"}],"predecessor-version":[{"id":488162,"href":"https:\/\/www.ipim.gov.mo\/pt-pt\/wp-json\/wp\/v2\/posts\/488123\/revisions\/488162"}],"wp:featuredmedia":[{"embeddable":true,"href":"https:\/\/www.ipim.gov.mo\/pt-pt\/wp-json\/wp\/v2\/media\/488132"}],"wp:attachment":[{"href":"https:\/\/www.ipim.gov.mo\/pt-pt\/wp-json\/wp\/v2\/media?parent=488123"}],"wp:term":[{"taxonomy":"category","embeddable":true,"href":"https:\/\/www.ipim.gov.mo\/pt-pt\/wp-json\/wp\/v2\/categories?post=488123"},{"taxonomy":"post_tag","embeddable":true,"href":"https:\/\/www.ipim.gov.mo\/pt-pt\/wp-json\/wp\/v2\/tags?post=488123"}],"curies":[{"name":"wp","href":"https:\/\/api.w.org\/{rel}","templated":true}]}}