{"id":488091,"date":"2025-03-24T10:37:00","date_gmt":"2025-03-24T02:37:00","guid":{"rendered":"https:\/\/www.ipim.gov.mo\/noticias-do-ipim\/2025-03-24-entrada-gratuita-no-dia-verde-do-publico-do-2025miecf\/"},"modified":"2025-03-24T10:37:00","modified_gmt":"2025-03-24T02:37:00","slug":"2025-03-24-entrada-gratuita-no-dia-verde-do-publico-do-2025miecf","status":"publish","type":"post","link":"https:\/\/www.ipim.gov.mo\/pt-pt\/noticias-do-ipim\/2025-03-24-entrada-gratuita-no-dia-verde-do-publico-do-2025miecf\/","title":{"rendered":"[2025\/03\/24] Entrada gratuita no \u201cDia Verde do P\u00fablico\u201d do 2025MIECF"},"content":{"rendered":"<p style=\"text-align:justify\">O F&oacute;rum e Exposi&ccedil;&atilde;o Internacional de Coopera&ccedil;&atilde;o Ambiental de Macau 2025 (2025MIECF), organizado pelo Governo da Regi&atilde;o Administrativa Especial de Macau (RAEM), realizar-se-&aacute; entre os dias 27 e 29 de Mar&ccedil;o no <em>Cotai Expo, The Venetian Macao<\/em>. Tendo por tema \u201cInova&ccedil;&atilde;o e Desenvolvimento Verde \u2013 Solu&ccedil;&otilde;es para a Constru&ccedil;&atilde;o de Cidades Belas\u201d, o &uacute;ltimo dia (29 de Mar&ccedil;o) da Exposi&ccedil;&atilde;o ser&aacute; o \u201cDia Verde do P&uacute;blico\u201d e estar&aacute; aberto ao p&uacute;blico para visitas gratuitas &agrave; Mostra Verde, onde os visitantes poder&atilde;o ficar a par das informa&ccedil;&otilde;es e tecnologias mais actuais sobre protec&ccedil;&atilde;o ambiental. Ter&aacute; lugar tamb&eacute;m, no mesmo local, uma s&eacute;rie de actividades de sensibiliza&ccedil;&atilde;o e educa&ccedil;&atilde;o ambiental que tem por objectivo transmitir ao p&uacute;blico o conceito da vida verde, construindo, em conjunto, um futuro ecol&oacute;gico e sustent&aacute;vel.<\/p>\n<p style=\"text-align:justify\"><strong>Actividades enriquecedoras e diversificadas para incentivar o p&uacute;blico a reduzir as emiss&otilde;es de carbono<\/strong><\/p>\n<p style=\"text-align:justify\">Com vista a divulgar os princ&iacute;pios de protec&ccedil;&atilde;o ambiental e estimular o p&uacute;blico a p&ocirc;r em pr&aacute;tica a redu&ccedil;&atilde;o de carbono, a entrada no evento do \u201cDia Verde do P&uacute;blico\u201d do MIECF deste ano continuar&aacute; a ser gratuita. Atrav&eacute;s da plataforma do MIECF, o p&uacute;blico poder&aacute; ter acesso a informa&ccedil;&otilde;es e conhecer as tecnologias mais recentes no &acirc;mbito da protec&ccedil;&atilde;o ambiental a n&iacute;vel nacional e internacional, bem como as &uacute;ltimas tend&ecirc;ncias da inova&ccedil;&atilde;o tecnol&oacute;gica verde, alargando, assim, os seus horizontes ecol&oacute;gicos.<\/p>\n<p style=\"text-align:justify\">Uma s&eacute;rie de actividades de sensibiliza&ccedil;&atilde;o e educa&ccedil;&atilde;o ambiental ser&aacute; organizada no recinto, nomeadamente, jogos no palco, tendas de jogos, <em>workshops <\/em>com temas ambientais, posto de inscri&ccedil;&atilde;o para o Programa de Pontos \u201cVerdes\u201d e um grande sorteio com pr&eacute;mios. Os visitantes poder&atilde;o experimentar as pr&aacute;ticas ecol&oacute;gicas e de baixo carbono e aderir &agrave; causa da redu&ccedil;&atilde;o de carbono ao participarem numa vasta gama de actividades ambientais. As mascotes da Direc&ccedil;&atilde;o dos Servi&ccedil;os de Protec&ccedil;&atilde;o Ambiental estar&atilde;o presentes no evento para interagirem com o p&uacute;blico e promoverem o conceito de redu&ccedil;&atilde;o de carbono de uma forma divertida.<\/p>\n<p style=\"text-align:justify\">Por forma a promover a participa&ccedil;&atilde;o de todos na mobilidade verde, no Dia Verde do P&uacute;blico, a entidade organizadora disponibilizar&aacute; quatro carreiras de autocarros el&eacute;ctricos que estar&atilde;o a circular entre as Zonas Centro e Norte de Macau, a Taipa e o recinto do MIECF. Esta medida ecol&oacute;gica encoraja os residentes a agirem em conjunto para reduzir as emiss&otilde;es de carbono e a compartilharem a conveni&ecirc;ncia dos transportes amigos do ambiente.<\/p>\n<p style=\"text-align:justify\"><strong>Organiza&ccedil;&atilde;o de visitas t&eacute;cnicas para o interc&acirc;mbio de tecnologias ambientais<\/strong><\/p>\n<p style=\"text-align:justify\">Al&eacute;m disso, o F&oacute;rum tem agendadas, para a manh&atilde; do dia 29 de Mar&ccedil;o (S&aacute;bado), visitas t&eacute;cnicas &agrave;s instala&ccedil;&otilde;es de reciclagem de equipamentos electr&oacute;nicos e el&eacute;ctricos e &agrave;s Zonas Ecol&oacute;gicas do Cotai, proporcionando uma plataforma de interc&acirc;mbio em termos de tecnologias ecol&oacute;gicas aos participantes de diferentes regi&otilde;es. Os interessados podem inscrever-se antecipadamente.<\/p>\n<p style=\"text-align:justify\">Mais informa&ccedil;&otilde;es sobre o 2025MIECF podem ser obtidas atrav&eacute;s do <em>e-mail<\/em>: info@macaomiecf.com ou do telefone: (853) 8798 9675, ou, alternativamente, acedendo &agrave; p&aacute;gina electr&oacute;nica oficial: http:\/\/www.macaomiecf.com, ou subscrevendo a conta no<em> WeChat<\/em>: MIECF.<\/p>\n","protected":false},"excerpt":{"rendered":"<p>O F&oacute;rum e Exposi&ccedil;&atilde;o Internacional de Coopera&ccedil;&atilde;o Ambiental de Macau 2025 (2025MIECF), organizado pelo Governo da Regi&atilde;o Administrativa Especial de Macau (RAEM), realizar-se-&aacute; entre os [&hellip;]<\/p>\n","protected":false},"author":0,"featured_media":488096,"comment_status":"closed","ping_status":"closed","sticky":false,"template":"","format":"standard","meta":{"_acf_changed":false,"inline_featured_image":false,"advgb_blocks_editor_width":"","advgb_blocks_columns_visual_guide":"","footnotes":""},"categories":[12],"tags":[],"class_list":["post-488091","post","type-post","status-publish","format-standard","has-post-thumbnail","hentry","category-noticias-do-ipim"],"acf":[],"yoast_head":"<!-- This site is optimized with the Yoast SEO plugin v26.2 - https:\/\/yoast.com\/wordpress\/plugins\/seo\/ -->\r\n<title>[2025\/03\/24] Entrada gratuita no \u201cDia Verde do P\u00fablico\u201d do 2025MIECF | Commerce and Investment Promotion Institute<\/title>\r\n<meta name=\"robots\" content=\"index, follow, max-snippet:-1, max-image-preview:large, max-video-preview:-1\" \/>\r\n<link rel=\"canonical\" href=\"https:\/\/www.ipim.gov.mo\/pt-pt\/noticias-do-ipim\/2025-03-24-entrada-gratuita-no-dia-verde-do-publico-do-2025miecf\/\" \/>\r\n<meta property=\"og:locale\" content=\"pt_PT\" \/>\r\n<meta property=\"og:type\" content=\"article\" \/>\r\n<meta property=\"og:title\" content=\"[2025\/03\/24] Entrada gratuita no \u201cDia Verde do P\u00fablico\u201d do 2025MIECF | Commerce and Investment Promotion Institute\" \/>\r\n<meta property=\"og:description\" content=\"O F&oacute;rum e Exposi&ccedil;&atilde;o Internacional de Coopera&ccedil;&atilde;o Ambiental de Macau 2025 (2025MIECF), organizado pelo Governo da Regi&atilde;o Administrativa Especial de Macau (RAEM), realizar-se-&aacute; entre os [&hellip;]\" \/>\r\n<meta property=\"og:url\" content=\"https:\/\/www.ipim.gov.mo\/pt-pt\/noticias-do-ipim\/2025-03-24-entrada-gratuita-no-dia-verde-do-publico-do-2025miecf\/\" \/>\r\n<meta property=\"og:site_name\" content=\"Commerce and Investment Promotion Institute\" \/>\r\n<meta property=\"article:published_time\" content=\"2025-03-24T02:37:00+00:00\" \/>\r\n<meta property=\"og:image\" content=\"https:\/\/www.ipim.gov.mo\/wp-content\/uploads\/2025\/03\/N25CXRvQBd__t20250324111059.jpg\" \/>\r\n\t<meta property=\"og:image:width\" content=\"320\" \/>\r\n\t<meta property=\"og:image:height\" content=\"180\" \/>\r\n\t<meta property=\"og:image:type\" content=\"image\/jpeg\" \/>\r\n<meta name=\"twitter:card\" content=\"summary_large_image\" \/>\r\n<meta name=\"twitter:label1\" content=\"Est. reading time\" \/>\n\t<meta name=\"twitter:data1\" content=\"3 minutes\" \/>\r\n<script type=\"application\/ld+json\" class=\"yoast-schema-graph\">{\"@context\":\"https:\/\/schema.org\",\"@graph\":[{\"@type\":\"WebPage\",\"@id\":\"https:\/\/www.ipim.gov.mo\/pt-pt\/noticias-do-ipim\/2025-03-24-entrada-gratuita-no-dia-verde-do-publico-do-2025miecf\/\",\"url\":\"https:\/\/www.ipim.gov.mo\/pt-pt\/noticias-do-ipim\/2025-03-24-entrada-gratuita-no-dia-verde-do-publico-do-2025miecf\/\",\"name\":\"[2025\/03\/24] Entrada gratuita no \u201cDia Verde do P\u00fablico\u201d do 2025MIECF | Commerce and Investment Promotion Institute\",\"isPartOf\":{\"@id\":\"https:\/\/www.ipim.gov.mo\/zh-hans\/#website\"},\"primaryImageOfPage\":{\"@id\":\"https:\/\/www.ipim.gov.mo\/pt-pt\/noticias-do-ipim\/2025-03-24-entrada-gratuita-no-dia-verde-do-publico-do-2025miecf\/#primaryimage\"},\"image\":{\"@id\":\"https:\/\/www.ipim.gov.mo\/pt-pt\/noticias-do-ipim\/2025-03-24-entrada-gratuita-no-dia-verde-do-publico-do-2025miecf\/#primaryimage\"},\"thumbnailUrl\":\"https:\/\/www.ipim.gov.mo\/wp-content\/uploads\/2025\/03\/N25CXRvQBd__t20250324111059.jpg\",\"datePublished\":\"2025-03-24T02:37:00+00:00\",\"breadcrumb\":{\"@id\":\"https:\/\/www.ipim.gov.mo\/pt-pt\/noticias-do-ipim\/2025-03-24-entrada-gratuita-no-dia-verde-do-publico-do-2025miecf\/#breadcrumb\"},\"inLanguage\":\"pt-PT\",\"potentialAction\":[{\"@type\":\"ReadAction\",\"target\":[\"https:\/\/www.ipim.gov.mo\/pt-pt\/noticias-do-ipim\/2025-03-24-entrada-gratuita-no-dia-verde-do-publico-do-2025miecf\/\"]}]},{\"@type\":\"ImageObject\",\"inLanguage\":\"pt-PT\",\"@id\":\"https:\/\/www.ipim.gov.mo\/pt-pt\/noticias-do-ipim\/2025-03-24-entrada-gratuita-no-dia-verde-do-publico-do-2025miecf\/#primaryimage\",\"url\":\"https:\/\/www.ipim.gov.mo\/wp-content\/uploads\/2025\/03\/N25CXRvQBd__t20250324111059.jpg\",\"contentUrl\":\"https:\/\/www.ipim.gov.mo\/wp-content\/uploads\/2025\/03\/N25CXRvQBd__t20250324111059.jpg\",\"width\":320,\"height\":180},{\"@type\":\"BreadcrumbList\",\"@id\":\"https:\/\/www.ipim.gov.mo\/pt-pt\/noticias-do-ipim\/2025-03-24-entrada-gratuita-no-dia-verde-do-publico-do-2025miecf\/#breadcrumb\",\"itemListElement\":[{\"@type\":\"ListItem\",\"position\":1,\"name\":\"Home\",\"item\":\"https:\/\/www.ipim.gov.mo\/pt-pt\/\"},{\"@type\":\"ListItem\",\"position\":2,\"name\":\"[2025\/03\/24] Entrada gratuita no \u201cDia Verde do P\u00fablico\u201d do 2025MIECF\"}]},{\"@type\":\"WebSite\",\"@id\":\"https:\/\/www.ipim.gov.mo\/zh-hans\/#website\",\"url\":\"https:\/\/www.ipim.gov.mo\/zh-hans\/\",\"name\":\"Commerce and Investment Promotion Institute\",\"description\":\"Commerce and Investment Promotion Institute\",\"publisher\":{\"@id\":\"https:\/\/www.ipim.gov.mo\/zh-hans\/#organization\"},\"potentialAction\":[{\"@type\":\"SearchAction\",\"target\":{\"@type\":\"EntryPoint\",\"urlTemplate\":\"https:\/\/www.ipim.gov.mo\/zh-hans\/?s={search_term_string}\"},\"query-input\":{\"@type\":\"PropertyValueSpecification\",\"valueRequired\":true,\"valueName\":\"search_term_string\"}}],\"inLanguage\":\"pt-PT\"},{\"@type\":\"Organization\",\"@id\":\"https:\/\/www.ipim.gov.mo\/zh-hans\/#organization\",\"name\":\"IPIM\",\"url\":\"https:\/\/www.ipim.gov.mo\/zh-hans\/\",\"logo\":{\"@type\":\"ImageObject\",\"inLanguage\":\"pt-PT\",\"@id\":\"https:\/\/www.ipim.gov.mo\/zh-hans\/#\/schema\/logo\/image\/\",\"url\":\"https:\/\/www.ipim.gov.mo\/wp-content\/uploads\/2022\/10\/default-post-thumbnail-ipim-logo.png\",\"contentUrl\":\"https:\/\/www.ipim.gov.mo\/wp-content\/uploads\/2022\/10\/default-post-thumbnail-ipim-logo.png\",\"width\":1024,\"height\":768,\"caption\":\"IPIM\"},\"image\":{\"@id\":\"https:\/\/www.ipim.gov.mo\/zh-hans\/#\/schema\/logo\/image\/\"}}]}<\/script>\r\n<!-- \/ Yoast SEO plugin. -->","yoast_head_json":{"title":"[2025\/03\/24] Entrada gratuita no \u201cDia Verde do P\u00fablico\u201d do 2025MIECF | Commerce and Investment Promotion Institute","robots":{"index":"index","follow":"follow","max-snippet":"max-snippet:-1","max-image-preview":"max-image-preview:large","max-video-preview":"max-video-preview:-1"},"canonical":"https:\/\/www.ipim.gov.mo\/pt-pt\/noticias-do-ipim\/2025-03-24-entrada-gratuita-no-dia-verde-do-publico-do-2025miecf\/","og_locale":"pt_PT","og_type":"article","og_title":"[2025\/03\/24] Entrada gratuita no \u201cDia Verde do P\u00fablico\u201d do 2025MIECF | Commerce and Investment Promotion Institute","og_description":"O F&oacute;rum e Exposi&ccedil;&atilde;o Internacional de Coopera&ccedil;&atilde;o Ambiental de Macau 2025 (2025MIECF), organizado pelo Governo da Regi&atilde;o Administrativa Especial de Macau (RAEM), realizar-se-&aacute; entre os [&hellip;]","og_url":"https:\/\/www.ipim.gov.mo\/pt-pt\/noticias-do-ipim\/2025-03-24-entrada-gratuita-no-dia-verde-do-publico-do-2025miecf\/","og_site_name":"Commerce and Investment Promotion Institute","article_published_time":"2025-03-24T02:37:00+00:00","og_image":[{"width":320,"height":180,"url":"https:\/\/www.ipim.gov.mo\/wp-content\/uploads\/2025\/03\/N25CXRvQBd__t20250324111059.jpg","type":"image\/jpeg"}],"twitter_card":"summary_large_image","twitter_misc":{"Est. reading time":"3 minutes"},"schema":{"@context":"https:\/\/schema.org","@graph":[{"@type":"WebPage","@id":"https:\/\/www.ipim.gov.mo\/pt-pt\/noticias-do-ipim\/2025-03-24-entrada-gratuita-no-dia-verde-do-publico-do-2025miecf\/","url":"https:\/\/www.ipim.gov.mo\/pt-pt\/noticias-do-ipim\/2025-03-24-entrada-gratuita-no-dia-verde-do-publico-do-2025miecf\/","name":"[2025\/03\/24] Entrada gratuita no \u201cDia Verde do P\u00fablico\u201d do 2025MIECF | Commerce and Investment Promotion Institute","isPartOf":{"@id":"https:\/\/www.ipim.gov.mo\/zh-hans\/#website"},"primaryImageOfPage":{"@id":"https:\/\/www.ipim.gov.mo\/pt-pt\/noticias-do-ipim\/2025-03-24-entrada-gratuita-no-dia-verde-do-publico-do-2025miecf\/#primaryimage"},"image":{"@id":"https:\/\/www.ipim.gov.mo\/pt-pt\/noticias-do-ipim\/2025-03-24-entrada-gratuita-no-dia-verde-do-publico-do-2025miecf\/#primaryimage"},"thumbnailUrl":"https:\/\/www.ipim.gov.mo\/wp-content\/uploads\/2025\/03\/N25CXRvQBd__t20250324111059.jpg","datePublished":"2025-03-24T02:37:00+00:00","breadcrumb":{"@id":"https:\/\/www.ipim.gov.mo\/pt-pt\/noticias-do-ipim\/2025-03-24-entrada-gratuita-no-dia-verde-do-publico-do-2025miecf\/#breadcrumb"},"inLanguage":"pt-PT","potentialAction":[{"@type":"ReadAction","target":["https:\/\/www.ipim.gov.mo\/pt-pt\/noticias-do-ipim\/2025-03-24-entrada-gratuita-no-dia-verde-do-publico-do-2025miecf\/"]}]},{"@type":"ImageObject","inLanguage":"pt-PT","@id":"https:\/\/www.ipim.gov.mo\/pt-pt\/noticias-do-ipim\/2025-03-24-entrada-gratuita-no-dia-verde-do-publico-do-2025miecf\/#primaryimage","url":"https:\/\/www.ipim.gov.mo\/wp-content\/uploads\/2025\/03\/N25CXRvQBd__t20250324111059.jpg","contentUrl":"https:\/\/www.ipim.gov.mo\/wp-content\/uploads\/2025\/03\/N25CXRvQBd__t20250324111059.jpg","width":320,"height":180},{"@type":"BreadcrumbList","@id":"https:\/\/www.ipim.gov.mo\/pt-pt\/noticias-do-ipim\/2025-03-24-entrada-gratuita-no-dia-verde-do-publico-do-2025miecf\/#breadcrumb","itemListElement":[{"@type":"ListItem","position":1,"name":"Home","item":"https:\/\/www.ipim.gov.mo\/pt-pt\/"},{"@type":"ListItem","position":2,"name":"[2025\/03\/24] Entrada gratuita no \u201cDia Verde do P\u00fablico\u201d do 2025MIECF"}]},{"@type":"WebSite","@id":"https:\/\/www.ipim.gov.mo\/zh-hans\/#website","url":"https:\/\/www.ipim.gov.mo\/zh-hans\/","name":"Commerce and Investment Promotion Institute","description":"Commerce and Investment Promotion Institute","publisher":{"@id":"https:\/\/www.ipim.gov.mo\/zh-hans\/#organization"},"potentialAction":[{"@type":"SearchAction","target":{"@type":"EntryPoint","urlTemplate":"https:\/\/www.ipim.gov.mo\/zh-hans\/?s={search_term_string}"},"query-input":{"@type":"PropertyValueSpecification","valueRequired":true,"valueName":"search_term_string"}}],"inLanguage":"pt-PT"},{"@type":"Organization","@id":"https:\/\/www.ipim.gov.mo\/zh-hans\/#organization","name":"IPIM","url":"https:\/\/www.ipim.gov.mo\/zh-hans\/","logo":{"@type":"ImageObject","inLanguage":"pt-PT","@id":"https:\/\/www.ipim.gov.mo\/zh-hans\/#\/schema\/logo\/image\/","url":"https:\/\/www.ipim.gov.mo\/wp-content\/uploads\/2022\/10\/default-post-thumbnail-ipim-logo.png","contentUrl":"https:\/\/www.ipim.gov.mo\/wp-content\/uploads\/2022\/10\/default-post-thumbnail-ipim-logo.png","width":1024,"height":768,"caption":"IPIM"},"image":{"@id":"https:\/\/www.ipim.gov.mo\/zh-hans\/#\/schema\/logo\/image\/"}}]}},"author_meta":{"display_name":"","author_link":"https:\/\/www.ipim.gov.mo\/pt-pt\/author\/"},"featured_img":"https:\/\/www.ipim.gov.mo\/wp-content\/uploads\/2025\/03\/N25CXRvQBd__t20250324111059-300x169.jpg","coauthors":[],"tax_additional":{"categories":{"linked":["<a href=\"https:\/\/www.ipim.gov.mo\/pt-pt\/category\/noticias-do-ipim\/\" class=\"advgb-post-tax-term\">Not\u00edcias do IPIM<\/a>"],"unlinked":["<span class=\"advgb-post-tax-term\">Not\u00edcias do IPIM<\/span>"]}},"comment_count":"0","relative_dates":{"created":"Posted 1 year ago","modified":"Updated 1 year ago"},"absolute_dates":{"created":"Posted on Mar\u00e7o 24, 2025","modified":"Updated on Mar\u00e7o 24, 2025"},"absolute_dates_time":{"created":"Posted on Mar\u00e7o 24, 2025 10:37 am","modified":"Updated on Mar\u00e7o 24, 2025 10:37 am"},"featured_img_caption":"","series_order":"","_links":{"self":[{"href":"https:\/\/www.ipim.gov.mo\/pt-pt\/wp-json\/wp\/v2\/posts\/488091","targetHints":{"allow":["GET"]}}],"collection":[{"href":"https:\/\/www.ipim.gov.mo\/pt-pt\/wp-json\/wp\/v2\/posts"}],"about":[{"href":"https:\/\/www.ipim.gov.mo\/pt-pt\/wp-json\/wp\/v2\/types\/post"}],"replies":[{"embeddable":true,"href":"https:\/\/www.ipim.gov.mo\/pt-pt\/wp-json\/wp\/v2\/comments?post=488091"}],"version-history":[{"count":0,"href":"https:\/\/www.ipim.gov.mo\/pt-pt\/wp-json\/wp\/v2\/posts\/488091\/revisions"}],"wp:featuredmedia":[{"embeddable":true,"href":"https:\/\/www.ipim.gov.mo\/pt-pt\/wp-json\/wp\/v2\/media\/488096"}],"wp:attachment":[{"href":"https:\/\/www.ipim.gov.mo\/pt-pt\/wp-json\/wp\/v2\/media?parent=488091"}],"wp:term":[{"taxonomy":"category","embeddable":true,"href":"https:\/\/www.ipim.gov.mo\/pt-pt\/wp-json\/wp\/v2\/categories?post=488091"},{"taxonomy":"post_tag","embeddable":true,"href":"https:\/\/www.ipim.gov.mo\/pt-pt\/wp-json\/wp\/v2\/tags?post=488091"}],"curies":[{"name":"wp","href":"https:\/\/api.w.org\/{rel}","templated":true}]}}