{"id":487940,"date":"2025-03-21T11:00:00","date_gmt":"2025-03-21T03:00:00","guid":{"rendered":"https:\/\/www.ipim.gov.mo\/noticias-do-ipim\/2025-03-21-inovacao-promovida-por-projectos-de-estreia-2025miecf-mobilizara-cerca-de-20-empresas-a-lancarem-projectos-de-estreia-para-fomentar-a-economia-verde\/"},"modified":"2025-03-21T11:00:00","modified_gmt":"2025-03-21T03:00:00","slug":"2025-03-21-inovacao-promovida-por-projectos-de-estreia-2025miecf-mobilizara-cerca-de-20-empresas-a-lancarem-projectos-de-estreia-para-fomentar-a-economia-verde","status":"publish","type":"post","link":"https:\/\/www.ipim.gov.mo\/pt-pt\/noticias-do-ipim\/2025-03-21-inovacao-promovida-por-projectos-de-estreia-2025miecf-mobilizara-cerca-de-20-empresas-a-lancarem-projectos-de-estreia-para-fomentar-a-economia-verde\/","title":{"rendered":"[2025\/03\/21] Inova\u00e7\u00e3o promovida por projectos de estreia: 2025MIECF mobilizar\u00e1 cerca de 20 empresas a lan\u00e7arem projectos de estreia para fomentar a economia verde"},"content":{"rendered":"<p style=\"text-align:justify\">O F&oacute;rum e Exposi&ccedil;&atilde;o Internacional de Coopera&ccedil;&atilde;o Ambiental de Macau 2025 (2025MIECF) procura promover activamente elementos da \u201ceconomia de estreia\u201d. Para tal, cerca de 20 empresas ir&atilde;o apresentar as suas novas tecnologias e os seus novos projectos nesta edi&ccedil;&atilde;o do evento. Al&eacute;m disso, est&aacute; ainda programada uma s&eacute;rie de actividades, como sess&otilde;es de bolsas de contactos tem&aacute;ticas e lan&ccedil;amento de projectos de inova&ccedil;&atilde;o verde. Tudo isto visa dar um novo impulso &agrave; plataforma verde.<\/p>\n<p style=\"text-align:justify\"><strong>Promover a inova&ccedil;&atilde;o com projectos de estreia para criar uma plataforma de estreia verde e &uacute;nica<\/strong><\/p>\n<p style=\"text-align:justify\">A Zona de Exposi&ccedil;&atilde;o de Projectos de Economia de Estreia, instalada pela primeira vez no 2025MIECF, reunir&aacute; projectos de estreia de v&aacute;rios locais e tem como foco o modo de desenvolvimento em cadeia \u201clan&ccedil;amento\u2013promo&ccedil;&atilde;o\u201d, para impulsionar o mercado de consumo verde e a transforma&ccedil;&atilde;o verde. Os projectos em causa pertencem a uma variedade de &aacute;reas, nomeadamente tecnologia verde, energia inteligente, gest&atilde;o verde de IA, neutralidade de carbono e economia circular. Em termos concretos, esta zona de exposi&ccedil;&atilde;o ir&aacute; exibir o c&atilde;o-rob&ocirc; B2 aplic&aacute;vel no contexto da monitoriza&ccedil;&atilde;o ambiental e explora&ccedil;&atilde;o de recursos; o sistema de supercarregamento arrefecido a l&iacute;quido, altamente eficiente e destinado a ve&iacute;culos el&eacute;ctricos; a tecnologia de captura de carbono capaz de absorver o di&oacute;xido de carbono em espa&ccedil;os interiores, entre outros.<\/p>\n<p style=\"text-align:justify\">Al&eacute;m disso, um expositor da Zona de Coopera&ccedil;&atilde;o de Hengqin ir&aacute; aproveitar a ocasi&atilde;o para lan&ccedil;ar um novo material biodegrad&aacute;vel, uma inova&ccedil;&atilde;o que permite &agrave;s PMEs e aos consumidores utilizar numa vasta gama de cen&aacute;rios de aplica&ccedil;&atilde;o ambiental. Uma empresa tecnol&oacute;gica de Jiangsu, por sua vez, apresentar&aacute; ao p&uacute;blico um motociclo el&eacute;ctrico com a fun&ccedil;&atilde;o de \u201cestacionamento autom&aacute;tico\u201d que pode ser controlada remotamente por aplica&ccedil;&atilde;o m&oacute;vel, melhorando assim significativamente a conveni&ecirc;ncia de estacionamento em espa&ccedil;os apertados para os condutores. Ainda durante o decorrer do MIECF, ser&aacute; apresentado o primeiro \u201csistema de carregamento sem fios a energia solar para bicicletas el&eacute;ctricas partilhadas\u201d do mundo, que ultrapassa as limita&ccedil;&otilde;es do carregamento tradicional, ao combinar pain&eacute;is fotovoltaicos flex&iacute;veis de elevada efici&ecirc;ncia e a tecnologia de carregamento magn&eacute;tico sem fios, proporcionando ao p&uacute;blico um meio de transporte conveniente de baixo carbono.<\/p>\n<p style=\"text-align:justify\">Por esta ocasi&atilde;o, o 2025MIECF realizar&aacute; especialmente a iniciativa \u201cEconomia de Estreia @Macau \u2014 Lan&ccedil;amento de Projectos x Sess&atilde;o de Bolsas de Contacto Inovadoras\u201d. O objectivo passa por proporcionar uma plataforma de divulga&ccedil;&atilde;o de projectos de estreia e de liga&ccedil;&atilde;o entre a oferta e a procura, atrav&eacute;s de <em>roadshows <\/em>de projectos e de encontros comerciais.<\/p>\n<p style=\"text-align:justify\"><strong>A iniciativa \u201cPr&eacute;mios de Excel&ecirc;ncia em ESG\u201d contar&aacute; com a participa&ccedil;&atilde;o de mais de 30 empresas e visa incentivar o desenvolvimento sinerg&eacute;tico e verde da Grande Ba&iacute;a<\/strong><\/p>\n<p style=\"text-align:justify\">A iniciativa \u201cPr&eacute;mios de Excel&ecirc;ncia em ESG\u201d do 2025MIECF contar&aacute; com a participa&ccedil;&atilde;o de mais de 30 empresas cotadas do Interior da China, de Hong Kong e de Macau. Estas empresas tamb&eacute;m ser&atilde;o convidadas a participarem na sess&atilde;o de \u201cBolsas de Contacto no &acirc;mbito de Desenvolvimento Verde Internacional de Baixo Carbono\u201d para fins de encontro comercial, com vista a estimular o interc&acirc;mbio e a coopera&ccedil;&atilde;o a n&iacute;vel empresarial.<\/p>\n<p style=\"text-align:justify\">Durante o per&iacute;odo da exposi&ccedil;&atilde;o, v&aacute;rias organiza&ccedil;&otilde;es profissionais de protec&ccedil;&atilde;o ambiental ir&atilde;o realizar um conjunto de actividades, tais como a Confer&ecirc;ncia de Lan&ccedil;amento do Guia de Implementa&ccedil;&atilde;o sobre a Neutralidade de Carbono para Conven&ccedil;&otilde;es e Exposi&ccedil;&otilde;es e a Confer&ecirc;ncia de Inova&ccedil;&atilde;o Verde, com a finalidade de ajudar todas as partes a aproveitar as oportunidades de desenvolvimento verde na Grande Ba&iacute;a.<\/p>\n<p style=\"text-align:justify\">O 2025MIECF, organizado pelo Governo da Regi&atilde;o Administrativa Especial de Macau e subordinado ao tema \u201cInova&ccedil;&atilde;o e Desenvolvimento Verde \u2014 Solu&ccedil;&otilde;es para a Constru&ccedil;&atilde;o de Cidades Belas\u201d, ter&aacute; lugar entre 27 e 29 de Mar&ccedil;o, na Cotai Expo do <em>The Venetian Macao<\/em>.<\/p>\n<p style=\"text-align:justify\">Para mais informa&ccedil;&otilde;es sobre o 2025MIECF, entre em contacto com o gestor do projecto do MIECF, atrav&eacute;s do <em>e-mail<\/em> info@macaomiecf.com ou do n&uacute;mero de telefone (853) 8798 9675. Pode ainda aceder &agrave; p&aacute;gina electr&oacute;nica oficial, http:\/\/www.macaomiecf.com, ou subscrever a conta no WeChat: MIECF.<\/p>\n","protected":false},"excerpt":{"rendered":"<p>O F&oacute;rum e Exposi&ccedil;&atilde;o Internacional de Coopera&ccedil;&atilde;o Ambiental de Macau 2025 (2025MIECF) procura promover activamente elementos da \u201ceconomia de estreia\u201d. Para tal, cerca de 20 [&hellip;]<\/p>\n","protected":false},"author":0,"featured_media":487953,"comment_status":"closed","ping_status":"closed","sticky":false,"template":"","format":"standard","meta":{"_acf_changed":false,"inline_featured_image":false,"advgb_blocks_editor_width":"","advgb_blocks_columns_visual_guide":"","footnotes":""},"categories":[12],"tags":[],"class_list":["post-487940","post","type-post","status-publish","format-standard","has-post-thumbnail","hentry","category-noticias-do-ipim"],"acf":[],"yoast_head":"<!-- This site is optimized with the Yoast SEO plugin v26.2 - https:\/\/yoast.com\/wordpress\/plugins\/seo\/ -->\r\n<title>[2025\/03\/21] Inova\u00e7\u00e3o promovida por projectos de estreia: 2025MIECF mobilizar\u00e1 cerca de 20 empresas a lan\u00e7arem projectos de estreia para fomentar a economia verde | Commerce and Investment Promotion Institute<\/title>\r\n<meta name=\"robots\" content=\"index, follow, max-snippet:-1, max-image-preview:large, max-video-preview:-1\" \/>\r\n<link rel=\"canonical\" href=\"https:\/\/www.ipim.gov.mo\/pt-pt\/noticias-do-ipim\/2025-03-21-inovacao-promovida-por-projectos-de-estreia-2025miecf-mobilizara-cerca-de-20-empresas-a-lancarem-projectos-de-estreia-para-fomentar-a-economia-verde\/\" \/>\r\n<meta property=\"og:locale\" content=\"pt_PT\" \/>\r\n<meta property=\"og:type\" content=\"article\" \/>\r\n<meta property=\"og:title\" content=\"[2025\/03\/21] Inova\u00e7\u00e3o promovida por projectos de estreia: 2025MIECF mobilizar\u00e1 cerca de 20 empresas a lan\u00e7arem projectos de estreia para fomentar a economia verde | Commerce and Investment Promotion Institute\" \/>\r\n<meta property=\"og:description\" content=\"O F&oacute;rum e Exposi&ccedil;&atilde;o Internacional de Coopera&ccedil;&atilde;o Ambiental de Macau 2025 (2025MIECF) procura promover activamente elementos da \u201ceconomia de estreia\u201d. Para tal, cerca de 20 [&hellip;]\" \/>\r\n<meta property=\"og:url\" content=\"https:\/\/www.ipim.gov.mo\/pt-pt\/noticias-do-ipim\/2025-03-21-inovacao-promovida-por-projectos-de-estreia-2025miecf-mobilizara-cerca-de-20-empresas-a-lancarem-projectos-de-estreia-para-fomentar-a-economia-verde\/\" \/>\r\n<meta property=\"og:site_name\" content=\"Commerce and Investment Promotion Institute\" \/>\r\n<meta property=\"article:published_time\" content=\"2025-03-21T03:00:00+00:00\" \/>\r\n<meta property=\"og:image\" content=\"https:\/\/www.ipim.gov.mo\/wp-content\/uploads\/2025\/03\/N25CTXiOa1__t20250321154649.jpg\" \/>\r\n\t<meta property=\"og:image:width\" content=\"320\" \/>\r\n\t<meta property=\"og:image:height\" content=\"180\" \/>\r\n\t<meta property=\"og:image:type\" content=\"image\/jpeg\" \/>\r\n<meta name=\"twitter:card\" content=\"summary_large_image\" \/>\r\n<meta name=\"twitter:label1\" content=\"Est. reading time\" \/>\n\t<meta name=\"twitter:data1\" content=\"4 minutes\" \/>\r\n<script type=\"application\/ld+json\" class=\"yoast-schema-graph\">{\"@context\":\"https:\/\/schema.org\",\"@graph\":[{\"@type\":\"WebPage\",\"@id\":\"https:\/\/www.ipim.gov.mo\/pt-pt\/noticias-do-ipim\/2025-03-21-inovacao-promovida-por-projectos-de-estreia-2025miecf-mobilizara-cerca-de-20-empresas-a-lancarem-projectos-de-estreia-para-fomentar-a-economia-verde\/\",\"url\":\"https:\/\/www.ipim.gov.mo\/pt-pt\/noticias-do-ipim\/2025-03-21-inovacao-promovida-por-projectos-de-estreia-2025miecf-mobilizara-cerca-de-20-empresas-a-lancarem-projectos-de-estreia-para-fomentar-a-economia-verde\/\",\"name\":\"[2025\/03\/21] Inova\u00e7\u00e3o promovida por projectos de estreia: 2025MIECF mobilizar\u00e1 cerca de 20 empresas a lan\u00e7arem projectos de estreia para fomentar a economia verde | Commerce and Investment Promotion Institute\",\"isPartOf\":{\"@id\":\"https:\/\/www.ipim.gov.mo\/zh-hans\/#website\"},\"primaryImageOfPage\":{\"@id\":\"https:\/\/www.ipim.gov.mo\/pt-pt\/noticias-do-ipim\/2025-03-21-inovacao-promovida-por-projectos-de-estreia-2025miecf-mobilizara-cerca-de-20-empresas-a-lancarem-projectos-de-estreia-para-fomentar-a-economia-verde\/#primaryimage\"},\"image\":{\"@id\":\"https:\/\/www.ipim.gov.mo\/pt-pt\/noticias-do-ipim\/2025-03-21-inovacao-promovida-por-projectos-de-estreia-2025miecf-mobilizara-cerca-de-20-empresas-a-lancarem-projectos-de-estreia-para-fomentar-a-economia-verde\/#primaryimage\"},\"thumbnailUrl\":\"https:\/\/www.ipim.gov.mo\/wp-content\/uploads\/2025\/03\/N25CTXiOa1__t20250321154649.jpg\",\"datePublished\":\"2025-03-21T03:00:00+00:00\",\"breadcrumb\":{\"@id\":\"https:\/\/www.ipim.gov.mo\/pt-pt\/noticias-do-ipim\/2025-03-21-inovacao-promovida-por-projectos-de-estreia-2025miecf-mobilizara-cerca-de-20-empresas-a-lancarem-projectos-de-estreia-para-fomentar-a-economia-verde\/#breadcrumb\"},\"inLanguage\":\"pt-PT\",\"potentialAction\":[{\"@type\":\"ReadAction\",\"target\":[\"https:\/\/www.ipim.gov.mo\/pt-pt\/noticias-do-ipim\/2025-03-21-inovacao-promovida-por-projectos-de-estreia-2025miecf-mobilizara-cerca-de-20-empresas-a-lancarem-projectos-de-estreia-para-fomentar-a-economia-verde\/\"]}]},{\"@type\":\"ImageObject\",\"inLanguage\":\"pt-PT\",\"@id\":\"https:\/\/www.ipim.gov.mo\/pt-pt\/noticias-do-ipim\/2025-03-21-inovacao-promovida-por-projectos-de-estreia-2025miecf-mobilizara-cerca-de-20-empresas-a-lancarem-projectos-de-estreia-para-fomentar-a-economia-verde\/#primaryimage\",\"url\":\"https:\/\/www.ipim.gov.mo\/wp-content\/uploads\/2025\/03\/N25CTXiOa1__t20250321154649.jpg\",\"contentUrl\":\"https:\/\/www.ipim.gov.mo\/wp-content\/uploads\/2025\/03\/N25CTXiOa1__t20250321154649.jpg\",\"width\":320,\"height\":180},{\"@type\":\"BreadcrumbList\",\"@id\":\"https:\/\/www.ipim.gov.mo\/pt-pt\/noticias-do-ipim\/2025-03-21-inovacao-promovida-por-projectos-de-estreia-2025miecf-mobilizara-cerca-de-20-empresas-a-lancarem-projectos-de-estreia-para-fomentar-a-economia-verde\/#breadcrumb\",\"itemListElement\":[{\"@type\":\"ListItem\",\"position\":1,\"name\":\"Home\",\"item\":\"https:\/\/www.ipim.gov.mo\/pt-pt\/\"},{\"@type\":\"ListItem\",\"position\":2,\"name\":\"[2025\/03\/21] Inova\u00e7\u00e3o promovida por projectos de estreia: 2025MIECF mobilizar\u00e1 cerca de 20 empresas a lan\u00e7arem projectos de estreia para fomentar a economia verde\"}]},{\"@type\":\"WebSite\",\"@id\":\"https:\/\/www.ipim.gov.mo\/zh-hans\/#website\",\"url\":\"https:\/\/www.ipim.gov.mo\/zh-hans\/\",\"name\":\"Commerce and Investment Promotion Institute\",\"description\":\"Commerce and Investment Promotion Institute\",\"publisher\":{\"@id\":\"https:\/\/www.ipim.gov.mo\/zh-hans\/#organization\"},\"potentialAction\":[{\"@type\":\"SearchAction\",\"target\":{\"@type\":\"EntryPoint\",\"urlTemplate\":\"https:\/\/www.ipim.gov.mo\/zh-hans\/?s={search_term_string}\"},\"query-input\":{\"@type\":\"PropertyValueSpecification\",\"valueRequired\":true,\"valueName\":\"search_term_string\"}}],\"inLanguage\":\"pt-PT\"},{\"@type\":\"Organization\",\"@id\":\"https:\/\/www.ipim.gov.mo\/zh-hans\/#organization\",\"name\":\"IPIM\",\"url\":\"https:\/\/www.ipim.gov.mo\/zh-hans\/\",\"logo\":{\"@type\":\"ImageObject\",\"inLanguage\":\"pt-PT\",\"@id\":\"https:\/\/www.ipim.gov.mo\/zh-hans\/#\/schema\/logo\/image\/\",\"url\":\"https:\/\/www.ipim.gov.mo\/wp-content\/uploads\/2022\/10\/default-post-thumbnail-ipim-logo.png\",\"contentUrl\":\"https:\/\/www.ipim.gov.mo\/wp-content\/uploads\/2022\/10\/default-post-thumbnail-ipim-logo.png\",\"width\":1024,\"height\":768,\"caption\":\"IPIM\"},\"image\":{\"@id\":\"https:\/\/www.ipim.gov.mo\/zh-hans\/#\/schema\/logo\/image\/\"}}]}<\/script>\r\n<!-- \/ Yoast SEO plugin. -->","yoast_head_json":{"title":"[2025\/03\/21] Inova\u00e7\u00e3o promovida por projectos de estreia: 2025MIECF mobilizar\u00e1 cerca de 20 empresas a lan\u00e7arem projectos de estreia para fomentar a economia verde | Commerce and Investment Promotion Institute","robots":{"index":"index","follow":"follow","max-snippet":"max-snippet:-1","max-image-preview":"max-image-preview:large","max-video-preview":"max-video-preview:-1"},"canonical":"https:\/\/www.ipim.gov.mo\/pt-pt\/noticias-do-ipim\/2025-03-21-inovacao-promovida-por-projectos-de-estreia-2025miecf-mobilizara-cerca-de-20-empresas-a-lancarem-projectos-de-estreia-para-fomentar-a-economia-verde\/","og_locale":"pt_PT","og_type":"article","og_title":"[2025\/03\/21] Inova\u00e7\u00e3o promovida por projectos de estreia: 2025MIECF mobilizar\u00e1 cerca de 20 empresas a lan\u00e7arem projectos de estreia para fomentar a economia verde | Commerce and Investment Promotion Institute","og_description":"O F&oacute;rum e Exposi&ccedil;&atilde;o Internacional de Coopera&ccedil;&atilde;o Ambiental de Macau 2025 (2025MIECF) procura promover activamente elementos da \u201ceconomia de estreia\u201d. Para tal, cerca de 20 [&hellip;]","og_url":"https:\/\/www.ipim.gov.mo\/pt-pt\/noticias-do-ipim\/2025-03-21-inovacao-promovida-por-projectos-de-estreia-2025miecf-mobilizara-cerca-de-20-empresas-a-lancarem-projectos-de-estreia-para-fomentar-a-economia-verde\/","og_site_name":"Commerce and Investment Promotion Institute","article_published_time":"2025-03-21T03:00:00+00:00","og_image":[{"width":320,"height":180,"url":"https:\/\/www.ipim.gov.mo\/wp-content\/uploads\/2025\/03\/N25CTXiOa1__t20250321154649.jpg","type":"image\/jpeg"}],"twitter_card":"summary_large_image","twitter_misc":{"Est. reading time":"4 minutes"},"schema":{"@context":"https:\/\/schema.org","@graph":[{"@type":"WebPage","@id":"https:\/\/www.ipim.gov.mo\/pt-pt\/noticias-do-ipim\/2025-03-21-inovacao-promovida-por-projectos-de-estreia-2025miecf-mobilizara-cerca-de-20-empresas-a-lancarem-projectos-de-estreia-para-fomentar-a-economia-verde\/","url":"https:\/\/www.ipim.gov.mo\/pt-pt\/noticias-do-ipim\/2025-03-21-inovacao-promovida-por-projectos-de-estreia-2025miecf-mobilizara-cerca-de-20-empresas-a-lancarem-projectos-de-estreia-para-fomentar-a-economia-verde\/","name":"[2025\/03\/21] Inova\u00e7\u00e3o promovida por projectos de estreia: 2025MIECF mobilizar\u00e1 cerca de 20 empresas a lan\u00e7arem projectos de estreia para fomentar a economia verde | Commerce and Investment Promotion Institute","isPartOf":{"@id":"https:\/\/www.ipim.gov.mo\/zh-hans\/#website"},"primaryImageOfPage":{"@id":"https:\/\/www.ipim.gov.mo\/pt-pt\/noticias-do-ipim\/2025-03-21-inovacao-promovida-por-projectos-de-estreia-2025miecf-mobilizara-cerca-de-20-empresas-a-lancarem-projectos-de-estreia-para-fomentar-a-economia-verde\/#primaryimage"},"image":{"@id":"https:\/\/www.ipim.gov.mo\/pt-pt\/noticias-do-ipim\/2025-03-21-inovacao-promovida-por-projectos-de-estreia-2025miecf-mobilizara-cerca-de-20-empresas-a-lancarem-projectos-de-estreia-para-fomentar-a-economia-verde\/#primaryimage"},"thumbnailUrl":"https:\/\/www.ipim.gov.mo\/wp-content\/uploads\/2025\/03\/N25CTXiOa1__t20250321154649.jpg","datePublished":"2025-03-21T03:00:00+00:00","breadcrumb":{"@id":"https:\/\/www.ipim.gov.mo\/pt-pt\/noticias-do-ipim\/2025-03-21-inovacao-promovida-por-projectos-de-estreia-2025miecf-mobilizara-cerca-de-20-empresas-a-lancarem-projectos-de-estreia-para-fomentar-a-economia-verde\/#breadcrumb"},"inLanguage":"pt-PT","potentialAction":[{"@type":"ReadAction","target":["https:\/\/www.ipim.gov.mo\/pt-pt\/noticias-do-ipim\/2025-03-21-inovacao-promovida-por-projectos-de-estreia-2025miecf-mobilizara-cerca-de-20-empresas-a-lancarem-projectos-de-estreia-para-fomentar-a-economia-verde\/"]}]},{"@type":"ImageObject","inLanguage":"pt-PT","@id":"https:\/\/www.ipim.gov.mo\/pt-pt\/noticias-do-ipim\/2025-03-21-inovacao-promovida-por-projectos-de-estreia-2025miecf-mobilizara-cerca-de-20-empresas-a-lancarem-projectos-de-estreia-para-fomentar-a-economia-verde\/#primaryimage","url":"https:\/\/www.ipim.gov.mo\/wp-content\/uploads\/2025\/03\/N25CTXiOa1__t20250321154649.jpg","contentUrl":"https:\/\/www.ipim.gov.mo\/wp-content\/uploads\/2025\/03\/N25CTXiOa1__t20250321154649.jpg","width":320,"height":180},{"@type":"BreadcrumbList","@id":"https:\/\/www.ipim.gov.mo\/pt-pt\/noticias-do-ipim\/2025-03-21-inovacao-promovida-por-projectos-de-estreia-2025miecf-mobilizara-cerca-de-20-empresas-a-lancarem-projectos-de-estreia-para-fomentar-a-economia-verde\/#breadcrumb","itemListElement":[{"@type":"ListItem","position":1,"name":"Home","item":"https:\/\/www.ipim.gov.mo\/pt-pt\/"},{"@type":"ListItem","position":2,"name":"[2025\/03\/21] Inova\u00e7\u00e3o promovida por projectos de estreia: 2025MIECF mobilizar\u00e1 cerca de 20 empresas a lan\u00e7arem projectos de estreia para fomentar a economia verde"}]},{"@type":"WebSite","@id":"https:\/\/www.ipim.gov.mo\/zh-hans\/#website","url":"https:\/\/www.ipim.gov.mo\/zh-hans\/","name":"Commerce and Investment Promotion Institute","description":"Commerce and Investment Promotion Institute","publisher":{"@id":"https:\/\/www.ipim.gov.mo\/zh-hans\/#organization"},"potentialAction":[{"@type":"SearchAction","target":{"@type":"EntryPoint","urlTemplate":"https:\/\/www.ipim.gov.mo\/zh-hans\/?s={search_term_string}"},"query-input":{"@type":"PropertyValueSpecification","valueRequired":true,"valueName":"search_term_string"}}],"inLanguage":"pt-PT"},{"@type":"Organization","@id":"https:\/\/www.ipim.gov.mo\/zh-hans\/#organization","name":"IPIM","url":"https:\/\/www.ipim.gov.mo\/zh-hans\/","logo":{"@type":"ImageObject","inLanguage":"pt-PT","@id":"https:\/\/www.ipim.gov.mo\/zh-hans\/#\/schema\/logo\/image\/","url":"https:\/\/www.ipim.gov.mo\/wp-content\/uploads\/2022\/10\/default-post-thumbnail-ipim-logo.png","contentUrl":"https:\/\/www.ipim.gov.mo\/wp-content\/uploads\/2022\/10\/default-post-thumbnail-ipim-logo.png","width":1024,"height":768,"caption":"IPIM"},"image":{"@id":"https:\/\/www.ipim.gov.mo\/zh-hans\/#\/schema\/logo\/image\/"}}]}},"author_meta":{"display_name":"","author_link":"https:\/\/www.ipim.gov.mo\/pt-pt\/author\/"},"featured_img":"https:\/\/www.ipim.gov.mo\/wp-content\/uploads\/2025\/03\/N25CTXiOa1__t20250321154649-300x169.jpg","coauthors":[],"tax_additional":{"categories":{"linked":["<a href=\"https:\/\/www.ipim.gov.mo\/pt-pt\/category\/noticias-do-ipim\/\" class=\"advgb-post-tax-term\">Not\u00edcias do IPIM<\/a>"],"unlinked":["<span class=\"advgb-post-tax-term\">Not\u00edcias do IPIM<\/span>"]}},"comment_count":"0","relative_dates":{"created":"Posted 1 year ago","modified":"Updated 1 year ago"},"absolute_dates":{"created":"Posted on Mar\u00e7o 21, 2025","modified":"Updated on Mar\u00e7o 21, 2025"},"absolute_dates_time":{"created":"Posted on Mar\u00e7o 21, 2025 11:00 am","modified":"Updated on Mar\u00e7o 21, 2025 11:00 am"},"featured_img_caption":"","series_order":"","_links":{"self":[{"href":"https:\/\/www.ipim.gov.mo\/pt-pt\/wp-json\/wp\/v2\/posts\/487940","targetHints":{"allow":["GET"]}}],"collection":[{"href":"https:\/\/www.ipim.gov.mo\/pt-pt\/wp-json\/wp\/v2\/posts"}],"about":[{"href":"https:\/\/www.ipim.gov.mo\/pt-pt\/wp-json\/wp\/v2\/types\/post"}],"replies":[{"embeddable":true,"href":"https:\/\/www.ipim.gov.mo\/pt-pt\/wp-json\/wp\/v2\/comments?post=487940"}],"version-history":[{"count":0,"href":"https:\/\/www.ipim.gov.mo\/pt-pt\/wp-json\/wp\/v2\/posts\/487940\/revisions"}],"wp:featuredmedia":[{"embeddable":true,"href":"https:\/\/www.ipim.gov.mo\/pt-pt\/wp-json\/wp\/v2\/media\/487953"}],"wp:attachment":[{"href":"https:\/\/www.ipim.gov.mo\/pt-pt\/wp-json\/wp\/v2\/media?parent=487940"}],"wp:term":[{"taxonomy":"category","embeddable":true,"href":"https:\/\/www.ipim.gov.mo\/pt-pt\/wp-json\/wp\/v2\/categories?post=487940"},{"taxonomy":"post_tag","embeddable":true,"href":"https:\/\/www.ipim.gov.mo\/pt-pt\/wp-json\/wp\/v2\/tags?post=487940"}],"curies":[{"name":"wp","href":"https:\/\/api.w.org\/{rel}","templated":true}]}}