{"id":487743,"date":"2025-03-19T12:00:00","date_gmt":"2025-03-19T04:00:00","guid":{"rendered":"https:\/\/www.ipim.gov.mo\/noticias-do-ipim\/2025-03-19-cinco-sessoes-de-bolsas-de-contacto-tematicas-estreiam-no-2025miecf-incluindo-a-iniciativa-economia-de-estreia-macau\/"},"modified":"2025-03-19T12:00:00","modified_gmt":"2025-03-19T04:00:00","slug":"2025-03-19-cinco-sessoes-de-bolsas-de-contacto-tematicas-estreiam-no-2025miecf-incluindo-a-iniciativa-economia-de-estreia-macau","status":"publish","type":"post","link":"https:\/\/www.ipim.gov.mo\/pt-pt\/noticias-do-ipim\/2025-03-19-cinco-sessoes-de-bolsas-de-contacto-tematicas-estreiam-no-2025miecf-incluindo-a-iniciativa-economia-de-estreia-macau\/","title":{"rendered":"[2025\/03\/19] Cinco sess\u00f5es de bolsas de contacto tem\u00e1ticas estreiam no 2025MIECF, incluindo a iniciativa \u201cEconomia de Estreia @Macau\u201d"},"content":{"rendered":"<p style=\"text-align:justify\">Em linha com a \u201cDupla Meta de Carbono\u201d nacional e a pol&iacute;tica \u201cDois Novos\u201d (actualiza&ccedil;&atilde;o de equipamentos de grande escala e troca de bens de consumo antigos por novos), o F&oacute;rum e Exposi&ccedil;&atilde;o Internacional de Coopera&ccedil;&atilde;o Ambiental de Macau 2025 (2025MIECF) ir&aacute;, pela primeira vez, incluir elementos da \u201ceconomia de estreia\u201d e ser&atilde;o organizadas 5 sess&otilde;es de bolsas de contacto tem&aacute;ticas, com vista a construir uma plataforma internacional de interc&acirc;mbio e coopera&ccedil;&atilde;o de protec&ccedil;&atilde;o ambiental para os expositores e os comerciantes participantes nacionais e estrangeiros, ajudando a explorarem oportunidades de neg&oacute;cio internacionais no dom&iacute;nio da protec&ccedil;&atilde;o ambiental.<\/p>\n<p style=\"text-align:justify\"><strong>Cinco sess&otilde;es de bolsas de contacto tem&aacute;ticas para promover a coopera&ccedil;&atilde;o verde<\/strong><\/p>\n<p style=\"text-align:justify\">As 5 sess&otilde;es de bolsas de contacto tem&aacute;ticas do MIECF abranger&atilde;o temas como \u201cprojectos da economia de estreia\u201d, \u201cdesenvolvimento verde internacional de baixo carbono\u201d, \u201cprotec&ccedil;&atilde;o ambiental entre organiza&ccedil;&otilde;es p&uacute;blicas de Macau e de Hengqin\u201d, \u201coferta e procura de constru&ccedil;&otilde;es verdes\u201d e \u201ccoopera&ccedil;&atilde;o e interc&acirc;mbio entre empresas de turismo e lazer integrado\u201d. Entre estas, a iniciativa \u201cEconomia de Estreia @Macau \u2014 Lan&ccedil;amento de Projectos x Sess&atilde;o de Bolsas de Contacto Inovadoras\u201d proporcionar&aacute; uma plataforma de divulga&ccedil;&atilde;o e liga&ccedil;&atilde;o de projectos de inova&ccedil;&atilde;o verde, atrav&eacute;s de <em>roadshows <\/em>de projectos e de correspond&ecirc;ncia comercial.<\/p>\n<p style=\"text-align:justify\">Os comerciantes interessados em participar nas bolsas de contacto verdes podem ler o c&oacute;digo QR, no cartaz anexo, ou aceder a https:\/\/www.macaomiecf.com\/miecf2025\/event\/green-matching para efectuar o pr&eacute;-registo. Com base na procura evidenciada pelos participantes, o evento far&aacute; a correspond&ecirc;ncia entre os potenciais parceiros e organizar&aacute; encontros no local.<\/p>\n<p style=\"text-align:justify\">Al&eacute;m disso, o evento introduzir&aacute; o MIECF Chatbot, que utiliza a tecnologia de IA para fornecer informa&ccedil;&otilde;es sobre a exposi&ccedil;&atilde;o e enviar perfis dos expositores, de acordo com a inten&ccedil;&atilde;o de correspond&ecirc;ncia dos comerciantes participantes, melhorando assim a experi&ecirc;ncia de participa&ccedil;&atilde;o na exposi&ccedil;&atilde;o e a efici&ecirc;ncia dos encontros.<\/p>\n<p style=\"text-align:justify\"><strong>MIECF <\/strong><strong>promove a coopera&ccedil;&atilde;o e o interc&acirc;mbio verdes internacionais<\/strong><\/p>\n<p style=\"text-align:justify\">Um comprador do Brasil estabeleceu, com sucesso, contactos comerciais com empresas do Interior da China, nas &uacute;ltimas duas edi&ccedil;&otilde;es do MIECF, especialmente nas &aacute;reas da energia solar e dos cr&eacute;ditos de carbono, promovendo a respectiva coopera&ccedil;&atilde;o, e planeia ainda alargar esta parceria a Hengqin. Uma organiza&ccedil;&atilde;o de tecnologia de baixo carbono de Shanghai, por sua vez, espera aproveitar a plataforma do MIECF para promover os seus projectos ambientais e tecnol&oacute;gicos, bem como explorar oportunidades de coopera&ccedil;&atilde;o em finan&ccedil;as verdes com as institui&ccedil;&otilde;es financeiras de Macau.<\/p>\n<p style=\"text-align:justify\">Al&eacute;m disso, segundo o respons&aacute;vel de uma empresa de tecnologia de protec&ccedil;&atilde;o ambiental de Guangzhou, a participa&ccedil;&atilde;o no MIECF ajuda a expandir a sua rede comercial e os seus canais de recursos e, tendo participado numa s&eacute;rie de actividades de bolsas de contacto nas edi&ccedil;&otilde;es anteriores, a empresa estabeleceu contactos precisos, conforme as necessidades da sua ind&uacute;stria, atrav&eacute;s do MIECF, o que promoveu efectivamente a coopera&ccedil;&atilde;o e o interc&acirc;mbio de protec&ccedil;&atilde;o ambiental.<\/p>\n<p style=\"text-align:justify\"><strong>MIECF continuar&aacute; a disponibilizar o balc&atilde;o de servi&ccedil;os &agrave; transforma&ccedil;&atilde;o verde<\/strong><\/p>\n<p style=\"text-align:justify\">Neste ano, o MIECF continuar&aacute; a disponibilizar o balc&atilde;o de servi&ccedil;os &agrave; transforma&ccedil;&atilde;o verde, para prestar servi&ccedil;os de consultoria sobre ESG, certifica&ccedil;&atilde;o verde e transforma&ccedil;&atilde;o de tecnologia verde para empresas interessadas em promover a transforma&ccedil;&atilde;o verde.<\/p>\n<p style=\"text-align:justify\">Subordinado ao tema \u201cInova&ccedil;&atilde;o e Desenvolvimento Verde \u2014 Solu&ccedil;&otilde;es para a Constru&ccedil;&atilde;o de Cidades Belas\u201d, o 2025MIECF realizar-se-&aacute; de 27 a 29 de Mar&ccedil;o, na Cotai Expo do <em>The Venetian Macao<\/em>.<\/p>\n<p style=\"text-align:justify\">Para mais informa&ccedil;&otilde;es sobre o 2025MIECF, entre em contacto com o gestor do projecto do MIECF, atrav&eacute;s do<em> e-mail<\/em> info@macaomiecf.com ou do n&uacute;mero de telefone (853) 8798 9675. Pode ainda aceder &agrave; p&aacute;gina electr&oacute;nica oficial, http:\/\/www.macaomiecf.com, ou subscrever a conta no WeChat: MIECF.<\/p>\n","protected":false},"excerpt":{"rendered":"<p>Em linha com a \u201cDupla Meta de Carbono\u201d nacional e a pol&iacute;tica \u201cDois Novos\u201d (actualiza&ccedil;&atilde;o de equipamentos de grande escala e troca de bens de [&hellip;]<\/p>\n","protected":false},"author":0,"featured_media":487750,"comment_status":"closed","ping_status":"closed","sticky":false,"template":"","format":"standard","meta":{"_acf_changed":false,"inline_featured_image":false,"advgb_blocks_editor_width":"","advgb_blocks_columns_visual_guide":"","footnotes":""},"categories":[12],"tags":[],"class_list":["post-487743","post","type-post","status-publish","format-standard","has-post-thumbnail","hentry","category-noticias-do-ipim"],"acf":[],"yoast_head":"<!-- This site is optimized with the Yoast SEO plugin v26.2 - https:\/\/yoast.com\/wordpress\/plugins\/seo\/ -->\r\n<title>[2025\/03\/19] Cinco sess\u00f5es de bolsas de contacto tem\u00e1ticas estreiam no 2025MIECF, incluindo a iniciativa \u201cEconomia de Estreia @Macau\u201d | Commerce and Investment Promotion Institute<\/title>\r\n<meta name=\"robots\" content=\"index, follow, max-snippet:-1, max-image-preview:large, max-video-preview:-1\" \/>\r\n<link rel=\"canonical\" href=\"https:\/\/www.ipim.gov.mo\/pt-pt\/noticias-do-ipim\/2025-03-19-cinco-sessoes-de-bolsas-de-contacto-tematicas-estreiam-no-2025miecf-incluindo-a-iniciativa-economia-de-estreia-macau\/\" \/>\r\n<meta property=\"og:locale\" content=\"pt_PT\" \/>\r\n<meta property=\"og:type\" content=\"article\" \/>\r\n<meta property=\"og:title\" content=\"[2025\/03\/19] Cinco sess\u00f5es de bolsas de contacto tem\u00e1ticas estreiam no 2025MIECF, incluindo a iniciativa \u201cEconomia de Estreia @Macau\u201d | Commerce and Investment Promotion Institute\" \/>\r\n<meta property=\"og:description\" content=\"Em linha com a \u201cDupla Meta de Carbono\u201d nacional e a pol&iacute;tica \u201cDois Novos\u201d (actualiza&ccedil;&atilde;o de equipamentos de grande escala e troca de bens de [&hellip;]\" \/>\r\n<meta property=\"og:url\" content=\"https:\/\/www.ipim.gov.mo\/pt-pt\/noticias-do-ipim\/2025-03-19-cinco-sessoes-de-bolsas-de-contacto-tematicas-estreiam-no-2025miecf-incluindo-a-iniciativa-economia-de-estreia-macau\/\" \/>\r\n<meta property=\"og:site_name\" content=\"Commerce and Investment Promotion Institute\" \/>\r\n<meta property=\"article:published_time\" content=\"2025-03-19T04:00:00+00:00\" \/>\r\n<meta property=\"og:image\" content=\"https:\/\/www.ipim.gov.mo\/wp-content\/uploads\/2025\/03\/N25CSfWlr1__t20250319144209.jpg\" \/>\r\n\t<meta property=\"og:image:width\" content=\"320\" \/>\r\n\t<meta property=\"og:image:height\" content=\"180\" \/>\r\n\t<meta property=\"og:image:type\" content=\"image\/jpeg\" \/>\r\n<meta name=\"twitter:card\" content=\"summary_large_image\" \/>\r\n<meta name=\"twitter:label1\" content=\"Est. reading time\" \/>\n\t<meta name=\"twitter:data1\" content=\"4 minutes\" \/>\r\n<script type=\"application\/ld+json\" class=\"yoast-schema-graph\">{\"@context\":\"https:\/\/schema.org\",\"@graph\":[{\"@type\":\"WebPage\",\"@id\":\"https:\/\/www.ipim.gov.mo\/pt-pt\/noticias-do-ipim\/2025-03-19-cinco-sessoes-de-bolsas-de-contacto-tematicas-estreiam-no-2025miecf-incluindo-a-iniciativa-economia-de-estreia-macau\/\",\"url\":\"https:\/\/www.ipim.gov.mo\/pt-pt\/noticias-do-ipim\/2025-03-19-cinco-sessoes-de-bolsas-de-contacto-tematicas-estreiam-no-2025miecf-incluindo-a-iniciativa-economia-de-estreia-macau\/\",\"name\":\"[2025\/03\/19] Cinco sess\u00f5es de bolsas de contacto tem\u00e1ticas estreiam no 2025MIECF, incluindo a iniciativa \u201cEconomia de Estreia @Macau\u201d | Commerce and Investment Promotion Institute\",\"isPartOf\":{\"@id\":\"https:\/\/www.ipim.gov.mo\/zh-hans\/#website\"},\"primaryImageOfPage\":{\"@id\":\"https:\/\/www.ipim.gov.mo\/pt-pt\/noticias-do-ipim\/2025-03-19-cinco-sessoes-de-bolsas-de-contacto-tematicas-estreiam-no-2025miecf-incluindo-a-iniciativa-economia-de-estreia-macau\/#primaryimage\"},\"image\":{\"@id\":\"https:\/\/www.ipim.gov.mo\/pt-pt\/noticias-do-ipim\/2025-03-19-cinco-sessoes-de-bolsas-de-contacto-tematicas-estreiam-no-2025miecf-incluindo-a-iniciativa-economia-de-estreia-macau\/#primaryimage\"},\"thumbnailUrl\":\"https:\/\/www.ipim.gov.mo\/wp-content\/uploads\/2025\/03\/N25CSfWlr1__t20250319144209.jpg\",\"datePublished\":\"2025-03-19T04:00:00+00:00\",\"breadcrumb\":{\"@id\":\"https:\/\/www.ipim.gov.mo\/pt-pt\/noticias-do-ipim\/2025-03-19-cinco-sessoes-de-bolsas-de-contacto-tematicas-estreiam-no-2025miecf-incluindo-a-iniciativa-economia-de-estreia-macau\/#breadcrumb\"},\"inLanguage\":\"pt-PT\",\"potentialAction\":[{\"@type\":\"ReadAction\",\"target\":[\"https:\/\/www.ipim.gov.mo\/pt-pt\/noticias-do-ipim\/2025-03-19-cinco-sessoes-de-bolsas-de-contacto-tematicas-estreiam-no-2025miecf-incluindo-a-iniciativa-economia-de-estreia-macau\/\"]}]},{\"@type\":\"ImageObject\",\"inLanguage\":\"pt-PT\",\"@id\":\"https:\/\/www.ipim.gov.mo\/pt-pt\/noticias-do-ipim\/2025-03-19-cinco-sessoes-de-bolsas-de-contacto-tematicas-estreiam-no-2025miecf-incluindo-a-iniciativa-economia-de-estreia-macau\/#primaryimage\",\"url\":\"https:\/\/www.ipim.gov.mo\/wp-content\/uploads\/2025\/03\/N25CSfWlr1__t20250319144209.jpg\",\"contentUrl\":\"https:\/\/www.ipim.gov.mo\/wp-content\/uploads\/2025\/03\/N25CSfWlr1__t20250319144209.jpg\",\"width\":320,\"height\":180},{\"@type\":\"BreadcrumbList\",\"@id\":\"https:\/\/www.ipim.gov.mo\/pt-pt\/noticias-do-ipim\/2025-03-19-cinco-sessoes-de-bolsas-de-contacto-tematicas-estreiam-no-2025miecf-incluindo-a-iniciativa-economia-de-estreia-macau\/#breadcrumb\",\"itemListElement\":[{\"@type\":\"ListItem\",\"position\":1,\"name\":\"Home\",\"item\":\"https:\/\/www.ipim.gov.mo\/pt-pt\/\"},{\"@type\":\"ListItem\",\"position\":2,\"name\":\"[2025\/03\/19] Cinco sess\u00f5es de bolsas de contacto tem\u00e1ticas estreiam no 2025MIECF, incluindo a iniciativa \u201cEconomia de Estreia @Macau\u201d\"}]},{\"@type\":\"WebSite\",\"@id\":\"https:\/\/www.ipim.gov.mo\/zh-hans\/#website\",\"url\":\"https:\/\/www.ipim.gov.mo\/zh-hans\/\",\"name\":\"Commerce and Investment Promotion Institute\",\"description\":\"Commerce and Investment Promotion Institute\",\"publisher\":{\"@id\":\"https:\/\/www.ipim.gov.mo\/zh-hans\/#organization\"},\"potentialAction\":[{\"@type\":\"SearchAction\",\"target\":{\"@type\":\"EntryPoint\",\"urlTemplate\":\"https:\/\/www.ipim.gov.mo\/zh-hans\/?s={search_term_string}\"},\"query-input\":{\"@type\":\"PropertyValueSpecification\",\"valueRequired\":true,\"valueName\":\"search_term_string\"}}],\"inLanguage\":\"pt-PT\"},{\"@type\":\"Organization\",\"@id\":\"https:\/\/www.ipim.gov.mo\/zh-hans\/#organization\",\"name\":\"IPIM\",\"url\":\"https:\/\/www.ipim.gov.mo\/zh-hans\/\",\"logo\":{\"@type\":\"ImageObject\",\"inLanguage\":\"pt-PT\",\"@id\":\"https:\/\/www.ipim.gov.mo\/zh-hans\/#\/schema\/logo\/image\/\",\"url\":\"https:\/\/www.ipim.gov.mo\/wp-content\/uploads\/2022\/10\/default-post-thumbnail-ipim-logo.png\",\"contentUrl\":\"https:\/\/www.ipim.gov.mo\/wp-content\/uploads\/2022\/10\/default-post-thumbnail-ipim-logo.png\",\"width\":1024,\"height\":768,\"caption\":\"IPIM\"},\"image\":{\"@id\":\"https:\/\/www.ipim.gov.mo\/zh-hans\/#\/schema\/logo\/image\/\"}}]}<\/script>\r\n<!-- \/ Yoast SEO plugin. -->","yoast_head_json":{"title":"[2025\/03\/19] Cinco sess\u00f5es de bolsas de contacto tem\u00e1ticas estreiam no 2025MIECF, incluindo a iniciativa \u201cEconomia de Estreia @Macau\u201d | Commerce and Investment Promotion Institute","robots":{"index":"index","follow":"follow","max-snippet":"max-snippet:-1","max-image-preview":"max-image-preview:large","max-video-preview":"max-video-preview:-1"},"canonical":"https:\/\/www.ipim.gov.mo\/pt-pt\/noticias-do-ipim\/2025-03-19-cinco-sessoes-de-bolsas-de-contacto-tematicas-estreiam-no-2025miecf-incluindo-a-iniciativa-economia-de-estreia-macau\/","og_locale":"pt_PT","og_type":"article","og_title":"[2025\/03\/19] Cinco sess\u00f5es de bolsas de contacto tem\u00e1ticas estreiam no 2025MIECF, incluindo a iniciativa \u201cEconomia de Estreia @Macau\u201d | Commerce and Investment Promotion Institute","og_description":"Em linha com a \u201cDupla Meta de Carbono\u201d nacional e a pol&iacute;tica \u201cDois Novos\u201d (actualiza&ccedil;&atilde;o de equipamentos de grande escala e troca de bens de [&hellip;]","og_url":"https:\/\/www.ipim.gov.mo\/pt-pt\/noticias-do-ipim\/2025-03-19-cinco-sessoes-de-bolsas-de-contacto-tematicas-estreiam-no-2025miecf-incluindo-a-iniciativa-economia-de-estreia-macau\/","og_site_name":"Commerce and Investment Promotion Institute","article_published_time":"2025-03-19T04:00:00+00:00","og_image":[{"width":320,"height":180,"url":"https:\/\/www.ipim.gov.mo\/wp-content\/uploads\/2025\/03\/N25CSfWlr1__t20250319144209.jpg","type":"image\/jpeg"}],"twitter_card":"summary_large_image","twitter_misc":{"Est. reading time":"4 minutes"},"schema":{"@context":"https:\/\/schema.org","@graph":[{"@type":"WebPage","@id":"https:\/\/www.ipim.gov.mo\/pt-pt\/noticias-do-ipim\/2025-03-19-cinco-sessoes-de-bolsas-de-contacto-tematicas-estreiam-no-2025miecf-incluindo-a-iniciativa-economia-de-estreia-macau\/","url":"https:\/\/www.ipim.gov.mo\/pt-pt\/noticias-do-ipim\/2025-03-19-cinco-sessoes-de-bolsas-de-contacto-tematicas-estreiam-no-2025miecf-incluindo-a-iniciativa-economia-de-estreia-macau\/","name":"[2025\/03\/19] Cinco sess\u00f5es de bolsas de contacto tem\u00e1ticas estreiam no 2025MIECF, incluindo a iniciativa \u201cEconomia de Estreia @Macau\u201d | Commerce and Investment Promotion Institute","isPartOf":{"@id":"https:\/\/www.ipim.gov.mo\/zh-hans\/#website"},"primaryImageOfPage":{"@id":"https:\/\/www.ipim.gov.mo\/pt-pt\/noticias-do-ipim\/2025-03-19-cinco-sessoes-de-bolsas-de-contacto-tematicas-estreiam-no-2025miecf-incluindo-a-iniciativa-economia-de-estreia-macau\/#primaryimage"},"image":{"@id":"https:\/\/www.ipim.gov.mo\/pt-pt\/noticias-do-ipim\/2025-03-19-cinco-sessoes-de-bolsas-de-contacto-tematicas-estreiam-no-2025miecf-incluindo-a-iniciativa-economia-de-estreia-macau\/#primaryimage"},"thumbnailUrl":"https:\/\/www.ipim.gov.mo\/wp-content\/uploads\/2025\/03\/N25CSfWlr1__t20250319144209.jpg","datePublished":"2025-03-19T04:00:00+00:00","breadcrumb":{"@id":"https:\/\/www.ipim.gov.mo\/pt-pt\/noticias-do-ipim\/2025-03-19-cinco-sessoes-de-bolsas-de-contacto-tematicas-estreiam-no-2025miecf-incluindo-a-iniciativa-economia-de-estreia-macau\/#breadcrumb"},"inLanguage":"pt-PT","potentialAction":[{"@type":"ReadAction","target":["https:\/\/www.ipim.gov.mo\/pt-pt\/noticias-do-ipim\/2025-03-19-cinco-sessoes-de-bolsas-de-contacto-tematicas-estreiam-no-2025miecf-incluindo-a-iniciativa-economia-de-estreia-macau\/"]}]},{"@type":"ImageObject","inLanguage":"pt-PT","@id":"https:\/\/www.ipim.gov.mo\/pt-pt\/noticias-do-ipim\/2025-03-19-cinco-sessoes-de-bolsas-de-contacto-tematicas-estreiam-no-2025miecf-incluindo-a-iniciativa-economia-de-estreia-macau\/#primaryimage","url":"https:\/\/www.ipim.gov.mo\/wp-content\/uploads\/2025\/03\/N25CSfWlr1__t20250319144209.jpg","contentUrl":"https:\/\/www.ipim.gov.mo\/wp-content\/uploads\/2025\/03\/N25CSfWlr1__t20250319144209.jpg","width":320,"height":180},{"@type":"BreadcrumbList","@id":"https:\/\/www.ipim.gov.mo\/pt-pt\/noticias-do-ipim\/2025-03-19-cinco-sessoes-de-bolsas-de-contacto-tematicas-estreiam-no-2025miecf-incluindo-a-iniciativa-economia-de-estreia-macau\/#breadcrumb","itemListElement":[{"@type":"ListItem","position":1,"name":"Home","item":"https:\/\/www.ipim.gov.mo\/pt-pt\/"},{"@type":"ListItem","position":2,"name":"[2025\/03\/19] Cinco sess\u00f5es de bolsas de contacto tem\u00e1ticas estreiam no 2025MIECF, incluindo a iniciativa \u201cEconomia de Estreia @Macau\u201d"}]},{"@type":"WebSite","@id":"https:\/\/www.ipim.gov.mo\/zh-hans\/#website","url":"https:\/\/www.ipim.gov.mo\/zh-hans\/","name":"Commerce and Investment Promotion Institute","description":"Commerce and Investment Promotion Institute","publisher":{"@id":"https:\/\/www.ipim.gov.mo\/zh-hans\/#organization"},"potentialAction":[{"@type":"SearchAction","target":{"@type":"EntryPoint","urlTemplate":"https:\/\/www.ipim.gov.mo\/zh-hans\/?s={search_term_string}"},"query-input":{"@type":"PropertyValueSpecification","valueRequired":true,"valueName":"search_term_string"}}],"inLanguage":"pt-PT"},{"@type":"Organization","@id":"https:\/\/www.ipim.gov.mo\/zh-hans\/#organization","name":"IPIM","url":"https:\/\/www.ipim.gov.mo\/zh-hans\/","logo":{"@type":"ImageObject","inLanguage":"pt-PT","@id":"https:\/\/www.ipim.gov.mo\/zh-hans\/#\/schema\/logo\/image\/","url":"https:\/\/www.ipim.gov.mo\/wp-content\/uploads\/2022\/10\/default-post-thumbnail-ipim-logo.png","contentUrl":"https:\/\/www.ipim.gov.mo\/wp-content\/uploads\/2022\/10\/default-post-thumbnail-ipim-logo.png","width":1024,"height":768,"caption":"IPIM"},"image":{"@id":"https:\/\/www.ipim.gov.mo\/zh-hans\/#\/schema\/logo\/image\/"}}]}},"author_meta":{"display_name":"","author_link":"https:\/\/www.ipim.gov.mo\/pt-pt\/author\/"},"featured_img":"https:\/\/www.ipim.gov.mo\/wp-content\/uploads\/2025\/03\/N25CSfWlr1__t20250319144209-300x169.jpg","coauthors":[],"tax_additional":{"categories":{"linked":["<a href=\"https:\/\/www.ipim.gov.mo\/pt-pt\/category\/noticias-do-ipim\/\" class=\"advgb-post-tax-term\">Not\u00edcias do IPIM<\/a>"],"unlinked":["<span class=\"advgb-post-tax-term\">Not\u00edcias do IPIM<\/span>"]}},"comment_count":"0","relative_dates":{"created":"Posted 1 year ago","modified":"Updated 1 year ago"},"absolute_dates":{"created":"Posted on Mar\u00e7o 19, 2025","modified":"Updated on Mar\u00e7o 19, 2025"},"absolute_dates_time":{"created":"Posted on Mar\u00e7o 19, 2025 12:00 pm","modified":"Updated on Mar\u00e7o 19, 2025 12:00 pm"},"featured_img_caption":"","series_order":"","_links":{"self":[{"href":"https:\/\/www.ipim.gov.mo\/pt-pt\/wp-json\/wp\/v2\/posts\/487743","targetHints":{"allow":["GET"]}}],"collection":[{"href":"https:\/\/www.ipim.gov.mo\/pt-pt\/wp-json\/wp\/v2\/posts"}],"about":[{"href":"https:\/\/www.ipim.gov.mo\/pt-pt\/wp-json\/wp\/v2\/types\/post"}],"replies":[{"embeddable":true,"href":"https:\/\/www.ipim.gov.mo\/pt-pt\/wp-json\/wp\/v2\/comments?post=487743"}],"version-history":[{"count":0,"href":"https:\/\/www.ipim.gov.mo\/pt-pt\/wp-json\/wp\/v2\/posts\/487743\/revisions"}],"wp:featuredmedia":[{"embeddable":true,"href":"https:\/\/www.ipim.gov.mo\/pt-pt\/wp-json\/wp\/v2\/media\/487750"}],"wp:attachment":[{"href":"https:\/\/www.ipim.gov.mo\/pt-pt\/wp-json\/wp\/v2\/media?parent=487743"}],"wp:term":[{"taxonomy":"category","embeddable":true,"href":"https:\/\/www.ipim.gov.mo\/pt-pt\/wp-json\/wp\/v2\/categories?post=487743"},{"taxonomy":"post_tag","embeddable":true,"href":"https:\/\/www.ipim.gov.mo\/pt-pt\/wp-json\/wp\/v2\/tags?post=487743"}],"curies":[{"name":"wp","href":"https:\/\/api.w.org\/{rel}","templated":true}]}}