{"id":487365,"date":"2025-03-12T17:21:00","date_gmt":"2025-03-12T09:21:00","guid":{"rendered":"https:\/\/www.ipim.gov.mo\/noticias-do-ipim\/2025-03-12-2025miecf-forum-verde-exploracao-da-inovacao-tecnologica-para-potenciar-a-construcao-urbana\/"},"modified":"2025-03-12T17:21:00","modified_gmt":"2025-03-12T09:21:00","slug":"2025-03-12-2025miecf-forum-verde-exploracao-da-inovacao-tecnologica-para-potenciar-a-construcao-urbana","status":"publish","type":"post","link":"https:\/\/www.ipim.gov.mo\/pt-pt\/noticias-do-ipim\/2025-03-12-2025miecf-forum-verde-exploracao-da-inovacao-tecnologica-para-potenciar-a-construcao-urbana\/","title":{"rendered":"[2025\/03\/12] 2025MIECF &#8211; F\u00f3rum Verde &#8211; Explora\u00e7\u00e3o da Inova\u00e7\u00e3o Tecnol\u00f3gica para Potenciar a Constru\u00e7\u00e3o Urbana"},"content":{"rendered":"<p style=\"text-align:justify\">O F&oacute;rum e Exposi&ccedil;&atilde;o Internacional de Coopera&ccedil;&atilde;o Ambiental de Macau 2025 (2025MIECF) realizar-se-&aacute; entre os dias 27 e 29 de Mar&ccedil;o, durante o qual ter&atilde;o lugar tr&ecirc;s sess&otilde;es tem&aacute;ticas do \u201cF&oacute;rum Verde\u201d, reunindo especialistas de renome e elites do sector ambiental a n&iacute;vel nacional e internacional, para partilharem informa&ccedil;&otilde;es e tecnologias de ponta em torno do tema \u201cInova&ccedil;&atilde;o e Desenvolvimento Verde \u2013 Solu&ccedil;&otilde;es para a Constru&ccedil;&atilde;o de Cidades Belas\u201d, como o desenvolvimento da transforma&ccedil;&atilde;o ecol&oacute;gica e a inova&ccedil;&atilde;o tecnol&oacute;gica, a fim de explorar conjuntamente novos caminhos para o desenvolvimento sustent&aacute;vel verde.<\/p>\n<p style=\"text-align:justify\">Com vista a aprofundar a transforma&ccedil;&atilde;o urbana verde e de baixo carbono, ter&aacute; lugar a \u201cSess&atilde;o II: Inova&ccedil;&atilde;o tecnol&oacute;gica para criar cidades bonitas\u201d, na tarde do segundo dia (28 de Mar&ccedil;o), na Sala de Reuni&otilde;es Sicily do <em>Venetian Macao<\/em>. Com o progresso da sociedade, a inova&ccedil;&atilde;o tecnol&oacute;gica verde desempenha um papel crucial na protec&ccedil;&atilde;o ambiental, na moderniza&ccedil;&atilde;o industrial e at&eacute; no desenvolvimento da civiliza&ccedil;&atilde;o ecol&oacute;gica. Na Sess&atilde;o, ser&aacute; explorada, em conjunto, a forma como as tecnologias de inova&ccedil;&atilde;o verde poder&atilde;o dar impulso &agrave; constru&ccedil;&atilde;o de cidades sustent&aacute;veis em diferentes campos, tais como a preven&ccedil;&atilde;o e controlo da polui&ccedil;&atilde;o, a promo&ccedil;&atilde;o da conserva&ccedil;&atilde;o e uso eficiente dos recursos, e a constru&ccedil;&atilde;o de infra-estruturas verdes.<\/p>\n<p style=\"text-align:justify\">Para esta Sess&atilde;o, ser&atilde;o convidados como oradores: o director do Gabinete de Investiga&ccedil;&atilde;o do Departamento Municipal de Ecologia e Meio Ambiente de Pequim (<em>Director of the Research Office, Beijing Municipal Ecology and Environment Bureau<\/em>), Xu Xiangchao, o oficial superior de prote&ccedil;&atilde;o ambiental (Regi&atilde;o Norte) 2 do Departamento de Prote&ccedil;&atilde;o Ambiental de Hong Kong (<em>Senior Environmental Protection Officer (Regional North) 2 of the Hong Kong Environmental Protection Department<\/em>), Leung Cho Shing, Joe, o investigador associado do Instituto de Ci&ecirc;ncias Ambientais do Sul da China do Minist&eacute;rio da Ecologia e do Ambiente da Rep&uacute;blica Popular da China (<em>Associate Researcher of the South China Institute of Environmental Sciences, Ministry of Ecology and Environment of the People\u2019s Republic of China<\/em>), Zhao Ziwen, o presidente do INESC P&amp;D Brasil (<em>President of INESC P&amp;D Brasil<\/em>), Vladimiro Miranda, e o director executivo da Hiroyuki Industries (M) Sdn Bhd (<em>Executive Director of Hiroyuki Industries (M) Sdn Bhd<\/em>), Choong Pik Wei, Lionel, sendo o anfitri&atilde;o o professor associado do Departamento de Engenharia Civil e Ambiental da Universidade de Macau, Kou Kun Pang.<\/p>\n<p style=\"text-align:justify\">Os oradores ir&atilde;o abordar temas como: \u201cOptimiza&ccedil;&atilde;o da Estrutura de Fonte M&oacute;vel para C&eacute;u Mais Azul em Pequim\u201d (<em>Optimisation of Mobile Source Structure for More Blue Skies in Beijing<\/em>), \u201cAplica&ccedil;&atilde;o de Radar de Penetra&ccedil;&atilde;o do Solo e Realidade Aumentada\u201d (<em>Application of Ground Penetrating Radar and Augmented Reality<\/em>), \u201cInova&ccedil;&atilde;o Verde e Pr&aacute;ticas no Tratamento de Efluentes da Aquacultura\u201d (<em>Green Innovation and Practices in Aquaculture Effluent Treatment<\/em>), \u201cAdop&ccedil;&atilde;o de Novas Tecnologias Energ&eacute;ticas: Impactos e Incentivos\u201d (<em>Adoption of New Energy Technologies: Impacts and Incentives<\/em>), e \u201cGarrafa para Garrafa &#8211; Tecnologia de Resina de Qualidade Alimentar rPET\u201d (<em>Bottle to Bottle&nbsp;&#8211;&nbsp;rPET Food Grade Resin Technology<\/em>).<\/p>\n<p style=\"text-align:justify\">Para facilitar a interac&ccedil;&atilde;o e comunica&ccedil;&atilde;o entre os participantes de diferentes pa&iacute;ses e regi&otilde;es, ser&aacute; disponibilizada interpreta&ccedil;&atilde;o simult&acirc;nea. Para al&eacute;m disso, na edi&ccedil;&atilde;o deste ano do MIECF continuar-se-&aacute; a solicitar a certifica&ccedil;&atilde;o profissional para as sess&otilde;es designadas e ser&atilde;o emitidos certificados de participa&ccedil;&atilde;o para os participantes que o solicitem, confirmando, ainda mais, o papel de plataforma de partilha de conhecimento especializado do MIECF.<\/p>\n<p style=\"text-align:justify\">O 2025MIECF, organizado pelo Governo da Regi&atilde;o Administrativa Especial de Macau, decorrer&aacute; de 27 a 29 de Mar&ccedil;o, e est&aacute; vocacionado para promover o desenvolvimento de um futuro verde. Mais informa&ccedil;&otilde;es sobre o 2025MIECF podem ser obtidas atrav&eacute;s do <em>e-mail<\/em>: info@macaomiecf.com ou do telefone: (853) 8798 9675, ou, alternativamente, acedendo &agrave; p&aacute;gina electr&oacute;nica oficial: http:\/\/www.macaomiecf.com, ou subscrevendo a conta no <em>WeCha<\/em>t: MIECF.<\/p>\n","protected":false},"excerpt":{"rendered":"<p>O F&oacute;rum e Exposi&ccedil;&atilde;o Internacional de Coopera&ccedil;&atilde;o Ambiental de Macau 2025 (2025MIECF) realizar-se-&aacute; entre os dias 27 e 29 de Mar&ccedil;o, durante o qual ter&atilde;o [&hellip;]<\/p>\n","protected":false},"author":0,"featured_media":487376,"comment_status":"closed","ping_status":"closed","sticky":false,"template":"","format":"standard","meta":{"_acf_changed":false,"inline_featured_image":false,"advgb_blocks_editor_width":"","advgb_blocks_columns_visual_guide":"","footnotes":""},"categories":[12],"tags":[],"class_list":["post-487365","post","type-post","status-publish","format-standard","has-post-thumbnail","hentry","category-noticias-do-ipim"],"acf":[],"yoast_head":"<!-- This site is optimized with the Yoast SEO plugin v26.2 - https:\/\/yoast.com\/wordpress\/plugins\/seo\/ -->\r\n<title>[2025\/03\/12] 2025MIECF - F\u00f3rum Verde - Explora\u00e7\u00e3o da Inova\u00e7\u00e3o Tecnol\u00f3gica para Potenciar a Constru\u00e7\u00e3o Urbana | Commerce and Investment Promotion Institute<\/title>\r\n<meta name=\"robots\" content=\"index, follow, max-snippet:-1, max-image-preview:large, max-video-preview:-1\" \/>\r\n<link rel=\"canonical\" href=\"https:\/\/www.ipim.gov.mo\/pt-pt\/noticias-do-ipim\/2025-03-12-2025miecf-forum-verde-exploracao-da-inovacao-tecnologica-para-potenciar-a-construcao-urbana\/\" \/>\r\n<meta property=\"og:locale\" content=\"pt_PT\" \/>\r\n<meta property=\"og:type\" content=\"article\" \/>\r\n<meta property=\"og:title\" content=\"[2025\/03\/12] 2025MIECF - F\u00f3rum Verde - Explora\u00e7\u00e3o da Inova\u00e7\u00e3o Tecnol\u00f3gica para Potenciar a Constru\u00e7\u00e3o Urbana | Commerce and Investment Promotion Institute\" \/>\r\n<meta property=\"og:description\" content=\"O F&oacute;rum e Exposi&ccedil;&atilde;o Internacional de Coopera&ccedil;&atilde;o Ambiental de Macau 2025 (2025MIECF) realizar-se-&aacute; entre os dias 27 e 29 de Mar&ccedil;o, durante o qual ter&atilde;o [&hellip;]\" \/>\r\n<meta property=\"og:url\" content=\"https:\/\/www.ipim.gov.mo\/pt-pt\/noticias-do-ipim\/2025-03-12-2025miecf-forum-verde-exploracao-da-inovacao-tecnologica-para-potenciar-a-construcao-urbana\/\" \/>\r\n<meta property=\"og:site_name\" content=\"Commerce and Investment Promotion Institute\" \/>\r\n<meta property=\"article:published_time\" content=\"2025-03-12T09:21:00+00:00\" \/>\r\n<meta property=\"og:image\" content=\"https:\/\/www.ipim.gov.mo\/wp-content\/uploads\/2025\/03\/N25CLUdY3I__t20250313112958.jpg\" \/>\r\n\t<meta property=\"og:image:width\" content=\"320\" \/>\r\n\t<meta property=\"og:image:height\" content=\"180\" \/>\r\n\t<meta property=\"og:image:type\" content=\"image\/jpeg\" \/>\r\n<meta name=\"twitter:card\" content=\"summary_large_image\" \/>\r\n<meta name=\"twitter:label1\" content=\"Est. reading time\" \/>\n\t<meta name=\"twitter:data1\" content=\"4 minutes\" \/>\r\n<script type=\"application\/ld+json\" class=\"yoast-schema-graph\">{\"@context\":\"https:\/\/schema.org\",\"@graph\":[{\"@type\":\"WebPage\",\"@id\":\"https:\/\/www.ipim.gov.mo\/pt-pt\/noticias-do-ipim\/2025-03-12-2025miecf-forum-verde-exploracao-da-inovacao-tecnologica-para-potenciar-a-construcao-urbana\/\",\"url\":\"https:\/\/www.ipim.gov.mo\/pt-pt\/noticias-do-ipim\/2025-03-12-2025miecf-forum-verde-exploracao-da-inovacao-tecnologica-para-potenciar-a-construcao-urbana\/\",\"name\":\"[2025\/03\/12] 2025MIECF - F\u00f3rum Verde - Explora\u00e7\u00e3o da Inova\u00e7\u00e3o Tecnol\u00f3gica para Potenciar a Constru\u00e7\u00e3o Urbana | Commerce and Investment Promotion Institute\",\"isPartOf\":{\"@id\":\"https:\/\/www.ipim.gov.mo\/zh-hans\/#website\"},\"primaryImageOfPage\":{\"@id\":\"https:\/\/www.ipim.gov.mo\/pt-pt\/noticias-do-ipim\/2025-03-12-2025miecf-forum-verde-exploracao-da-inovacao-tecnologica-para-potenciar-a-construcao-urbana\/#primaryimage\"},\"image\":{\"@id\":\"https:\/\/www.ipim.gov.mo\/pt-pt\/noticias-do-ipim\/2025-03-12-2025miecf-forum-verde-exploracao-da-inovacao-tecnologica-para-potenciar-a-construcao-urbana\/#primaryimage\"},\"thumbnailUrl\":\"https:\/\/www.ipim.gov.mo\/wp-content\/uploads\/2025\/03\/N25CLUdY3I__t20250313112958.jpg\",\"datePublished\":\"2025-03-12T09:21:00+00:00\",\"breadcrumb\":{\"@id\":\"https:\/\/www.ipim.gov.mo\/pt-pt\/noticias-do-ipim\/2025-03-12-2025miecf-forum-verde-exploracao-da-inovacao-tecnologica-para-potenciar-a-construcao-urbana\/#breadcrumb\"},\"inLanguage\":\"pt-PT\",\"potentialAction\":[{\"@type\":\"ReadAction\",\"target\":[\"https:\/\/www.ipim.gov.mo\/pt-pt\/noticias-do-ipim\/2025-03-12-2025miecf-forum-verde-exploracao-da-inovacao-tecnologica-para-potenciar-a-construcao-urbana\/\"]}]},{\"@type\":\"ImageObject\",\"inLanguage\":\"pt-PT\",\"@id\":\"https:\/\/www.ipim.gov.mo\/pt-pt\/noticias-do-ipim\/2025-03-12-2025miecf-forum-verde-exploracao-da-inovacao-tecnologica-para-potenciar-a-construcao-urbana\/#primaryimage\",\"url\":\"https:\/\/www.ipim.gov.mo\/wp-content\/uploads\/2025\/03\/N25CLUdY3I__t20250313112958.jpg\",\"contentUrl\":\"https:\/\/www.ipim.gov.mo\/wp-content\/uploads\/2025\/03\/N25CLUdY3I__t20250313112958.jpg\",\"width\":320,\"height\":180},{\"@type\":\"BreadcrumbList\",\"@id\":\"https:\/\/www.ipim.gov.mo\/pt-pt\/noticias-do-ipim\/2025-03-12-2025miecf-forum-verde-exploracao-da-inovacao-tecnologica-para-potenciar-a-construcao-urbana\/#breadcrumb\",\"itemListElement\":[{\"@type\":\"ListItem\",\"position\":1,\"name\":\"Home\",\"item\":\"https:\/\/www.ipim.gov.mo\/pt-pt\/\"},{\"@type\":\"ListItem\",\"position\":2,\"name\":\"[2025\/03\/12] 2025MIECF &#8211; F\u00f3rum Verde &#8211; Explora\u00e7\u00e3o da Inova\u00e7\u00e3o Tecnol\u00f3gica para Potenciar a Constru\u00e7\u00e3o Urbana\"}]},{\"@type\":\"WebSite\",\"@id\":\"https:\/\/www.ipim.gov.mo\/zh-hans\/#website\",\"url\":\"https:\/\/www.ipim.gov.mo\/zh-hans\/\",\"name\":\"Commerce and Investment Promotion Institute\",\"description\":\"Commerce and Investment Promotion Institute\",\"publisher\":{\"@id\":\"https:\/\/www.ipim.gov.mo\/zh-hans\/#organization\"},\"potentialAction\":[{\"@type\":\"SearchAction\",\"target\":{\"@type\":\"EntryPoint\",\"urlTemplate\":\"https:\/\/www.ipim.gov.mo\/zh-hans\/?s={search_term_string}\"},\"query-input\":{\"@type\":\"PropertyValueSpecification\",\"valueRequired\":true,\"valueName\":\"search_term_string\"}}],\"inLanguage\":\"pt-PT\"},{\"@type\":\"Organization\",\"@id\":\"https:\/\/www.ipim.gov.mo\/zh-hans\/#organization\",\"name\":\"IPIM\",\"url\":\"https:\/\/www.ipim.gov.mo\/zh-hans\/\",\"logo\":{\"@type\":\"ImageObject\",\"inLanguage\":\"pt-PT\",\"@id\":\"https:\/\/www.ipim.gov.mo\/zh-hans\/#\/schema\/logo\/image\/\",\"url\":\"https:\/\/www.ipim.gov.mo\/wp-content\/uploads\/2022\/10\/default-post-thumbnail-ipim-logo.png\",\"contentUrl\":\"https:\/\/www.ipim.gov.mo\/wp-content\/uploads\/2022\/10\/default-post-thumbnail-ipim-logo.png\",\"width\":1024,\"height\":768,\"caption\":\"IPIM\"},\"image\":{\"@id\":\"https:\/\/www.ipim.gov.mo\/zh-hans\/#\/schema\/logo\/image\/\"}}]}<\/script>\r\n<!-- \/ Yoast SEO plugin. -->","yoast_head_json":{"title":"[2025\/03\/12] 2025MIECF - F\u00f3rum Verde - Explora\u00e7\u00e3o da Inova\u00e7\u00e3o Tecnol\u00f3gica para Potenciar a Constru\u00e7\u00e3o Urbana | Commerce and Investment Promotion Institute","robots":{"index":"index","follow":"follow","max-snippet":"max-snippet:-1","max-image-preview":"max-image-preview:large","max-video-preview":"max-video-preview:-1"},"canonical":"https:\/\/www.ipim.gov.mo\/pt-pt\/noticias-do-ipim\/2025-03-12-2025miecf-forum-verde-exploracao-da-inovacao-tecnologica-para-potenciar-a-construcao-urbana\/","og_locale":"pt_PT","og_type":"article","og_title":"[2025\/03\/12] 2025MIECF - F\u00f3rum Verde - Explora\u00e7\u00e3o da Inova\u00e7\u00e3o Tecnol\u00f3gica para Potenciar a Constru\u00e7\u00e3o Urbana | Commerce and Investment Promotion Institute","og_description":"O F&oacute;rum e Exposi&ccedil;&atilde;o Internacional de Coopera&ccedil;&atilde;o Ambiental de Macau 2025 (2025MIECF) realizar-se-&aacute; entre os dias 27 e 29 de Mar&ccedil;o, durante o qual ter&atilde;o [&hellip;]","og_url":"https:\/\/www.ipim.gov.mo\/pt-pt\/noticias-do-ipim\/2025-03-12-2025miecf-forum-verde-exploracao-da-inovacao-tecnologica-para-potenciar-a-construcao-urbana\/","og_site_name":"Commerce and Investment Promotion Institute","article_published_time":"2025-03-12T09:21:00+00:00","og_image":[{"width":320,"height":180,"url":"https:\/\/www.ipim.gov.mo\/wp-content\/uploads\/2025\/03\/N25CLUdY3I__t20250313112958.jpg","type":"image\/jpeg"}],"twitter_card":"summary_large_image","twitter_misc":{"Est. reading time":"4 minutes"},"schema":{"@context":"https:\/\/schema.org","@graph":[{"@type":"WebPage","@id":"https:\/\/www.ipim.gov.mo\/pt-pt\/noticias-do-ipim\/2025-03-12-2025miecf-forum-verde-exploracao-da-inovacao-tecnologica-para-potenciar-a-construcao-urbana\/","url":"https:\/\/www.ipim.gov.mo\/pt-pt\/noticias-do-ipim\/2025-03-12-2025miecf-forum-verde-exploracao-da-inovacao-tecnologica-para-potenciar-a-construcao-urbana\/","name":"[2025\/03\/12] 2025MIECF - F\u00f3rum Verde - Explora\u00e7\u00e3o da Inova\u00e7\u00e3o Tecnol\u00f3gica para Potenciar a Constru\u00e7\u00e3o Urbana | Commerce and Investment Promotion Institute","isPartOf":{"@id":"https:\/\/www.ipim.gov.mo\/zh-hans\/#website"},"primaryImageOfPage":{"@id":"https:\/\/www.ipim.gov.mo\/pt-pt\/noticias-do-ipim\/2025-03-12-2025miecf-forum-verde-exploracao-da-inovacao-tecnologica-para-potenciar-a-construcao-urbana\/#primaryimage"},"image":{"@id":"https:\/\/www.ipim.gov.mo\/pt-pt\/noticias-do-ipim\/2025-03-12-2025miecf-forum-verde-exploracao-da-inovacao-tecnologica-para-potenciar-a-construcao-urbana\/#primaryimage"},"thumbnailUrl":"https:\/\/www.ipim.gov.mo\/wp-content\/uploads\/2025\/03\/N25CLUdY3I__t20250313112958.jpg","datePublished":"2025-03-12T09:21:00+00:00","breadcrumb":{"@id":"https:\/\/www.ipim.gov.mo\/pt-pt\/noticias-do-ipim\/2025-03-12-2025miecf-forum-verde-exploracao-da-inovacao-tecnologica-para-potenciar-a-construcao-urbana\/#breadcrumb"},"inLanguage":"pt-PT","potentialAction":[{"@type":"ReadAction","target":["https:\/\/www.ipim.gov.mo\/pt-pt\/noticias-do-ipim\/2025-03-12-2025miecf-forum-verde-exploracao-da-inovacao-tecnologica-para-potenciar-a-construcao-urbana\/"]}]},{"@type":"ImageObject","inLanguage":"pt-PT","@id":"https:\/\/www.ipim.gov.mo\/pt-pt\/noticias-do-ipim\/2025-03-12-2025miecf-forum-verde-exploracao-da-inovacao-tecnologica-para-potenciar-a-construcao-urbana\/#primaryimage","url":"https:\/\/www.ipim.gov.mo\/wp-content\/uploads\/2025\/03\/N25CLUdY3I__t20250313112958.jpg","contentUrl":"https:\/\/www.ipim.gov.mo\/wp-content\/uploads\/2025\/03\/N25CLUdY3I__t20250313112958.jpg","width":320,"height":180},{"@type":"BreadcrumbList","@id":"https:\/\/www.ipim.gov.mo\/pt-pt\/noticias-do-ipim\/2025-03-12-2025miecf-forum-verde-exploracao-da-inovacao-tecnologica-para-potenciar-a-construcao-urbana\/#breadcrumb","itemListElement":[{"@type":"ListItem","position":1,"name":"Home","item":"https:\/\/www.ipim.gov.mo\/pt-pt\/"},{"@type":"ListItem","position":2,"name":"[2025\/03\/12] 2025MIECF &#8211; F\u00f3rum Verde &#8211; Explora\u00e7\u00e3o da Inova\u00e7\u00e3o Tecnol\u00f3gica para Potenciar a Constru\u00e7\u00e3o Urbana"}]},{"@type":"WebSite","@id":"https:\/\/www.ipim.gov.mo\/zh-hans\/#website","url":"https:\/\/www.ipim.gov.mo\/zh-hans\/","name":"Commerce and Investment Promotion Institute","description":"Commerce and Investment Promotion Institute","publisher":{"@id":"https:\/\/www.ipim.gov.mo\/zh-hans\/#organization"},"potentialAction":[{"@type":"SearchAction","target":{"@type":"EntryPoint","urlTemplate":"https:\/\/www.ipim.gov.mo\/zh-hans\/?s={search_term_string}"},"query-input":{"@type":"PropertyValueSpecification","valueRequired":true,"valueName":"search_term_string"}}],"inLanguage":"pt-PT"},{"@type":"Organization","@id":"https:\/\/www.ipim.gov.mo\/zh-hans\/#organization","name":"IPIM","url":"https:\/\/www.ipim.gov.mo\/zh-hans\/","logo":{"@type":"ImageObject","inLanguage":"pt-PT","@id":"https:\/\/www.ipim.gov.mo\/zh-hans\/#\/schema\/logo\/image\/","url":"https:\/\/www.ipim.gov.mo\/wp-content\/uploads\/2022\/10\/default-post-thumbnail-ipim-logo.png","contentUrl":"https:\/\/www.ipim.gov.mo\/wp-content\/uploads\/2022\/10\/default-post-thumbnail-ipim-logo.png","width":1024,"height":768,"caption":"IPIM"},"image":{"@id":"https:\/\/www.ipim.gov.mo\/zh-hans\/#\/schema\/logo\/image\/"}}]}},"author_meta":{"display_name":"","author_link":"https:\/\/www.ipim.gov.mo\/pt-pt\/author\/"},"featured_img":"https:\/\/www.ipim.gov.mo\/wp-content\/uploads\/2025\/03\/N25CLUdY3I__t20250313112958-300x169.jpg","coauthors":[],"tax_additional":{"categories":{"linked":["<a href=\"https:\/\/www.ipim.gov.mo\/pt-pt\/category\/noticias-do-ipim\/\" class=\"advgb-post-tax-term\">Not\u00edcias do IPIM<\/a>"],"unlinked":["<span class=\"advgb-post-tax-term\">Not\u00edcias do IPIM<\/span>"]}},"comment_count":"0","relative_dates":{"created":"Posted 1 year ago","modified":"Updated 1 year ago"},"absolute_dates":{"created":"Posted on Mar\u00e7o 12, 2025","modified":"Updated on Mar\u00e7o 12, 2025"},"absolute_dates_time":{"created":"Posted on Mar\u00e7o 12, 2025 5:21 pm","modified":"Updated on Mar\u00e7o 12, 2025 5:21 pm"},"featured_img_caption":"","series_order":"","_links":{"self":[{"href":"https:\/\/www.ipim.gov.mo\/pt-pt\/wp-json\/wp\/v2\/posts\/487365","targetHints":{"allow":["GET"]}}],"collection":[{"href":"https:\/\/www.ipim.gov.mo\/pt-pt\/wp-json\/wp\/v2\/posts"}],"about":[{"href":"https:\/\/www.ipim.gov.mo\/pt-pt\/wp-json\/wp\/v2\/types\/post"}],"replies":[{"embeddable":true,"href":"https:\/\/www.ipim.gov.mo\/pt-pt\/wp-json\/wp\/v2\/comments?post=487365"}],"version-history":[{"count":0,"href":"https:\/\/www.ipim.gov.mo\/pt-pt\/wp-json\/wp\/v2\/posts\/487365\/revisions"}],"wp:featuredmedia":[{"embeddable":true,"href":"https:\/\/www.ipim.gov.mo\/pt-pt\/wp-json\/wp\/v2\/media\/487376"}],"wp:attachment":[{"href":"https:\/\/www.ipim.gov.mo\/pt-pt\/wp-json\/wp\/v2\/media?parent=487365"}],"wp:term":[{"taxonomy":"category","embeddable":true,"href":"https:\/\/www.ipim.gov.mo\/pt-pt\/wp-json\/wp\/v2\/categories?post=487365"},{"taxonomy":"post_tag","embeddable":true,"href":"https:\/\/www.ipim.gov.mo\/pt-pt\/wp-json\/wp\/v2\/tags?post=487365"}],"curies":[{"name":"wp","href":"https:\/\/api.w.org\/{rel}","templated":true}]}}