{"id":487129,"date":"2025-03-07T12:00:00","date_gmt":"2025-03-07T04:00:00","guid":{"rendered":"https:\/\/www.ipim.gov.mo\/noticias-do-ipim\/2025-03-07-2025miecf-sera-a-primeira-exposicao-que-introduz-e-utiliza-a-energia-verde-em-macau\/"},"modified":"2025-03-07T12:00:00","modified_gmt":"2025-03-07T04:00:00","slug":"2025-03-07-2025miecf-sera-a-primeira-exposicao-que-introduz-e-utiliza-a-energia-verde-em-macau","status":"publish","type":"post","link":"https:\/\/www.ipim.gov.mo\/pt-pt\/noticias-do-ipim\/2025-03-07-2025miecf-sera-a-primeira-exposicao-que-introduz-e-utiliza-a-energia-verde-em-macau\/","title":{"rendered":"[2025\/03\/07] 2025MIECF ser\u00e1 a primeira exposi\u00e7\u00e3o que introduz e utiliza a energia verde em Macau"},"content":{"rendered":"<p style=\"text-align:justify\">Com o avan&ccedil;o tecnol&oacute;gico e o refor&ccedil;o da consci&ecirc;ncia ambiental, a procura pela energia verde est&aacute; a crescer rapidamente na comunidade internacional. O F&oacute;rum e Exposi&ccedil;&atilde;o Internacional de Coopera&ccedil;&atilde;o Ambiental de Macau 2025 (2025MIECF) introduzir&aacute;, pela primeira vez, as energias renov&aacute;veis, tornando-se na primeira exposi&ccedil;&atilde;o em Macau a utilizar energia verde, com vista a demonstrar o conceito de desenvolvimento sustent&aacute;vel e a incentivar o desenvolvimento de alta qualidade.<\/p>\n<p style=\"text-align:justify\"><strong>Empregando a transac&ccedil;&atilde;o de energia verde, o 2025MIECF ser&aacute; a primeira exposi&ccedil;&atilde;o de energia verde<\/strong><\/p>\n<p style=\"text-align:justify\">A energia verde refere-se &agrave;s energias renov&aacute;veis com elevados benef&iacute;cios ambientais e baixas emiss&otilde;es de carbono, tais como as energias solar, e&oacute;lica e hidroel&eacute;ctrica, que t&ecirc;m menos impacto no ambiente e no clima. A exposi&ccedil;&atilde;o deste ano aprovar&aacute;, pela primeira vez, a transac&ccedil;&atilde;o de energia verde e receber&aacute; o certificado de energia verde emitido pelo Centro Nacional de Gest&atilde;o de Informa&ccedil;&atilde;o de Energias Renov&aacute;veis, demonstrando a aplica&ccedil;&atilde;o pr&aacute;tica da energia verde, o que marcar&aacute; um passo importante da ind&uacute;stria de conven&ccedil;&otilde;es e exposi&ccedil;&otilde;es rumo ao desenvolvimento sustent&aacute;vel, no sentido de trabalhar activamente para alcan&ccedil;ar a \u201cdupla meta de carbono\u201d nacional.<\/p>\n<p style=\"text-align:justify\"><strong>At&eacute; <\/strong><strong>90% dos materiais de montagem s&atilde;o recicl&aacute;veis<\/strong><\/p>\n<p style=\"text-align:justify\">Com o intuito de fomentar activamente o desenvolvimento sustent&aacute;vel, o 2025MIECF persistir&aacute; nos princ&iacute;pios de \u201cverde e baixo carbono\u201d, sendo que at&eacute; 90% dos materiais de montagem do evento s&atilde;o recicl&aacute;veis, considerada uma taxa bastante elevada. Tal como nas edi&ccedil;&otilde;es anteriores, ser&atilde;o organizadas, durante o per&iacute;odo da exposi&ccedil;&atilde;o, actividades como o \u201cPr&eacute;mio de Mostru&aacute;rio Verde\u201d e o \u201cPlano de Bonifica&ccedil;&atilde;o de Tarifas de Electricidade Verde\u201d, com o objectivo de encorajar todos os sectores a implementar proactivamente medidas de protec&ccedil;&atilde;o ambiental, bem como enfatizar o conceito de \u201credu&ccedil;&atilde;o de res&iacute;duos a partir da fonte, transforma&ccedil;&atilde;o de res&iacute;duos em energia\u201d.<\/p>\n<p style=\"text-align:justify\"><strong>Actividades paralelas diversificadas<\/strong><\/p>\n<p style=\"text-align:justify\">Enquanto plataforma internacional de interc&acirc;mbio de informa&ccedil;&otilde;es ambientais e de coopera&ccedil;&atilde;o, o 2025MIECF organizar&aacute; uma s&eacute;rie de actividades paralelas, incluindo f&oacute;runs profissionais internacionais, eventos de avalia&ccedil;&atilde;o, o lan&ccedil;amento de um guia de neutralidade de carbono, entre outras. Entre estas actividades, a iniciativa \u201cPr&eacute;mios de Excel&ecirc;ncia em ESG\u201d ir&aacute; reunir empresas de excel&ecirc;ncia dos sectores da energia verde, hotelaria e finan&ccedil;as, para estimular o interc&acirc;mbio e a coopera&ccedil;&atilde;o. O \u201cF&oacute;rum de Desenvolvimento do Mercado Global de Cr&eacute;dito de Carbono\u201d, por sua vez, proporcionar&aacute; uma plataforma de di&aacute;logo entre governos e empresas de Macau e de v&aacute;rias regi&otilde;es, com vista a aprofundar o interc&acirc;mbio no &acirc;mbito de mercado de carbono e contribuir para o desenvolvimento de ind&uacute;strias diversificadas. O evento \u201cConstru&ccedil;&atilde;o da Cidade Inteligente Potencia o Desenvolvimento Sustent&aacute;vel da Ind&uacute;stria Hoteleira\u201d, por sua vez, visar&aacute; ajudar a ind&uacute;stria a atingir a \u201cdupla meta de carbono\u201d e a construir um futuro verde e de baixo carbono.<\/p>\n<p style=\"text-align:justify\">Al&eacute;m disso, ser&atilde;o organizados semin&aacute;rios sobre temas como gest&atilde;o de energia inteligente e tecnologias verdes. Neste sentido, ser&atilde;o convidados especialistas para partilharem os seus pontos de vista de vanguarda e promover a coopera&ccedil;&atilde;o verde. A participa&ccedil;&atilde;o dos jovens &eacute; incentivada, para dar um novo impulso ao desenvolvimento de alta qualidade.<\/p>\n<p style=\"text-align:justify\">O 2025MIECF, organizado pelo Governo da Regi&atilde;o Administrativa Especial de Macau, conta com o Instituto de Promo&ccedil;&atilde;o do Com&eacute;rcio e do Investimento de Macau (IPIM) e a Direc&ccedil;&atilde;o dos Servi&ccedil;os de Protec&ccedil;&atilde;o Ambiental (DSPA) como entidades coordenadoras oficiais. O 2025MIECF, subordinado ao tema \u201cInova&ccedil;&atilde;o e Desenvolvimento Verde \u2014 Solu&ccedil;&otilde;es para a Constru&ccedil;&atilde;o de Cidades Belas\u201d, ser&aacute; realizado de 27 a 29 de Mar&ccedil;o, na Cotai Expo do <em>The Venetian Macao<\/em>.<\/p>\n<p style=\"text-align:justify\">Para mais informa&ccedil;&otilde;es sobre o 2025MIECF, entre em contacto com o gestor do projecto do MIECF, atrav&eacute;s do <em>e-mail <\/em>info@macaomiecf.com ou do n&uacute;mero de telefone (853) 8798 9675. Pode ainda aceder &agrave; p&aacute;gina electr&oacute;nica oficial, http:\/\/www.macaomiecf.com, ou subscrever a conta no WeChat: MIECF.<\/p>\n","protected":false},"excerpt":{"rendered":"<p>Com o avan&ccedil;o tecnol&oacute;gico e o refor&ccedil;o da consci&ecirc;ncia ambiental, a procura pela energia verde est&aacute; a crescer rapidamente na comunidade internacional. O F&oacute;rum e [&hellip;]<\/p>\n","protected":false},"author":0,"featured_media":487130,"comment_status":"closed","ping_status":"closed","sticky":false,"template":"","format":"standard","meta":{"_acf_changed":false,"inline_featured_image":false,"advgb_blocks_editor_width":"","advgb_blocks_columns_visual_guide":"","footnotes":""},"categories":[12],"tags":[],"class_list":["post-487129","post","type-post","status-publish","format-standard","has-post-thumbnail","hentry","category-noticias-do-ipim"],"acf":[],"yoast_head":"<!-- This site is optimized with the Yoast SEO plugin v26.2 - https:\/\/yoast.com\/wordpress\/plugins\/seo\/ -->\r\n<title>[2025\/03\/07] 2025MIECF ser\u00e1 a primeira exposi\u00e7\u00e3o que introduz e utiliza a energia verde em Macau | Commerce and Investment Promotion Institute<\/title>\r\n<meta name=\"robots\" content=\"index, follow, max-snippet:-1, max-image-preview:large, max-video-preview:-1\" \/>\r\n<link rel=\"canonical\" href=\"https:\/\/www.ipim.gov.mo\/pt-pt\/noticias-do-ipim\/2025-03-07-2025miecf-sera-a-primeira-exposicao-que-introduz-e-utiliza-a-energia-verde-em-macau\/\" \/>\r\n<meta property=\"og:locale\" content=\"pt_PT\" \/>\r\n<meta property=\"og:type\" content=\"article\" \/>\r\n<meta property=\"og:title\" content=\"[2025\/03\/07] 2025MIECF ser\u00e1 a primeira exposi\u00e7\u00e3o que introduz e utiliza a energia verde em Macau | Commerce and Investment Promotion Institute\" \/>\r\n<meta property=\"og:description\" content=\"Com o avan&ccedil;o tecnol&oacute;gico e o refor&ccedil;o da consci&ecirc;ncia ambiental, a procura pela energia verde est&aacute; a crescer rapidamente na comunidade internacional. O F&oacute;rum e [&hellip;]\" \/>\r\n<meta property=\"og:url\" content=\"https:\/\/www.ipim.gov.mo\/pt-pt\/noticias-do-ipim\/2025-03-07-2025miecf-sera-a-primeira-exposicao-que-introduz-e-utiliza-a-energia-verde-em-macau\/\" \/>\r\n<meta property=\"og:site_name\" content=\"Commerce and Investment Promotion Institute\" \/>\r\n<meta property=\"article:published_time\" content=\"2025-03-07T04:00:00+00:00\" \/>\r\n<meta property=\"og:image\" content=\"https:\/\/www.ipim.gov.mo\/wp-content\/uploads\/2025\/03\/N25CGMYEVG__t20250307120523.jpg\" \/>\r\n\t<meta property=\"og:image:width\" content=\"320\" \/>\r\n\t<meta property=\"og:image:height\" content=\"180\" \/>\r\n\t<meta property=\"og:image:type\" content=\"image\/jpeg\" \/>\r\n<meta name=\"twitter:card\" content=\"summary_large_image\" \/>\r\n<meta name=\"twitter:label1\" content=\"Est. reading time\" \/>\n\t<meta name=\"twitter:data1\" content=\"4 minutes\" \/>\r\n<script type=\"application\/ld+json\" class=\"yoast-schema-graph\">{\"@context\":\"https:\/\/schema.org\",\"@graph\":[{\"@type\":\"WebPage\",\"@id\":\"https:\/\/www.ipim.gov.mo\/pt-pt\/noticias-do-ipim\/2025-03-07-2025miecf-sera-a-primeira-exposicao-que-introduz-e-utiliza-a-energia-verde-em-macau\/\",\"url\":\"https:\/\/www.ipim.gov.mo\/pt-pt\/noticias-do-ipim\/2025-03-07-2025miecf-sera-a-primeira-exposicao-que-introduz-e-utiliza-a-energia-verde-em-macau\/\",\"name\":\"[2025\/03\/07] 2025MIECF ser\u00e1 a primeira exposi\u00e7\u00e3o que introduz e utiliza a energia verde em Macau | Commerce and Investment Promotion Institute\",\"isPartOf\":{\"@id\":\"https:\/\/www.ipim.gov.mo\/zh-hans\/#website\"},\"primaryImageOfPage\":{\"@id\":\"https:\/\/www.ipim.gov.mo\/pt-pt\/noticias-do-ipim\/2025-03-07-2025miecf-sera-a-primeira-exposicao-que-introduz-e-utiliza-a-energia-verde-em-macau\/#primaryimage\"},\"image\":{\"@id\":\"https:\/\/www.ipim.gov.mo\/pt-pt\/noticias-do-ipim\/2025-03-07-2025miecf-sera-a-primeira-exposicao-que-introduz-e-utiliza-a-energia-verde-em-macau\/#primaryimage\"},\"thumbnailUrl\":\"https:\/\/www.ipim.gov.mo\/wp-content\/uploads\/2025\/03\/N25CGMYEVG__t20250307120523.jpg\",\"datePublished\":\"2025-03-07T04:00:00+00:00\",\"breadcrumb\":{\"@id\":\"https:\/\/www.ipim.gov.mo\/pt-pt\/noticias-do-ipim\/2025-03-07-2025miecf-sera-a-primeira-exposicao-que-introduz-e-utiliza-a-energia-verde-em-macau\/#breadcrumb\"},\"inLanguage\":\"pt-PT\",\"potentialAction\":[{\"@type\":\"ReadAction\",\"target\":[\"https:\/\/www.ipim.gov.mo\/pt-pt\/noticias-do-ipim\/2025-03-07-2025miecf-sera-a-primeira-exposicao-que-introduz-e-utiliza-a-energia-verde-em-macau\/\"]}]},{\"@type\":\"ImageObject\",\"inLanguage\":\"pt-PT\",\"@id\":\"https:\/\/www.ipim.gov.mo\/pt-pt\/noticias-do-ipim\/2025-03-07-2025miecf-sera-a-primeira-exposicao-que-introduz-e-utiliza-a-energia-verde-em-macau\/#primaryimage\",\"url\":\"https:\/\/www.ipim.gov.mo\/wp-content\/uploads\/2025\/03\/N25CGMYEVG__t20250307120523.jpg\",\"contentUrl\":\"https:\/\/www.ipim.gov.mo\/wp-content\/uploads\/2025\/03\/N25CGMYEVG__t20250307120523.jpg\",\"width\":320,\"height\":180},{\"@type\":\"BreadcrumbList\",\"@id\":\"https:\/\/www.ipim.gov.mo\/pt-pt\/noticias-do-ipim\/2025-03-07-2025miecf-sera-a-primeira-exposicao-que-introduz-e-utiliza-a-energia-verde-em-macau\/#breadcrumb\",\"itemListElement\":[{\"@type\":\"ListItem\",\"position\":1,\"name\":\"Home\",\"item\":\"https:\/\/www.ipim.gov.mo\/pt-pt\/\"},{\"@type\":\"ListItem\",\"position\":2,\"name\":\"[2025\/03\/07] 2025MIECF ser\u00e1 a primeira exposi\u00e7\u00e3o que introduz e utiliza a energia verde em Macau\"}]},{\"@type\":\"WebSite\",\"@id\":\"https:\/\/www.ipim.gov.mo\/zh-hans\/#website\",\"url\":\"https:\/\/www.ipim.gov.mo\/zh-hans\/\",\"name\":\"Commerce and Investment Promotion Institute\",\"description\":\"Commerce and Investment Promotion Institute\",\"publisher\":{\"@id\":\"https:\/\/www.ipim.gov.mo\/zh-hans\/#organization\"},\"potentialAction\":[{\"@type\":\"SearchAction\",\"target\":{\"@type\":\"EntryPoint\",\"urlTemplate\":\"https:\/\/www.ipim.gov.mo\/zh-hans\/?s={search_term_string}\"},\"query-input\":{\"@type\":\"PropertyValueSpecification\",\"valueRequired\":true,\"valueName\":\"search_term_string\"}}],\"inLanguage\":\"pt-PT\"},{\"@type\":\"Organization\",\"@id\":\"https:\/\/www.ipim.gov.mo\/zh-hans\/#organization\",\"name\":\"IPIM\",\"url\":\"https:\/\/www.ipim.gov.mo\/zh-hans\/\",\"logo\":{\"@type\":\"ImageObject\",\"inLanguage\":\"pt-PT\",\"@id\":\"https:\/\/www.ipim.gov.mo\/zh-hans\/#\/schema\/logo\/image\/\",\"url\":\"https:\/\/www.ipim.gov.mo\/wp-content\/uploads\/2022\/10\/default-post-thumbnail-ipim-logo.png\",\"contentUrl\":\"https:\/\/www.ipim.gov.mo\/wp-content\/uploads\/2022\/10\/default-post-thumbnail-ipim-logo.png\",\"width\":1024,\"height\":768,\"caption\":\"IPIM\"},\"image\":{\"@id\":\"https:\/\/www.ipim.gov.mo\/zh-hans\/#\/schema\/logo\/image\/\"}}]}<\/script>\r\n<!-- \/ Yoast SEO plugin. -->","yoast_head_json":{"title":"[2025\/03\/07] 2025MIECF ser\u00e1 a primeira exposi\u00e7\u00e3o que introduz e utiliza a energia verde em Macau | Commerce and Investment Promotion Institute","robots":{"index":"index","follow":"follow","max-snippet":"max-snippet:-1","max-image-preview":"max-image-preview:large","max-video-preview":"max-video-preview:-1"},"canonical":"https:\/\/www.ipim.gov.mo\/pt-pt\/noticias-do-ipim\/2025-03-07-2025miecf-sera-a-primeira-exposicao-que-introduz-e-utiliza-a-energia-verde-em-macau\/","og_locale":"pt_PT","og_type":"article","og_title":"[2025\/03\/07] 2025MIECF ser\u00e1 a primeira exposi\u00e7\u00e3o que introduz e utiliza a energia verde em Macau | Commerce and Investment Promotion Institute","og_description":"Com o avan&ccedil;o tecnol&oacute;gico e o refor&ccedil;o da consci&ecirc;ncia ambiental, a procura pela energia verde est&aacute; a crescer rapidamente na comunidade internacional. O F&oacute;rum e [&hellip;]","og_url":"https:\/\/www.ipim.gov.mo\/pt-pt\/noticias-do-ipim\/2025-03-07-2025miecf-sera-a-primeira-exposicao-que-introduz-e-utiliza-a-energia-verde-em-macau\/","og_site_name":"Commerce and Investment Promotion Institute","article_published_time":"2025-03-07T04:00:00+00:00","og_image":[{"width":320,"height":180,"url":"https:\/\/www.ipim.gov.mo\/wp-content\/uploads\/2025\/03\/N25CGMYEVG__t20250307120523.jpg","type":"image\/jpeg"}],"twitter_card":"summary_large_image","twitter_misc":{"Est. reading time":"4 minutes"},"schema":{"@context":"https:\/\/schema.org","@graph":[{"@type":"WebPage","@id":"https:\/\/www.ipim.gov.mo\/pt-pt\/noticias-do-ipim\/2025-03-07-2025miecf-sera-a-primeira-exposicao-que-introduz-e-utiliza-a-energia-verde-em-macau\/","url":"https:\/\/www.ipim.gov.mo\/pt-pt\/noticias-do-ipim\/2025-03-07-2025miecf-sera-a-primeira-exposicao-que-introduz-e-utiliza-a-energia-verde-em-macau\/","name":"[2025\/03\/07] 2025MIECF ser\u00e1 a primeira exposi\u00e7\u00e3o que introduz e utiliza a energia verde em Macau | Commerce and Investment Promotion Institute","isPartOf":{"@id":"https:\/\/www.ipim.gov.mo\/zh-hans\/#website"},"primaryImageOfPage":{"@id":"https:\/\/www.ipim.gov.mo\/pt-pt\/noticias-do-ipim\/2025-03-07-2025miecf-sera-a-primeira-exposicao-que-introduz-e-utiliza-a-energia-verde-em-macau\/#primaryimage"},"image":{"@id":"https:\/\/www.ipim.gov.mo\/pt-pt\/noticias-do-ipim\/2025-03-07-2025miecf-sera-a-primeira-exposicao-que-introduz-e-utiliza-a-energia-verde-em-macau\/#primaryimage"},"thumbnailUrl":"https:\/\/www.ipim.gov.mo\/wp-content\/uploads\/2025\/03\/N25CGMYEVG__t20250307120523.jpg","datePublished":"2025-03-07T04:00:00+00:00","breadcrumb":{"@id":"https:\/\/www.ipim.gov.mo\/pt-pt\/noticias-do-ipim\/2025-03-07-2025miecf-sera-a-primeira-exposicao-que-introduz-e-utiliza-a-energia-verde-em-macau\/#breadcrumb"},"inLanguage":"pt-PT","potentialAction":[{"@type":"ReadAction","target":["https:\/\/www.ipim.gov.mo\/pt-pt\/noticias-do-ipim\/2025-03-07-2025miecf-sera-a-primeira-exposicao-que-introduz-e-utiliza-a-energia-verde-em-macau\/"]}]},{"@type":"ImageObject","inLanguage":"pt-PT","@id":"https:\/\/www.ipim.gov.mo\/pt-pt\/noticias-do-ipim\/2025-03-07-2025miecf-sera-a-primeira-exposicao-que-introduz-e-utiliza-a-energia-verde-em-macau\/#primaryimage","url":"https:\/\/www.ipim.gov.mo\/wp-content\/uploads\/2025\/03\/N25CGMYEVG__t20250307120523.jpg","contentUrl":"https:\/\/www.ipim.gov.mo\/wp-content\/uploads\/2025\/03\/N25CGMYEVG__t20250307120523.jpg","width":320,"height":180},{"@type":"BreadcrumbList","@id":"https:\/\/www.ipim.gov.mo\/pt-pt\/noticias-do-ipim\/2025-03-07-2025miecf-sera-a-primeira-exposicao-que-introduz-e-utiliza-a-energia-verde-em-macau\/#breadcrumb","itemListElement":[{"@type":"ListItem","position":1,"name":"Home","item":"https:\/\/www.ipim.gov.mo\/pt-pt\/"},{"@type":"ListItem","position":2,"name":"[2025\/03\/07] 2025MIECF ser\u00e1 a primeira exposi\u00e7\u00e3o que introduz e utiliza a energia verde em Macau"}]},{"@type":"WebSite","@id":"https:\/\/www.ipim.gov.mo\/zh-hans\/#website","url":"https:\/\/www.ipim.gov.mo\/zh-hans\/","name":"Commerce and Investment Promotion Institute","description":"Commerce and Investment Promotion Institute","publisher":{"@id":"https:\/\/www.ipim.gov.mo\/zh-hans\/#organization"},"potentialAction":[{"@type":"SearchAction","target":{"@type":"EntryPoint","urlTemplate":"https:\/\/www.ipim.gov.mo\/zh-hans\/?s={search_term_string}"},"query-input":{"@type":"PropertyValueSpecification","valueRequired":true,"valueName":"search_term_string"}}],"inLanguage":"pt-PT"},{"@type":"Organization","@id":"https:\/\/www.ipim.gov.mo\/zh-hans\/#organization","name":"IPIM","url":"https:\/\/www.ipim.gov.mo\/zh-hans\/","logo":{"@type":"ImageObject","inLanguage":"pt-PT","@id":"https:\/\/www.ipim.gov.mo\/zh-hans\/#\/schema\/logo\/image\/","url":"https:\/\/www.ipim.gov.mo\/wp-content\/uploads\/2022\/10\/default-post-thumbnail-ipim-logo.png","contentUrl":"https:\/\/www.ipim.gov.mo\/wp-content\/uploads\/2022\/10\/default-post-thumbnail-ipim-logo.png","width":1024,"height":768,"caption":"IPIM"},"image":{"@id":"https:\/\/www.ipim.gov.mo\/zh-hans\/#\/schema\/logo\/image\/"}}]}},"author_meta":{"display_name":"","author_link":"https:\/\/www.ipim.gov.mo\/pt-pt\/author\/"},"featured_img":"https:\/\/www.ipim.gov.mo\/wp-content\/uploads\/2025\/03\/N25CGMYEVG__t20250307120523-300x169.jpg","coauthors":[],"tax_additional":{"categories":{"linked":["<a href=\"https:\/\/www.ipim.gov.mo\/pt-pt\/category\/noticias-do-ipim\/\" class=\"advgb-post-tax-term\">Not\u00edcias do IPIM<\/a>"],"unlinked":["<span class=\"advgb-post-tax-term\">Not\u00edcias do IPIM<\/span>"]}},"comment_count":"0","relative_dates":{"created":"Posted 1 year ago","modified":"Updated 1 year ago"},"absolute_dates":{"created":"Posted on Mar\u00e7o 7, 2025","modified":"Updated on Mar\u00e7o 7, 2025"},"absolute_dates_time":{"created":"Posted on Mar\u00e7o 7, 2025 12:00 pm","modified":"Updated on Mar\u00e7o 7, 2025 12:00 pm"},"featured_img_caption":"","series_order":"","_links":{"self":[{"href":"https:\/\/www.ipim.gov.mo\/pt-pt\/wp-json\/wp\/v2\/posts\/487129","targetHints":{"allow":["GET"]}}],"collection":[{"href":"https:\/\/www.ipim.gov.mo\/pt-pt\/wp-json\/wp\/v2\/posts"}],"about":[{"href":"https:\/\/www.ipim.gov.mo\/pt-pt\/wp-json\/wp\/v2\/types\/post"}],"replies":[{"embeddable":true,"href":"https:\/\/www.ipim.gov.mo\/pt-pt\/wp-json\/wp\/v2\/comments?post=487129"}],"version-history":[{"count":0,"href":"https:\/\/www.ipim.gov.mo\/pt-pt\/wp-json\/wp\/v2\/posts\/487129\/revisions"}],"wp:featuredmedia":[{"embeddable":true,"href":"https:\/\/www.ipim.gov.mo\/pt-pt\/wp-json\/wp\/v2\/media\/487130"}],"wp:attachment":[{"href":"https:\/\/www.ipim.gov.mo\/pt-pt\/wp-json\/wp\/v2\/media?parent=487129"}],"wp:term":[{"taxonomy":"category","embeddable":true,"href":"https:\/\/www.ipim.gov.mo\/pt-pt\/wp-json\/wp\/v2\/categories?post=487129"},{"taxonomy":"post_tag","embeddable":true,"href":"https:\/\/www.ipim.gov.mo\/pt-pt\/wp-json\/wp\/v2\/tags?post=487129"}],"curies":[{"name":"wp","href":"https:\/\/api.w.org\/{rel}","templated":true}]}}