{"id":486838,"date":"2025-03-03T12:54:00","date_gmt":"2025-03-03T04:54:00","guid":{"rendered":"https:\/\/www.ipim.gov.mo\/?p=486838"},"modified":"2025-03-04T10:52:11","modified_gmt":"2025-03-04T02:52:11","slug":"2025-03-03-%e3%80%90primeira-visita-ao-medio-oriente%e3%80%91o-ipim-fez-a-sua-primeira-visita-ao-medio-oriente-para-realizar-trabalhos-de-captacao-de-investimento-e-promover-activi","status":"publish","type":"post","link":"https:\/\/www.ipim.gov.mo\/pt-pt\/noticias-do-ipim\/2025-03-03-%e3%80%90primeira-visita-ao-medio-oriente%e3%80%91o-ipim-fez-a-sua-primeira-visita-ao-medio-oriente-para-realizar-trabalhos-de-captacao-de-investimento-e-promover-activi\/","title":{"rendered":"[2025\/03\/03] \u3010Primeira visita ao M\u00e9dio Oriente\u3011O IPIM fez a sua \u201cprimeira\u201d visita ao M\u00e9dio Oriente para realizar trabalhos de capta\u00e7\u00e3o de investimento e promover actividades de conven\u00e7\u00f5es e exposi\u00e7\u00f5es"},"content":{"rendered":"<p style=\"text-align:justify\">Os representantes do Instituto de Promo&ccedil;&atilde;o do Com&eacute;rcio e do Investimento (IPIM) deslocaram-se a Dubai, Emirados &Aacute;rabes Unidos e a Riade, capital da Ar&aacute;bia Saudita, de 24 a 28 de Fevereiro, para realizar trabalhos de capta&ccedil;&atilde;o de investimento e promover actividades de conven&ccedil;&otilde;es e exposi&ccedil;&otilde;es. Esta foi a primeira vez que o IPIM desenvolveu os trabalhos de capta&ccedil;&atilde;o de neg&oacute;cios e investimentos, bem como expandiu os neg&oacute;cios de conven&ccedil;&otilde;es e exposi&ccedil;&otilde;es na regi&atilde;o do M&eacute;dio Oriente. Durante a visita, o IPIM participou em duas sess&otilde;es de promo&ccedil;&atilde;o sobre turismo, conven&ccedil;&otilde;es e exposi&ccedil;&otilde;es e bolsas de contactos no mercado do M&eacute;dio Oriente (doravante designado por sess&otilde;es de promo&ccedil;&atilde;o e bolsas de contactos), que foram organizadas pela Direc&ccedil;&atilde;o dos Servi&ccedil;os de Turismo de Macau (DST).<\/p>\n<p style=\"text-align:justify\"><strong>Primeira visita ao M&eacute;dio Oriente para aprofundar as conex&otilde;es com o M&eacute;dio Oriente, explorando novas oportunidades<\/strong><\/p>\n<p style=\"text-align:justify\">No &acirc;mbito da visita, o IPIM visitou, por iniciativa pr&oacute;pria, a empresas da regi&atilde;o do M&eacute;dio Oriente, apresentando os servi&ccedil;os <em>One-Stop<\/em> do IPIM que ajudam as empresas a estabelecerem neg&oacute;cios em Macau, assim como o ambiente de conven&ccedil;&otilde;es e exposi&ccedil;&otilde;es e de neg&oacute;cios em Macau, incentivando as empresas locais a realizarem mais eventos de conven&ccedil;&otilde;es e exposi&ccedil;&otilde;es de diferentes naturezas em Macau e em Hengqin, de modo a promover o desenvolvimento sin&eacute;rgico da ind&uacute;stria de conven&ccedil;&otilde;es e exposi&ccedil;&otilde;es e das outras ind&uacute;strias relacionadas. Da parte da Ar&aacute;bia Saudita, o respons&aacute;vel de uma empresa de conven&ccedil;&otilde;es e exposi&ccedil;&otilde;es indicou que aprofundou o seu conhecimento sobre as actividades de conven&ccedil;&otilde;es e exposi&ccedil;&otilde;es em Macau ap&oacute;s o interc&acirc;mbio com a equipa do IPIM e procurar&aacute; organizar a participa&ccedil;&atilde;o de compradores em exposi&ccedil;&otilde;es e conven&ccedil;&otilde;es em Macau, explorando oportunidades de coopera&ccedil;&atilde;o e expandindo os seus neg&oacute;cios. Da parte dos Emirados &Aacute;rabes Unidos, algumas empresas de conven&ccedil;&otilde;es e exposi&ccedil;&otilde;es afirmaram que obtiveram um conhecimento preliminar sobre as condi&ccedil;&otilde;es corp&oacute;reas e incorp&oacute;reas de Macau e de Hengqin para conven&ccedil;&otilde;es e exposi&ccedil;&otilde;es atrav&eacute;s desse interc&acirc;mbio, manifestaram os seus interesses em visitar Macau e Hengqin para participar em actividades de conven&ccedil;&otilde;es e exposi&ccedil;&otilde;es a&iacute; realizadas e sentir pessoalmente o seu encanto, bem como considerar&atilde;o a viabilidade de organizar os respectivos eventos em Macau e em Hengqin.<\/p>\n<p style=\"text-align:justify\"><strong>Primeiro encontro presencial para fazer trabalhos preparativos a atrair mais eventos de conven&ccedil;&otilde;es e exposi&ccedil;&otilde;es internacionais para Macau e Hengqin<\/strong><\/p>\n<p style=\"text-align:justify\">Durante a estadia no M&eacute;dio Oriente, os representantes do IPIM visitaram o Centro Internacional de Conven&ccedil;&otilde;es e Exposi&ccedil;&otilde;es de Riade e o Dubai World Trade Center, com o intuito de conhecer como as instala&ccedil;&otilde;es e os servi&ccedil;os de conven&ccedil;&otilde;es e exposi&ccedil;&otilde;es das duas cidades atraem continuadamente as exposi&ccedil;&otilde;es a n&iacute;vel internacional. A equipa do IPIM reuniu com a entidade organizadora da <em>Gulfood<\/em>, tendo abordado sobre a viabilidade de coopera&ccedil;&atilde;o m&uacute;tua na participa&ccedil;&atilde;o em exposi&ccedil;&otilde;es e conven&ccedil;&otilde;es no futuro. Por outro lado, nas sess&otilde;es de promo&ccedil;&atilde;o e bolsas de contactos organizadas pela DST, os representantes do IPIM apresentaram as informa&ccedil;&otilde;es actualizadas sobre conven&ccedil;&otilde;es e exposi&ccedil;&otilde;es em Macau-Hengqin, junto do mesmo sector local, com vista a atrair mais conven&ccedil;&otilde;es internacionais para Macau e Hengqin, desempenhando plenamente as vantagens de \u201cUm Evento, Dois Locais\u201d.<\/p>\n<p style=\"text-align:justify\"><strong>Explora&ccedil;&atilde;o de novo mercado para alargar o c&iacute;rculo de recursos de coopera&ccedil;&atilde;o ultramarina<\/strong><\/p>\n<p style=\"text-align:justify\">A presente actividade promocional &eacute; a primeira vez que o IPIM realiza trabalhos de capta&ccedil;&atilde;o de investimento e promo&ccedil;&atilde;o das actividades de conven&ccedil;&otilde;es e exposi&ccedil;&otilde;es de Macau nos pa&iacute;ses do M&eacute;dio Oriente. Durante a qual, promoveram-se as oportunidades sobre estabelecimento de neg&oacute;cios em Macau junto dos sectores industrial e comercial locais, alargando assim o c&iacute;rculo de recursos de coopera&ccedil;&atilde;o ultramarina. Olhando para o futuro, o IPIM continuar&aacute; a aproveitar proactivamente as oportunidades para promover as vantagens comerciais e as do sector de conven&ccedil;&otilde;es e exposi&ccedil;&otilde;es de Macau, facilitando a articula&ccedil;&atilde;o das empresas com o mercado internacional.<\/p>\n","protected":false},"excerpt":{"rendered":"<p>Os representantes do Instituto de Promo&ccedil;&atilde;o do Com&eacute;rcio e do Investimento (IPIM) deslocaram-se a Dubai, Emirados &Aacute;rabes Unidos e a Riade, capital da Ar&aacute;bia Saudita, [&hellip;]<\/p>\n","protected":false},"author":0,"featured_media":488629,"comment_status":"closed","ping_status":"closed","sticky":false,"template":"","format":"standard","meta":{"_acf_changed":false,"inline_featured_image":false,"advgb_blocks_editor_width":"","advgb_blocks_columns_visual_guide":"","footnotes":""},"categories":[12],"tags":[],"class_list":["post-486838","post","type-post","status-publish","format-standard","has-post-thumbnail","hentry","category-noticias-do-ipim"],"acf":[],"yoast_head":"<!-- This site is optimized with the Yoast SEO plugin v26.2 - https:\/\/yoast.com\/wordpress\/plugins\/seo\/ -->\r\n<title>[2025\/03\/03] \u3010Primeira visita ao M\u00e9dio Oriente\u3011O IPIM fez a sua \u201cprimeira\u201d visita ao M\u00e9dio Oriente para realizar trabalhos de capta\u00e7\u00e3o de investimento e promover actividades de conven\u00e7\u00f5es e exposi\u00e7\u00f5es | Commerce and Investment Promotion Institute<\/title>\r\n<meta name=\"robots\" content=\"index, follow, max-snippet:-1, max-image-preview:large, max-video-preview:-1\" \/>\r\n<link rel=\"canonical\" href=\"https:\/\/www.ipim.gov.mo\/pt-pt\/noticias-do-ipim\/2025-03-03-\u3010primeira-visita-ao-medio-oriente\u3011o-ipim-fez-a-sua-primeira-visita-ao-medio-oriente-para-realizar-trabalhos-de-captacao-de-investimento-e-promover-activi\/\" \/>\r\n<meta property=\"og:locale\" content=\"pt_PT\" \/>\r\n<meta property=\"og:type\" content=\"article\" \/>\r\n<meta property=\"og:title\" content=\"[2025\/03\/03] \u3010Primeira visita ao M\u00e9dio Oriente\u3011O IPIM fez a sua \u201cprimeira\u201d visita ao M\u00e9dio Oriente para realizar trabalhos de capta\u00e7\u00e3o de investimento e promover actividades de conven\u00e7\u00f5es e exposi\u00e7\u00f5es | Commerce and Investment Promotion Institute\" \/>\r\n<meta property=\"og:description\" content=\"Os representantes do Instituto de Promo&ccedil;&atilde;o do Com&eacute;rcio e do Investimento (IPIM) deslocaram-se a Dubai, Emirados &Aacute;rabes Unidos e a Riade, capital da Ar&aacute;bia Saudita, [&hellip;]\" \/>\r\n<meta property=\"og:url\" content=\"https:\/\/www.ipim.gov.mo\/pt-pt\/noticias-do-ipim\/2025-03-03-\u3010primeira-visita-ao-medio-oriente\u3011o-ipim-fez-a-sua-primeira-visita-ao-medio-oriente-para-realizar-trabalhos-de-captacao-de-investimento-e-promover-activi\/\" \/>\r\n<meta property=\"og:site_name\" content=\"Commerce and Investment Promotion Institute\" \/>\r\n<meta property=\"article:published_time\" content=\"2025-03-03T04:54:00+00:00\" \/>\r\n<meta property=\"article:modified_time\" content=\"2025-03-04T02:52:11+00:00\" \/>\r\n<meta property=\"og:image\" content=\"https:\/\/www.ipim.gov.mo\/wp-content\/uploads\/2025\/04\/N25CCymXsf__t20250402125848.jpg\" \/>\r\n\t<meta property=\"og:image:width\" content=\"320\" \/>\r\n\t<meta property=\"og:image:height\" content=\"180\" \/>\r\n\t<meta property=\"og:image:type\" content=\"image\/jpeg\" \/>\r\n<meta name=\"twitter:card\" content=\"summary_large_image\" \/>\r\n<meta name=\"twitter:label1\" content=\"Est. reading time\" \/>\n\t<meta name=\"twitter:data1\" content=\"4 minutes\" \/>\r\n<script type=\"application\/ld+json\" class=\"yoast-schema-graph\">{\"@context\":\"https:\/\/schema.org\",\"@graph\":[{\"@type\":\"WebPage\",\"@id\":\"https:\/\/www.ipim.gov.mo\/pt-pt\/noticias-do-ipim\/2025-03-03-%e3%80%90primeira-visita-ao-medio-oriente%e3%80%91o-ipim-fez-a-sua-primeira-visita-ao-medio-oriente-para-realizar-trabalhos-de-captacao-de-investimento-e-promover-activi\/\",\"url\":\"https:\/\/www.ipim.gov.mo\/pt-pt\/noticias-do-ipim\/2025-03-03-%e3%80%90primeira-visita-ao-medio-oriente%e3%80%91o-ipim-fez-a-sua-primeira-visita-ao-medio-oriente-para-realizar-trabalhos-de-captacao-de-investimento-e-promover-activi\/\",\"name\":\"[2025\/03\/03] \u3010Primeira visita ao M\u00e9dio Oriente\u3011O IPIM fez a sua \u201cprimeira\u201d visita ao M\u00e9dio Oriente para realizar trabalhos de capta\u00e7\u00e3o de investimento e promover actividades de conven\u00e7\u00f5es e exposi\u00e7\u00f5es | Commerce and Investment Promotion Institute\",\"isPartOf\":{\"@id\":\"https:\/\/www.ipim.gov.mo\/zh-hans\/#website\"},\"primaryImageOfPage\":{\"@id\":\"https:\/\/www.ipim.gov.mo\/pt-pt\/noticias-do-ipim\/2025-03-03-%e3%80%90primeira-visita-ao-medio-oriente%e3%80%91o-ipim-fez-a-sua-primeira-visita-ao-medio-oriente-para-realizar-trabalhos-de-captacao-de-investimento-e-promover-activi\/#primaryimage\"},\"image\":{\"@id\":\"https:\/\/www.ipim.gov.mo\/pt-pt\/noticias-do-ipim\/2025-03-03-%e3%80%90primeira-visita-ao-medio-oriente%e3%80%91o-ipim-fez-a-sua-primeira-visita-ao-medio-oriente-para-realizar-trabalhos-de-captacao-de-investimento-e-promover-activi\/#primaryimage\"},\"thumbnailUrl\":\"https:\/\/www.ipim.gov.mo\/wp-content\/uploads\/2025\/04\/N25CCymXsf__t20250402125848.jpg\",\"datePublished\":\"2025-03-03T04:54:00+00:00\",\"dateModified\":\"2025-03-04T02:52:11+00:00\",\"breadcrumb\":{\"@id\":\"https:\/\/www.ipim.gov.mo\/pt-pt\/noticias-do-ipim\/2025-03-03-%e3%80%90primeira-visita-ao-medio-oriente%e3%80%91o-ipim-fez-a-sua-primeira-visita-ao-medio-oriente-para-realizar-trabalhos-de-captacao-de-investimento-e-promover-activi\/#breadcrumb\"},\"inLanguage\":\"pt-PT\",\"potentialAction\":[{\"@type\":\"ReadAction\",\"target\":[\"https:\/\/www.ipim.gov.mo\/pt-pt\/noticias-do-ipim\/2025-03-03-%e3%80%90primeira-visita-ao-medio-oriente%e3%80%91o-ipim-fez-a-sua-primeira-visita-ao-medio-oriente-para-realizar-trabalhos-de-captacao-de-investimento-e-promover-activi\/\"]}]},{\"@type\":\"ImageObject\",\"inLanguage\":\"pt-PT\",\"@id\":\"https:\/\/www.ipim.gov.mo\/pt-pt\/noticias-do-ipim\/2025-03-03-%e3%80%90primeira-visita-ao-medio-oriente%e3%80%91o-ipim-fez-a-sua-primeira-visita-ao-medio-oriente-para-realizar-trabalhos-de-captacao-de-investimento-e-promover-activi\/#primaryimage\",\"url\":\"https:\/\/www.ipim.gov.mo\/wp-content\/uploads\/2025\/04\/N25CCymXsf__t20250402125848.jpg\",\"contentUrl\":\"https:\/\/www.ipim.gov.mo\/wp-content\/uploads\/2025\/04\/N25CCymXsf__t20250402125848.jpg\",\"width\":320,\"height\":180},{\"@type\":\"BreadcrumbList\",\"@id\":\"https:\/\/www.ipim.gov.mo\/pt-pt\/noticias-do-ipim\/2025-03-03-%e3%80%90primeira-visita-ao-medio-oriente%e3%80%91o-ipim-fez-a-sua-primeira-visita-ao-medio-oriente-para-realizar-trabalhos-de-captacao-de-investimento-e-promover-activi\/#breadcrumb\",\"itemListElement\":[{\"@type\":\"ListItem\",\"position\":1,\"name\":\"Home\",\"item\":\"https:\/\/www.ipim.gov.mo\/pt-pt\/\"},{\"@type\":\"ListItem\",\"position\":2,\"name\":\"[2025\/03\/03] \u3010Primeira visita ao M\u00e9dio Oriente\u3011O IPIM fez a sua \u201cprimeira\u201d visita ao M\u00e9dio Oriente para realizar trabalhos de capta\u00e7\u00e3o de investimento e promover actividades de conven\u00e7\u00f5es e exposi\u00e7\u00f5es\"}]},{\"@type\":\"WebSite\",\"@id\":\"https:\/\/www.ipim.gov.mo\/zh-hans\/#website\",\"url\":\"https:\/\/www.ipim.gov.mo\/zh-hans\/\",\"name\":\"Commerce and Investment Promotion Institute\",\"description\":\"Commerce and Investment Promotion Institute\",\"publisher\":{\"@id\":\"https:\/\/www.ipim.gov.mo\/zh-hans\/#organization\"},\"potentialAction\":[{\"@type\":\"SearchAction\",\"target\":{\"@type\":\"EntryPoint\",\"urlTemplate\":\"https:\/\/www.ipim.gov.mo\/zh-hans\/?s={search_term_string}\"},\"query-input\":{\"@type\":\"PropertyValueSpecification\",\"valueRequired\":true,\"valueName\":\"search_term_string\"}}],\"inLanguage\":\"pt-PT\"},{\"@type\":\"Organization\",\"@id\":\"https:\/\/www.ipim.gov.mo\/zh-hans\/#organization\",\"name\":\"IPIM\",\"url\":\"https:\/\/www.ipim.gov.mo\/zh-hans\/\",\"logo\":{\"@type\":\"ImageObject\",\"inLanguage\":\"pt-PT\",\"@id\":\"https:\/\/www.ipim.gov.mo\/zh-hans\/#\/schema\/logo\/image\/\",\"url\":\"https:\/\/www.ipim.gov.mo\/wp-content\/uploads\/2022\/10\/default-post-thumbnail-ipim-logo.png\",\"contentUrl\":\"https:\/\/www.ipim.gov.mo\/wp-content\/uploads\/2022\/10\/default-post-thumbnail-ipim-logo.png\",\"width\":1024,\"height\":768,\"caption\":\"IPIM\"},\"image\":{\"@id\":\"https:\/\/www.ipim.gov.mo\/zh-hans\/#\/schema\/logo\/image\/\"}}]}<\/script>\r\n<!-- \/ Yoast SEO plugin. -->","yoast_head_json":{"title":"[2025\/03\/03] \u3010Primeira visita ao M\u00e9dio Oriente\u3011O IPIM fez a sua \u201cprimeira\u201d visita ao M\u00e9dio Oriente para realizar trabalhos de capta\u00e7\u00e3o de investimento e promover actividades de conven\u00e7\u00f5es e exposi\u00e7\u00f5es | Commerce and Investment Promotion Institute","robots":{"index":"index","follow":"follow","max-snippet":"max-snippet:-1","max-image-preview":"max-image-preview:large","max-video-preview":"max-video-preview:-1"},"canonical":"https:\/\/www.ipim.gov.mo\/pt-pt\/noticias-do-ipim\/2025-03-03-\u3010primeira-visita-ao-medio-oriente\u3011o-ipim-fez-a-sua-primeira-visita-ao-medio-oriente-para-realizar-trabalhos-de-captacao-de-investimento-e-promover-activi\/","og_locale":"pt_PT","og_type":"article","og_title":"[2025\/03\/03] \u3010Primeira visita ao M\u00e9dio Oriente\u3011O IPIM fez a sua \u201cprimeira\u201d visita ao M\u00e9dio Oriente para realizar trabalhos de capta\u00e7\u00e3o de investimento e promover actividades de conven\u00e7\u00f5es e exposi\u00e7\u00f5es | Commerce and Investment Promotion Institute","og_description":"Os representantes do Instituto de Promo&ccedil;&atilde;o do Com&eacute;rcio e do Investimento (IPIM) deslocaram-se a Dubai, Emirados &Aacute;rabes Unidos e a Riade, capital da Ar&aacute;bia Saudita, [&hellip;]","og_url":"https:\/\/www.ipim.gov.mo\/pt-pt\/noticias-do-ipim\/2025-03-03-\u3010primeira-visita-ao-medio-oriente\u3011o-ipim-fez-a-sua-primeira-visita-ao-medio-oriente-para-realizar-trabalhos-de-captacao-de-investimento-e-promover-activi\/","og_site_name":"Commerce and Investment Promotion Institute","article_published_time":"2025-03-03T04:54:00+00:00","article_modified_time":"2025-03-04T02:52:11+00:00","og_image":[{"width":320,"height":180,"url":"https:\/\/www.ipim.gov.mo\/wp-content\/uploads\/2025\/04\/N25CCymXsf__t20250402125848.jpg","type":"image\/jpeg"}],"twitter_card":"summary_large_image","twitter_misc":{"Est. reading time":"4 minutes"},"schema":{"@context":"https:\/\/schema.org","@graph":[{"@type":"WebPage","@id":"https:\/\/www.ipim.gov.mo\/pt-pt\/noticias-do-ipim\/2025-03-03-%e3%80%90primeira-visita-ao-medio-oriente%e3%80%91o-ipim-fez-a-sua-primeira-visita-ao-medio-oriente-para-realizar-trabalhos-de-captacao-de-investimento-e-promover-activi\/","url":"https:\/\/www.ipim.gov.mo\/pt-pt\/noticias-do-ipim\/2025-03-03-%e3%80%90primeira-visita-ao-medio-oriente%e3%80%91o-ipim-fez-a-sua-primeira-visita-ao-medio-oriente-para-realizar-trabalhos-de-captacao-de-investimento-e-promover-activi\/","name":"[2025\/03\/03] \u3010Primeira visita ao M\u00e9dio Oriente\u3011O IPIM fez a sua \u201cprimeira\u201d visita ao M\u00e9dio Oriente para realizar trabalhos de capta\u00e7\u00e3o de investimento e promover actividades de conven\u00e7\u00f5es e exposi\u00e7\u00f5es | Commerce and Investment Promotion Institute","isPartOf":{"@id":"https:\/\/www.ipim.gov.mo\/zh-hans\/#website"},"primaryImageOfPage":{"@id":"https:\/\/www.ipim.gov.mo\/pt-pt\/noticias-do-ipim\/2025-03-03-%e3%80%90primeira-visita-ao-medio-oriente%e3%80%91o-ipim-fez-a-sua-primeira-visita-ao-medio-oriente-para-realizar-trabalhos-de-captacao-de-investimento-e-promover-activi\/#primaryimage"},"image":{"@id":"https:\/\/www.ipim.gov.mo\/pt-pt\/noticias-do-ipim\/2025-03-03-%e3%80%90primeira-visita-ao-medio-oriente%e3%80%91o-ipim-fez-a-sua-primeira-visita-ao-medio-oriente-para-realizar-trabalhos-de-captacao-de-investimento-e-promover-activi\/#primaryimage"},"thumbnailUrl":"https:\/\/www.ipim.gov.mo\/wp-content\/uploads\/2025\/04\/N25CCymXsf__t20250402125848.jpg","datePublished":"2025-03-03T04:54:00+00:00","dateModified":"2025-03-04T02:52:11+00:00","breadcrumb":{"@id":"https:\/\/www.ipim.gov.mo\/pt-pt\/noticias-do-ipim\/2025-03-03-%e3%80%90primeira-visita-ao-medio-oriente%e3%80%91o-ipim-fez-a-sua-primeira-visita-ao-medio-oriente-para-realizar-trabalhos-de-captacao-de-investimento-e-promover-activi\/#breadcrumb"},"inLanguage":"pt-PT","potentialAction":[{"@type":"ReadAction","target":["https:\/\/www.ipim.gov.mo\/pt-pt\/noticias-do-ipim\/2025-03-03-%e3%80%90primeira-visita-ao-medio-oriente%e3%80%91o-ipim-fez-a-sua-primeira-visita-ao-medio-oriente-para-realizar-trabalhos-de-captacao-de-investimento-e-promover-activi\/"]}]},{"@type":"ImageObject","inLanguage":"pt-PT","@id":"https:\/\/www.ipim.gov.mo\/pt-pt\/noticias-do-ipim\/2025-03-03-%e3%80%90primeira-visita-ao-medio-oriente%e3%80%91o-ipim-fez-a-sua-primeira-visita-ao-medio-oriente-para-realizar-trabalhos-de-captacao-de-investimento-e-promover-activi\/#primaryimage","url":"https:\/\/www.ipim.gov.mo\/wp-content\/uploads\/2025\/04\/N25CCymXsf__t20250402125848.jpg","contentUrl":"https:\/\/www.ipim.gov.mo\/wp-content\/uploads\/2025\/04\/N25CCymXsf__t20250402125848.jpg","width":320,"height":180},{"@type":"BreadcrumbList","@id":"https:\/\/www.ipim.gov.mo\/pt-pt\/noticias-do-ipim\/2025-03-03-%e3%80%90primeira-visita-ao-medio-oriente%e3%80%91o-ipim-fez-a-sua-primeira-visita-ao-medio-oriente-para-realizar-trabalhos-de-captacao-de-investimento-e-promover-activi\/#breadcrumb","itemListElement":[{"@type":"ListItem","position":1,"name":"Home","item":"https:\/\/www.ipim.gov.mo\/pt-pt\/"},{"@type":"ListItem","position":2,"name":"[2025\/03\/03] \u3010Primeira visita ao M\u00e9dio Oriente\u3011O IPIM fez a sua \u201cprimeira\u201d visita ao M\u00e9dio Oriente para realizar trabalhos de capta\u00e7\u00e3o de investimento e promover actividades de conven\u00e7\u00f5es e exposi\u00e7\u00f5es"}]},{"@type":"WebSite","@id":"https:\/\/www.ipim.gov.mo\/zh-hans\/#website","url":"https:\/\/www.ipim.gov.mo\/zh-hans\/","name":"Commerce and Investment Promotion Institute","description":"Commerce and Investment Promotion Institute","publisher":{"@id":"https:\/\/www.ipim.gov.mo\/zh-hans\/#organization"},"potentialAction":[{"@type":"SearchAction","target":{"@type":"EntryPoint","urlTemplate":"https:\/\/www.ipim.gov.mo\/zh-hans\/?s={search_term_string}"},"query-input":{"@type":"PropertyValueSpecification","valueRequired":true,"valueName":"search_term_string"}}],"inLanguage":"pt-PT"},{"@type":"Organization","@id":"https:\/\/www.ipim.gov.mo\/zh-hans\/#organization","name":"IPIM","url":"https:\/\/www.ipim.gov.mo\/zh-hans\/","logo":{"@type":"ImageObject","inLanguage":"pt-PT","@id":"https:\/\/www.ipim.gov.mo\/zh-hans\/#\/schema\/logo\/image\/","url":"https:\/\/www.ipim.gov.mo\/wp-content\/uploads\/2022\/10\/default-post-thumbnail-ipim-logo.png","contentUrl":"https:\/\/www.ipim.gov.mo\/wp-content\/uploads\/2022\/10\/default-post-thumbnail-ipim-logo.png","width":1024,"height":768,"caption":"IPIM"},"image":{"@id":"https:\/\/www.ipim.gov.mo\/zh-hans\/#\/schema\/logo\/image\/"}}]}},"author_meta":{"display_name":"","author_link":"https:\/\/www.ipim.gov.mo\/pt-pt\/author\/"},"featured_img":"https:\/\/www.ipim.gov.mo\/wp-content\/uploads\/2025\/04\/N25CCymXsf__t20250402125848-300x169.jpg","coauthors":[],"tax_additional":{"categories":{"linked":["<a href=\"https:\/\/www.ipim.gov.mo\/pt-pt\/category\/noticias-do-ipim\/\" class=\"advgb-post-tax-term\">Not\u00edcias do IPIM<\/a>"],"unlinked":["<span class=\"advgb-post-tax-term\">Not\u00edcias do IPIM<\/span>"]}},"comment_count":"0","relative_dates":{"created":"Posted 1 year ago","modified":"Updated 1 year ago"},"absolute_dates":{"created":"Posted on Mar\u00e7o 3, 2025","modified":"Updated on Mar\u00e7o 4, 2025"},"absolute_dates_time":{"created":"Posted on Mar\u00e7o 3, 2025 12:54 pm","modified":"Updated on Mar\u00e7o 4, 2025 10:52 am"},"featured_img_caption":"","series_order":"","_links":{"self":[{"href":"https:\/\/www.ipim.gov.mo\/pt-pt\/wp-json\/wp\/v2\/posts\/486838","targetHints":{"allow":["GET"]}}],"collection":[{"href":"https:\/\/www.ipim.gov.mo\/pt-pt\/wp-json\/wp\/v2\/posts"}],"about":[{"href":"https:\/\/www.ipim.gov.mo\/pt-pt\/wp-json\/wp\/v2\/types\/post"}],"replies":[{"embeddable":true,"href":"https:\/\/www.ipim.gov.mo\/pt-pt\/wp-json\/wp\/v2\/comments?post=486838"}],"version-history":[{"count":1,"href":"https:\/\/www.ipim.gov.mo\/pt-pt\/wp-json\/wp\/v2\/posts\/486838\/revisions"}],"predecessor-version":[{"id":486871,"href":"https:\/\/www.ipim.gov.mo\/pt-pt\/wp-json\/wp\/v2\/posts\/486838\/revisions\/486871"}],"wp:featuredmedia":[{"embeddable":true,"href":"https:\/\/www.ipim.gov.mo\/pt-pt\/wp-json\/wp\/v2\/media\/488629"}],"wp:attachment":[{"href":"https:\/\/www.ipim.gov.mo\/pt-pt\/wp-json\/wp\/v2\/media?parent=486838"}],"wp:term":[{"taxonomy":"category","embeddable":true,"href":"https:\/\/www.ipim.gov.mo\/pt-pt\/wp-json\/wp\/v2\/categories?post=486838"},{"taxonomy":"post_tag","embeddable":true,"href":"https:\/\/www.ipim.gov.mo\/pt-pt\/wp-json\/wp\/v2\/tags?post=486838"}],"curies":[{"name":"wp","href":"https:\/\/api.w.org\/{rel}","templated":true}]}}