{"id":485655,"date":"2025-02-07T11:54:00","date_gmt":"2025-02-07T03:54:00","guid":{"rendered":"https:\/\/www.ipim.gov.mo\/?p=485655"},"modified":"2025-02-07T18:52:05","modified_gmt":"2025-02-07T10:52:05","slug":"2025-02-07-dr-vincent-u-presidente-do-ipim-nomeado-membro-do-conselho-directivo-da-china-da-iaee-associacao-internacional-de-exposicoes-e-eventos","status":"publish","type":"post","link":"https:\/\/www.ipim.gov.mo\/pt-pt\/noticias-do-ipim\/2025-02-07-dr-vincent-u-presidente-do-ipim-nomeado-membro-do-conselho-directivo-da-china-da-iaee-associacao-internacional-de-exposicoes-e-eventos\/","title":{"rendered":"[2025\/02\/07] Dr. Vincent U, Presidente do IPIM, nomeado membro do Conselho Directivo da China da IAEE (Associa\u00e7\u00e3o Internacional de Exposi\u00e7\u00f5es e Eventos)"},"content":{"rendered":"<p style=\"text-align:justify\">Fundada em 1928, a Associa&ccedil;&atilde;o Internacional de Exposi&ccedil;&otilde;es e Eventos (<em>International Association of Exhibitions and Events<\/em>, IAEE na sigla inglesa) &eacute; uma das organiza&ccedil;&otilde;es de refer&ecirc;ncia na ind&uacute;stria de exposi&ccedil;&otilde;es a n&iacute;vel global. Recentemente, a IAEE anunciou a lista dos membros do rec&eacute;m-criado Conselho Directivo da China. Entre eles, o Presidente do Instituto de Promo&ccedil;&atilde;o do Com&eacute;rcio e do Investimento (IPIM) da Regi&atilde;o Administrativa Especial de Macau (RAEM), Dr. Vincent U, foi nomeado membro do Conselho Directivo da China da IAEE para 2025, sendo o &uacute;nico membro de uma institui&ccedil;&atilde;o baseada nas Regi&otilde;es de Hong Kong e Macau.<\/p>\n<p style=\"text-align:justify\">Os membros da IAEE est&atilde;o radicados em todo o mundo, incluindo organizadores de exposi&ccedil;&otilde;es, expositores e fornecedores de exposi&ccedil;&otilde;es. Mais de 20.000 organizadores de exposi&ccedil;&otilde;es e feiras comerciais s&atilde;o membros da IAEE, representando mais de 12.000 profissionais da ind&uacute;stria de exposi&ccedil;&otilde;es global, oferecendo apoio empresarial e forma&ccedil;&atilde;o profissional em mais de 50 pa&iacute;ses e regi&otilde;es de todo o mundo. A associa&ccedil;&atilde;o espera, com a cria&ccedil;&atilde;o do Conselho Directivo da China, aprofundar ainda mais a coopera&ccedil;&atilde;o com os parceiros da ind&uacute;stria de exposi&ccedil;&otilde;es da China, promover as melhores pr&aacute;ticas e forma&ccedil;&atilde;o profissional de exposi&ccedil;&otilde;es internacionais, e impulsionar o desenvolvimento sustent&aacute;vel e o maior sucesso da ind&uacute;stria.<\/p>\n<p style=\"text-align:justify\">O programa de forma&ccedil;&atilde;o profissional de Certificado em Gestores de Exposi&ccedil;&otilde;es (CEM) da China sob a orienta&ccedil;&atilde;o da IAEE j&aacute; formou mais de 1.600 profissionais, incluindo centenas de formados de Macau, China, oferecendo um suporte importante &agrave; constru&ccedil;&atilde;o de uma equipe de quadros qualificados na &aacute;rea de conven&ccedil;&otilde;es e exposi&ccedil;&otilde;es local.<\/p>\n<p style=\"text-align:justify\">Antes da sua reestrutura&ccedil;&atilde;o, o IPIM j&aacute; chegou a participar na IAEE sob o nome de Instituto de Promo&ccedil;&atilde;o do Com&eacute;rcio e do Investimento de Macau em 2006, tendo sido laureado com o \u201cPr&eacute;mio de Excel&ecirc;ncia Internacional da IAEE\u201d em Maio de 2023 na Alemanha.<\/p>\n<p style=\"text-align:justify\">O Presidente do IPIM, Dr. Vincent U, &eacute; actualmente Secret&aacute;rio-geral da Comiss&atilde;o para o Desenvolvimento de Conven&ccedil;&otilde;es e Exposi&ccedil;&otilde;es do Governo da RAEM, e desde 2022 &eacute; membro do Conselho de Administra&ccedil;&atilde;o da Associa&ccedil;&atilde;o Global da Ind&uacute;stria de Exposi&ccedil;&otilde;es (<em>Global Association of the Exhibition Industry<\/em>, UFI na sigla inglesa).<\/p>\n<p style=\"text-align:justify\">Lista de Membros do Conselho Directivo da China da IAEE para 2025:<\/p>\n<ul>\n<li style=\"text-align:justify\"><strong>Presidente do Conselho<\/strong>: Mao Daben, Vice-Presidente Executivo do Centro de Conven&ccedil;&otilde;es e Exposi&ccedil;&otilde;es Mundiais de Shenzhen\/<em>Shenzhen Zhaohua International Exhibition Operations Co., Ltd.<\/em><\/li>\n<li style=\"text-align:justify\"><strong>Ex-titular do cargo de Presidente do Conselho:<\/strong> Gong Kangkang, Vice-Presidente S&eacute;nior para a &Aacute;sia e Administradora Geral do Conselho de Administra&ccedil;&atilde;o da China do Grupo da Informa plc<\/li>\n<li style=\"text-align:justify\"><strong>Presidente do Conselho a aguardar posse: <\/strong>Song Xueli, Vice-Presidente da <em>Chongqing Yuelai Investment Group Co., Ltd.\/Chongqing International Expo Center Co., Ltd<\/em><\/li>\n<li style=\"text-align:justify\"><strong>Vice-Presidente do Conselho:<\/strong> Zheng Luyi, S&oacute;cio do <em>Shanghai Exhibition Group<\/em><\/li>\n<li style=\"text-align:justify\"><strong>Membro do Conselho: <\/strong>Dr. Vincent U, Presidente do IPIM da RAEM<\/li>\n<li style=\"text-align:justify\"><strong>Membro do Conselho: <\/strong>Bai Runfeng, Director de Neg&oacute;cios Internacionais do <em>Hangzhou Expo Group<\/em><\/li>\n<li style=\"text-align:justify\"><strong>Membro do Conselho: <\/strong>Liu Fei, Vice-Presidente do <em>Hangzhou International Expo Center<\/em><\/li>\n<li style=\"text-align:justify\"><strong>Membro do Conselho:<\/strong> Prof. Doutor Zhou Yan, Professor Associado da Universidade da Uni&atilde;o de Pequim<\/li>\n<li style=\"text-align:justify\"><strong>Membro Honor&aacute;rio do Conselho:<\/strong> Chuck Grouzard, Presidente do Conselho de Administra&ccedil;&atilde;o da IAEE, Vice-Presidente Executivo de Desenvolvimento de Neg&oacute;cios da GES<\/li>\n<\/ul>\n","protected":false},"excerpt":{"rendered":"<p>Fundada em 1928, a Associa&ccedil;&atilde;o Internacional de Exposi&ccedil;&otilde;es e Eventos (International Association of Exhibitions and Events, IAEE na sigla inglesa) &eacute; uma das organiza&ccedil;&otilde;es de [&hellip;]<\/p>\n","protected":false},"author":0,"featured_media":485701,"comment_status":"closed","ping_status":"closed","sticky":false,"template":"","format":"standard","meta":{"_acf_changed":false,"inline_featured_image":false,"advgb_blocks_editor_width":"","advgb_blocks_columns_visual_guide":"","footnotes":""},"categories":[12],"tags":[],"class_list":["post-485655","post","type-post","status-publish","format-standard","has-post-thumbnail","hentry","category-noticias-do-ipim"],"acf":[],"yoast_head":"<!-- This site is optimized with the Yoast SEO plugin v26.2 - https:\/\/yoast.com\/wordpress\/plugins\/seo\/ -->\r\n<title>[2025\/02\/07] Dr. Vincent U, Presidente do IPIM, nomeado membro do Conselho Directivo da China da IAEE (Associa\u00e7\u00e3o Internacional de Exposi\u00e7\u00f5es e Eventos) | Commerce and Investment Promotion Institute<\/title>\r\n<meta name=\"robots\" content=\"index, follow, max-snippet:-1, max-image-preview:large, max-video-preview:-1\" \/>\r\n<link rel=\"canonical\" href=\"https:\/\/www.ipim.gov.mo\/pt-pt\/noticias-do-ipim\/2025-02-07-dr-vincent-u-presidente-do-ipim-nomeado-membro-do-conselho-directivo-da-china-da-iaee-associacao-internacional-de-exposicoes-e-eventos\/\" \/>\r\n<meta property=\"og:locale\" content=\"pt_PT\" \/>\r\n<meta property=\"og:type\" content=\"article\" \/>\r\n<meta property=\"og:title\" content=\"[2025\/02\/07] Dr. Vincent U, Presidente do IPIM, nomeado membro do Conselho Directivo da China da IAEE (Associa\u00e7\u00e3o Internacional de Exposi\u00e7\u00f5es e Eventos) | Commerce and Investment Promotion Institute\" \/>\r\n<meta property=\"og:description\" content=\"Fundada em 1928, a Associa&ccedil;&atilde;o Internacional de Exposi&ccedil;&otilde;es e Eventos (International Association of Exhibitions and Events, IAEE na sigla inglesa) &eacute; uma das organiza&ccedil;&otilde;es de [&hellip;]\" \/>\r\n<meta property=\"og:url\" content=\"https:\/\/www.ipim.gov.mo\/pt-pt\/noticias-do-ipim\/2025-02-07-dr-vincent-u-presidente-do-ipim-nomeado-membro-do-conselho-directivo-da-china-da-iaee-associacao-internacional-de-exposicoes-e-eventos\/\" \/>\r\n<meta property=\"og:site_name\" content=\"Commerce and Investment Promotion Institute\" \/>\r\n<meta property=\"article:published_time\" content=\"2025-02-07T03:54:00+00:00\" \/>\r\n<meta property=\"article:modified_time\" content=\"2025-02-07T10:52:05+00:00\" \/>\r\n<meta property=\"og:image\" content=\"https:\/\/www.ipim.gov.mo\/wp-content\/uploads\/2025\/02\/N25BG7dmFI__t20250210172909.jpg\" \/>\r\n\t<meta property=\"og:image:width\" content=\"320\" \/>\r\n\t<meta property=\"og:image:height\" content=\"180\" \/>\r\n\t<meta property=\"og:image:type\" content=\"image\/jpeg\" \/>\r\n<meta name=\"twitter:card\" content=\"summary_large_image\" \/>\r\n<meta name=\"twitter:label1\" content=\"Est. reading time\" \/>\n\t<meta name=\"twitter:data1\" content=\"3 minutes\" \/>\r\n<script type=\"application\/ld+json\" class=\"yoast-schema-graph\">{\"@context\":\"https:\/\/schema.org\",\"@graph\":[{\"@type\":\"WebPage\",\"@id\":\"https:\/\/www.ipim.gov.mo\/pt-pt\/noticias-do-ipim\/2025-02-07-dr-vincent-u-presidente-do-ipim-nomeado-membro-do-conselho-directivo-da-china-da-iaee-associacao-internacional-de-exposicoes-e-eventos\/\",\"url\":\"https:\/\/www.ipim.gov.mo\/pt-pt\/noticias-do-ipim\/2025-02-07-dr-vincent-u-presidente-do-ipim-nomeado-membro-do-conselho-directivo-da-china-da-iaee-associacao-internacional-de-exposicoes-e-eventos\/\",\"name\":\"[2025\/02\/07] Dr. Vincent U, Presidente do IPIM, nomeado membro do Conselho Directivo da China da IAEE (Associa\u00e7\u00e3o Internacional de Exposi\u00e7\u00f5es e Eventos) | Commerce and Investment Promotion Institute\",\"isPartOf\":{\"@id\":\"https:\/\/www.ipim.gov.mo\/zh-hans\/#website\"},\"primaryImageOfPage\":{\"@id\":\"https:\/\/www.ipim.gov.mo\/pt-pt\/noticias-do-ipim\/2025-02-07-dr-vincent-u-presidente-do-ipim-nomeado-membro-do-conselho-directivo-da-china-da-iaee-associacao-internacional-de-exposicoes-e-eventos\/#primaryimage\"},\"image\":{\"@id\":\"https:\/\/www.ipim.gov.mo\/pt-pt\/noticias-do-ipim\/2025-02-07-dr-vincent-u-presidente-do-ipim-nomeado-membro-do-conselho-directivo-da-china-da-iaee-associacao-internacional-de-exposicoes-e-eventos\/#primaryimage\"},\"thumbnailUrl\":\"https:\/\/www.ipim.gov.mo\/wp-content\/uploads\/2025\/02\/N25BG7dmFI__t20250210172909.jpg\",\"datePublished\":\"2025-02-07T03:54:00+00:00\",\"dateModified\":\"2025-02-07T10:52:05+00:00\",\"breadcrumb\":{\"@id\":\"https:\/\/www.ipim.gov.mo\/pt-pt\/noticias-do-ipim\/2025-02-07-dr-vincent-u-presidente-do-ipim-nomeado-membro-do-conselho-directivo-da-china-da-iaee-associacao-internacional-de-exposicoes-e-eventos\/#breadcrumb\"},\"inLanguage\":\"pt-PT\",\"potentialAction\":[{\"@type\":\"ReadAction\",\"target\":[\"https:\/\/www.ipim.gov.mo\/pt-pt\/noticias-do-ipim\/2025-02-07-dr-vincent-u-presidente-do-ipim-nomeado-membro-do-conselho-directivo-da-china-da-iaee-associacao-internacional-de-exposicoes-e-eventos\/\"]}]},{\"@type\":\"ImageObject\",\"inLanguage\":\"pt-PT\",\"@id\":\"https:\/\/www.ipim.gov.mo\/pt-pt\/noticias-do-ipim\/2025-02-07-dr-vincent-u-presidente-do-ipim-nomeado-membro-do-conselho-directivo-da-china-da-iaee-associacao-internacional-de-exposicoes-e-eventos\/#primaryimage\",\"url\":\"https:\/\/www.ipim.gov.mo\/wp-content\/uploads\/2025\/02\/N25BG7dmFI__t20250210172909.jpg\",\"contentUrl\":\"https:\/\/www.ipim.gov.mo\/wp-content\/uploads\/2025\/02\/N25BG7dmFI__t20250210172909.jpg\",\"width\":320,\"height\":180},{\"@type\":\"BreadcrumbList\",\"@id\":\"https:\/\/www.ipim.gov.mo\/pt-pt\/noticias-do-ipim\/2025-02-07-dr-vincent-u-presidente-do-ipim-nomeado-membro-do-conselho-directivo-da-china-da-iaee-associacao-internacional-de-exposicoes-e-eventos\/#breadcrumb\",\"itemListElement\":[{\"@type\":\"ListItem\",\"position\":1,\"name\":\"Home\",\"item\":\"https:\/\/www.ipim.gov.mo\/pt-pt\/\"},{\"@type\":\"ListItem\",\"position\":2,\"name\":\"[2025\/02\/07] Dr. Vincent U, Presidente do IPIM, nomeado membro do Conselho Directivo da China da IAEE (Associa\u00e7\u00e3o Internacional de Exposi\u00e7\u00f5es e Eventos)\"}]},{\"@type\":\"WebSite\",\"@id\":\"https:\/\/www.ipim.gov.mo\/zh-hans\/#website\",\"url\":\"https:\/\/www.ipim.gov.mo\/zh-hans\/\",\"name\":\"Commerce and Investment Promotion Institute\",\"description\":\"Commerce and Investment Promotion Institute\",\"publisher\":{\"@id\":\"https:\/\/www.ipim.gov.mo\/zh-hans\/#organization\"},\"potentialAction\":[{\"@type\":\"SearchAction\",\"target\":{\"@type\":\"EntryPoint\",\"urlTemplate\":\"https:\/\/www.ipim.gov.mo\/zh-hans\/?s={search_term_string}\"},\"query-input\":{\"@type\":\"PropertyValueSpecification\",\"valueRequired\":true,\"valueName\":\"search_term_string\"}}],\"inLanguage\":\"pt-PT\"},{\"@type\":\"Organization\",\"@id\":\"https:\/\/www.ipim.gov.mo\/zh-hans\/#organization\",\"name\":\"IPIM\",\"url\":\"https:\/\/www.ipim.gov.mo\/zh-hans\/\",\"logo\":{\"@type\":\"ImageObject\",\"inLanguage\":\"pt-PT\",\"@id\":\"https:\/\/www.ipim.gov.mo\/zh-hans\/#\/schema\/logo\/image\/\",\"url\":\"https:\/\/www.ipim.gov.mo\/wp-content\/uploads\/2022\/10\/default-post-thumbnail-ipim-logo.png\",\"contentUrl\":\"https:\/\/www.ipim.gov.mo\/wp-content\/uploads\/2022\/10\/default-post-thumbnail-ipim-logo.png\",\"width\":1024,\"height\":768,\"caption\":\"IPIM\"},\"image\":{\"@id\":\"https:\/\/www.ipim.gov.mo\/zh-hans\/#\/schema\/logo\/image\/\"}}]}<\/script>\r\n<!-- \/ Yoast SEO plugin. -->","yoast_head_json":{"title":"[2025\/02\/07] Dr. Vincent U, Presidente do IPIM, nomeado membro do Conselho Directivo da China da IAEE (Associa\u00e7\u00e3o Internacional de Exposi\u00e7\u00f5es e Eventos) | Commerce and Investment Promotion Institute","robots":{"index":"index","follow":"follow","max-snippet":"max-snippet:-1","max-image-preview":"max-image-preview:large","max-video-preview":"max-video-preview:-1"},"canonical":"https:\/\/www.ipim.gov.mo\/pt-pt\/noticias-do-ipim\/2025-02-07-dr-vincent-u-presidente-do-ipim-nomeado-membro-do-conselho-directivo-da-china-da-iaee-associacao-internacional-de-exposicoes-e-eventos\/","og_locale":"pt_PT","og_type":"article","og_title":"[2025\/02\/07] Dr. Vincent U, Presidente do IPIM, nomeado membro do Conselho Directivo da China da IAEE (Associa\u00e7\u00e3o Internacional de Exposi\u00e7\u00f5es e Eventos) | Commerce and Investment Promotion Institute","og_description":"Fundada em 1928, a Associa&ccedil;&atilde;o Internacional de Exposi&ccedil;&otilde;es e Eventos (International Association of Exhibitions and Events, IAEE na sigla inglesa) &eacute; uma das organiza&ccedil;&otilde;es de [&hellip;]","og_url":"https:\/\/www.ipim.gov.mo\/pt-pt\/noticias-do-ipim\/2025-02-07-dr-vincent-u-presidente-do-ipim-nomeado-membro-do-conselho-directivo-da-china-da-iaee-associacao-internacional-de-exposicoes-e-eventos\/","og_site_name":"Commerce and Investment Promotion Institute","article_published_time":"2025-02-07T03:54:00+00:00","article_modified_time":"2025-02-07T10:52:05+00:00","og_image":[{"width":320,"height":180,"url":"https:\/\/www.ipim.gov.mo\/wp-content\/uploads\/2025\/02\/N25BG7dmFI__t20250210172909.jpg","type":"image\/jpeg"}],"twitter_card":"summary_large_image","twitter_misc":{"Est. reading time":"3 minutes"},"schema":{"@context":"https:\/\/schema.org","@graph":[{"@type":"WebPage","@id":"https:\/\/www.ipim.gov.mo\/pt-pt\/noticias-do-ipim\/2025-02-07-dr-vincent-u-presidente-do-ipim-nomeado-membro-do-conselho-directivo-da-china-da-iaee-associacao-internacional-de-exposicoes-e-eventos\/","url":"https:\/\/www.ipim.gov.mo\/pt-pt\/noticias-do-ipim\/2025-02-07-dr-vincent-u-presidente-do-ipim-nomeado-membro-do-conselho-directivo-da-china-da-iaee-associacao-internacional-de-exposicoes-e-eventos\/","name":"[2025\/02\/07] Dr. Vincent U, Presidente do IPIM, nomeado membro do Conselho Directivo da China da IAEE (Associa\u00e7\u00e3o Internacional de Exposi\u00e7\u00f5es e Eventos) | Commerce and Investment Promotion Institute","isPartOf":{"@id":"https:\/\/www.ipim.gov.mo\/zh-hans\/#website"},"primaryImageOfPage":{"@id":"https:\/\/www.ipim.gov.mo\/pt-pt\/noticias-do-ipim\/2025-02-07-dr-vincent-u-presidente-do-ipim-nomeado-membro-do-conselho-directivo-da-china-da-iaee-associacao-internacional-de-exposicoes-e-eventos\/#primaryimage"},"image":{"@id":"https:\/\/www.ipim.gov.mo\/pt-pt\/noticias-do-ipim\/2025-02-07-dr-vincent-u-presidente-do-ipim-nomeado-membro-do-conselho-directivo-da-china-da-iaee-associacao-internacional-de-exposicoes-e-eventos\/#primaryimage"},"thumbnailUrl":"https:\/\/www.ipim.gov.mo\/wp-content\/uploads\/2025\/02\/N25BG7dmFI__t20250210172909.jpg","datePublished":"2025-02-07T03:54:00+00:00","dateModified":"2025-02-07T10:52:05+00:00","breadcrumb":{"@id":"https:\/\/www.ipim.gov.mo\/pt-pt\/noticias-do-ipim\/2025-02-07-dr-vincent-u-presidente-do-ipim-nomeado-membro-do-conselho-directivo-da-china-da-iaee-associacao-internacional-de-exposicoes-e-eventos\/#breadcrumb"},"inLanguage":"pt-PT","potentialAction":[{"@type":"ReadAction","target":["https:\/\/www.ipim.gov.mo\/pt-pt\/noticias-do-ipim\/2025-02-07-dr-vincent-u-presidente-do-ipim-nomeado-membro-do-conselho-directivo-da-china-da-iaee-associacao-internacional-de-exposicoes-e-eventos\/"]}]},{"@type":"ImageObject","inLanguage":"pt-PT","@id":"https:\/\/www.ipim.gov.mo\/pt-pt\/noticias-do-ipim\/2025-02-07-dr-vincent-u-presidente-do-ipim-nomeado-membro-do-conselho-directivo-da-china-da-iaee-associacao-internacional-de-exposicoes-e-eventos\/#primaryimage","url":"https:\/\/www.ipim.gov.mo\/wp-content\/uploads\/2025\/02\/N25BG7dmFI__t20250210172909.jpg","contentUrl":"https:\/\/www.ipim.gov.mo\/wp-content\/uploads\/2025\/02\/N25BG7dmFI__t20250210172909.jpg","width":320,"height":180},{"@type":"BreadcrumbList","@id":"https:\/\/www.ipim.gov.mo\/pt-pt\/noticias-do-ipim\/2025-02-07-dr-vincent-u-presidente-do-ipim-nomeado-membro-do-conselho-directivo-da-china-da-iaee-associacao-internacional-de-exposicoes-e-eventos\/#breadcrumb","itemListElement":[{"@type":"ListItem","position":1,"name":"Home","item":"https:\/\/www.ipim.gov.mo\/pt-pt\/"},{"@type":"ListItem","position":2,"name":"[2025\/02\/07] Dr. Vincent U, Presidente do IPIM, nomeado membro do Conselho Directivo da China da IAEE (Associa\u00e7\u00e3o Internacional de Exposi\u00e7\u00f5es e Eventos)"}]},{"@type":"WebSite","@id":"https:\/\/www.ipim.gov.mo\/zh-hans\/#website","url":"https:\/\/www.ipim.gov.mo\/zh-hans\/","name":"Commerce and Investment Promotion Institute","description":"Commerce and Investment Promotion Institute","publisher":{"@id":"https:\/\/www.ipim.gov.mo\/zh-hans\/#organization"},"potentialAction":[{"@type":"SearchAction","target":{"@type":"EntryPoint","urlTemplate":"https:\/\/www.ipim.gov.mo\/zh-hans\/?s={search_term_string}"},"query-input":{"@type":"PropertyValueSpecification","valueRequired":true,"valueName":"search_term_string"}}],"inLanguage":"pt-PT"},{"@type":"Organization","@id":"https:\/\/www.ipim.gov.mo\/zh-hans\/#organization","name":"IPIM","url":"https:\/\/www.ipim.gov.mo\/zh-hans\/","logo":{"@type":"ImageObject","inLanguage":"pt-PT","@id":"https:\/\/www.ipim.gov.mo\/zh-hans\/#\/schema\/logo\/image\/","url":"https:\/\/www.ipim.gov.mo\/wp-content\/uploads\/2022\/10\/default-post-thumbnail-ipim-logo.png","contentUrl":"https:\/\/www.ipim.gov.mo\/wp-content\/uploads\/2022\/10\/default-post-thumbnail-ipim-logo.png","width":1024,"height":768,"caption":"IPIM"},"image":{"@id":"https:\/\/www.ipim.gov.mo\/zh-hans\/#\/schema\/logo\/image\/"}}]}},"author_meta":{"display_name":"","author_link":"https:\/\/www.ipim.gov.mo\/pt-pt\/author\/"},"featured_img":"https:\/\/www.ipim.gov.mo\/wp-content\/uploads\/2025\/02\/N25BG7dmFI__t20250210172909-300x169.jpg","coauthors":[],"tax_additional":{"categories":{"linked":["<a href=\"https:\/\/www.ipim.gov.mo\/pt-pt\/category\/noticias-do-ipim\/\" class=\"advgb-post-tax-term\">Not\u00edcias do IPIM<\/a>"],"unlinked":["<span class=\"advgb-post-tax-term\">Not\u00edcias do IPIM<\/span>"]}},"comment_count":"0","relative_dates":{"created":"Posted 1 year ago","modified":"Updated 1 year ago"},"absolute_dates":{"created":"Posted on Fevereiro 7, 2025","modified":"Updated on Fevereiro 7, 2025"},"absolute_dates_time":{"created":"Posted on Fevereiro 7, 2025 11:54 am","modified":"Updated on Fevereiro 7, 2025 6:52 pm"},"featured_img_caption":"","series_order":"","_links":{"self":[{"href":"https:\/\/www.ipim.gov.mo\/pt-pt\/wp-json\/wp\/v2\/posts\/485655","targetHints":{"allow":["GET"]}}],"collection":[{"href":"https:\/\/www.ipim.gov.mo\/pt-pt\/wp-json\/wp\/v2\/posts"}],"about":[{"href":"https:\/\/www.ipim.gov.mo\/pt-pt\/wp-json\/wp\/v2\/types\/post"}],"replies":[{"embeddable":true,"href":"https:\/\/www.ipim.gov.mo\/pt-pt\/wp-json\/wp\/v2\/comments?post=485655"}],"version-history":[{"count":1,"href":"https:\/\/www.ipim.gov.mo\/pt-pt\/wp-json\/wp\/v2\/posts\/485655\/revisions"}],"predecessor-version":[{"id":485682,"href":"https:\/\/www.ipim.gov.mo\/pt-pt\/wp-json\/wp\/v2\/posts\/485655\/revisions\/485682"}],"wp:featuredmedia":[{"embeddable":true,"href":"https:\/\/www.ipim.gov.mo\/pt-pt\/wp-json\/wp\/v2\/media\/485701"}],"wp:attachment":[{"href":"https:\/\/www.ipim.gov.mo\/pt-pt\/wp-json\/wp\/v2\/media?parent=485655"}],"wp:term":[{"taxonomy":"category","embeddable":true,"href":"https:\/\/www.ipim.gov.mo\/pt-pt\/wp-json\/wp\/v2\/categories?post=485655"},{"taxonomy":"post_tag","embeddable":true,"href":"https:\/\/www.ipim.gov.mo\/pt-pt\/wp-json\/wp\/v2\/tags?post=485655"}],"curies":[{"name":"wp","href":"https:\/\/api.w.org\/{rel}","templated":true}]}}