{"id":480718,"date":"2024-10-29T18:22:00","date_gmt":"2024-10-29T10:22:00","guid":{"rendered":"https:\/\/www.ipim.gov.mo\/noticias-do-ipim\/esforcos-na-captacao-de-mais-convencoes-e-exposicoes-realizou-se-a-conferencia-do-grupo-de-trabalho-de-apoio-a-licitacao-de-convencoes-e-exposicoes-com-foco-em-atrair-mais-eventos-de-marca-para-a-r\/"},"modified":"2024-11-08T12:58:10","modified_gmt":"2024-11-08T04:58:10","slug":"esforcos-na-captacao-de-mais-convencoes-e-exposicoes-realizou-se-a-conferencia-do-grupo-de-trabalho-de-apoio-a-licitacao-de-convencoes-e-exposicoes-com-foco-em-atrair-mais-eventos-de-marca-para-a-r","status":"publish","type":"post","link":"https:\/\/www.ipim.gov.mo\/pt-pt\/noticias-do-ipim\/esforcos-na-captacao-de-mais-convencoes-e-exposicoes-realizou-se-a-conferencia-do-grupo-de-trabalho-de-apoio-a-licitacao-de-convencoes-e-exposicoes-com-foco-em-atrair-mais-eventos-de-marca-para-a-r\/","title":{"rendered":"[2024\/10\/29] [Esfor\u00e7os na capta\u00e7\u00e3o de mais conven\u00e7\u00f5es e exposi\u00e7\u00f5es] Realizou-se a confer\u00eancia do Grupo de Trabalho de Apoio \u00e0 Licita\u00e7\u00e3o de Conven\u00e7\u00f5es e Exposi\u00e7\u00f5es, com foco em atrair mais eventos de marca para a realiza\u00e7\u00e3o local no ano 2025"},"content":{"rendered":"<p style=\"text-align:justify\">A 29 de Outubro, o Instituto de Promo&ccedil;&atilde;o do Com&eacute;rcio e do Investimento (IPIM) convocou a segunda confer&ecirc;ncia de 2024 do Grupo de Trabalho de Apoio &agrave; Licita&ccedil;&atilde;o de Conven&ccedil;&otilde;es e Exposi&ccedil;&otilde;es, que contou com a presen&ccedil;a de representantes do sector de conven&ccedil;&otilde;es e exposi&ccedil;&otilde;es, bem como de seis empresas de turismo e lazer integrado. A confer&ecirc;ncia teve como objectivo principal promover a troca de opini&otilde;es entre os membros do Grupo sobre os dispositivos de trabalho relativo ao desenvolvimento da ind&uacute;stria de conven&ccedil;&otilde;es e exposi&ccedil;&otilde;es, discutir as medidas de capta&ccedil;&atilde;o conjunta para o pr&oacute;ximo ano, nomeadamente, de mais eventos de marca para serem realizados em Macau, assim como o aumento de projectos de forma&ccedil;&atilde;o profissional.<\/p>\n<p style=\"text-align:justify\"><strong>Injec&ccedil;&atilde;o do novo dinamismo no sector de conven&ccedil;&otilde;es e exposi&ccedil;&otilde;es e aumento da sua competitividade internacional<\/strong><\/p>\n<p style=\"text-align:justify\">Na ocasi&atilde;o, o IPIM apresentou o plano de continuidade da Ac&ccedil;&atilde;o de Capta&ccedil;&atilde;o de Conven&ccedil;&otilde;es Profissionais de Escala Internacional, que procura promover, em combina&ccedil;&atilde;o com o Programa de Embaixadores de Conven&ccedil;&otilde;es de Macau, a realiza&ccedil;&atilde;o de mais conven&ccedil;&otilde;es e exposi&ccedil;&otilde;es tem&aacute;ticas a n&iacute;vel regional e internacional, injectando assim no sector uma nova din&acirc;mica. No futuro, o IPIM ajudar&aacute; em intensificar as vantagens competitivas de Macau por meio da capta&ccedil;&atilde;o profissional de investimento, assim como da integra&ccedil;&atilde;o de recursos. Al&eacute;m disso, o IPIM ajudar&aacute; o sector na organiza&ccedil;&atilde;o de visitas de estudo a Hengqin, de modo a impulsionar o interc&acirc;mbio entre o sector local e o mercado regional.<\/p>\n<p style=\"text-align:justify\"><strong>Forma&ccedil;&atilde;o de mais talentos no sector de conven&ccedil;&otilde;es e exposi&ccedil;&otilde;es e promo&ccedil;&atilde;o do desenvolvimento de alta qualidade<\/strong><\/p>\n<p style=\"text-align:justify\">A confer&ecirc;ncia destacou ainda o projecto de forma&ccedil;&atilde;o do sector de conven&ccedil;&otilde;es e exposi&ccedil;&otilde;es, que ser&aacute; lan&ccedil;ado em 2025. Est&aacute; prevista a organiza&ccedil;&atilde;o duma s&eacute;rie de cursos de acredita&ccedil;&atilde;o profissional internacional, com vista a fomentar o desenvolvimento de alta qualidade do sector atrav&eacute;s de forma&ccedil;&atilde;o e reserva de quadros qualificados na &aacute;rea de conven&ccedil;&otilde;es e exposi&ccedil;&otilde;es. Estas medidas n&atilde;o s&oacute; aumentar&atilde;o a competitividade internacional de Macau, mas tamb&eacute;m estabelecer&atilde;o uma base s&oacute;lida para o desenvolvimento sustent&aacute;vel do sector.<\/p>\n<p style=\"text-align:justify\"><strong>Colabora&ccedil;&atilde;o na capta&ccedil;&atilde;o de conven&ccedil;&otilde;es e exposi&ccedil;&otilde;es de qualidade, com vista ao aumento do prest&iacute;gio do \u201cCart&atilde;o de Visita Dourado\u201d<\/strong><\/p>\n<p style=\"text-align:justify\">Um outro ponto da ordem do dia foi a discuss&atilde;o entre os representantes do sector sobre o refor&ccedil;o da coopera&ccedil;&atilde;o internacional e profissional, com o objectivo de introduzir mais conven&ccedil;&otilde;es e exposi&ccedil;&otilde;es de qualidade em Macau. Neste sentido, o IPIM continuar&aacute; a consolidar o estatuto de Macau enquanto Melhor Cidade de Conven&ccedil;&otilde;es da &Aacute;sia, aumentando o prest&iacute;gio do Cart&atilde;o de Visita Dourado desta metr&oacute;pole internacional.<\/p>\n<p style=\"text-align:justify\">Desde a sua funda&ccedil;&atilde;o, em Junho de 2023, o Grupo de Trabalho de Apoio &agrave; Licita&ccedil;&atilde;o de Conven&ccedil;&otilde;es e Exposi&ccedil;&otilde;es realizou quatro confer&ecirc;ncias, o que n&atilde;o s&oacute; proporciona ao sector uma plataforma para expressar opini&otilde;es sobre as estrat&eacute;gias de desenvolvimento da ind&uacute;stria de conven&ccedil;&otilde;es e exposi&ccedil;&otilde;es, mas tamb&eacute;m refor&ccedil;a a coopera&ccedil;&atilde;o e o interc&acirc;mbio entre as partes envolvidas.<\/p>\n","protected":false},"excerpt":{"rendered":"<p>A 29 de Outubro, o Instituto de Promo&ccedil;&atilde;o do Com&eacute;rcio e do Investimento (IPIM) convocou a segunda confer&ecirc;ncia de 2024 do Grupo de Trabalho de [&hellip;]<\/p>\n","protected":false},"author":1,"featured_media":480719,"comment_status":"closed","ping_status":"closed","sticky":false,"template":"","format":"standard","meta":{"_acf_changed":false,"inline_featured_image":false,"advgb_blocks_editor_width":"","advgb_blocks_columns_visual_guide":"","footnotes":""},"categories":[12],"tags":[],"class_list":["post-480718","post","type-post","status-publish","format-standard","has-post-thumbnail","hentry","category-noticias-do-ipim"],"acf":[],"yoast_head":"<!-- This site is optimized with the Yoast SEO plugin v26.2 - https:\/\/yoast.com\/wordpress\/plugins\/seo\/ -->\r\n<title>[2024\/10\/29] [Esfor\u00e7os na capta\u00e7\u00e3o de mais conven\u00e7\u00f5es e exposi\u00e7\u00f5es] Realizou-se a confer\u00eancia do Grupo de Trabalho de Apoio \u00e0 Licita\u00e7\u00e3o de Conven\u00e7\u00f5es e Exposi\u00e7\u00f5es, com foco em atrair mais eventos de marca para a realiza\u00e7\u00e3o local no ano 2025 | Commerce and Investment Promotion Institute<\/title>\r\n<meta name=\"robots\" content=\"index, follow, max-snippet:-1, max-image-preview:large, max-video-preview:-1\" \/>\r\n<link rel=\"canonical\" href=\"https:\/\/www.ipim.gov.mo\/pt-pt\/noticias-do-ipim\/esforcos-na-captacao-de-mais-convencoes-e-exposicoes-realizou-se-a-conferencia-do-grupo-de-trabalho-de-apoio-a-licitacao-de-convencoes-e-exposicoes-com-foco-em-atrair-mais-eventos-de-marca-para-a-r\/\" \/>\r\n<meta property=\"og:locale\" content=\"pt_PT\" \/>\r\n<meta property=\"og:type\" content=\"article\" \/>\r\n<meta property=\"og:title\" content=\"[2024\/10\/29] [Esfor\u00e7os na capta\u00e7\u00e3o de mais conven\u00e7\u00f5es e exposi\u00e7\u00f5es] Realizou-se a confer\u00eancia do Grupo de Trabalho de Apoio \u00e0 Licita\u00e7\u00e3o de Conven\u00e7\u00f5es e Exposi\u00e7\u00f5es, com foco em atrair mais eventos de marca para a realiza\u00e7\u00e3o local no ano 2025 | Commerce and Investment Promotion Institute\" \/>\r\n<meta property=\"og:description\" content=\"A 29 de Outubro, o Instituto de Promo&ccedil;&atilde;o do Com&eacute;rcio e do Investimento (IPIM) convocou a segunda confer&ecirc;ncia de 2024 do Grupo de Trabalho de [&hellip;]\" \/>\r\n<meta property=\"og:url\" content=\"https:\/\/www.ipim.gov.mo\/pt-pt\/noticias-do-ipim\/esforcos-na-captacao-de-mais-convencoes-e-exposicoes-realizou-se-a-conferencia-do-grupo-de-trabalho-de-apoio-a-licitacao-de-convencoes-e-exposicoes-com-foco-em-atrair-mais-eventos-de-marca-para-a-r\/\" \/>\r\n<meta property=\"og:site_name\" content=\"Commerce and Investment Promotion Institute\" \/>\r\n<meta property=\"article:published_time\" content=\"2024-10-29T10:22:00+00:00\" \/>\r\n<meta property=\"article:modified_time\" content=\"2024-11-08T04:58:10+00:00\" \/>\r\n<meta property=\"og:image\" content=\"https:\/\/www.ipim.gov.mo\/wp-content\/uploads\/2024\/11\/N24JcV5R0v__t20241106143655.jpg\" \/>\r\n\t<meta property=\"og:image:width\" content=\"320\" \/>\r\n\t<meta property=\"og:image:height\" content=\"180\" \/>\r\n\t<meta property=\"og:image:type\" content=\"image\/jpeg\" \/>\r\n<meta name=\"author\" content=\"admin\" \/>\r\n<meta name=\"twitter:card\" content=\"summary_large_image\" \/>\r\n<meta name=\"twitter:label1\" content=\"Written by\" \/>\n\t<meta name=\"twitter:data1\" content=\"admin\" \/>\n\t<meta name=\"twitter:label2\" content=\"Est. reading time\" \/>\n\t<meta name=\"twitter:data2\" content=\"3 minutes\" \/>\r\n<script type=\"application\/ld+json\" class=\"yoast-schema-graph\">{\"@context\":\"https:\/\/schema.org\",\"@graph\":[{\"@type\":\"WebPage\",\"@id\":\"https:\/\/www.ipim.gov.mo\/pt-pt\/noticias-do-ipim\/esforcos-na-captacao-de-mais-convencoes-e-exposicoes-realizou-se-a-conferencia-do-grupo-de-trabalho-de-apoio-a-licitacao-de-convencoes-e-exposicoes-com-foco-em-atrair-mais-eventos-de-marca-para-a-r\/\",\"url\":\"https:\/\/www.ipim.gov.mo\/pt-pt\/noticias-do-ipim\/esforcos-na-captacao-de-mais-convencoes-e-exposicoes-realizou-se-a-conferencia-do-grupo-de-trabalho-de-apoio-a-licitacao-de-convencoes-e-exposicoes-com-foco-em-atrair-mais-eventos-de-marca-para-a-r\/\",\"name\":\"[2024\/10\/29] [Esfor\u00e7os na capta\u00e7\u00e3o de mais conven\u00e7\u00f5es e exposi\u00e7\u00f5es] Realizou-se a confer\u00eancia do Grupo de Trabalho de Apoio \u00e0 Licita\u00e7\u00e3o de Conven\u00e7\u00f5es e Exposi\u00e7\u00f5es, com foco em atrair mais eventos de marca para a realiza\u00e7\u00e3o local no ano 2025 | Commerce and Investment Promotion Institute\",\"isPartOf\":{\"@id\":\"https:\/\/www.ipim.gov.mo\/zh-hans\/#website\"},\"primaryImageOfPage\":{\"@id\":\"https:\/\/www.ipim.gov.mo\/pt-pt\/noticias-do-ipim\/esforcos-na-captacao-de-mais-convencoes-e-exposicoes-realizou-se-a-conferencia-do-grupo-de-trabalho-de-apoio-a-licitacao-de-convencoes-e-exposicoes-com-foco-em-atrair-mais-eventos-de-marca-para-a-r\/#primaryimage\"},\"image\":{\"@id\":\"https:\/\/www.ipim.gov.mo\/pt-pt\/noticias-do-ipim\/esforcos-na-captacao-de-mais-convencoes-e-exposicoes-realizou-se-a-conferencia-do-grupo-de-trabalho-de-apoio-a-licitacao-de-convencoes-e-exposicoes-com-foco-em-atrair-mais-eventos-de-marca-para-a-r\/#primaryimage\"},\"thumbnailUrl\":\"https:\/\/www.ipim.gov.mo\/wp-content\/uploads\/2024\/11\/N24JcV5R0v__t20241106143655.jpg\",\"datePublished\":\"2024-10-29T10:22:00+00:00\",\"dateModified\":\"2024-11-08T04:58:10+00:00\",\"breadcrumb\":{\"@id\":\"https:\/\/www.ipim.gov.mo\/pt-pt\/noticias-do-ipim\/esforcos-na-captacao-de-mais-convencoes-e-exposicoes-realizou-se-a-conferencia-do-grupo-de-trabalho-de-apoio-a-licitacao-de-convencoes-e-exposicoes-com-foco-em-atrair-mais-eventos-de-marca-para-a-r\/#breadcrumb\"},\"inLanguage\":\"pt-PT\",\"potentialAction\":[{\"@type\":\"ReadAction\",\"target\":[\"https:\/\/www.ipim.gov.mo\/pt-pt\/noticias-do-ipim\/esforcos-na-captacao-de-mais-convencoes-e-exposicoes-realizou-se-a-conferencia-do-grupo-de-trabalho-de-apoio-a-licitacao-de-convencoes-e-exposicoes-com-foco-em-atrair-mais-eventos-de-marca-para-a-r\/\"]}]},{\"@type\":\"ImageObject\",\"inLanguage\":\"pt-PT\",\"@id\":\"https:\/\/www.ipim.gov.mo\/pt-pt\/noticias-do-ipim\/esforcos-na-captacao-de-mais-convencoes-e-exposicoes-realizou-se-a-conferencia-do-grupo-de-trabalho-de-apoio-a-licitacao-de-convencoes-e-exposicoes-com-foco-em-atrair-mais-eventos-de-marca-para-a-r\/#primaryimage\",\"url\":\"https:\/\/www.ipim.gov.mo\/wp-content\/uploads\/2024\/11\/N24JcV5R0v__t20241106143655.jpg\",\"contentUrl\":\"https:\/\/www.ipim.gov.mo\/wp-content\/uploads\/2024\/11\/N24JcV5R0v__t20241106143655.jpg\",\"width\":320,\"height\":180},{\"@type\":\"BreadcrumbList\",\"@id\":\"https:\/\/www.ipim.gov.mo\/pt-pt\/noticias-do-ipim\/esforcos-na-captacao-de-mais-convencoes-e-exposicoes-realizou-se-a-conferencia-do-grupo-de-trabalho-de-apoio-a-licitacao-de-convencoes-e-exposicoes-com-foco-em-atrair-mais-eventos-de-marca-para-a-r\/#breadcrumb\",\"itemListElement\":[{\"@type\":\"ListItem\",\"position\":1,\"name\":\"Home\",\"item\":\"https:\/\/www.ipim.gov.mo\/pt-pt\/\"},{\"@type\":\"ListItem\",\"position\":2,\"name\":\"[2024\/10\/29] [Esfor\u00e7os na capta\u00e7\u00e3o de mais conven\u00e7\u00f5es e exposi\u00e7\u00f5es] Realizou-se a confer\u00eancia do Grupo de Trabalho de Apoio \u00e0 Licita\u00e7\u00e3o de Conven\u00e7\u00f5es e Exposi\u00e7\u00f5es, com foco em atrair mais eventos de marca para a realiza\u00e7\u00e3o local no ano 2025\"}]},{\"@type\":\"WebSite\",\"@id\":\"https:\/\/www.ipim.gov.mo\/zh-hans\/#website\",\"url\":\"https:\/\/www.ipim.gov.mo\/zh-hans\/\",\"name\":\"Commerce and Investment Promotion Institute\",\"description\":\"Commerce and Investment Promotion Institute\",\"publisher\":{\"@id\":\"https:\/\/www.ipim.gov.mo\/zh-hans\/#organization\"},\"potentialAction\":[{\"@type\":\"SearchAction\",\"target\":{\"@type\":\"EntryPoint\",\"urlTemplate\":\"https:\/\/www.ipim.gov.mo\/zh-hans\/?s={search_term_string}\"},\"query-input\":{\"@type\":\"PropertyValueSpecification\",\"valueRequired\":true,\"valueName\":\"search_term_string\"}}],\"inLanguage\":\"pt-PT\"},{\"@type\":\"Organization\",\"@id\":\"https:\/\/www.ipim.gov.mo\/zh-hans\/#organization\",\"name\":\"IPIM\",\"url\":\"https:\/\/www.ipim.gov.mo\/zh-hans\/\",\"logo\":{\"@type\":\"ImageObject\",\"inLanguage\":\"pt-PT\",\"@id\":\"https:\/\/www.ipim.gov.mo\/zh-hans\/#\/schema\/logo\/image\/\",\"url\":\"https:\/\/www.ipim.gov.mo\/wp-content\/uploads\/2022\/10\/default-post-thumbnail-ipim-logo.png\",\"contentUrl\":\"https:\/\/www.ipim.gov.mo\/wp-content\/uploads\/2022\/10\/default-post-thumbnail-ipim-logo.png\",\"width\":1024,\"height\":768,\"caption\":\"IPIM\"},\"image\":{\"@id\":\"https:\/\/www.ipim.gov.mo\/zh-hans\/#\/schema\/logo\/image\/\"}}]}<\/script>\r\n<!-- \/ Yoast SEO plugin. -->","yoast_head_json":{"title":"[2024\/10\/29] [Esfor\u00e7os na capta\u00e7\u00e3o de mais conven\u00e7\u00f5es e exposi\u00e7\u00f5es] Realizou-se a confer\u00eancia do Grupo de Trabalho de Apoio \u00e0 Licita\u00e7\u00e3o de Conven\u00e7\u00f5es e Exposi\u00e7\u00f5es, com foco em atrair mais eventos de marca para a realiza\u00e7\u00e3o local no ano 2025 | Commerce and Investment Promotion Institute","robots":{"index":"index","follow":"follow","max-snippet":"max-snippet:-1","max-image-preview":"max-image-preview:large","max-video-preview":"max-video-preview:-1"},"canonical":"https:\/\/www.ipim.gov.mo\/pt-pt\/noticias-do-ipim\/esforcos-na-captacao-de-mais-convencoes-e-exposicoes-realizou-se-a-conferencia-do-grupo-de-trabalho-de-apoio-a-licitacao-de-convencoes-e-exposicoes-com-foco-em-atrair-mais-eventos-de-marca-para-a-r\/","og_locale":"pt_PT","og_type":"article","og_title":"[2024\/10\/29] [Esfor\u00e7os na capta\u00e7\u00e3o de mais conven\u00e7\u00f5es e exposi\u00e7\u00f5es] Realizou-se a confer\u00eancia do Grupo de Trabalho de Apoio \u00e0 Licita\u00e7\u00e3o de Conven\u00e7\u00f5es e Exposi\u00e7\u00f5es, com foco em atrair mais eventos de marca para a realiza\u00e7\u00e3o local no ano 2025 | Commerce and Investment Promotion Institute","og_description":"A 29 de Outubro, o Instituto de Promo&ccedil;&atilde;o do Com&eacute;rcio e do Investimento (IPIM) convocou a segunda confer&ecirc;ncia de 2024 do Grupo de Trabalho de [&hellip;]","og_url":"https:\/\/www.ipim.gov.mo\/pt-pt\/noticias-do-ipim\/esforcos-na-captacao-de-mais-convencoes-e-exposicoes-realizou-se-a-conferencia-do-grupo-de-trabalho-de-apoio-a-licitacao-de-convencoes-e-exposicoes-com-foco-em-atrair-mais-eventos-de-marca-para-a-r\/","og_site_name":"Commerce and Investment Promotion Institute","article_published_time":"2024-10-29T10:22:00+00:00","article_modified_time":"2024-11-08T04:58:10+00:00","og_image":[{"width":320,"height":180,"url":"https:\/\/www.ipim.gov.mo\/wp-content\/uploads\/2024\/11\/N24JcV5R0v__t20241106143655.jpg","type":"image\/jpeg"}],"author":"admin","twitter_card":"summary_large_image","twitter_misc":{"Written by":"admin","Est. reading time":"3 minutes"},"schema":{"@context":"https:\/\/schema.org","@graph":[{"@type":"WebPage","@id":"https:\/\/www.ipim.gov.mo\/pt-pt\/noticias-do-ipim\/esforcos-na-captacao-de-mais-convencoes-e-exposicoes-realizou-se-a-conferencia-do-grupo-de-trabalho-de-apoio-a-licitacao-de-convencoes-e-exposicoes-com-foco-em-atrair-mais-eventos-de-marca-para-a-r\/","url":"https:\/\/www.ipim.gov.mo\/pt-pt\/noticias-do-ipim\/esforcos-na-captacao-de-mais-convencoes-e-exposicoes-realizou-se-a-conferencia-do-grupo-de-trabalho-de-apoio-a-licitacao-de-convencoes-e-exposicoes-com-foco-em-atrair-mais-eventos-de-marca-para-a-r\/","name":"[2024\/10\/29] [Esfor\u00e7os na capta\u00e7\u00e3o de mais conven\u00e7\u00f5es e exposi\u00e7\u00f5es] Realizou-se a confer\u00eancia do Grupo de Trabalho de Apoio \u00e0 Licita\u00e7\u00e3o de Conven\u00e7\u00f5es e Exposi\u00e7\u00f5es, com foco em atrair mais eventos de marca para a realiza\u00e7\u00e3o local no ano 2025 | Commerce and Investment Promotion Institute","isPartOf":{"@id":"https:\/\/www.ipim.gov.mo\/zh-hans\/#website"},"primaryImageOfPage":{"@id":"https:\/\/www.ipim.gov.mo\/pt-pt\/noticias-do-ipim\/esforcos-na-captacao-de-mais-convencoes-e-exposicoes-realizou-se-a-conferencia-do-grupo-de-trabalho-de-apoio-a-licitacao-de-convencoes-e-exposicoes-com-foco-em-atrair-mais-eventos-de-marca-para-a-r\/#primaryimage"},"image":{"@id":"https:\/\/www.ipim.gov.mo\/pt-pt\/noticias-do-ipim\/esforcos-na-captacao-de-mais-convencoes-e-exposicoes-realizou-se-a-conferencia-do-grupo-de-trabalho-de-apoio-a-licitacao-de-convencoes-e-exposicoes-com-foco-em-atrair-mais-eventos-de-marca-para-a-r\/#primaryimage"},"thumbnailUrl":"https:\/\/www.ipim.gov.mo\/wp-content\/uploads\/2024\/11\/N24JcV5R0v__t20241106143655.jpg","datePublished":"2024-10-29T10:22:00+00:00","dateModified":"2024-11-08T04:58:10+00:00","breadcrumb":{"@id":"https:\/\/www.ipim.gov.mo\/pt-pt\/noticias-do-ipim\/esforcos-na-captacao-de-mais-convencoes-e-exposicoes-realizou-se-a-conferencia-do-grupo-de-trabalho-de-apoio-a-licitacao-de-convencoes-e-exposicoes-com-foco-em-atrair-mais-eventos-de-marca-para-a-r\/#breadcrumb"},"inLanguage":"pt-PT","potentialAction":[{"@type":"ReadAction","target":["https:\/\/www.ipim.gov.mo\/pt-pt\/noticias-do-ipim\/esforcos-na-captacao-de-mais-convencoes-e-exposicoes-realizou-se-a-conferencia-do-grupo-de-trabalho-de-apoio-a-licitacao-de-convencoes-e-exposicoes-com-foco-em-atrair-mais-eventos-de-marca-para-a-r\/"]}]},{"@type":"ImageObject","inLanguage":"pt-PT","@id":"https:\/\/www.ipim.gov.mo\/pt-pt\/noticias-do-ipim\/esforcos-na-captacao-de-mais-convencoes-e-exposicoes-realizou-se-a-conferencia-do-grupo-de-trabalho-de-apoio-a-licitacao-de-convencoes-e-exposicoes-com-foco-em-atrair-mais-eventos-de-marca-para-a-r\/#primaryimage","url":"https:\/\/www.ipim.gov.mo\/wp-content\/uploads\/2024\/11\/N24JcV5R0v__t20241106143655.jpg","contentUrl":"https:\/\/www.ipim.gov.mo\/wp-content\/uploads\/2024\/11\/N24JcV5R0v__t20241106143655.jpg","width":320,"height":180},{"@type":"BreadcrumbList","@id":"https:\/\/www.ipim.gov.mo\/pt-pt\/noticias-do-ipim\/esforcos-na-captacao-de-mais-convencoes-e-exposicoes-realizou-se-a-conferencia-do-grupo-de-trabalho-de-apoio-a-licitacao-de-convencoes-e-exposicoes-com-foco-em-atrair-mais-eventos-de-marca-para-a-r\/#breadcrumb","itemListElement":[{"@type":"ListItem","position":1,"name":"Home","item":"https:\/\/www.ipim.gov.mo\/pt-pt\/"},{"@type":"ListItem","position":2,"name":"[2024\/10\/29] [Esfor\u00e7os na capta\u00e7\u00e3o de mais conven\u00e7\u00f5es e exposi\u00e7\u00f5es] Realizou-se a confer\u00eancia do Grupo de Trabalho de Apoio \u00e0 Licita\u00e7\u00e3o de Conven\u00e7\u00f5es e Exposi\u00e7\u00f5es, com foco em atrair mais eventos de marca para a realiza\u00e7\u00e3o local no ano 2025"}]},{"@type":"WebSite","@id":"https:\/\/www.ipim.gov.mo\/zh-hans\/#website","url":"https:\/\/www.ipim.gov.mo\/zh-hans\/","name":"Commerce and Investment Promotion Institute","description":"Commerce and Investment Promotion Institute","publisher":{"@id":"https:\/\/www.ipim.gov.mo\/zh-hans\/#organization"},"potentialAction":[{"@type":"SearchAction","target":{"@type":"EntryPoint","urlTemplate":"https:\/\/www.ipim.gov.mo\/zh-hans\/?s={search_term_string}"},"query-input":{"@type":"PropertyValueSpecification","valueRequired":true,"valueName":"search_term_string"}}],"inLanguage":"pt-PT"},{"@type":"Organization","@id":"https:\/\/www.ipim.gov.mo\/zh-hans\/#organization","name":"IPIM","url":"https:\/\/www.ipim.gov.mo\/zh-hans\/","logo":{"@type":"ImageObject","inLanguage":"pt-PT","@id":"https:\/\/www.ipim.gov.mo\/zh-hans\/#\/schema\/logo\/image\/","url":"https:\/\/www.ipim.gov.mo\/wp-content\/uploads\/2022\/10\/default-post-thumbnail-ipim-logo.png","contentUrl":"https:\/\/www.ipim.gov.mo\/wp-content\/uploads\/2022\/10\/default-post-thumbnail-ipim-logo.png","width":1024,"height":768,"caption":"IPIM"},"image":{"@id":"https:\/\/www.ipim.gov.mo\/zh-hans\/#\/schema\/logo\/image\/"}}]}},"author_meta":{"display_name":"admin","author_link":"https:\/\/www.ipim.gov.mo\/pt-pt\/author\/admin\/"},"featured_img":"https:\/\/www.ipim.gov.mo\/wp-content\/uploads\/2024\/11\/N24JcV5R0v__t20241106143655-300x169.jpg","coauthors":[],"tax_additional":{"categories":{"linked":["<a href=\"https:\/\/www.ipim.gov.mo\/pt-pt\/category\/noticias-do-ipim\/\" class=\"advgb-post-tax-term\">Not\u00edcias do IPIM<\/a>"],"unlinked":["<span class=\"advgb-post-tax-term\">Not\u00edcias do IPIM<\/span>"]}},"comment_count":"0","relative_dates":{"created":"Posted 1 year ago","modified":"Updated 1 year ago"},"absolute_dates":{"created":"Posted on Outubro 29, 2024","modified":"Updated on Novembro 8, 2024"},"absolute_dates_time":{"created":"Posted on Outubro 29, 2024 6:22 pm","modified":"Updated on Novembro 8, 2024 12:58 pm"},"featured_img_caption":"","series_order":"","_links":{"self":[{"href":"https:\/\/www.ipim.gov.mo\/pt-pt\/wp-json\/wp\/v2\/posts\/480718","targetHints":{"allow":["GET"]}}],"collection":[{"href":"https:\/\/www.ipim.gov.mo\/pt-pt\/wp-json\/wp\/v2\/posts"}],"about":[{"href":"https:\/\/www.ipim.gov.mo\/pt-pt\/wp-json\/wp\/v2\/types\/post"}],"author":[{"embeddable":true,"href":"https:\/\/www.ipim.gov.mo\/pt-pt\/wp-json\/wp\/v2\/users\/1"}],"replies":[{"embeddable":true,"href":"https:\/\/www.ipim.gov.mo\/pt-pt\/wp-json\/wp\/v2\/comments?post=480718"}],"version-history":[{"count":2,"href":"https:\/\/www.ipim.gov.mo\/pt-pt\/wp-json\/wp\/v2\/posts\/480718\/revisions"}],"predecessor-version":[{"id":480931,"href":"https:\/\/www.ipim.gov.mo\/pt-pt\/wp-json\/wp\/v2\/posts\/480718\/revisions\/480931"}],"wp:featuredmedia":[{"embeddable":true,"href":"https:\/\/www.ipim.gov.mo\/pt-pt\/wp-json\/wp\/v2\/media\/480719"}],"wp:attachment":[{"href":"https:\/\/www.ipim.gov.mo\/pt-pt\/wp-json\/wp\/v2\/media?parent=480718"}],"wp:term":[{"taxonomy":"category","embeddable":true,"href":"https:\/\/www.ipim.gov.mo\/pt-pt\/wp-json\/wp\/v2\/categories?post=480718"},{"taxonomy":"post_tag","embeddable":true,"href":"https:\/\/www.ipim.gov.mo\/pt-pt\/wp-json\/wp\/v2\/tags?post=480718"}],"curies":[{"name":"wp","href":"https:\/\/api.w.org\/{rel}","templated":true}]}}