{"id":479007,"date":"2024-10-19T18:09:00","date_gmt":"2024-10-19T10:09:00","guid":{"rendered":"https:\/\/www.ipim.gov.mo\/noticias-do-ipim\/2024-10-19-celebracao-do-duplo-aniversario-29-a-mif-e-2024mfe-promoveram-mais-de-mil-encontros-comerciais-registando-um-aumento-de-cerca-de-14-em-termos-de-participacao-de-visitantes-profissionai\/"},"modified":"2024-10-19T18:09:00","modified_gmt":"2024-10-19T10:09:00","slug":"2024-10-19-celebracao-do-duplo-aniversario-29-a-mif-e-2024mfe-promoveram-mais-de-mil-encontros-comerciais-registando-um-aumento-de-cerca-de-14-em-termos-de-participacao-de-visitantes-profissionai","status":"publish","type":"post","link":"https:\/\/www.ipim.gov.mo\/pt-pt\/noticias-do-ipim\/2024-10-19-celebracao-do-duplo-aniversario-29-a-mif-e-2024mfe-promoveram-mais-de-mil-encontros-comerciais-registando-um-aumento-de-cerca-de-14-em-termos-de-participacao-de-visitantes-profissionai\/","title":{"rendered":"[2024\/10\/19] [Celebra\u00e7\u00e3o do duplo anivers\u00e1rio] 29.\u00aa MIF e 2024MFE promoveram mais de mil encontros comerciais, registando um aumento de cerca de 14% em termos de participa\u00e7\u00e3o de visitantes profissionais"},"content":{"rendered":"<p style=\"text-align:justify\">Sendo duas das actividades em s&eacute;rie para a celebra&ccedil;&atilde;o do 75.&ordm; Anivers&aacute;rio da Implanta&ccedil;&atilde;o da Rep&uacute;blica Popular da China e do 25.&ordm; Anivers&aacute;rio do Retorno de Macau &agrave; P&aacute;tria, a 29.&ordf; Feira Internacional de Macau (29.&ordf; MIF) e a Exposi&ccedil;&atilde;o de Franquia de Macau 2024 (2024MFE), organizadas pelo Instituto de Promo&ccedil;&atilde;o do Com&eacute;rcio e do Investimento (IPIM), foram encerradas hoje (dia 19) com enorme sucesso.<\/p>\n<p style=\"text-align:justify\"><strong>Visita de mais de 66 mil pessoas durante quatro dias de exposi&ccedil;&atilde;o<\/strong><\/p>\n<p style=\"text-align:justify\">O evento de quatro dias atraiu um total de 66 mil visitantes, dos quais 9.600 eram visitantes profissionais, representando um aumento de 14 % em rela&ccedil;&atilde;o ao ano passado. No evento, foram promovidos mais de mil encontros comerciais e assinados 103 acordos de coopera&ccedil;&atilde;o, ambos com aumento registado; quase metade dos acordos de coopera&ccedil;&atilde;o envolveram as quatro principais ind&uacute;strias, promovendo activamente, assim, a estrat&eacute;gia de desenvolvimento econ&oacute;mico moderadamente diversificado &quot;1+4&quot;. Al&eacute;m disso, o IPIM promoveu ac&ccedil;&otilde;es de capta&ccedil;&atilde;o de neg&oacute;cios e contactos, antes e durante a MIF&amp;MFE, junto de v&aacute;rias empresas, esfor&ccedil;o que visa converter mais comerciantes participantes em investidores. Como resultado, antes do evento, 18 empresas afirmaram a inten&ccedil;&atilde;o de estabelecer-se em Macau, sete das quais conclu&iacute;ram as formalidades relevantes durante a MIF&amp;MFE. Al&eacute;m disso, mais 22 empresas indicaram ter plano de estabelecimento em Macau durante os contactos realizados no per&iacute;odo das exposi&ccedil;&otilde;es.<\/p>\n<p style=\"text-align:justify\">A efic&aacute;cia da \u201ccapta&ccedil;&atilde;o de investimentos atrav&eacute;s de exposi&ccedil;&otilde;es\u201d e o n&iacute;vel de profissionalismo da MIF&amp;MFE foram ambos aumentados, neste ano em que se celebra o duplo anivers&aacute;rio. A par disso, foram ainda refor&ccedil;ados os resultados dos contactos entre as empresas. O per&iacute;odo da MIF&amp;MFE, que abrangeu, pela primeira vez, tr&ecirc;s dias &uacute;teis, contribuiu para aumentar o desejo dos turistas de neg&oacute;cios de participarem no evento, sendo o prolongamento da sua estadia favor&aacute;vel &agrave; realiza&ccedil;&atilde;o de negocia&ccedil;&otilde;es e interc&acirc;mbios comerciais mais aprofundados entre os turistas de neg&oacute;cios de diferentes lugares.<\/p>\n<p style=\"text-align:justify\"><strong>&Aacute;rea total de exposi&ccedil;&atilde;o de 38.000 metros quadrados e dez zonas de exposi&ccedil;&atilde;o, com mais de 80 sess&otilde;es de actividades econ&oacute;micas e comerciais<\/strong><\/p>\n<p style=\"text-align:justify\">Subordinadas respectivamente aos temas \u201cdiversifica&ccedil;&atilde;o da economia e oportunidades do desenvolvimento\u201d e \u201creuni&atilde;o de marcas e demonstra&ccedil;&atilde;o de oportunidades\u201d, as duas exposi&ccedil;&otilde;es deste ano contaram com quatro pavilh&otilde;es e dez zonas de exposi&ccedil;&atilde;o, numa &aacute;rea total de exposi&ccedil;&atilde;o de 38.000 metros quadrados, tendo atra&iacute;do mais de 1.300 expositores provenientes de 18 pa&iacute;ses e regi&otilde;es.<\/p>\n<p style=\"text-align:justify\">O per&iacute;odo de quatro dias trouxe mais de 80 sess&otilde;es de actividades da s&eacute;rie de promo&ccedil;&atilde;o econ&oacute;mica e comercial e de capta&ccedil;&atilde;o de investimentos em torno das ind&uacute;strias \u201c1+4\u201d, incluindo oito sess&otilde;es de bolsas de contacto tem&aacute;ticas, duas cerim&oacute;nias de assinatura, cinco actividades realizadas sob o modelo \u201cUm Evento, Dois Locais\u201d, mais de dez actividades alusivas aos Pa&iacute;ses de L&iacute;ngua Portuguesa, duas sess&otilde;es de vendas com transmiss&atilde;o ao vivo do <em>Macao Ideas<\/em>, bem como uma s&eacute;rie de confer&ecirc;ncias, f&oacute;runs, sess&otilde;es de promo&ccedil;&atilde;o e interc&acirc;mbio, lan&ccedil;amentos de novos produtos, servi&ccedil;o de bolsas de contactos <em>online <\/em>\u201c<em>Matching GoGo<\/em>\u201d e visitas guiadas aos bairros comunit&aacute;rios. O objectivo consiste em alargar, por um lado, a efic&aacute;cia do evento, desde o recinto de exposi&ccedil;&atilde;o &agrave; comunidade e depois &agrave; Zona de Coopera&ccedil;&atilde;o Aprofundada entre Guangdong e Macau em Hengqin, e por outro lado, estimular a coopera&ccedil;&atilde;o entre a China e os Pa&iacute;ses de L&iacute;ngua Portuguesa, bem como a coopera&ccedil;&atilde;o internacional, combinando assim as oportunidades de neg&oacute;cio virtuais e f&iacute;sicas.<\/p>\n<p style=\"text-align:justify\"><strong>Celebra&ccedil;&atilde;o do duplo anivers&aacute;rio: empresas e comerciantes participantes obtiveram ganhos enormes<\/strong><\/p>\n<p style=\"text-align:justify\">Um expositor do sector de porcelana, proveniente de Shenzhen, cidade parceira da MIF, chegou &agrave; inten&ccedil;&atilde;o de coopera&ccedil;&atilde;o com duas empresas de turismo e lazer integrado de Macau, em termos de aquisi&ccedil;&atilde;o de utens&iacute;lios de mesa para uso hoteleiro. Ainda durante o evento, essa empresa de Shenzhen recebeu v&aacute;rias encomendas no recinto, a maior das quais no valor superior a 700 mil de RMB. Alguns expositores dos Pa&iacute;ses de L&iacute;ngua Portuguesa apontaram que o resultado da participa&ccedil;&atilde;o excedeu as suas expectativas. A sess&atilde;o de bolsas de contactos tem&aacute;tica permitiu-lhes criar contactos com empresas do Interior da China, bem como obter mais informa&ccedil;&otilde;es sobre o com&eacute;rcio de importa&ccedil;&otilde;es e exporta&ccedil;&otilde;es de mercadorias. Por isso, reconheceram o papel relevante dos eventos na expans&atilde;o de mercados e consideraram Macau como janela crucial para a entrada no mercado da China Interior. Al&eacute;m disso, uma marca de bebidas de ch&aacute; popular do Interior da China referiu que chegou a acordo preliminar de coopera&ccedil;&atilde;o com compradores internacionais, e que iria dar seguimento e fornecer servi&ccedil;os de apoio, tais como a localiza&ccedil;&atilde;o de lojas e os cursos de forma&ccedil;&atilde;o na sede. J&aacute; algumas empresas de Hengqin elogiaram a organiza&ccedil;&atilde;o da MIF sob o modelo \u201cUm Evento, Dois Locais\u201d e referiram que a pol&iacute;tica de \u201centrada e sa&iacute;da em grupo tur&iacute;stico\u201d pode facilitar a realiza&ccedil;&atilde;o de mais conven&ccedil;&otilde;es e exposi&ccedil;&otilde;es em Macau e Hengqin. Alguns expositores que participaram nas sess&otilde;es<em> online<\/em> exclusivas do <em>Macao Ideas<\/em>, de transmiss&atilde;o ao vivo \u2014 \u201cProdutos de Qualidade de Macau\u201d, consideraram que a iniciativa ajudou as empresas a divulgar os produtos das marcas de Macau nas vertentes <em>online<\/em> e <em>offline<\/em>, e que essa forma inovadora lhes permitiu chegar a consumidores jovens com mais tr&aacute;fego online e poder de compra, explorando assim oportunidades de neg&oacute;cios mais amplas.<\/p>\n<p style=\"text-align:justify\">Al&eacute;m disso, alguns dos expositores da Zona de Exposi&ccedil;&atilde;o e Vendas para as Empresas Locais de Macau mostraram-se satisfeitos com as suas vendas e referiram que as actividades de celebra&ccedil;&atilde;o do duplo anivers&aacute;rio programadas, nomeadamente a campanha de \u201ctirar fotografias para receber brindes\u201d e a actividade de promo&ccedil;&atilde;o de consumo em grande escala, intitulada \u201cGrande Pr&eacute;mio para o Consumo em Macau\u201d, foram favor&aacute;veis &agrave; atrac&ccedil;&atilde;o de visitantes, para impulsionar o consumo. Houve tamb&eacute;m residentes e turistas que foram atra&iacute;dos e ficaram impressionados com os produtos de alta tecnologia no local, podendo comprar os seus produtos preferidos e provar logo as bebidas de ch&aacute; de marca, de estilo chin&ecirc;s e mundialmente famosas, pelo que regressaram com enorme satisfa&ccedil;&atilde;o.<\/p>\n<p style=\"text-align:justify\"><strong>Pr&eacute;mios internacionais mostram as vantagens de conven&ccedil;&otilde;es e exposi&ccedil;&otilde;es e de com&eacute;rcio de Macau<\/strong><\/p>\n<p style=\"text-align:justify\">Para al&eacute;m disso, com a finalidade de alargar ainda mais a efic&aacute;cia das exposi&ccedil;&otilde;es, a entidade organizadora programou viagens para experienciar o ambiente de conven&ccedil;&otilde;es e exposi&ccedil;&otilde;es de Macau e visitas guiadas aos bairros comunit&aacute;rios, durante o per&iacute;odo do evento, levando os comerciantes participantes a visitarem as instala&ccedil;&otilde;es de conven&ccedil;&otilde;es e exposi&ccedil;&otilde;es e as lojas dos diferentes bairros comunit&aacute;rios, para que estes experimentassem as vantagens e o encanto de Macau como a \u201cmelhor cidade de conven&ccedil;&otilde;es da &Aacute;sia\u201d e a \u201cmelhor cidade para confer&ecirc;ncias e neg&oacute;cios\u201d. Tais actividades desempenharam tamb&eacute;m o efeito multiplicador do conceito de \u201cconven&ccedil;&otilde;es e exposi&ccedil;&otilde;es + turismo\u201d, no que respeita a aumentar os benef&iacute;cios da ind&uacute;stria de conven&ccedil;&otilde;es e exposi&ccedil;&otilde;es e impulsionar o desenvolvimento de PMEs das ind&uacute;strias relacionadas e da comunidade em geral.<\/p>\n<p style=\"text-align:justify\">Para mais informa&ccedil;&otilde;es sobre os eventos, siga a conta oficial do WeChat, MICE_IPIM, ou consulte as p&aacute;ginas oficiais www.mif.com.mo ou www.mfe.mo.<\/p>\n<div class=\"wp-caption alignnone\">\n                <a href=\"https:\/\/cdn.gcs.gov.mo\/api\/resource\/ibs\/P24JSuZpzu\" data-component=\"Popup\" data-fancybox=\"gallery\" data-caption=\"A 29.\u00aa Feira Internacional de Macau (29.\u00aa MIF) foi encerrada hoje (dia 19)\" data-type=\"image\"><br \/>\n                <img decoding=\"async\" class=\"size-large\" src=\"https:\/\/cdn.gcs.gov.mo\/api\/resource\/ibs\/P24JSuZpzu\" title=\"A 29.\u00aa Feira Internacional de Macau (29.\u00aa MIF) foi encerrada hoje (dia 19)\" alt=\"A 29.\u00aa Feira Internacional de Macau (29.\u00aa MIF) foi encerrada hoje (dia 19)\" width=\"1024\"><br \/>\n                <\/a><\/p>\n<p class=\"wp-caption-text\">A 29.\u00aa Feira Internacional de Macau (29.\u00aa MIF) foi encerrada hoje (dia 19)<\/p>\n<\/p><\/div>\n<div class=\"wp-caption alignnone\">\n                <a href=\"https:\/\/cdn.gcs.gov.mo\/api\/resource\/ibs\/P24JS3AZtl\" data-component=\"Popup\" data-fancybox=\"gallery\" data-caption=\"A 29.\u00aa Feira Internacional de Macau (29.\u00aa MIF) foi encerrada hoje (dia 19)\" data-type=\"image\"><br \/>\n                <img decoding=\"async\" class=\"size-large\" src=\"https:\/\/cdn.gcs.gov.mo\/api\/resource\/ibs\/P24JS3AZtl\" title=\"A 29.\u00aa Feira Internacional de Macau (29.\u00aa MIF) foi encerrada hoje (dia 19)\" alt=\"A 29.\u00aa Feira Internacional de Macau (29.\u00aa MIF) foi encerrada hoje (dia 19)\" width=\"1024\"><br \/>\n                <\/a><\/p>\n<p class=\"wp-caption-text\">A 29.\u00aa Feira Internacional de Macau (29.\u00aa MIF) foi encerrada hoje (dia 19)<\/p>\n<\/p><\/div>\n<div class=\"wp-caption alignnone\">\n                <a href=\"https:\/\/cdn.gcs.gov.mo\/api\/resource\/ibs\/P24JSiKtE9\" data-component=\"Popup\" data-fancybox=\"gallery\" data-caption=\"Oito sess\u00f5es de bolsas de contactos tem\u00e1ticas para promover o emparelhamento empresarial\" data-type=\"image\"><br \/>\n                <img decoding=\"async\" class=\"size-large\" src=\"https:\/\/cdn.gcs.gov.mo\/api\/resource\/ibs\/P24JSiKtE9\" title=\"Oito sess\u00f5es de bolsas de contactos tem\u00e1ticas para promover o emparelhamento empresarial\" alt=\"Oito sess\u00f5es de bolsas de contactos tem\u00e1ticas para promover o emparelhamento empresarial\" width=\"1024\"><br \/>\n                <\/a><\/p>\n<p class=\"wp-caption-text\">Oito sess\u00f5es de bolsas de contactos tem\u00e1ticas para promover o emparelhamento empresarial<\/p>\n<\/p><\/div>\n<div class=\"wp-caption alignnone\">\n                <a href=\"https:\/\/cdn.gcs.gov.mo\/api\/resource\/ibs\/P24JSEUtgj\" data-component=\"Popup\" data-fancybox=\"gallery\" data-caption=\"Oito sess\u00f5es de bolsas de contactos tem\u00e1ticas para promover o emparelhamento empresarial\" data-type=\"image\"><br \/>\n                <img decoding=\"async\" class=\"size-large\" src=\"https:\/\/cdn.gcs.gov.mo\/api\/resource\/ibs\/P24JSEUtgj\" title=\"Oito sess\u00f5es de bolsas de contactos tem\u00e1ticas para promover o emparelhamento empresarial\" alt=\"Oito sess\u00f5es de bolsas de contactos tem\u00e1ticas para promover o emparelhamento empresarial\" width=\"1024\"><br \/>\n                <\/a><\/p>\n<p class=\"wp-caption-text\">Oito sess\u00f5es de bolsas de contactos tem\u00e1ticas para promover o emparelhamento empresarial<\/p>\n<\/p><\/div>\n<div class=\"wp-caption alignnone\">\n                <a href=\"https:\/\/cdn.gcs.gov.mo\/api\/resource\/ibs\/P24JSpw0XG\" data-component=\"Popup\" data-fancybox=\"gallery\" data-caption=\"Oito sess\u00f5es de bolsas de contactos tem\u00e1ticas para promover o emparelhamento empresarial\" data-type=\"image\"><br \/>\n                <img decoding=\"async\" class=\"size-large\" src=\"https:\/\/cdn.gcs.gov.mo\/api\/resource\/ibs\/P24JSpw0XG\" title=\"Oito sess\u00f5es de bolsas de contactos tem\u00e1ticas para promover o emparelhamento empresarial\" alt=\"Oito sess\u00f5es de bolsas de contactos tem\u00e1ticas para promover o emparelhamento empresarial\" width=\"1024\"><br \/>\n                <\/a><\/p>\n<p class=\"wp-caption-text\">Oito sess\u00f5es de bolsas de contactos tem\u00e1ticas para promover o emparelhamento empresarial<\/p>\n<\/p><\/div>\n<div class=\"wp-caption alignnone\">\n                <a href=\"https:\/\/cdn.gcs.gov.mo\/api\/resource\/ibs\/P24JSD3ZH7\" data-component=\"Popup\" data-fancybox=\"gallery\" data-caption=\"Foram assinados v\u00e1rios acordos, durante os quatro dias do evento\" data-type=\"image\"><br \/>\n                <img decoding=\"async\" class=\"size-large\" src=\"https:\/\/cdn.gcs.gov.mo\/api\/resource\/ibs\/P24JSD3ZH7\" title=\"Foram assinados v\u00e1rios acordos, durante os quatro dias do evento\" alt=\"Foram assinados v\u00e1rios acordos, durante os quatro dias do evento\" width=\"1024\"><br \/>\n                <\/a><\/p>\n<p class=\"wp-caption-text\">Foram assinados v\u00e1rios acordos, durante os quatro dias do evento<\/p>\n<\/p><\/div>\n<div class=\"wp-caption alignnone\">\n                <a href=\"https:\/\/cdn.gcs.gov.mo\/api\/resource\/ibs\/P24JSe25Lv\" data-component=\"Popup\" data-fancybox=\"gallery\" data-caption=\"A plataforma das exposi\u00e7\u00f5es ajudou os expositores e os comerciantes participantes a explorar, de forma eficaz, oportunidades de neg\u00f3cios mais amplas\" data-type=\"image\"><br \/>\n                <img decoding=\"async\" class=\"size-large\" src=\"https:\/\/cdn.gcs.gov.mo\/api\/resource\/ibs\/P24JSe25Lv\" title=\"A plataforma das exposi\u00e7\u00f5es ajudou os expositores e os comerciantes participantes a explorar, de forma eficaz, oportunidades de neg\u00f3cios mais amplas\" alt=\"A plataforma das exposi\u00e7\u00f5es ajudou os expositores e os comerciantes participantes a explorar, de forma eficaz, oportunidades de neg\u00f3cios mais amplas\" width=\"1024\"><br \/>\n                <\/a><\/p>\n<p class=\"wp-caption-text\">A plataforma das exposi\u00e7\u00f5es ajudou os expositores e os comerciantes participantes a explorar, de forma eficaz, oportunidades de neg\u00f3cios mais amplas<\/p>\n<\/p><\/div>\n<div class=\"wp-caption alignnone\">\n                <a href=\"https:\/\/cdn.gcs.gov.mo\/api\/resource\/ibs\/P24JSOWMFe\" data-component=\"Popup\" data-fancybox=\"gallery\" data-caption=\"A plataforma das exposi\u00e7\u00f5es ajudou os expositores e os comerciantes participantes a explorar, de forma eficaz, oportunidades de neg\u00f3cios mais amplas\" data-type=\"image\"><br \/>\n                <img decoding=\"async\" class=\"size-large\" src=\"https:\/\/cdn.gcs.gov.mo\/api\/resource\/ibs\/P24JSOWMFe\" title=\"A plataforma das exposi\u00e7\u00f5es ajudou os expositores e os comerciantes participantes a explorar, de forma eficaz, oportunidades de neg\u00f3cios mais amplas\" alt=\"A plataforma das exposi\u00e7\u00f5es ajudou os expositores e os comerciantes participantes a explorar, de forma eficaz, oportunidades de neg\u00f3cios mais amplas\" width=\"1024\"><br \/>\n                <\/a><\/p>\n<p class=\"wp-caption-text\">A plataforma das exposi\u00e7\u00f5es ajudou os expositores e os comerciantes participantes a explorar, de forma eficaz, oportunidades de neg\u00f3cios mais amplas<\/p>\n<\/p><\/div>\n<div class=\"wp-caption alignnone\">\n                <a href=\"https:\/\/cdn.gcs.gov.mo\/api\/resource\/ibs\/P24JSSG0uG\" data-component=\"Popup\" data-fancybox=\"gallery\" data-caption=\"A plataforma das exposi\u00e7\u00f5es ajudou os expositores e os comerciantes participantes a explorar, de forma eficaz, oportunidades de neg\u00f3cios mais amplas\" data-type=\"image\"><br \/>\n                <img decoding=\"async\" class=\"size-large\" src=\"https:\/\/cdn.gcs.gov.mo\/api\/resource\/ibs\/P24JSSG0uG\" title=\"A plataforma das exposi\u00e7\u00f5es ajudou os expositores e os comerciantes participantes a explorar, de forma eficaz, oportunidades de neg\u00f3cios mais amplas\" alt=\"A plataforma das exposi\u00e7\u00f5es ajudou os expositores e os comerciantes participantes a explorar, de forma eficaz, oportunidades de neg\u00f3cios mais amplas\" width=\"1024\"><br \/>\n                <\/a><\/p>\n<p class=\"wp-caption-text\">A plataforma das exposi\u00e7\u00f5es ajudou os expositores e os comerciantes participantes a explorar, de forma eficaz, oportunidades de neg\u00f3cios mais amplas<\/p>\n<\/p><\/div>\n<div class=\"wp-caption alignnone\">\n                <a href=\"https:\/\/cdn.gcs.gov.mo\/api\/resource\/ibs\/P24JSUS6h9\" data-component=\"Popup\" data-fancybox=\"gallery\" data-caption=\"O evento promoveu a explora\u00e7\u00e3o de oportunidades de neg\u00f3cios dos mercados lus\u00f3fonos\" data-type=\"image\"><br \/>\n                <img decoding=\"async\" class=\"size-large\" src=\"https:\/\/cdn.gcs.gov.mo\/api\/resource\/ibs\/P24JSUS6h9\" title=\"O evento promoveu a explora\u00e7\u00e3o de oportunidades de neg\u00f3cios dos mercados lus\u00f3fonos\" alt=\"O evento promoveu a explora\u00e7\u00e3o de oportunidades de neg\u00f3cios dos mercados lus\u00f3fonos\" width=\"1024\"><br \/>\n                <\/a><\/p>\n<p class=\"wp-caption-text\">O evento promoveu a explora\u00e7\u00e3o de oportunidades de neg\u00f3cios dos mercados lus\u00f3fonos<\/p>\n<\/p><\/div>\n<div class=\"wp-caption alignnone\">\n                <a href=\"https:\/\/cdn.gcs.gov.mo\/api\/resource\/ibs\/P24JSJmAZK\" data-component=\"Popup\" data-fancybox=\"gallery\" data-caption=\"O IPIM promoveu ac\u00e7\u00f5es de capta\u00e7\u00e3o de neg\u00f3cios e contactos, antes e durante a MIF&amp;MFE, junto de v\u00e1rias empresas\" data-type=\"image\"><br \/>\n                <img decoding=\"async\" class=\"size-large\" src=\"https:\/\/cdn.gcs.gov.mo\/api\/resource\/ibs\/P24JSJmAZK\" title=\"O IPIM promoveu ac\u00e7\u00f5es de capta\u00e7\u00e3o de neg\u00f3cios e contactos, antes e durante a MIF&amp;MFE, junto de v\u00e1rias empresas\" alt=\"O IPIM promoveu ac\u00e7\u00f5es de capta\u00e7\u00e3o de neg\u00f3cios e contactos, antes e durante a MIF&amp;MFE, junto de v\u00e1rias empresas\" width=\"1024\"><br \/>\n                <\/a><\/p>\n<p class=\"wp-caption-text\">O IPIM promoveu ac\u00e7\u00f5es de capta\u00e7\u00e3o de neg\u00f3cios e contactos, antes e durante a MIF&amp;MFE, junto de v\u00e1rias empresas<\/p>\n<\/p><\/div>\n<div class=\"wp-caption alignnone\">\n                <a href=\"https:\/\/cdn.gcs.gov.mo\/api\/resource\/ibs\/P24JSx6Khg\" data-component=\"Popup\" data-fancybox=\"gallery\" data-caption=\"O IPIM promoveu ac\u00e7\u00f5es de capta\u00e7\u00e3o de neg\u00f3cios e contactos, antes e durante a MIF&amp;MFE, junto de v\u00e1rias empresas\" data-type=\"image\"><br \/>\n                <img decoding=\"async\" class=\"size-large\" src=\"https:\/\/cdn.gcs.gov.mo\/api\/resource\/ibs\/P24JSx6Khg\" title=\"O IPIM promoveu ac\u00e7\u00f5es de capta\u00e7\u00e3o de neg\u00f3cios e contactos, antes e durante a MIF&amp;MFE, junto de v\u00e1rias empresas\" alt=\"O IPIM promoveu ac\u00e7\u00f5es de capta\u00e7\u00e3o de neg\u00f3cios e contactos, antes e durante a MIF&amp;MFE, junto de v\u00e1rias empresas\" width=\"1024\"><br \/>\n                <\/a><\/p>\n<p class=\"wp-caption-text\">O IPIM promoveu ac\u00e7\u00f5es de capta\u00e7\u00e3o de neg\u00f3cios e contactos, antes e durante a MIF&amp;MFE, junto de v\u00e1rias empresas<\/p>\n<\/p><\/div>\n<div class=\"wp-caption alignnone\">\n                <a href=\"https:\/\/cdn.gcs.gov.mo\/api\/resource\/ibs\/P24JSfjodV\" data-component=\"Popup\" data-fancybox=\"gallery\" data-caption=\"O evento exibiu e promoveu os produtos de marcas de Macau de duas formas paralelas: offline e online\" data-type=\"image\"><br \/>\n                <img decoding=\"async\" class=\"size-large\" src=\"https:\/\/cdn.gcs.gov.mo\/api\/resource\/ibs\/P24JSfjodV\" title=\"O evento exibiu e promoveu os produtos de marcas de Macau de duas formas paralelas: offline e online\" alt=\"O evento exibiu e promoveu os produtos de marcas de Macau de duas formas paralelas: offline e online\" width=\"1024\"><br \/>\n                <\/a><\/p>\n<p class=\"wp-caption-text\">O evento exibiu e promoveu os produtos de marcas de Macau de duas formas paralelas: offline e online<\/p>\n<\/p><\/div>\n<div class=\"wp-caption alignnone\">\n                <a href=\"https:\/\/cdn.gcs.gov.mo\/api\/resource\/ibs\/P24JSchK6g\" data-component=\"Popup\" data-fancybox=\"gallery\" data-caption=\"A entidade organizadora programou visitas guiadas aos bairros comunit\u00e1rios e viagens para experienciar o ambiente de conven\u00e7\u00f5es e exposi\u00e7\u00f5es de Macau\" data-type=\"image\"><br \/>\n                <img decoding=\"async\" class=\"size-large\" src=\"https:\/\/cdn.gcs.gov.mo\/api\/resource\/ibs\/P24JSchK6g\" title=\"A entidade organizadora programou visitas guiadas aos bairros comunit\u00e1rios e viagens para experienciar o ambiente de conven\u00e7\u00f5es e exposi\u00e7\u00f5es de Macau\" alt=\"A entidade organizadora programou visitas guiadas aos bairros comunit\u00e1rios e viagens para experienciar o ambiente de conven\u00e7\u00f5es e exposi\u00e7\u00f5es de Macau\" width=\"1024\"><br \/>\n                <\/a><\/p>\n<p class=\"wp-caption-text\">A entidade organizadora programou visitas guiadas aos bairros comunit\u00e1rios e viagens para experienciar o ambiente de conven\u00e7\u00f5es e exposi\u00e7\u00f5es de Macau<\/p>\n<\/p><\/div>\n<div class=\"wp-caption alignnone\">\n                <a href=\"https:\/\/cdn.gcs.gov.mo\/api\/resource\/ibs\/P24JSud6v9\" data-component=\"Popup\" data-fancybox=\"gallery\" data-caption=\"A entidade organizadora coordenou a participa\u00e7\u00e3o de empresas lus\u00f3fonas na 136.\u00aa Feira de Importa\u00e7\u00e3o e Exporta\u00e7\u00e3o da China, o que permitiu aos participantes estrangeiros fazer uma viagem \u201cmulti-destinos\u201d, alargando assim a efic\u00e1cia das exposi\u00e7\u00f5es\" data-type=\"image\"><br \/>\n                <img decoding=\"async\" class=\"size-large\" src=\"https:\/\/cdn.gcs.gov.mo\/api\/resource\/ibs\/P24JSud6v9\" title=\"A entidade organizadora coordenou a participa\u00e7\u00e3o de empresas lus\u00f3fonas na 136.\u00aa Feira de Importa\u00e7\u00e3o e Exporta\u00e7\u00e3o da China, o que permitiu aos participantes estrangeiros fazer uma viagem \u201cmulti-destinos\u201d, alargando assim a efic\u00e1cia das exposi\u00e7\u00f5es\" alt=\"A entidade organizadora coordenou a participa\u00e7\u00e3o de empresas lus\u00f3fonas na 136.\u00aa Feira de Importa\u00e7\u00e3o e Exporta\u00e7\u00e3o da China, o que permitiu aos participantes estrangeiros fazer uma viagem \u201cmulti-destinos\u201d, alargando assim a efic\u00e1cia das exposi\u00e7\u00f5es\" width=\"1024\"><br \/>\n                <\/a><\/p>\n<p class=\"wp-caption-text\">A entidade organizadora coordenou a participa\u00e7\u00e3o de empresas lus\u00f3fonas na 136.\u00aa Feira de Importa\u00e7\u00e3o e Exporta\u00e7\u00e3o da China, o que permitiu aos participantes estrangeiros fazer uma viagem \u201cmulti-destinos\u201d, alargando assim a efic\u00e1cia das exposi\u00e7\u00f5es<\/p>\n<\/p><\/div>\n<div class=\"wp-caption alignnone\">\n                <a href=\"https:\/\/cdn.gcs.gov.mo\/api\/resource\/ibs\/P24JSipfiz\" data-component=\"Popup\" data-fancybox=\"gallery\" data-caption=\"A entidade organizadora coordenou a participa\u00e7\u00e3o de empresas lus\u00f3fonas na 136.\u00aa Feira de Importa\u00e7\u00e3o e Exporta\u00e7\u00e3o da China, o que permitiu aos participantes estrangeiros fazer uma viagem \u201cmulti-destinos\u201d, alargando assim a efic\u00e1cia das exposi\u00e7\u00f5es\" data-type=\"image\"><br \/>\n                <img decoding=\"async\" class=\"size-large\" src=\"https:\/\/cdn.gcs.gov.mo\/api\/resource\/ibs\/P24JSipfiz\" title=\"A entidade organizadora coordenou a participa\u00e7\u00e3o de empresas lus\u00f3fonas na 136.\u00aa Feira de Importa\u00e7\u00e3o e Exporta\u00e7\u00e3o da China, o que permitiu aos participantes estrangeiros fazer uma viagem \u201cmulti-destinos\u201d, alargando assim a efic\u00e1cia das exposi\u00e7\u00f5es\" alt=\"A entidade organizadora coordenou a participa\u00e7\u00e3o de empresas lus\u00f3fonas na 136.\u00aa Feira de Importa\u00e7\u00e3o e Exporta\u00e7\u00e3o da China, o que permitiu aos participantes estrangeiros fazer uma viagem \u201cmulti-destinos\u201d, alargando assim a efic\u00e1cia das exposi\u00e7\u00f5es\" width=\"1024\"><br \/>\n                <\/a><\/p>\n<p class=\"wp-caption-text\">A entidade organizadora coordenou a participa\u00e7\u00e3o de empresas lus\u00f3fonas na 136.\u00aa Feira de Importa\u00e7\u00e3o e Exporta\u00e7\u00e3o da China, o que permitiu aos participantes estrangeiros fazer uma viagem \u201cmulti-destinos\u201d, alargando assim a efic\u00e1cia das exposi\u00e7\u00f5es<\/p>\n<\/p><\/div>\n","protected":false},"excerpt":{"rendered":"<p>Sendo duas das actividades em s&eacute;rie para a celebra&ccedil;&atilde;o do 75.&ordm; Anivers&aacute;rio da Implanta&ccedil;&atilde;o da Rep&uacute;blica Popular da China e do 25.&ordm; Anivers&aacute;rio do Retorno [&hellip;]<\/p>\n","protected":false},"author":1,"featured_media":480839,"comment_status":"closed","ping_status":"closed","sticky":false,"template":"","format":"standard","meta":{"_acf_changed":false,"inline_featured_image":false,"advgb_blocks_editor_width":"","advgb_blocks_columns_visual_guide":"","footnotes":""},"categories":[12],"tags":[],"class_list":["post-479007","post","type-post","status-publish","format-standard","has-post-thumbnail","hentry","category-noticias-do-ipim"],"acf":[],"yoast_head":"<!-- This site is optimized with the Yoast SEO plugin v26.2 - https:\/\/yoast.com\/wordpress\/plugins\/seo\/ -->\r\n<title>[2024\/10\/19] [Celebra\u00e7\u00e3o do duplo anivers\u00e1rio] 29.\u00aa MIF e 2024MFE promoveram mais de mil encontros comerciais, registando um aumento de cerca de 14% em termos de participa\u00e7\u00e3o de visitantes profissionais | Commerce and Investment Promotion Institute<\/title>\r\n<meta name=\"robots\" content=\"index, follow, max-snippet:-1, max-image-preview:large, max-video-preview:-1\" \/>\r\n<link rel=\"canonical\" href=\"https:\/\/www.ipim.gov.mo\/pt-pt\/noticias-do-ipim\/2024-10-19-celebracao-do-duplo-aniversario-29-a-mif-e-2024mfe-promoveram-mais-de-mil-encontros-comerciais-registando-um-aumento-de-cerca-de-14-em-termos-de-participacao-de-visitantes-profissionai\/\" \/>\r\n<meta property=\"og:locale\" content=\"pt_PT\" \/>\r\n<meta property=\"og:type\" content=\"article\" \/>\r\n<meta property=\"og:title\" content=\"[2024\/10\/19] [Celebra\u00e7\u00e3o do duplo anivers\u00e1rio] 29.\u00aa MIF e 2024MFE promoveram mais de mil encontros comerciais, registando um aumento de cerca de 14% em termos de participa\u00e7\u00e3o de visitantes profissionais | Commerce and Investment Promotion Institute\" \/>\r\n<meta property=\"og:description\" content=\"Sendo duas das actividades em s&eacute;rie para a celebra&ccedil;&atilde;o do 75.&ordm; Anivers&aacute;rio da Implanta&ccedil;&atilde;o da Rep&uacute;blica Popular da China e do 25.&ordm; Anivers&aacute;rio do Retorno [&hellip;]\" \/>\r\n<meta property=\"og:url\" content=\"https:\/\/www.ipim.gov.mo\/pt-pt\/noticias-do-ipim\/2024-10-19-celebracao-do-duplo-aniversario-29-a-mif-e-2024mfe-promoveram-mais-de-mil-encontros-comerciais-registando-um-aumento-de-cerca-de-14-em-termos-de-participacao-de-visitantes-profissionai\/\" \/>\r\n<meta property=\"og:site_name\" content=\"Commerce and Investment Promotion Institute\" \/>\r\n<meta property=\"article:published_time\" content=\"2024-10-19T10:09:00+00:00\" \/>\r\n<meta property=\"og:image\" content=\"https:\/\/www.ipim.gov.mo\/wp-content\/uploads\/2024\/10\/P24JSuZpzu-scaled.jpeg\" \/>\r\n\t<meta property=\"og:image:width\" content=\"2560\" \/>\r\n\t<meta property=\"og:image:height\" content=\"1541\" \/>\r\n\t<meta property=\"og:image:type\" content=\"image\/jpeg\" \/>\r\n<meta name=\"author\" content=\"admin\" \/>\r\n<meta name=\"twitter:card\" content=\"summary_large_image\" \/>\r\n<meta name=\"twitter:label1\" content=\"Written by\" \/>\n\t<meta name=\"twitter:data1\" content=\"admin\" \/>\n\t<meta name=\"twitter:label2\" content=\"Est. reading time\" \/>\n\t<meta name=\"twitter:data2\" content=\"9 minutes\" \/>\r\n<script type=\"application\/ld+json\" class=\"yoast-schema-graph\">{\"@context\":\"https:\/\/schema.org\",\"@graph\":[{\"@type\":\"WebPage\",\"@id\":\"https:\/\/www.ipim.gov.mo\/pt-pt\/noticias-do-ipim\/2024-10-19-celebracao-do-duplo-aniversario-29-a-mif-e-2024mfe-promoveram-mais-de-mil-encontros-comerciais-registando-um-aumento-de-cerca-de-14-em-termos-de-participacao-de-visitantes-profissionai\/\",\"url\":\"https:\/\/www.ipim.gov.mo\/pt-pt\/noticias-do-ipim\/2024-10-19-celebracao-do-duplo-aniversario-29-a-mif-e-2024mfe-promoveram-mais-de-mil-encontros-comerciais-registando-um-aumento-de-cerca-de-14-em-termos-de-participacao-de-visitantes-profissionai\/\",\"name\":\"[2024\/10\/19] [Celebra\u00e7\u00e3o do duplo anivers\u00e1rio] 29.\u00aa MIF e 2024MFE promoveram mais de mil encontros comerciais, registando um aumento de cerca de 14% em termos de participa\u00e7\u00e3o de visitantes profissionais | Commerce and Investment Promotion Institute\",\"isPartOf\":{\"@id\":\"https:\/\/www.ipim.gov.mo\/zh-hans\/#website\"},\"primaryImageOfPage\":{\"@id\":\"https:\/\/www.ipim.gov.mo\/pt-pt\/noticias-do-ipim\/2024-10-19-celebracao-do-duplo-aniversario-29-a-mif-e-2024mfe-promoveram-mais-de-mil-encontros-comerciais-registando-um-aumento-de-cerca-de-14-em-termos-de-participacao-de-visitantes-profissionai\/#primaryimage\"},\"image\":{\"@id\":\"https:\/\/www.ipim.gov.mo\/pt-pt\/noticias-do-ipim\/2024-10-19-celebracao-do-duplo-aniversario-29-a-mif-e-2024mfe-promoveram-mais-de-mil-encontros-comerciais-registando-um-aumento-de-cerca-de-14-em-termos-de-participacao-de-visitantes-profissionai\/#primaryimage\"},\"thumbnailUrl\":\"https:\/\/www.ipim.gov.mo\/wp-content\/uploads\/2024\/10\/P24JSuZpzu-scaled.jpeg\",\"datePublished\":\"2024-10-19T10:09:00+00:00\",\"breadcrumb\":{\"@id\":\"https:\/\/www.ipim.gov.mo\/pt-pt\/noticias-do-ipim\/2024-10-19-celebracao-do-duplo-aniversario-29-a-mif-e-2024mfe-promoveram-mais-de-mil-encontros-comerciais-registando-um-aumento-de-cerca-de-14-em-termos-de-participacao-de-visitantes-profissionai\/#breadcrumb\"},\"inLanguage\":\"pt-PT\",\"potentialAction\":[{\"@type\":\"ReadAction\",\"target\":[\"https:\/\/www.ipim.gov.mo\/pt-pt\/noticias-do-ipim\/2024-10-19-celebracao-do-duplo-aniversario-29-a-mif-e-2024mfe-promoveram-mais-de-mil-encontros-comerciais-registando-um-aumento-de-cerca-de-14-em-termos-de-participacao-de-visitantes-profissionai\/\"]}]},{\"@type\":\"ImageObject\",\"inLanguage\":\"pt-PT\",\"@id\":\"https:\/\/www.ipim.gov.mo\/pt-pt\/noticias-do-ipim\/2024-10-19-celebracao-do-duplo-aniversario-29-a-mif-e-2024mfe-promoveram-mais-de-mil-encontros-comerciais-registando-um-aumento-de-cerca-de-14-em-termos-de-participacao-de-visitantes-profissionai\/#primaryimage\",\"url\":\"https:\/\/www.ipim.gov.mo\/wp-content\/uploads\/2024\/10\/P24JSuZpzu-scaled.jpeg\",\"contentUrl\":\"https:\/\/www.ipim.gov.mo\/wp-content\/uploads\/2024\/10\/P24JSuZpzu-scaled.jpeg\",\"width\":2560,\"height\":1541},{\"@type\":\"BreadcrumbList\",\"@id\":\"https:\/\/www.ipim.gov.mo\/pt-pt\/noticias-do-ipim\/2024-10-19-celebracao-do-duplo-aniversario-29-a-mif-e-2024mfe-promoveram-mais-de-mil-encontros-comerciais-registando-um-aumento-de-cerca-de-14-em-termos-de-participacao-de-visitantes-profissionai\/#breadcrumb\",\"itemListElement\":[{\"@type\":\"ListItem\",\"position\":1,\"name\":\"Home\",\"item\":\"https:\/\/www.ipim.gov.mo\/pt-pt\/\"},{\"@type\":\"ListItem\",\"position\":2,\"name\":\"[2024\/10\/19] [Celebra\u00e7\u00e3o do duplo anivers\u00e1rio] 29.\u00aa MIF e 2024MFE promoveram mais de mil encontros comerciais, registando um aumento de cerca de 14% em termos de participa\u00e7\u00e3o de visitantes profissionais\"}]},{\"@type\":\"WebSite\",\"@id\":\"https:\/\/www.ipim.gov.mo\/zh-hans\/#website\",\"url\":\"https:\/\/www.ipim.gov.mo\/zh-hans\/\",\"name\":\"Commerce and Investment Promotion Institute\",\"description\":\"Commerce and Investment Promotion Institute\",\"publisher\":{\"@id\":\"https:\/\/www.ipim.gov.mo\/zh-hans\/#organization\"},\"potentialAction\":[{\"@type\":\"SearchAction\",\"target\":{\"@type\":\"EntryPoint\",\"urlTemplate\":\"https:\/\/www.ipim.gov.mo\/zh-hans\/?s={search_term_string}\"},\"query-input\":{\"@type\":\"PropertyValueSpecification\",\"valueRequired\":true,\"valueName\":\"search_term_string\"}}],\"inLanguage\":\"pt-PT\"},{\"@type\":\"Organization\",\"@id\":\"https:\/\/www.ipim.gov.mo\/zh-hans\/#organization\",\"name\":\"IPIM\",\"url\":\"https:\/\/www.ipim.gov.mo\/zh-hans\/\",\"logo\":{\"@type\":\"ImageObject\",\"inLanguage\":\"pt-PT\",\"@id\":\"https:\/\/www.ipim.gov.mo\/zh-hans\/#\/schema\/logo\/image\/\",\"url\":\"https:\/\/www.ipim.gov.mo\/wp-content\/uploads\/2022\/10\/default-post-thumbnail-ipim-logo.png\",\"contentUrl\":\"https:\/\/www.ipim.gov.mo\/wp-content\/uploads\/2022\/10\/default-post-thumbnail-ipim-logo.png\",\"width\":1024,\"height\":768,\"caption\":\"IPIM\"},\"image\":{\"@id\":\"https:\/\/www.ipim.gov.mo\/zh-hans\/#\/schema\/logo\/image\/\"}}]}<\/script>\r\n<!-- \/ Yoast SEO plugin. -->","yoast_head_json":{"title":"[2024\/10\/19] [Celebra\u00e7\u00e3o do duplo anivers\u00e1rio] 29.\u00aa MIF e 2024MFE promoveram mais de mil encontros comerciais, registando um aumento de cerca de 14% em termos de participa\u00e7\u00e3o de visitantes profissionais | Commerce and Investment Promotion Institute","robots":{"index":"index","follow":"follow","max-snippet":"max-snippet:-1","max-image-preview":"max-image-preview:large","max-video-preview":"max-video-preview:-1"},"canonical":"https:\/\/www.ipim.gov.mo\/pt-pt\/noticias-do-ipim\/2024-10-19-celebracao-do-duplo-aniversario-29-a-mif-e-2024mfe-promoveram-mais-de-mil-encontros-comerciais-registando-um-aumento-de-cerca-de-14-em-termos-de-participacao-de-visitantes-profissionai\/","og_locale":"pt_PT","og_type":"article","og_title":"[2024\/10\/19] [Celebra\u00e7\u00e3o do duplo anivers\u00e1rio] 29.\u00aa MIF e 2024MFE promoveram mais de mil encontros comerciais, registando um aumento de cerca de 14% em termos de participa\u00e7\u00e3o de visitantes profissionais | Commerce and Investment Promotion Institute","og_description":"Sendo duas das actividades em s&eacute;rie para a celebra&ccedil;&atilde;o do 75.&ordm; Anivers&aacute;rio da Implanta&ccedil;&atilde;o da Rep&uacute;blica Popular da China e do 25.&ordm; Anivers&aacute;rio do Retorno [&hellip;]","og_url":"https:\/\/www.ipim.gov.mo\/pt-pt\/noticias-do-ipim\/2024-10-19-celebracao-do-duplo-aniversario-29-a-mif-e-2024mfe-promoveram-mais-de-mil-encontros-comerciais-registando-um-aumento-de-cerca-de-14-em-termos-de-participacao-de-visitantes-profissionai\/","og_site_name":"Commerce and Investment Promotion Institute","article_published_time":"2024-10-19T10:09:00+00:00","og_image":[{"width":2560,"height":1541,"url":"https:\/\/www.ipim.gov.mo\/wp-content\/uploads\/2024\/10\/P24JSuZpzu-scaled.jpeg","type":"image\/jpeg"}],"author":"admin","twitter_card":"summary_large_image","twitter_misc":{"Written by":"admin","Est. reading time":"9 minutes"},"schema":{"@context":"https:\/\/schema.org","@graph":[{"@type":"WebPage","@id":"https:\/\/www.ipim.gov.mo\/pt-pt\/noticias-do-ipim\/2024-10-19-celebracao-do-duplo-aniversario-29-a-mif-e-2024mfe-promoveram-mais-de-mil-encontros-comerciais-registando-um-aumento-de-cerca-de-14-em-termos-de-participacao-de-visitantes-profissionai\/","url":"https:\/\/www.ipim.gov.mo\/pt-pt\/noticias-do-ipim\/2024-10-19-celebracao-do-duplo-aniversario-29-a-mif-e-2024mfe-promoveram-mais-de-mil-encontros-comerciais-registando-um-aumento-de-cerca-de-14-em-termos-de-participacao-de-visitantes-profissionai\/","name":"[2024\/10\/19] [Celebra\u00e7\u00e3o do duplo anivers\u00e1rio] 29.\u00aa MIF e 2024MFE promoveram mais de mil encontros comerciais, registando um aumento de cerca de 14% em termos de participa\u00e7\u00e3o de visitantes profissionais | Commerce and Investment Promotion Institute","isPartOf":{"@id":"https:\/\/www.ipim.gov.mo\/zh-hans\/#website"},"primaryImageOfPage":{"@id":"https:\/\/www.ipim.gov.mo\/pt-pt\/noticias-do-ipim\/2024-10-19-celebracao-do-duplo-aniversario-29-a-mif-e-2024mfe-promoveram-mais-de-mil-encontros-comerciais-registando-um-aumento-de-cerca-de-14-em-termos-de-participacao-de-visitantes-profissionai\/#primaryimage"},"image":{"@id":"https:\/\/www.ipim.gov.mo\/pt-pt\/noticias-do-ipim\/2024-10-19-celebracao-do-duplo-aniversario-29-a-mif-e-2024mfe-promoveram-mais-de-mil-encontros-comerciais-registando-um-aumento-de-cerca-de-14-em-termos-de-participacao-de-visitantes-profissionai\/#primaryimage"},"thumbnailUrl":"https:\/\/www.ipim.gov.mo\/wp-content\/uploads\/2024\/10\/P24JSuZpzu-scaled.jpeg","datePublished":"2024-10-19T10:09:00+00:00","breadcrumb":{"@id":"https:\/\/www.ipim.gov.mo\/pt-pt\/noticias-do-ipim\/2024-10-19-celebracao-do-duplo-aniversario-29-a-mif-e-2024mfe-promoveram-mais-de-mil-encontros-comerciais-registando-um-aumento-de-cerca-de-14-em-termos-de-participacao-de-visitantes-profissionai\/#breadcrumb"},"inLanguage":"pt-PT","potentialAction":[{"@type":"ReadAction","target":["https:\/\/www.ipim.gov.mo\/pt-pt\/noticias-do-ipim\/2024-10-19-celebracao-do-duplo-aniversario-29-a-mif-e-2024mfe-promoveram-mais-de-mil-encontros-comerciais-registando-um-aumento-de-cerca-de-14-em-termos-de-participacao-de-visitantes-profissionai\/"]}]},{"@type":"ImageObject","inLanguage":"pt-PT","@id":"https:\/\/www.ipim.gov.mo\/pt-pt\/noticias-do-ipim\/2024-10-19-celebracao-do-duplo-aniversario-29-a-mif-e-2024mfe-promoveram-mais-de-mil-encontros-comerciais-registando-um-aumento-de-cerca-de-14-em-termos-de-participacao-de-visitantes-profissionai\/#primaryimage","url":"https:\/\/www.ipim.gov.mo\/wp-content\/uploads\/2024\/10\/P24JSuZpzu-scaled.jpeg","contentUrl":"https:\/\/www.ipim.gov.mo\/wp-content\/uploads\/2024\/10\/P24JSuZpzu-scaled.jpeg","width":2560,"height":1541},{"@type":"BreadcrumbList","@id":"https:\/\/www.ipim.gov.mo\/pt-pt\/noticias-do-ipim\/2024-10-19-celebracao-do-duplo-aniversario-29-a-mif-e-2024mfe-promoveram-mais-de-mil-encontros-comerciais-registando-um-aumento-de-cerca-de-14-em-termos-de-participacao-de-visitantes-profissionai\/#breadcrumb","itemListElement":[{"@type":"ListItem","position":1,"name":"Home","item":"https:\/\/www.ipim.gov.mo\/pt-pt\/"},{"@type":"ListItem","position":2,"name":"[2024\/10\/19] [Celebra\u00e7\u00e3o do duplo anivers\u00e1rio] 29.\u00aa MIF e 2024MFE promoveram mais de mil encontros comerciais, registando um aumento de cerca de 14% em termos de participa\u00e7\u00e3o de visitantes profissionais"}]},{"@type":"WebSite","@id":"https:\/\/www.ipim.gov.mo\/zh-hans\/#website","url":"https:\/\/www.ipim.gov.mo\/zh-hans\/","name":"Commerce and Investment Promotion Institute","description":"Commerce and Investment Promotion Institute","publisher":{"@id":"https:\/\/www.ipim.gov.mo\/zh-hans\/#organization"},"potentialAction":[{"@type":"SearchAction","target":{"@type":"EntryPoint","urlTemplate":"https:\/\/www.ipim.gov.mo\/zh-hans\/?s={search_term_string}"},"query-input":{"@type":"PropertyValueSpecification","valueRequired":true,"valueName":"search_term_string"}}],"inLanguage":"pt-PT"},{"@type":"Organization","@id":"https:\/\/www.ipim.gov.mo\/zh-hans\/#organization","name":"IPIM","url":"https:\/\/www.ipim.gov.mo\/zh-hans\/","logo":{"@type":"ImageObject","inLanguage":"pt-PT","@id":"https:\/\/www.ipim.gov.mo\/zh-hans\/#\/schema\/logo\/image\/","url":"https:\/\/www.ipim.gov.mo\/wp-content\/uploads\/2022\/10\/default-post-thumbnail-ipim-logo.png","contentUrl":"https:\/\/www.ipim.gov.mo\/wp-content\/uploads\/2022\/10\/default-post-thumbnail-ipim-logo.png","width":1024,"height":768,"caption":"IPIM"},"image":{"@id":"https:\/\/www.ipim.gov.mo\/zh-hans\/#\/schema\/logo\/image\/"}}]}},"author_meta":{"display_name":"admin","author_link":"https:\/\/www.ipim.gov.mo\/pt-pt\/author\/admin\/"},"featured_img":"https:\/\/www.ipim.gov.mo\/wp-content\/uploads\/2024\/10\/P24JSuZpzu-300x181.jpeg","coauthors":[],"tax_additional":{"categories":{"linked":["<a href=\"https:\/\/www.ipim.gov.mo\/pt-pt\/category\/noticias-do-ipim\/\" class=\"advgb-post-tax-term\">Not\u00edcias do IPIM<\/a>"],"unlinked":["<span class=\"advgb-post-tax-term\">Not\u00edcias do IPIM<\/span>"]}},"comment_count":"0","relative_dates":{"created":"Posted 2 years ago","modified":"Updated 2 years ago"},"absolute_dates":{"created":"Posted on Outubro 19, 2024","modified":"Updated on Outubro 19, 2024"},"absolute_dates_time":{"created":"Posted on Outubro 19, 2024 6:09 pm","modified":"Updated on Outubro 19, 2024 6:09 pm"},"featured_img_caption":"","series_order":"","_links":{"self":[{"href":"https:\/\/www.ipim.gov.mo\/pt-pt\/wp-json\/wp\/v2\/posts\/479007","targetHints":{"allow":["GET"]}}],"collection":[{"href":"https:\/\/www.ipim.gov.mo\/pt-pt\/wp-json\/wp\/v2\/posts"}],"about":[{"href":"https:\/\/www.ipim.gov.mo\/pt-pt\/wp-json\/wp\/v2\/types\/post"}],"author":[{"embeddable":true,"href":"https:\/\/www.ipim.gov.mo\/pt-pt\/wp-json\/wp\/v2\/users\/1"}],"replies":[{"embeddable":true,"href":"https:\/\/www.ipim.gov.mo\/pt-pt\/wp-json\/wp\/v2\/comments?post=479007"}],"version-history":[{"count":0,"href":"https:\/\/www.ipim.gov.mo\/pt-pt\/wp-json\/wp\/v2\/posts\/479007\/revisions"}],"wp:featuredmedia":[{"embeddable":true,"href":"https:\/\/www.ipim.gov.mo\/pt-pt\/wp-json\/wp\/v2\/media\/480839"}],"wp:attachment":[{"href":"https:\/\/www.ipim.gov.mo\/pt-pt\/wp-json\/wp\/v2\/media?parent=479007"}],"wp:term":[{"taxonomy":"category","embeddable":true,"href":"https:\/\/www.ipim.gov.mo\/pt-pt\/wp-json\/wp\/v2\/categories?post=479007"},{"taxonomy":"post_tag","embeddable":true,"href":"https:\/\/www.ipim.gov.mo\/pt-pt\/wp-json\/wp\/v2\/tags?post=479007"}],"curies":[{"name":"wp","href":"https:\/\/api.w.org\/{rel}","templated":true}]}}