{"id":479004,"date":"2024-10-18T17:51:00","date_gmt":"2024-10-18T09:51:00","guid":{"rendered":"https:\/\/www.ipim.gov.mo\/noticias-do-ipim\/2024-10-19-aumentar-a-eficacia-do-emparelhamento-empresarial-sessao-de-bolsas-de-contactos-orientada-para-as-aquisicoes-promove-mais-de-140-encontros-comerciais\/"},"modified":"2024-10-18T17:51:00","modified_gmt":"2024-10-18T09:51:00","slug":"2024-10-19-aumentar-a-eficacia-do-emparelhamento-empresarial-sessao-de-bolsas-de-contactos-orientada-para-as-aquisicoes-promove-mais-de-140-encontros-comerciais","status":"publish","type":"post","link":"https:\/\/www.ipim.gov.mo\/pt-pt\/noticias-do-ipim\/2024-10-19-aumentar-a-eficacia-do-emparelhamento-empresarial-sessao-de-bolsas-de-contactos-orientada-para-as-aquisicoes-promove-mais-de-140-encontros-comerciais\/","title":{"rendered":"[2024\/10\/18] [Aumentar a efic\u00e1cia do emparelhamento empresarial] Sess\u00e3o de Bolsas de Contactos Orientada para as Aquisi\u00e7\u00f5es promove mais de 140 encontros comerciais"},"content":{"rendered":"<p style=\"text-align:justify\">Com o intuito de aumentar a efic&aacute;cia de negocia&ccedil;&otilde;es entre as PMEs e as empresas de grande porte, teve lugar dia 18 a Sess&atilde;o de Bolsas de Contactos Orientada para as Aquisi&ccedil;&otilde;es, no &acirc;mbito da 29.&ordf; Feira Internacional de Macau (29.&ordf; MIF), com a participa&ccedil;&atilde;o de mais de 150 representantes de aquisi&ccedil;&atilde;o de v&aacute;rias grandes empresas de Macau, incluindo empresas de turismo e lazer integrado, supermercados e empresas de restaura&ccedil;&atilde;o, bem como a participa&ccedil;&atilde;o de expositores e fornecedores. Como resultado, foram promovidos mais de 140 encontros comerciais e assinados nove acordos em aquisi&ccedil;&otilde;es acerca de introdu&ccedil;&atilde;o de experi&ecirc;ncias de refei&ccedil;&otilde;es a&eacute;reas, ingredientes de alimentos e bebidas, <em>design<\/em> e produ&ccedil;&atilde;o de vestu&aacute;rio, sistema de aromaterapia, sistema el&eacute;ctrico e venda a retalho de produtos.<\/p>\n<p style=\"text-align:justify\"><strong>Promover a negocia&ccedil;&atilde;o e a celebra&ccedil;&atilde;o de acordos entre as PMEs e as grandes empresas, em busca de maior efic&aacute;cia em termos de aquisi&ccedil;&atilde;o e coopera&ccedil;&atilde;o<\/strong><\/p>\n<p style=\"text-align:justify\">A Sess&atilde;o de Bolsas de Contactos Orientada para as Aquisi&ccedil;&otilde;es foi organizada pelo Instituto de Promo&ccedil;&atilde;o do Com&eacute;rcio e do Investimento e co-organizada pela Associa&ccedil;&atilde;o de Hot&eacute;is de Macau, pela Associa&ccedil;&atilde;o da Uni&atilde;o dos Fornecedores de Macau e pela Associa&ccedil;&atilde;o de Qualidade Verde Marca. As trocas de opini&otilde;es e interac&ccedil;&otilde;es no local foram realizadas com entusiasmo e din&acirc;mica.<\/p>\n<p style=\"text-align:justify\">Durante a Sess&atilde;o, uma empresa local de vestu&aacute;rio recebeu uma encomenda de mais de dez mil pe&ccedil;as de vestu&aacute;rio, junto duma empresa de turismo e lazer integrado de Macau. O representante apontou que a iniciativa facilitou para a sua empresa a expans&atilde;o de neg&oacute;cios e a explora&ccedil;&atilde;o de novos mercados. Reconheceu ainda o papel impulsionador do evento em aumentar a efic&aacute;cia de aquisi&ccedil;&otilde;es entre as PMEs e as grandes empresas. Da parte de participantes estrangeiros, uma empresa de importa&ccedil;&otilde;es e exporta&ccedil;&otilde;es do Brasil conseguiu parceria com um restaurante de Macau em termos de aquisi&ccedil;&atilde;o de ingredientes de alimentos, resultado esse que excedeu as suas expectativas.<\/p>\n<p style=\"text-align:justify\"><strong>&Uacute;ltima chamada para a visita &agrave; exposi&ccedil;&atilde;o excepcional<\/strong><\/p>\n<p style=\"text-align:justify\">A MIF continua aberta ao p&uacute;blico, com entrada gratuita, dia 19, &uacute;ltimo dia de exposi&ccedil;&atilde;o. Em celebra&ccedil;&atilde;o do 75.&ordm; Anivers&aacute;rio da Implanta&ccedil;&atilde;o da Rep&uacute;blica Popular da China e do 25.&ordm; Anivers&aacute;rio do Retorno de Macau &agrave; P&aacute;tria, os visitantes que tiram fotografias em pontos designados do recinto poder&atilde;o receber bebidas de caf&eacute; e ch&aacute; de gra&ccedil;a, bem como outros brindes dispon&iacute;veis, com valor total estimado de mais de 500.000 patacas. Al&eacute;m disso, em resposta &agrave; actividade de promo&ccedil;&atilde;o de consumo em grande escala, intitulada \u201cGrande pr&eacute;mio para o consumo em Macau\u201d, os visitantes que fazem compras no local, atrav&eacute;s de pagamento m&oacute;vel nos estabelecimentos comerciais na Zona de Exposi&ccedil;&atilde;o e Vendas para as Empresas Locais de Macau, integrada na MIF, ter&atilde;o a oportunidade de ganhar cup&otilde;es electr&oacute;nicos e de participar no grande sorteio final.<\/p>\n<p style=\"text-align:justify\">Para informa&ccedil;&otilde;es mais actualizadas, consulte as seguintes p&aacute;ginas oficiais: www.mif.com.mo ou www.mfe.mo; ligue para os n&uacute;meros: (853) 2882 8711 (29.&ordf; MIF) ou (853) 8798 9654 (2024MFE); siga a conta oficial do WeChat: MICE_IPIM.<\/p>\n<div class=\"wp-caption alignnone\">\n                <a href=\"https:\/\/cdn.gcs.gov.mo\/api\/resource\/ibs\/P24JRQ5lfU\" data-component=\"Popup\" data-fancybox=\"gallery\" data-caption=\"Teve lugar dia 18 a Sess\u00e3o de Bolsas de Contactos Orientada para as Aquisi\u00e7\u00f5es\" data-type=\"image\"><br \/>\n                <img decoding=\"async\" class=\"size-large\" src=\"https:\/\/cdn.gcs.gov.mo\/api\/resource\/ibs\/P24JRQ5lfU\" title=\"Teve lugar dia 18 a Sess\u00e3o de Bolsas de Contactos Orientada para as Aquisi\u00e7\u00f5es\" alt=\"Teve lugar dia 18 a Sess\u00e3o de Bolsas de Contactos Orientada para as Aquisi\u00e7\u00f5es\" width=\"1024\"><br \/>\n                <\/a><\/p>\n<p class=\"wp-caption-text\">Teve lugar dia 18 a Sess\u00e3o de Bolsas de Contactos Orientada para as Aquisi\u00e7\u00f5es<\/p>\n<\/p><\/div>\n<div class=\"wp-caption alignnone\">\n                <a href=\"https:\/\/cdn.gcs.gov.mo\/api\/resource\/ibs\/P24JR8Uylt\" data-component=\"Popup\" data-fancybox=\"gallery\" data-caption=\"Teve lugar dia 18 a Sess\u00e3o de Bolsas de Contactos Orientada para as Aquisi\u00e7\u00f5es\" data-type=\"image\"><br \/>\n                <img decoding=\"async\" class=\"size-large\" src=\"https:\/\/cdn.gcs.gov.mo\/api\/resource\/ibs\/P24JR8Uylt\" title=\"Teve lugar dia 18 a Sess\u00e3o de Bolsas de Contactos Orientada para as Aquisi\u00e7\u00f5es\" alt=\"Teve lugar dia 18 a Sess\u00e3o de Bolsas de Contactos Orientada para as Aquisi\u00e7\u00f5es\" width=\"1024\"><br \/>\n                <\/a><\/p>\n<p class=\"wp-caption-text\">Teve lugar dia 18 a Sess\u00e3o de Bolsas de Contactos Orientada para as Aquisi\u00e7\u00f5es<\/p>\n<\/p><\/div>\n<div class=\"wp-caption alignnone\">\n                <a href=\"https:\/\/cdn.gcs.gov.mo\/api\/resource\/ibs\/P24JRu0sBB\" data-component=\"Popup\" data-fancybox=\"gallery\" data-caption=\"A Sess\u00e3o de Bolsas de Contactos Orientada para as Aquisi\u00e7\u00f5es promove o emparelhamento entre as PMEs e as empresas de grande dimens\u00e3o em termos de necessidades de aquisi\u00e7\u00e3o\" data-type=\"image\"><br \/>\n                <img decoding=\"async\" class=\"size-large\" src=\"https:\/\/cdn.gcs.gov.mo\/api\/resource\/ibs\/P24JRu0sBB\" title=\"A Sess\u00e3o de Bolsas de Contactos Orientada para as Aquisi\u00e7\u00f5es promove o emparelhamento entre as PMEs e as empresas de grande dimens\u00e3o em termos de necessidades de aquisi\u00e7\u00e3o\" alt=\"A Sess\u00e3o de Bolsas de Contactos Orientada para as Aquisi\u00e7\u00f5es promove o emparelhamento entre as PMEs e as empresas de grande dimens\u00e3o em termos de necessidades de aquisi\u00e7\u00e3o\" width=\"1024\"><br \/>\n                <\/a><\/p>\n<p class=\"wp-caption-text\">A Sess\u00e3o de Bolsas de Contactos Orientada para as Aquisi\u00e7\u00f5es promove o emparelhamento entre as PMEs e as empresas de grande dimens\u00e3o em termos de necessidades de aquisi\u00e7\u00e3o<\/p>\n<\/p><\/div>\n<div class=\"wp-caption alignnone\">\n                <a href=\"https:\/\/cdn.gcs.gov.mo\/api\/resource\/ibs\/P24JRPmqaX\" data-component=\"Popup\" data-fancybox=\"gallery\" data-caption=\"Assinatura de acordos na Sess\u00e3o de Bolsas de Contactos Orientada para as Aquisi\u00e7\u00f5es\" data-type=\"image\"><br \/>\n                <img decoding=\"async\" class=\"size-large\" src=\"https:\/\/cdn.gcs.gov.mo\/api\/resource\/ibs\/P24JRPmqaX\" title=\"Assinatura de acordos na Sess\u00e3o de Bolsas de Contactos Orientada para as Aquisi\u00e7\u00f5es\" alt=\"Assinatura de acordos na Sess\u00e3o de Bolsas de Contactos Orientada para as Aquisi\u00e7\u00f5es\" width=\"1024\"><br \/>\n                <\/a><\/p>\n<p class=\"wp-caption-text\">Assinatura de acordos na Sess\u00e3o de Bolsas de Contactos Orientada para as Aquisi\u00e7\u00f5es<\/p>\n<\/p><\/div>\n<div class=\"wp-caption alignnone\">\n                <a href=\"https:\/\/cdn.gcs.gov.mo\/api\/resource\/ibs\/P24JRPWsDa\" data-component=\"Popup\" data-fancybox=\"gallery\" data-caption=\"A MIF&amp;MFE disponibiliza quatro linhas de autocarros de ida e volta para o local\" data-type=\"image\"><br \/>\n                <img decoding=\"async\" class=\"size-large\" src=\"https:\/\/cdn.gcs.gov.mo\/api\/resource\/ibs\/P24JRPWsDa\" title=\"A MIF&amp;MFE disponibiliza quatro linhas de autocarros de ida e volta para o local\" alt=\"A MIF&amp;MFE disponibiliza quatro linhas de autocarros de ida e volta para o local\" width=\"1024\"><br \/>\n                <\/a><\/p>\n<p class=\"wp-caption-text\">A MIF&amp;MFE disponibiliza quatro linhas de autocarros de ida e volta para o local<\/p>\n<\/p><\/div>\n<div class=\"wp-caption alignnone\">\n                <a href=\"https:\/\/cdn.gcs.gov.mo\/api\/resource\/ibs\/P24JR5dIUA\" data-component=\"Popup\" data-fancybox=\"gallery\" data-caption=\"Os visitantes experimentaram v\u00e1rios produtos de tecnologias avan\u00e7adas\" data-type=\"image\"><br \/>\n                <img decoding=\"async\" class=\"size-large\" src=\"https:\/\/cdn.gcs.gov.mo\/api\/resource\/ibs\/P24JR5dIUA\" title=\"Os visitantes experimentaram v\u00e1rios produtos de tecnologias avan\u00e7adas\" alt=\"Os visitantes experimentaram v\u00e1rios produtos de tecnologias avan\u00e7adas\" width=\"1024\"><br \/>\n                <\/a><\/p>\n<p class=\"wp-caption-text\">Os visitantes experimentaram v\u00e1rios produtos de tecnologias avan\u00e7adas<\/p>\n<\/p><\/div>\n<div class=\"wp-caption alignnone\">\n                <a href=\"https:\/\/cdn.gcs.gov.mo\/api\/resource\/ibs\/P24JRiusqk\" data-component=\"Popup\" data-fancybox=\"gallery\" data-caption=\"\u00c9 integrada, na Zona de Exposi\u00e7\u00e3o e Vendas para as Empresas Locais de Macau da MIF, uma actividade de promo\u00e7\u00e3o de consumo em grande escala, intitulada \u201cGrande pr\u00e9mio para o consumo em Macau\u201d\" data-type=\"image\"><br \/>\n                <img decoding=\"async\" class=\"size-large\" src=\"https:\/\/cdn.gcs.gov.mo\/api\/resource\/ibs\/P24JRiusqk\" title=\"\u00c9 integrada, na Zona de Exposi\u00e7\u00e3o e Vendas para as Empresas Locais de Macau da MIF, uma actividade de promo\u00e7\u00e3o de consumo em grande escala, intitulada \u201cGrande pr\u00e9mio para o consumo em Macau\u201d\" alt=\"\u00c9 integrada, na Zona de Exposi\u00e7\u00e3o e Vendas para as Empresas Locais de Macau da MIF, uma actividade de promo\u00e7\u00e3o de consumo em grande escala, intitulada \u201cGrande pr\u00e9mio para o consumo em Macau\u201d\" width=\"1024\"><br \/>\n                <\/a><\/p>\n<p class=\"wp-caption-text\">\u00c9 integrada, na Zona de Exposi\u00e7\u00e3o e Vendas para as Empresas Locais de Macau da MIF, uma actividade de promo\u00e7\u00e3o de consumo em grande escala, intitulada \u201cGrande pr\u00e9mio para o consumo em Macau\u201d<\/p>\n<\/p><\/div>\n","protected":false},"excerpt":{"rendered":"<p>Com o intuito de aumentar a efic&aacute;cia de negocia&ccedil;&otilde;es entre as PMEs e as empresas de grande porte, teve lugar dia 18 a Sess&atilde;o de [&hellip;]<\/p>\n","protected":false},"author":1,"featured_media":480844,"comment_status":"closed","ping_status":"closed","sticky":false,"template":"","format":"standard","meta":{"_acf_changed":false,"inline_featured_image":false,"advgb_blocks_editor_width":"","advgb_blocks_columns_visual_guide":"","footnotes":""},"categories":[12],"tags":[],"class_list":["post-479004","post","type-post","status-publish","format-standard","has-post-thumbnail","hentry","category-noticias-do-ipim"],"acf":[],"yoast_head":"<!-- This site is optimized with the Yoast SEO plugin v26.2 - https:\/\/yoast.com\/wordpress\/plugins\/seo\/ -->\r\n<title>[2024\/10\/18] [Aumentar a efic\u00e1cia do emparelhamento empresarial] Sess\u00e3o de Bolsas de Contactos Orientada para as Aquisi\u00e7\u00f5es promove mais de 140 encontros comerciais | Commerce and Investment Promotion Institute<\/title>\r\n<meta name=\"robots\" content=\"index, follow, max-snippet:-1, max-image-preview:large, max-video-preview:-1\" \/>\r\n<link rel=\"canonical\" href=\"https:\/\/www.ipim.gov.mo\/pt-pt\/noticias-do-ipim\/2024-10-19-aumentar-a-eficacia-do-emparelhamento-empresarial-sessao-de-bolsas-de-contactos-orientada-para-as-aquisicoes-promove-mais-de-140-encontros-comerciais\/\" \/>\r\n<meta property=\"og:locale\" content=\"pt_PT\" \/>\r\n<meta property=\"og:type\" content=\"article\" \/>\r\n<meta property=\"og:title\" content=\"[2024\/10\/18] [Aumentar a efic\u00e1cia do emparelhamento empresarial] Sess\u00e3o de Bolsas de Contactos Orientada para as Aquisi\u00e7\u00f5es promove mais de 140 encontros comerciais | Commerce and Investment Promotion Institute\" \/>\r\n<meta property=\"og:description\" content=\"Com o intuito de aumentar a efic&aacute;cia de negocia&ccedil;&otilde;es entre as PMEs e as empresas de grande porte, teve lugar dia 18 a Sess&atilde;o de [&hellip;]\" \/>\r\n<meta property=\"og:url\" content=\"https:\/\/www.ipim.gov.mo\/pt-pt\/noticias-do-ipim\/2024-10-19-aumentar-a-eficacia-do-emparelhamento-empresarial-sessao-de-bolsas-de-contactos-orientada-para-as-aquisicoes-promove-mais-de-140-encontros-comerciais\/\" \/>\r\n<meta property=\"og:site_name\" content=\"Commerce and Investment Promotion Institute\" \/>\r\n<meta property=\"article:published_time\" content=\"2024-10-18T09:51:00+00:00\" \/>\r\n<meta property=\"og:image\" content=\"https:\/\/www.ipim.gov.mo\/wp-content\/uploads\/2024\/10\/P24JRQ5lfU-scaled.jpeg\" \/>\r\n\t<meta property=\"og:image:width\" content=\"2560\" \/>\r\n\t<meta property=\"og:image:height\" content=\"747\" \/>\r\n\t<meta property=\"og:image:type\" content=\"image\/jpeg\" \/>\r\n<meta name=\"author\" content=\"admin\" \/>\r\n<meta name=\"twitter:card\" content=\"summary_large_image\" \/>\r\n<meta name=\"twitter:label1\" content=\"Written by\" \/>\n\t<meta name=\"twitter:data1\" content=\"admin\" \/>\n\t<meta name=\"twitter:label2\" content=\"Est. reading time\" \/>\n\t<meta name=\"twitter:data2\" content=\"4 minutes\" \/>\r\n<script type=\"application\/ld+json\" class=\"yoast-schema-graph\">{\"@context\":\"https:\/\/schema.org\",\"@graph\":[{\"@type\":\"WebPage\",\"@id\":\"https:\/\/www.ipim.gov.mo\/pt-pt\/noticias-do-ipim\/2024-10-19-aumentar-a-eficacia-do-emparelhamento-empresarial-sessao-de-bolsas-de-contactos-orientada-para-as-aquisicoes-promove-mais-de-140-encontros-comerciais\/\",\"url\":\"https:\/\/www.ipim.gov.mo\/pt-pt\/noticias-do-ipim\/2024-10-19-aumentar-a-eficacia-do-emparelhamento-empresarial-sessao-de-bolsas-de-contactos-orientada-para-as-aquisicoes-promove-mais-de-140-encontros-comerciais\/\",\"name\":\"[2024\/10\/18] [Aumentar a efic\u00e1cia do emparelhamento empresarial] Sess\u00e3o de Bolsas de Contactos Orientada para as Aquisi\u00e7\u00f5es promove mais de 140 encontros comerciais | Commerce and Investment Promotion Institute\",\"isPartOf\":{\"@id\":\"https:\/\/www.ipim.gov.mo\/zh-hans\/#website\"},\"primaryImageOfPage\":{\"@id\":\"https:\/\/www.ipim.gov.mo\/pt-pt\/noticias-do-ipim\/2024-10-19-aumentar-a-eficacia-do-emparelhamento-empresarial-sessao-de-bolsas-de-contactos-orientada-para-as-aquisicoes-promove-mais-de-140-encontros-comerciais\/#primaryimage\"},\"image\":{\"@id\":\"https:\/\/www.ipim.gov.mo\/pt-pt\/noticias-do-ipim\/2024-10-19-aumentar-a-eficacia-do-emparelhamento-empresarial-sessao-de-bolsas-de-contactos-orientada-para-as-aquisicoes-promove-mais-de-140-encontros-comerciais\/#primaryimage\"},\"thumbnailUrl\":\"https:\/\/www.ipim.gov.mo\/wp-content\/uploads\/2024\/10\/P24JRQ5lfU-scaled.jpeg\",\"datePublished\":\"2024-10-18T09:51:00+00:00\",\"breadcrumb\":{\"@id\":\"https:\/\/www.ipim.gov.mo\/pt-pt\/noticias-do-ipim\/2024-10-19-aumentar-a-eficacia-do-emparelhamento-empresarial-sessao-de-bolsas-de-contactos-orientada-para-as-aquisicoes-promove-mais-de-140-encontros-comerciais\/#breadcrumb\"},\"inLanguage\":\"pt-PT\",\"potentialAction\":[{\"@type\":\"ReadAction\",\"target\":[\"https:\/\/www.ipim.gov.mo\/pt-pt\/noticias-do-ipim\/2024-10-19-aumentar-a-eficacia-do-emparelhamento-empresarial-sessao-de-bolsas-de-contactos-orientada-para-as-aquisicoes-promove-mais-de-140-encontros-comerciais\/\"]}]},{\"@type\":\"ImageObject\",\"inLanguage\":\"pt-PT\",\"@id\":\"https:\/\/www.ipim.gov.mo\/pt-pt\/noticias-do-ipim\/2024-10-19-aumentar-a-eficacia-do-emparelhamento-empresarial-sessao-de-bolsas-de-contactos-orientada-para-as-aquisicoes-promove-mais-de-140-encontros-comerciais\/#primaryimage\",\"url\":\"https:\/\/www.ipim.gov.mo\/wp-content\/uploads\/2024\/10\/P24JRQ5lfU-scaled.jpeg\",\"contentUrl\":\"https:\/\/www.ipim.gov.mo\/wp-content\/uploads\/2024\/10\/P24JRQ5lfU-scaled.jpeg\",\"width\":2560,\"height\":747},{\"@type\":\"BreadcrumbList\",\"@id\":\"https:\/\/www.ipim.gov.mo\/pt-pt\/noticias-do-ipim\/2024-10-19-aumentar-a-eficacia-do-emparelhamento-empresarial-sessao-de-bolsas-de-contactos-orientada-para-as-aquisicoes-promove-mais-de-140-encontros-comerciais\/#breadcrumb\",\"itemListElement\":[{\"@type\":\"ListItem\",\"position\":1,\"name\":\"Home\",\"item\":\"https:\/\/www.ipim.gov.mo\/pt-pt\/\"},{\"@type\":\"ListItem\",\"position\":2,\"name\":\"[2024\/10\/18] [Aumentar a efic\u00e1cia do emparelhamento empresarial] Sess\u00e3o de Bolsas de Contactos Orientada para as Aquisi\u00e7\u00f5es promove mais de 140 encontros comerciais\"}]},{\"@type\":\"WebSite\",\"@id\":\"https:\/\/www.ipim.gov.mo\/zh-hans\/#website\",\"url\":\"https:\/\/www.ipim.gov.mo\/zh-hans\/\",\"name\":\"Commerce and Investment Promotion Institute\",\"description\":\"Commerce and Investment Promotion Institute\",\"publisher\":{\"@id\":\"https:\/\/www.ipim.gov.mo\/zh-hans\/#organization\"},\"potentialAction\":[{\"@type\":\"SearchAction\",\"target\":{\"@type\":\"EntryPoint\",\"urlTemplate\":\"https:\/\/www.ipim.gov.mo\/zh-hans\/?s={search_term_string}\"},\"query-input\":{\"@type\":\"PropertyValueSpecification\",\"valueRequired\":true,\"valueName\":\"search_term_string\"}}],\"inLanguage\":\"pt-PT\"},{\"@type\":\"Organization\",\"@id\":\"https:\/\/www.ipim.gov.mo\/zh-hans\/#organization\",\"name\":\"IPIM\",\"url\":\"https:\/\/www.ipim.gov.mo\/zh-hans\/\",\"logo\":{\"@type\":\"ImageObject\",\"inLanguage\":\"pt-PT\",\"@id\":\"https:\/\/www.ipim.gov.mo\/zh-hans\/#\/schema\/logo\/image\/\",\"url\":\"https:\/\/www.ipim.gov.mo\/wp-content\/uploads\/2022\/10\/default-post-thumbnail-ipim-logo.png\",\"contentUrl\":\"https:\/\/www.ipim.gov.mo\/wp-content\/uploads\/2022\/10\/default-post-thumbnail-ipim-logo.png\",\"width\":1024,\"height\":768,\"caption\":\"IPIM\"},\"image\":{\"@id\":\"https:\/\/www.ipim.gov.mo\/zh-hans\/#\/schema\/logo\/image\/\"}}]}<\/script>\r\n<!-- \/ Yoast SEO plugin. -->","yoast_head_json":{"title":"[2024\/10\/18] [Aumentar a efic\u00e1cia do emparelhamento empresarial] Sess\u00e3o de Bolsas de Contactos Orientada para as Aquisi\u00e7\u00f5es promove mais de 140 encontros comerciais | Commerce and Investment Promotion Institute","robots":{"index":"index","follow":"follow","max-snippet":"max-snippet:-1","max-image-preview":"max-image-preview:large","max-video-preview":"max-video-preview:-1"},"canonical":"https:\/\/www.ipim.gov.mo\/pt-pt\/noticias-do-ipim\/2024-10-19-aumentar-a-eficacia-do-emparelhamento-empresarial-sessao-de-bolsas-de-contactos-orientada-para-as-aquisicoes-promove-mais-de-140-encontros-comerciais\/","og_locale":"pt_PT","og_type":"article","og_title":"[2024\/10\/18] [Aumentar a efic\u00e1cia do emparelhamento empresarial] Sess\u00e3o de Bolsas de Contactos Orientada para as Aquisi\u00e7\u00f5es promove mais de 140 encontros comerciais | Commerce and Investment Promotion Institute","og_description":"Com o intuito de aumentar a efic&aacute;cia de negocia&ccedil;&otilde;es entre as PMEs e as empresas de grande porte, teve lugar dia 18 a Sess&atilde;o de [&hellip;]","og_url":"https:\/\/www.ipim.gov.mo\/pt-pt\/noticias-do-ipim\/2024-10-19-aumentar-a-eficacia-do-emparelhamento-empresarial-sessao-de-bolsas-de-contactos-orientada-para-as-aquisicoes-promove-mais-de-140-encontros-comerciais\/","og_site_name":"Commerce and Investment Promotion Institute","article_published_time":"2024-10-18T09:51:00+00:00","og_image":[{"width":2560,"height":747,"url":"https:\/\/www.ipim.gov.mo\/wp-content\/uploads\/2024\/10\/P24JRQ5lfU-scaled.jpeg","type":"image\/jpeg"}],"author":"admin","twitter_card":"summary_large_image","twitter_misc":{"Written by":"admin","Est. reading time":"4 minutes"},"schema":{"@context":"https:\/\/schema.org","@graph":[{"@type":"WebPage","@id":"https:\/\/www.ipim.gov.mo\/pt-pt\/noticias-do-ipim\/2024-10-19-aumentar-a-eficacia-do-emparelhamento-empresarial-sessao-de-bolsas-de-contactos-orientada-para-as-aquisicoes-promove-mais-de-140-encontros-comerciais\/","url":"https:\/\/www.ipim.gov.mo\/pt-pt\/noticias-do-ipim\/2024-10-19-aumentar-a-eficacia-do-emparelhamento-empresarial-sessao-de-bolsas-de-contactos-orientada-para-as-aquisicoes-promove-mais-de-140-encontros-comerciais\/","name":"[2024\/10\/18] [Aumentar a efic\u00e1cia do emparelhamento empresarial] Sess\u00e3o de Bolsas de Contactos Orientada para as Aquisi\u00e7\u00f5es promove mais de 140 encontros comerciais | Commerce and Investment Promotion Institute","isPartOf":{"@id":"https:\/\/www.ipim.gov.mo\/zh-hans\/#website"},"primaryImageOfPage":{"@id":"https:\/\/www.ipim.gov.mo\/pt-pt\/noticias-do-ipim\/2024-10-19-aumentar-a-eficacia-do-emparelhamento-empresarial-sessao-de-bolsas-de-contactos-orientada-para-as-aquisicoes-promove-mais-de-140-encontros-comerciais\/#primaryimage"},"image":{"@id":"https:\/\/www.ipim.gov.mo\/pt-pt\/noticias-do-ipim\/2024-10-19-aumentar-a-eficacia-do-emparelhamento-empresarial-sessao-de-bolsas-de-contactos-orientada-para-as-aquisicoes-promove-mais-de-140-encontros-comerciais\/#primaryimage"},"thumbnailUrl":"https:\/\/www.ipim.gov.mo\/wp-content\/uploads\/2024\/10\/P24JRQ5lfU-scaled.jpeg","datePublished":"2024-10-18T09:51:00+00:00","breadcrumb":{"@id":"https:\/\/www.ipim.gov.mo\/pt-pt\/noticias-do-ipim\/2024-10-19-aumentar-a-eficacia-do-emparelhamento-empresarial-sessao-de-bolsas-de-contactos-orientada-para-as-aquisicoes-promove-mais-de-140-encontros-comerciais\/#breadcrumb"},"inLanguage":"pt-PT","potentialAction":[{"@type":"ReadAction","target":["https:\/\/www.ipim.gov.mo\/pt-pt\/noticias-do-ipim\/2024-10-19-aumentar-a-eficacia-do-emparelhamento-empresarial-sessao-de-bolsas-de-contactos-orientada-para-as-aquisicoes-promove-mais-de-140-encontros-comerciais\/"]}]},{"@type":"ImageObject","inLanguage":"pt-PT","@id":"https:\/\/www.ipim.gov.mo\/pt-pt\/noticias-do-ipim\/2024-10-19-aumentar-a-eficacia-do-emparelhamento-empresarial-sessao-de-bolsas-de-contactos-orientada-para-as-aquisicoes-promove-mais-de-140-encontros-comerciais\/#primaryimage","url":"https:\/\/www.ipim.gov.mo\/wp-content\/uploads\/2024\/10\/P24JRQ5lfU-scaled.jpeg","contentUrl":"https:\/\/www.ipim.gov.mo\/wp-content\/uploads\/2024\/10\/P24JRQ5lfU-scaled.jpeg","width":2560,"height":747},{"@type":"BreadcrumbList","@id":"https:\/\/www.ipim.gov.mo\/pt-pt\/noticias-do-ipim\/2024-10-19-aumentar-a-eficacia-do-emparelhamento-empresarial-sessao-de-bolsas-de-contactos-orientada-para-as-aquisicoes-promove-mais-de-140-encontros-comerciais\/#breadcrumb","itemListElement":[{"@type":"ListItem","position":1,"name":"Home","item":"https:\/\/www.ipim.gov.mo\/pt-pt\/"},{"@type":"ListItem","position":2,"name":"[2024\/10\/18] [Aumentar a efic\u00e1cia do emparelhamento empresarial] Sess\u00e3o de Bolsas de Contactos Orientada para as Aquisi\u00e7\u00f5es promove mais de 140 encontros comerciais"}]},{"@type":"WebSite","@id":"https:\/\/www.ipim.gov.mo\/zh-hans\/#website","url":"https:\/\/www.ipim.gov.mo\/zh-hans\/","name":"Commerce and Investment Promotion Institute","description":"Commerce and Investment Promotion Institute","publisher":{"@id":"https:\/\/www.ipim.gov.mo\/zh-hans\/#organization"},"potentialAction":[{"@type":"SearchAction","target":{"@type":"EntryPoint","urlTemplate":"https:\/\/www.ipim.gov.mo\/zh-hans\/?s={search_term_string}"},"query-input":{"@type":"PropertyValueSpecification","valueRequired":true,"valueName":"search_term_string"}}],"inLanguage":"pt-PT"},{"@type":"Organization","@id":"https:\/\/www.ipim.gov.mo\/zh-hans\/#organization","name":"IPIM","url":"https:\/\/www.ipim.gov.mo\/zh-hans\/","logo":{"@type":"ImageObject","inLanguage":"pt-PT","@id":"https:\/\/www.ipim.gov.mo\/zh-hans\/#\/schema\/logo\/image\/","url":"https:\/\/www.ipim.gov.mo\/wp-content\/uploads\/2022\/10\/default-post-thumbnail-ipim-logo.png","contentUrl":"https:\/\/www.ipim.gov.mo\/wp-content\/uploads\/2022\/10\/default-post-thumbnail-ipim-logo.png","width":1024,"height":768,"caption":"IPIM"},"image":{"@id":"https:\/\/www.ipim.gov.mo\/zh-hans\/#\/schema\/logo\/image\/"}}]}},"author_meta":{"display_name":"admin","author_link":"https:\/\/www.ipim.gov.mo\/pt-pt\/author\/admin\/"},"featured_img":"https:\/\/www.ipim.gov.mo\/wp-content\/uploads\/2024\/10\/P24JRQ5lfU-300x88.jpeg","coauthors":[],"tax_additional":{"categories":{"linked":["<a href=\"https:\/\/www.ipim.gov.mo\/pt-pt\/category\/noticias-do-ipim\/\" class=\"advgb-post-tax-term\">Not\u00edcias do IPIM<\/a>"],"unlinked":["<span class=\"advgb-post-tax-term\">Not\u00edcias do IPIM<\/span>"]}},"comment_count":"0","relative_dates":{"created":"Posted 2 years ago","modified":"Updated 2 years ago"},"absolute_dates":{"created":"Posted on Outubro 18, 2024","modified":"Updated on Outubro 18, 2024"},"absolute_dates_time":{"created":"Posted on Outubro 18, 2024 5:51 pm","modified":"Updated on Outubro 18, 2024 5:51 pm"},"featured_img_caption":"","series_order":"","_links":{"self":[{"href":"https:\/\/www.ipim.gov.mo\/pt-pt\/wp-json\/wp\/v2\/posts\/479004","targetHints":{"allow":["GET"]}}],"collection":[{"href":"https:\/\/www.ipim.gov.mo\/pt-pt\/wp-json\/wp\/v2\/posts"}],"about":[{"href":"https:\/\/www.ipim.gov.mo\/pt-pt\/wp-json\/wp\/v2\/types\/post"}],"author":[{"embeddable":true,"href":"https:\/\/www.ipim.gov.mo\/pt-pt\/wp-json\/wp\/v2\/users\/1"}],"replies":[{"embeddable":true,"href":"https:\/\/www.ipim.gov.mo\/pt-pt\/wp-json\/wp\/v2\/comments?post=479004"}],"version-history":[{"count":0,"href":"https:\/\/www.ipim.gov.mo\/pt-pt\/wp-json\/wp\/v2\/posts\/479004\/revisions"}],"wp:featuredmedia":[{"embeddable":true,"href":"https:\/\/www.ipim.gov.mo\/pt-pt\/wp-json\/wp\/v2\/media\/480844"}],"wp:attachment":[{"href":"https:\/\/www.ipim.gov.mo\/pt-pt\/wp-json\/wp\/v2\/media?parent=479004"}],"wp:term":[{"taxonomy":"category","embeddable":true,"href":"https:\/\/www.ipim.gov.mo\/pt-pt\/wp-json\/wp\/v2\/categories?post=479004"},{"taxonomy":"post_tag","embeddable":true,"href":"https:\/\/www.ipim.gov.mo\/pt-pt\/wp-json\/wp\/v2\/tags?post=479004"}],"curies":[{"name":"wp","href":"https:\/\/api.w.org\/{rel}","templated":true}]}}