{"id":478927,"date":"2024-10-17T19:30:00","date_gmt":"2024-10-17T11:30:00","guid":{"rendered":"https:\/\/www.ipim.gov.mo\/noticias-do-ipim\/2024-10-18-entrada-gratuita-brindes-de-celebracao-do-duplo-aniversario-altas-tecnologias-potenciam-29-a-mif-e-2024mfe\/"},"modified":"2024-10-17T19:30:00","modified_gmt":"2024-10-17T11:30:00","slug":"2024-10-18-entrada-gratuita-brindes-de-celebracao-do-duplo-aniversario-altas-tecnologias-potenciam-29-a-mif-e-2024mfe","status":"publish","type":"post","link":"https:\/\/www.ipim.gov.mo\/pt-pt\/noticias-do-ipim\/2024-10-18-entrada-gratuita-brindes-de-celebracao-do-duplo-aniversario-altas-tecnologias-potenciam-29-a-mif-e-2024mfe\/","title":{"rendered":"[2024\/10\/17] [Entrada gratuita] Brindes de celebra\u00e7\u00e3o do duplo anivers\u00e1rio + altas tecnologias potenciam 29.\u00aa MIF e 2024MFE"},"content":{"rendered":"<p style=\"text-align:justify\">Abertas ao p&uacute;blico gratuitamente, a 29.&ordf; Feira Internacional de Macau (29.&ordf; MIF) e a Exposi&ccedil;&atilde;o de Franquia de Macau 2024 (2024MFE) atraem um grande n&uacute;mero de visitantes, que tiram fotografias em pontos designados dentro do local. Estes visitantes s&atilde;o os primeiros a provarem gratuitamente bebidas de ch&aacute; de uma marca popular do Interior da China e a receberem outros brindes de gra&ccedil;a, no &acirc;mbito da celebra&ccedil;&atilde;o do 75.&ordm; Anivers&aacute;rio da Implanta&ccedil;&atilde;o da Rep&uacute;blica Popular da China e do 25.&ordm; Anivers&aacute;rio do Retorno de Macau &agrave; P&aacute;tria. Os visitantes tamb&eacute;m obt&ecirc;m uma experi&ecirc;ncia imersiva, bem perto dos elementos tecnol&oacute;gicos no local, afirmando que o evento &eacute; atractivo e impressionante.<\/p>\n<p style=\"text-align:justify\"><strong>N&iacute;vel de surpresa muito elevado para quem participou<\/strong><\/p>\n<p style=\"text-align:justify\">Este ano, as 10 zonas de exposi&ccedil;&atilde;o das MIF e MFE est&atilde;o repletas de destaques. Entre estes, vale a pena destacar o alto n&iacute;vel de tecnologias avan&ccedil;adas da MIF. O Pavilh&atilde;o de Shenzhen \u2014 Cidade Parceira da MIF, a Zona de Exposi&ccedil;&atilde;o Inteligente e a \u201cSemana de Ci&ecirc;ncia e Tecnologia 2024 e Exposi&ccedil;&atilde;o de Resultados de Inova&ccedil;&atilde;o Cient&iacute;fica e Tecnol&oacute;gica\u201d apresentam conjuntamente uma s&eacute;rie de novos produtos tecnol&oacute;gicos apelativos. Muitos visitantes interagiram de perto com rob&ocirc;s bi&oacute;nicos e experimentaram produtos especiais de tecnologia de aerofotografia partilhada na &aacute;rea de demonstra&ccedil;&atilde;o de <em>drones<\/em>. Alguns visitantes referiram que \u201cera a primeira vez que podiam ter uma interac&ccedil;&atilde;o de t&atilde;o perto\u201d, o que elevou significativamente o \u201cn&iacute;vel da tecnologia, da surpresa e da divers&atilde;o\u201d para quem participou na exposi&ccedil;&atilde;o, sentindo-se a beleza e a vitalidade da intelig&ecirc;ncia tecnol&oacute;gica.<\/p>\n<p style=\"text-align:justify\"><strong>Visita profunda com elementos lus&oacute;fonos<\/strong><\/p>\n<p style=\"text-align:justify\">A MIF disponibiliza especialmente a Zona de Exposi&ccedil;&atilde;o Alusiva aos Mercados dos Pa&iacute;ses de L&iacute;ngua Portuguesa, permitindo uma visita a produtos de mais de 180 empresas mobilizadas por entidades governamentais e associa&ccedil;&otilde;es comerciais dos Pa&iacute;ses de L&iacute;ngua Portuguesa, cujas &aacute;reas incluem produtos agr&iacute;colas, bebidas alco&oacute;licas, <em>snacks<\/em>, caf&eacute;, produtos culturais e criativos, entre outros, numa zona s&oacute;. No mesmo local, est&atilde;o instalados ainda o Pavilh&atilde;o da Imagem dos Pa&iacute;ses de L&iacute;ngua Portuguesa, a Zona de Exposi&ccedil;&atilde;o da Plataforma Sino-Lus&oacute;fona@Macau e a Zona de Degusta&ccedil;&atilde;o, permitindo aos visitantes experimentar o encanto singular dos Pa&iacute;ses de L&iacute;ngua Portuguesa de forma profunda atrav&eacute;s dos cinco sentidos.<\/p>\n<p style=\"text-align:justify\"><strong>Efeito de marca atrai f&atilde;s em \u201cromaria\u201d e para \u201c<\/strong><strong>fazer <em>check-in<\/em><\/strong><strong>\u201d <\/strong><strong>na exposi&ccedil;&atilde;o<\/strong><\/p>\n<p style=\"text-align:justify\">A MFE, por sua vez, re&uacute;ne mais de 100 empresas de franquia, gest&atilde;o de cadeias e ag&ecirc;ncias de marcas do Interior da China, Mal&aacute;sia, It&aacute;lia e Macau. Entre estas, a marca de bebidas de ch&aacute; de estilo chin&ecirc;s mundialmente famosa, Chagee, avigorou a exposi&ccedil;&atilde;o, tendo atra&iacute;do, com sucesso, muitos \u201cf&atilde;s leais\u201d que fizeram \u201cromaria\u201d e \u201c<em>check-in<\/em>\u201d na exposi&ccedil;&atilde;o hoje. A marca cumpriu assim o seu papel chamativo. Neste ano, o evento colabora, pela primeira vez, com a empresa de exposi&ccedil;&otilde;es de renome mundial, Informa Markets, para organizar a primeira edi&ccedil;&atilde;o de \u201cChina Brewers Cup \u2014 Macao Division\u201d, que atraiu ao local tamb&eacute;m um grande n&uacute;mero de amantes de caf&eacute;.<\/p>\n<p style=\"text-align:justify\">A 29.&ordf; MIF e a 2024MFE s&atilde;o realizadas no mesmo local na Cotai Expo do <em>The Venetian Macao<\/em>, cuja realiza&ccedil;&atilde;o terminar&aacute; no dia 19 de Outubro. O evento disponibiliza quatro linhas de autocarros de ida e volta para o local. Est&atilde;o todos convidados a participar. Para informa&ccedil;&otilde;es mais actualizadas, consulte as seguintes p&aacute;ginas oficiais: www.mif.com.mo ou www.mfe.mo; ligue para os n&uacute;meros: (853) 2882 8711 (29.&ordf; MIF) ou (853) 8798 9654 (2024MFE); siga a conta oficial do WeChat: MICE_IPIM.<\/p>\n<div class=\"wp-caption alignnone\">\n                <a href=\"https:\/\/cdn.gcs.gov.mo\/api\/resource\/ibs\/P24JQjvIii\" data-component=\"Popup\" data-fancybox=\"gallery\" data-caption=\"Os visitantes brincaram com uma s\u00e9rie de produtos de alta tecnologia\" data-type=\"image\"><br \/>\n                <img decoding=\"async\" class=\"size-large\" src=\"https:\/\/cdn.gcs.gov.mo\/api\/resource\/ibs\/P24JQjvIii\" title=\"Os visitantes brincaram com uma s\u00e9rie de produtos de alta tecnologia\" alt=\"Os visitantes brincaram com uma s\u00e9rie de produtos de alta tecnologia\" width=\"1024\"><br \/>\n                <\/a><\/p>\n<p class=\"wp-caption-text\">Os visitantes brincaram com uma s\u00e9rie de produtos de alta tecnologia<\/p>\n<\/p><\/div>\n<div class=\"wp-caption alignnone\">\n                <a href=\"https:\/\/cdn.gcs.gov.mo\/api\/resource\/ibs\/P24JQeawTk\" data-component=\"Popup\" data-fancybox=\"gallery\" data-caption=\"Os visitantes brincaram com uma s\u00e9rie de produtos de alta tecnologia\" data-type=\"image\"><br \/>\n                <img decoding=\"async\" class=\"size-large\" src=\"https:\/\/cdn.gcs.gov.mo\/api\/resource\/ibs\/P24JQeawTk\" title=\"Os visitantes brincaram com uma s\u00e9rie de produtos de alta tecnologia\" alt=\"Os visitantes brincaram com uma s\u00e9rie de produtos de alta tecnologia\" width=\"1024\"><br \/>\n                <\/a><\/p>\n<p class=\"wp-caption-text\">Os visitantes brincaram com uma s\u00e9rie de produtos de alta tecnologia<\/p>\n<\/p><\/div>\n<div class=\"wp-caption alignnone\">\n                <a href=\"https:\/\/cdn.gcs.gov.mo\/api\/resource\/ibs\/P24JQSGPBr\" data-component=\"Popup\" data-fancybox=\"gallery\" data-caption=\"Os visitantes brincaram com uma s\u00e9rie de produtos de alta tecnologia\" data-type=\"image\"><br \/>\n                <img decoding=\"async\" class=\"size-large\" src=\"https:\/\/cdn.gcs.gov.mo\/api\/resource\/ibs\/P24JQSGPBr\" title=\"Os visitantes brincaram com uma s\u00e9rie de produtos de alta tecnologia\" alt=\"Os visitantes brincaram com uma s\u00e9rie de produtos de alta tecnologia\" width=\"1024\"><br \/>\n                <\/a><\/p>\n<p class=\"wp-caption-text\">Os visitantes brincaram com uma s\u00e9rie de produtos de alta tecnologia<\/p>\n<\/p><\/div>\n<div class=\"wp-caption alignnone\">\n                <a href=\"https:\/\/cdn.gcs.gov.mo\/api\/resource\/ibs\/P24JQOYdBz\" data-component=\"Popup\" data-fancybox=\"gallery\" data-caption=\"Os visitantes brincaram com uma s\u00e9rie de produtos de alta tecnologia\" data-type=\"image\"><br \/>\n                <img decoding=\"async\" class=\"size-large\" src=\"https:\/\/cdn.gcs.gov.mo\/api\/resource\/ibs\/P24JQOYdBz\" title=\"Os visitantes brincaram com uma s\u00e9rie de produtos de alta tecnologia\" alt=\"Os visitantes brincaram com uma s\u00e9rie de produtos de alta tecnologia\" width=\"1024\"><br \/>\n                <\/a><\/p>\n<p class=\"wp-caption-text\">Os visitantes brincaram com uma s\u00e9rie de produtos de alta tecnologia<\/p>\n<\/p><\/div>\n<div class=\"wp-caption alignnone\">\n                <a href=\"https:\/\/cdn.gcs.gov.mo\/api\/resource\/ibs\/P24JQ0FXlE\" data-component=\"Popup\" data-fancybox=\"gallery\" data-caption=\"Os visitantes tiraram fotografias em pontos designados para receber brindes de celebra\u00e7\u00e3o do duplo anivers\u00e1rio\" data-type=\"image\"><br \/>\n                <img decoding=\"async\" class=\"size-large\" src=\"https:\/\/cdn.gcs.gov.mo\/api\/resource\/ibs\/P24JQ0FXlE\" title=\"Os visitantes tiraram fotografias em pontos designados para receber brindes de celebra\u00e7\u00e3o do duplo anivers\u00e1rio\" alt=\"Os visitantes tiraram fotografias em pontos designados para receber brindes de celebra\u00e7\u00e3o do duplo anivers\u00e1rio\" width=\"1024\"><br \/>\n                <\/a><\/p>\n<p class=\"wp-caption-text\">Os visitantes tiraram fotografias em pontos designados para receber brindes de celebra\u00e7\u00e3o do duplo anivers\u00e1rio<\/p>\n<\/p><\/div>\n<div class=\"wp-caption alignnone\">\n                <a href=\"https:\/\/cdn.gcs.gov.mo\/api\/resource\/ibs\/P24JQl1C5V\" data-component=\"Popup\" data-fancybox=\"gallery\" data-caption=\"Os visitantes tiraram fotografias em pontos designados para receber brindes de celebra\u00e7\u00e3o do duplo anivers\u00e1rio\" data-type=\"image\"><br \/>\n                <img decoding=\"async\" class=\"size-large\" src=\"https:\/\/cdn.gcs.gov.mo\/api\/resource\/ibs\/P24JQl1C5V\" title=\"Os visitantes tiraram fotografias em pontos designados para receber brindes de celebra\u00e7\u00e3o do duplo anivers\u00e1rio\" alt=\"Os visitantes tiraram fotografias em pontos designados para receber brindes de celebra\u00e7\u00e3o do duplo anivers\u00e1rio\" width=\"1024\"><br \/>\n                <\/a><\/p>\n<p class=\"wp-caption-text\">Os visitantes tiraram fotografias em pontos designados para receber brindes de celebra\u00e7\u00e3o do duplo anivers\u00e1rio<\/p>\n<\/p><\/div>\n<div class=\"wp-caption alignnone\">\n                <a href=\"https:\/\/cdn.gcs.gov.mo\/api\/resource\/ibs\/P24JQe81Jr\" data-component=\"Popup\" data-fancybox=\"gallery\" data-caption=\"Os produtos tecnol\u00f3gicos inovadores do Pavilh\u00e3o de Shenzhen, cidade parceira da MIF, atra\u00edram muitos visitantes\" data-type=\"image\"><br \/>\n                <img decoding=\"async\" class=\"size-large\" src=\"https:\/\/cdn.gcs.gov.mo\/api\/resource\/ibs\/P24JQe81Jr\" title=\"Os produtos tecnol\u00f3gicos inovadores do Pavilh\u00e3o de Shenzhen, cidade parceira da MIF, atra\u00edram muitos visitantes\" alt=\"Os produtos tecnol\u00f3gicos inovadores do Pavilh\u00e3o de Shenzhen, cidade parceira da MIF, atra\u00edram muitos visitantes\" width=\"1024\"><br \/>\n                <\/a><\/p>\n<p class=\"wp-caption-text\">Os produtos tecnol\u00f3gicos inovadores do Pavilh\u00e3o de Shenzhen, cidade parceira da MIF, atra\u00edram muitos visitantes<\/p>\n<\/p><\/div>\n<div class=\"wp-caption alignnone\">\n                <a href=\"https:\/\/cdn.gcs.gov.mo\/api\/resource\/ibs\/P24JQLnyH8\" data-component=\"Popup\" data-fancybox=\"gallery\" data-caption=\"Os visitantes experimentaram o encanto singular dos Pa\u00edses de L\u00edngua Portuguesa de forma profunda\" data-type=\"image\"><br \/>\n                <img decoding=\"async\" class=\"size-large\" src=\"https:\/\/cdn.gcs.gov.mo\/api\/resource\/ibs\/P24JQLnyH8\" title=\"Os visitantes experimentaram o encanto singular dos Pa\u00edses de L\u00edngua Portuguesa de forma profunda\" alt=\"Os visitantes experimentaram o encanto singular dos Pa\u00edses de L\u00edngua Portuguesa de forma profunda\" width=\"1024\"><br \/>\n                <\/a><\/p>\n<p class=\"wp-caption-text\">Os visitantes experimentaram o encanto singular dos Pa\u00edses de L\u00edngua Portuguesa de forma profunda<\/p>\n<\/p><\/div>\n","protected":false},"excerpt":{"rendered":"<p>Abertas ao p&uacute;blico gratuitamente, a 29.&ordf; Feira Internacional de Macau (29.&ordf; MIF) e a Exposi&ccedil;&atilde;o de Franquia de Macau 2024 (2024MFE) atraem um grande n&uacute;mero [&hellip;]<\/p>\n","protected":false},"author":1,"featured_media":480864,"comment_status":"closed","ping_status":"closed","sticky":false,"template":"","format":"standard","meta":{"_acf_changed":false,"inline_featured_image":false,"advgb_blocks_editor_width":"","advgb_blocks_columns_visual_guide":"","footnotes":""},"categories":[12],"tags":[],"class_list":["post-478927","post","type-post","status-publish","format-standard","has-post-thumbnail","hentry","category-noticias-do-ipim"],"acf":[],"yoast_head":"<!-- This site is optimized with the Yoast SEO plugin v26.2 - https:\/\/yoast.com\/wordpress\/plugins\/seo\/ -->\r\n<title>[2024\/10\/17] [Entrada gratuita] Brindes de celebra\u00e7\u00e3o do duplo anivers\u00e1rio + altas tecnologias potenciam 29.\u00aa MIF e 2024MFE | Commerce and Investment Promotion Institute<\/title>\r\n<meta name=\"robots\" content=\"index, follow, max-snippet:-1, max-image-preview:large, max-video-preview:-1\" \/>\r\n<link rel=\"canonical\" href=\"https:\/\/www.ipim.gov.mo\/pt-pt\/noticias-do-ipim\/2024-10-18-entrada-gratuita-brindes-de-celebracao-do-duplo-aniversario-altas-tecnologias-potenciam-29-a-mif-e-2024mfe\/\" \/>\r\n<meta property=\"og:locale\" content=\"pt_PT\" \/>\r\n<meta property=\"og:type\" content=\"article\" \/>\r\n<meta property=\"og:title\" content=\"[2024\/10\/17] [Entrada gratuita] Brindes de celebra\u00e7\u00e3o do duplo anivers\u00e1rio + altas tecnologias potenciam 29.\u00aa MIF e 2024MFE | Commerce and Investment Promotion Institute\" \/>\r\n<meta property=\"og:description\" content=\"Abertas ao p&uacute;blico gratuitamente, a 29.&ordf; Feira Internacional de Macau (29.&ordf; MIF) e a Exposi&ccedil;&atilde;o de Franquia de Macau 2024 (2024MFE) atraem um grande n&uacute;mero [&hellip;]\" \/>\r\n<meta property=\"og:url\" content=\"https:\/\/www.ipim.gov.mo\/pt-pt\/noticias-do-ipim\/2024-10-18-entrada-gratuita-brindes-de-celebracao-do-duplo-aniversario-altas-tecnologias-potenciam-29-a-mif-e-2024mfe\/\" \/>\r\n<meta property=\"og:site_name\" content=\"Commerce and Investment Promotion Institute\" \/>\r\n<meta property=\"article:published_time\" content=\"2024-10-17T11:30:00+00:00\" \/>\r\n<meta property=\"og:image\" content=\"https:\/\/www.ipim.gov.mo\/wp-content\/uploads\/2024\/10\/P24JQjvIii-scaled.jpeg\" \/>\r\n\t<meta property=\"og:image:width\" content=\"2560\" \/>\r\n\t<meta property=\"og:image:height\" content=\"1920\" \/>\r\n\t<meta property=\"og:image:type\" content=\"image\/jpeg\" \/>\r\n<meta name=\"author\" content=\"admin\" \/>\r\n<meta name=\"twitter:card\" content=\"summary_large_image\" \/>\r\n<meta name=\"twitter:label1\" content=\"Written by\" \/>\n\t<meta name=\"twitter:data1\" content=\"admin\" \/>\n\t<meta name=\"twitter:label2\" content=\"Est. reading time\" \/>\n\t<meta name=\"twitter:data2\" content=\"4 minutes\" \/>\r\n<script type=\"application\/ld+json\" class=\"yoast-schema-graph\">{\"@context\":\"https:\/\/schema.org\",\"@graph\":[{\"@type\":\"WebPage\",\"@id\":\"https:\/\/www.ipim.gov.mo\/pt-pt\/noticias-do-ipim\/2024-10-18-entrada-gratuita-brindes-de-celebracao-do-duplo-aniversario-altas-tecnologias-potenciam-29-a-mif-e-2024mfe\/\",\"url\":\"https:\/\/www.ipim.gov.mo\/pt-pt\/noticias-do-ipim\/2024-10-18-entrada-gratuita-brindes-de-celebracao-do-duplo-aniversario-altas-tecnologias-potenciam-29-a-mif-e-2024mfe\/\",\"name\":\"[2024\/10\/17] [Entrada gratuita] Brindes de celebra\u00e7\u00e3o do duplo anivers\u00e1rio + altas tecnologias potenciam 29.\u00aa MIF e 2024MFE | Commerce and Investment Promotion Institute\",\"isPartOf\":{\"@id\":\"https:\/\/www.ipim.gov.mo\/zh-hans\/#website\"},\"primaryImageOfPage\":{\"@id\":\"https:\/\/www.ipim.gov.mo\/pt-pt\/noticias-do-ipim\/2024-10-18-entrada-gratuita-brindes-de-celebracao-do-duplo-aniversario-altas-tecnologias-potenciam-29-a-mif-e-2024mfe\/#primaryimage\"},\"image\":{\"@id\":\"https:\/\/www.ipim.gov.mo\/pt-pt\/noticias-do-ipim\/2024-10-18-entrada-gratuita-brindes-de-celebracao-do-duplo-aniversario-altas-tecnologias-potenciam-29-a-mif-e-2024mfe\/#primaryimage\"},\"thumbnailUrl\":\"https:\/\/www.ipim.gov.mo\/wp-content\/uploads\/2024\/10\/P24JQjvIii-scaled.jpeg\",\"datePublished\":\"2024-10-17T11:30:00+00:00\",\"breadcrumb\":{\"@id\":\"https:\/\/www.ipim.gov.mo\/pt-pt\/noticias-do-ipim\/2024-10-18-entrada-gratuita-brindes-de-celebracao-do-duplo-aniversario-altas-tecnologias-potenciam-29-a-mif-e-2024mfe\/#breadcrumb\"},\"inLanguage\":\"pt-PT\",\"potentialAction\":[{\"@type\":\"ReadAction\",\"target\":[\"https:\/\/www.ipim.gov.mo\/pt-pt\/noticias-do-ipim\/2024-10-18-entrada-gratuita-brindes-de-celebracao-do-duplo-aniversario-altas-tecnologias-potenciam-29-a-mif-e-2024mfe\/\"]}]},{\"@type\":\"ImageObject\",\"inLanguage\":\"pt-PT\",\"@id\":\"https:\/\/www.ipim.gov.mo\/pt-pt\/noticias-do-ipim\/2024-10-18-entrada-gratuita-brindes-de-celebracao-do-duplo-aniversario-altas-tecnologias-potenciam-29-a-mif-e-2024mfe\/#primaryimage\",\"url\":\"https:\/\/www.ipim.gov.mo\/wp-content\/uploads\/2024\/10\/P24JQjvIii-scaled.jpeg\",\"contentUrl\":\"https:\/\/www.ipim.gov.mo\/wp-content\/uploads\/2024\/10\/P24JQjvIii-scaled.jpeg\",\"width\":2560,\"height\":1920},{\"@type\":\"BreadcrumbList\",\"@id\":\"https:\/\/www.ipim.gov.mo\/pt-pt\/noticias-do-ipim\/2024-10-18-entrada-gratuita-brindes-de-celebracao-do-duplo-aniversario-altas-tecnologias-potenciam-29-a-mif-e-2024mfe\/#breadcrumb\",\"itemListElement\":[{\"@type\":\"ListItem\",\"position\":1,\"name\":\"Home\",\"item\":\"https:\/\/www.ipim.gov.mo\/pt-pt\/\"},{\"@type\":\"ListItem\",\"position\":2,\"name\":\"[2024\/10\/17] [Entrada gratuita] Brindes de celebra\u00e7\u00e3o do duplo anivers\u00e1rio + altas tecnologias potenciam 29.\u00aa MIF e 2024MFE\"}]},{\"@type\":\"WebSite\",\"@id\":\"https:\/\/www.ipim.gov.mo\/zh-hans\/#website\",\"url\":\"https:\/\/www.ipim.gov.mo\/zh-hans\/\",\"name\":\"Commerce and Investment Promotion Institute\",\"description\":\"Commerce and Investment Promotion Institute\",\"publisher\":{\"@id\":\"https:\/\/www.ipim.gov.mo\/zh-hans\/#organization\"},\"potentialAction\":[{\"@type\":\"SearchAction\",\"target\":{\"@type\":\"EntryPoint\",\"urlTemplate\":\"https:\/\/www.ipim.gov.mo\/zh-hans\/?s={search_term_string}\"},\"query-input\":{\"@type\":\"PropertyValueSpecification\",\"valueRequired\":true,\"valueName\":\"search_term_string\"}}],\"inLanguage\":\"pt-PT\"},{\"@type\":\"Organization\",\"@id\":\"https:\/\/www.ipim.gov.mo\/zh-hans\/#organization\",\"name\":\"IPIM\",\"url\":\"https:\/\/www.ipim.gov.mo\/zh-hans\/\",\"logo\":{\"@type\":\"ImageObject\",\"inLanguage\":\"pt-PT\",\"@id\":\"https:\/\/www.ipim.gov.mo\/zh-hans\/#\/schema\/logo\/image\/\",\"url\":\"https:\/\/www.ipim.gov.mo\/wp-content\/uploads\/2022\/10\/default-post-thumbnail-ipim-logo.png\",\"contentUrl\":\"https:\/\/www.ipim.gov.mo\/wp-content\/uploads\/2022\/10\/default-post-thumbnail-ipim-logo.png\",\"width\":1024,\"height\":768,\"caption\":\"IPIM\"},\"image\":{\"@id\":\"https:\/\/www.ipim.gov.mo\/zh-hans\/#\/schema\/logo\/image\/\"}}]}<\/script>\r\n<!-- \/ Yoast SEO plugin. -->","yoast_head_json":{"title":"[2024\/10\/17] [Entrada gratuita] Brindes de celebra\u00e7\u00e3o do duplo anivers\u00e1rio + altas tecnologias potenciam 29.\u00aa MIF e 2024MFE | Commerce and Investment Promotion Institute","robots":{"index":"index","follow":"follow","max-snippet":"max-snippet:-1","max-image-preview":"max-image-preview:large","max-video-preview":"max-video-preview:-1"},"canonical":"https:\/\/www.ipim.gov.mo\/pt-pt\/noticias-do-ipim\/2024-10-18-entrada-gratuita-brindes-de-celebracao-do-duplo-aniversario-altas-tecnologias-potenciam-29-a-mif-e-2024mfe\/","og_locale":"pt_PT","og_type":"article","og_title":"[2024\/10\/17] [Entrada gratuita] Brindes de celebra\u00e7\u00e3o do duplo anivers\u00e1rio + altas tecnologias potenciam 29.\u00aa MIF e 2024MFE | Commerce and Investment Promotion Institute","og_description":"Abertas ao p&uacute;blico gratuitamente, a 29.&ordf; Feira Internacional de Macau (29.&ordf; MIF) e a Exposi&ccedil;&atilde;o de Franquia de Macau 2024 (2024MFE) atraem um grande n&uacute;mero [&hellip;]","og_url":"https:\/\/www.ipim.gov.mo\/pt-pt\/noticias-do-ipim\/2024-10-18-entrada-gratuita-brindes-de-celebracao-do-duplo-aniversario-altas-tecnologias-potenciam-29-a-mif-e-2024mfe\/","og_site_name":"Commerce and Investment Promotion Institute","article_published_time":"2024-10-17T11:30:00+00:00","og_image":[{"width":2560,"height":1920,"url":"https:\/\/www.ipim.gov.mo\/wp-content\/uploads\/2024\/10\/P24JQjvIii-scaled.jpeg","type":"image\/jpeg"}],"author":"admin","twitter_card":"summary_large_image","twitter_misc":{"Written by":"admin","Est. reading time":"4 minutes"},"schema":{"@context":"https:\/\/schema.org","@graph":[{"@type":"WebPage","@id":"https:\/\/www.ipim.gov.mo\/pt-pt\/noticias-do-ipim\/2024-10-18-entrada-gratuita-brindes-de-celebracao-do-duplo-aniversario-altas-tecnologias-potenciam-29-a-mif-e-2024mfe\/","url":"https:\/\/www.ipim.gov.mo\/pt-pt\/noticias-do-ipim\/2024-10-18-entrada-gratuita-brindes-de-celebracao-do-duplo-aniversario-altas-tecnologias-potenciam-29-a-mif-e-2024mfe\/","name":"[2024\/10\/17] [Entrada gratuita] Brindes de celebra\u00e7\u00e3o do duplo anivers\u00e1rio + altas tecnologias potenciam 29.\u00aa MIF e 2024MFE | Commerce and Investment Promotion Institute","isPartOf":{"@id":"https:\/\/www.ipim.gov.mo\/zh-hans\/#website"},"primaryImageOfPage":{"@id":"https:\/\/www.ipim.gov.mo\/pt-pt\/noticias-do-ipim\/2024-10-18-entrada-gratuita-brindes-de-celebracao-do-duplo-aniversario-altas-tecnologias-potenciam-29-a-mif-e-2024mfe\/#primaryimage"},"image":{"@id":"https:\/\/www.ipim.gov.mo\/pt-pt\/noticias-do-ipim\/2024-10-18-entrada-gratuita-brindes-de-celebracao-do-duplo-aniversario-altas-tecnologias-potenciam-29-a-mif-e-2024mfe\/#primaryimage"},"thumbnailUrl":"https:\/\/www.ipim.gov.mo\/wp-content\/uploads\/2024\/10\/P24JQjvIii-scaled.jpeg","datePublished":"2024-10-17T11:30:00+00:00","breadcrumb":{"@id":"https:\/\/www.ipim.gov.mo\/pt-pt\/noticias-do-ipim\/2024-10-18-entrada-gratuita-brindes-de-celebracao-do-duplo-aniversario-altas-tecnologias-potenciam-29-a-mif-e-2024mfe\/#breadcrumb"},"inLanguage":"pt-PT","potentialAction":[{"@type":"ReadAction","target":["https:\/\/www.ipim.gov.mo\/pt-pt\/noticias-do-ipim\/2024-10-18-entrada-gratuita-brindes-de-celebracao-do-duplo-aniversario-altas-tecnologias-potenciam-29-a-mif-e-2024mfe\/"]}]},{"@type":"ImageObject","inLanguage":"pt-PT","@id":"https:\/\/www.ipim.gov.mo\/pt-pt\/noticias-do-ipim\/2024-10-18-entrada-gratuita-brindes-de-celebracao-do-duplo-aniversario-altas-tecnologias-potenciam-29-a-mif-e-2024mfe\/#primaryimage","url":"https:\/\/www.ipim.gov.mo\/wp-content\/uploads\/2024\/10\/P24JQjvIii-scaled.jpeg","contentUrl":"https:\/\/www.ipim.gov.mo\/wp-content\/uploads\/2024\/10\/P24JQjvIii-scaled.jpeg","width":2560,"height":1920},{"@type":"BreadcrumbList","@id":"https:\/\/www.ipim.gov.mo\/pt-pt\/noticias-do-ipim\/2024-10-18-entrada-gratuita-brindes-de-celebracao-do-duplo-aniversario-altas-tecnologias-potenciam-29-a-mif-e-2024mfe\/#breadcrumb","itemListElement":[{"@type":"ListItem","position":1,"name":"Home","item":"https:\/\/www.ipim.gov.mo\/pt-pt\/"},{"@type":"ListItem","position":2,"name":"[2024\/10\/17] [Entrada gratuita] Brindes de celebra\u00e7\u00e3o do duplo anivers\u00e1rio + altas tecnologias potenciam 29.\u00aa MIF e 2024MFE"}]},{"@type":"WebSite","@id":"https:\/\/www.ipim.gov.mo\/zh-hans\/#website","url":"https:\/\/www.ipim.gov.mo\/zh-hans\/","name":"Commerce and Investment Promotion Institute","description":"Commerce and Investment Promotion Institute","publisher":{"@id":"https:\/\/www.ipim.gov.mo\/zh-hans\/#organization"},"potentialAction":[{"@type":"SearchAction","target":{"@type":"EntryPoint","urlTemplate":"https:\/\/www.ipim.gov.mo\/zh-hans\/?s={search_term_string}"},"query-input":{"@type":"PropertyValueSpecification","valueRequired":true,"valueName":"search_term_string"}}],"inLanguage":"pt-PT"},{"@type":"Organization","@id":"https:\/\/www.ipim.gov.mo\/zh-hans\/#organization","name":"IPIM","url":"https:\/\/www.ipim.gov.mo\/zh-hans\/","logo":{"@type":"ImageObject","inLanguage":"pt-PT","@id":"https:\/\/www.ipim.gov.mo\/zh-hans\/#\/schema\/logo\/image\/","url":"https:\/\/www.ipim.gov.mo\/wp-content\/uploads\/2022\/10\/default-post-thumbnail-ipim-logo.png","contentUrl":"https:\/\/www.ipim.gov.mo\/wp-content\/uploads\/2022\/10\/default-post-thumbnail-ipim-logo.png","width":1024,"height":768,"caption":"IPIM"},"image":{"@id":"https:\/\/www.ipim.gov.mo\/zh-hans\/#\/schema\/logo\/image\/"}}]}},"author_meta":{"display_name":"admin","author_link":"https:\/\/www.ipim.gov.mo\/pt-pt\/author\/admin\/"},"featured_img":"https:\/\/www.ipim.gov.mo\/wp-content\/uploads\/2024\/10\/P24JQjvIii-300x225.jpeg","coauthors":[],"tax_additional":{"categories":{"linked":["<a href=\"https:\/\/www.ipim.gov.mo\/pt-pt\/category\/noticias-do-ipim\/\" class=\"advgb-post-tax-term\">Not\u00edcias do IPIM<\/a>"],"unlinked":["<span class=\"advgb-post-tax-term\">Not\u00edcias do IPIM<\/span>"]}},"comment_count":"0","relative_dates":{"created":"Posted 2 years ago","modified":"Updated 2 years ago"},"absolute_dates":{"created":"Posted on Outubro 17, 2024","modified":"Updated on Outubro 17, 2024"},"absolute_dates_time":{"created":"Posted on Outubro 17, 2024 7:30 pm","modified":"Updated on Outubro 17, 2024 7:30 pm"},"featured_img_caption":"","series_order":"","_links":{"self":[{"href":"https:\/\/www.ipim.gov.mo\/pt-pt\/wp-json\/wp\/v2\/posts\/478927","targetHints":{"allow":["GET"]}}],"collection":[{"href":"https:\/\/www.ipim.gov.mo\/pt-pt\/wp-json\/wp\/v2\/posts"}],"about":[{"href":"https:\/\/www.ipim.gov.mo\/pt-pt\/wp-json\/wp\/v2\/types\/post"}],"author":[{"embeddable":true,"href":"https:\/\/www.ipim.gov.mo\/pt-pt\/wp-json\/wp\/v2\/users\/1"}],"replies":[{"embeddable":true,"href":"https:\/\/www.ipim.gov.mo\/pt-pt\/wp-json\/wp\/v2\/comments?post=478927"}],"version-history":[{"count":0,"href":"https:\/\/www.ipim.gov.mo\/pt-pt\/wp-json\/wp\/v2\/posts\/478927\/revisions"}],"wp:featuredmedia":[{"embeddable":true,"href":"https:\/\/www.ipim.gov.mo\/pt-pt\/wp-json\/wp\/v2\/media\/480864"}],"wp:attachment":[{"href":"https:\/\/www.ipim.gov.mo\/pt-pt\/wp-json\/wp\/v2\/media?parent=478927"}],"wp:term":[{"taxonomy":"category","embeddable":true,"href":"https:\/\/www.ipim.gov.mo\/pt-pt\/wp-json\/wp\/v2\/categories?post=478927"},{"taxonomy":"post_tag","embeddable":true,"href":"https:\/\/www.ipim.gov.mo\/pt-pt\/wp-json\/wp\/v2\/tags?post=478927"}],"curies":[{"name":"wp","href":"https:\/\/api.w.org\/{rel}","templated":true}]}}