{"id":478925,"date":"2024-10-17T19:37:00","date_gmt":"2024-10-17T11:37:00","guid":{"rendered":"https:\/\/www.ipim.gov.mo\/noticias-do-ipim\/2024-10-18-plataforma-sino-lusofona-grupo-haishan-estabelece-em-macau-uma-sede-de-operacoes-para-gerir-actividades-desenvolvidas-nos-plps-participacao-de-mais-de-180-representantes-da-china-e-de-a\/"},"modified":"2024-10-17T19:37:00","modified_gmt":"2024-10-17T11:37:00","slug":"2024-10-18-plataforma-sino-lusofona-grupo-haishan-estabelece-em-macau-uma-sede-de-operacoes-para-gerir-actividades-desenvolvidas-nos-plps-participacao-de-mais-de-180-representantes-da-china-e-de-a","status":"publish","type":"post","link":"https:\/\/www.ipim.gov.mo\/pt-pt\/noticias-do-ipim\/2024-10-18-plataforma-sino-lusofona-grupo-haishan-estabelece-em-macau-uma-sede-de-operacoes-para-gerir-actividades-desenvolvidas-nos-plps-participacao-de-mais-de-180-representantes-da-china-e-de-a\/","title":{"rendered":"[2024\/10\/17] [Plataforma Sino-Lus\u00f3fona] Grupo Haishan estabelece em Macau uma sede de opera\u00e7\u00f5es para gerir actividades desenvolvidas nos PLPs Participa\u00e7\u00e3o de mais de 180 representantes da China e de Angola no F\u00f3rum de Apresenta\u00e7\u00e3o de Investimento e Coopera\u00e7\u00e3o Econ\u00f3mica e Comercial da China\u2013Angola"},"content":{"rendered":"<p style=\"text-align:justify\">No seguimento dos resultados de coopera&ccedil;&atilde;o do Encontro de Empres&aacute;rios para a Coopera&ccedil;&atilde;o Econ&oacute;mica e Comercial entre a China e os Pa&iacute;ses de L&iacute;ngua Portuguesa 2024, realizado com &ecirc;xito em Luanda, Angola, em Julho do corrente ano, teve lugar durante a 29.&ordf; Feira Internacional de Macau (29.&ordf; MIF) o F&oacute;rum de Apresenta&ccedil;&atilde;o de Investimento e Coopera&ccedil;&atilde;o Econ&oacute;mica e Comercial da China\u2013Angola, que contou com a presen&ccedil;a de mais de 180 membros de governos, associa&ccedil;&otilde;es comerciais e empresas do Interior da China, de Angola e de Macau.<\/p>\n<p style=\"text-align:justify\">Na ocasi&atilde;o, foram realizadas a Cerim&oacute;nia de Descerramento de L&aacute;pide de Estabelecimento da Sede de Opera&ccedil;&otilde;es de PLPs em Macau do Grupo Haishan, bem como a Cerim&oacute;nia de Assinatura de Protocolo entre a C&acirc;mara de Com&eacute;rcio Angola\u2013China e a Associa&ccedil;&atilde;o Sino-Lus&oacute;fona da Ind&uacute;stria e Promo&ccedil;&atilde;o de Interc&acirc;mbio Cultural (Macau). S&atilde;o exemplos de bons usos das vantagens proporcionadas pela plataforma sino-lus&oacute;fona no planeamento de neg&oacute;cios.<\/p>\n<p style=\"text-align:justify\">Al&eacute;m disso, na 29.&ordf; MIF foi disponibilizada especialmente a Zona de Exposi&ccedil;&atilde;o Alusiva aos Mercados dos Pa&iacute;ses de L&iacute;ngua Portuguesa. Durante a Sess&atilde;o de Bolsas de Contactos no &acirc;mbito de Produtos e Servi&ccedil;os dos Pa&iacute;ses de L&iacute;ngua Portuguesa, foram organizados mais de 60 encontros comerciais para os representantes de empresas dedicadas ao com&eacute;rcio de bebidas alco&oacute;licas, alimentos, bebidas e log&iacute;sticas, com o objectivo de criar mais trocas econ&oacute;micas e comerciais entre a China e os Pa&iacute;ses de L&iacute;ngua Portuguesa, bem como entre os Pa&iacute;ses de L&iacute;ngua Portuguesa e a comunidade internacional.<\/p>\n<p style=\"text-align:justify\"><strong>Explora&ccedil;&atilde;o conjunta de oportunidades de investimento e coopera&ccedil;&atilde;o entre a China e Angola<\/strong><\/p>\n<p style=\"text-align:justify\">Co-organizado pelo Instituto de Promo&ccedil;&atilde;o do Com&eacute;rcio e do Investimento da Regi&atilde;o Administrativa Especial de Macau e pela C&acirc;mara de Com&eacute;rcio Angola\u2013China, o F&oacute;rum de Apresenta&ccedil;&atilde;o de Investimento e Coopera&ccedil;&atilde;o Econ&oacute;mica e Comercial da China\u2013Angola concentrou-se em dois temas, nomeadamente, \u201cas ind&uacute;strias vantajosas de Angola que podem ser desenvolvidas de forma sin&eacute;rgica e os servi&ccedil;os de apoio que podem ser prestados pelos representantes\u201d, bem como \u201co ambiente de neg&oacute;cios e as oportunidades de investimento de Angola\u201d. O F&oacute;rum contou com as interven&ccedil;&otilde;es do C&ocirc;nsul-Geral da Rep&uacute;blica de Angola na RAEM, Dr. Eduardo Velasco Galiano, do Presidente do Instituto de Promo&ccedil;&atilde;o do Com&eacute;rcio e do Investimento da RAEM, Vincent U, assim como do Presidente da C&acirc;mara de Com&eacute;rcio Angola\u2013China, Lu&iacute;s Cupenala.<\/p>\n<p style=\"text-align:justify\">Para o F&oacute;rum, foram convidados representantes da C&acirc;mara de Com&eacute;rcio Angola\u2013China, da Ag&ecirc;ncia para a Promo&ccedil;&atilde;o de Investimento e Exporta&ccedil;&otilde;es de Angola (AIPEX), da Federa&ccedil;&atilde;o Empresarial da China e dos Pa&iacute;ses de L&iacute;ngua Portuguesa, do Conselho Empresarial China\u2013&Aacute;frica, da Empresa de Gest&atilde;o do Fundo de Coopera&ccedil;&atilde;o para o Desenvolvimento China\u2013Pa&iacute;ses de L&iacute;ngua Portuguesa, da Zona Econ&oacute;mica Especial Luanda\u2013Bengo (ZEE), do Instituto de Seguran&ccedil;a Social das For&ccedil;as Armadas Angolanas bem como de duas empresas angolanas, para serem oradores. N&atilde;o s&oacute; partilharam informa&ccedil;&otilde;es sobre os recentes desenvolvimentos e as &uacute;ltimas oportunidades industriais de Angola, como tamb&eacute;m aproveitaram as vantagens de Macau enquanto plataforma sino-lus&oacute;fona para alargar ainda mais a coopera&ccedil;&atilde;o entre a China e Angola, bem como entre os dois pa&iacute;ses e o resto do mundo.<\/p>\n<p style=\"text-align:justify\">Uma empresa participante, proveniente de um dos Pa&iacute;ses de L&iacute;ngua Portuguesa, afirmou o papel de liga&ccedil;&atilde;o do F&oacute;rum. Esta iniciativa n&atilde;o s&oacute; ofereceu as informa&ccedil;&otilde;es mais recentes das &aacute;reas de economia, com&eacute;rcio e investimento da China e de Angola, como tamb&eacute;m permitiu aos empres&aacute;rios estrangeiros encontrar, de forma eficaz, parceiros de coopera&ccedil;&atilde;o com potencial em Macau e no Interior da China.<\/p>\n<p style=\"text-align:justify\">Uma empresa do Interior da China, por sua vez, manifestou que a participa&ccedil;&atilde;o de empresas dos pa&iacute;ses lus&oacute;fonos facilitou a sua explora&ccedil;&atilde;o do mercado desses pa&iacute;ses. Durante a MIF, j&aacute; identificou alguns hom&oacute;logos, provenientes dos PLPs e em breve, ir&aacute; proceder &agrave; negocia&ccedil;&atilde;o de mais detalhes, com vista a promover o estabelecimento de projectos.<\/p>\n<p style=\"text-align:justify\"><strong>Mais de 180 expositores apresentaram novas oportunidades de neg&oacute;cio de desenvolvimento econ&oacute;mico e comercial dos Pa&iacute;ses de L&iacute;ngua Portuguesa<\/strong><\/p>\n<p style=\"text-align:justify\">A Zona de Exposi&ccedil;&atilde;o Alusiva aos Mercados dos Pa&iacute;ses de L&iacute;ngua Portuguesa da 29.&ordf; MIF conta com mais de 200&nbsp;<em>stands<\/em>, atraindo mais de 180 participantes de Pa&iacute;ses de L&iacute;ngua Portuguesa, incluindo organismos governamentais, associa&ccedil;&otilde;es comerciais e empresas, de &aacute;reas como investimento, promo&ccedil;&atilde;o de projectos, tecnologia e maquinaria agr&iacute;colas, produtos agr&iacute;colas, bebidas alco&oacute;licas, <em>snacks<\/em>, caf&eacute;, produtos culturais e criativos, finan&ccedil;as, com&eacute;rcio electr&oacute;nico transfronteiri&ccedil;o, log&iacute;stica e carga, entre outras. Esta zona visa ajudar os comerciantes participantes a obterem um conhecimento profundo sobre novas oportunidades de neg&oacute;cio de desenvolvimento econ&oacute;mico e comercial dos Pa&iacute;ses de L&iacute;ngua Portuguesa, de modo a promover mais parcerias.<\/p>\n<p style=\"text-align:justify\">Durante o per&iacute;odo da MIF, realizou-se uma s&eacute;rie de actividades de promo&ccedil;&atilde;o econ&oacute;mica e comercial, relacionadas com os Pa&iacute;ses de L&iacute;ngua Portuguesa, incluindo a 14.&ordf; Cimeira para o Desenvolvimento Comercial e Industrial da Prov&iacute;ncia de Jiangsu, Macau e dos Pa&iacute;ses de L&iacute;ngua Portuguesa, bem como a Sess&atilde;o de Interc&acirc;mbio Econ&oacute;mico e Comercial entre os Pa&iacute;ses de L&iacute;ngua Portuguesa, Fujian e Macau. Os eventos dedicaram-se &agrave; cria&ccedil;&atilde;o de um cen&aacute;rio de fus&atilde;o, que integra exposi&ccedil;&otilde;es, demonstra&ccedil;&otilde;es, f&oacute;runs, confer&ecirc;ncias, promo&ccedil;&otilde;es de projectos, bolsas de contacto, encontros comerciais, entre outros. O objectivo passa ainda por refor&ccedil;ar a interac&ccedil;&atilde;o entre os comerciantes participantes, para que estes experimentem os produtos e os servi&ccedil;os dos Pa&iacute;ses de L&iacute;ngua Portuguesa, bem como construir uma plataforma de coopera&ccedil;&atilde;o econ&oacute;mica e comercial abrangente entre as empresas da China e dos Pa&iacute;ses de L&iacute;ngua Portuguesa.<\/p>\n<div class=\"wp-caption alignnone\">\n                <a href=\"https:\/\/cdn.gcs.gov.mo\/api\/resource\/ibs\/P24JQzgJIl\" data-component=\"Popup\" data-fancybox=\"gallery\" data-caption=\"Estabelecimento da sede de opera\u00e7\u00f5es do Grupo Haishan em Macau para gerir actividades desenvolvidas nos PLPs\" data-type=\"image\"><br \/>\n                <img decoding=\"async\" class=\"size-large\" src=\"https:\/\/cdn.gcs.gov.mo\/api\/resource\/ibs\/P24JQzgJIl\" title=\"Estabelecimento da sede de opera\u00e7\u00f5es do Grupo Haishan em Macau para gerir actividades desenvolvidas nos PLPs\" alt=\"Estabelecimento da sede de opera\u00e7\u00f5es do Grupo Haishan em Macau para gerir actividades desenvolvidas nos PLPs\" width=\"1024\"><br \/>\n                <\/a><\/p>\n<p class=\"wp-caption-text\">Estabelecimento da sede de opera\u00e7\u00f5es do Grupo Haishan em Macau para gerir actividades desenvolvidas nos PLPs<\/p>\n<\/p><\/div>\n<div class=\"wp-caption alignnone\">\n                <a href=\"https:\/\/cdn.gcs.gov.mo\/api\/resource\/ibs\/P24JQrMQUY\" data-component=\"Popup\" data-fancybox=\"gallery\" data-caption=\"A Sess\u00e3o de Apresenta\u00e7\u00e3o de Investimento e Coopera\u00e7\u00e3o Econ\u00f3mica e Comercial da China\u2013Angola criou mais trocas econ\u00f3micas e comerciais entre a China e os Pa\u00edses de L\u00edngua Portuguesa, bem como entre os Pa\u00edses de L\u00edngua Portuguesa e a comunidade internacional\" data-type=\"image\"><br \/>\n                <img decoding=\"async\" class=\"size-large\" src=\"https:\/\/cdn.gcs.gov.mo\/api\/resource\/ibs\/P24JQrMQUY\" title=\"A Sess\u00e3o de Apresenta\u00e7\u00e3o de Investimento e Coopera\u00e7\u00e3o Econ\u00f3mica e Comercial da China\u2013Angola criou mais trocas econ\u00f3micas e comerciais entre a China e os Pa\u00edses de L\u00edngua Portuguesa, bem como entre os Pa\u00edses de L\u00edngua Portuguesa e a comunidade internacional\" alt=\"A Sess\u00e3o de Apresenta\u00e7\u00e3o de Investimento e Coopera\u00e7\u00e3o Econ\u00f3mica e Comercial da China\u2013Angola criou mais trocas econ\u00f3micas e comerciais entre a China e os Pa\u00edses de L\u00edngua Portuguesa, bem como entre os Pa\u00edses de L\u00edngua Portuguesa e a comunidade internacional\" width=\"1024\"><br \/>\n                <\/a><\/p>\n<p class=\"wp-caption-text\">A Sess\u00e3o de Apresenta\u00e7\u00e3o de Investimento e Coopera\u00e7\u00e3o Econ\u00f3mica e Comercial da China\u2013Angola criou mais trocas econ\u00f3micas e comerciais entre a China e os Pa\u00edses de L\u00edngua Portuguesa, bem como entre os Pa\u00edses de L\u00edngua Portuguesa e a comunidade internacional<\/p>\n<\/p><\/div>\n<div class=\"wp-caption alignnone\">\n                <a href=\"https:\/\/cdn.gcs.gov.mo\/api\/resource\/ibs\/P24JQxEnHm\" data-component=\"Popup\" data-fancybox=\"gallery\" data-caption=\"Cerim\u00f3nia de Assinatura de Protocolo entre a C\u00e2mara de Com\u00e9rcio Angola\u2013China e a Associa\u00e7\u00e3o Sino-Lus\u00f3fona da Ind\u00fastria e Promo\u00e7\u00e3o de Interc\u00e2mbio Cultural (Macau)\" data-type=\"image\"><br \/>\n                <img decoding=\"async\" class=\"size-large\" src=\"https:\/\/cdn.gcs.gov.mo\/api\/resource\/ibs\/P24JQxEnHm\" title=\"Cerim\u00f3nia de Assinatura de Protocolo entre a C\u00e2mara de Com\u00e9rcio Angola\u2013China e a Associa\u00e7\u00e3o Sino-Lus\u00f3fona da Ind\u00fastria e Promo\u00e7\u00e3o de Interc\u00e2mbio Cultural (Macau)\" alt=\"Cerim\u00f3nia de Assinatura de Protocolo entre a C\u00e2mara de Com\u00e9rcio Angola\u2013China e a Associa\u00e7\u00e3o Sino-Lus\u00f3fona da Ind\u00fastria e Promo\u00e7\u00e3o de Interc\u00e2mbio Cultural (Macau)\" width=\"1024\"><br \/>\n                <\/a><\/p>\n<p class=\"wp-caption-text\">Cerim\u00f3nia de Assinatura de Protocolo entre a C\u00e2mara de Com\u00e9rcio Angola\u2013China e a Associa\u00e7\u00e3o Sino-Lus\u00f3fona da Ind\u00fastria e Promo\u00e7\u00e3o de Interc\u00e2mbio Cultural (Macau)<\/p>\n<\/p><\/div>\n<div class=\"wp-caption alignnone\">\n                <a href=\"https:\/\/cdn.gcs.gov.mo\/api\/resource\/ibs\/P24JQEeuUS\" data-component=\"Popup\" data-fancybox=\"gallery\" data-caption=\"A Sess\u00e3o de Bolsas de Contacto no \u00c2mbito de Produtos Caracter\u00edsticos dos Pa\u00edses de L\u00edngua Portuguesa ajudou a explorar oportunidades de neg\u00f3cio da China e dos Pa\u00edses de L\u00edngua Portuguesa\" data-type=\"image\"><br \/>\n                <img decoding=\"async\" class=\"size-large\" src=\"https:\/\/cdn.gcs.gov.mo\/api\/resource\/ibs\/P24JQEeuUS\" title=\"A Sess\u00e3o de Bolsas de Contacto no \u00c2mbito de Produtos Caracter\u00edsticos dos Pa\u00edses de L\u00edngua Portuguesa ajudou a explorar oportunidades de neg\u00f3cio da China e dos Pa\u00edses de L\u00edngua Portuguesa\" alt=\"A Sess\u00e3o de Bolsas de Contacto no \u00c2mbito de Produtos Caracter\u00edsticos dos Pa\u00edses de L\u00edngua Portuguesa ajudou a explorar oportunidades de neg\u00f3cio da China e dos Pa\u00edses de L\u00edngua Portuguesa\" width=\"1024\"><br \/>\n                <\/a><\/p>\n<p class=\"wp-caption-text\">A Sess\u00e3o de Bolsas de Contacto no \u00c2mbito de Produtos Caracter\u00edsticos dos Pa\u00edses de L\u00edngua Portuguesa ajudou a explorar oportunidades de neg\u00f3cio da China e dos Pa\u00edses de L\u00edngua Portuguesa<\/p>\n<\/p><\/div>\n<div class=\"wp-caption alignnone\">\n                <a href=\"https:\/\/cdn.gcs.gov.mo\/api\/resource\/ibs\/P24JQCvFh7\" data-component=\"Popup\" data-fancybox=\"gallery\" data-caption=\"Realizou-se, com sucesso, a 14.\u00aa Cimeira para o Desenvolvimento Comercial e Industrial da Prov\u00edncia de Jiangsu, Macau e dos Pa\u00edses de L\u00edngua Portuguesa.\" data-type=\"image\"><br \/>\n                <img decoding=\"async\" class=\"size-large\" src=\"https:\/\/cdn.gcs.gov.mo\/api\/resource\/ibs\/P24JQCvFh7\" title=\"Realizou-se, com sucesso, a 14.\u00aa Cimeira para o Desenvolvimento Comercial e Industrial da Prov\u00edncia de Jiangsu, Macau e dos Pa\u00edses de L\u00edngua Portuguesa.\" alt=\"Realizou-se, com sucesso, a 14.\u00aa Cimeira para o Desenvolvimento Comercial e Industrial da Prov\u00edncia de Jiangsu, Macau e dos Pa\u00edses de L\u00edngua Portuguesa.\" width=\"1024\"><br \/>\n                <\/a><\/p>\n<p class=\"wp-caption-text\">Realizou-se, com sucesso, a 14.\u00aa Cimeira para o Desenvolvimento Comercial e Industrial da Prov\u00edncia de Jiangsu, Macau e dos Pa\u00edses de L\u00edngua Portuguesa.<\/p>\n<\/p><\/div>\n<div class=\"wp-caption alignnone\">\n                <a href=\"https:\/\/cdn.gcs.gov.mo\/api\/resource\/ibs\/P24JQ2UFUK\" data-component=\"Popup\" data-fancybox=\"gallery\" data-caption=\"Realizou-se, com sucesso, a 14.\u00aa Cimeira para o Desenvolvimento Comercial e Industrial da Prov\u00edncia de Jiangsu, Macau e dos Pa\u00edses de L\u00edngua Portuguesa.\" data-type=\"image\"><br \/>\n                <img decoding=\"async\" class=\"size-large\" src=\"https:\/\/cdn.gcs.gov.mo\/api\/resource\/ibs\/P24JQ2UFUK\" title=\"Realizou-se, com sucesso, a 14.\u00aa Cimeira para o Desenvolvimento Comercial e Industrial da Prov\u00edncia de Jiangsu, Macau e dos Pa\u00edses de L\u00edngua Portuguesa.\" alt=\"Realizou-se, com sucesso, a 14.\u00aa Cimeira para o Desenvolvimento Comercial e Industrial da Prov\u00edncia de Jiangsu, Macau e dos Pa\u00edses de L\u00edngua Portuguesa.\" width=\"1024\"><br \/>\n                <\/a><\/p>\n<p class=\"wp-caption-text\">Realizou-se, com sucesso, a 14.\u00aa Cimeira para o Desenvolvimento Comercial e Industrial da Prov\u00edncia de Jiangsu, Macau e dos Pa\u00edses de L\u00edngua Portuguesa.<\/p>\n<\/p><\/div>\n<div class=\"wp-caption alignnone\">\n                <a href=\"https:\/\/cdn.gcs.gov.mo\/api\/resource\/ibs\/P24JQDRR8f\" data-component=\"Popup\" data-fancybox=\"gallery\" data-caption=\"Sess\u00e3o de Interc\u00e2mbio Econ\u00f3mico e Comercial entre os Pa\u00edses de L\u00edngua Portuguesa, Fujian e Macau.\" data-type=\"image\"><br \/>\n                <img decoding=\"async\" class=\"size-large\" src=\"https:\/\/cdn.gcs.gov.mo\/api\/resource\/ibs\/P24JQDRR8f\" title=\"Sess\u00e3o de Interc\u00e2mbio Econ\u00f3mico e Comercial entre os Pa\u00edses de L\u00edngua Portuguesa, Fujian e Macau.\" alt=\"Sess\u00e3o de Interc\u00e2mbio Econ\u00f3mico e Comercial entre os Pa\u00edses de L\u00edngua Portuguesa, Fujian e Macau.\" width=\"1024\"><br \/>\n                <\/a><\/p>\n<p class=\"wp-caption-text\">Sess\u00e3o de Interc\u00e2mbio Econ\u00f3mico e Comercial entre os Pa\u00edses de L\u00edngua Portuguesa, Fujian e Macau.<\/p>\n<\/p><\/div>\n","protected":false},"excerpt":{"rendered":"<p>No seguimento dos resultados de coopera&ccedil;&atilde;o do Encontro de Empres&aacute;rios para a Coopera&ccedil;&atilde;o Econ&oacute;mica e Comercial entre a China e os Pa&iacute;ses de L&iacute;ngua Portuguesa [&hellip;]<\/p>\n","protected":false},"author":1,"featured_media":480859,"comment_status":"closed","ping_status":"closed","sticky":false,"template":"","format":"standard","meta":{"_acf_changed":false,"inline_featured_image":false,"advgb_blocks_editor_width":"","advgb_blocks_columns_visual_guide":"","footnotes":""},"categories":[12],"tags":[],"class_list":["post-478925","post","type-post","status-publish","format-standard","has-post-thumbnail","hentry","category-noticias-do-ipim"],"acf":[],"yoast_head":"<!-- This site is optimized with the Yoast SEO plugin v26.2 - https:\/\/yoast.com\/wordpress\/plugins\/seo\/ -->\r\n<title>[2024\/10\/17] [Plataforma Sino-Lus\u00f3fona] Grupo Haishan estabelece em Macau uma sede de opera\u00e7\u00f5es para gerir actividades desenvolvidas nos PLPs Participa\u00e7\u00e3o de mais de 180 representantes da China e de Angola no F\u00f3rum de Apresenta\u00e7\u00e3o de Investimento e Coopera\u00e7\u00e3o Econ\u00f3mica e Comercial da China\u2013Angola | Commerce and Investment Promotion Institute<\/title>\r\n<meta name=\"robots\" content=\"index, follow, max-snippet:-1, max-image-preview:large, max-video-preview:-1\" \/>\r\n<link rel=\"canonical\" href=\"https:\/\/www.ipim.gov.mo\/pt-pt\/noticias-do-ipim\/2024-10-18-plataforma-sino-lusofona-grupo-haishan-estabelece-em-macau-uma-sede-de-operacoes-para-gerir-actividades-desenvolvidas-nos-plps-participacao-de-mais-de-180-representantes-da-china-e-de-a\/\" \/>\r\n<meta property=\"og:locale\" content=\"pt_PT\" \/>\r\n<meta property=\"og:type\" content=\"article\" \/>\r\n<meta property=\"og:title\" content=\"[2024\/10\/17] [Plataforma Sino-Lus\u00f3fona] Grupo Haishan estabelece em Macau uma sede de opera\u00e7\u00f5es para gerir actividades desenvolvidas nos PLPs Participa\u00e7\u00e3o de mais de 180 representantes da China e de Angola no F\u00f3rum de Apresenta\u00e7\u00e3o de Investimento e Coopera\u00e7\u00e3o Econ\u00f3mica e Comercial da China\u2013Angola | Commerce and Investment Promotion Institute\" \/>\r\n<meta property=\"og:description\" content=\"No seguimento dos resultados de coopera&ccedil;&atilde;o do Encontro de Empres&aacute;rios para a Coopera&ccedil;&atilde;o Econ&oacute;mica e Comercial entre a China e os Pa&iacute;ses de L&iacute;ngua Portuguesa [&hellip;]\" \/>\r\n<meta property=\"og:url\" content=\"https:\/\/www.ipim.gov.mo\/pt-pt\/noticias-do-ipim\/2024-10-18-plataforma-sino-lusofona-grupo-haishan-estabelece-em-macau-uma-sede-de-operacoes-para-gerir-actividades-desenvolvidas-nos-plps-participacao-de-mais-de-180-representantes-da-china-e-de-a\/\" \/>\r\n<meta property=\"og:site_name\" content=\"Commerce and Investment Promotion Institute\" \/>\r\n<meta property=\"article:published_time\" content=\"2024-10-17T11:37:00+00:00\" \/>\r\n<meta property=\"og:image\" content=\"https:\/\/www.ipim.gov.mo\/wp-content\/uploads\/2024\/10\/P24JQzgJIl-scaled.jpeg\" \/>\r\n\t<meta property=\"og:image:width\" content=\"2560\" \/>\r\n\t<meta property=\"og:image:height\" content=\"1707\" \/>\r\n\t<meta property=\"og:image:type\" content=\"image\/jpeg\" \/>\r\n<meta name=\"author\" content=\"admin\" \/>\r\n<meta name=\"twitter:card\" content=\"summary_large_image\" \/>\r\n<meta name=\"twitter:label1\" content=\"Written by\" \/>\n\t<meta name=\"twitter:data1\" content=\"admin\" \/>\n\t<meta name=\"twitter:label2\" content=\"Est. reading time\" \/>\n\t<meta name=\"twitter:data2\" content=\"7 minutes\" \/>\r\n<script type=\"application\/ld+json\" class=\"yoast-schema-graph\">{\"@context\":\"https:\/\/schema.org\",\"@graph\":[{\"@type\":\"WebPage\",\"@id\":\"https:\/\/www.ipim.gov.mo\/pt-pt\/noticias-do-ipim\/2024-10-18-plataforma-sino-lusofona-grupo-haishan-estabelece-em-macau-uma-sede-de-operacoes-para-gerir-actividades-desenvolvidas-nos-plps-participacao-de-mais-de-180-representantes-da-china-e-de-a\/\",\"url\":\"https:\/\/www.ipim.gov.mo\/pt-pt\/noticias-do-ipim\/2024-10-18-plataforma-sino-lusofona-grupo-haishan-estabelece-em-macau-uma-sede-de-operacoes-para-gerir-actividades-desenvolvidas-nos-plps-participacao-de-mais-de-180-representantes-da-china-e-de-a\/\",\"name\":\"[2024\/10\/17] [Plataforma Sino-Lus\u00f3fona] Grupo Haishan estabelece em Macau uma sede de opera\u00e7\u00f5es para gerir actividades desenvolvidas nos PLPs Participa\u00e7\u00e3o de mais de 180 representantes da China e de Angola no F\u00f3rum de Apresenta\u00e7\u00e3o de Investimento e Coopera\u00e7\u00e3o Econ\u00f3mica e Comercial da China\u2013Angola | Commerce and Investment Promotion Institute\",\"isPartOf\":{\"@id\":\"https:\/\/www.ipim.gov.mo\/zh-hans\/#website\"},\"primaryImageOfPage\":{\"@id\":\"https:\/\/www.ipim.gov.mo\/pt-pt\/noticias-do-ipim\/2024-10-18-plataforma-sino-lusofona-grupo-haishan-estabelece-em-macau-uma-sede-de-operacoes-para-gerir-actividades-desenvolvidas-nos-plps-participacao-de-mais-de-180-representantes-da-china-e-de-a\/#primaryimage\"},\"image\":{\"@id\":\"https:\/\/www.ipim.gov.mo\/pt-pt\/noticias-do-ipim\/2024-10-18-plataforma-sino-lusofona-grupo-haishan-estabelece-em-macau-uma-sede-de-operacoes-para-gerir-actividades-desenvolvidas-nos-plps-participacao-de-mais-de-180-representantes-da-china-e-de-a\/#primaryimage\"},\"thumbnailUrl\":\"https:\/\/www.ipim.gov.mo\/wp-content\/uploads\/2024\/10\/P24JQzgJIl-scaled.jpeg\",\"datePublished\":\"2024-10-17T11:37:00+00:00\",\"breadcrumb\":{\"@id\":\"https:\/\/www.ipim.gov.mo\/pt-pt\/noticias-do-ipim\/2024-10-18-plataforma-sino-lusofona-grupo-haishan-estabelece-em-macau-uma-sede-de-operacoes-para-gerir-actividades-desenvolvidas-nos-plps-participacao-de-mais-de-180-representantes-da-china-e-de-a\/#breadcrumb\"},\"inLanguage\":\"pt-PT\",\"potentialAction\":[{\"@type\":\"ReadAction\",\"target\":[\"https:\/\/www.ipim.gov.mo\/pt-pt\/noticias-do-ipim\/2024-10-18-plataforma-sino-lusofona-grupo-haishan-estabelece-em-macau-uma-sede-de-operacoes-para-gerir-actividades-desenvolvidas-nos-plps-participacao-de-mais-de-180-representantes-da-china-e-de-a\/\"]}]},{\"@type\":\"ImageObject\",\"inLanguage\":\"pt-PT\",\"@id\":\"https:\/\/www.ipim.gov.mo\/pt-pt\/noticias-do-ipim\/2024-10-18-plataforma-sino-lusofona-grupo-haishan-estabelece-em-macau-uma-sede-de-operacoes-para-gerir-actividades-desenvolvidas-nos-plps-participacao-de-mais-de-180-representantes-da-china-e-de-a\/#primaryimage\",\"url\":\"https:\/\/www.ipim.gov.mo\/wp-content\/uploads\/2024\/10\/P24JQzgJIl-scaled.jpeg\",\"contentUrl\":\"https:\/\/www.ipim.gov.mo\/wp-content\/uploads\/2024\/10\/P24JQzgJIl-scaled.jpeg\",\"width\":2560,\"height\":1707},{\"@type\":\"BreadcrumbList\",\"@id\":\"https:\/\/www.ipim.gov.mo\/pt-pt\/noticias-do-ipim\/2024-10-18-plataforma-sino-lusofona-grupo-haishan-estabelece-em-macau-uma-sede-de-operacoes-para-gerir-actividades-desenvolvidas-nos-plps-participacao-de-mais-de-180-representantes-da-china-e-de-a\/#breadcrumb\",\"itemListElement\":[{\"@type\":\"ListItem\",\"position\":1,\"name\":\"Home\",\"item\":\"https:\/\/www.ipim.gov.mo\/pt-pt\/\"},{\"@type\":\"ListItem\",\"position\":2,\"name\":\"[2024\/10\/17] [Plataforma Sino-Lus\u00f3fona] Grupo Haishan estabelece em Macau uma sede de opera\u00e7\u00f5es para gerir actividades desenvolvidas nos PLPs Participa\u00e7\u00e3o de mais de 180 representantes da China e de Angola no F\u00f3rum de Apresenta\u00e7\u00e3o de Investimento e Coopera\u00e7\u00e3o Econ\u00f3mica e Comercial da China\u2013Angola\"}]},{\"@type\":\"WebSite\",\"@id\":\"https:\/\/www.ipim.gov.mo\/zh-hans\/#website\",\"url\":\"https:\/\/www.ipim.gov.mo\/zh-hans\/\",\"name\":\"Commerce and Investment Promotion Institute\",\"description\":\"Commerce and Investment Promotion Institute\",\"publisher\":{\"@id\":\"https:\/\/www.ipim.gov.mo\/zh-hans\/#organization\"},\"potentialAction\":[{\"@type\":\"SearchAction\",\"target\":{\"@type\":\"EntryPoint\",\"urlTemplate\":\"https:\/\/www.ipim.gov.mo\/zh-hans\/?s={search_term_string}\"},\"query-input\":{\"@type\":\"PropertyValueSpecification\",\"valueRequired\":true,\"valueName\":\"search_term_string\"}}],\"inLanguage\":\"pt-PT\"},{\"@type\":\"Organization\",\"@id\":\"https:\/\/www.ipim.gov.mo\/zh-hans\/#organization\",\"name\":\"IPIM\",\"url\":\"https:\/\/www.ipim.gov.mo\/zh-hans\/\",\"logo\":{\"@type\":\"ImageObject\",\"inLanguage\":\"pt-PT\",\"@id\":\"https:\/\/www.ipim.gov.mo\/zh-hans\/#\/schema\/logo\/image\/\",\"url\":\"https:\/\/www.ipim.gov.mo\/wp-content\/uploads\/2022\/10\/default-post-thumbnail-ipim-logo.png\",\"contentUrl\":\"https:\/\/www.ipim.gov.mo\/wp-content\/uploads\/2022\/10\/default-post-thumbnail-ipim-logo.png\",\"width\":1024,\"height\":768,\"caption\":\"IPIM\"},\"image\":{\"@id\":\"https:\/\/www.ipim.gov.mo\/zh-hans\/#\/schema\/logo\/image\/\"}}]}<\/script>\r\n<!-- \/ Yoast SEO plugin. -->","yoast_head_json":{"title":"[2024\/10\/17] [Plataforma Sino-Lus\u00f3fona] Grupo Haishan estabelece em Macau uma sede de opera\u00e7\u00f5es para gerir actividades desenvolvidas nos PLPs Participa\u00e7\u00e3o de mais de 180 representantes da China e de Angola no F\u00f3rum de Apresenta\u00e7\u00e3o de Investimento e Coopera\u00e7\u00e3o Econ\u00f3mica e Comercial da China\u2013Angola | Commerce and Investment Promotion Institute","robots":{"index":"index","follow":"follow","max-snippet":"max-snippet:-1","max-image-preview":"max-image-preview:large","max-video-preview":"max-video-preview:-1"},"canonical":"https:\/\/www.ipim.gov.mo\/pt-pt\/noticias-do-ipim\/2024-10-18-plataforma-sino-lusofona-grupo-haishan-estabelece-em-macau-uma-sede-de-operacoes-para-gerir-actividades-desenvolvidas-nos-plps-participacao-de-mais-de-180-representantes-da-china-e-de-a\/","og_locale":"pt_PT","og_type":"article","og_title":"[2024\/10\/17] [Plataforma Sino-Lus\u00f3fona] Grupo Haishan estabelece em Macau uma sede de opera\u00e7\u00f5es para gerir actividades desenvolvidas nos PLPs Participa\u00e7\u00e3o de mais de 180 representantes da China e de Angola no F\u00f3rum de Apresenta\u00e7\u00e3o de Investimento e Coopera\u00e7\u00e3o Econ\u00f3mica e Comercial da China\u2013Angola | Commerce and Investment Promotion Institute","og_description":"No seguimento dos resultados de coopera&ccedil;&atilde;o do Encontro de Empres&aacute;rios para a Coopera&ccedil;&atilde;o Econ&oacute;mica e Comercial entre a China e os Pa&iacute;ses de L&iacute;ngua Portuguesa [&hellip;]","og_url":"https:\/\/www.ipim.gov.mo\/pt-pt\/noticias-do-ipim\/2024-10-18-plataforma-sino-lusofona-grupo-haishan-estabelece-em-macau-uma-sede-de-operacoes-para-gerir-actividades-desenvolvidas-nos-plps-participacao-de-mais-de-180-representantes-da-china-e-de-a\/","og_site_name":"Commerce and Investment Promotion Institute","article_published_time":"2024-10-17T11:37:00+00:00","og_image":[{"width":2560,"height":1707,"url":"https:\/\/www.ipim.gov.mo\/wp-content\/uploads\/2024\/10\/P24JQzgJIl-scaled.jpeg","type":"image\/jpeg"}],"author":"admin","twitter_card":"summary_large_image","twitter_misc":{"Written by":"admin","Est. reading time":"7 minutes"},"schema":{"@context":"https:\/\/schema.org","@graph":[{"@type":"WebPage","@id":"https:\/\/www.ipim.gov.mo\/pt-pt\/noticias-do-ipim\/2024-10-18-plataforma-sino-lusofona-grupo-haishan-estabelece-em-macau-uma-sede-de-operacoes-para-gerir-actividades-desenvolvidas-nos-plps-participacao-de-mais-de-180-representantes-da-china-e-de-a\/","url":"https:\/\/www.ipim.gov.mo\/pt-pt\/noticias-do-ipim\/2024-10-18-plataforma-sino-lusofona-grupo-haishan-estabelece-em-macau-uma-sede-de-operacoes-para-gerir-actividades-desenvolvidas-nos-plps-participacao-de-mais-de-180-representantes-da-china-e-de-a\/","name":"[2024\/10\/17] [Plataforma Sino-Lus\u00f3fona] Grupo Haishan estabelece em Macau uma sede de opera\u00e7\u00f5es para gerir actividades desenvolvidas nos PLPs Participa\u00e7\u00e3o de mais de 180 representantes da China e de Angola no F\u00f3rum de Apresenta\u00e7\u00e3o de Investimento e Coopera\u00e7\u00e3o Econ\u00f3mica e Comercial da China\u2013Angola | Commerce and Investment Promotion Institute","isPartOf":{"@id":"https:\/\/www.ipim.gov.mo\/zh-hans\/#website"},"primaryImageOfPage":{"@id":"https:\/\/www.ipim.gov.mo\/pt-pt\/noticias-do-ipim\/2024-10-18-plataforma-sino-lusofona-grupo-haishan-estabelece-em-macau-uma-sede-de-operacoes-para-gerir-actividades-desenvolvidas-nos-plps-participacao-de-mais-de-180-representantes-da-china-e-de-a\/#primaryimage"},"image":{"@id":"https:\/\/www.ipim.gov.mo\/pt-pt\/noticias-do-ipim\/2024-10-18-plataforma-sino-lusofona-grupo-haishan-estabelece-em-macau-uma-sede-de-operacoes-para-gerir-actividades-desenvolvidas-nos-plps-participacao-de-mais-de-180-representantes-da-china-e-de-a\/#primaryimage"},"thumbnailUrl":"https:\/\/www.ipim.gov.mo\/wp-content\/uploads\/2024\/10\/P24JQzgJIl-scaled.jpeg","datePublished":"2024-10-17T11:37:00+00:00","breadcrumb":{"@id":"https:\/\/www.ipim.gov.mo\/pt-pt\/noticias-do-ipim\/2024-10-18-plataforma-sino-lusofona-grupo-haishan-estabelece-em-macau-uma-sede-de-operacoes-para-gerir-actividades-desenvolvidas-nos-plps-participacao-de-mais-de-180-representantes-da-china-e-de-a\/#breadcrumb"},"inLanguage":"pt-PT","potentialAction":[{"@type":"ReadAction","target":["https:\/\/www.ipim.gov.mo\/pt-pt\/noticias-do-ipim\/2024-10-18-plataforma-sino-lusofona-grupo-haishan-estabelece-em-macau-uma-sede-de-operacoes-para-gerir-actividades-desenvolvidas-nos-plps-participacao-de-mais-de-180-representantes-da-china-e-de-a\/"]}]},{"@type":"ImageObject","inLanguage":"pt-PT","@id":"https:\/\/www.ipim.gov.mo\/pt-pt\/noticias-do-ipim\/2024-10-18-plataforma-sino-lusofona-grupo-haishan-estabelece-em-macau-uma-sede-de-operacoes-para-gerir-actividades-desenvolvidas-nos-plps-participacao-de-mais-de-180-representantes-da-china-e-de-a\/#primaryimage","url":"https:\/\/www.ipim.gov.mo\/wp-content\/uploads\/2024\/10\/P24JQzgJIl-scaled.jpeg","contentUrl":"https:\/\/www.ipim.gov.mo\/wp-content\/uploads\/2024\/10\/P24JQzgJIl-scaled.jpeg","width":2560,"height":1707},{"@type":"BreadcrumbList","@id":"https:\/\/www.ipim.gov.mo\/pt-pt\/noticias-do-ipim\/2024-10-18-plataforma-sino-lusofona-grupo-haishan-estabelece-em-macau-uma-sede-de-operacoes-para-gerir-actividades-desenvolvidas-nos-plps-participacao-de-mais-de-180-representantes-da-china-e-de-a\/#breadcrumb","itemListElement":[{"@type":"ListItem","position":1,"name":"Home","item":"https:\/\/www.ipim.gov.mo\/pt-pt\/"},{"@type":"ListItem","position":2,"name":"[2024\/10\/17] [Plataforma Sino-Lus\u00f3fona] Grupo Haishan estabelece em Macau uma sede de opera\u00e7\u00f5es para gerir actividades desenvolvidas nos PLPs Participa\u00e7\u00e3o de mais de 180 representantes da China e de Angola no F\u00f3rum de Apresenta\u00e7\u00e3o de Investimento e Coopera\u00e7\u00e3o Econ\u00f3mica e Comercial da China\u2013Angola"}]},{"@type":"WebSite","@id":"https:\/\/www.ipim.gov.mo\/zh-hans\/#website","url":"https:\/\/www.ipim.gov.mo\/zh-hans\/","name":"Commerce and Investment Promotion Institute","description":"Commerce and Investment Promotion Institute","publisher":{"@id":"https:\/\/www.ipim.gov.mo\/zh-hans\/#organization"},"potentialAction":[{"@type":"SearchAction","target":{"@type":"EntryPoint","urlTemplate":"https:\/\/www.ipim.gov.mo\/zh-hans\/?s={search_term_string}"},"query-input":{"@type":"PropertyValueSpecification","valueRequired":true,"valueName":"search_term_string"}}],"inLanguage":"pt-PT"},{"@type":"Organization","@id":"https:\/\/www.ipim.gov.mo\/zh-hans\/#organization","name":"IPIM","url":"https:\/\/www.ipim.gov.mo\/zh-hans\/","logo":{"@type":"ImageObject","inLanguage":"pt-PT","@id":"https:\/\/www.ipim.gov.mo\/zh-hans\/#\/schema\/logo\/image\/","url":"https:\/\/www.ipim.gov.mo\/wp-content\/uploads\/2022\/10\/default-post-thumbnail-ipim-logo.png","contentUrl":"https:\/\/www.ipim.gov.mo\/wp-content\/uploads\/2022\/10\/default-post-thumbnail-ipim-logo.png","width":1024,"height":768,"caption":"IPIM"},"image":{"@id":"https:\/\/www.ipim.gov.mo\/zh-hans\/#\/schema\/logo\/image\/"}}]}},"author_meta":{"display_name":"admin","author_link":"https:\/\/www.ipim.gov.mo\/pt-pt\/author\/admin\/"},"featured_img":"https:\/\/www.ipim.gov.mo\/wp-content\/uploads\/2024\/10\/P24JQzgJIl-300x200.jpeg","coauthors":[],"tax_additional":{"categories":{"linked":["<a href=\"https:\/\/www.ipim.gov.mo\/pt-pt\/category\/noticias-do-ipim\/\" class=\"advgb-post-tax-term\">Not\u00edcias do IPIM<\/a>"],"unlinked":["<span class=\"advgb-post-tax-term\">Not\u00edcias do IPIM<\/span>"]}},"comment_count":"0","relative_dates":{"created":"Posted 2 years ago","modified":"Updated 2 years ago"},"absolute_dates":{"created":"Posted on Outubro 17, 2024","modified":"Updated on Outubro 17, 2024"},"absolute_dates_time":{"created":"Posted on Outubro 17, 2024 7:37 pm","modified":"Updated on Outubro 17, 2024 7:37 pm"},"featured_img_caption":"","series_order":"","_links":{"self":[{"href":"https:\/\/www.ipim.gov.mo\/pt-pt\/wp-json\/wp\/v2\/posts\/478925","targetHints":{"allow":["GET"]}}],"collection":[{"href":"https:\/\/www.ipim.gov.mo\/pt-pt\/wp-json\/wp\/v2\/posts"}],"about":[{"href":"https:\/\/www.ipim.gov.mo\/pt-pt\/wp-json\/wp\/v2\/types\/post"}],"author":[{"embeddable":true,"href":"https:\/\/www.ipim.gov.mo\/pt-pt\/wp-json\/wp\/v2\/users\/1"}],"replies":[{"embeddable":true,"href":"https:\/\/www.ipim.gov.mo\/pt-pt\/wp-json\/wp\/v2\/comments?post=478925"}],"version-history":[{"count":0,"href":"https:\/\/www.ipim.gov.mo\/pt-pt\/wp-json\/wp\/v2\/posts\/478925\/revisions"}],"wp:featuredmedia":[{"embeddable":true,"href":"https:\/\/www.ipim.gov.mo\/pt-pt\/wp-json\/wp\/v2\/media\/480859"}],"wp:attachment":[{"href":"https:\/\/www.ipim.gov.mo\/pt-pt\/wp-json\/wp\/v2\/media?parent=478925"}],"wp:term":[{"taxonomy":"category","embeddable":true,"href":"https:\/\/www.ipim.gov.mo\/pt-pt\/wp-json\/wp\/v2\/categories?post=478925"},{"taxonomy":"post_tag","embeddable":true,"href":"https:\/\/www.ipim.gov.mo\/pt-pt\/wp-json\/wp\/v2\/tags?post=478925"}],"curies":[{"name":"wp","href":"https:\/\/api.w.org\/{rel}","templated":true}]}}