{"id":478403,"date":"2024-10-14T18:08:00","date_gmt":"2024-10-14T10:08:00","guid":{"rendered":"https:\/\/www.ipim.gov.mo\/noticias-do-ipim\/2024-10-14-celebracao-do-duplo-aniversario-29-a-mif-e-2024mfe-arrancarao-em-16-de-outubro-com-quatro-novidades\/"},"modified":"2024-10-14T18:08:00","modified_gmt":"2024-10-14T10:08:00","slug":"2024-10-14-celebracao-do-duplo-aniversario-29-a-mif-e-2024mfe-arrancarao-em-16-de-outubro-com-quatro-novidades","status":"publish","type":"post","link":"https:\/\/www.ipim.gov.mo\/pt-pt\/noticias-do-ipim\/2024-10-14-celebracao-do-duplo-aniversario-29-a-mif-e-2024mfe-arrancarao-em-16-de-outubro-com-quatro-novidades\/","title":{"rendered":"[2024\/10\/14] [Celebra\u00e7\u00e3o do duplo anivers\u00e1rio] 29.\u00aa MIF e 2024MFE arrancar\u00e3o em 16 de Outubro com \u201cquatro novidades\u201d"},"content":{"rendered":"<div style=\"width: 1280px;\" class=\"wp-video\"><!--[if lt IE 9]><script>document.createElement('video');<\/script><![endif]-->\n<video class=\"wp-video-shortcode\" id=\"video-478403-1\" width=\"1280\" height=\"720\" poster=\"https:\/\/www.ipim.gov.mo\/wp-content\/uploads\/2024\/10\/Image_2024_10_14.jpg\" preload=\"metadata\" controls=\"controls\"><source type=\"video\/mp4\" src=\"https:\/\/www.ipim.gov.mo\/wp-content\/uploads\/2024\/10\/pt.mp4?_=1\" \/><a href=\"https:\/\/www.ipim.gov.mo\/wp-content\/uploads\/2024\/10\/pt.mp4\">https:\/\/www.ipim.gov.mo\/wp-content\/uploads\/2024\/10\/pt.mp4<\/a><\/video><\/div>\n<p>29.\u00aa MIF e a 2024MFE ter\u00e3o lugar no dia 16 de Outubro 2024!<\/p>\n<p style=\"text-align:justify\">Em celebra&ccedil;&atilde;o do 75.&ordm; Anivers&aacute;rio da Implanta&ccedil;&atilde;o da Rep&uacute;blica Popular da China e do 25.&ordm; Anivers&aacute;rio do Retorno de Macau &agrave; P&aacute;tria, a 29.&ordf; Feira Internacional de Macau (29.&ordf; MIF) e a Exposi&ccedil;&atilde;o de Franquia de Macau 2024 (2024MFE) ser&atilde;o realizadas em simult&acirc;neo, de 16 a 19 de Outubro de 2024 (Quarta-feira a S&aacute;bado), no mesmo local, a saber, a Cotai Expo do <em>Venetian Macao<\/em>.<\/p>\n<p style=\"text-align:justify\">Subordinadas respectivamente aos temas \u201cDiversifica&ccedil;&atilde;o da Economia e Oportunidades do Desenvolvimento\u201d e \u201cReuni&atilde;o de Marcas e Demonstra&ccedil;&atilde;o de Oportunidades\u201d, as duas exposi&ccedil;&otilde;es contar&atilde;o com dez zonas de exposi&ccedil;&atilde;o em quatro pavilh&otilde;es, atraindo mais de 1.300 expositores, incluindo empresas tecnol&oacute;gicas l&iacute;deres entre as 500 Melhores do Interior da China, marcas de bebidas de ch&aacute; de estilo chin&ecirc;s mundialmente famosas, empresas de exposi&ccedil;&atilde;o de renome mundial, entre outros. Orientadas pelo conceito de \u201cinova&ccedil;&atilde;o\u201d na sua organiza&ccedil;&atilde;o, as duas exposi&ccedil;&otilde;es de quatro dias t&ecirc;m programadas mais de 80 sess&otilde;es de actividades de promo&ccedil;&atilde;o econ&oacute;mica e comercial e de capta&ccedil;&atilde;o de investimentos em torno das ind&uacute;strias \u201c1+4\u201d, com vista a ajudar os comerciantes provenientes de v&aacute;rios lugares a abra&ccedil;ar as mais recentes oportunidades nos mercados chin&ecirc;s, lus&oacute;fono e internacional. H&aacute;, portanto, um esfor&ccedil;o em converter mais comerciantes participantes em investidores, para alcan&ccedil;ar \u201ca capta&ccedil;&atilde;o de investimentos atrav&eacute;s de exposi&ccedil;&otilde;es e o empoderamento do desenvolvimento atrav&eacute;s de exposi&ccedil;&otilde;es\u201d, bem como para ressaltar o \u201ccart&atilde;o de visita dourado\u201d de Macau enquanto metr&oacute;pole internacional.<\/p>\n<p style=\"text-align:justify\"><strong>\u201c<\/strong><strong>Nova Tentativa\u201d <\/strong><strong>para se realizar o evento, <\/strong><strong>pela primeira vez, durante tr&ecirc;s dias &uacute;teis<\/strong><\/p>\n<p style=\"text-align:justify\">O evento deste ano decorrer&aacute; de Quarta-feira a S&aacute;bado, ou seja, pela primeira vez, ser&aacute; realizado durante tr&ecirc;s dias &uacute;teis, com um dia &uacute;til adicional em compara&ccedil;&atilde;o com o per&iacute;odo das edi&ccedil;&otilde;es anteriores. O objectivo passa por desfasar as datas de visitas a Macau dos turistas de lazer e dos turistas de neg&oacute;cios, reduzindo os custos em que os &uacute;ltimos incorrem quando participam em exposi&ccedil;&otilde;es em Macau, o que aumenta o seu desejo de participar nestes eventos. Ao mesmo tempo, o prolongamento da estadia favorecer&aacute; a realiza&ccedil;&atilde;o de negocia&ccedil;&otilde;es e interc&acirc;mbios comerciais mais aprofundados entre os turistas de neg&oacute;cios de diferentes lugares, refor&ccedil;ando a efic&aacute;cia das exposi&ccedil;&otilde;es a n&iacute;vel de B2B.<\/p>\n<p style=\"text-align:justify\"><strong>\u201c<\/strong><strong>Nov<\/strong><strong>a agenda\u201d<\/strong><strong> <\/strong><strong>da<\/strong><strong> <\/strong><strong>promo&ccedil;&atilde;o <\/strong><strong>econ&oacute;mica e comercial <\/strong><\/p>\n<p style=\"text-align:justify\">A &aacute;rea expositiva total da MIF e MFE atingir&aacute; 38.000 metros quadrados, com dez zonas de exposi&ccedil;&atilde;o e mais de 1.300 expositores provenientes do Interior da China, dos nove Pa&iacute;ses de L&iacute;ngua Portuguesa, do Canad&aacute;, da Mal&aacute;sia, das Filipinas, das regi&otilde;es de Hong Kong e de Macau. Muitas empresas participar&atilde;o no evento pela primeira vez. Desse modo, velhos e novos amigos ir&atilde;o encontrar-se em busca de interc&acirc;mbio comercial, criando mais oportunidades de neg&oacute;cio.<\/p>\n<p style=\"text-align:justify\">Em linha com a coopera&ccedil;&atilde;o da Regi&atilde;o da Grande Ba&iacute;a Guangdong\u2013Hong Kong\u2013Macau, o evento deste ano contar&aacute; com mais elementos da Grande Ba&iacute;a, quando comparado com as edi&ccedil;&otilde;es anteriores. Em termos concretos, haver&aacute; um total de 195 expositores provenientes desta Regi&atilde;o, representando um aumento significativo de 112 expositores em compara&ccedil;&atilde;o com o ano passado. Entre estes, destacam-se 80 delega&ccedil;&otilde;es representativas da Grande Ba&iacute;a.<\/p>\n<p style=\"text-align:justify\">A MIF convida pela primeira vez Shenzhen como cidade parceira, que coordenar&aacute; mais de 40 empresas nos dom&iacute;nios da inova&ccedil;&atilde;o cient&iacute;fica e do turismo cultural para montar o Pavilh&atilde;o de Shenzhen, numa &aacute;rea de 405 metros quadrados. Por sua vez, o Pavilh&atilde;o de Hengqin, com quase 900 metros quadrados, montado pela Zona de Coopera&ccedil;&atilde;o Aprofundada entre Guangdong e Macau em Hengqin, ser&aacute; o maior pavilh&atilde;o da MIF deste ano e contar&aacute; com a participa&ccedil;&atilde;o de mais de 60 empresas de renome.<\/p>\n<p style=\"text-align:justify\">A par disso, est&aacute; na agenda a realiza&ccedil;&atilde;o simult&acirc;nea, pela primeira vez, da Sess&atilde;o de Macau da 3.&ordf; Feira do Com&eacute;rcio de Servi&ccedil;os da Grande Ba&iacute;a Guangdong\u2013Hong Kong\u2013Macau, durante o per&iacute;odo da 29.&ordf; MIF e da 2024MFE. Em vista, est&aacute; a dar um impulso ao desenvolvimento inovador do com&eacute;rcio de servi&ccedil;os na Grande Ba&iacute;a Guangdong\u2013Hong Kong\u2013Macau e real&ccedil;ar o modelo \u201cUm Evento, M&uacute;ltiplos Locais\u201d.<\/p>\n<p style=\"text-align:justify\">Este ano, ser&atilde;o oferecidos especialmente descontos de estacionamento aos compradores profissionais que entrem em Macau de carro por via de Hong Kong, atrav&eacute;s da Ponte Hong Kong\u2013Zhuhai\u2013Macau, com o objectivo de proporcionar aos compradores uma melhor experi&ecirc;ncia de participa&ccedil;&atilde;o e uma maior conveni&ecirc;ncia.<\/p>\n<p style=\"text-align:justify\">Al&eacute;m disso, ser&aacute; instalada especialmente no recinto a Zona de Exposi&ccedil;&atilde;o Alusiva aos Mercados dos Pa&iacute;ses de L&iacute;ngua Portuguesa e est&atilde;o programadas mais de dez actividades de promo&ccedil;&atilde;o econ&oacute;mica e comercial dos Pa&iacute;ses de L&iacute;ngua Portuguesa, com vista a potenciar as vantagens de Macau enquanto Plataforma Sino-Lus&oacute;fona e aumentar o efeito de interac&ccedil;&atilde;o com os comerciantes participantes. Assim, os comerciantes poder&atilde;o experimentar profundamente o encanto singular dos Pa&iacute;ses de L&iacute;ngua Portuguesa, de modo a criar mais trocas econ&oacute;micas e comerciais entre a China e os Pa&iacute;ses de L&iacute;ngua Portuguesa, bem como entre os Pa&iacute;ses de L&iacute;ngua Portuguesa e a comunidade internacional.<\/p>\n<p style=\"text-align:justify\">Ademais, a cria&ccedil;&atilde;o da Zona de Exposi&ccedil;&atilde;o das Ind&uacute;strias Diversificadas e do Pavilh&atilde;o do Festival Internacional de Caf&eacute; de Macau visa por um lado, acompanhar a estrat&eacute;gia do desenvolvimento da diversifica&ccedil;&atilde;o adequada da economia de Macau \u201c1+4\u201d e, por outro lado, enriquecer o conte&uacute;do do evento atrav&eacute;s da introdu&ccedil;&atilde;o de concursos internacionais.<\/p>\n<p style=\"text-align:justify\"><strong>\u201cNova experi&ecirc;ncia\u201d<\/strong><strong> para <\/strong><strong>o p&uacute;blico com a oferta de 7.525 copos de caf&eacute; e ch&aacute; e outros brindes no valor total de 500.000 patacas em celebra&ccedil;&atilde;o do duplo anivers&aacute;rio<\/strong><\/p>\n<p style=\"text-align:justify\">Em celebra&ccedil;&atilde;o do duplo anivers&aacute;rio, a entidade organizadora preparar&aacute; 7.525 copos de caf&eacute; e ch&aacute;, bem como outros brindes no valor total de mais de 500.000 patacas. Para receber os brindes de gra&ccedil;a, basta aos visitantes tirar fotografias em pontos designados no local da MIF&amp;MFE. Al&eacute;m disso, em resposta &agrave; actividade de promo&ccedil;&atilde;o de consumo em grande escala, intitulada \u201cGrande pr&eacute;mio para o consumo em Macau\u201d, os visitantes que fazem compras no local, atrav&eacute;s de pagamento m&oacute;vel nos estabelecimentos comerciais na Zona de Exposi&ccedil;&atilde;o e Vendas para as Empresas Locais de Macau da 29.&ordf; MIF, ter&atilde;o a oportunidade de ganhar cup&otilde;es electr&oacute;nicos e de participar no grande sorteio final.<\/p>\n<p style=\"text-align:justify\">Um outro destaque consiste no refor&ccedil;o da experi&ecirc;ncia geral dos visitantes atrav&eacute;s de parcerias com v&aacute;rias partes. A MIF apresentar&aacute; uma variedade de produtos de alta tecnologia, incluindo rob&ocirc;s bi&oacute;nicos, produtos tecnol&oacute;gicos de economia de baixa altitude, entre outros, e introduzir&aacute;, pela primeira vez, o \u201c<em>Master Sky Shot<\/em>\u201d, sistema de fotografia a&eacute;rea, e uma &aacute;rea de demonstra&ccedil;&atilde;o de <em>drone<\/em>s, com a esperan&ccedil;a de incentivar a participa&ccedil;&atilde;o e melhorar a experi&ecirc;ncia dos participantes atrav&eacute;s desses elementos. A MFE, por seu turno, contar&aacute; tamb&eacute;m com a estreia em Macau de marca de bebidas de ch&aacute; de estilo chin&ecirc;s mundialmente famosa.<\/p>\n<p style=\"text-align:justify\"><strong>Promo&ccedil;&atilde;o de \u201cnovo desempenho\u201d das empresas<\/strong><\/p>\n<p style=\"text-align:justify\">A MIF e a MFE organizar&atilde;o, no total, mais de 80 sess&otilde;es de actividades de promo&ccedil;&atilde;o econ&oacute;mica e comercial e de capta&ccedil;&atilde;o de investimentos, o que representa um aumento de 22% em termos anuais, incluindo: oito sess&otilde;es de bolsas de contactos tem&aacute;ticas que abrangem as ind&uacute;strias \u201c1+4\u201d, como finan&ccedil;as modernas e <em>big health<\/em>; cinco actividades realizadas sob o modelo \u201cUm Evento, Dois Locais\u201d; e duas sess&otilde;es de vendas na transmiss&atilde;o ao vivo do <em>Macao Ideas<\/em>. Espera-se, atrav&eacute;s de uma s&eacute;rie mais diversificada de actividades tem&aacute;ticas profissionais, fomentar o estabelecimento de mais parcerias e de um melhor desempenho empresarial.<\/p>\n<p style=\"text-align:justify\">At&eacute; 14 de Outubro, foram marcados mais de 300 encontros comerciais antes do evento, a fim de aproveitar a plataforma de conven&ccedil;&otilde;es e exposi&ccedil;&otilde;es como ve&iacute;culo para estimular o interc&acirc;mbio entre todas as partes participantes e explorar novas oportunidades de coopera&ccedil;&atilde;o.<\/p>\n<p style=\"text-align:justify\">O primeiro dia da MIF&amp;MFE (16 de Outubro) ser&aacute; reservado para os visitantes profissionais, enquanto os segundo a quarto dias (17 a 19 de Outubro) estar&atilde;o abertos ao p&uacute;blico gratuitamente. O evento disponibilizar&aacute; ainda quatro linhas de autocarros de ida e volta para o local. Est&atilde;o todos convidados a participar.<\/p>\n<div class=\"wp-caption alignnone\">\n                <a href=\"https:\/\/www.ipim.gov.mo\/wp-content\/uploads\/2024\/10\/7.jpeg\" data-component=\"Popup\" data-fancybox=\"gallery\" data-caption=\"A 29.\u00aa MIF e da 2024MFE preparar\u00e3o 7.525 copos de caf\u00e9 e ch\u00e1, bem como outros brindes no valor total de mais de 500.000 patacas em celebra\u00e7\u00e3o do duplo anivers\u00e1rio\" data-type=\"image\"><br \/>\n                <img decoding=\"async\" class=\"size-large\" src=\"https:\/\/www.ipim.gov.mo\/wp-content\/uploads\/2024\/10\/7.jpeg\" title=\"A 29.\u00aa MIF e da 2024MFE preparar\u00e3o 7.525 copos de caf\u00e9 e ch\u00e1, bem como outros brindes no valor total de mais de 500.000 patacas em celebra\u00e7\u00e3o do duplo anivers\u00e1rio\" alt=\"A 29.\u00aa MIF e da 2024MFE preparar\u00e3o 7.525 copos de caf\u00e9 e ch\u00e1, bem como outros brindes no valor total de mais de 500.000 patacas em celebra\u00e7\u00e3o do duplo anivers\u00e1rio\" width=\"1024\"><br \/>\n                <\/a><\/p>\n<p class=\"wp-caption-text\">A 29.\u00aa MIF e da 2024MFE preparar\u00e3o 7.525 copos de caf\u00e9 e ch\u00e1, bem como outros brindes no valor total de mais de 500.000 patacas em celebra\u00e7\u00e3o do duplo anivers\u00e1rio<\/p>\n<\/p><\/div>\n<div class=\"wp-caption alignnone\">\n                <a href=\"https:\/\/www.ipim.gov.mo\/wp-content\/uploads\/2024\/10\/1.jpeg\" data-component=\"Popup\" data-fancybox=\"gallery\" data-caption=\"A confer\u00eancia de imprensa da 29.\u00aa MIF e da 2024MFE foi realizada hoje (dia 14)\" data-type=\"image\"><br \/>\n                <img decoding=\"async\" class=\"size-large\" src=\"https:\/\/www.ipim.gov.mo\/wp-content\/uploads\/2024\/10\/1.jpeg\" title=\"A confer\u00eancia de imprensa da 29.\u00aa MIF e da 2024MFE foi realizada hoje (dia 14)\" alt=\"A confer\u00eancia de imprensa da 29.\u00aa MIF e da 2024MFE foi realizada hoje (dia 14)\" width=\"1024\"><br \/>\n                <\/a><\/p>\n<p class=\"wp-caption-text\">A confer\u00eancia de imprensa da 29.\u00aa MIF e da 2024MFE foi realizada hoje (dia 14)<\/p>\n<\/p><\/div>\n<div class=\"wp-caption alignnone\">\n                <a href=\"https:\/\/www.ipim.gov.mo\/wp-content\/uploads\/2024\/10\/2.jpeg\" data-component=\"Popup\" data-fancybox=\"gallery\" data-caption=\"A confer\u00eancia de imprensa da 29.\u00aa MIF e da 2024MFE foi realizada hoje (dia 14)\" data-type=\"image\"><br \/>\n                <img decoding=\"async\" class=\"size-large\" src=\"https:\/\/www.ipim.gov.mo\/wp-content\/uploads\/2024\/10\/2.jpeg\" title=\"A confer\u00eancia de imprensa da 29.\u00aa MIF e da 2024MFE foi realizada hoje (dia 14)\" alt=\"A confer\u00eancia de imprensa da 29.\u00aa MIF e da 2024MFE foi realizada hoje (dia 14)\" width=\"1024\"><br \/>\n                <\/a><\/p>\n<p class=\"wp-caption-text\">A confer\u00eancia de imprensa da 29.\u00aa MIF e da 2024MFE foi realizada hoje (dia 14)<\/p>\n<\/p><\/div>\n<div class=\"wp-caption alignnone\">\n                <a href=\"https:\/\/www.ipim.gov.mo\/wp-content\/uploads\/2024\/10\/3.jpeg\" data-component=\"Popup\" data-fancybox=\"gallery\" data-caption=\"A confer\u00eancia de imprensa da 29.\u00aa MIF e da 2024MFE foi realizada hoje (dia 14)\" data-type=\"image\"><br \/>\n                <img decoding=\"async\" class=\"size-large\" src=\"https:\/\/www.ipim.gov.mo\/wp-content\/uploads\/2024\/10\/3.jpeg\" title=\"A confer\u00eancia de imprensa da 29.\u00aa MIF e da 2024MFE foi realizada hoje (dia 14)\" alt=\"A confer\u00eancia de imprensa da 29.\u00aa MIF e da 2024MFE foi realizada hoje (dia 14)\" width=\"1024\"><br \/>\n                <\/a><\/p>\n<p class=\"wp-caption-text\">A confer\u00eancia de imprensa da 29.\u00aa MIF e da 2024MFE foi realizada hoje (dia 14)<\/p>\n<\/p><\/div>\n<div class=\"wp-caption alignnone\">\n                <a href=\"https:\/\/www.ipim.gov.mo\/wp-content\/uploads\/2024\/10\/4.jpeg\" data-component=\"Popup\" data-fancybox=\"gallery\" data-caption=\"A MIF e a MFE disponibilizar\u00e3o quatro linhas de autocarros de ida e volta para o local do evento\" data-type=\"image\"><br \/>\n                <img decoding=\"async\" class=\"size-large\" src=\"https:\/\/www.ipim.gov.mo\/wp-content\/uploads\/2024\/10\/4.jpeg\" title=\"A MIF e a MFE disponibilizar\u00e3o quatro linhas de autocarros de ida e volta para o local do evento\" alt=\"A MIF e a MFE disponibilizar\u00e3o quatro linhas de autocarros de ida e volta para o local do evento\" width=\"1024\"><br \/>\n                <\/a><\/p>\n<p class=\"wp-caption-text\">A MIF e a MFE disponibilizar\u00e3o quatro linhas de autocarros de ida e volta para o local do evento<\/p>\n<\/p><\/div>\n<div class=\"wp-caption alignnone\">\n                <a href=\"https:\/\/www.ipim.gov.mo\/wp-content\/uploads\/2024\/10\/5.jpeg\" data-component=\"Popup\" data-fancybox=\"gallery\" data-caption=\"Como cidade parceira da 29.\u00aa MIF, Shenzhen coordenar\u00e1 a participa\u00e7\u00e3o de mais de 40 empresas nos dom\u00ednios da inova\u00e7\u00e3o cient\u00edfica e do turismo cultural\" data-type=\"image\"><br \/>\n                <img decoding=\"async\" class=\"size-large\" src=\"https:\/\/www.ipim.gov.mo\/wp-content\/uploads\/2024\/10\/5.jpeg\" title=\"Como cidade parceira da 29.\u00aa MIF, Shenzhen coordenar\u00e1 a participa\u00e7\u00e3o de mais de 40 empresas nos dom\u00ednios da inova\u00e7\u00e3o cient\u00edfica e do turismo cultural\" alt=\"Como cidade parceira da 29.\u00aa MIF, Shenzhen coordenar\u00e1 a participa\u00e7\u00e3o de mais de 40 empresas nos dom\u00ednios da inova\u00e7\u00e3o cient\u00edfica e do turismo cultural\" width=\"1024\"><br \/>\n                <\/a><\/p>\n<p class=\"wp-caption-text\">Como cidade parceira da 29.\u00aa MIF, Shenzhen coordenar\u00e1 a participa\u00e7\u00e3o de mais de 40 empresas nos dom\u00ednios da inova\u00e7\u00e3o cient\u00edfica e do turismo cultural<\/p>\n<\/p><\/div>\n","protected":false},"excerpt":{"rendered":"<p>29.\u00aa MIF e a 2024MFE ter\u00e3o lugar no dia 16 de Outubro 2024! Em celebra&ccedil;&atilde;o do 75.&ordm; Anivers&aacute;rio da Implanta&ccedil;&atilde;o da Rep&uacute;blica Popular da China [&hellip;]<\/p>\n","protected":false},"author":1,"featured_media":467868,"comment_status":"closed","ping_status":"closed","sticky":false,"template":"","format":"standard","meta":{"_acf_changed":false,"inline_featured_image":false,"advgb_blocks_editor_width":"","advgb_blocks_columns_visual_guide":"","footnotes":""},"categories":[12],"tags":[],"class_list":["post-478403","post","type-post","status-publish","format-standard","has-post-thumbnail","hentry","category-noticias-do-ipim"],"acf":[],"yoast_head":"<!-- This site is optimized with the Yoast SEO plugin v26.2 - https:\/\/yoast.com\/wordpress\/plugins\/seo\/ -->\r\n<title>[2024\/10\/14] [Celebra\u00e7\u00e3o do duplo anivers\u00e1rio] 29.\u00aa MIF e 2024MFE arrancar\u00e3o em 16 de Outubro com \u201cquatro novidades\u201d | Commerce and Investment Promotion Institute<\/title>\r\n<meta name=\"robots\" content=\"index, follow, max-snippet:-1, max-image-preview:large, max-video-preview:-1\" \/>\r\n<link rel=\"canonical\" href=\"https:\/\/www.ipim.gov.mo\/pt-pt\/noticias-do-ipim\/2024-10-14-celebracao-do-duplo-aniversario-29-a-mif-e-2024mfe-arrancarao-em-16-de-outubro-com-quatro-novidades\/\" \/>\r\n<meta property=\"og:locale\" content=\"pt_PT\" \/>\r\n<meta property=\"og:type\" content=\"article\" \/>\r\n<meta property=\"og:title\" content=\"[2024\/10\/14] [Celebra\u00e7\u00e3o do duplo anivers\u00e1rio] 29.\u00aa MIF e 2024MFE arrancar\u00e3o em 16 de Outubro com \u201cquatro novidades\u201d | Commerce and Investment Promotion Institute\" \/>\r\n<meta property=\"og:description\" content=\"29.\u00aa MIF e a 2024MFE ter\u00e3o lugar no dia 16 de Outubro 2024! Em celebra&ccedil;&atilde;o do 75.&ordm; Anivers&aacute;rio da Implanta&ccedil;&atilde;o da Rep&uacute;blica Popular da China [&hellip;]\" \/>\r\n<meta property=\"og:url\" content=\"https:\/\/www.ipim.gov.mo\/pt-pt\/noticias-do-ipim\/2024-10-14-celebracao-do-duplo-aniversario-29-a-mif-e-2024mfe-arrancarao-em-16-de-outubro-com-quatro-novidades\/\" \/>\r\n<meta property=\"og:site_name\" content=\"Commerce and Investment Promotion Institute\" \/>\r\n<meta property=\"article:published_time\" content=\"2024-10-14T10:08:00+00:00\" \/>\r\n<meta property=\"og:image\" content=\"https:\/\/www.ipim.gov.mo\/wp-content\/uploads\/2024\/07\/ipim-post-default.jpg\" \/>\r\n\t<meta property=\"og:image:width\" content=\"1024\" \/>\r\n\t<meta property=\"og:image:height\" content=\"768\" \/>\r\n\t<meta property=\"og:image:type\" content=\"image\/jpeg\" \/>\r\n<meta name=\"author\" content=\"admin\" \/>\r\n<meta name=\"twitter:card\" content=\"summary_large_image\" \/>\r\n<meta name=\"twitter:label1\" content=\"Written by\" \/>\n\t<meta name=\"twitter:data1\" content=\"admin\" \/>\n\t<meta name=\"twitter:label2\" content=\"Est. reading time\" \/>\n\t<meta name=\"twitter:data2\" content=\"8 minutes\" \/>\r\n<script type=\"application\/ld+json\" class=\"yoast-schema-graph\">{\"@context\":\"https:\/\/schema.org\",\"@graph\":[{\"@type\":\"WebPage\",\"@id\":\"https:\/\/www.ipim.gov.mo\/pt-pt\/noticias-do-ipim\/2024-10-14-celebracao-do-duplo-aniversario-29-a-mif-e-2024mfe-arrancarao-em-16-de-outubro-com-quatro-novidades\/\",\"url\":\"https:\/\/www.ipim.gov.mo\/pt-pt\/noticias-do-ipim\/2024-10-14-celebracao-do-duplo-aniversario-29-a-mif-e-2024mfe-arrancarao-em-16-de-outubro-com-quatro-novidades\/\",\"name\":\"[2024\/10\/14] [Celebra\u00e7\u00e3o do duplo anivers\u00e1rio] 29.\u00aa MIF e 2024MFE arrancar\u00e3o em 16 de Outubro com \u201cquatro novidades\u201d | Commerce and Investment Promotion Institute\",\"isPartOf\":{\"@id\":\"https:\/\/www.ipim.gov.mo\/zh-hans\/#website\"},\"primaryImageOfPage\":{\"@id\":\"https:\/\/www.ipim.gov.mo\/pt-pt\/noticias-do-ipim\/2024-10-14-celebracao-do-duplo-aniversario-29-a-mif-e-2024mfe-arrancarao-em-16-de-outubro-com-quatro-novidades\/#primaryimage\"},\"image\":{\"@id\":\"https:\/\/www.ipim.gov.mo\/pt-pt\/noticias-do-ipim\/2024-10-14-celebracao-do-duplo-aniversario-29-a-mif-e-2024mfe-arrancarao-em-16-de-outubro-com-quatro-novidades\/#primaryimage\"},\"thumbnailUrl\":\"https:\/\/www.ipim.gov.mo\/wp-content\/uploads\/2024\/07\/ipim-post-default.jpg\",\"datePublished\":\"2024-10-14T10:08:00+00:00\",\"breadcrumb\":{\"@id\":\"https:\/\/www.ipim.gov.mo\/pt-pt\/noticias-do-ipim\/2024-10-14-celebracao-do-duplo-aniversario-29-a-mif-e-2024mfe-arrancarao-em-16-de-outubro-com-quatro-novidades\/#breadcrumb\"},\"inLanguage\":\"pt-PT\",\"potentialAction\":[{\"@type\":\"ReadAction\",\"target\":[\"https:\/\/www.ipim.gov.mo\/pt-pt\/noticias-do-ipim\/2024-10-14-celebracao-do-duplo-aniversario-29-a-mif-e-2024mfe-arrancarao-em-16-de-outubro-com-quatro-novidades\/\"]}]},{\"@type\":\"ImageObject\",\"inLanguage\":\"pt-PT\",\"@id\":\"https:\/\/www.ipim.gov.mo\/pt-pt\/noticias-do-ipim\/2024-10-14-celebracao-do-duplo-aniversario-29-a-mif-e-2024mfe-arrancarao-em-16-de-outubro-com-quatro-novidades\/#primaryimage\",\"url\":\"https:\/\/www.ipim.gov.mo\/wp-content\/uploads\/2024\/07\/ipim-post-default.jpg\",\"contentUrl\":\"https:\/\/www.ipim.gov.mo\/wp-content\/uploads\/2024\/07\/ipim-post-default.jpg\",\"width\":1024,\"height\":768},{\"@type\":\"BreadcrumbList\",\"@id\":\"https:\/\/www.ipim.gov.mo\/pt-pt\/noticias-do-ipim\/2024-10-14-celebracao-do-duplo-aniversario-29-a-mif-e-2024mfe-arrancarao-em-16-de-outubro-com-quatro-novidades\/#breadcrumb\",\"itemListElement\":[{\"@type\":\"ListItem\",\"position\":1,\"name\":\"Home\",\"item\":\"https:\/\/www.ipim.gov.mo\/pt-pt\/\"},{\"@type\":\"ListItem\",\"position\":2,\"name\":\"[2024\/10\/14] [Celebra\u00e7\u00e3o do duplo anivers\u00e1rio] 29.\u00aa MIF e 2024MFE arrancar\u00e3o em 16 de Outubro com \u201cquatro novidades\u201d\"}]},{\"@type\":\"WebSite\",\"@id\":\"https:\/\/www.ipim.gov.mo\/zh-hans\/#website\",\"url\":\"https:\/\/www.ipim.gov.mo\/zh-hans\/\",\"name\":\"Commerce and Investment Promotion Institute\",\"description\":\"Commerce and Investment Promotion Institute\",\"publisher\":{\"@id\":\"https:\/\/www.ipim.gov.mo\/zh-hans\/#organization\"},\"potentialAction\":[{\"@type\":\"SearchAction\",\"target\":{\"@type\":\"EntryPoint\",\"urlTemplate\":\"https:\/\/www.ipim.gov.mo\/zh-hans\/?s={search_term_string}\"},\"query-input\":{\"@type\":\"PropertyValueSpecification\",\"valueRequired\":true,\"valueName\":\"search_term_string\"}}],\"inLanguage\":\"pt-PT\"},{\"@type\":\"Organization\",\"@id\":\"https:\/\/www.ipim.gov.mo\/zh-hans\/#organization\",\"name\":\"IPIM\",\"url\":\"https:\/\/www.ipim.gov.mo\/zh-hans\/\",\"logo\":{\"@type\":\"ImageObject\",\"inLanguage\":\"pt-PT\",\"@id\":\"https:\/\/www.ipim.gov.mo\/zh-hans\/#\/schema\/logo\/image\/\",\"url\":\"https:\/\/www.ipim.gov.mo\/wp-content\/uploads\/2022\/10\/default-post-thumbnail-ipim-logo.png\",\"contentUrl\":\"https:\/\/www.ipim.gov.mo\/wp-content\/uploads\/2022\/10\/default-post-thumbnail-ipim-logo.png\",\"width\":1024,\"height\":768,\"caption\":\"IPIM\"},\"image\":{\"@id\":\"https:\/\/www.ipim.gov.mo\/zh-hans\/#\/schema\/logo\/image\/\"}}]}<\/script>\r\n<!-- \/ Yoast SEO plugin. -->","yoast_head_json":{"title":"[2024\/10\/14] [Celebra\u00e7\u00e3o do duplo anivers\u00e1rio] 29.\u00aa MIF e 2024MFE arrancar\u00e3o em 16 de Outubro com \u201cquatro novidades\u201d | Commerce and Investment Promotion Institute","robots":{"index":"index","follow":"follow","max-snippet":"max-snippet:-1","max-image-preview":"max-image-preview:large","max-video-preview":"max-video-preview:-1"},"canonical":"https:\/\/www.ipim.gov.mo\/pt-pt\/noticias-do-ipim\/2024-10-14-celebracao-do-duplo-aniversario-29-a-mif-e-2024mfe-arrancarao-em-16-de-outubro-com-quatro-novidades\/","og_locale":"pt_PT","og_type":"article","og_title":"[2024\/10\/14] [Celebra\u00e7\u00e3o do duplo anivers\u00e1rio] 29.\u00aa MIF e 2024MFE arrancar\u00e3o em 16 de Outubro com \u201cquatro novidades\u201d | Commerce and Investment Promotion Institute","og_description":"29.\u00aa MIF e a 2024MFE ter\u00e3o lugar no dia 16 de Outubro 2024! Em celebra&ccedil;&atilde;o do 75.&ordm; Anivers&aacute;rio da Implanta&ccedil;&atilde;o da Rep&uacute;blica Popular da China [&hellip;]","og_url":"https:\/\/www.ipim.gov.mo\/pt-pt\/noticias-do-ipim\/2024-10-14-celebracao-do-duplo-aniversario-29-a-mif-e-2024mfe-arrancarao-em-16-de-outubro-com-quatro-novidades\/","og_site_name":"Commerce and Investment Promotion Institute","article_published_time":"2024-10-14T10:08:00+00:00","og_image":[{"width":1024,"height":768,"url":"https:\/\/www.ipim.gov.mo\/wp-content\/uploads\/2024\/07\/ipim-post-default.jpg","type":"image\/jpeg"}],"author":"admin","twitter_card":"summary_large_image","twitter_misc":{"Written by":"admin","Est. reading time":"8 minutes"},"schema":{"@context":"https:\/\/schema.org","@graph":[{"@type":"WebPage","@id":"https:\/\/www.ipim.gov.mo\/pt-pt\/noticias-do-ipim\/2024-10-14-celebracao-do-duplo-aniversario-29-a-mif-e-2024mfe-arrancarao-em-16-de-outubro-com-quatro-novidades\/","url":"https:\/\/www.ipim.gov.mo\/pt-pt\/noticias-do-ipim\/2024-10-14-celebracao-do-duplo-aniversario-29-a-mif-e-2024mfe-arrancarao-em-16-de-outubro-com-quatro-novidades\/","name":"[2024\/10\/14] [Celebra\u00e7\u00e3o do duplo anivers\u00e1rio] 29.\u00aa MIF e 2024MFE arrancar\u00e3o em 16 de Outubro com \u201cquatro novidades\u201d | Commerce and Investment Promotion Institute","isPartOf":{"@id":"https:\/\/www.ipim.gov.mo\/zh-hans\/#website"},"primaryImageOfPage":{"@id":"https:\/\/www.ipim.gov.mo\/pt-pt\/noticias-do-ipim\/2024-10-14-celebracao-do-duplo-aniversario-29-a-mif-e-2024mfe-arrancarao-em-16-de-outubro-com-quatro-novidades\/#primaryimage"},"image":{"@id":"https:\/\/www.ipim.gov.mo\/pt-pt\/noticias-do-ipim\/2024-10-14-celebracao-do-duplo-aniversario-29-a-mif-e-2024mfe-arrancarao-em-16-de-outubro-com-quatro-novidades\/#primaryimage"},"thumbnailUrl":"https:\/\/www.ipim.gov.mo\/wp-content\/uploads\/2024\/07\/ipim-post-default.jpg","datePublished":"2024-10-14T10:08:00+00:00","breadcrumb":{"@id":"https:\/\/www.ipim.gov.mo\/pt-pt\/noticias-do-ipim\/2024-10-14-celebracao-do-duplo-aniversario-29-a-mif-e-2024mfe-arrancarao-em-16-de-outubro-com-quatro-novidades\/#breadcrumb"},"inLanguage":"pt-PT","potentialAction":[{"@type":"ReadAction","target":["https:\/\/www.ipim.gov.mo\/pt-pt\/noticias-do-ipim\/2024-10-14-celebracao-do-duplo-aniversario-29-a-mif-e-2024mfe-arrancarao-em-16-de-outubro-com-quatro-novidades\/"]}]},{"@type":"ImageObject","inLanguage":"pt-PT","@id":"https:\/\/www.ipim.gov.mo\/pt-pt\/noticias-do-ipim\/2024-10-14-celebracao-do-duplo-aniversario-29-a-mif-e-2024mfe-arrancarao-em-16-de-outubro-com-quatro-novidades\/#primaryimage","url":"https:\/\/www.ipim.gov.mo\/wp-content\/uploads\/2024\/07\/ipim-post-default.jpg","contentUrl":"https:\/\/www.ipim.gov.mo\/wp-content\/uploads\/2024\/07\/ipim-post-default.jpg","width":1024,"height":768},{"@type":"BreadcrumbList","@id":"https:\/\/www.ipim.gov.mo\/pt-pt\/noticias-do-ipim\/2024-10-14-celebracao-do-duplo-aniversario-29-a-mif-e-2024mfe-arrancarao-em-16-de-outubro-com-quatro-novidades\/#breadcrumb","itemListElement":[{"@type":"ListItem","position":1,"name":"Home","item":"https:\/\/www.ipim.gov.mo\/pt-pt\/"},{"@type":"ListItem","position":2,"name":"[2024\/10\/14] [Celebra\u00e7\u00e3o do duplo anivers\u00e1rio] 29.\u00aa MIF e 2024MFE arrancar\u00e3o em 16 de Outubro com \u201cquatro novidades\u201d"}]},{"@type":"WebSite","@id":"https:\/\/www.ipim.gov.mo\/zh-hans\/#website","url":"https:\/\/www.ipim.gov.mo\/zh-hans\/","name":"Commerce and Investment Promotion Institute","description":"Commerce and Investment Promotion Institute","publisher":{"@id":"https:\/\/www.ipim.gov.mo\/zh-hans\/#organization"},"potentialAction":[{"@type":"SearchAction","target":{"@type":"EntryPoint","urlTemplate":"https:\/\/www.ipim.gov.mo\/zh-hans\/?s={search_term_string}"},"query-input":{"@type":"PropertyValueSpecification","valueRequired":true,"valueName":"search_term_string"}}],"inLanguage":"pt-PT"},{"@type":"Organization","@id":"https:\/\/www.ipim.gov.mo\/zh-hans\/#organization","name":"IPIM","url":"https:\/\/www.ipim.gov.mo\/zh-hans\/","logo":{"@type":"ImageObject","inLanguage":"pt-PT","@id":"https:\/\/www.ipim.gov.mo\/zh-hans\/#\/schema\/logo\/image\/","url":"https:\/\/www.ipim.gov.mo\/wp-content\/uploads\/2022\/10\/default-post-thumbnail-ipim-logo.png","contentUrl":"https:\/\/www.ipim.gov.mo\/wp-content\/uploads\/2022\/10\/default-post-thumbnail-ipim-logo.png","width":1024,"height":768,"caption":"IPIM"},"image":{"@id":"https:\/\/www.ipim.gov.mo\/zh-hans\/#\/schema\/logo\/image\/"}}]}},"author_meta":{"display_name":"admin","author_link":"https:\/\/www.ipim.gov.mo\/pt-pt\/author\/admin\/"},"featured_img":"https:\/\/www.ipim.gov.mo\/wp-content\/uploads\/2024\/07\/ipim-post-default-300x225.jpg","coauthors":[],"tax_additional":{"categories":{"linked":["<a href=\"https:\/\/www.ipim.gov.mo\/pt-pt\/category\/noticias-do-ipim\/\" class=\"advgb-post-tax-term\">Not\u00edcias do IPIM<\/a>"],"unlinked":["<span class=\"advgb-post-tax-term\">Not\u00edcias do IPIM<\/span>"]}},"comment_count":"0","relative_dates":{"created":"Posted 2 years ago","modified":"Updated 2 years ago"},"absolute_dates":{"created":"Posted on Outubro 14, 2024","modified":"Updated on Outubro 14, 2024"},"absolute_dates_time":{"created":"Posted on Outubro 14, 2024 6:08 pm","modified":"Updated on Outubro 14, 2024 6:08 pm"},"featured_img_caption":"","series_order":"","_links":{"self":[{"href":"https:\/\/www.ipim.gov.mo\/pt-pt\/wp-json\/wp\/v2\/posts\/478403","targetHints":{"allow":["GET"]}}],"collection":[{"href":"https:\/\/www.ipim.gov.mo\/pt-pt\/wp-json\/wp\/v2\/posts"}],"about":[{"href":"https:\/\/www.ipim.gov.mo\/pt-pt\/wp-json\/wp\/v2\/types\/post"}],"author":[{"embeddable":true,"href":"https:\/\/www.ipim.gov.mo\/pt-pt\/wp-json\/wp\/v2\/users\/1"}],"replies":[{"embeddable":true,"href":"https:\/\/www.ipim.gov.mo\/pt-pt\/wp-json\/wp\/v2\/comments?post=478403"}],"version-history":[{"count":1,"href":"https:\/\/www.ipim.gov.mo\/pt-pt\/wp-json\/wp\/v2\/posts\/478403\/revisions"}],"predecessor-version":[{"id":478474,"href":"https:\/\/www.ipim.gov.mo\/pt-pt\/wp-json\/wp\/v2\/posts\/478403\/revisions\/478474"}],"wp:featuredmedia":[{"embeddable":true,"href":"https:\/\/www.ipim.gov.mo\/pt-pt\/wp-json\/wp\/v2\/media\/467868"}],"wp:attachment":[{"href":"https:\/\/www.ipim.gov.mo\/pt-pt\/wp-json\/wp\/v2\/media?parent=478403"}],"wp:term":[{"taxonomy":"category","embeddable":true,"href":"https:\/\/www.ipim.gov.mo\/pt-pt\/wp-json\/wp\/v2\/categories?post=478403"},{"taxonomy":"post_tag","embeddable":true,"href":"https:\/\/www.ipim.gov.mo\/pt-pt\/wp-json\/wp\/v2\/tags?post=478403"}],"curies":[{"name":"wp","href":"https:\/\/api.w.org\/{rel}","templated":true}]}}