{"id":477285,"date":"2024-10-04T15:49:00","date_gmt":"2024-10-04T07:49:00","guid":{"rendered":"https:\/\/www.ipim.gov.mo\/noticias-do-ipim\/2024-10-07-celebracao-do-duplo-aniversario-29-a-mif-e-a-2024mfe-terao-lugar-no-dia-16-de-outubro-com-nova-tentativa-para-potenciar-o-papel-promotor-das-exposicoes\/"},"modified":"2025-01-17T23:33:07","modified_gmt":"2025-01-17T15:33:07","slug":"2024-10-07-celebracao-do-duplo-aniversario-29-a-mif-e-a-2024mfe-terao-lugar-no-dia-16-de-outubro-com-nova-tentativa-para-potenciar-o-papel-promotor-das-exposicoes","status":"publish","type":"post","link":"https:\/\/www.ipim.gov.mo\/pt-pt\/noticias-do-ipim\/2024-10-07-celebracao-do-duplo-aniversario-29-a-mif-e-a-2024mfe-terao-lugar-no-dia-16-de-outubro-com-nova-tentativa-para-potenciar-o-papel-promotor-das-exposicoes\/","title":{"rendered":"[2024\/10\/04] [Celebra\u00e7\u00e3o do duplo anivers\u00e1rio] 29.\u00aa MIF e a 2024MFE ter\u00e3o lugar no dia 16 de Outubro com &#8220;nova tentativa&#8221; para potenciar o papel promotor das exposi\u00e7\u00f5es"},"content":{"rendered":"<p style=\"text-align:justify\">Para a celebra&ccedil;&atilde;o do 75.&ordm; Anivers&aacute;rio da Implanta&ccedil;&atilde;o da Rep&uacute;blica Popular da China e do 25.&ordm; Anivers&aacute;rio do Retorno de Macau &agrave; P&aacute;tria, a 29.&ordf; Feira Internacional de Macau (29.&ordf; MIF) e a Exposi&ccedil;&atilde;o de Franquia de Macau 2024 (2024MFE) oferecer&atilde;o brindes para visitantes no valor total de mais de 500.000 patacas. Ao mesmo tempo, as zonas de exposi&ccedil;&atilde;o integrar&atilde;o a actividade de promo&ccedil;&atilde;o de consumo em grande escala, intitulada \u201cGrande pr&eacute;mio para o consumo em Macau\u201d, com vista a proporcionar mais benef&iacute;cios e descontos direccionados aos consumidores no local. Todo o p&uacute;blico est&aacute; convidado a participar.<\/p>\n<p style=\"text-align:justify\">Al&eacute;m disso, as duas exposi&ccedil;&otilde;es ser&atilde;o ajustadas pela primeira vez este ano no sentido de serem realizadas em simult&acirc;neo e no mesmo local, na Cotai Expo do <em>The Venetian Macau<\/em>, de Quarta-feira a S&aacute;bado (16 a 19 de Outubro), com vista a potenciar o papel promotor destas exposi&ccedil;&otilde;es no que respeita ao aumento do contacto entre as empresas.<\/p>\n<p style=\"text-align:justify\"><strong>Oferta de brindes para visitantes no valor total de mais de 500.000 patacas <\/strong><\/p>\n<p style=\"text-align:justify\">Sob a ocasi&atilde;o de duplas celebra&ccedil;&otilde;es, durante a 29.&ordf; MIF e a 2024MFE, os visitantes que tirarem fotografias em pontos designados no local do evento poder&atilde;o receber brindes no valor total de mais de 500.000 patacas. Al&eacute;m disso, em resposta &agrave; actividade de promo&ccedil;&atilde;o de consumo em grande escala, intitulada \u201cGrande pr&eacute;mio para o consumo em Macau\u201d, os visitantes ter&atilde;o a oportunidade de ganhar cup&otilde;es electr&oacute;nicos e de participar no grande sorteio final. Para isso, devem fazer compras atrav&eacute;s de pagamento m&oacute;vel nos estabelecimentos comerciais que participam na \u201cZona de Exposi&ccedil;&atilde;o e Vendas para as Empresas Locais de Macau\u201d da 29.&ordf; MIF.<\/p>\n<p style=\"text-align:justify\"><strong>Duas exposi&ccedil;&otilde;es realizam \u201cNova Tentativa\u201d de serem arrancadas na Quarta-feira, para refor&ccedil;ar o contacto entre as empresas<\/strong><\/p>\n<p style=\"text-align:justify\">Al&eacute;m disso, dado que a MIF e a MFE s&atilde;o duas exposi&ccedil;&otilde;es profissionais acreditadas pela Associa&ccedil;&atilde;o Global da Ind&uacute;stria de Exposi&ccedil;&otilde;es (UFI), poder&atilde;o desempenhar mutuamente um efeito sin&eacute;rgico, continuando a promover a capta&ccedil;&atilde;o de neg&oacute;cios e investimentos. Este ano, o per&iacute;odo de quatro dias das duas exposi&ccedil;&otilde;es contar&aacute; com um dia &uacute;til adicional, sendo que as exposi&ccedil;&otilde;es ser&atilde;o realizadas, pela primeira vez, de Quarta-feira a S&aacute;bado (16 a 19 de Outubro), em vez de no per&iacute;odo entre Quinta-feira e Domingo, como no ano passado. O objectivo passa por desfasar as datas de visitas a Macau dos turistas de lazer e dos turistas de neg&oacute;cios. Deste modo, pode-se reduzir os custos em que os turistas de neg&oacute;cios incorrem quando participam em exposi&ccedil;&otilde;es em Macau, o que aumenta o seu desejo de participar nestes eventos. Ao mesmo tempo, o prolongamento da estadia favorecer&aacute; a realiza&ccedil;&atilde;o de negocia&ccedil;&otilde;es e interc&acirc;mbios comerciais mais aprofundados entre os turistas de neg&oacute;cios de diferentes lugares.<\/p>\n<p style=\"text-align:justify\"><strong>10 zonas de exposi&ccedil;&atilde;o com v&aacute;rios destaques, para interpretar os temas de forma abrangente a partir de m&uacute;ltiplos &acirc;ngulos<\/strong><\/p>\n<p style=\"text-align:justify\">Subordinada ao tema \u201cDiversifica&ccedil;&atilde;o da Economia e Oportunidades do Desenvolvimento\u201d, a 29.&ordf; MIF convida Shenzhen como \u201cmunic&iacute;pio parceiro\u201d deste ano, disponibilizando 6 zonas de exposi&ccedil;&atilde;o. Subordinada ao tema \u201cReuni&atilde;o de Marcas e Demonstra&ccedil;&atilde;o de Oportunidades\u201d, a 2024MFE conta com 4 zonas de exposi&ccedil;&atilde;o. As duas exposi&ccedil;&otilde;es est&atilde;o empenhadas em construir um cen&aacute;rio diversificado de coopera&ccedil;&atilde;o comercial para as empresas e em fornecer apoio abrangente &agrave;s PMEs, no sentido da actualiza&ccedil;&atilde;o e da transforma&ccedil;&atilde;o dos seus neg&oacute;cios e com vista a melhorar o apelo das suas marcas e explorar oportunidades de neg&oacute;cio.<\/p>\n<p style=\"text-align:justify\">Durante os quatro dias do evento, ser&atilde;o organizadas, no total, 8 sess&otilde;es de bolsas de contactos, bem como uma s&eacute;rie de actividades paralelas de promo&ccedil;&atilde;o comercial, incluindo sess&otilde;es de promo&ccedil;&atilde;o, cerim&oacute;nias de assinatura, sess&otilde;es de vendas atrav&eacute;s de<em> live streaming<\/em>, actividades realizadas sob o modelo \u201cUm Evento, Dois Locais\u201d em Macau e em Hengqin, visitas guiadas aos bairros, entre outras. Estas actividades ser&atilde;o complementadas pela transmiss&atilde;o em directo do evento e pelo servi&ccedil;o <em>online <\/em>de bolsas de contactos \u201cMatching GoGo\u201d, para ajudar as empresas de v&aacute;rios lugares a disponibilizar mais oportunidades de neg&oacute;cio em termos de coopera&ccedil;&atilde;o transregional e transectorial, visando aumentar a efic&aacute;cia estendida do evento e aprofundar a fun&ccedil;&atilde;o de \u201catrair investimentos atrav&eacute;s de conven&ccedil;&otilde;es e exposi&ccedil;&otilde;es\u201d.<\/p>\n<p style=\"text-align:justify\">Para informa&ccedil;&otilde;es mais actualizadas, consulte as seguintes p&aacute;ginas oficiais: www.mif.com.mo ou www.mfe.mo; ligue para os n&uacute;meros: (853) 2882 8711 (29.&ordf; MIF) ou (853) 8798 9654 (2024MFE); siga a conta oficial do WeChat: MICE_IPIM.<\/p>\n<div class=\"wp-caption alignnone\">\n                <a href=\"https:\/\/www.ipim.gov.mo\/wp-content\/uploads\/2024\/10\/01_image_2024_10_04-scaled.jpg\" data-component=\"Popup\" data-fancybox=\"gallery\" data-caption=\"A 29.\u00aa MIF e a 2024MFE ser\u00e3o realizadas em simult\u00e2neo no mesmo local em Macau\" data-type=\"image\"><br \/>\n                <img decoding=\"async\" class=\"size-large\" src=\"https:\/\/www.ipim.gov.mo\/wp-content\/uploads\/2024\/10\/01_image_2024_10_04-scaled.jpg\" title=\"A 29.\u00aa MIF e a 2024MFE ser\u00e3o realizadas em simult\u00e2neo no mesmo local em Macau\" alt=\"A 29.\u00aa MIF e a 2024MFE ser\u00e3o realizadas em simult\u00e2neo no mesmo local em Macau\" width=\"1024\"><br \/>\n                <\/a><\/p>\n<p class=\"wp-caption-text\">A 29.\u00aa MIF e a 2024MFE ser\u00e3o realizadas em simult\u00e2neo no mesmo local em Macau<\/p>\n<\/p><\/div>\n<div class=\"wp-caption alignnone\">\n                <a href=\"https:\/\/www.ipim.gov.mo\/wp-content\/uploads\/2024\/10\/02_image_2024_10_04-scaled.jpg\" data-component=\"Popup\" data-fancybox=\"gallery\" data-caption=\"A 29.\u00aa MIF disponibilizar\u00e1 6 zonas de exposi\u00e7\u00e3o\" data-type=\"image\"><br \/>\n                <img decoding=\"async\" class=\"size-large\" src=\"https:\/\/www.ipim.gov.mo\/wp-content\/uploads\/2024\/10\/02_image_2024_10_04-scaled.jpg\" title=\"A 29.\u00aa MIF disponibilizar\u00e1 6 zonas de exposi\u00e7\u00e3o\" alt=\"A 29.\u00aa MIF disponibilizar\u00e1 6 zonas de exposi\u00e7\u00e3o\" width=\"1024\"><br \/>\n                <\/a><\/p>\n<p class=\"wp-caption-text\">A 29.\u00aa MIF disponibilizar\u00e1 6 zonas de exposi\u00e7\u00e3o<\/p>\n<\/p><\/div>\n<div class=\"wp-caption alignnone\">\n                <a href=\"https:\/\/www.ipim.gov.mo\/wp-content\/uploads\/2024\/10\/03_image_2024_10_04.png\" data-component=\"Popup\" data-fancybox=\"gallery\" data-caption=\"A 2024MFE disponibilizar\u00e1 4 zonas de exposi\u00e7\u00e3o\" data-type=\"image\"><br \/>\n                <img decoding=\"async\" class=\"size-large\" src=\"https:\/\/www.ipim.gov.mo\/wp-content\/uploads\/2024\/10\/03_image_2024_10_04.png\" title=\"A 2024MFE disponibilizar\u00e1 4 zonas de exposi\u00e7\u00e3o\" alt=\"A 2024MFE disponibilizar\u00e1 4 zonas de exposi\u00e7\u00e3o\" width=\"1024\"><br \/>\n                <\/a><\/p>\n<p class=\"wp-caption-text\">A 2024MFE disponibilizar\u00e1 4 zonas de exposi\u00e7\u00e3o<\/p>\n<\/p><\/div>\n<div class=\"wp-caption alignnone\">\n                <a href=\"https:\/\/www.ipim.gov.mo\/wp-content\/uploads\/2025\/01\/MIF1.jpeg\" data-component=\"Popup\" data-fancybox=\"gallery\" data-caption=\"A MIF proporciona uma plataforma para o interc\u00e2mbio e a coopera\u00e7\u00e3o empresarial\" data-type=\"image\"><br \/>\n                <img decoding=\"async\" class=\"size-large\" src=\"https:\/\/www.ipim.gov.mo\/wp-content\/uploads\/2025\/01\/MIF1.jpeg\" title=\"A MIF proporciona uma plataforma para o interc\u00e2mbio e a coopera\u00e7\u00e3o empresarial\" alt=\"A MIF proporciona uma plataforma para o interc\u00e2mbio e a coopera\u00e7\u00e3o empresarial\" width=\"1024\"><br \/>\n                <\/a><\/p>\n<p class=\"wp-caption-text\">A MIF proporciona uma plataforma para o interc\u00e2mbio e a coopera\u00e7\u00e3o empresarial<\/p>\n<\/p><\/div>\n<div class=\"wp-caption alignnone\">\n                <a href=\"https:\/\/www.ipim.gov.mo\/wp-content\/uploads\/2025\/01\/MFE1.jpeg\" data-component=\"Popup\" data-fancybox=\"gallery\" data-caption=\"A MFE atrai visitantes atrav\u00e9s das marcas diversificadas\" data-type=\"image\"><br \/>\n                <img decoding=\"async\" class=\"size-large\" src=\"https:\/\/www.ipim.gov.mo\/wp-content\/uploads\/2025\/01\/MFE1.jpeg\" title=\"A MFE atrai visitantes atrav\u00e9s das marcas diversificadas\" alt=\"A MFE atrai visitantes atrav\u00e9s das marcas diversificadas\" width=\"1024\"><br \/>\n                <\/a><\/p>\n<p class=\"wp-caption-text\">A MFE atrai visitantes atrav\u00e9s das marcas diversificadas<\/p>\n<\/p><\/div>\n","protected":false},"excerpt":{"rendered":"<p>Para a celebra&ccedil;&atilde;o do 75.&ordm; Anivers&aacute;rio da Implanta&ccedil;&atilde;o da Rep&uacute;blica Popular da China e do 25.&ordm; Anivers&aacute;rio do Retorno de Macau &agrave; P&aacute;tria, a 29.&ordf; [&hellip;]<\/p>\n","protected":false},"author":1,"featured_media":467868,"comment_status":"closed","ping_status":"closed","sticky":false,"template":"","format":"standard","meta":{"_acf_changed":false,"inline_featured_image":false,"advgb_blocks_editor_width":"","advgb_blocks_columns_visual_guide":"","footnotes":""},"categories":[12],"tags":[],"class_list":["post-477285","post","type-post","status-publish","format-standard","has-post-thumbnail","hentry","category-noticias-do-ipim"],"acf":[],"yoast_head":"<!-- This site is optimized with the Yoast SEO plugin v26.2 - https:\/\/yoast.com\/wordpress\/plugins\/seo\/ -->\r\n<title>[2024\/10\/04] [Celebra\u00e7\u00e3o do duplo anivers\u00e1rio] 29.\u00aa MIF e a 2024MFE ter\u00e3o lugar no dia 16 de Outubro com &quot;nova tentativa&quot; para potenciar o papel promotor das exposi\u00e7\u00f5es | Commerce and Investment Promotion Institute<\/title>\r\n<meta name=\"robots\" content=\"index, follow, max-snippet:-1, max-image-preview:large, max-video-preview:-1\" \/>\r\n<link rel=\"canonical\" href=\"https:\/\/www.ipim.gov.mo\/pt-pt\/noticias-do-ipim\/2024-10-07-celebracao-do-duplo-aniversario-29-a-mif-e-a-2024mfe-terao-lugar-no-dia-16-de-outubro-com-nova-tentativa-para-potenciar-o-papel-promotor-das-exposicoes\/\" \/>\r\n<meta property=\"og:locale\" content=\"pt_PT\" \/>\r\n<meta property=\"og:type\" content=\"article\" \/>\r\n<meta property=\"og:title\" content=\"[2024\/10\/04] [Celebra\u00e7\u00e3o do duplo anivers\u00e1rio] 29.\u00aa MIF e a 2024MFE ter\u00e3o lugar no dia 16 de Outubro com &quot;nova tentativa&quot; para potenciar o papel promotor das exposi\u00e7\u00f5es | Commerce and Investment Promotion Institute\" \/>\r\n<meta property=\"og:description\" content=\"Para a celebra&ccedil;&atilde;o do 75.&ordm; Anivers&aacute;rio da Implanta&ccedil;&atilde;o da Rep&uacute;blica Popular da China e do 25.&ordm; Anivers&aacute;rio do Retorno de Macau &agrave; P&aacute;tria, a 29.&ordf; [&hellip;]\" \/>\r\n<meta property=\"og:url\" content=\"https:\/\/www.ipim.gov.mo\/pt-pt\/noticias-do-ipim\/2024-10-07-celebracao-do-duplo-aniversario-29-a-mif-e-a-2024mfe-terao-lugar-no-dia-16-de-outubro-com-nova-tentativa-para-potenciar-o-papel-promotor-das-exposicoes\/\" \/>\r\n<meta property=\"og:site_name\" content=\"Commerce and Investment Promotion Institute\" \/>\r\n<meta property=\"article:published_time\" content=\"2024-10-04T07:49:00+00:00\" \/>\r\n<meta property=\"article:modified_time\" content=\"2025-01-17T15:33:07+00:00\" \/>\r\n<meta property=\"og:image\" content=\"https:\/\/www.ipim.gov.mo\/wp-content\/uploads\/2024\/07\/ipim-post-default.jpg\" \/>\r\n\t<meta property=\"og:image:width\" content=\"1024\" \/>\r\n\t<meta property=\"og:image:height\" content=\"768\" \/>\r\n\t<meta property=\"og:image:type\" content=\"image\/jpeg\" \/>\r\n<meta name=\"author\" content=\"admin\" \/>\r\n<meta name=\"twitter:card\" content=\"summary_large_image\" \/>\r\n<meta name=\"twitter:label1\" content=\"Written by\" \/>\n\t<meta name=\"twitter:data1\" content=\"admin\" \/>\n\t<meta name=\"twitter:label2\" content=\"Est. reading time\" \/>\n\t<meta name=\"twitter:data2\" content=\"5 minutes\" \/>\r\n<script type=\"application\/ld+json\" class=\"yoast-schema-graph\">{\"@context\":\"https:\/\/schema.org\",\"@graph\":[{\"@type\":\"WebPage\",\"@id\":\"https:\/\/www.ipim.gov.mo\/pt-pt\/noticias-do-ipim\/2024-10-07-celebracao-do-duplo-aniversario-29-a-mif-e-a-2024mfe-terao-lugar-no-dia-16-de-outubro-com-nova-tentativa-para-potenciar-o-papel-promotor-das-exposicoes\/\",\"url\":\"https:\/\/www.ipim.gov.mo\/pt-pt\/noticias-do-ipim\/2024-10-07-celebracao-do-duplo-aniversario-29-a-mif-e-a-2024mfe-terao-lugar-no-dia-16-de-outubro-com-nova-tentativa-para-potenciar-o-papel-promotor-das-exposicoes\/\",\"name\":\"[2024\/10\/04] [Celebra\u00e7\u00e3o do duplo anivers\u00e1rio] 29.\u00aa MIF e a 2024MFE ter\u00e3o lugar no dia 16 de Outubro com \\\"nova tentativa\\\" para potenciar o papel promotor das exposi\u00e7\u00f5es | Commerce and Investment Promotion Institute\",\"isPartOf\":{\"@id\":\"https:\/\/www.ipim.gov.mo\/zh-hans\/#website\"},\"primaryImageOfPage\":{\"@id\":\"https:\/\/www.ipim.gov.mo\/pt-pt\/noticias-do-ipim\/2024-10-07-celebracao-do-duplo-aniversario-29-a-mif-e-a-2024mfe-terao-lugar-no-dia-16-de-outubro-com-nova-tentativa-para-potenciar-o-papel-promotor-das-exposicoes\/#primaryimage\"},\"image\":{\"@id\":\"https:\/\/www.ipim.gov.mo\/pt-pt\/noticias-do-ipim\/2024-10-07-celebracao-do-duplo-aniversario-29-a-mif-e-a-2024mfe-terao-lugar-no-dia-16-de-outubro-com-nova-tentativa-para-potenciar-o-papel-promotor-das-exposicoes\/#primaryimage\"},\"thumbnailUrl\":\"https:\/\/www.ipim.gov.mo\/wp-content\/uploads\/2024\/07\/ipim-post-default.jpg\",\"datePublished\":\"2024-10-04T07:49:00+00:00\",\"dateModified\":\"2025-01-17T15:33:07+00:00\",\"breadcrumb\":{\"@id\":\"https:\/\/www.ipim.gov.mo\/pt-pt\/noticias-do-ipim\/2024-10-07-celebracao-do-duplo-aniversario-29-a-mif-e-a-2024mfe-terao-lugar-no-dia-16-de-outubro-com-nova-tentativa-para-potenciar-o-papel-promotor-das-exposicoes\/#breadcrumb\"},\"inLanguage\":\"pt-PT\",\"potentialAction\":[{\"@type\":\"ReadAction\",\"target\":[\"https:\/\/www.ipim.gov.mo\/pt-pt\/noticias-do-ipim\/2024-10-07-celebracao-do-duplo-aniversario-29-a-mif-e-a-2024mfe-terao-lugar-no-dia-16-de-outubro-com-nova-tentativa-para-potenciar-o-papel-promotor-das-exposicoes\/\"]}]},{\"@type\":\"ImageObject\",\"inLanguage\":\"pt-PT\",\"@id\":\"https:\/\/www.ipim.gov.mo\/pt-pt\/noticias-do-ipim\/2024-10-07-celebracao-do-duplo-aniversario-29-a-mif-e-a-2024mfe-terao-lugar-no-dia-16-de-outubro-com-nova-tentativa-para-potenciar-o-papel-promotor-das-exposicoes\/#primaryimage\",\"url\":\"https:\/\/www.ipim.gov.mo\/wp-content\/uploads\/2024\/07\/ipim-post-default.jpg\",\"contentUrl\":\"https:\/\/www.ipim.gov.mo\/wp-content\/uploads\/2024\/07\/ipim-post-default.jpg\",\"width\":1024,\"height\":768},{\"@type\":\"BreadcrumbList\",\"@id\":\"https:\/\/www.ipim.gov.mo\/pt-pt\/noticias-do-ipim\/2024-10-07-celebracao-do-duplo-aniversario-29-a-mif-e-a-2024mfe-terao-lugar-no-dia-16-de-outubro-com-nova-tentativa-para-potenciar-o-papel-promotor-das-exposicoes\/#breadcrumb\",\"itemListElement\":[{\"@type\":\"ListItem\",\"position\":1,\"name\":\"Home\",\"item\":\"https:\/\/www.ipim.gov.mo\/pt-pt\/\"},{\"@type\":\"ListItem\",\"position\":2,\"name\":\"[2024\/10\/04] [Celebra\u00e7\u00e3o do duplo anivers\u00e1rio] 29.\u00aa MIF e a 2024MFE ter\u00e3o lugar no dia 16 de Outubro com &#8220;nova tentativa&#8221; para potenciar o papel promotor das exposi\u00e7\u00f5es\"}]},{\"@type\":\"WebSite\",\"@id\":\"https:\/\/www.ipim.gov.mo\/zh-hans\/#website\",\"url\":\"https:\/\/www.ipim.gov.mo\/zh-hans\/\",\"name\":\"Commerce and Investment Promotion Institute\",\"description\":\"Commerce and Investment Promotion Institute\",\"publisher\":{\"@id\":\"https:\/\/www.ipim.gov.mo\/zh-hans\/#organization\"},\"potentialAction\":[{\"@type\":\"SearchAction\",\"target\":{\"@type\":\"EntryPoint\",\"urlTemplate\":\"https:\/\/www.ipim.gov.mo\/zh-hans\/?s={search_term_string}\"},\"query-input\":{\"@type\":\"PropertyValueSpecification\",\"valueRequired\":true,\"valueName\":\"search_term_string\"}}],\"inLanguage\":\"pt-PT\"},{\"@type\":\"Organization\",\"@id\":\"https:\/\/www.ipim.gov.mo\/zh-hans\/#organization\",\"name\":\"IPIM\",\"url\":\"https:\/\/www.ipim.gov.mo\/zh-hans\/\",\"logo\":{\"@type\":\"ImageObject\",\"inLanguage\":\"pt-PT\",\"@id\":\"https:\/\/www.ipim.gov.mo\/zh-hans\/#\/schema\/logo\/image\/\",\"url\":\"https:\/\/www.ipim.gov.mo\/wp-content\/uploads\/2022\/10\/default-post-thumbnail-ipim-logo.png\",\"contentUrl\":\"https:\/\/www.ipim.gov.mo\/wp-content\/uploads\/2022\/10\/default-post-thumbnail-ipim-logo.png\",\"width\":1024,\"height\":768,\"caption\":\"IPIM\"},\"image\":{\"@id\":\"https:\/\/www.ipim.gov.mo\/zh-hans\/#\/schema\/logo\/image\/\"}}]}<\/script>\r\n<!-- \/ Yoast SEO plugin. -->","yoast_head_json":{"title":"[2024\/10\/04] [Celebra\u00e7\u00e3o do duplo anivers\u00e1rio] 29.\u00aa MIF e a 2024MFE ter\u00e3o lugar no dia 16 de Outubro com \"nova tentativa\" para potenciar o papel promotor das exposi\u00e7\u00f5es | Commerce and Investment Promotion Institute","robots":{"index":"index","follow":"follow","max-snippet":"max-snippet:-1","max-image-preview":"max-image-preview:large","max-video-preview":"max-video-preview:-1"},"canonical":"https:\/\/www.ipim.gov.mo\/pt-pt\/noticias-do-ipim\/2024-10-07-celebracao-do-duplo-aniversario-29-a-mif-e-a-2024mfe-terao-lugar-no-dia-16-de-outubro-com-nova-tentativa-para-potenciar-o-papel-promotor-das-exposicoes\/","og_locale":"pt_PT","og_type":"article","og_title":"[2024\/10\/04] [Celebra\u00e7\u00e3o do duplo anivers\u00e1rio] 29.\u00aa MIF e a 2024MFE ter\u00e3o lugar no dia 16 de Outubro com \"nova tentativa\" para potenciar o papel promotor das exposi\u00e7\u00f5es | Commerce and Investment Promotion Institute","og_description":"Para a celebra&ccedil;&atilde;o do 75.&ordm; Anivers&aacute;rio da Implanta&ccedil;&atilde;o da Rep&uacute;blica Popular da China e do 25.&ordm; Anivers&aacute;rio do Retorno de Macau &agrave; P&aacute;tria, a 29.&ordf; [&hellip;]","og_url":"https:\/\/www.ipim.gov.mo\/pt-pt\/noticias-do-ipim\/2024-10-07-celebracao-do-duplo-aniversario-29-a-mif-e-a-2024mfe-terao-lugar-no-dia-16-de-outubro-com-nova-tentativa-para-potenciar-o-papel-promotor-das-exposicoes\/","og_site_name":"Commerce and Investment Promotion Institute","article_published_time":"2024-10-04T07:49:00+00:00","article_modified_time":"2025-01-17T15:33:07+00:00","og_image":[{"width":1024,"height":768,"url":"https:\/\/www.ipim.gov.mo\/wp-content\/uploads\/2024\/07\/ipim-post-default.jpg","type":"image\/jpeg"}],"author":"admin","twitter_card":"summary_large_image","twitter_misc":{"Written by":"admin","Est. reading time":"5 minutes"},"schema":{"@context":"https:\/\/schema.org","@graph":[{"@type":"WebPage","@id":"https:\/\/www.ipim.gov.mo\/pt-pt\/noticias-do-ipim\/2024-10-07-celebracao-do-duplo-aniversario-29-a-mif-e-a-2024mfe-terao-lugar-no-dia-16-de-outubro-com-nova-tentativa-para-potenciar-o-papel-promotor-das-exposicoes\/","url":"https:\/\/www.ipim.gov.mo\/pt-pt\/noticias-do-ipim\/2024-10-07-celebracao-do-duplo-aniversario-29-a-mif-e-a-2024mfe-terao-lugar-no-dia-16-de-outubro-com-nova-tentativa-para-potenciar-o-papel-promotor-das-exposicoes\/","name":"[2024\/10\/04] [Celebra\u00e7\u00e3o do duplo anivers\u00e1rio] 29.\u00aa MIF e a 2024MFE ter\u00e3o lugar no dia 16 de Outubro com \"nova tentativa\" para potenciar o papel promotor das exposi\u00e7\u00f5es | Commerce and Investment Promotion Institute","isPartOf":{"@id":"https:\/\/www.ipim.gov.mo\/zh-hans\/#website"},"primaryImageOfPage":{"@id":"https:\/\/www.ipim.gov.mo\/pt-pt\/noticias-do-ipim\/2024-10-07-celebracao-do-duplo-aniversario-29-a-mif-e-a-2024mfe-terao-lugar-no-dia-16-de-outubro-com-nova-tentativa-para-potenciar-o-papel-promotor-das-exposicoes\/#primaryimage"},"image":{"@id":"https:\/\/www.ipim.gov.mo\/pt-pt\/noticias-do-ipim\/2024-10-07-celebracao-do-duplo-aniversario-29-a-mif-e-a-2024mfe-terao-lugar-no-dia-16-de-outubro-com-nova-tentativa-para-potenciar-o-papel-promotor-das-exposicoes\/#primaryimage"},"thumbnailUrl":"https:\/\/www.ipim.gov.mo\/wp-content\/uploads\/2024\/07\/ipim-post-default.jpg","datePublished":"2024-10-04T07:49:00+00:00","dateModified":"2025-01-17T15:33:07+00:00","breadcrumb":{"@id":"https:\/\/www.ipim.gov.mo\/pt-pt\/noticias-do-ipim\/2024-10-07-celebracao-do-duplo-aniversario-29-a-mif-e-a-2024mfe-terao-lugar-no-dia-16-de-outubro-com-nova-tentativa-para-potenciar-o-papel-promotor-das-exposicoes\/#breadcrumb"},"inLanguage":"pt-PT","potentialAction":[{"@type":"ReadAction","target":["https:\/\/www.ipim.gov.mo\/pt-pt\/noticias-do-ipim\/2024-10-07-celebracao-do-duplo-aniversario-29-a-mif-e-a-2024mfe-terao-lugar-no-dia-16-de-outubro-com-nova-tentativa-para-potenciar-o-papel-promotor-das-exposicoes\/"]}]},{"@type":"ImageObject","inLanguage":"pt-PT","@id":"https:\/\/www.ipim.gov.mo\/pt-pt\/noticias-do-ipim\/2024-10-07-celebracao-do-duplo-aniversario-29-a-mif-e-a-2024mfe-terao-lugar-no-dia-16-de-outubro-com-nova-tentativa-para-potenciar-o-papel-promotor-das-exposicoes\/#primaryimage","url":"https:\/\/www.ipim.gov.mo\/wp-content\/uploads\/2024\/07\/ipim-post-default.jpg","contentUrl":"https:\/\/www.ipim.gov.mo\/wp-content\/uploads\/2024\/07\/ipim-post-default.jpg","width":1024,"height":768},{"@type":"BreadcrumbList","@id":"https:\/\/www.ipim.gov.mo\/pt-pt\/noticias-do-ipim\/2024-10-07-celebracao-do-duplo-aniversario-29-a-mif-e-a-2024mfe-terao-lugar-no-dia-16-de-outubro-com-nova-tentativa-para-potenciar-o-papel-promotor-das-exposicoes\/#breadcrumb","itemListElement":[{"@type":"ListItem","position":1,"name":"Home","item":"https:\/\/www.ipim.gov.mo\/pt-pt\/"},{"@type":"ListItem","position":2,"name":"[2024\/10\/04] [Celebra\u00e7\u00e3o do duplo anivers\u00e1rio] 29.\u00aa MIF e a 2024MFE ter\u00e3o lugar no dia 16 de Outubro com &#8220;nova tentativa&#8221; para potenciar o papel promotor das exposi\u00e7\u00f5es"}]},{"@type":"WebSite","@id":"https:\/\/www.ipim.gov.mo\/zh-hans\/#website","url":"https:\/\/www.ipim.gov.mo\/zh-hans\/","name":"Commerce and Investment Promotion Institute","description":"Commerce and Investment Promotion Institute","publisher":{"@id":"https:\/\/www.ipim.gov.mo\/zh-hans\/#organization"},"potentialAction":[{"@type":"SearchAction","target":{"@type":"EntryPoint","urlTemplate":"https:\/\/www.ipim.gov.mo\/zh-hans\/?s={search_term_string}"},"query-input":{"@type":"PropertyValueSpecification","valueRequired":true,"valueName":"search_term_string"}}],"inLanguage":"pt-PT"},{"@type":"Organization","@id":"https:\/\/www.ipim.gov.mo\/zh-hans\/#organization","name":"IPIM","url":"https:\/\/www.ipim.gov.mo\/zh-hans\/","logo":{"@type":"ImageObject","inLanguage":"pt-PT","@id":"https:\/\/www.ipim.gov.mo\/zh-hans\/#\/schema\/logo\/image\/","url":"https:\/\/www.ipim.gov.mo\/wp-content\/uploads\/2022\/10\/default-post-thumbnail-ipim-logo.png","contentUrl":"https:\/\/www.ipim.gov.mo\/wp-content\/uploads\/2022\/10\/default-post-thumbnail-ipim-logo.png","width":1024,"height":768,"caption":"IPIM"},"image":{"@id":"https:\/\/www.ipim.gov.mo\/zh-hans\/#\/schema\/logo\/image\/"}}]}},"author_meta":{"display_name":"admin","author_link":"https:\/\/www.ipim.gov.mo\/pt-pt\/author\/admin\/"},"featured_img":"https:\/\/www.ipim.gov.mo\/wp-content\/uploads\/2024\/07\/ipim-post-default-300x225.jpg","coauthors":[],"tax_additional":{"categories":{"linked":["<a href=\"https:\/\/www.ipim.gov.mo\/pt-pt\/category\/noticias-do-ipim\/\" class=\"advgb-post-tax-term\">Not\u00edcias do IPIM<\/a>"],"unlinked":["<span class=\"advgb-post-tax-term\">Not\u00edcias do IPIM<\/span>"]}},"comment_count":"0","relative_dates":{"created":"Posted 2 years ago","modified":"Updated 1 year ago"},"absolute_dates":{"created":"Posted on Outubro 4, 2024","modified":"Updated on Janeiro 17, 2025"},"absolute_dates_time":{"created":"Posted on Outubro 4, 2024 3:49 pm","modified":"Updated on Janeiro 17, 2025 11:33 pm"},"featured_img_caption":"","series_order":"","_links":{"self":[{"href":"https:\/\/www.ipim.gov.mo\/pt-pt\/wp-json\/wp\/v2\/posts\/477285","targetHints":{"allow":["GET"]}}],"collection":[{"href":"https:\/\/www.ipim.gov.mo\/pt-pt\/wp-json\/wp\/v2\/posts"}],"about":[{"href":"https:\/\/www.ipim.gov.mo\/pt-pt\/wp-json\/wp\/v2\/types\/post"}],"author":[{"embeddable":true,"href":"https:\/\/www.ipim.gov.mo\/pt-pt\/wp-json\/wp\/v2\/users\/1"}],"replies":[{"embeddable":true,"href":"https:\/\/www.ipim.gov.mo\/pt-pt\/wp-json\/wp\/v2\/comments?post=477285"}],"version-history":[{"count":1,"href":"https:\/\/www.ipim.gov.mo\/pt-pt\/wp-json\/wp\/v2\/posts\/477285\/revisions"}],"predecessor-version":[{"id":484910,"href":"https:\/\/www.ipim.gov.mo\/pt-pt\/wp-json\/wp\/v2\/posts\/477285\/revisions\/484910"}],"wp:featuredmedia":[{"embeddable":true,"href":"https:\/\/www.ipim.gov.mo\/pt-pt\/wp-json\/wp\/v2\/media\/467868"}],"wp:attachment":[{"href":"https:\/\/www.ipim.gov.mo\/pt-pt\/wp-json\/wp\/v2\/media?parent=477285"}],"wp:term":[{"taxonomy":"category","embeddable":true,"href":"https:\/\/www.ipim.gov.mo\/pt-pt\/wp-json\/wp\/v2\/categories?post=477285"},{"taxonomy":"post_tag","embeddable":true,"href":"https:\/\/www.ipim.gov.mo\/pt-pt\/wp-json\/wp\/v2\/tags?post=477285"}],"curies":[{"name":"wp","href":"https:\/\/api.w.org\/{rel}","templated":true}]}}