{"id":476639,"date":"2024-09-27T09:30:00","date_gmt":"2024-09-27T01:30:00","guid":{"rendered":"https:\/\/www.ipim.gov.mo\/noticias-do-ipim\/2024-09-30-reforco-da-promocao-do-cartao-de-visita-dourado-raem-recebeu-o-premio-de-melhor-cidade-para-conferencias-e-negocios-best-bt-mice-city-pelo-segundo-ano-consecutivo\/"},"modified":"2024-09-27T09:30:00","modified_gmt":"2024-09-27T01:30:00","slug":"2024-09-30-reforco-da-promocao-do-cartao-de-visita-dourado-raem-recebeu-o-premio-de-melhor-cidade-para-conferencias-e-negocios-best-bt-mice-city-pelo-segundo-ano-consecutivo","status":"publish","type":"post","link":"https:\/\/www.ipim.gov.mo\/pt-pt\/noticias-do-ipim\/2024-09-30-reforco-da-promocao-do-cartao-de-visita-dourado-raem-recebeu-o-premio-de-melhor-cidade-para-conferencias-e-negocios-best-bt-mice-city-pelo-segundo-ano-consecutivo\/","title":{"rendered":"[2024\/09\/27] [Refor\u00e7o da promo\u00e7\u00e3o do Cart\u00e3o de Visita Dourado] RAEM recebeu o pr\u00e9mio de \u201cMelhor Cidade para Confer\u00eancias e Neg\u00f3cios\u201d (Best BT-MICE City) pelo segundo ano consecutivo"},"content":{"rendered":"<p style=\"text-align:justify\">A Regi&atilde;o Administrativa Especial de Macau (RAEM) foi distinguida com o pr&eacute;mio de \u201cMelhor Cidade para Confer&ecirc;ncias e Neg&oacute;cios\u201d (Best BT-MICE City), durante a cerim&oacute;nia de entrega dos pr&eacute;mios TTG Travel Awards 2024, realizada a 26 de Setembro, em Banguecoque, Tail&acirc;ndia, recebendo este prestigiado pr&eacute;mio internacional pelo segundo ano consecutivo.<\/p>\n<p style=\"text-align:justify\"><strong>Dois pr&eacute;mios internacionais em um m&ecirc;s: \u201cMelhor Cidade de Conven&ccedil;&otilde;es da &Aacute;sia\u201d e \u201cMelhor Cidade para Confer&ecirc;ncias e Neg&oacute;cios\u201d<\/strong><\/p>\n<p style=\"text-align:justify\">No in&iacute;cio deste m&ecirc;s, a RAEM foi novamente premiada com outro importante reconhecimento internacional, o pr&eacute;mio de \u201cMelhor Cidade de Conven&ccedil;&otilde;es da &Aacute;sia\u201d.<\/p>\n<p style=\"text-align:justify\">Num espa&ccedil;o de apenas um m&ecirc;s, o sector das conven&ccedil;&otilde;es e exposi&ccedil;&otilde;es de Macau recebeu dois pr&eacute;mios internacionais. Em 2023 e 2024, consecutivamente, Macau foi eleita como \u201cMelhor Cidade de Conven&ccedil;&otilde;es da &Aacute;sia\u201d e \u201cMelhor Cidade para Confer&ecirc;ncias e Neg&oacute;cios\u201d.<\/p>\n<p style=\"text-align:justify\">O facto de Macau, como uma cidade internacional para confer&ecirc;ncias e neg&oacute;cios, receber consecutivamente pr&eacute;mios prestigiados &eacute; testemunho das suas infra-estruturas corp&oacute;reas e incorp&oacute;reas e servi&ccedil;os, bem como das suas capacidades de organiza&ccedil;&atilde;o de eventos, reflectindo o reconhecimento internacional.<\/p>\n<p style=\"text-align:justify\"><strong>Sector: Alto prest&iacute;gio dos pr&eacute;mios confirma a compet&ecirc;ncia de Macau no sector de conven&ccedil;&otilde;es e exposi&ccedil;&otilde;es<\/strong><\/p>\n<p style=\"text-align:justify\">Os TTG Travel Awards, que come&ccedil;aram em 1989, s&atilde;o considerados uns dos pr&eacute;mios mais cred&iacute;veis e prestigiados da ind&uacute;stria do turismo e das conven&ccedil;&otilde;es e exposi&ccedil;&otilde;es na regi&atilde;o &Aacute;sia-Pac&iacute;fico. Destinam-se a reconhecer as entidades tur&iacute;sticas de excel&ecirc;ncia da regi&atilde;o.<\/p>\n<p style=\"text-align:justify\">O pr&eacute;mio de \u201cMelhor Cidade para Confer&ecirc;ncias e Neg&oacute;cios\u201d, atribu&iacute;do a Macau, reflecte a consolida&ccedil;&atilde;o e o fortalecimento cont&iacute;nuo das suas capacidades no sector das conven&ccedil;&otilde;es e exposi&ccedil;&otilde;es, afirmando a cidade como uma plataforma internacional de destaque. No primeiro semestre deste ano, Macau organizou 702 eventos de conven&ccedil;&otilde;es e exposi&ccedil;&otilde;es, representando um aumento de 209 eventos face ao mesmo per&iacute;odo do ano passado, o que corresponde a um crescimento superior a 42%.<\/p>\n<p style=\"text-align:justify\"><strong>Fazer brilhar ainda mais o \u201cCart&atilde;o de Visita Dourado\u201d de Macau como metr&oacute;pole internacional<\/strong><\/p>\n<p style=\"text-align:justify\">Os profissionais do sector de conven&ccedil;&otilde;es e exposi&ccedil;&otilde;es destacam que os TTG Travel Awards s&atilde;o atribu&iacute;dos com base na vota&ccedil;&atilde;o dos leitores das publica&ccedil;&otilde;es do grupo TTG, conferindo grande credibilidade ao pr&eacute;mio. A conquista de Macau do pr&eacute;mio de \u201cMelhor Cidade de Conven&ccedil;&otilde;es da &Aacute;sia\u201d, atribu&iacute;do pelos M&amp;C Asia Stella Awards no in&iacute;cio de Setembro, seguido pelo pr&eacute;mio de \u201cMelhor Cidade para Confer&ecirc;ncias e Neg&oacute;cios\u201d, este m&ecirc;s, demonstra que o sector das conven&ccedil;&otilde;es e exposi&ccedil;&otilde;es de Macau est&aacute; a ganhar crescente reconhecimento internacional.<\/p>\n<p style=\"text-align:justify\">Os profissionais do sector t&ecirc;m plena confian&ccedil;a de que, com as v&aacute;rias medidas de apoio do Governo Central e as pol&iacute;ticas de sinergia entre Macau e Hengqin, em conjunto com os esfor&ccedil;os coordenados entre o Governo e a ind&uacute;stria, Macau conseguir&aacute; atrair um maior n&uacute;mero de confer&ecirc;ncias internacionais, refor&ccedil;ando ainda mais o seu prest&iacute;gio como uma metr&oacute;pole internacional e fazendo brilhar ainda mais o seu \u201cCart&atilde;o de Visita Dourado\u201d.<\/p>\n<p style=\"text-align:justify\"><strong>Colabora&ccedil;&atilde;o do IPIM para promover as vantagens sin&eacute;rgicas de Macau e Hengqin para os investidores internacionais<\/strong><\/p>\n<p style=\"text-align:justify\">Ao participar na cerim&oacute;nia de entrega de pr&eacute;mios, na Tail&acirc;ndia, o IPIM, em colabora&ccedil;&atilde;o com a Direc&ccedil;&atilde;o dos Servi&ccedil;os de Turismo (DST), a Direc&ccedil;&atilde;o dos Servi&ccedil;os de Desenvolvimento Econ&oacute;mico da Zona de Coopera&ccedil;&atilde;o Aprofundada entre Guangdong e Macau em Hengqin e 17 empresas locais e da Zona de Coopera&ccedil;&atilde;o Aprofundada, incluindo hot&eacute;is locais, prestadores de servi&ccedil;os de conven&ccedil;&otilde;es e exposi&ccedil;&otilde;es e grandes empresas de turismo e lazer integrado, participou na \u201cIncentive Travel &amp; Conventions Meetings Asia\u201d (IT&amp;CMA) 2024, com a cria&ccedil;&atilde;o do Pavilh&atilde;o Macau\u2013Hengqin, promovendo as vantagens da coopera&ccedil;&atilde;o sin&eacute;rgica de conven&ccedil;&otilde;es e exposi&ccedil;&otilde;es entre Macau e Hengqin, bem como as do ambiente e da organiza&ccedil;&atilde;o das mesmas, para potenciais investidores. Durante o evento, foram realizadas mais de 450 bolsas de contactos com os potenciais compradores estrangeiros.<\/p>\n<p style=\"text-align:justify\">Ao mesmo tempo, foram organizadas duas sess&otilde;es de Promo&ccedil;&atilde;o da Marca \u201cMICE&sup2; Macao x Hengqin\u201d, atraindo a participa&ccedil;&atilde;o de mais de 110 compradores profissionais. Um dos participantes, proveniente da Indon&eacute;sia, destacou o interesse na participa&ccedil;&atilde;o em eventos e at&eacute; na organiza&ccedil;&atilde;o de eventos, no &acirc;mbito do modelo \u201cUm Evento, Dois Locais\u201d, devido &agrave; sua experi&ecirc;ncia consolidada na organiza&ccedil;&atilde;o de eventos, &agrave;s novas experi&ecirc;ncias proporcionadas pelos espa&ccedil;os de Hengqin e &agrave; isen&ccedil;&atilde;o de visto para cidad&atilde;os estrangeiros em tr&acirc;nsito pelo Interior da China at&eacute; 144 horas.<\/p>\n<div class=\"wp-caption alignnone\">\n                <a href=\"https:\/\/cdn.gcs.gov.mo\/api\/resource\/ibs\/P24Ia8Yzpa\" data-component=\"Popup\" data-fancybox=\"gallery\" data-caption=\"A Regi\u00e3o Administrativa Especial de Macau recebe o pr\u00e9mio de \u201cMelhor Cidade para Confer\u00eancias e Neg\u00f3cios\u201d (Best BT-MICE City)\" data-type=\"image\"><br \/>\n                <img decoding=\"async\" class=\"size-large\" src=\"https:\/\/cdn.gcs.gov.mo\/api\/resource\/ibs\/P24Ia8Yzpa\" title=\"A Regi\u00e3o Administrativa Especial de Macau recebe o pr\u00e9mio de \u201cMelhor Cidade para Confer\u00eancias e Neg\u00f3cios\u201d (Best BT-MICE City)\" alt=\"A Regi\u00e3o Administrativa Especial de Macau recebe o pr\u00e9mio de \u201cMelhor Cidade para Confer\u00eancias e Neg\u00f3cios\u201d (Best BT-MICE City)\" width=\"1024\"><br \/>\n                <\/a><\/p>\n<p class=\"wp-caption-text\">A Regi\u00e3o Administrativa Especial de Macau recebe o pr\u00e9mio de \u201cMelhor Cidade para Confer\u00eancias e Neg\u00f3cios\u201d (Best BT-MICE City)<\/p>\n<\/p><\/div>\n<div class=\"wp-caption alignnone\">\n                <a href=\"https:\/\/cdn.gcs.gov.mo\/api\/resource\/ibs\/P24IabOh2B\" data-component=\"Popup\" data-fancybox=\"gallery\" data-caption=\"Cerim\u00f3nia de entrega dos TTG Travel Awards 2024, em Banguecoque, Tail\u00e2ndia\" data-type=\"image\"><br \/>\n                <img decoding=\"async\" class=\"size-large\" src=\"https:\/\/cdn.gcs.gov.mo\/api\/resource\/ibs\/P24IabOh2B\" title=\"Cerim\u00f3nia de entrega dos TTG Travel Awards 2024, em Banguecoque, Tail\u00e2ndia\" alt=\"Cerim\u00f3nia de entrega dos TTG Travel Awards 2024, em Banguecoque, Tail\u00e2ndia\" width=\"1024\"><br \/>\n                <\/a><\/p>\n<p class=\"wp-caption-text\">Cerim\u00f3nia de entrega dos TTG Travel Awards 2024, em Banguecoque, Tail\u00e2ndia<\/p>\n<\/p><\/div>\n<div class=\"wp-caption alignnone\">\n                <a href=\"https:\/\/cdn.gcs.gov.mo\/api\/resource\/ibs\/P24IaH7AQJ\" data-component=\"Popup\" data-fancybox=\"gallery\" data-caption=\"O IPIM organizou a participa\u00e7\u00e3o de 17 empresas de Macau e da Zona de Coopera\u00e7\u00e3o Aprofundada na \u201cIncentive Travel &amp; Conventions Meetings Asia 2024 (IT&amp;CMA)\u201d\" data-type=\"image\"><br \/>\n                <img decoding=\"async\" class=\"size-large\" src=\"https:\/\/cdn.gcs.gov.mo\/api\/resource\/ibs\/P24IaH7AQJ\" title=\"O IPIM organizou a participa\u00e7\u00e3o de 17 empresas de Macau e da Zona de Coopera\u00e7\u00e3o Aprofundada na \u201cIncentive Travel &amp; Conventions Meetings Asia 2024 (IT&amp;CMA)\u201d\" alt=\"O IPIM organizou a participa\u00e7\u00e3o de 17 empresas de Macau e da Zona de Coopera\u00e7\u00e3o Aprofundada na \u201cIncentive Travel &amp; Conventions Meetings Asia 2024 (IT&amp;CMA)\u201d\" width=\"1024\"><br \/>\n                <\/a><\/p>\n<p class=\"wp-caption-text\">O IPIM organizou a participa\u00e7\u00e3o de 17 empresas de Macau e da Zona de Coopera\u00e7\u00e3o Aprofundada na \u201cIncentive Travel &amp; Conventions Meetings Asia 2024 (IT&amp;CMA)\u201d<\/p>\n<\/p><\/div>\n<div class=\"wp-caption alignnone\">\n                <a href=\"https:\/\/cdn.gcs.gov.mo\/api\/resource\/ibs\/P24IaVEGDJ\" data-component=\"Popup\" data-fancybox=\"gallery\" data-caption=\"O IPIM criou o Pavilh\u00e3o Macau\u2013Hengqin na \u201cIncentive Travel &amp; Conventions Meetings Asia 2024\u201d (IT&amp;CMA)\" data-type=\"image\"><br \/>\n                <img decoding=\"async\" class=\"size-large\" src=\"https:\/\/cdn.gcs.gov.mo\/api\/resource\/ibs\/P24IaVEGDJ\" title=\"O IPIM criou o Pavilh\u00e3o Macau\u2013Hengqin na \u201cIncentive Travel &amp; Conventions Meetings Asia 2024\u201d (IT&amp;CMA)\" alt=\"O IPIM criou o Pavilh\u00e3o Macau\u2013Hengqin na \u201cIncentive Travel &amp; Conventions Meetings Asia 2024\u201d (IT&amp;CMA)\" width=\"1024\"><br \/>\n                <\/a><\/p>\n<p class=\"wp-caption-text\">O IPIM criou o Pavilh\u00e3o Macau\u2013Hengqin na \u201cIncentive Travel &amp; Conventions Meetings Asia 2024\u201d (IT&amp;CMA)<\/p>\n<\/p><\/div>\n<div class=\"wp-caption alignnone\">\n                <a href=\"https:\/\/cdn.gcs.gov.mo\/api\/resource\/ibs\/P24Ia6aQWH\" data-component=\"Popup\" data-fancybox=\"gallery\" data-caption=\"A promo\u00e7\u00e3o das vantagens sin\u00e9rgicas de conven\u00e7\u00f5es e exposi\u00e7\u00f5es entre Macau e Hengqin e a organiza\u00e7\u00e3o de duas sess\u00f5es de Promo\u00e7\u00e3o da Marca \u201cMICE\u00b2 Macao x Hengqin\u201d, com a instala\u00e7\u00e3o do Pavilh\u00e3o Macau\u2013Hengqin.\" data-type=\"image\"><br \/>\n                <img decoding=\"async\" class=\"size-large\" src=\"https:\/\/cdn.gcs.gov.mo\/api\/resource\/ibs\/P24Ia6aQWH\" title=\"A promo\u00e7\u00e3o das vantagens sin\u00e9rgicas de conven\u00e7\u00f5es e exposi\u00e7\u00f5es entre Macau e Hengqin e a organiza\u00e7\u00e3o de duas sess\u00f5es de Promo\u00e7\u00e3o da Marca \u201cMICE\u00b2 Macao x Hengqin\u201d, com a instala\u00e7\u00e3o do Pavilh\u00e3o Macau\u2013Hengqin.\" alt=\"A promo\u00e7\u00e3o das vantagens sin\u00e9rgicas de conven\u00e7\u00f5es e exposi\u00e7\u00f5es entre Macau e Hengqin e a organiza\u00e7\u00e3o de duas sess\u00f5es de Promo\u00e7\u00e3o da Marca \u201cMICE\u00b2 Macao x Hengqin\u201d, com a instala\u00e7\u00e3o do Pavilh\u00e3o Macau\u2013Hengqin.\" width=\"1024\"><br \/>\n                <\/a><\/p>\n<p class=\"wp-caption-text\">A promo\u00e7\u00e3o das vantagens sin\u00e9rgicas de conven\u00e7\u00f5es e exposi\u00e7\u00f5es entre Macau e Hengqin e a organiza\u00e7\u00e3o de duas sess\u00f5es de Promo\u00e7\u00e3o da Marca \u201cMICE\u00b2 Macao x Hengqin\u201d, com a instala\u00e7\u00e3o do Pavilh\u00e3o Macau\u2013Hengqin.<\/p>\n<\/p><\/div>\n<div class=\"wp-caption alignnone\">\n                <a href=\"https:\/\/cdn.gcs.gov.mo\/api\/resource\/ibs\/P24IaxL1n4\" data-component=\"Popup\" data-fancybox=\"gallery\" data-caption=\"Realizaram-se v\u00e1rias bolsas de contactos com potenciais compradores estrangeiros durante o evento\" data-type=\"image\"><br \/>\n                <img decoding=\"async\" class=\"size-large\" src=\"https:\/\/cdn.gcs.gov.mo\/api\/resource\/ibs\/P24IaxL1n4\" title=\"Realizaram-se v\u00e1rias bolsas de contactos com potenciais compradores estrangeiros durante o evento\" alt=\"Realizaram-se v\u00e1rias bolsas de contactos com potenciais compradores estrangeiros durante o evento\" width=\"1024\"><br \/>\n                <\/a><\/p>\n<p class=\"wp-caption-text\">Realizaram-se v\u00e1rias bolsas de contactos com potenciais compradores estrangeiros durante o evento<\/p>\n<\/p><\/div>\n","protected":false},"excerpt":{"rendered":"<p>A Regi&atilde;o Administrativa Especial de Macau (RAEM) foi distinguida com o pr&eacute;mio de \u201cMelhor Cidade para Confer&ecirc;ncias e Neg&oacute;cios\u201d (Best BT-MICE City), durante a cerim&oacute;nia [&hellip;]<\/p>\n","protected":false},"author":1,"featured_media":467868,"comment_status":"closed","ping_status":"closed","sticky":false,"template":"","format":"standard","meta":{"_acf_changed":false,"inline_featured_image":false,"advgb_blocks_editor_width":"","advgb_blocks_columns_visual_guide":"","footnotes":""},"categories":[12],"tags":[],"class_list":["post-476639","post","type-post","status-publish","format-standard","has-post-thumbnail","hentry","category-noticias-do-ipim"],"acf":[],"yoast_head":"<!-- This site is optimized with the Yoast SEO plugin v26.2 - https:\/\/yoast.com\/wordpress\/plugins\/seo\/ -->\r\n<title>[2024\/09\/27] [Refor\u00e7o da promo\u00e7\u00e3o do Cart\u00e3o de Visita Dourado] RAEM recebeu o pr\u00e9mio de \u201cMelhor Cidade para Confer\u00eancias e Neg\u00f3cios\u201d (Best BT-MICE City) pelo segundo ano consecutivo | Commerce and Investment Promotion Institute<\/title>\r\n<meta name=\"robots\" content=\"index, follow, max-snippet:-1, max-image-preview:large, max-video-preview:-1\" \/>\r\n<link rel=\"canonical\" href=\"https:\/\/www.ipim.gov.mo\/pt-pt\/noticias-do-ipim\/2024-09-30-reforco-da-promocao-do-cartao-de-visita-dourado-raem-recebeu-o-premio-de-melhor-cidade-para-conferencias-e-negocios-best-bt-mice-city-pelo-segundo-ano-consecutivo\/\" \/>\r\n<meta property=\"og:locale\" content=\"pt_PT\" \/>\r\n<meta property=\"og:type\" content=\"article\" \/>\r\n<meta property=\"og:title\" content=\"[2024\/09\/27] [Refor\u00e7o da promo\u00e7\u00e3o do Cart\u00e3o de Visita Dourado] RAEM recebeu o pr\u00e9mio de \u201cMelhor Cidade para Confer\u00eancias e Neg\u00f3cios\u201d (Best BT-MICE City) pelo segundo ano consecutivo | Commerce and Investment Promotion Institute\" \/>\r\n<meta property=\"og:description\" content=\"A Regi&atilde;o Administrativa Especial de Macau (RAEM) foi distinguida com o pr&eacute;mio de \u201cMelhor Cidade para Confer&ecirc;ncias e Neg&oacute;cios\u201d (Best BT-MICE City), durante a cerim&oacute;nia [&hellip;]\" \/>\r\n<meta property=\"og:url\" content=\"https:\/\/www.ipim.gov.mo\/pt-pt\/noticias-do-ipim\/2024-09-30-reforco-da-promocao-do-cartao-de-visita-dourado-raem-recebeu-o-premio-de-melhor-cidade-para-conferencias-e-negocios-best-bt-mice-city-pelo-segundo-ano-consecutivo\/\" \/>\r\n<meta property=\"og:site_name\" content=\"Commerce and Investment Promotion Institute\" \/>\r\n<meta property=\"article:published_time\" content=\"2024-09-27T01:30:00+00:00\" \/>\r\n<meta property=\"og:image\" content=\"https:\/\/www.ipim.gov.mo\/wp-content\/uploads\/2024\/07\/ipim-post-default.jpg\" \/>\r\n\t<meta property=\"og:image:width\" content=\"1024\" \/>\r\n\t<meta property=\"og:image:height\" content=\"768\" \/>\r\n\t<meta property=\"og:image:type\" content=\"image\/jpeg\" \/>\r\n<meta name=\"author\" content=\"admin\" \/>\r\n<meta name=\"twitter:card\" content=\"summary_large_image\" \/>\r\n<meta name=\"twitter:label1\" content=\"Written by\" \/>\n\t<meta name=\"twitter:data1\" content=\"admin\" \/>\n\t<meta name=\"twitter:label2\" content=\"Est. reading time\" \/>\n\t<meta name=\"twitter:data2\" content=\"6 minutes\" \/>\r\n<script type=\"application\/ld+json\" class=\"yoast-schema-graph\">{\"@context\":\"https:\/\/schema.org\",\"@graph\":[{\"@type\":\"WebPage\",\"@id\":\"https:\/\/www.ipim.gov.mo\/pt-pt\/noticias-do-ipim\/2024-09-30-reforco-da-promocao-do-cartao-de-visita-dourado-raem-recebeu-o-premio-de-melhor-cidade-para-conferencias-e-negocios-best-bt-mice-city-pelo-segundo-ano-consecutivo\/\",\"url\":\"https:\/\/www.ipim.gov.mo\/pt-pt\/noticias-do-ipim\/2024-09-30-reforco-da-promocao-do-cartao-de-visita-dourado-raem-recebeu-o-premio-de-melhor-cidade-para-conferencias-e-negocios-best-bt-mice-city-pelo-segundo-ano-consecutivo\/\",\"name\":\"[2024\/09\/27] [Refor\u00e7o da promo\u00e7\u00e3o do Cart\u00e3o de Visita Dourado] RAEM recebeu o pr\u00e9mio de \u201cMelhor Cidade para Confer\u00eancias e Neg\u00f3cios\u201d (Best BT-MICE City) pelo segundo ano consecutivo | Commerce and Investment Promotion Institute\",\"isPartOf\":{\"@id\":\"https:\/\/www.ipim.gov.mo\/zh-hans\/#website\"},\"primaryImageOfPage\":{\"@id\":\"https:\/\/www.ipim.gov.mo\/pt-pt\/noticias-do-ipim\/2024-09-30-reforco-da-promocao-do-cartao-de-visita-dourado-raem-recebeu-o-premio-de-melhor-cidade-para-conferencias-e-negocios-best-bt-mice-city-pelo-segundo-ano-consecutivo\/#primaryimage\"},\"image\":{\"@id\":\"https:\/\/www.ipim.gov.mo\/pt-pt\/noticias-do-ipim\/2024-09-30-reforco-da-promocao-do-cartao-de-visita-dourado-raem-recebeu-o-premio-de-melhor-cidade-para-conferencias-e-negocios-best-bt-mice-city-pelo-segundo-ano-consecutivo\/#primaryimage\"},\"thumbnailUrl\":\"https:\/\/www.ipim.gov.mo\/wp-content\/uploads\/2024\/07\/ipim-post-default.jpg\",\"datePublished\":\"2024-09-27T01:30:00+00:00\",\"breadcrumb\":{\"@id\":\"https:\/\/www.ipim.gov.mo\/pt-pt\/noticias-do-ipim\/2024-09-30-reforco-da-promocao-do-cartao-de-visita-dourado-raem-recebeu-o-premio-de-melhor-cidade-para-conferencias-e-negocios-best-bt-mice-city-pelo-segundo-ano-consecutivo\/#breadcrumb\"},\"inLanguage\":\"pt-PT\",\"potentialAction\":[{\"@type\":\"ReadAction\",\"target\":[\"https:\/\/www.ipim.gov.mo\/pt-pt\/noticias-do-ipim\/2024-09-30-reforco-da-promocao-do-cartao-de-visita-dourado-raem-recebeu-o-premio-de-melhor-cidade-para-conferencias-e-negocios-best-bt-mice-city-pelo-segundo-ano-consecutivo\/\"]}]},{\"@type\":\"ImageObject\",\"inLanguage\":\"pt-PT\",\"@id\":\"https:\/\/www.ipim.gov.mo\/pt-pt\/noticias-do-ipim\/2024-09-30-reforco-da-promocao-do-cartao-de-visita-dourado-raem-recebeu-o-premio-de-melhor-cidade-para-conferencias-e-negocios-best-bt-mice-city-pelo-segundo-ano-consecutivo\/#primaryimage\",\"url\":\"https:\/\/www.ipim.gov.mo\/wp-content\/uploads\/2024\/07\/ipim-post-default.jpg\",\"contentUrl\":\"https:\/\/www.ipim.gov.mo\/wp-content\/uploads\/2024\/07\/ipim-post-default.jpg\",\"width\":1024,\"height\":768},{\"@type\":\"BreadcrumbList\",\"@id\":\"https:\/\/www.ipim.gov.mo\/pt-pt\/noticias-do-ipim\/2024-09-30-reforco-da-promocao-do-cartao-de-visita-dourado-raem-recebeu-o-premio-de-melhor-cidade-para-conferencias-e-negocios-best-bt-mice-city-pelo-segundo-ano-consecutivo\/#breadcrumb\",\"itemListElement\":[{\"@type\":\"ListItem\",\"position\":1,\"name\":\"Home\",\"item\":\"https:\/\/www.ipim.gov.mo\/pt-pt\/\"},{\"@type\":\"ListItem\",\"position\":2,\"name\":\"[2024\/09\/27] [Refor\u00e7o da promo\u00e7\u00e3o do Cart\u00e3o de Visita Dourado] RAEM recebeu o pr\u00e9mio de \u201cMelhor Cidade para Confer\u00eancias e Neg\u00f3cios\u201d (Best BT-MICE City) pelo segundo ano consecutivo\"}]},{\"@type\":\"WebSite\",\"@id\":\"https:\/\/www.ipim.gov.mo\/zh-hans\/#website\",\"url\":\"https:\/\/www.ipim.gov.mo\/zh-hans\/\",\"name\":\"Commerce and Investment Promotion Institute\",\"description\":\"Commerce and Investment Promotion Institute\",\"publisher\":{\"@id\":\"https:\/\/www.ipim.gov.mo\/zh-hans\/#organization\"},\"potentialAction\":[{\"@type\":\"SearchAction\",\"target\":{\"@type\":\"EntryPoint\",\"urlTemplate\":\"https:\/\/www.ipim.gov.mo\/zh-hans\/?s={search_term_string}\"},\"query-input\":{\"@type\":\"PropertyValueSpecification\",\"valueRequired\":true,\"valueName\":\"search_term_string\"}}],\"inLanguage\":\"pt-PT\"},{\"@type\":\"Organization\",\"@id\":\"https:\/\/www.ipim.gov.mo\/zh-hans\/#organization\",\"name\":\"IPIM\",\"url\":\"https:\/\/www.ipim.gov.mo\/zh-hans\/\",\"logo\":{\"@type\":\"ImageObject\",\"inLanguage\":\"pt-PT\",\"@id\":\"https:\/\/www.ipim.gov.mo\/zh-hans\/#\/schema\/logo\/image\/\",\"url\":\"https:\/\/www.ipim.gov.mo\/wp-content\/uploads\/2022\/10\/default-post-thumbnail-ipim-logo.png\",\"contentUrl\":\"https:\/\/www.ipim.gov.mo\/wp-content\/uploads\/2022\/10\/default-post-thumbnail-ipim-logo.png\",\"width\":1024,\"height\":768,\"caption\":\"IPIM\"},\"image\":{\"@id\":\"https:\/\/www.ipim.gov.mo\/zh-hans\/#\/schema\/logo\/image\/\"}}]}<\/script>\r\n<!-- \/ Yoast SEO plugin. -->","yoast_head_json":{"title":"[2024\/09\/27] [Refor\u00e7o da promo\u00e7\u00e3o do Cart\u00e3o de Visita Dourado] RAEM recebeu o pr\u00e9mio de \u201cMelhor Cidade para Confer\u00eancias e Neg\u00f3cios\u201d (Best BT-MICE City) pelo segundo ano consecutivo | Commerce and Investment Promotion Institute","robots":{"index":"index","follow":"follow","max-snippet":"max-snippet:-1","max-image-preview":"max-image-preview:large","max-video-preview":"max-video-preview:-1"},"canonical":"https:\/\/www.ipim.gov.mo\/pt-pt\/noticias-do-ipim\/2024-09-30-reforco-da-promocao-do-cartao-de-visita-dourado-raem-recebeu-o-premio-de-melhor-cidade-para-conferencias-e-negocios-best-bt-mice-city-pelo-segundo-ano-consecutivo\/","og_locale":"pt_PT","og_type":"article","og_title":"[2024\/09\/27] [Refor\u00e7o da promo\u00e7\u00e3o do Cart\u00e3o de Visita Dourado] RAEM recebeu o pr\u00e9mio de \u201cMelhor Cidade para Confer\u00eancias e Neg\u00f3cios\u201d (Best BT-MICE City) pelo segundo ano consecutivo | Commerce and Investment Promotion Institute","og_description":"A Regi&atilde;o Administrativa Especial de Macau (RAEM) foi distinguida com o pr&eacute;mio de \u201cMelhor Cidade para Confer&ecirc;ncias e Neg&oacute;cios\u201d (Best BT-MICE City), durante a cerim&oacute;nia [&hellip;]","og_url":"https:\/\/www.ipim.gov.mo\/pt-pt\/noticias-do-ipim\/2024-09-30-reforco-da-promocao-do-cartao-de-visita-dourado-raem-recebeu-o-premio-de-melhor-cidade-para-conferencias-e-negocios-best-bt-mice-city-pelo-segundo-ano-consecutivo\/","og_site_name":"Commerce and Investment Promotion Institute","article_published_time":"2024-09-27T01:30:00+00:00","og_image":[{"width":1024,"height":768,"url":"https:\/\/www.ipim.gov.mo\/wp-content\/uploads\/2024\/07\/ipim-post-default.jpg","type":"image\/jpeg"}],"author":"admin","twitter_card":"summary_large_image","twitter_misc":{"Written by":"admin","Est. reading time":"6 minutes"},"schema":{"@context":"https:\/\/schema.org","@graph":[{"@type":"WebPage","@id":"https:\/\/www.ipim.gov.mo\/pt-pt\/noticias-do-ipim\/2024-09-30-reforco-da-promocao-do-cartao-de-visita-dourado-raem-recebeu-o-premio-de-melhor-cidade-para-conferencias-e-negocios-best-bt-mice-city-pelo-segundo-ano-consecutivo\/","url":"https:\/\/www.ipim.gov.mo\/pt-pt\/noticias-do-ipim\/2024-09-30-reforco-da-promocao-do-cartao-de-visita-dourado-raem-recebeu-o-premio-de-melhor-cidade-para-conferencias-e-negocios-best-bt-mice-city-pelo-segundo-ano-consecutivo\/","name":"[2024\/09\/27] [Refor\u00e7o da promo\u00e7\u00e3o do Cart\u00e3o de Visita Dourado] RAEM recebeu o pr\u00e9mio de \u201cMelhor Cidade para Confer\u00eancias e Neg\u00f3cios\u201d (Best BT-MICE City) pelo segundo ano consecutivo | Commerce and Investment Promotion Institute","isPartOf":{"@id":"https:\/\/www.ipim.gov.mo\/zh-hans\/#website"},"primaryImageOfPage":{"@id":"https:\/\/www.ipim.gov.mo\/pt-pt\/noticias-do-ipim\/2024-09-30-reforco-da-promocao-do-cartao-de-visita-dourado-raem-recebeu-o-premio-de-melhor-cidade-para-conferencias-e-negocios-best-bt-mice-city-pelo-segundo-ano-consecutivo\/#primaryimage"},"image":{"@id":"https:\/\/www.ipim.gov.mo\/pt-pt\/noticias-do-ipim\/2024-09-30-reforco-da-promocao-do-cartao-de-visita-dourado-raem-recebeu-o-premio-de-melhor-cidade-para-conferencias-e-negocios-best-bt-mice-city-pelo-segundo-ano-consecutivo\/#primaryimage"},"thumbnailUrl":"https:\/\/www.ipim.gov.mo\/wp-content\/uploads\/2024\/07\/ipim-post-default.jpg","datePublished":"2024-09-27T01:30:00+00:00","breadcrumb":{"@id":"https:\/\/www.ipim.gov.mo\/pt-pt\/noticias-do-ipim\/2024-09-30-reforco-da-promocao-do-cartao-de-visita-dourado-raem-recebeu-o-premio-de-melhor-cidade-para-conferencias-e-negocios-best-bt-mice-city-pelo-segundo-ano-consecutivo\/#breadcrumb"},"inLanguage":"pt-PT","potentialAction":[{"@type":"ReadAction","target":["https:\/\/www.ipim.gov.mo\/pt-pt\/noticias-do-ipim\/2024-09-30-reforco-da-promocao-do-cartao-de-visita-dourado-raem-recebeu-o-premio-de-melhor-cidade-para-conferencias-e-negocios-best-bt-mice-city-pelo-segundo-ano-consecutivo\/"]}]},{"@type":"ImageObject","inLanguage":"pt-PT","@id":"https:\/\/www.ipim.gov.mo\/pt-pt\/noticias-do-ipim\/2024-09-30-reforco-da-promocao-do-cartao-de-visita-dourado-raem-recebeu-o-premio-de-melhor-cidade-para-conferencias-e-negocios-best-bt-mice-city-pelo-segundo-ano-consecutivo\/#primaryimage","url":"https:\/\/www.ipim.gov.mo\/wp-content\/uploads\/2024\/07\/ipim-post-default.jpg","contentUrl":"https:\/\/www.ipim.gov.mo\/wp-content\/uploads\/2024\/07\/ipim-post-default.jpg","width":1024,"height":768},{"@type":"BreadcrumbList","@id":"https:\/\/www.ipim.gov.mo\/pt-pt\/noticias-do-ipim\/2024-09-30-reforco-da-promocao-do-cartao-de-visita-dourado-raem-recebeu-o-premio-de-melhor-cidade-para-conferencias-e-negocios-best-bt-mice-city-pelo-segundo-ano-consecutivo\/#breadcrumb","itemListElement":[{"@type":"ListItem","position":1,"name":"Home","item":"https:\/\/www.ipim.gov.mo\/pt-pt\/"},{"@type":"ListItem","position":2,"name":"[2024\/09\/27] [Refor\u00e7o da promo\u00e7\u00e3o do Cart\u00e3o de Visita Dourado] RAEM recebeu o pr\u00e9mio de \u201cMelhor Cidade para Confer\u00eancias e Neg\u00f3cios\u201d (Best BT-MICE City) pelo segundo ano consecutivo"}]},{"@type":"WebSite","@id":"https:\/\/www.ipim.gov.mo\/zh-hans\/#website","url":"https:\/\/www.ipim.gov.mo\/zh-hans\/","name":"Commerce and Investment Promotion Institute","description":"Commerce and Investment Promotion Institute","publisher":{"@id":"https:\/\/www.ipim.gov.mo\/zh-hans\/#organization"},"potentialAction":[{"@type":"SearchAction","target":{"@type":"EntryPoint","urlTemplate":"https:\/\/www.ipim.gov.mo\/zh-hans\/?s={search_term_string}"},"query-input":{"@type":"PropertyValueSpecification","valueRequired":true,"valueName":"search_term_string"}}],"inLanguage":"pt-PT"},{"@type":"Organization","@id":"https:\/\/www.ipim.gov.mo\/zh-hans\/#organization","name":"IPIM","url":"https:\/\/www.ipim.gov.mo\/zh-hans\/","logo":{"@type":"ImageObject","inLanguage":"pt-PT","@id":"https:\/\/www.ipim.gov.mo\/zh-hans\/#\/schema\/logo\/image\/","url":"https:\/\/www.ipim.gov.mo\/wp-content\/uploads\/2022\/10\/default-post-thumbnail-ipim-logo.png","contentUrl":"https:\/\/www.ipim.gov.mo\/wp-content\/uploads\/2022\/10\/default-post-thumbnail-ipim-logo.png","width":1024,"height":768,"caption":"IPIM"},"image":{"@id":"https:\/\/www.ipim.gov.mo\/zh-hans\/#\/schema\/logo\/image\/"}}]}},"author_meta":{"display_name":"admin","author_link":"https:\/\/www.ipim.gov.mo\/pt-pt\/author\/admin\/"},"featured_img":"https:\/\/www.ipim.gov.mo\/wp-content\/uploads\/2024\/07\/ipim-post-default-300x225.jpg","coauthors":[],"tax_additional":{"categories":{"linked":["<a href=\"https:\/\/www.ipim.gov.mo\/pt-pt\/category\/noticias-do-ipim\/\" class=\"advgb-post-tax-term\">Not\u00edcias do IPIM<\/a>"],"unlinked":["<span class=\"advgb-post-tax-term\">Not\u00edcias do IPIM<\/span>"]}},"comment_count":"0","relative_dates":{"created":"Posted 2 years ago","modified":"Updated 2 years ago"},"absolute_dates":{"created":"Posted on Setembro 27, 2024","modified":"Updated on Setembro 27, 2024"},"absolute_dates_time":{"created":"Posted on Setembro 27, 2024 9:30 am","modified":"Updated on Setembro 27, 2024 9:30 am"},"featured_img_caption":"","series_order":"","_links":{"self":[{"href":"https:\/\/www.ipim.gov.mo\/pt-pt\/wp-json\/wp\/v2\/posts\/476639","targetHints":{"allow":["GET"]}}],"collection":[{"href":"https:\/\/www.ipim.gov.mo\/pt-pt\/wp-json\/wp\/v2\/posts"}],"about":[{"href":"https:\/\/www.ipim.gov.mo\/pt-pt\/wp-json\/wp\/v2\/types\/post"}],"author":[{"embeddable":true,"href":"https:\/\/www.ipim.gov.mo\/pt-pt\/wp-json\/wp\/v2\/users\/1"}],"replies":[{"embeddable":true,"href":"https:\/\/www.ipim.gov.mo\/pt-pt\/wp-json\/wp\/v2\/comments?post=476639"}],"version-history":[{"count":0,"href":"https:\/\/www.ipim.gov.mo\/pt-pt\/wp-json\/wp\/v2\/posts\/476639\/revisions"}],"wp:featuredmedia":[{"embeddable":true,"href":"https:\/\/www.ipim.gov.mo\/pt-pt\/wp-json\/wp\/v2\/media\/467868"}],"wp:attachment":[{"href":"https:\/\/www.ipim.gov.mo\/pt-pt\/wp-json\/wp\/v2\/media?parent=476639"}],"wp:term":[{"taxonomy":"category","embeddable":true,"href":"https:\/\/www.ipim.gov.mo\/pt-pt\/wp-json\/wp\/v2\/categories?post=476639"},{"taxonomy":"post_tag","embeddable":true,"href":"https:\/\/www.ipim.gov.mo\/pt-pt\/wp-json\/wp\/v2\/tags?post=476639"}],"curies":[{"name":"wp","href":"https:\/\/api.w.org\/{rel}","templated":true}]}}