{"id":475836,"date":"2024-09-19T14:55:00","date_gmt":"2024-09-19T06:55:00","guid":{"rendered":"https:\/\/www.ipim.gov.mo\/noticias-do-ipim\/2024-09-20-celebracao-do-duplo-aniversario-29-a-mif-e-2024mfe-arrancarao-em-16-de-outubro-como-uma-iniciativa-de-pre-promocao-o-ipim-coordena-expositores-do-macao-ideas-para-exibirem-e-venderem-p\/"},"modified":"2024-09-19T14:55:00","modified_gmt":"2024-09-19T06:55:00","slug":"2024-09-20-celebracao-do-duplo-aniversario-29-a-mif-e-2024mfe-arrancarao-em-16-de-outubro-como-uma-iniciativa-de-pre-promocao-o-ipim-coordena-expositores-do-macao-ideas-para-exibirem-e-venderem-p","status":"publish","type":"post","link":"https:\/\/www.ipim.gov.mo\/pt-pt\/noticias-do-ipim\/2024-09-20-celebracao-do-duplo-aniversario-29-a-mif-e-2024mfe-arrancarao-em-16-de-outubro-como-uma-iniciativa-de-pre-promocao-o-ipim-coordena-expositores-do-macao-ideas-para-exibirem-e-venderem-p\/","title":{"rendered":"[2024\/09\/19] [Celebra\u00e7\u00e3o do duplo anivers\u00e1rio] 29.\u00aa MIF e 2024MFE arrancar\u00e3o em 16 de Outubro Como uma iniciativa de pr\u00e9-promo\u00e7\u00e3o, o IPIM coordena expositores do Macao Ideas para exibirem e venderem produtos das marcas de Macau em colabora\u00e7\u00e3o com supermercados de um armaz\u00e9m local"},"content":{"rendered":"<p style=\"text-align:justify\">Organizada pelo Instituto de Promo&ccedil;&atilde;o do Com&eacute;rcio e do Investimento (IPIM), a \u201cCelebra&ccedil;&atilde;o do 75.&ordm; Anivers&aacute;rio da Funda&ccedil;&atilde;o da Rep&uacute;blica Popular da China, do 25.&ordm; Anivers&aacute;rio do Regresso de Macau &agrave; P&aacute;tria \u202729.&ordf; Feira Internacional de Macau\u201d (29.&ordf; MIF) ser&aacute; realizada de 16 a 19 de Outubro (de Quarta-feira a S&aacute;bado), na Cotai Expo do <em>Venetian Macau<\/em>. Subordinada ao tema \u201cDiversifica&ccedil;&atilde;o da Economia e Oportunidades do Desenvolvimento\u201d, a MIF convida Shenzhen como munic&iacute;pio parceiro.<\/p>\n<p style=\"text-align:justify\"><strong>Nesta 29.&ordf; MIF, a Sess&atilde;o Exclusiva de Exposi&ccedil;&atilde;o e Venda de \u201cProdutos de Qualidade de Macau\u201d do <em>Macao Ideas <\/em>estar&aacute; presente num supermercado de armaz&eacute;m local pela primeira vez<\/strong><\/p>\n<p style=\"text-align:justify\">Aproveitando as oportunidades disponibilizadas pela plataforma da MIF, o IPIM coordena os expositores do <em>Macao Ideas<\/em> e colabora pela primeira vez com um supermercado dum grande armaz&eacute;m local, no sentido de realizar, no &acirc;mbito da 29.&ordf; MIF, as actividades presenciais da S&eacute;rie de Ac&ccedil;&otilde;es de Promo&ccedil;&atilde;o do <em>Macao Ideas<\/em>: Sess&atilde;o Exclusiva de Exposi&ccedil;&atilde;o e Venda de \u201cProdutos de Qualidade de Macau\u201d, de 18 a 22 de Setembro e de 26 a 29 de Setembro. Um total de 13 expositores do <em>Macao Ideas <\/em>vai participar para exibir e vender produtos \u201cFabricados em Macau\u201d e de \u201cMarcas de Macau\u201d, incluindo produtos alimentares de <em>big health<\/em>, lembran&ccedil;as gastron&oacute;micas, bebidas de caf&eacute; e ch&aacute;, entre outros produtos caracter&iacute;sticos.<\/p>\n<p style=\"text-align:justify\">Desta vez, a S&eacute;rie de Ac&ccedil;&otilde;es de Promo&ccedil;&atilde;o do <em>Macao Ideas <\/em>ser&aacute; realizada num novo formato: \u201cmodo paralelo virtual e f&iacute;sico\u201d. Ap&oacute;s os dois eventos f&iacute;sicos em Setembro para promover a feira, ser&atilde;o realizadas duas sess&otilde;es <em>online <\/em>exclusivas do <em>Macao Ideas<\/em> de transmiss&atilde;o ao vivo &#8211;<em> &shy;<\/em>\u201cProdutos de Qualidade de Macau\u201d nos dias 17 e 18 de Outubro, durante a MIF. O objectivo &eacute; alargar canais de venda e promo&ccedil;&atilde;o dos produtos das marcas de Macau atrav&eacute;s da plataforma de conven&ccedil;&otilde;es e exposi&ccedil;&otilde;es, de modo a aumentar a visibilidade das marcas e dos produtos.<\/p>\n<p style=\"text-align:justify\"><strong>Actividades diversificadas para apresentar as mais recentes pol&iacute;ticas e oportunidades<\/strong><\/p>\n<p style=\"text-align:justify\">A 29.&ordf; MIF ir&aacute; realizar, durante quatro dias consecutivos, uma s&eacute;rie de actividades tem&aacute;ticas de promo&ccedil;&atilde;o comercial, com vista a divulgar a estrat&eacute;gia e as oportunidades do desenvolvimento da diversifica&ccedil;&atilde;o adequada da economia de Macau \u201c1+4\u201d, bem como as &uacute;ltimas novidades da Zona de Coopera&ccedil;&atilde;o Aprofundada entre Guangdong e Macau em Hengqin, de modo a ajudar as empresas a participarem activamente na constru&ccedil;&atilde;o da \u201cUma Faixa, Uma Rota\u201d e da Grande Ba&iacute;a Guangdong\u2013Hong Kong\u2013Macau e a explorarem em conjunto oportunidades de neg&oacute;cio, atrav&eacute;s de cria&ccedil;&atilde;o duma plataforma de acoplamento de servi&ccedil;os comerciais.<\/p>\n<p style=\"text-align:justify\"><strong>29.&ordf; MIF e 2024MFE realizadas em simult&acirc;neo no mesmo local<\/strong><\/p>\n<p style=\"text-align:justify\">Al&eacute;m disso, a 29.&ordf; MIF ser&aacute; realizada em Macau, no mesmo local, e em simult&acirc;neo com a \u201cCelebra&ccedil;&atilde;o do 75.&ordm; Anivers&aacute;rio da Funda&ccedil;&atilde;o da Rep&uacute;blica Popular da China, do 25.&ordm; Anivers&aacute;rio do Regresso de Macau &agrave; P&aacute;tria \u2027 Exposi&ccedil;&atilde;o de Franquia de Macau 2024 (2024MFE)\u201d. A MIF e a MFE s&atilde;o ambas exposi&ccedil;&otilde;es profissionais acreditadas pela Associa&ccedil;&atilde;o Global da Ind&uacute;stria de Exposi&ccedil;&otilde;es (UFI), prestes a desempenhar um efeito sin&eacute;rgico para a levar constantemente adiante a capta&ccedil;&atilde;o de neg&oacute;cios e investimentos.<\/p>\n<p style=\"text-align:justify\">Para obter as informa&ccedil;&otilde;es mais recentes, &eacute; favor visitar a p&aacute;gina electr&oacute;nica dos eventos: www.mif.com.mo ou www.mfe.mo; pode ainda ligar para os telefones: (853) 2882 8711 (29.&ordf; MIF), (853) 8798 9654 (2024MFE) ou seguir a conta oficial no WeChat: MICE_IPIM.<\/p>\n<div class=\"wp-caption alignnone\">\n                <a href=\"https:\/\/cdn.gcs.gov.mo\/api\/resource\/ibs\/P24IS9pKmX\" data-component=\"Popup\" data-fancybox=\"gallery\" data-caption=\"A 29.\u00aa MIF e a 2024MFE ser\u00e3o realizadas em simult\u00e2neo no mesmo local, de 16 a 19 de Outubro\" data-type=\"image\"><br \/>\n                <img decoding=\"async\" class=\"size-large\" src=\"https:\/\/cdn.gcs.gov.mo\/api\/resource\/ibs\/P24IS9pKmX\" title=\"A 29.\u00aa MIF e a 2024MFE ser\u00e3o realizadas em simult\u00e2neo no mesmo local, de 16 a 19 de Outubro\" alt=\"A 29.\u00aa MIF e a 2024MFE ser\u00e3o realizadas em simult\u00e2neo no mesmo local, de 16 a 19 de Outubro\" width=\"1024\"><br \/>\n                <\/a><\/p>\n<p class=\"wp-caption-text\">A 29.\u00aa MIF e a 2024MFE ser\u00e3o realizadas em simult\u00e2neo no mesmo local, de 16 a 19 de Outubro<\/p>\n<\/p><\/div>\n<div class=\"wp-caption alignnone\">\n                <a href=\"https:\/\/cdn.gcs.gov.mo\/api\/resource\/ibs\/P24ISIi98U\" data-component=\"Popup\" data-fancybox=\"gallery\" data-caption=\"Cerim\u00f3nia de abertura da S\u00e9rie de Ac\u00e7\u00f5es de Promo\u00e7\u00e3o do Macao Ideas da 29.\u00aa MIF: Sess\u00e3o Exclusiva de Exposi\u00e7\u00e3o e Venda de \u201cProdutos de Qualidade de Macau\u201d\" data-type=\"image\"><br \/>\n                <img decoding=\"async\" class=\"size-large\" src=\"https:\/\/cdn.gcs.gov.mo\/api\/resource\/ibs\/P24ISIi98U\" title=\"Cerim\u00f3nia de abertura da S\u00e9rie de Ac\u00e7\u00f5es de Promo\u00e7\u00e3o do Macao Ideas da 29.\u00aa MIF: Sess\u00e3o Exclusiva de Exposi\u00e7\u00e3o e Venda de \u201cProdutos de Qualidade de Macau\u201d\" alt=\"Cerim\u00f3nia de abertura da S\u00e9rie de Ac\u00e7\u00f5es de Promo\u00e7\u00e3o do Macao Ideas da 29.\u00aa MIF: Sess\u00e3o Exclusiva de Exposi\u00e7\u00e3o e Venda de \u201cProdutos de Qualidade de Macau\u201d\" width=\"1024\"><br \/>\n                <\/a><\/p>\n<p class=\"wp-caption-text\">Cerim\u00f3nia de abertura da S\u00e9rie de Ac\u00e7\u00f5es de Promo\u00e7\u00e3o do Macao Ideas da 29.\u00aa MIF: Sess\u00e3o Exclusiva de Exposi\u00e7\u00e3o e Venda de \u201cProdutos de Qualidade de Macau\u201d<\/p>\n<\/p><\/div>\n<div class=\"wp-caption alignnone\">\n                <a href=\"https:\/\/cdn.gcs.gov.mo\/api\/resource\/ibs\/P24ISi9aY9\" data-component=\"Popup\" data-fancybox=\"gallery\" data-caption=\"Cerim\u00f3nia de abertura da S\u00e9rie de Ac\u00e7\u00f5es de Promo\u00e7\u00e3o do Macao Ideas da 29.\u00aa MIF: Sess\u00e3o Exclusiva de Exposi\u00e7\u00e3o e Venda de \u201cProdutos de Qualidade de Macau\u201d\" data-type=\"image\"><br \/>\n                <img decoding=\"async\" class=\"size-large\" src=\"https:\/\/cdn.gcs.gov.mo\/api\/resource\/ibs\/P24ISi9aY9\" title=\"Cerim\u00f3nia de abertura da S\u00e9rie de Ac\u00e7\u00f5es de Promo\u00e7\u00e3o do Macao Ideas da 29.\u00aa MIF: Sess\u00e3o Exclusiva de Exposi\u00e7\u00e3o e Venda de \u201cProdutos de Qualidade de Macau\u201d\" alt=\"Cerim\u00f3nia de abertura da S\u00e9rie de Ac\u00e7\u00f5es de Promo\u00e7\u00e3o do Macao Ideas da 29.\u00aa MIF: Sess\u00e3o Exclusiva de Exposi\u00e7\u00e3o e Venda de \u201cProdutos de Qualidade de Macau\u201d\" width=\"1024\"><br \/>\n                <\/a><\/p>\n<p class=\"wp-caption-text\">Cerim\u00f3nia de abertura da S\u00e9rie de Ac\u00e7\u00f5es de Promo\u00e7\u00e3o do Macao Ideas da 29.\u00aa MIF: Sess\u00e3o Exclusiva de Exposi\u00e7\u00e3o e Venda de \u201cProdutos de Qualidade de Macau\u201d<\/p>\n<\/p><\/div>\n<div class=\"wp-caption alignnone\">\n                <a href=\"https:\/\/cdn.gcs.gov.mo\/api\/resource\/ibs\/P24IS5JipN\" data-component=\"Popup\" data-fancybox=\"gallery\" data-caption=\"A S\u00e9rie de Ac\u00e7\u00f5es de Promo\u00e7\u00e3o do Macao Ideas da 29.\u00aa MIF: Sess\u00e3o Exclusiva de Exposi\u00e7\u00e3o e Venda de \u201cProdutos de Qualidade de Macau\u201d, prevista para ter lugar de 18 a 22 de Setembro e de 26 a 29 de Setembro\" data-type=\"image\"><br \/>\n                <img decoding=\"async\" class=\"size-large\" src=\"https:\/\/cdn.gcs.gov.mo\/api\/resource\/ibs\/P24IS5JipN\" title=\"A S\u00e9rie de Ac\u00e7\u00f5es de Promo\u00e7\u00e3o do Macao Ideas da 29.\u00aa MIF: Sess\u00e3o Exclusiva de Exposi\u00e7\u00e3o e Venda de \u201cProdutos de Qualidade de Macau\u201d, prevista para ter lugar de 18 a 22 de Setembro e de 26 a 29 de Setembro\" alt=\"A S\u00e9rie de Ac\u00e7\u00f5es de Promo\u00e7\u00e3o do Macao Ideas da 29.\u00aa MIF: Sess\u00e3o Exclusiva de Exposi\u00e7\u00e3o e Venda de \u201cProdutos de Qualidade de Macau\u201d, prevista para ter lugar de 18 a 22 de Setembro e de 26 a 29 de Setembro\" width=\"1024\"><br \/>\n                <\/a><\/p>\n<p class=\"wp-caption-text\">A S\u00e9rie de Ac\u00e7\u00f5es de Promo\u00e7\u00e3o do Macao Ideas da 29.\u00aa MIF: Sess\u00e3o Exclusiva de Exposi\u00e7\u00e3o e Venda de \u201cProdutos de Qualidade de Macau\u201d, prevista para ter lugar de 18 a 22 de Setembro e de 26 a 29 de Setembro<\/p>\n<\/p><\/div>\n<div class=\"wp-caption alignnone\">\n                <a href=\"https:\/\/cdn.gcs.gov.mo\/api\/resource\/ibs\/P24ISjBpo6\" data-component=\"Popup\" data-fancybox=\"gallery\" data-caption=\"A Feira Internacional de Macau cria uma plataforma de interc\u00e2mbio e acoplamento de servi\u00e7os comerciais para os comerciantes de todo o mundo\" data-type=\"image\"><br \/>\n                <img decoding=\"async\" class=\"size-large\" src=\"https:\/\/cdn.gcs.gov.mo\/api\/resource\/ibs\/P24ISjBpo6\" title=\"A Feira Internacional de Macau cria uma plataforma de interc\u00e2mbio e acoplamento de servi\u00e7os comerciais para os comerciantes de todo o mundo\" alt=\"A Feira Internacional de Macau cria uma plataforma de interc\u00e2mbio e acoplamento de servi\u00e7os comerciais para os comerciantes de todo o mundo\" width=\"1024\"><br \/>\n                <\/a><\/p>\n<p class=\"wp-caption-text\">A Feira Internacional de Macau cria uma plataforma de interc\u00e2mbio e acoplamento de servi\u00e7os comerciais para os comerciantes de todo o mundo<\/p>\n<\/p><\/div>\n","protected":false},"excerpt":{"rendered":"<p>Organizada pelo Instituto de Promo&ccedil;&atilde;o do Com&eacute;rcio e do Investimento (IPIM), a \u201cCelebra&ccedil;&atilde;o do 75.&ordm; Anivers&aacute;rio da Funda&ccedil;&atilde;o da Rep&uacute;blica Popular da China, do 25.&ordm; [&hellip;]<\/p>\n","protected":false},"author":1,"featured_media":467868,"comment_status":"closed","ping_status":"closed","sticky":false,"template":"","format":"standard","meta":{"_acf_changed":false,"inline_featured_image":false,"advgb_blocks_editor_width":"","advgb_blocks_columns_visual_guide":"","footnotes":""},"categories":[12],"tags":[],"class_list":["post-475836","post","type-post","status-publish","format-standard","has-post-thumbnail","hentry","category-noticias-do-ipim"],"acf":[],"yoast_head":"<!-- This site is optimized with the Yoast SEO plugin v26.2 - https:\/\/yoast.com\/wordpress\/plugins\/seo\/ -->\r\n<title>[2024\/09\/19] [Celebra\u00e7\u00e3o do duplo anivers\u00e1rio] 29.\u00aa MIF e 2024MFE arrancar\u00e3o em 16 de Outubro Como uma iniciativa de pr\u00e9-promo\u00e7\u00e3o, o IPIM coordena expositores do Macao Ideas para exibirem e venderem produtos das marcas de Macau em colabora\u00e7\u00e3o com supermercados de um armaz\u00e9m local | Commerce and Investment Promotion Institute<\/title>\r\n<meta name=\"robots\" content=\"index, follow, max-snippet:-1, max-image-preview:large, max-video-preview:-1\" \/>\r\n<link rel=\"canonical\" href=\"https:\/\/www.ipim.gov.mo\/pt-pt\/noticias-do-ipim\/2024-09-20-celebracao-do-duplo-aniversario-29-a-mif-e-2024mfe-arrancarao-em-16-de-outubro-como-uma-iniciativa-de-pre-promocao-o-ipim-coordena-expositores-do-macao-ideas-para-exibirem-e-venderem-p\/\" \/>\r\n<meta property=\"og:locale\" content=\"pt_PT\" \/>\r\n<meta property=\"og:type\" content=\"article\" \/>\r\n<meta property=\"og:title\" content=\"[2024\/09\/19] [Celebra\u00e7\u00e3o do duplo anivers\u00e1rio] 29.\u00aa MIF e 2024MFE arrancar\u00e3o em 16 de Outubro Como uma iniciativa de pr\u00e9-promo\u00e7\u00e3o, o IPIM coordena expositores do Macao Ideas para exibirem e venderem produtos das marcas de Macau em colabora\u00e7\u00e3o com supermercados de um armaz\u00e9m local | Commerce and Investment Promotion Institute\" \/>\r\n<meta property=\"og:description\" content=\"Organizada pelo Instituto de Promo&ccedil;&atilde;o do Com&eacute;rcio e do Investimento (IPIM), a \u201cCelebra&ccedil;&atilde;o do 75.&ordm; Anivers&aacute;rio da Funda&ccedil;&atilde;o da Rep&uacute;blica Popular da China, do 25.&ordm; [&hellip;]\" \/>\r\n<meta property=\"og:url\" content=\"https:\/\/www.ipim.gov.mo\/pt-pt\/noticias-do-ipim\/2024-09-20-celebracao-do-duplo-aniversario-29-a-mif-e-2024mfe-arrancarao-em-16-de-outubro-como-uma-iniciativa-de-pre-promocao-o-ipim-coordena-expositores-do-macao-ideas-para-exibirem-e-venderem-p\/\" \/>\r\n<meta property=\"og:site_name\" content=\"Commerce and Investment Promotion Institute\" \/>\r\n<meta property=\"article:published_time\" content=\"2024-09-19T06:55:00+00:00\" \/>\r\n<meta property=\"og:image\" content=\"https:\/\/www.ipim.gov.mo\/wp-content\/uploads\/2024\/07\/ipim-post-default.jpg\" \/>\r\n\t<meta property=\"og:image:width\" content=\"1024\" \/>\r\n\t<meta property=\"og:image:height\" content=\"768\" \/>\r\n\t<meta property=\"og:image:type\" content=\"image\/jpeg\" \/>\r\n<meta name=\"author\" content=\"admin\" \/>\r\n<meta name=\"twitter:card\" content=\"summary_large_image\" \/>\r\n<meta name=\"twitter:label1\" content=\"Written by\" \/>\n\t<meta name=\"twitter:data1\" content=\"admin\" \/>\n\t<meta name=\"twitter:label2\" content=\"Est. reading time\" \/>\n\t<meta name=\"twitter:data2\" content=\"4 minutes\" \/>\r\n<script type=\"application\/ld+json\" class=\"yoast-schema-graph\">{\"@context\":\"https:\/\/schema.org\",\"@graph\":[{\"@type\":\"WebPage\",\"@id\":\"https:\/\/www.ipim.gov.mo\/pt-pt\/noticias-do-ipim\/2024-09-20-celebracao-do-duplo-aniversario-29-a-mif-e-2024mfe-arrancarao-em-16-de-outubro-como-uma-iniciativa-de-pre-promocao-o-ipim-coordena-expositores-do-macao-ideas-para-exibirem-e-venderem-p\/\",\"url\":\"https:\/\/www.ipim.gov.mo\/pt-pt\/noticias-do-ipim\/2024-09-20-celebracao-do-duplo-aniversario-29-a-mif-e-2024mfe-arrancarao-em-16-de-outubro-como-uma-iniciativa-de-pre-promocao-o-ipim-coordena-expositores-do-macao-ideas-para-exibirem-e-venderem-p\/\",\"name\":\"[2024\/09\/19] [Celebra\u00e7\u00e3o do duplo anivers\u00e1rio] 29.\u00aa MIF e 2024MFE arrancar\u00e3o em 16 de Outubro Como uma iniciativa de pr\u00e9-promo\u00e7\u00e3o, o IPIM coordena expositores do Macao Ideas para exibirem e venderem produtos das marcas de Macau em colabora\u00e7\u00e3o com supermercados de um armaz\u00e9m local | Commerce and Investment Promotion Institute\",\"isPartOf\":{\"@id\":\"https:\/\/www.ipim.gov.mo\/zh-hans\/#website\"},\"primaryImageOfPage\":{\"@id\":\"https:\/\/www.ipim.gov.mo\/pt-pt\/noticias-do-ipim\/2024-09-20-celebracao-do-duplo-aniversario-29-a-mif-e-2024mfe-arrancarao-em-16-de-outubro-como-uma-iniciativa-de-pre-promocao-o-ipim-coordena-expositores-do-macao-ideas-para-exibirem-e-venderem-p\/#primaryimage\"},\"image\":{\"@id\":\"https:\/\/www.ipim.gov.mo\/pt-pt\/noticias-do-ipim\/2024-09-20-celebracao-do-duplo-aniversario-29-a-mif-e-2024mfe-arrancarao-em-16-de-outubro-como-uma-iniciativa-de-pre-promocao-o-ipim-coordena-expositores-do-macao-ideas-para-exibirem-e-venderem-p\/#primaryimage\"},\"thumbnailUrl\":\"https:\/\/www.ipim.gov.mo\/wp-content\/uploads\/2024\/07\/ipim-post-default.jpg\",\"datePublished\":\"2024-09-19T06:55:00+00:00\",\"breadcrumb\":{\"@id\":\"https:\/\/www.ipim.gov.mo\/pt-pt\/noticias-do-ipim\/2024-09-20-celebracao-do-duplo-aniversario-29-a-mif-e-2024mfe-arrancarao-em-16-de-outubro-como-uma-iniciativa-de-pre-promocao-o-ipim-coordena-expositores-do-macao-ideas-para-exibirem-e-venderem-p\/#breadcrumb\"},\"inLanguage\":\"pt-PT\",\"potentialAction\":[{\"@type\":\"ReadAction\",\"target\":[\"https:\/\/www.ipim.gov.mo\/pt-pt\/noticias-do-ipim\/2024-09-20-celebracao-do-duplo-aniversario-29-a-mif-e-2024mfe-arrancarao-em-16-de-outubro-como-uma-iniciativa-de-pre-promocao-o-ipim-coordena-expositores-do-macao-ideas-para-exibirem-e-venderem-p\/\"]}]},{\"@type\":\"ImageObject\",\"inLanguage\":\"pt-PT\",\"@id\":\"https:\/\/www.ipim.gov.mo\/pt-pt\/noticias-do-ipim\/2024-09-20-celebracao-do-duplo-aniversario-29-a-mif-e-2024mfe-arrancarao-em-16-de-outubro-como-uma-iniciativa-de-pre-promocao-o-ipim-coordena-expositores-do-macao-ideas-para-exibirem-e-venderem-p\/#primaryimage\",\"url\":\"https:\/\/www.ipim.gov.mo\/wp-content\/uploads\/2024\/07\/ipim-post-default.jpg\",\"contentUrl\":\"https:\/\/www.ipim.gov.mo\/wp-content\/uploads\/2024\/07\/ipim-post-default.jpg\",\"width\":1024,\"height\":768},{\"@type\":\"BreadcrumbList\",\"@id\":\"https:\/\/www.ipim.gov.mo\/pt-pt\/noticias-do-ipim\/2024-09-20-celebracao-do-duplo-aniversario-29-a-mif-e-2024mfe-arrancarao-em-16-de-outubro-como-uma-iniciativa-de-pre-promocao-o-ipim-coordena-expositores-do-macao-ideas-para-exibirem-e-venderem-p\/#breadcrumb\",\"itemListElement\":[{\"@type\":\"ListItem\",\"position\":1,\"name\":\"Home\",\"item\":\"https:\/\/www.ipim.gov.mo\/pt-pt\/\"},{\"@type\":\"ListItem\",\"position\":2,\"name\":\"[2024\/09\/19] [Celebra\u00e7\u00e3o do duplo anivers\u00e1rio] 29.\u00aa MIF e 2024MFE arrancar\u00e3o em 16 de Outubro Como uma iniciativa de pr\u00e9-promo\u00e7\u00e3o, o IPIM coordena expositores do Macao Ideas para exibirem e venderem produtos das marcas de Macau em colabora\u00e7\u00e3o com supermercados de um armaz\u00e9m local\"}]},{\"@type\":\"WebSite\",\"@id\":\"https:\/\/www.ipim.gov.mo\/zh-hans\/#website\",\"url\":\"https:\/\/www.ipim.gov.mo\/zh-hans\/\",\"name\":\"Commerce and Investment Promotion Institute\",\"description\":\"Commerce and Investment Promotion Institute\",\"publisher\":{\"@id\":\"https:\/\/www.ipim.gov.mo\/zh-hans\/#organization\"},\"potentialAction\":[{\"@type\":\"SearchAction\",\"target\":{\"@type\":\"EntryPoint\",\"urlTemplate\":\"https:\/\/www.ipim.gov.mo\/zh-hans\/?s={search_term_string}\"},\"query-input\":{\"@type\":\"PropertyValueSpecification\",\"valueRequired\":true,\"valueName\":\"search_term_string\"}}],\"inLanguage\":\"pt-PT\"},{\"@type\":\"Organization\",\"@id\":\"https:\/\/www.ipim.gov.mo\/zh-hans\/#organization\",\"name\":\"IPIM\",\"url\":\"https:\/\/www.ipim.gov.mo\/zh-hans\/\",\"logo\":{\"@type\":\"ImageObject\",\"inLanguage\":\"pt-PT\",\"@id\":\"https:\/\/www.ipim.gov.mo\/zh-hans\/#\/schema\/logo\/image\/\",\"url\":\"https:\/\/www.ipim.gov.mo\/wp-content\/uploads\/2022\/10\/default-post-thumbnail-ipim-logo.png\",\"contentUrl\":\"https:\/\/www.ipim.gov.mo\/wp-content\/uploads\/2022\/10\/default-post-thumbnail-ipim-logo.png\",\"width\":1024,\"height\":768,\"caption\":\"IPIM\"},\"image\":{\"@id\":\"https:\/\/www.ipim.gov.mo\/zh-hans\/#\/schema\/logo\/image\/\"}}]}<\/script>\r\n<!-- \/ Yoast SEO plugin. -->","yoast_head_json":{"title":"[2024\/09\/19] [Celebra\u00e7\u00e3o do duplo anivers\u00e1rio] 29.\u00aa MIF e 2024MFE arrancar\u00e3o em 16 de Outubro Como uma iniciativa de pr\u00e9-promo\u00e7\u00e3o, o IPIM coordena expositores do Macao Ideas para exibirem e venderem produtos das marcas de Macau em colabora\u00e7\u00e3o com supermercados de um armaz\u00e9m local | Commerce and Investment Promotion Institute","robots":{"index":"index","follow":"follow","max-snippet":"max-snippet:-1","max-image-preview":"max-image-preview:large","max-video-preview":"max-video-preview:-1"},"canonical":"https:\/\/www.ipim.gov.mo\/pt-pt\/noticias-do-ipim\/2024-09-20-celebracao-do-duplo-aniversario-29-a-mif-e-2024mfe-arrancarao-em-16-de-outubro-como-uma-iniciativa-de-pre-promocao-o-ipim-coordena-expositores-do-macao-ideas-para-exibirem-e-venderem-p\/","og_locale":"pt_PT","og_type":"article","og_title":"[2024\/09\/19] [Celebra\u00e7\u00e3o do duplo anivers\u00e1rio] 29.\u00aa MIF e 2024MFE arrancar\u00e3o em 16 de Outubro Como uma iniciativa de pr\u00e9-promo\u00e7\u00e3o, o IPIM coordena expositores do Macao Ideas para exibirem e venderem produtos das marcas de Macau em colabora\u00e7\u00e3o com supermercados de um armaz\u00e9m local | Commerce and Investment Promotion Institute","og_description":"Organizada pelo Instituto de Promo&ccedil;&atilde;o do Com&eacute;rcio e do Investimento (IPIM), a \u201cCelebra&ccedil;&atilde;o do 75.&ordm; Anivers&aacute;rio da Funda&ccedil;&atilde;o da Rep&uacute;blica Popular da China, do 25.&ordm; [&hellip;]","og_url":"https:\/\/www.ipim.gov.mo\/pt-pt\/noticias-do-ipim\/2024-09-20-celebracao-do-duplo-aniversario-29-a-mif-e-2024mfe-arrancarao-em-16-de-outubro-como-uma-iniciativa-de-pre-promocao-o-ipim-coordena-expositores-do-macao-ideas-para-exibirem-e-venderem-p\/","og_site_name":"Commerce and Investment Promotion Institute","article_published_time":"2024-09-19T06:55:00+00:00","og_image":[{"width":1024,"height":768,"url":"https:\/\/www.ipim.gov.mo\/wp-content\/uploads\/2024\/07\/ipim-post-default.jpg","type":"image\/jpeg"}],"author":"admin","twitter_card":"summary_large_image","twitter_misc":{"Written by":"admin","Est. reading time":"4 minutes"},"schema":{"@context":"https:\/\/schema.org","@graph":[{"@type":"WebPage","@id":"https:\/\/www.ipim.gov.mo\/pt-pt\/noticias-do-ipim\/2024-09-20-celebracao-do-duplo-aniversario-29-a-mif-e-2024mfe-arrancarao-em-16-de-outubro-como-uma-iniciativa-de-pre-promocao-o-ipim-coordena-expositores-do-macao-ideas-para-exibirem-e-venderem-p\/","url":"https:\/\/www.ipim.gov.mo\/pt-pt\/noticias-do-ipim\/2024-09-20-celebracao-do-duplo-aniversario-29-a-mif-e-2024mfe-arrancarao-em-16-de-outubro-como-uma-iniciativa-de-pre-promocao-o-ipim-coordena-expositores-do-macao-ideas-para-exibirem-e-venderem-p\/","name":"[2024\/09\/19] [Celebra\u00e7\u00e3o do duplo anivers\u00e1rio] 29.\u00aa MIF e 2024MFE arrancar\u00e3o em 16 de Outubro Como uma iniciativa de pr\u00e9-promo\u00e7\u00e3o, o IPIM coordena expositores do Macao Ideas para exibirem e venderem produtos das marcas de Macau em colabora\u00e7\u00e3o com supermercados de um armaz\u00e9m local | Commerce and Investment Promotion Institute","isPartOf":{"@id":"https:\/\/www.ipim.gov.mo\/zh-hans\/#website"},"primaryImageOfPage":{"@id":"https:\/\/www.ipim.gov.mo\/pt-pt\/noticias-do-ipim\/2024-09-20-celebracao-do-duplo-aniversario-29-a-mif-e-2024mfe-arrancarao-em-16-de-outubro-como-uma-iniciativa-de-pre-promocao-o-ipim-coordena-expositores-do-macao-ideas-para-exibirem-e-venderem-p\/#primaryimage"},"image":{"@id":"https:\/\/www.ipim.gov.mo\/pt-pt\/noticias-do-ipim\/2024-09-20-celebracao-do-duplo-aniversario-29-a-mif-e-2024mfe-arrancarao-em-16-de-outubro-como-uma-iniciativa-de-pre-promocao-o-ipim-coordena-expositores-do-macao-ideas-para-exibirem-e-venderem-p\/#primaryimage"},"thumbnailUrl":"https:\/\/www.ipim.gov.mo\/wp-content\/uploads\/2024\/07\/ipim-post-default.jpg","datePublished":"2024-09-19T06:55:00+00:00","breadcrumb":{"@id":"https:\/\/www.ipim.gov.mo\/pt-pt\/noticias-do-ipim\/2024-09-20-celebracao-do-duplo-aniversario-29-a-mif-e-2024mfe-arrancarao-em-16-de-outubro-como-uma-iniciativa-de-pre-promocao-o-ipim-coordena-expositores-do-macao-ideas-para-exibirem-e-venderem-p\/#breadcrumb"},"inLanguage":"pt-PT","potentialAction":[{"@type":"ReadAction","target":["https:\/\/www.ipim.gov.mo\/pt-pt\/noticias-do-ipim\/2024-09-20-celebracao-do-duplo-aniversario-29-a-mif-e-2024mfe-arrancarao-em-16-de-outubro-como-uma-iniciativa-de-pre-promocao-o-ipim-coordena-expositores-do-macao-ideas-para-exibirem-e-venderem-p\/"]}]},{"@type":"ImageObject","inLanguage":"pt-PT","@id":"https:\/\/www.ipim.gov.mo\/pt-pt\/noticias-do-ipim\/2024-09-20-celebracao-do-duplo-aniversario-29-a-mif-e-2024mfe-arrancarao-em-16-de-outubro-como-uma-iniciativa-de-pre-promocao-o-ipim-coordena-expositores-do-macao-ideas-para-exibirem-e-venderem-p\/#primaryimage","url":"https:\/\/www.ipim.gov.mo\/wp-content\/uploads\/2024\/07\/ipim-post-default.jpg","contentUrl":"https:\/\/www.ipim.gov.mo\/wp-content\/uploads\/2024\/07\/ipim-post-default.jpg","width":1024,"height":768},{"@type":"BreadcrumbList","@id":"https:\/\/www.ipim.gov.mo\/pt-pt\/noticias-do-ipim\/2024-09-20-celebracao-do-duplo-aniversario-29-a-mif-e-2024mfe-arrancarao-em-16-de-outubro-como-uma-iniciativa-de-pre-promocao-o-ipim-coordena-expositores-do-macao-ideas-para-exibirem-e-venderem-p\/#breadcrumb","itemListElement":[{"@type":"ListItem","position":1,"name":"Home","item":"https:\/\/www.ipim.gov.mo\/pt-pt\/"},{"@type":"ListItem","position":2,"name":"[2024\/09\/19] [Celebra\u00e7\u00e3o do duplo anivers\u00e1rio] 29.\u00aa MIF e 2024MFE arrancar\u00e3o em 16 de Outubro Como uma iniciativa de pr\u00e9-promo\u00e7\u00e3o, o IPIM coordena expositores do Macao Ideas para exibirem e venderem produtos das marcas de Macau em colabora\u00e7\u00e3o com supermercados de um armaz\u00e9m local"}]},{"@type":"WebSite","@id":"https:\/\/www.ipim.gov.mo\/zh-hans\/#website","url":"https:\/\/www.ipim.gov.mo\/zh-hans\/","name":"Commerce and Investment Promotion Institute","description":"Commerce and Investment Promotion Institute","publisher":{"@id":"https:\/\/www.ipim.gov.mo\/zh-hans\/#organization"},"potentialAction":[{"@type":"SearchAction","target":{"@type":"EntryPoint","urlTemplate":"https:\/\/www.ipim.gov.mo\/zh-hans\/?s={search_term_string}"},"query-input":{"@type":"PropertyValueSpecification","valueRequired":true,"valueName":"search_term_string"}}],"inLanguage":"pt-PT"},{"@type":"Organization","@id":"https:\/\/www.ipim.gov.mo\/zh-hans\/#organization","name":"IPIM","url":"https:\/\/www.ipim.gov.mo\/zh-hans\/","logo":{"@type":"ImageObject","inLanguage":"pt-PT","@id":"https:\/\/www.ipim.gov.mo\/zh-hans\/#\/schema\/logo\/image\/","url":"https:\/\/www.ipim.gov.mo\/wp-content\/uploads\/2022\/10\/default-post-thumbnail-ipim-logo.png","contentUrl":"https:\/\/www.ipim.gov.mo\/wp-content\/uploads\/2022\/10\/default-post-thumbnail-ipim-logo.png","width":1024,"height":768,"caption":"IPIM"},"image":{"@id":"https:\/\/www.ipim.gov.mo\/zh-hans\/#\/schema\/logo\/image\/"}}]}},"author_meta":{"display_name":"admin","author_link":"https:\/\/www.ipim.gov.mo\/pt-pt\/author\/admin\/"},"featured_img":"https:\/\/www.ipim.gov.mo\/wp-content\/uploads\/2024\/07\/ipim-post-default-300x225.jpg","coauthors":[],"tax_additional":{"categories":{"linked":["<a href=\"https:\/\/www.ipim.gov.mo\/pt-pt\/category\/noticias-do-ipim\/\" class=\"advgb-post-tax-term\">Not\u00edcias do IPIM<\/a>"],"unlinked":["<span class=\"advgb-post-tax-term\">Not\u00edcias do IPIM<\/span>"]}},"comment_count":"0","relative_dates":{"created":"Posted 2 years ago","modified":"Updated 2 years ago"},"absolute_dates":{"created":"Posted on Setembro 19, 2024","modified":"Updated on Setembro 19, 2024"},"absolute_dates_time":{"created":"Posted on Setembro 19, 2024 2:55 pm","modified":"Updated on Setembro 19, 2024 2:55 pm"},"featured_img_caption":"","series_order":"","_links":{"self":[{"href":"https:\/\/www.ipim.gov.mo\/pt-pt\/wp-json\/wp\/v2\/posts\/475836","targetHints":{"allow":["GET"]}}],"collection":[{"href":"https:\/\/www.ipim.gov.mo\/pt-pt\/wp-json\/wp\/v2\/posts"}],"about":[{"href":"https:\/\/www.ipim.gov.mo\/pt-pt\/wp-json\/wp\/v2\/types\/post"}],"author":[{"embeddable":true,"href":"https:\/\/www.ipim.gov.mo\/pt-pt\/wp-json\/wp\/v2\/users\/1"}],"replies":[{"embeddable":true,"href":"https:\/\/www.ipim.gov.mo\/pt-pt\/wp-json\/wp\/v2\/comments?post=475836"}],"version-history":[{"count":0,"href":"https:\/\/www.ipim.gov.mo\/pt-pt\/wp-json\/wp\/v2\/posts\/475836\/revisions"}],"wp:featuredmedia":[{"embeddable":true,"href":"https:\/\/www.ipim.gov.mo\/pt-pt\/wp-json\/wp\/v2\/media\/467868"}],"wp:attachment":[{"href":"https:\/\/www.ipim.gov.mo\/pt-pt\/wp-json\/wp\/v2\/media?parent=475836"}],"wp:term":[{"taxonomy":"category","embeddable":true,"href":"https:\/\/www.ipim.gov.mo\/pt-pt\/wp-json\/wp\/v2\/categories?post=475836"},{"taxonomy":"post_tag","embeddable":true,"href":"https:\/\/www.ipim.gov.mo\/pt-pt\/wp-json\/wp\/v2\/tags?post=475836"}],"curies":[{"name":"wp","href":"https:\/\/api.w.org\/{rel}","templated":true}]}}