{"id":475221,"date":"2024-09-11T18:37:00","date_gmt":"2024-09-11T10:37:00","guid":{"rendered":"https:\/\/www.ipim.gov.mo\/noticias-do-ipim\/2024-09-13-desempenho-das-vantagens-da-plataforma-para-explorar-oportunidades-de-negocios-internacionais-arranca-hoje-dia-11-o-glstf2024-em-macau\/"},"modified":"2024-09-11T18:37:00","modified_gmt":"2024-09-11T10:37:00","slug":"2024-09-13-desempenho-das-vantagens-da-plataforma-para-explorar-oportunidades-de-negocios-internacionais-arranca-hoje-dia-11-o-glstf2024-em-macau","status":"publish","type":"post","link":"https:\/\/www.ipim.gov.mo\/pt-pt\/noticias-do-ipim\/2024-09-13-desempenho-das-vantagens-da-plataforma-para-explorar-oportunidades-de-negocios-internacionais-arranca-hoje-dia-11-o-glstf2024-em-macau\/","title":{"rendered":"[2024\/09\/11] Desempenho das vantagens da plataforma para explorar oportunidades de neg\u00f3cios internacionais  Arranca hoje (dia 11) o GLSTF2024 em Macau"},"content":{"rendered":"<p style=\"text-align:justify\">Arranca hoje (dia 11), em Macau, o F&oacute;rum Global de Madeira Legal e Sustent&aacute;vel 2024 (GLSTF2024), subordinado ao tema \u201cTrabalhar em Conjunto para Construir uma Cadeia de Abastecimento Mundial de Madeira Confi&aacute;vel e Eficiente\u201d.<\/p>\n<p style=\"text-align:justify\"><strong>Participa&ccedil;&atilde;o de mais de 700 convidados provenientes de 40 pa&iacute;ses e regi&otilde;es<\/strong><\/p>\n<p style=\"text-align:justify\">O GLSTF deste ano atraiu cerca de 700 convidados, provenientes de mais de 40 pa&iacute;ses e regi&otilde;es, incluindo organiza&ccedil;&otilde;es internacionais, funcion&aacute;rios governamentais de v&aacute;rios pa&iacute;ses, bem como representantes de associa&ccedil;&otilde;es e empresas da ind&uacute;stria da madeira.<\/p>\n<p style=\"text-align:justify\">A cerim&oacute;nia de abertura contou com os seguintes convidados de honra: Chefe do Executivo da Regi&atilde;o Administrativa Especial de Macau, Ho Iat Seng; Director do Gabinete de Liga&ccedil;&atilde;o do Governo Popular Central na Regi&atilde;o Administrativa Especial de Macau, Zheng Xincong; Comiss&aacute;rio em Exerc&iacute;cio do Comissariado do Minist&eacute;rio dos Neg&oacute;cios Estrangeiros da Rep&uacute;blica Popular da China na RAEM, Sun Xiangyang; e oficiais ministeriais da Rep&uacute;blica Centro-Africana, da Rep&uacute;blica de Fiji, da Rep&uacute;blica Democr&aacute;tica do Congo e da Rep&uacute;blica do Peru, entre outros.<\/p>\n<p style=\"text-align:justify\"><strong>Ressalto d<\/strong><strong>o \u201ccart&atilde;o de visita dourado\u201d para mostrar as capacidades corp&oacute;reas e incorp&oacute;reas de conven&ccedil;&otilde;es e exposi&ccedil;&otilde;es de Macau <\/strong><\/p>\n<p style=\"text-align:justify\">O Secret&aacute;rio para a Economia e Finan&ccedil;as do Governo da Regi&atilde;o Administrativa Especial de Macau, Lei Wai Nong, referiu, no seu discurso, que o F&oacute;rum Global de Madeira Legal e Sustent&aacute;vel, sendo a primeira confer&ecirc;ncia tem&aacute;tica internacional sobre madeira e florestas feita em Macau, &eacute; uma parte importante dos esfor&ccedil;os da Organiza&ccedil;&atilde;o Internacional de Madeiras Tropicais (ITTO) para promover o estabelecimento de uma cadeia de abastecimento legal e sustent&aacute;vel. O evento foi realizado em Macau por dois anos consecutivos, evidenciando o reconhecimento das organiza&ccedil;&otilde;es internacionais sobre as capacidades corp&oacute;reas e incorp&oacute;reas de conven&ccedil;&otilde;es e exposi&ccedil;&otilde;es de Macau, o que &eacute; imposs&iacute;vel sem a orienta&ccedil;&atilde;o e o apoio dos minist&eacute;rios e comiss&otilde;es centrais relevantes e das institui&ccedil;&otilde;es do Governo Central em Macau.<\/p>\n<p style=\"text-align:justify\">O Secret&aacute;rio apontou que, no futuro, o Governo da RAEM continuar&aacute; a desempenhar as suas vantagens &uacute;nicas e a trabalhar com o sector, para promover o estabelecimento em Macau de mais projectos de conven&ccedil;&otilde;es e exposi&ccedil;&otilde;es orientados para o mercado, profissionais e internacionalizados, de modo a consolidar e melhorar a imagem e a influ&ecirc;ncia internacionais de Macau e a ressaltar o \u201ccart&atilde;o de visita dourado\u201d de Macau como uma metr&oacute;pole internacional.<\/p>\n<p style=\"text-align:justify\">A Directora Executiva da ITTO, Sheam Satkuru, apelou, num discurso apresentado em v&iacute;deo, a que os v&aacute;rios sectores apoiassem a constru&ccedil;&atilde;o e a melhoria da cadeia global de abastecimento sustent&aacute;vel da ind&uacute;stria da madeira, num momento cheio de desafios e incertezas.<\/p>\n<p style=\"text-align:justify\"><strong>Promo&ccedil;&atilde;o de interc&acirc;mbio e coopera&ccedil;&atilde;o entre empresas para impulsionar a inova&ccedil;&atilde;o tecnol&oacute;gica<\/strong><\/p>\n<p style=\"text-align:justify\">O GLSTF deste ano abrange uma cimeira de f&oacute;rum, quatro subf&oacute;runs especializados e sess&otilde;es de encontros comerciais, centrando-se na integra&ccedil;&atilde;o profunda de toda a cadeia industrial, incluindo a liga&ccedil;&atilde;o completa entre os recursos a montante e o mercado a jusante. A cimeira de f&oacute;rum re&uacute;ne l&iacute;deres e especialistas da ind&uacute;stria, para explorarem o desenvolvimento sustent&aacute;vel da cadeia de abastecimento e partilharem as melhores pr&aacute;ticas.<\/p>\n<p style=\"text-align:justify\">Os subf&oacute;runs especializados, por sua vez, analisam profundamente a selec&ccedil;&atilde;o de mat&eacute;rias-primas, o impacto ambiental da produ&ccedil;&atilde;o e a reciclagem do consumo final, com vista a aumentar a consci&ecirc;ncia ecol&oacute;gica da ind&uacute;stria. As sess&otilde;es de encontros comerciais fomentam o interc&acirc;mbio e a coopera&ccedil;&atilde;o entre empresas, bem como a inova&ccedil;&atilde;o tecnol&oacute;gica, real&ccedil;ando o importante papel de Macau na ind&uacute;stria global da madeira.<\/p>\n<p style=\"text-align:justify\"><strong>Explora&ccedil;&atilde;o de oportunidades de finan&ccedil;as verdes e com&eacute;rcio transfronteiri&ccedil;o para Macau<\/strong><\/p>\n<p style=\"text-align:justify\">O GLSTF publicou os resultados de investiga&ccedil;&atilde;o sobre o &Iacute;ndice Global da Madeira (Global Timber Index, GTI) e a tecnologia <em>blockchain<\/em>, com o apoio do Instituto de Promo&ccedil;&atilde;o do Com&eacute;rcio e do Investimento (IPIM) da RAEM e a participa&ccedil;&atilde;o das institui&ccedil;&otilde;es de ensino superior de Macau. A plataforma GTI j&aacute; est&aacute; em funcionamento, com a inclus&atilde;o de tr&ecirc;s pa&iacute;ses-piloto e dois &iacute;ndices industriais, e fornece servi&ccedil;os de forma&ccedil;&atilde;o e de contacto comercial. Al&eacute;m disso, o Sistema de Rastreamento de Origem de Madeira (BTTS), baseado na tecnologia <em>blockchain<\/em>,<em> <\/em>foi testado com sucesso e, no futuro, ir&aacute; concentrar-se na actualiza&ccedil;&atilde;o tecnol&oacute;gica e na constru&ccedil;&atilde;o de sistemas de normaliza&ccedil;&atilde;o, de maneira a estimular ainda mais a coopera&ccedil;&atilde;o internacional e a inova&ccedil;&atilde;o.<\/p>\n<p style=\"text-align:justify\">O subf&oacute;rum \u201cFinanciamento Verde e Medidas de Facilita&ccedil;&atilde;o Inovadoras para a Cadeia de Abastecimento Global\u201d e o semin&aacute;rio \u201cLideran&ccedil;a Juvenil na Ind&uacute;stria Florestal Global: Sector de Constru&ccedil;&atilde;o que Permite a Sustentabilidade do Bambu e da Madeira\u201d, organizados conjuntamente por associa&ccedil;&otilde;es comerciais e por institui&ccedil;&otilde;es de ensino superior de Macau, demonstram o papel activo de Macau na promo&ccedil;&atilde;o da economia verde. As associa&ccedil;&otilde;es comerciais de Macau participar&atilde;o ainda no \u201cQuadro de Ac&ccedil;&atilde;o para a Promo&ccedil;&atilde;o de Cadeias de Abastecimento de Madeira Legais e Sustent&aacute;veis\u201d e no \u201cPlano de Ac&ccedil;&atilde;o para a Integra&ccedil;&atilde;o de Finan&ccedil;as Verdes com Cadeias de Abastecimento Verdes (GF&amp;GS)\u201d, com vista a abrir novas oportunidades de finan&ccedil;as verdes e com&eacute;rcio transfronteiri&ccedil;o para Macau.<\/p>\n<p style=\"text-align:justify\">Co-organizado pela ITTO e pelo IPIM, o GLSTF2024 realizar&aacute; os subf&oacute;runs especializados e as actividades paralelas amanh&atilde; (dia 12), disponibilizando ainda um espa&ccedil;o de exposi&ccedil;&otilde;es para apresentar produtos de madeira e materiais de constru&ccedil;&atilde;o de madeira em pequena escala. Para mais informa&ccedil;&otilde;es, &eacute; favor visitar a p&aacute;gina electr&oacute;nica: http:\/\/www.glstf.net\/\/.<\/p>\n<div class=\"wp-caption alignnone\">\n                <a href=\"https:\/\/cdn.gcs.gov.mo\/api\/resource\/ibs\/P24IKNYAqJ\" data-component=\"Popup\" data-fancybox=\"gallery\" data-caption=\"O Chefe do Executivo da RAEM, Ho Iat Seng, presidiu \u00e0 Cerim\u00f3nia de Abertura do F\u00f3rum Global de Madeira Legal e Sustent\u00e1vel 2024.\" data-type=\"image\"><br \/>\n                <img decoding=\"async\" class=\"size-large\" src=\"https:\/\/cdn.gcs.gov.mo\/api\/resource\/ibs\/P24IKNYAqJ\" title=\"O Chefe do Executivo da RAEM, Ho Iat Seng, presidiu \u00e0 Cerim\u00f3nia de Abertura do F\u00f3rum Global de Madeira Legal e Sustent\u00e1vel 2024.\" alt=\"O Chefe do Executivo da RAEM, Ho Iat Seng, presidiu \u00e0 Cerim\u00f3nia de Abertura do F\u00f3rum Global de Madeira Legal e Sustent\u00e1vel 2024.\" width=\"1024\"><br \/>\n                <\/a><\/p>\n<p class=\"wp-caption-text\">O Chefe do Executivo da RAEM, Ho Iat Seng, presidiu \u00e0 Cerim\u00f3nia de Abertura do F\u00f3rum Global de Madeira Legal e Sustent\u00e1vel 2024.<\/p>\n<\/p><\/div>\n<div class=\"wp-caption alignnone\">\n                <a href=\"https:\/\/cdn.gcs.gov.mo\/api\/resource\/ibs\/P24IKd8LPE\" data-component=\"Popup\" data-fancybox=\"gallery\" data-caption=\"Fotografia do Chefe do Executivo da RAEM, Ho Iat Seng, com os convidados presentes na Cerim\u00f3nia de Abertura do F\u00f3rum Global de Madeira Legal e Sustent\u00e1vel 2024.\" data-type=\"image\"><br \/>\n                <img decoding=\"async\" class=\"size-large\" src=\"https:\/\/cdn.gcs.gov.mo\/api\/resource\/ibs\/P24IKd8LPE\" title=\"Fotografia do Chefe do Executivo da RAEM, Ho Iat Seng, com os convidados presentes na Cerim\u00f3nia de Abertura do F\u00f3rum Global de Madeira Legal e Sustent\u00e1vel 2024.\" alt=\"Fotografia do Chefe do Executivo da RAEM, Ho Iat Seng, com os convidados presentes na Cerim\u00f3nia de Abertura do F\u00f3rum Global de Madeira Legal e Sustent\u00e1vel 2024.\" width=\"1024\"><br \/>\n                <\/a><\/p>\n<p class=\"wp-caption-text\">Fotografia do Chefe do Executivo da RAEM, Ho Iat Seng, com os convidados presentes na Cerim\u00f3nia de Abertura do F\u00f3rum Global de Madeira Legal e Sustent\u00e1vel 2024.<\/p>\n<\/p><\/div>\n<div class=\"wp-caption alignnone\">\n                <a href=\"https:\/\/cdn.gcs.gov.mo\/api\/resource\/ibs\/P24IKmg2PA\" data-component=\"Popup\" data-fancybox=\"gallery\" data-caption=\"O Secret\u00e1rio Lei Wai Nong referiu, no seu discurso, que o GLSTF desempenha ainda mais o papel de \u201cincentivo de exposi\u00e7\u00f5es via conven\u00e7\u00f5es\u201d e de \u201ccapta\u00e7\u00e3o de investimentos atrav\u00e9s de exposi\u00e7\u00f5es\u201d, levando os comerciantes internacionais a concentrarem-se na procura de produtos de madeira de topo de gama e a criarem mais oportunidades de neg\u00f3cio.\" data-type=\"image\"><br \/>\n                <img decoding=\"async\" class=\"size-large\" src=\"https:\/\/cdn.gcs.gov.mo\/api\/resource\/ibs\/P24IKmg2PA\" title=\"O Secret\u00e1rio Lei Wai Nong referiu, no seu discurso, que o GLSTF desempenha ainda mais o papel de \u201cincentivo de exposi\u00e7\u00f5es via conven\u00e7\u00f5es\u201d e de \u201ccapta\u00e7\u00e3o de investimentos atrav\u00e9s de exposi\u00e7\u00f5es\u201d, levando os comerciantes internacionais a concentrarem-se na procura de produtos de madeira de topo de gama e a criarem mais oportunidades de neg\u00f3cio.\" alt=\"O Secret\u00e1rio Lei Wai Nong referiu, no seu discurso, que o GLSTF desempenha ainda mais o papel de \u201cincentivo de exposi\u00e7\u00f5es via conven\u00e7\u00f5es\u201d e de \u201ccapta\u00e7\u00e3o de investimentos atrav\u00e9s de exposi\u00e7\u00f5es\u201d, levando os comerciantes internacionais a concentrarem-se na procura de produtos de madeira de topo de gama e a criarem mais oportunidades de neg\u00f3cio.\" width=\"1024\"><br \/>\n                <\/a><\/p>\n<p class=\"wp-caption-text\">O Secret\u00e1rio Lei Wai Nong referiu, no seu discurso, que o GLSTF desempenha ainda mais o papel de \u201cincentivo de exposi\u00e7\u00f5es via conven\u00e7\u00f5es\u201d e de \u201ccapta\u00e7\u00e3o de investimentos atrav\u00e9s de exposi\u00e7\u00f5es\u201d, levando os comerciantes internacionais a concentrarem-se na procura de produtos de madeira de topo de gama e a criarem mais oportunidades de neg\u00f3cio.<\/p>\n<\/p><\/div>\n<div class=\"wp-caption alignnone\">\n                <a href=\"https:\/\/cdn.gcs.gov.mo\/api\/resource\/ibs\/P24IKe5i9M\" data-component=\"Popup\" data-fancybox=\"gallery\" data-caption=\"A Directora Executiva da Organiza\u00e7\u00e3o Internacional de Madeiras Tropicais (ITTO), Sheam Satkuru, apelou, num discurso apresentado em v\u00eddeo, a que os v\u00e1rios sectores apoiassem a constru\u00e7\u00e3o e a melhoria da cadeia global de abastecimento sustent\u00e1vel da ind\u00fastria da madeira.\" data-type=\"image\"><br \/>\n                <img decoding=\"async\" class=\"size-large\" src=\"https:\/\/cdn.gcs.gov.mo\/api\/resource\/ibs\/P24IKe5i9M\" title=\"A Directora Executiva da Organiza\u00e7\u00e3o Internacional de Madeiras Tropicais (ITTO), Sheam Satkuru, apelou, num discurso apresentado em v\u00eddeo, a que os v\u00e1rios sectores apoiassem a constru\u00e7\u00e3o e a melhoria da cadeia global de abastecimento sustent\u00e1vel da ind\u00fastria da madeira.\" alt=\"A Directora Executiva da Organiza\u00e7\u00e3o Internacional de Madeiras Tropicais (ITTO), Sheam Satkuru, apelou, num discurso apresentado em v\u00eddeo, a que os v\u00e1rios sectores apoiassem a constru\u00e7\u00e3o e a melhoria da cadeia global de abastecimento sustent\u00e1vel da ind\u00fastria da madeira.\" width=\"1024\"><br \/>\n                <\/a><\/p>\n<p class=\"wp-caption-text\">A Directora Executiva da Organiza\u00e7\u00e3o Internacional de Madeiras Tropicais (ITTO), Sheam Satkuru, apelou, num discurso apresentado em v\u00eddeo, a que os v\u00e1rios sectores apoiassem a constru\u00e7\u00e3o e a melhoria da cadeia global de abastecimento sustent\u00e1vel da ind\u00fastria da madeira.<\/p>\n<\/p><\/div>\n<div class=\"wp-caption alignnone\">\n                <a href=\"https:\/\/cdn.gcs.gov.mo\/api\/resource\/ibs\/P24IKbAdNJ\" data-component=\"Popup\" data-fancybox=\"gallery\" data-caption=\"Di\u00e1logo de Alto N\u00edvel: \u201cTrabalhar em Conjunto para Construir uma Cadeia de Abastecimento Mundial de Madeira Confi\u00e1vel e Eficiente\u201d.\" data-type=\"image\"><br \/>\n                <img decoding=\"async\" class=\"size-large\" src=\"https:\/\/cdn.gcs.gov.mo\/api\/resource\/ibs\/P24IKbAdNJ\" title=\"Di\u00e1logo de Alto N\u00edvel: \u201cTrabalhar em Conjunto para Construir uma Cadeia de Abastecimento Mundial de Madeira Confi\u00e1vel e Eficiente\u201d.\" alt=\"Di\u00e1logo de Alto N\u00edvel: \u201cTrabalhar em Conjunto para Construir uma Cadeia de Abastecimento Mundial de Madeira Confi\u00e1vel e Eficiente\u201d.\" width=\"1024\"><br \/>\n                <\/a><\/p>\n<p class=\"wp-caption-text\">Di\u00e1logo de Alto N\u00edvel: \u201cTrabalhar em Conjunto para Construir uma Cadeia de Abastecimento Mundial de Madeira Confi\u00e1vel e Eficiente\u201d.<\/p>\n<\/p><\/div>\n<div class=\"wp-caption alignnone\">\n                <a href=\"https:\/\/cdn.gcs.gov.mo\/api\/resource\/ibs\/P24IKQQ7ew\" data-component=\"Popup\" data-fancybox=\"gallery\" data-caption=\"Os participantes do F\u00f3rum Global de Madeira Legal e Sustent\u00e1vel 2024 exploram, em conjunto, oportunidades de neg\u00f3cio do desenvolvimento da ind\u00fastria internacional da madeira.\" data-type=\"image\"><br \/>\n                <img decoding=\"async\" class=\"size-large\" src=\"https:\/\/cdn.gcs.gov.mo\/api\/resource\/ibs\/P24IKQQ7ew\" title=\"Os participantes do F\u00f3rum Global de Madeira Legal e Sustent\u00e1vel 2024 exploram, em conjunto, oportunidades de neg\u00f3cio do desenvolvimento da ind\u00fastria internacional da madeira.\" alt=\"Os participantes do F\u00f3rum Global de Madeira Legal e Sustent\u00e1vel 2024 exploram, em conjunto, oportunidades de neg\u00f3cio do desenvolvimento da ind\u00fastria internacional da madeira.\" width=\"1024\"><br \/>\n                <\/a><\/p>\n<p class=\"wp-caption-text\">Os participantes do F\u00f3rum Global de Madeira Legal e Sustent\u00e1vel 2024 exploram, em conjunto, oportunidades de neg\u00f3cio do desenvolvimento da ind\u00fastria internacional da madeira.<\/p>\n<\/p><\/div>\n<div class=\"wp-caption alignnone\">\n                <a href=\"https:\/\/cdn.gcs.gov.mo\/api\/resource\/ibs\/P24IKfhzDb\" data-component=\"Popup\" data-fancybox=\"gallery\" data-caption=\"Publica\u00e7\u00e3o dos resultados de investiga\u00e7\u00e3o: funcionamento oficial da plataforma do \u00cdndice Global da Madeira (GTI).\" data-type=\"image\"><br \/>\n                <img decoding=\"async\" class=\"size-large\" src=\"https:\/\/cdn.gcs.gov.mo\/api\/resource\/ibs\/P24IKfhzDb\" title=\"Publica\u00e7\u00e3o dos resultados de investiga\u00e7\u00e3o: funcionamento oficial da plataforma do \u00cdndice Global da Madeira (GTI).\" alt=\"Publica\u00e7\u00e3o dos resultados de investiga\u00e7\u00e3o: funcionamento oficial da plataforma do \u00cdndice Global da Madeira (GTI).\" width=\"1024\"><br \/>\n                <\/a><\/p>\n<p class=\"wp-caption-text\">Publica\u00e7\u00e3o dos resultados de investiga\u00e7\u00e3o: funcionamento oficial da plataforma do \u00cdndice Global da Madeira (GTI).<\/p>\n<\/p><\/div>\n<div class=\"wp-caption alignnone\">\n                <a href=\"https:\/\/cdn.gcs.gov.mo\/api\/resource\/ibs\/P24IKrxK4Z\" data-component=\"Popup\" data-fancybox=\"gallery\" data-caption=\"Foram assinados planos de ac\u00e7\u00e3o de colabora\u00e7\u00e3o transnacional, durante o GLSTF.\" data-type=\"image\"><br \/>\n                <img decoding=\"async\" class=\"size-large\" src=\"https:\/\/cdn.gcs.gov.mo\/api\/resource\/ibs\/P24IKrxK4Z\" title=\"Foram assinados planos de ac\u00e7\u00e3o de colabora\u00e7\u00e3o transnacional, durante o GLSTF.\" alt=\"Foram assinados planos de ac\u00e7\u00e3o de colabora\u00e7\u00e3o transnacional, durante o GLSTF.\" width=\"1024\"><br \/>\n                <\/a><\/p>\n<p class=\"wp-caption-text\">Foram assinados planos de ac\u00e7\u00e3o de colabora\u00e7\u00e3o transnacional, durante o GLSTF.<\/p>\n<\/p><\/div>\n","protected":false},"excerpt":{"rendered":"<p>Arranca hoje (dia 11), em Macau, o F&oacute;rum Global de Madeira Legal e Sustent&aacute;vel 2024 (GLSTF2024), subordinado ao tema \u201cTrabalhar em Conjunto para Construir uma [&hellip;]<\/p>\n","protected":false},"author":1,"featured_media":467868,"comment_status":"closed","ping_status":"closed","sticky":false,"template":"","format":"standard","meta":{"_acf_changed":false,"inline_featured_image":false,"advgb_blocks_editor_width":"","advgb_blocks_columns_visual_guide":"","footnotes":""},"categories":[12],"tags":[],"class_list":["post-475221","post","type-post","status-publish","format-standard","has-post-thumbnail","hentry","category-noticias-do-ipim"],"acf":[],"yoast_head":"<!-- This site is optimized with the Yoast SEO plugin v26.2 - https:\/\/yoast.com\/wordpress\/plugins\/seo\/ -->\r\n<title>[2024\/09\/11] Desempenho das vantagens da plataforma para explorar oportunidades de neg\u00f3cios internacionais Arranca hoje (dia 11) o GLSTF2024 em Macau | Commerce and Investment Promotion Institute<\/title>\r\n<meta name=\"robots\" content=\"index, follow, max-snippet:-1, max-image-preview:large, max-video-preview:-1\" \/>\r\n<link rel=\"canonical\" href=\"https:\/\/www.ipim.gov.mo\/pt-pt\/noticias-do-ipim\/2024-09-13-desempenho-das-vantagens-da-plataforma-para-explorar-oportunidades-de-negocios-internacionais-arranca-hoje-dia-11-o-glstf2024-em-macau\/\" \/>\r\n<meta property=\"og:locale\" content=\"pt_PT\" \/>\r\n<meta property=\"og:type\" content=\"article\" \/>\r\n<meta property=\"og:title\" content=\"[2024\/09\/11] Desempenho das vantagens da plataforma para explorar oportunidades de neg\u00f3cios internacionais Arranca hoje (dia 11) o GLSTF2024 em Macau | Commerce and Investment Promotion Institute\" \/>\r\n<meta property=\"og:description\" content=\"Arranca hoje (dia 11), em Macau, o F&oacute;rum Global de Madeira Legal e Sustent&aacute;vel 2024 (GLSTF2024), subordinado ao tema \u201cTrabalhar em Conjunto para Construir uma [&hellip;]\" \/>\r\n<meta property=\"og:url\" content=\"https:\/\/www.ipim.gov.mo\/pt-pt\/noticias-do-ipim\/2024-09-13-desempenho-das-vantagens-da-plataforma-para-explorar-oportunidades-de-negocios-internacionais-arranca-hoje-dia-11-o-glstf2024-em-macau\/\" \/>\r\n<meta property=\"og:site_name\" content=\"Commerce and Investment Promotion Institute\" \/>\r\n<meta property=\"article:published_time\" content=\"2024-09-11T10:37:00+00:00\" \/>\r\n<meta property=\"og:image\" content=\"https:\/\/www.ipim.gov.mo\/wp-content\/uploads\/2024\/07\/ipim-post-default.jpg\" \/>\r\n\t<meta property=\"og:image:width\" content=\"1024\" \/>\r\n\t<meta property=\"og:image:height\" content=\"768\" \/>\r\n\t<meta property=\"og:image:type\" content=\"image\/jpeg\" \/>\r\n<meta name=\"author\" content=\"admin\" \/>\r\n<meta name=\"twitter:card\" content=\"summary_large_image\" \/>\r\n<meta name=\"twitter:label1\" content=\"Written by\" \/>\n\t<meta name=\"twitter:data1\" content=\"admin\" \/>\n\t<meta name=\"twitter:label2\" content=\"Est. reading time\" \/>\n\t<meta name=\"twitter:data2\" content=\"7 minutes\" \/>\r\n<script type=\"application\/ld+json\" class=\"yoast-schema-graph\">{\"@context\":\"https:\/\/schema.org\",\"@graph\":[{\"@type\":\"WebPage\",\"@id\":\"https:\/\/www.ipim.gov.mo\/pt-pt\/noticias-do-ipim\/2024-09-13-desempenho-das-vantagens-da-plataforma-para-explorar-oportunidades-de-negocios-internacionais-arranca-hoje-dia-11-o-glstf2024-em-macau\/\",\"url\":\"https:\/\/www.ipim.gov.mo\/pt-pt\/noticias-do-ipim\/2024-09-13-desempenho-das-vantagens-da-plataforma-para-explorar-oportunidades-de-negocios-internacionais-arranca-hoje-dia-11-o-glstf2024-em-macau\/\",\"name\":\"[2024\/09\/11] Desempenho das vantagens da plataforma para explorar oportunidades de neg\u00f3cios internacionais Arranca hoje (dia 11) o GLSTF2024 em Macau | Commerce and Investment Promotion Institute\",\"isPartOf\":{\"@id\":\"https:\/\/www.ipim.gov.mo\/zh-hans\/#website\"},\"primaryImageOfPage\":{\"@id\":\"https:\/\/www.ipim.gov.mo\/pt-pt\/noticias-do-ipim\/2024-09-13-desempenho-das-vantagens-da-plataforma-para-explorar-oportunidades-de-negocios-internacionais-arranca-hoje-dia-11-o-glstf2024-em-macau\/#primaryimage\"},\"image\":{\"@id\":\"https:\/\/www.ipim.gov.mo\/pt-pt\/noticias-do-ipim\/2024-09-13-desempenho-das-vantagens-da-plataforma-para-explorar-oportunidades-de-negocios-internacionais-arranca-hoje-dia-11-o-glstf2024-em-macau\/#primaryimage\"},\"thumbnailUrl\":\"https:\/\/www.ipim.gov.mo\/wp-content\/uploads\/2024\/07\/ipim-post-default.jpg\",\"datePublished\":\"2024-09-11T10:37:00+00:00\",\"breadcrumb\":{\"@id\":\"https:\/\/www.ipim.gov.mo\/pt-pt\/noticias-do-ipim\/2024-09-13-desempenho-das-vantagens-da-plataforma-para-explorar-oportunidades-de-negocios-internacionais-arranca-hoje-dia-11-o-glstf2024-em-macau\/#breadcrumb\"},\"inLanguage\":\"pt-PT\",\"potentialAction\":[{\"@type\":\"ReadAction\",\"target\":[\"https:\/\/www.ipim.gov.mo\/pt-pt\/noticias-do-ipim\/2024-09-13-desempenho-das-vantagens-da-plataforma-para-explorar-oportunidades-de-negocios-internacionais-arranca-hoje-dia-11-o-glstf2024-em-macau\/\"]}]},{\"@type\":\"ImageObject\",\"inLanguage\":\"pt-PT\",\"@id\":\"https:\/\/www.ipim.gov.mo\/pt-pt\/noticias-do-ipim\/2024-09-13-desempenho-das-vantagens-da-plataforma-para-explorar-oportunidades-de-negocios-internacionais-arranca-hoje-dia-11-o-glstf2024-em-macau\/#primaryimage\",\"url\":\"https:\/\/www.ipim.gov.mo\/wp-content\/uploads\/2024\/07\/ipim-post-default.jpg\",\"contentUrl\":\"https:\/\/www.ipim.gov.mo\/wp-content\/uploads\/2024\/07\/ipim-post-default.jpg\",\"width\":1024,\"height\":768},{\"@type\":\"BreadcrumbList\",\"@id\":\"https:\/\/www.ipim.gov.mo\/pt-pt\/noticias-do-ipim\/2024-09-13-desempenho-das-vantagens-da-plataforma-para-explorar-oportunidades-de-negocios-internacionais-arranca-hoje-dia-11-o-glstf2024-em-macau\/#breadcrumb\",\"itemListElement\":[{\"@type\":\"ListItem\",\"position\":1,\"name\":\"Home\",\"item\":\"https:\/\/www.ipim.gov.mo\/pt-pt\/\"},{\"@type\":\"ListItem\",\"position\":2,\"name\":\"[2024\/09\/11] Desempenho das vantagens da plataforma para explorar oportunidades de neg\u00f3cios internacionais Arranca hoje (dia 11) o GLSTF2024 em Macau\"}]},{\"@type\":\"WebSite\",\"@id\":\"https:\/\/www.ipim.gov.mo\/zh-hans\/#website\",\"url\":\"https:\/\/www.ipim.gov.mo\/zh-hans\/\",\"name\":\"Commerce and Investment Promotion Institute\",\"description\":\"Commerce and Investment Promotion Institute\",\"publisher\":{\"@id\":\"https:\/\/www.ipim.gov.mo\/zh-hans\/#organization\"},\"potentialAction\":[{\"@type\":\"SearchAction\",\"target\":{\"@type\":\"EntryPoint\",\"urlTemplate\":\"https:\/\/www.ipim.gov.mo\/zh-hans\/?s={search_term_string}\"},\"query-input\":{\"@type\":\"PropertyValueSpecification\",\"valueRequired\":true,\"valueName\":\"search_term_string\"}}],\"inLanguage\":\"pt-PT\"},{\"@type\":\"Organization\",\"@id\":\"https:\/\/www.ipim.gov.mo\/zh-hans\/#organization\",\"name\":\"IPIM\",\"url\":\"https:\/\/www.ipim.gov.mo\/zh-hans\/\",\"logo\":{\"@type\":\"ImageObject\",\"inLanguage\":\"pt-PT\",\"@id\":\"https:\/\/www.ipim.gov.mo\/zh-hans\/#\/schema\/logo\/image\/\",\"url\":\"https:\/\/www.ipim.gov.mo\/wp-content\/uploads\/2022\/10\/default-post-thumbnail-ipim-logo.png\",\"contentUrl\":\"https:\/\/www.ipim.gov.mo\/wp-content\/uploads\/2022\/10\/default-post-thumbnail-ipim-logo.png\",\"width\":1024,\"height\":768,\"caption\":\"IPIM\"},\"image\":{\"@id\":\"https:\/\/www.ipim.gov.mo\/zh-hans\/#\/schema\/logo\/image\/\"}}]}<\/script>\r\n<!-- \/ Yoast SEO plugin. -->","yoast_head_json":{"title":"[2024\/09\/11] Desempenho das vantagens da plataforma para explorar oportunidades de neg\u00f3cios internacionais Arranca hoje (dia 11) o GLSTF2024 em Macau | Commerce and Investment Promotion Institute","robots":{"index":"index","follow":"follow","max-snippet":"max-snippet:-1","max-image-preview":"max-image-preview:large","max-video-preview":"max-video-preview:-1"},"canonical":"https:\/\/www.ipim.gov.mo\/pt-pt\/noticias-do-ipim\/2024-09-13-desempenho-das-vantagens-da-plataforma-para-explorar-oportunidades-de-negocios-internacionais-arranca-hoje-dia-11-o-glstf2024-em-macau\/","og_locale":"pt_PT","og_type":"article","og_title":"[2024\/09\/11] Desempenho das vantagens da plataforma para explorar oportunidades de neg\u00f3cios internacionais Arranca hoje (dia 11) o GLSTF2024 em Macau | Commerce and Investment Promotion Institute","og_description":"Arranca hoje (dia 11), em Macau, o F&oacute;rum Global de Madeira Legal e Sustent&aacute;vel 2024 (GLSTF2024), subordinado ao tema \u201cTrabalhar em Conjunto para Construir uma [&hellip;]","og_url":"https:\/\/www.ipim.gov.mo\/pt-pt\/noticias-do-ipim\/2024-09-13-desempenho-das-vantagens-da-plataforma-para-explorar-oportunidades-de-negocios-internacionais-arranca-hoje-dia-11-o-glstf2024-em-macau\/","og_site_name":"Commerce and Investment Promotion Institute","article_published_time":"2024-09-11T10:37:00+00:00","og_image":[{"width":1024,"height":768,"url":"https:\/\/www.ipim.gov.mo\/wp-content\/uploads\/2024\/07\/ipim-post-default.jpg","type":"image\/jpeg"}],"author":"admin","twitter_card":"summary_large_image","twitter_misc":{"Written by":"admin","Est. reading time":"7 minutes"},"schema":{"@context":"https:\/\/schema.org","@graph":[{"@type":"WebPage","@id":"https:\/\/www.ipim.gov.mo\/pt-pt\/noticias-do-ipim\/2024-09-13-desempenho-das-vantagens-da-plataforma-para-explorar-oportunidades-de-negocios-internacionais-arranca-hoje-dia-11-o-glstf2024-em-macau\/","url":"https:\/\/www.ipim.gov.mo\/pt-pt\/noticias-do-ipim\/2024-09-13-desempenho-das-vantagens-da-plataforma-para-explorar-oportunidades-de-negocios-internacionais-arranca-hoje-dia-11-o-glstf2024-em-macau\/","name":"[2024\/09\/11] Desempenho das vantagens da plataforma para explorar oportunidades de neg\u00f3cios internacionais Arranca hoje (dia 11) o GLSTF2024 em Macau | Commerce and Investment Promotion Institute","isPartOf":{"@id":"https:\/\/www.ipim.gov.mo\/zh-hans\/#website"},"primaryImageOfPage":{"@id":"https:\/\/www.ipim.gov.mo\/pt-pt\/noticias-do-ipim\/2024-09-13-desempenho-das-vantagens-da-plataforma-para-explorar-oportunidades-de-negocios-internacionais-arranca-hoje-dia-11-o-glstf2024-em-macau\/#primaryimage"},"image":{"@id":"https:\/\/www.ipim.gov.mo\/pt-pt\/noticias-do-ipim\/2024-09-13-desempenho-das-vantagens-da-plataforma-para-explorar-oportunidades-de-negocios-internacionais-arranca-hoje-dia-11-o-glstf2024-em-macau\/#primaryimage"},"thumbnailUrl":"https:\/\/www.ipim.gov.mo\/wp-content\/uploads\/2024\/07\/ipim-post-default.jpg","datePublished":"2024-09-11T10:37:00+00:00","breadcrumb":{"@id":"https:\/\/www.ipim.gov.mo\/pt-pt\/noticias-do-ipim\/2024-09-13-desempenho-das-vantagens-da-plataforma-para-explorar-oportunidades-de-negocios-internacionais-arranca-hoje-dia-11-o-glstf2024-em-macau\/#breadcrumb"},"inLanguage":"pt-PT","potentialAction":[{"@type":"ReadAction","target":["https:\/\/www.ipim.gov.mo\/pt-pt\/noticias-do-ipim\/2024-09-13-desempenho-das-vantagens-da-plataforma-para-explorar-oportunidades-de-negocios-internacionais-arranca-hoje-dia-11-o-glstf2024-em-macau\/"]}]},{"@type":"ImageObject","inLanguage":"pt-PT","@id":"https:\/\/www.ipim.gov.mo\/pt-pt\/noticias-do-ipim\/2024-09-13-desempenho-das-vantagens-da-plataforma-para-explorar-oportunidades-de-negocios-internacionais-arranca-hoje-dia-11-o-glstf2024-em-macau\/#primaryimage","url":"https:\/\/www.ipim.gov.mo\/wp-content\/uploads\/2024\/07\/ipim-post-default.jpg","contentUrl":"https:\/\/www.ipim.gov.mo\/wp-content\/uploads\/2024\/07\/ipim-post-default.jpg","width":1024,"height":768},{"@type":"BreadcrumbList","@id":"https:\/\/www.ipim.gov.mo\/pt-pt\/noticias-do-ipim\/2024-09-13-desempenho-das-vantagens-da-plataforma-para-explorar-oportunidades-de-negocios-internacionais-arranca-hoje-dia-11-o-glstf2024-em-macau\/#breadcrumb","itemListElement":[{"@type":"ListItem","position":1,"name":"Home","item":"https:\/\/www.ipim.gov.mo\/pt-pt\/"},{"@type":"ListItem","position":2,"name":"[2024\/09\/11] Desempenho das vantagens da plataforma para explorar oportunidades de neg\u00f3cios internacionais Arranca hoje (dia 11) o GLSTF2024 em Macau"}]},{"@type":"WebSite","@id":"https:\/\/www.ipim.gov.mo\/zh-hans\/#website","url":"https:\/\/www.ipim.gov.mo\/zh-hans\/","name":"Commerce and Investment Promotion Institute","description":"Commerce and Investment Promotion Institute","publisher":{"@id":"https:\/\/www.ipim.gov.mo\/zh-hans\/#organization"},"potentialAction":[{"@type":"SearchAction","target":{"@type":"EntryPoint","urlTemplate":"https:\/\/www.ipim.gov.mo\/zh-hans\/?s={search_term_string}"},"query-input":{"@type":"PropertyValueSpecification","valueRequired":true,"valueName":"search_term_string"}}],"inLanguage":"pt-PT"},{"@type":"Organization","@id":"https:\/\/www.ipim.gov.mo\/zh-hans\/#organization","name":"IPIM","url":"https:\/\/www.ipim.gov.mo\/zh-hans\/","logo":{"@type":"ImageObject","inLanguage":"pt-PT","@id":"https:\/\/www.ipim.gov.mo\/zh-hans\/#\/schema\/logo\/image\/","url":"https:\/\/www.ipim.gov.mo\/wp-content\/uploads\/2022\/10\/default-post-thumbnail-ipim-logo.png","contentUrl":"https:\/\/www.ipim.gov.mo\/wp-content\/uploads\/2022\/10\/default-post-thumbnail-ipim-logo.png","width":1024,"height":768,"caption":"IPIM"},"image":{"@id":"https:\/\/www.ipim.gov.mo\/zh-hans\/#\/schema\/logo\/image\/"}}]}},"author_meta":{"display_name":"admin","author_link":"https:\/\/www.ipim.gov.mo\/pt-pt\/author\/admin\/"},"featured_img":"https:\/\/www.ipim.gov.mo\/wp-content\/uploads\/2024\/07\/ipim-post-default-300x225.jpg","coauthors":[],"tax_additional":{"categories":{"linked":["<a href=\"https:\/\/www.ipim.gov.mo\/pt-pt\/category\/noticias-do-ipim\/\" class=\"advgb-post-tax-term\">Not\u00edcias do IPIM<\/a>"],"unlinked":["<span class=\"advgb-post-tax-term\">Not\u00edcias do IPIM<\/span>"]}},"comment_count":"0","relative_dates":{"created":"Posted 2 years ago","modified":"Updated 2 years ago"},"absolute_dates":{"created":"Posted on Setembro 11, 2024","modified":"Updated on Setembro 11, 2024"},"absolute_dates_time":{"created":"Posted on Setembro 11, 2024 6:37 pm","modified":"Updated on Setembro 11, 2024 6:37 pm"},"featured_img_caption":"","series_order":"","_links":{"self":[{"href":"https:\/\/www.ipim.gov.mo\/pt-pt\/wp-json\/wp\/v2\/posts\/475221","targetHints":{"allow":["GET"]}}],"collection":[{"href":"https:\/\/www.ipim.gov.mo\/pt-pt\/wp-json\/wp\/v2\/posts"}],"about":[{"href":"https:\/\/www.ipim.gov.mo\/pt-pt\/wp-json\/wp\/v2\/types\/post"}],"author":[{"embeddable":true,"href":"https:\/\/www.ipim.gov.mo\/pt-pt\/wp-json\/wp\/v2\/users\/1"}],"replies":[{"embeddable":true,"href":"https:\/\/www.ipim.gov.mo\/pt-pt\/wp-json\/wp\/v2\/comments?post=475221"}],"version-history":[{"count":0,"href":"https:\/\/www.ipim.gov.mo\/pt-pt\/wp-json\/wp\/v2\/posts\/475221\/revisions"}],"wp:featuredmedia":[{"embeddable":true,"href":"https:\/\/www.ipim.gov.mo\/pt-pt\/wp-json\/wp\/v2\/media\/467868"}],"wp:attachment":[{"href":"https:\/\/www.ipim.gov.mo\/pt-pt\/wp-json\/wp\/v2\/media?parent=475221"}],"wp:term":[{"taxonomy":"category","embeddable":true,"href":"https:\/\/www.ipim.gov.mo\/pt-pt\/wp-json\/wp\/v2\/categories?post=475221"},{"taxonomy":"post_tag","embeddable":true,"href":"https:\/\/www.ipim.gov.mo\/pt-pt\/wp-json\/wp\/v2\/tags?post=475221"}],"curies":[{"name":"wp","href":"https:\/\/api.w.org\/{rel}","templated":true}]}}