{"id":475219,"date":"2024-09-12T18:50:00","date_gmt":"2024-09-12T10:50:00","guid":{"rendered":"https:\/\/www.ipim.gov.mo\/noticias-do-ipim\/2024-09-13-resultados-frutiferos-de-cooperacao-internacional-forum-global-de-madeira-legal-e-sustentavel-2024-publica-cinco-resultados-de-cooperacao\/"},"modified":"2024-09-12T18:50:00","modified_gmt":"2024-09-12T10:50:00","slug":"2024-09-13-resultados-frutiferos-de-cooperacao-internacional-forum-global-de-madeira-legal-e-sustentavel-2024-publica-cinco-resultados-de-cooperacao","status":"publish","type":"post","link":"https:\/\/www.ipim.gov.mo\/pt-pt\/noticias-do-ipim\/2024-09-13-resultados-frutiferos-de-cooperacao-internacional-forum-global-de-madeira-legal-e-sustentavel-2024-publica-cinco-resultados-de-cooperacao\/","title":{"rendered":"[2024\/09\/12] Resultados frut\u00edferos de coopera\u00e7\u00e3o internacional : F\u00f3rum Global de Madeira Legal e Sustent\u00e1vel 2024 publica cinco resultados de coopera\u00e7\u00e3o"},"content":{"rendered":"<p style=\"text-align:justify\">Com a dura&ccedil;&atilde;o de dois dias, o F&oacute;rum Global de Madeira Legal e Sustent&aacute;vel 2024 (GLSTF2024) encerrou hoje (dia 12), com &ecirc;xito. Foram realizados uma cimeira de f&oacute;rum, quatro subf&oacute;runs especializados, v&aacute;rias reuni&otilde;es paralelas e sess&otilde;es de encontros comerciais, tendo atra&iacute;do a participa&ccedil;&atilde;o de cerca de 800 convidados, provenientes de mais de 40 pa&iacute;ses e regi&otilde;es. Durante o evento, foram publicados dois resultados de investiga&ccedil;&atilde;o e tr&ecirc;s planos de ac&ccedil;&atilde;o de colabora&ccedil;&atilde;o transnacional, com vista a promover a coopera&ccedil;&atilde;o internacional na cadeia de abastecimento de madeira legal e sustent&aacute;vel.<\/p>\n<p style=\"text-align:justify\">As entidades organizadoras e coordenadoras do GLSTF realizaram uma confer&ecirc;ncia de imprensa esta tarde, na qual o Director Executivo Interino da Organiza&ccedil;&atilde;o Internacional de Madeiras Tropicais (ITTO), Dr. Mohammed Nurudeen Iddrisu, o Presidente do Instituto de Promo&ccedil;&atilde;o do Com&eacute;rcio e do Investimento (IPIM), U U Sang, e a Secret&aacute;ria-Geral do Secretariado da Iniciativa <em>Global Green Supply Chain<\/em> (GGSC), Luo Xinjian, fizeram respectivamente apresenta&ccedil;&otilde;es de resumo sobre a execu&ccedil;&atilde;o e a efic&aacute;cia do evento.<\/p>\n<p style=\"text-align:justify\"><strong>Dois resultados de coopera&ccedil;&atilde;o e tr&ecirc;s planos de ac&ccedil;&atilde;o para impulsionar a participa&ccedil;&atilde;o de Macau na coopera&ccedil;&atilde;o internacional<\/strong><\/p>\n<p style=\"text-align:justify\">Durante o GLSTF deste ano, foram publicados v&aacute;rios resultados de coopera&ccedil;&atilde;o internacional e planos de ac&ccedil;&atilde;o de colabora&ccedil;&atilde;o transnacional, incluindo os resultados da investiga&ccedil;&atilde;o sobre o &Iacute;ndice Global da Madeira (Global Timber Index, GTI) e a tecnologia <em>blockchain<\/em>, que contaram com o apoio do IPIM e a participa&ccedil;&atilde;o das institui&ccedil;&otilde;es de ensino superior de Macau, bem como o Quadro de Ac&ccedil;&atilde;o para a Promo&ccedil;&atilde;o de Cadeias de Abastecimento de Madeira Legais e Sustent&aacute;veis, o Plano de Ac&ccedil;&atilde;o para a Integra&ccedil;&atilde;o de Finan&ccedil;as Verdes com Cadeias de Abastecimento Verdes (GF&amp;GS) e a Ac&ccedil;&atilde;o de Demonstra&ccedil;&atilde;o da Colabora&ccedil;&atilde;o entre a &Aacute;frica Central e a China em <em>Cluster <\/em>e Parques Industriais de Madeira, tr&ecirc;s projectos que receberam a participa&ccedil;&atilde;o activa das associa&ccedil;&otilde;es comerciais de Macau. Essas iniciativas inovadoras proporcionam recursos e plataformas internacionais para apoiar a participa&ccedil;&atilde;o de Macau em v&aacute;rios dom&iacute;nios, tais como a ind&uacute;stria, o ensino e a investiga&ccedil;&atilde;o.<\/p>\n<p style=\"text-align:justify\"><strong>Ricas actividades complementares para refor&ccedil;ar a correspond&ecirc;ncia entre a oferta e a procura, em prol da coopera&ccedil;&atilde;o de benef&iacute;cio m&uacute;tuo<\/strong><\/p>\n<p style=\"text-align:justify\">Durante o GLSTF, foram ainda realizadas diversas actividades, como v&aacute;rias sess&otilde;es de encontros comerciais e exposi&ccedil;&otilde;es. Alguns expositores estrangeiros referiram que obtiveram ganhos significativos com a participa&ccedil;&atilde;o nas exposi&ccedil;&otilde;es e nos encontros comerciais, tendo estabelecido com sucesso contactos iniciais com potenciais parceiros, durante o evento.<\/p>\n<p style=\"text-align:justify\">Com o objectivo de desempenhar a fun&ccedil;&atilde;o \u201cTurismo + Conven&ccedil;&otilde;es e Exposi&ccedil;&otilde;es\u201d, o evento organizou ainda actividades de visitas guiadas aos bairros comunit&aacute;rios, tendo coordenado mais de 30 participantes para visitarem as Ru&iacute;nas de S&atilde;o Paulo, o Largo do Senado, entre outras atrac&ccedil;&otilde;es tur&iacute;sticas famosas de Macau. Um participante do Peru afirmou que era a primeira vez que visitava Macau e que, atrav&eacute;s da participa&ccedil;&atilde;o na exposi&ccedil;&atilde;o, tinha tido a oportunidade de experimentar pessoalmente a cultura e a gastronomia de Macau, tendo adquirido um conhecimento mais profundo de Macau, pelo que espera voltar a visitar Macau com os seus amigos e familiares, no futuro.<\/p>\n<div class=\"wp-caption alignnone\">\n                <a href=\"https:\/\/cdn.gcs.gov.mo\/api\/resource\/ibs\/P24IL2YVPi\" data-component=\"Popup\" data-fancybox=\"gallery\" data-caption=\"Os representantes das entidades organizadoras e coordenadoras estiveram presentes na confer\u00eancia de imprensa do F\u00f3rum Global de Madeira Legal e Sustent\u00e1vel 2024.\" data-type=\"image\"><br \/>\n                <img decoding=\"async\" class=\"size-large\" src=\"https:\/\/cdn.gcs.gov.mo\/api\/resource\/ibs\/P24IL2YVPi\" title=\"Os representantes das entidades organizadoras e coordenadoras estiveram presentes na confer\u00eancia de imprensa do F\u00f3rum Global de Madeira Legal e Sustent\u00e1vel 2024.\" alt=\"Os representantes das entidades organizadoras e coordenadoras estiveram presentes na confer\u00eancia de imprensa do F\u00f3rum Global de Madeira Legal e Sustent\u00e1vel 2024.\" width=\"1024\"><br \/>\n                <\/a><\/p>\n<p class=\"wp-caption-text\">Os representantes das entidades organizadoras e coordenadoras estiveram presentes na confer\u00eancia de imprensa do F\u00f3rum Global de Madeira Legal e Sustent\u00e1vel 2024.<\/p>\n<\/p><\/div>\n<div class=\"wp-caption alignnone\">\n                <a href=\"https:\/\/cdn.gcs.gov.mo\/api\/resource\/ibs\/P24ILcJZmL\" data-component=\"Popup\" data-fancybox=\"gallery\" data-caption=\"O F\u00f3rum Global de Madeira Legal e Sustent\u00e1vel 2024 centra-se nos temas mais discutidos da ind\u00fastria.\" data-type=\"image\"><br \/>\n                <img decoding=\"async\" class=\"size-large\" src=\"https:\/\/cdn.gcs.gov.mo\/api\/resource\/ibs\/P24ILcJZmL\" title=\"O F\u00f3rum Global de Madeira Legal e Sustent\u00e1vel 2024 centra-se nos temas mais discutidos da ind\u00fastria.\" alt=\"O F\u00f3rum Global de Madeira Legal e Sustent\u00e1vel 2024 centra-se nos temas mais discutidos da ind\u00fastria.\" width=\"1024\"><br \/>\n                <\/a><\/p>\n<p class=\"wp-caption-text\">O F\u00f3rum Global de Madeira Legal e Sustent\u00e1vel 2024 centra-se nos temas mais discutidos da ind\u00fastria.<\/p>\n<\/p><\/div>\n<div class=\"wp-caption alignnone\">\n                <a href=\"https:\/\/cdn.gcs.gov.mo\/api\/resource\/ibs\/P24ILVZzN4\" data-component=\"Popup\" data-fancybox=\"gallery\" data-caption=\"V\u00e1rias sess\u00f5es de encontros comerciais foram realizadas durante o GLSTF, para construir uma plataforma de coopera\u00e7\u00e3o internacional.\" data-type=\"image\"><br \/>\n                <img decoding=\"async\" class=\"size-large\" src=\"https:\/\/cdn.gcs.gov.mo\/api\/resource\/ibs\/P24ILVZzN4\" title=\"V\u00e1rias sess\u00f5es de encontros comerciais foram realizadas durante o GLSTF, para construir uma plataforma de coopera\u00e7\u00e3o internacional.\" alt=\"V\u00e1rias sess\u00f5es de encontros comerciais foram realizadas durante o GLSTF, para construir uma plataforma de coopera\u00e7\u00e3o internacional.\" width=\"1024\"><br \/>\n                <\/a><\/p>\n<p class=\"wp-caption-text\">V\u00e1rias sess\u00f5es de encontros comerciais foram realizadas durante o GLSTF, para construir uma plataforma de coopera\u00e7\u00e3o internacional.<\/p>\n<\/p><\/div>\n<div class=\"wp-caption alignnone\">\n                <a href=\"https:\/\/cdn.gcs.gov.mo\/api\/resource\/ibs\/P24ILyfmj1\" data-component=\"Popup\" data-fancybox=\"gallery\" data-caption=\"As visitas guiadas aos bairros comunit\u00e1rios levaram os participantes a experimentarem a atmosfera cultural e tur\u00edstica de Macau e a consumirem nesses locais.\" data-type=\"image\"><br \/>\n                <img decoding=\"async\" class=\"size-large\" src=\"https:\/\/cdn.gcs.gov.mo\/api\/resource\/ibs\/P24ILyfmj1\" title=\"As visitas guiadas aos bairros comunit\u00e1rios levaram os participantes a experimentarem a atmosfera cultural e tur\u00edstica de Macau e a consumirem nesses locais.\" alt=\"As visitas guiadas aos bairros comunit\u00e1rios levaram os participantes a experimentarem a atmosfera cultural e tur\u00edstica de Macau e a consumirem nesses locais.\" width=\"1024\"><br \/>\n                <\/a><\/p>\n<p class=\"wp-caption-text\">As visitas guiadas aos bairros comunit\u00e1rios levaram os participantes a experimentarem a atmosfera cultural e tur\u00edstica de Macau e a consumirem nesses locais.<\/p>\n<\/p><\/div>\n","protected":false},"excerpt":{"rendered":"<p>Com a dura&ccedil;&atilde;o de dois dias, o F&oacute;rum Global de Madeira Legal e Sustent&aacute;vel 2024 (GLSTF2024) encerrou hoje (dia 12), com &ecirc;xito. Foram realizados uma [&hellip;]<\/p>\n","protected":false},"author":1,"featured_media":467868,"comment_status":"closed","ping_status":"closed","sticky":false,"template":"","format":"standard","meta":{"_acf_changed":false,"inline_featured_image":false,"advgb_blocks_editor_width":"","advgb_blocks_columns_visual_guide":"","footnotes":""},"categories":[12],"tags":[],"class_list":["post-475219","post","type-post","status-publish","format-standard","has-post-thumbnail","hentry","category-noticias-do-ipim"],"acf":[],"yoast_head":"<!-- This site is optimized with the Yoast SEO plugin v26.2 - https:\/\/yoast.com\/wordpress\/plugins\/seo\/ -->\r\n<title>[2024\/09\/12] Resultados frut\u00edferos de coopera\u00e7\u00e3o internacional : F\u00f3rum Global de Madeira Legal e Sustent\u00e1vel 2024 publica cinco resultados de coopera\u00e7\u00e3o | Commerce and Investment Promotion Institute<\/title>\r\n<meta name=\"robots\" content=\"index, follow, max-snippet:-1, max-image-preview:large, max-video-preview:-1\" \/>\r\n<link rel=\"canonical\" href=\"https:\/\/www.ipim.gov.mo\/pt-pt\/noticias-do-ipim\/2024-09-13-resultados-frutiferos-de-cooperacao-internacional-forum-global-de-madeira-legal-e-sustentavel-2024-publica-cinco-resultados-de-cooperacao\/\" \/>\r\n<meta property=\"og:locale\" content=\"pt_PT\" \/>\r\n<meta property=\"og:type\" content=\"article\" \/>\r\n<meta property=\"og:title\" content=\"[2024\/09\/12] Resultados frut\u00edferos de coopera\u00e7\u00e3o internacional : F\u00f3rum Global de Madeira Legal e Sustent\u00e1vel 2024 publica cinco resultados de coopera\u00e7\u00e3o | Commerce and Investment Promotion Institute\" \/>\r\n<meta property=\"og:description\" content=\"Com a dura&ccedil;&atilde;o de dois dias, o F&oacute;rum Global de Madeira Legal e Sustent&aacute;vel 2024 (GLSTF2024) encerrou hoje (dia 12), com &ecirc;xito. Foram realizados uma [&hellip;]\" \/>\r\n<meta property=\"og:url\" content=\"https:\/\/www.ipim.gov.mo\/pt-pt\/noticias-do-ipim\/2024-09-13-resultados-frutiferos-de-cooperacao-internacional-forum-global-de-madeira-legal-e-sustentavel-2024-publica-cinco-resultados-de-cooperacao\/\" \/>\r\n<meta property=\"og:site_name\" content=\"Commerce and Investment Promotion Institute\" \/>\r\n<meta property=\"article:published_time\" content=\"2024-09-12T10:50:00+00:00\" \/>\r\n<meta property=\"og:image\" content=\"https:\/\/www.ipim.gov.mo\/wp-content\/uploads\/2024\/07\/ipim-post-default.jpg\" \/>\r\n\t<meta property=\"og:image:width\" content=\"1024\" \/>\r\n\t<meta property=\"og:image:height\" content=\"768\" \/>\r\n\t<meta property=\"og:image:type\" content=\"image\/jpeg\" \/>\r\n<meta name=\"author\" content=\"admin\" \/>\r\n<meta name=\"twitter:card\" content=\"summary_large_image\" \/>\r\n<meta name=\"twitter:label1\" content=\"Written by\" \/>\n\t<meta name=\"twitter:data1\" content=\"admin\" \/>\n\t<meta name=\"twitter:label2\" content=\"Est. reading time\" \/>\n\t<meta name=\"twitter:data2\" content=\"4 minutes\" \/>\r\n<script type=\"application\/ld+json\" class=\"yoast-schema-graph\">{\"@context\":\"https:\/\/schema.org\",\"@graph\":[{\"@type\":\"WebPage\",\"@id\":\"https:\/\/www.ipim.gov.mo\/pt-pt\/noticias-do-ipim\/2024-09-13-resultados-frutiferos-de-cooperacao-internacional-forum-global-de-madeira-legal-e-sustentavel-2024-publica-cinco-resultados-de-cooperacao\/\",\"url\":\"https:\/\/www.ipim.gov.mo\/pt-pt\/noticias-do-ipim\/2024-09-13-resultados-frutiferos-de-cooperacao-internacional-forum-global-de-madeira-legal-e-sustentavel-2024-publica-cinco-resultados-de-cooperacao\/\",\"name\":\"[2024\/09\/12] Resultados frut\u00edferos de coopera\u00e7\u00e3o internacional : F\u00f3rum Global de Madeira Legal e Sustent\u00e1vel 2024 publica cinco resultados de coopera\u00e7\u00e3o | Commerce and Investment Promotion Institute\",\"isPartOf\":{\"@id\":\"https:\/\/www.ipim.gov.mo\/zh-hans\/#website\"},\"primaryImageOfPage\":{\"@id\":\"https:\/\/www.ipim.gov.mo\/pt-pt\/noticias-do-ipim\/2024-09-13-resultados-frutiferos-de-cooperacao-internacional-forum-global-de-madeira-legal-e-sustentavel-2024-publica-cinco-resultados-de-cooperacao\/#primaryimage\"},\"image\":{\"@id\":\"https:\/\/www.ipim.gov.mo\/pt-pt\/noticias-do-ipim\/2024-09-13-resultados-frutiferos-de-cooperacao-internacional-forum-global-de-madeira-legal-e-sustentavel-2024-publica-cinco-resultados-de-cooperacao\/#primaryimage\"},\"thumbnailUrl\":\"https:\/\/www.ipim.gov.mo\/wp-content\/uploads\/2024\/07\/ipim-post-default.jpg\",\"datePublished\":\"2024-09-12T10:50:00+00:00\",\"breadcrumb\":{\"@id\":\"https:\/\/www.ipim.gov.mo\/pt-pt\/noticias-do-ipim\/2024-09-13-resultados-frutiferos-de-cooperacao-internacional-forum-global-de-madeira-legal-e-sustentavel-2024-publica-cinco-resultados-de-cooperacao\/#breadcrumb\"},\"inLanguage\":\"pt-PT\",\"potentialAction\":[{\"@type\":\"ReadAction\",\"target\":[\"https:\/\/www.ipim.gov.mo\/pt-pt\/noticias-do-ipim\/2024-09-13-resultados-frutiferos-de-cooperacao-internacional-forum-global-de-madeira-legal-e-sustentavel-2024-publica-cinco-resultados-de-cooperacao\/\"]}]},{\"@type\":\"ImageObject\",\"inLanguage\":\"pt-PT\",\"@id\":\"https:\/\/www.ipim.gov.mo\/pt-pt\/noticias-do-ipim\/2024-09-13-resultados-frutiferos-de-cooperacao-internacional-forum-global-de-madeira-legal-e-sustentavel-2024-publica-cinco-resultados-de-cooperacao\/#primaryimage\",\"url\":\"https:\/\/www.ipim.gov.mo\/wp-content\/uploads\/2024\/07\/ipim-post-default.jpg\",\"contentUrl\":\"https:\/\/www.ipim.gov.mo\/wp-content\/uploads\/2024\/07\/ipim-post-default.jpg\",\"width\":1024,\"height\":768},{\"@type\":\"BreadcrumbList\",\"@id\":\"https:\/\/www.ipim.gov.mo\/pt-pt\/noticias-do-ipim\/2024-09-13-resultados-frutiferos-de-cooperacao-internacional-forum-global-de-madeira-legal-e-sustentavel-2024-publica-cinco-resultados-de-cooperacao\/#breadcrumb\",\"itemListElement\":[{\"@type\":\"ListItem\",\"position\":1,\"name\":\"Home\",\"item\":\"https:\/\/www.ipim.gov.mo\/pt-pt\/\"},{\"@type\":\"ListItem\",\"position\":2,\"name\":\"[2024\/09\/12] Resultados frut\u00edferos de coopera\u00e7\u00e3o internacional : F\u00f3rum Global de Madeira Legal e Sustent\u00e1vel 2024 publica cinco resultados de coopera\u00e7\u00e3o\"}]},{\"@type\":\"WebSite\",\"@id\":\"https:\/\/www.ipim.gov.mo\/zh-hans\/#website\",\"url\":\"https:\/\/www.ipim.gov.mo\/zh-hans\/\",\"name\":\"Commerce and Investment Promotion Institute\",\"description\":\"Commerce and Investment Promotion Institute\",\"publisher\":{\"@id\":\"https:\/\/www.ipim.gov.mo\/zh-hans\/#organization\"},\"potentialAction\":[{\"@type\":\"SearchAction\",\"target\":{\"@type\":\"EntryPoint\",\"urlTemplate\":\"https:\/\/www.ipim.gov.mo\/zh-hans\/?s={search_term_string}\"},\"query-input\":{\"@type\":\"PropertyValueSpecification\",\"valueRequired\":true,\"valueName\":\"search_term_string\"}}],\"inLanguage\":\"pt-PT\"},{\"@type\":\"Organization\",\"@id\":\"https:\/\/www.ipim.gov.mo\/zh-hans\/#organization\",\"name\":\"IPIM\",\"url\":\"https:\/\/www.ipim.gov.mo\/zh-hans\/\",\"logo\":{\"@type\":\"ImageObject\",\"inLanguage\":\"pt-PT\",\"@id\":\"https:\/\/www.ipim.gov.mo\/zh-hans\/#\/schema\/logo\/image\/\",\"url\":\"https:\/\/www.ipim.gov.mo\/wp-content\/uploads\/2022\/10\/default-post-thumbnail-ipim-logo.png\",\"contentUrl\":\"https:\/\/www.ipim.gov.mo\/wp-content\/uploads\/2022\/10\/default-post-thumbnail-ipim-logo.png\",\"width\":1024,\"height\":768,\"caption\":\"IPIM\"},\"image\":{\"@id\":\"https:\/\/www.ipim.gov.mo\/zh-hans\/#\/schema\/logo\/image\/\"}}]}<\/script>\r\n<!-- \/ Yoast SEO plugin. -->","yoast_head_json":{"title":"[2024\/09\/12] Resultados frut\u00edferos de coopera\u00e7\u00e3o internacional : F\u00f3rum Global de Madeira Legal e Sustent\u00e1vel 2024 publica cinco resultados de coopera\u00e7\u00e3o | Commerce and Investment Promotion Institute","robots":{"index":"index","follow":"follow","max-snippet":"max-snippet:-1","max-image-preview":"max-image-preview:large","max-video-preview":"max-video-preview:-1"},"canonical":"https:\/\/www.ipim.gov.mo\/pt-pt\/noticias-do-ipim\/2024-09-13-resultados-frutiferos-de-cooperacao-internacional-forum-global-de-madeira-legal-e-sustentavel-2024-publica-cinco-resultados-de-cooperacao\/","og_locale":"pt_PT","og_type":"article","og_title":"[2024\/09\/12] Resultados frut\u00edferos de coopera\u00e7\u00e3o internacional : F\u00f3rum Global de Madeira Legal e Sustent\u00e1vel 2024 publica cinco resultados de coopera\u00e7\u00e3o | Commerce and Investment Promotion Institute","og_description":"Com a dura&ccedil;&atilde;o de dois dias, o F&oacute;rum Global de Madeira Legal e Sustent&aacute;vel 2024 (GLSTF2024) encerrou hoje (dia 12), com &ecirc;xito. Foram realizados uma [&hellip;]","og_url":"https:\/\/www.ipim.gov.mo\/pt-pt\/noticias-do-ipim\/2024-09-13-resultados-frutiferos-de-cooperacao-internacional-forum-global-de-madeira-legal-e-sustentavel-2024-publica-cinco-resultados-de-cooperacao\/","og_site_name":"Commerce and Investment Promotion Institute","article_published_time":"2024-09-12T10:50:00+00:00","og_image":[{"width":1024,"height":768,"url":"https:\/\/www.ipim.gov.mo\/wp-content\/uploads\/2024\/07\/ipim-post-default.jpg","type":"image\/jpeg"}],"author":"admin","twitter_card":"summary_large_image","twitter_misc":{"Written by":"admin","Est. reading time":"4 minutes"},"schema":{"@context":"https:\/\/schema.org","@graph":[{"@type":"WebPage","@id":"https:\/\/www.ipim.gov.mo\/pt-pt\/noticias-do-ipim\/2024-09-13-resultados-frutiferos-de-cooperacao-internacional-forum-global-de-madeira-legal-e-sustentavel-2024-publica-cinco-resultados-de-cooperacao\/","url":"https:\/\/www.ipim.gov.mo\/pt-pt\/noticias-do-ipim\/2024-09-13-resultados-frutiferos-de-cooperacao-internacional-forum-global-de-madeira-legal-e-sustentavel-2024-publica-cinco-resultados-de-cooperacao\/","name":"[2024\/09\/12] Resultados frut\u00edferos de coopera\u00e7\u00e3o internacional : F\u00f3rum Global de Madeira Legal e Sustent\u00e1vel 2024 publica cinco resultados de coopera\u00e7\u00e3o | Commerce and Investment Promotion Institute","isPartOf":{"@id":"https:\/\/www.ipim.gov.mo\/zh-hans\/#website"},"primaryImageOfPage":{"@id":"https:\/\/www.ipim.gov.mo\/pt-pt\/noticias-do-ipim\/2024-09-13-resultados-frutiferos-de-cooperacao-internacional-forum-global-de-madeira-legal-e-sustentavel-2024-publica-cinco-resultados-de-cooperacao\/#primaryimage"},"image":{"@id":"https:\/\/www.ipim.gov.mo\/pt-pt\/noticias-do-ipim\/2024-09-13-resultados-frutiferos-de-cooperacao-internacional-forum-global-de-madeira-legal-e-sustentavel-2024-publica-cinco-resultados-de-cooperacao\/#primaryimage"},"thumbnailUrl":"https:\/\/www.ipim.gov.mo\/wp-content\/uploads\/2024\/07\/ipim-post-default.jpg","datePublished":"2024-09-12T10:50:00+00:00","breadcrumb":{"@id":"https:\/\/www.ipim.gov.mo\/pt-pt\/noticias-do-ipim\/2024-09-13-resultados-frutiferos-de-cooperacao-internacional-forum-global-de-madeira-legal-e-sustentavel-2024-publica-cinco-resultados-de-cooperacao\/#breadcrumb"},"inLanguage":"pt-PT","potentialAction":[{"@type":"ReadAction","target":["https:\/\/www.ipim.gov.mo\/pt-pt\/noticias-do-ipim\/2024-09-13-resultados-frutiferos-de-cooperacao-internacional-forum-global-de-madeira-legal-e-sustentavel-2024-publica-cinco-resultados-de-cooperacao\/"]}]},{"@type":"ImageObject","inLanguage":"pt-PT","@id":"https:\/\/www.ipim.gov.mo\/pt-pt\/noticias-do-ipim\/2024-09-13-resultados-frutiferos-de-cooperacao-internacional-forum-global-de-madeira-legal-e-sustentavel-2024-publica-cinco-resultados-de-cooperacao\/#primaryimage","url":"https:\/\/www.ipim.gov.mo\/wp-content\/uploads\/2024\/07\/ipim-post-default.jpg","contentUrl":"https:\/\/www.ipim.gov.mo\/wp-content\/uploads\/2024\/07\/ipim-post-default.jpg","width":1024,"height":768},{"@type":"BreadcrumbList","@id":"https:\/\/www.ipim.gov.mo\/pt-pt\/noticias-do-ipim\/2024-09-13-resultados-frutiferos-de-cooperacao-internacional-forum-global-de-madeira-legal-e-sustentavel-2024-publica-cinco-resultados-de-cooperacao\/#breadcrumb","itemListElement":[{"@type":"ListItem","position":1,"name":"Home","item":"https:\/\/www.ipim.gov.mo\/pt-pt\/"},{"@type":"ListItem","position":2,"name":"[2024\/09\/12] Resultados frut\u00edferos de coopera\u00e7\u00e3o internacional : F\u00f3rum Global de Madeira Legal e Sustent\u00e1vel 2024 publica cinco resultados de coopera\u00e7\u00e3o"}]},{"@type":"WebSite","@id":"https:\/\/www.ipim.gov.mo\/zh-hans\/#website","url":"https:\/\/www.ipim.gov.mo\/zh-hans\/","name":"Commerce and Investment Promotion Institute","description":"Commerce and Investment Promotion Institute","publisher":{"@id":"https:\/\/www.ipim.gov.mo\/zh-hans\/#organization"},"potentialAction":[{"@type":"SearchAction","target":{"@type":"EntryPoint","urlTemplate":"https:\/\/www.ipim.gov.mo\/zh-hans\/?s={search_term_string}"},"query-input":{"@type":"PropertyValueSpecification","valueRequired":true,"valueName":"search_term_string"}}],"inLanguage":"pt-PT"},{"@type":"Organization","@id":"https:\/\/www.ipim.gov.mo\/zh-hans\/#organization","name":"IPIM","url":"https:\/\/www.ipim.gov.mo\/zh-hans\/","logo":{"@type":"ImageObject","inLanguage":"pt-PT","@id":"https:\/\/www.ipim.gov.mo\/zh-hans\/#\/schema\/logo\/image\/","url":"https:\/\/www.ipim.gov.mo\/wp-content\/uploads\/2022\/10\/default-post-thumbnail-ipim-logo.png","contentUrl":"https:\/\/www.ipim.gov.mo\/wp-content\/uploads\/2022\/10\/default-post-thumbnail-ipim-logo.png","width":1024,"height":768,"caption":"IPIM"},"image":{"@id":"https:\/\/www.ipim.gov.mo\/zh-hans\/#\/schema\/logo\/image\/"}}]}},"author_meta":{"display_name":"admin","author_link":"https:\/\/www.ipim.gov.mo\/pt-pt\/author\/admin\/"},"featured_img":"https:\/\/www.ipim.gov.mo\/wp-content\/uploads\/2024\/07\/ipim-post-default-300x225.jpg","coauthors":[],"tax_additional":{"categories":{"linked":["<a href=\"https:\/\/www.ipim.gov.mo\/pt-pt\/category\/noticias-do-ipim\/\" class=\"advgb-post-tax-term\">Not\u00edcias do IPIM<\/a>"],"unlinked":["<span class=\"advgb-post-tax-term\">Not\u00edcias do IPIM<\/span>"]}},"comment_count":"0","relative_dates":{"created":"Posted 2 years ago","modified":"Updated 2 years ago"},"absolute_dates":{"created":"Posted on Setembro 12, 2024","modified":"Updated on Setembro 12, 2024"},"absolute_dates_time":{"created":"Posted on Setembro 12, 2024 6:50 pm","modified":"Updated on Setembro 12, 2024 6:50 pm"},"featured_img_caption":"","series_order":"","_links":{"self":[{"href":"https:\/\/www.ipim.gov.mo\/pt-pt\/wp-json\/wp\/v2\/posts\/475219","targetHints":{"allow":["GET"]}}],"collection":[{"href":"https:\/\/www.ipim.gov.mo\/pt-pt\/wp-json\/wp\/v2\/posts"}],"about":[{"href":"https:\/\/www.ipim.gov.mo\/pt-pt\/wp-json\/wp\/v2\/types\/post"}],"author":[{"embeddable":true,"href":"https:\/\/www.ipim.gov.mo\/pt-pt\/wp-json\/wp\/v2\/users\/1"}],"replies":[{"embeddable":true,"href":"https:\/\/www.ipim.gov.mo\/pt-pt\/wp-json\/wp\/v2\/comments?post=475219"}],"version-history":[{"count":0,"href":"https:\/\/www.ipim.gov.mo\/pt-pt\/wp-json\/wp\/v2\/posts\/475219\/revisions"}],"wp:featuredmedia":[{"embeddable":true,"href":"https:\/\/www.ipim.gov.mo\/pt-pt\/wp-json\/wp\/v2\/media\/467868"}],"wp:attachment":[{"href":"https:\/\/www.ipim.gov.mo\/pt-pt\/wp-json\/wp\/v2\/media?parent=475219"}],"wp:term":[{"taxonomy":"category","embeddable":true,"href":"https:\/\/www.ipim.gov.mo\/pt-pt\/wp-json\/wp\/v2\/categories?post=475219"},{"taxonomy":"post_tag","embeddable":true,"href":"https:\/\/www.ipim.gov.mo\/pt-pt\/wp-json\/wp\/v2\/tags?post=475219"}],"curies":[{"name":"wp","href":"https:\/\/api.w.org\/{rel}","templated":true}]}}