{"id":474913,"date":"2024-09-08T10:30:00","date_gmt":"2024-09-08T02:30:00","guid":{"rendered":"https:\/\/www.ipim.gov.mo\/noticias-do-ipim\/2024-09-09-promover-a-economia-verde-e-desempenhar-vantagens-da-plataforma-glstf-sera-realizado-em-macau-de-11-a-12-de-setembro\/"},"modified":"2024-09-08T10:30:00","modified_gmt":"2024-09-08T02:30:00","slug":"2024-09-09-promover-a-economia-verde-e-desempenhar-vantagens-da-plataforma-glstf-sera-realizado-em-macau-de-11-a-12-de-setembro","status":"publish","type":"post","link":"https:\/\/www.ipim.gov.mo\/pt-pt\/noticias-do-ipim\/2024-09-09-promover-a-economia-verde-e-desempenhar-vantagens-da-plataforma-glstf-sera-realizado-em-macau-de-11-a-12-de-setembro\/","title":{"rendered":"[2024\/09\/08] [Promover a economia verde e desempenhar vantagens da plataforma] GLSTF ser\u00e1 realizado em Macau de 11 a 12 de Setembro"},"content":{"rendered":"<p style=\"text-align:justify\">Totalmente preparado, o F&oacute;rum Global de Madeira Legal &amp; Sustent&aacute;vel 2024 (GLSTF2024) ser&aacute; realizado no MGM Cotai, de 11 a 12 de Setembro.<\/p>\n<p style=\"text-align:justify\"><strong>Participa&ccedil;&atilde;o de mais de 700 empresas importantes da ind&uacute;stria da madeira e das florestas de 40 pa&iacute;ses e regi&otilde;es<\/strong><\/p>\n<p style=\"text-align:justify\">Organizado pelo Instituto de Promo&ccedil;&atilde;o do Com&eacute;rcio e do Investimento (IPIM) da RAEM e pela Organiza&ccedil;&atilde;o Internacional de Madeiras Tropicais (ITTO), e coordenado pelo Secretariado da Iniciativa <em>Global Green Supply Chains<\/em> (GGSC), o GLSTF atrair&aacute; a participa&ccedil;&atilde;o de mais de 700 empresas importantes da ind&uacute;stria da madeira e das florestas, assim como decisores pol&iacute;ticos e especialistas internacionais, provenientes de mais de 40 pa&iacute;ses e regi&otilde;es, para abordarem, em conjunto, o caminho do desenvolvimento verde de alta qualidade da ind&uacute;stria florestal global.<\/p>\n<p style=\"text-align:justify\"><strong>Mostrar as vantagens de Macau como a \u201cMelhor Cidade de Conven&ccedil;&otilde;es da &Aacute;sia\u201d<\/strong><\/p>\n<p style=\"text-align:justify\">A presente edi&ccedil;&atilde;o do GLSTF n&atilde;o s&oacute; mostrar&aacute; as vantagens de Macau como a \u201cMelhor Cidade de Conven&ccedil;&otilde;es da &Aacute;sia\u201d, como tamb&eacute;m promover&aacute; a participa&ccedil;&atilde;o das empresas do Interior da China na nova constru&ccedil;&atilde;o de alta qualidade de \u201cUma Faixa, Uma Rota\u201d, impulsionando o desenvolvimento verde e a coopera&ccedil;&atilde;o diversificada da ind&uacute;stria internacional da madeira e das florestas.<\/p>\n<p style=\"text-align:justify\">Os altos funcion&aacute;rios executivos dos pa&iacute;ses abrangidos pela iniciativa \u201cUma Faixa, Uma Rota\u201d, como o Peru e a Mal&aacute;sia, bem como os representantes de organiza&ccedil;&otilde;es internacionais e associa&ccedil;&otilde;es comerciais iniciar&atilde;o uma coopera&ccedil;&atilde;o pragm&aacute;tica no Di&aacute;logo de Alto N&iacute;vel do GLSTF, no sentido de explorar, em conjunto, como construir uma cadeia de abastecimento fi&aacute;vel e eficiente para a ind&uacute;stria global da madeira.<\/p>\n<p style=\"text-align:justify\"><strong>Promover a nova constru&ccedil;&atilde;o de \u201cUma Faixa, Uma Rota\u201d<\/strong><\/p>\n<p style=\"text-align:justify\">Um dos destaques do GLSTF deste ano &eacute; a inclus&atilde;o do Subf&oacute;rum \u201cFinanciamento Verde e Medidas de Facilita&ccedil;&atilde;o Inovadoras para a Cadeia de Abastecimento Global\u201d e do Semin&aacute;rio \u201cLideran&ccedil;a Juvenil na Ind&uacute;stria Florestal Global: Sector de Constru&ccedil;&atilde;o que permite a Sustentabilidade de Bambu e Madeira\u201d, organizados por associa&ccedil;&otilde;es comerciais e por institui&ccedil;&otilde;es de ensino superior de Macau, com vista a demonstrar ainda mais o papel activo de Macau na promo&ccedil;&atilde;o do desenvolvimento da economia verde.<\/p>\n<p style=\"text-align:justify\">Subordinado ao tema \u201cTrabalhar em Conjunto para Construir uma Cadeia de Abastecimento Mundial de Madeira Confi&aacute;vel e Eficiente\u201d, o GLSTF visa promover a coopera&ccedil;&atilde;o de benef&iacute;cios m&uacute;tuos para todas as partes e dar um novo impulso ao desenvolvimento sustent&aacute;vel da ind&uacute;stria global da madeira.<\/p>\n<p style=\"text-align:justify\">As actividades deste ano incluem uma cimeira de f&oacute;rum, quatro subf&oacute;runs especializados e v&aacute;rias sess&otilde;es de encontros comerciais, centrando-se na liga&ccedil;&atilde;o de toda a cadeia desde os recursos a montante at&eacute; ao mercado a jusante do consumo final, por forma a explorar profundamente os rumos de desenvolvimento do sector e as tem&aacute;ticas populares.<\/p>\n<p style=\"text-align:justify\"><strong>Abrir novas oportunidades de finan&ccedil;as verdes e com&eacute;rcio transfronteiri&ccedil;o para Macau<\/strong><\/p>\n<p style=\"text-align:justify\">O GLSTF ir&aacute; publicar dois resultados de investiga&ccedil;&atilde;o sobre o &Iacute;ndice Global da Madeira (Global Timber Index, GTI) e a tecnologia <em>blockchain<\/em>, com o apoio do IPIM e a participa&ccedil;&atilde;o das institui&ccedil;&otilde;es de ensino superior de Macau, o que atrair&aacute; comerciantes globais para Macau, para explorarem oportunidades de neg&oacute;cio nas &aacute;reas de com&eacute;rcio internacional de madeiras tropicais, gest&atilde;o florestal sustent&aacute;vel e cadeia de abastecimento verde.<\/p>\n<p style=\"text-align:justify\">A participa&ccedil;&atilde;o activa das associa&ccedil;&otilde;es comerciais de Macau no \u201cQuadro de Ac&ccedil;&atilde;o para a Promo&ccedil;&atilde;o de Cadeias de Abastecimento de Madeira Legais e Sustent&aacute;veis\u201d e no \u201cPlano de Ac&ccedil;&atilde;o para a Integra&ccedil;&atilde;o de Finan&ccedil;as Verdes com Cadeias de Abastecimento Verdes (GF&amp;GS)\u201d ir&aacute; abrir novas oportunidades de finan&ccedil;as verdes e com&eacute;rcio transfronteiri&ccedil;o para Macau.<\/p>\n<div class=\"wp-caption alignnone\">\n                <a href=\"https:\/\/cdn.gcs.gov.mo\/api\/resource\/ibs\/P24IFS44na\" data-component=\"Popup\" data-fancybox=\"gallery\" data-caption=\"O F\u00f3rum Global de Madeira Legal &amp; Sustent\u00e1vel continua a refor\u00e7ar o interc\u00e2mbio e a coopera\u00e7\u00e3o da ind\u00fastria global da madeira.\" data-type=\"image\"><br \/>\n                <img decoding=\"async\" class=\"size-large\" src=\"https:\/\/cdn.gcs.gov.mo\/api\/resource\/ibs\/P24IFS44na\" title=\"O F\u00f3rum Global de Madeira Legal &amp; Sustent\u00e1vel continua a refor\u00e7ar o interc\u00e2mbio e a coopera\u00e7\u00e3o da ind\u00fastria global da madeira.\" alt=\"O F\u00f3rum Global de Madeira Legal &amp; Sustent\u00e1vel continua a refor\u00e7ar o interc\u00e2mbio e a coopera\u00e7\u00e3o da ind\u00fastria global da madeira.\" width=\"1024\"><br \/>\n                <\/a><\/p>\n<p class=\"wp-caption-text\">O F\u00f3rum Global de Madeira Legal &amp; Sustent\u00e1vel continua a refor\u00e7ar o interc\u00e2mbio e a coopera\u00e7\u00e3o da ind\u00fastria global da madeira.<\/p>\n<\/p><\/div>\n<div class=\"wp-caption alignnone\">\n                <a href=\"https:\/\/cdn.gcs.gov.mo\/api\/resource\/ibs\/P24IFHEGPA\" data-component=\"Popup\" data-fancybox=\"gallery\" data-caption=\"Os encontros comerciais realizados durante o GLSTF ajudam a promover as oportunidades de neg\u00f3cio no contexto da coopera\u00e7\u00e3o internacional.\" data-type=\"image\"><br \/>\n                <img decoding=\"async\" class=\"size-large\" src=\"https:\/\/cdn.gcs.gov.mo\/api\/resource\/ibs\/P24IFHEGPA\" title=\"Os encontros comerciais realizados durante o GLSTF ajudam a promover as oportunidades de neg\u00f3cio no contexto da coopera\u00e7\u00e3o internacional.\" alt=\"Os encontros comerciais realizados durante o GLSTF ajudam a promover as oportunidades de neg\u00f3cio no contexto da coopera\u00e7\u00e3o internacional.\" width=\"1024\"><br \/>\n                <\/a><\/p>\n<p class=\"wp-caption-text\">Os encontros comerciais realizados durante o GLSTF ajudam a promover as oportunidades de neg\u00f3cio no contexto da coopera\u00e7\u00e3o internacional.<\/p>\n<\/p><\/div>\n<div class=\"wp-caption alignnone\">\n                <a href=\"https:\/\/cdn.gcs.gov.mo\/api\/resource\/ibs\/P24IFvFvBU\" data-component=\"Popup\" data-fancybox=\"gallery\" data-caption=\"Para inscrever-se como participante, digitalize o c\u00f3digo QR.\" data-type=\"image\"><br \/>\n                <img decoding=\"async\" class=\"size-large\" src=\"https:\/\/cdn.gcs.gov.mo\/api\/resource\/ibs\/P24IFvFvBU\" title=\"Para inscrever-se como participante, digitalize o c\u00f3digo QR.\" alt=\"Para inscrever-se como participante, digitalize o c\u00f3digo QR.\" width=\"1024\"><br \/>\n                <\/a><\/p>\n<p class=\"wp-caption-text\">Para inscrever-se como participante, digitalize o c\u00f3digo QR.<\/p>\n<\/p><\/div>\n","protected":false},"excerpt":{"rendered":"<p>Totalmente preparado, o F&oacute;rum Global de Madeira Legal &amp; Sustent&aacute;vel 2024 (GLSTF2024) ser&aacute; realizado no MGM Cotai, de 11 a 12 de Setembro. Participa&ccedil;&atilde;o de [&hellip;]<\/p>\n","protected":false},"author":1,"featured_media":467868,"comment_status":"closed","ping_status":"closed","sticky":false,"template":"","format":"standard","meta":{"_acf_changed":false,"inline_featured_image":false,"advgb_blocks_editor_width":"","advgb_blocks_columns_visual_guide":"","footnotes":""},"categories":[12],"tags":[],"class_list":["post-474913","post","type-post","status-publish","format-standard","has-post-thumbnail","hentry","category-noticias-do-ipim"],"acf":[],"yoast_head":"<!-- This site is optimized with the Yoast SEO plugin v26.2 - https:\/\/yoast.com\/wordpress\/plugins\/seo\/ -->\r\n<title>[2024\/09\/08] [Promover a economia verde e desempenhar vantagens da plataforma] GLSTF ser\u00e1 realizado em Macau de 11 a 12 de Setembro | Commerce and Investment Promotion Institute<\/title>\r\n<meta name=\"robots\" content=\"index, follow, max-snippet:-1, max-image-preview:large, max-video-preview:-1\" \/>\r\n<link rel=\"canonical\" href=\"https:\/\/www.ipim.gov.mo\/pt-pt\/noticias-do-ipim\/2024-09-09-promover-a-economia-verde-e-desempenhar-vantagens-da-plataforma-glstf-sera-realizado-em-macau-de-11-a-12-de-setembro\/\" \/>\r\n<meta property=\"og:locale\" content=\"pt_PT\" \/>\r\n<meta property=\"og:type\" content=\"article\" \/>\r\n<meta property=\"og:title\" content=\"[2024\/09\/08] [Promover a economia verde e desempenhar vantagens da plataforma] GLSTF ser\u00e1 realizado em Macau de 11 a 12 de Setembro | Commerce and Investment Promotion Institute\" \/>\r\n<meta property=\"og:description\" content=\"Totalmente preparado, o F&oacute;rum Global de Madeira Legal &amp; Sustent&aacute;vel 2024 (GLSTF2024) ser&aacute; realizado no MGM Cotai, de 11 a 12 de Setembro. Participa&ccedil;&atilde;o de [&hellip;]\" \/>\r\n<meta property=\"og:url\" content=\"https:\/\/www.ipim.gov.mo\/pt-pt\/noticias-do-ipim\/2024-09-09-promover-a-economia-verde-e-desempenhar-vantagens-da-plataforma-glstf-sera-realizado-em-macau-de-11-a-12-de-setembro\/\" \/>\r\n<meta property=\"og:site_name\" content=\"Commerce and Investment Promotion Institute\" \/>\r\n<meta property=\"article:published_time\" content=\"2024-09-08T02:30:00+00:00\" \/>\r\n<meta property=\"og:image\" content=\"https:\/\/www.ipim.gov.mo\/wp-content\/uploads\/2024\/07\/ipim-post-default.jpg\" \/>\r\n\t<meta property=\"og:image:width\" content=\"1024\" \/>\r\n\t<meta property=\"og:image:height\" content=\"768\" \/>\r\n\t<meta property=\"og:image:type\" content=\"image\/jpeg\" \/>\r\n<meta name=\"author\" content=\"admin\" \/>\r\n<meta name=\"twitter:card\" content=\"summary_large_image\" \/>\r\n<meta name=\"twitter:label1\" content=\"Written by\" \/>\n\t<meta name=\"twitter:data1\" content=\"admin\" \/>\n\t<meta name=\"twitter:label2\" content=\"Est. reading time\" \/>\n\t<meta name=\"twitter:data2\" content=\"4 minutes\" \/>\r\n<script type=\"application\/ld+json\" class=\"yoast-schema-graph\">{\"@context\":\"https:\/\/schema.org\",\"@graph\":[{\"@type\":\"WebPage\",\"@id\":\"https:\/\/www.ipim.gov.mo\/pt-pt\/noticias-do-ipim\/2024-09-09-promover-a-economia-verde-e-desempenhar-vantagens-da-plataforma-glstf-sera-realizado-em-macau-de-11-a-12-de-setembro\/\",\"url\":\"https:\/\/www.ipim.gov.mo\/pt-pt\/noticias-do-ipim\/2024-09-09-promover-a-economia-verde-e-desempenhar-vantagens-da-plataforma-glstf-sera-realizado-em-macau-de-11-a-12-de-setembro\/\",\"name\":\"[2024\/09\/08] [Promover a economia verde e desempenhar vantagens da plataforma] GLSTF ser\u00e1 realizado em Macau de 11 a 12 de Setembro | Commerce and Investment Promotion Institute\",\"isPartOf\":{\"@id\":\"https:\/\/www.ipim.gov.mo\/zh-hans\/#website\"},\"primaryImageOfPage\":{\"@id\":\"https:\/\/www.ipim.gov.mo\/pt-pt\/noticias-do-ipim\/2024-09-09-promover-a-economia-verde-e-desempenhar-vantagens-da-plataforma-glstf-sera-realizado-em-macau-de-11-a-12-de-setembro\/#primaryimage\"},\"image\":{\"@id\":\"https:\/\/www.ipim.gov.mo\/pt-pt\/noticias-do-ipim\/2024-09-09-promover-a-economia-verde-e-desempenhar-vantagens-da-plataforma-glstf-sera-realizado-em-macau-de-11-a-12-de-setembro\/#primaryimage\"},\"thumbnailUrl\":\"https:\/\/www.ipim.gov.mo\/wp-content\/uploads\/2024\/07\/ipim-post-default.jpg\",\"datePublished\":\"2024-09-08T02:30:00+00:00\",\"breadcrumb\":{\"@id\":\"https:\/\/www.ipim.gov.mo\/pt-pt\/noticias-do-ipim\/2024-09-09-promover-a-economia-verde-e-desempenhar-vantagens-da-plataforma-glstf-sera-realizado-em-macau-de-11-a-12-de-setembro\/#breadcrumb\"},\"inLanguage\":\"pt-PT\",\"potentialAction\":[{\"@type\":\"ReadAction\",\"target\":[\"https:\/\/www.ipim.gov.mo\/pt-pt\/noticias-do-ipim\/2024-09-09-promover-a-economia-verde-e-desempenhar-vantagens-da-plataforma-glstf-sera-realizado-em-macau-de-11-a-12-de-setembro\/\"]}]},{\"@type\":\"ImageObject\",\"inLanguage\":\"pt-PT\",\"@id\":\"https:\/\/www.ipim.gov.mo\/pt-pt\/noticias-do-ipim\/2024-09-09-promover-a-economia-verde-e-desempenhar-vantagens-da-plataforma-glstf-sera-realizado-em-macau-de-11-a-12-de-setembro\/#primaryimage\",\"url\":\"https:\/\/www.ipim.gov.mo\/wp-content\/uploads\/2024\/07\/ipim-post-default.jpg\",\"contentUrl\":\"https:\/\/www.ipim.gov.mo\/wp-content\/uploads\/2024\/07\/ipim-post-default.jpg\",\"width\":1024,\"height\":768},{\"@type\":\"BreadcrumbList\",\"@id\":\"https:\/\/www.ipim.gov.mo\/pt-pt\/noticias-do-ipim\/2024-09-09-promover-a-economia-verde-e-desempenhar-vantagens-da-plataforma-glstf-sera-realizado-em-macau-de-11-a-12-de-setembro\/#breadcrumb\",\"itemListElement\":[{\"@type\":\"ListItem\",\"position\":1,\"name\":\"Home\",\"item\":\"https:\/\/www.ipim.gov.mo\/pt-pt\/\"},{\"@type\":\"ListItem\",\"position\":2,\"name\":\"[2024\/09\/08] [Promover a economia verde e desempenhar vantagens da plataforma] GLSTF ser\u00e1 realizado em Macau de 11 a 12 de Setembro\"}]},{\"@type\":\"WebSite\",\"@id\":\"https:\/\/www.ipim.gov.mo\/zh-hans\/#website\",\"url\":\"https:\/\/www.ipim.gov.mo\/zh-hans\/\",\"name\":\"Commerce and Investment Promotion Institute\",\"description\":\"Commerce and Investment Promotion Institute\",\"publisher\":{\"@id\":\"https:\/\/www.ipim.gov.mo\/zh-hans\/#organization\"},\"potentialAction\":[{\"@type\":\"SearchAction\",\"target\":{\"@type\":\"EntryPoint\",\"urlTemplate\":\"https:\/\/www.ipim.gov.mo\/zh-hans\/?s={search_term_string}\"},\"query-input\":{\"@type\":\"PropertyValueSpecification\",\"valueRequired\":true,\"valueName\":\"search_term_string\"}}],\"inLanguage\":\"pt-PT\"},{\"@type\":\"Organization\",\"@id\":\"https:\/\/www.ipim.gov.mo\/zh-hans\/#organization\",\"name\":\"IPIM\",\"url\":\"https:\/\/www.ipim.gov.mo\/zh-hans\/\",\"logo\":{\"@type\":\"ImageObject\",\"inLanguage\":\"pt-PT\",\"@id\":\"https:\/\/www.ipim.gov.mo\/zh-hans\/#\/schema\/logo\/image\/\",\"url\":\"https:\/\/www.ipim.gov.mo\/wp-content\/uploads\/2022\/10\/default-post-thumbnail-ipim-logo.png\",\"contentUrl\":\"https:\/\/www.ipim.gov.mo\/wp-content\/uploads\/2022\/10\/default-post-thumbnail-ipim-logo.png\",\"width\":1024,\"height\":768,\"caption\":\"IPIM\"},\"image\":{\"@id\":\"https:\/\/www.ipim.gov.mo\/zh-hans\/#\/schema\/logo\/image\/\"}}]}<\/script>\r\n<!-- \/ Yoast SEO plugin. -->","yoast_head_json":{"title":"[2024\/09\/08] [Promover a economia verde e desempenhar vantagens da plataforma] GLSTF ser\u00e1 realizado em Macau de 11 a 12 de Setembro | Commerce and Investment Promotion Institute","robots":{"index":"index","follow":"follow","max-snippet":"max-snippet:-1","max-image-preview":"max-image-preview:large","max-video-preview":"max-video-preview:-1"},"canonical":"https:\/\/www.ipim.gov.mo\/pt-pt\/noticias-do-ipim\/2024-09-09-promover-a-economia-verde-e-desempenhar-vantagens-da-plataforma-glstf-sera-realizado-em-macau-de-11-a-12-de-setembro\/","og_locale":"pt_PT","og_type":"article","og_title":"[2024\/09\/08] [Promover a economia verde e desempenhar vantagens da plataforma] GLSTF ser\u00e1 realizado em Macau de 11 a 12 de Setembro | Commerce and Investment Promotion Institute","og_description":"Totalmente preparado, o F&oacute;rum Global de Madeira Legal &amp; Sustent&aacute;vel 2024 (GLSTF2024) ser&aacute; realizado no MGM Cotai, de 11 a 12 de Setembro. Participa&ccedil;&atilde;o de [&hellip;]","og_url":"https:\/\/www.ipim.gov.mo\/pt-pt\/noticias-do-ipim\/2024-09-09-promover-a-economia-verde-e-desempenhar-vantagens-da-plataforma-glstf-sera-realizado-em-macau-de-11-a-12-de-setembro\/","og_site_name":"Commerce and Investment Promotion Institute","article_published_time":"2024-09-08T02:30:00+00:00","og_image":[{"width":1024,"height":768,"url":"https:\/\/www.ipim.gov.mo\/wp-content\/uploads\/2024\/07\/ipim-post-default.jpg","type":"image\/jpeg"}],"author":"admin","twitter_card":"summary_large_image","twitter_misc":{"Written by":"admin","Est. reading time":"4 minutes"},"schema":{"@context":"https:\/\/schema.org","@graph":[{"@type":"WebPage","@id":"https:\/\/www.ipim.gov.mo\/pt-pt\/noticias-do-ipim\/2024-09-09-promover-a-economia-verde-e-desempenhar-vantagens-da-plataforma-glstf-sera-realizado-em-macau-de-11-a-12-de-setembro\/","url":"https:\/\/www.ipim.gov.mo\/pt-pt\/noticias-do-ipim\/2024-09-09-promover-a-economia-verde-e-desempenhar-vantagens-da-plataforma-glstf-sera-realizado-em-macau-de-11-a-12-de-setembro\/","name":"[2024\/09\/08] [Promover a economia verde e desempenhar vantagens da plataforma] GLSTF ser\u00e1 realizado em Macau de 11 a 12 de Setembro | Commerce and Investment Promotion Institute","isPartOf":{"@id":"https:\/\/www.ipim.gov.mo\/zh-hans\/#website"},"primaryImageOfPage":{"@id":"https:\/\/www.ipim.gov.mo\/pt-pt\/noticias-do-ipim\/2024-09-09-promover-a-economia-verde-e-desempenhar-vantagens-da-plataforma-glstf-sera-realizado-em-macau-de-11-a-12-de-setembro\/#primaryimage"},"image":{"@id":"https:\/\/www.ipim.gov.mo\/pt-pt\/noticias-do-ipim\/2024-09-09-promover-a-economia-verde-e-desempenhar-vantagens-da-plataforma-glstf-sera-realizado-em-macau-de-11-a-12-de-setembro\/#primaryimage"},"thumbnailUrl":"https:\/\/www.ipim.gov.mo\/wp-content\/uploads\/2024\/07\/ipim-post-default.jpg","datePublished":"2024-09-08T02:30:00+00:00","breadcrumb":{"@id":"https:\/\/www.ipim.gov.mo\/pt-pt\/noticias-do-ipim\/2024-09-09-promover-a-economia-verde-e-desempenhar-vantagens-da-plataforma-glstf-sera-realizado-em-macau-de-11-a-12-de-setembro\/#breadcrumb"},"inLanguage":"pt-PT","potentialAction":[{"@type":"ReadAction","target":["https:\/\/www.ipim.gov.mo\/pt-pt\/noticias-do-ipim\/2024-09-09-promover-a-economia-verde-e-desempenhar-vantagens-da-plataforma-glstf-sera-realizado-em-macau-de-11-a-12-de-setembro\/"]}]},{"@type":"ImageObject","inLanguage":"pt-PT","@id":"https:\/\/www.ipim.gov.mo\/pt-pt\/noticias-do-ipim\/2024-09-09-promover-a-economia-verde-e-desempenhar-vantagens-da-plataforma-glstf-sera-realizado-em-macau-de-11-a-12-de-setembro\/#primaryimage","url":"https:\/\/www.ipim.gov.mo\/wp-content\/uploads\/2024\/07\/ipim-post-default.jpg","contentUrl":"https:\/\/www.ipim.gov.mo\/wp-content\/uploads\/2024\/07\/ipim-post-default.jpg","width":1024,"height":768},{"@type":"BreadcrumbList","@id":"https:\/\/www.ipim.gov.mo\/pt-pt\/noticias-do-ipim\/2024-09-09-promover-a-economia-verde-e-desempenhar-vantagens-da-plataforma-glstf-sera-realizado-em-macau-de-11-a-12-de-setembro\/#breadcrumb","itemListElement":[{"@type":"ListItem","position":1,"name":"Home","item":"https:\/\/www.ipim.gov.mo\/pt-pt\/"},{"@type":"ListItem","position":2,"name":"[2024\/09\/08] [Promover a economia verde e desempenhar vantagens da plataforma] GLSTF ser\u00e1 realizado em Macau de 11 a 12 de Setembro"}]},{"@type":"WebSite","@id":"https:\/\/www.ipim.gov.mo\/zh-hans\/#website","url":"https:\/\/www.ipim.gov.mo\/zh-hans\/","name":"Commerce and Investment Promotion Institute","description":"Commerce and Investment Promotion Institute","publisher":{"@id":"https:\/\/www.ipim.gov.mo\/zh-hans\/#organization"},"potentialAction":[{"@type":"SearchAction","target":{"@type":"EntryPoint","urlTemplate":"https:\/\/www.ipim.gov.mo\/zh-hans\/?s={search_term_string}"},"query-input":{"@type":"PropertyValueSpecification","valueRequired":true,"valueName":"search_term_string"}}],"inLanguage":"pt-PT"},{"@type":"Organization","@id":"https:\/\/www.ipim.gov.mo\/zh-hans\/#organization","name":"IPIM","url":"https:\/\/www.ipim.gov.mo\/zh-hans\/","logo":{"@type":"ImageObject","inLanguage":"pt-PT","@id":"https:\/\/www.ipim.gov.mo\/zh-hans\/#\/schema\/logo\/image\/","url":"https:\/\/www.ipim.gov.mo\/wp-content\/uploads\/2022\/10\/default-post-thumbnail-ipim-logo.png","contentUrl":"https:\/\/www.ipim.gov.mo\/wp-content\/uploads\/2022\/10\/default-post-thumbnail-ipim-logo.png","width":1024,"height":768,"caption":"IPIM"},"image":{"@id":"https:\/\/www.ipim.gov.mo\/zh-hans\/#\/schema\/logo\/image\/"}}]}},"author_meta":{"display_name":"admin","author_link":"https:\/\/www.ipim.gov.mo\/pt-pt\/author\/admin\/"},"featured_img":"https:\/\/www.ipim.gov.mo\/wp-content\/uploads\/2024\/07\/ipim-post-default-300x225.jpg","coauthors":[],"tax_additional":{"categories":{"linked":["<a href=\"https:\/\/www.ipim.gov.mo\/pt-pt\/category\/noticias-do-ipim\/\" class=\"advgb-post-tax-term\">Not\u00edcias do IPIM<\/a>"],"unlinked":["<span class=\"advgb-post-tax-term\">Not\u00edcias do IPIM<\/span>"]}},"comment_count":"0","relative_dates":{"created":"Posted 2 years ago","modified":"Updated 2 years ago"},"absolute_dates":{"created":"Posted on Setembro 8, 2024","modified":"Updated on Setembro 8, 2024"},"absolute_dates_time":{"created":"Posted on Setembro 8, 2024 10:30 am","modified":"Updated on Setembro 8, 2024 10:30 am"},"featured_img_caption":"","series_order":"","_links":{"self":[{"href":"https:\/\/www.ipim.gov.mo\/pt-pt\/wp-json\/wp\/v2\/posts\/474913","targetHints":{"allow":["GET"]}}],"collection":[{"href":"https:\/\/www.ipim.gov.mo\/pt-pt\/wp-json\/wp\/v2\/posts"}],"about":[{"href":"https:\/\/www.ipim.gov.mo\/pt-pt\/wp-json\/wp\/v2\/types\/post"}],"author":[{"embeddable":true,"href":"https:\/\/www.ipim.gov.mo\/pt-pt\/wp-json\/wp\/v2\/users\/1"}],"replies":[{"embeddable":true,"href":"https:\/\/www.ipim.gov.mo\/pt-pt\/wp-json\/wp\/v2\/comments?post=474913"}],"version-history":[{"count":0,"href":"https:\/\/www.ipim.gov.mo\/pt-pt\/wp-json\/wp\/v2\/posts\/474913\/revisions"}],"wp:featuredmedia":[{"embeddable":true,"href":"https:\/\/www.ipim.gov.mo\/pt-pt\/wp-json\/wp\/v2\/media\/467868"}],"wp:attachment":[{"href":"https:\/\/www.ipim.gov.mo\/pt-pt\/wp-json\/wp\/v2\/media?parent=474913"}],"wp:term":[{"taxonomy":"category","embeddable":true,"href":"https:\/\/www.ipim.gov.mo\/pt-pt\/wp-json\/wp\/v2\/categories?post=474913"},{"taxonomy":"post_tag","embeddable":true,"href":"https:\/\/www.ipim.gov.mo\/pt-pt\/wp-json\/wp\/v2\/tags?post=474913"}],"curies":[{"name":"wp","href":"https:\/\/api.w.org\/{rel}","templated":true}]}}