{"id":474067,"date":"2024-08-29T12:44:00","date_gmt":"2024-08-29T04:44:00","guid":{"rendered":"https:\/\/www.ipim.gov.mo\/noticias-do-ipim\/2024-08-30-demonstracao-das-vantagens-da-plataforma-sino-lusofona-e-do-evento-de-convencoes-e-exposicoes-internacional-tera-lugar-em-macau-o-glstf2024-nos-dias-11-e-12-de-setembro\/"},"modified":"2024-08-29T12:44:00","modified_gmt":"2024-08-29T04:44:00","slug":"2024-08-30-demonstracao-das-vantagens-da-plataforma-sino-lusofona-e-do-evento-de-convencoes-e-exposicoes-internacional-tera-lugar-em-macau-o-glstf2024-nos-dias-11-e-12-de-setembro","status":"publish","type":"post","link":"https:\/\/www.ipim.gov.mo\/pt-pt\/noticias-do-ipim\/2024-08-30-demonstracao-das-vantagens-da-plataforma-sino-lusofona-e-do-evento-de-convencoes-e-exposicoes-internacional-tera-lugar-em-macau-o-glstf2024-nos-dias-11-e-12-de-setembro\/","title":{"rendered":"[2024\/08\/29] [Demonstra\u00e7\u00e3o das vantagens da plataforma sino-lus\u00f3fona e do evento de conven\u00e7\u00f5es e exposi\u00e7\u00f5es internacional] Ter\u00e1 lugar, em Macau, o GLSTF2024 nos dias 11 e 12 de Setembro"},"content":{"rendered":"<p style=\"text-align:justify\">O F&oacute;rum Global de Madeira Legal e Sustent&aacute;vel 2024 (GLSTF2024), evento de conven&ccedil;&otilde;es e exposi&ccedil;&otilde;es tem&aacute;tico de escala internacional que se dedica exclusivamente &agrave; ind&uacute;stria da madeira e das florestas, realizar-se-&aacute;, em Macau, em Setembro do corrente ano, com base nos resultados e na experi&ecirc;ncia da organiza&ccedil;&atilde;o bem-sucedida do evento no ano transacto.<\/p>\n<p style=\"text-align:justify\">O GLSTF visa dar uma contribui&ccedil;&atilde;o, em nome de Macau, para o impulsionamento do desenvolvimento sustent&aacute;vel da ind&uacute;stria global da madeira, bem como a mitiga&ccedil;&atilde;o das altera&ccedil;&otilde;es clim&aacute;ticas, com destaque para a imagem e as vantagens verdes, diversificadas e internacionais desta cidade. Um outro objectivo prende-se com a constru&ccedil;&atilde;o duma plataforma de interc&acirc;mbio para o sector de todo o mundo, com vista a criar, em conjunto, oportunidades de coopera&ccedil;&atilde;o.<\/p>\n<p style=\"text-align:justify\">Por esta ocasi&atilde;o, ser&aacute; apresentada, pela primeira vez, uma s&eacute;rie de projectos de investiga&ccedil;&atilde;o, bem como de planos de ac&ccedil;&atilde;o para a colabora&ccedil;&atilde;o multinacional, de modo a demonstrar novas realiza&ccedil;&otilde;es e novos progressos na coopera&ccedil;&atilde;o internacional.<\/p>\n<p style=\"text-align:justify\"><strong>Demonstrar a imagem e as vantagens verdes, diversificadas e internacionais de Macau <\/strong><\/p>\n<p style=\"text-align:justify\">Organizado conjuntamente pela Organiza&ccedil;&atilde;o Internacional de Madeiras Tropicais (ITTO) e pelo Instituto de Promo&ccedil;&atilde;o do Com&eacute;rcio e do Investimento (IPIM) da Regi&atilde;o Administrativa Especial de Macau, o GLSTF2024, ao abrigo da coordena&ccedil;&atilde;o do Secretariado da Iniciativa <em>Global Green Supply Chains<\/em> (GGSC) e com o apoio do parceiro diamante MGM, ter&aacute; lugar entre 11 e 12 de Setembro, na MGM Cotai.<\/p>\n<p style=\"text-align:justify\">Subordinado ao tema \u201cTrabalhar em Conjunto para Construir uma Cadeia de Abastecimento Mundial de Madeira Confi&aacute;vel e Eficiente\u201d, o GLSTF2024 procura proporcionar uma plataforma construtiva e prospectiva de di&aacute;logo, de interc&acirc;mbio e de coopera&ccedil;&atilde;o para as partes interessadas, incluindo as entidades governamentais dos pa&iacute;ses produtores e consumidores de madeira, assim como as empresas, as associa&ccedil;&otilde;es comerciais e as organiza&ccedil;&otilde;es internacionais da ind&uacute;stria da madeira, a fim de fomentar o desenvolvimento de cadeias de abastecimento de madeira legais e sustent&aacute;veis.<\/p>\n<p style=\"text-align:justify\"><strong>Polir o \u201ccart&atilde;o de visita dourado\u201d e aumentar o prest&iacute;gio internacional de Macau enquanto Melhor Cidade de Conven&ccedil;&otilde;es da &Aacute;sia<\/strong><\/p>\n<p style=\"text-align:justify\">Nos &uacute;ltimos anos, Macau tem refor&ccedil;ado o estabelecimento de mecanismos de coopera&ccedil;&atilde;o com as organiza&ccedil;&otilde;es internacionais de prest&iacute;gio, de maneira a impulsionar o acolhimento de conven&ccedil;&otilde;es e exposi&ccedil;&otilde;es internacionais de grande escala em ind&uacute;strias mais diversificadas, o que n&atilde;o s&oacute; ajuda a aumentar o prest&iacute;gio internacional e a competitividade de Macau enquanto Melhor Cidade de Conven&ccedil;&otilde;es da &Aacute;sia, mas tamb&eacute;m faz brilhar ainda mais o \u201ccart&atilde;o de visita dourado\u201d de Macau como metr&oacute;pole internacional. Al&eacute;m disso, a RAEM est&aacute; ainda empenhada em estimular os efeitos sinerg&eacute;ticos do novo modelo \u201cInd&uacute;strias + Conven&ccedil;&otilde;es e Exposi&ccedil;&otilde;es\u201d, contribuindo assim para o desenvolvimento da diversifica&ccedil;&atilde;o adequada da economia de Macau.<\/p>\n<p style=\"text-align:justify\">Em paralelo, com o intuito de liderar o caminho para as oportunidades de neg&oacute;cio na Grande Ba&iacute;a Guangdong\u2013Hong Kong\u2013Macau e na Zona de Coopera&ccedil;&atilde;o Aprofundada entre Guangdong e Macau em Hengqin, Macau tem desempenhado o seu papel como plataforma sino-lus&oacute;fona e aproveitado as vantagens do seu posicionamento a n&iacute;vel regional, para criar uma melhor liga&ccedil;&atilde;o entre as informa&ccedil;&otilde;es mais recentes e a oferta e a procura do com&eacute;rcio do Interior da China, dos Pa&iacute;ses de L&iacute;ngua Portuguesa, assim como do mercado internacional. No futuro, ser&atilde;o promovidas mais oportunidades de neg&oacute;cio para a coopera&ccedil;&atilde;o industrial a n&iacute;vel internacional, atrav&eacute;s da plataforma de conven&ccedil;&otilde;es e exposi&ccedil;&otilde;es de Macau.<\/p>\n<p style=\"text-align:justify\"><strong>Maior escala do evento: o duplo em termos do n&uacute;mero de representantes de institui&ccedil;&otilde;es internacionais face ao ano anterior<\/strong><\/p>\n<p style=\"text-align:justify\">A escala da participa&ccedil;&atilde;o na presente edi&ccedil;&atilde;o do GLSTF aumenta significativamente. Entre um total de quase 700 participantes convidados, nomeadamente organiza&ccedil;&otilde;es internacionais, titulares dos principais cargos nacionais, assim como associa&ccedil;&otilde;es e empresas da ind&uacute;stria da madeira com prest&iacute;gio internacional, provenientes de cerca de 40 pa&iacute;ses e regi&otilde;es, destacam-se as organiza&ccedil;&otilde;es internacionais que marcam presen&ccedil;a pela primeira vez, como a Organiza&ccedil;&atilde;o das Na&ccedil;&otilde;es Unidas para a Alimenta&ccedil;&atilde;o e Agricultura (FAO), o Fundo Mundial para a Vida Selvagem e Natureza (WWF), bem como o Fundo Verde para o Clima (GCF). &Eacute; de mencionar ainda que o n&uacute;mero de participantes no segmento de organiza&ccedil;&otilde;es internacionais duplicou em termos hom&oacute;logos. Paralelamente, disponibilizar-se-&aacute;, no recinto do GLSTF, um espa&ccedil;o de exposi&ccedil;&atilde;o, para mostrar produtos de madeira e pequenas amostras de materiais de constru&ccedil;&atilde;o em madeira.<\/p>\n<p style=\"text-align:justify\">Sob o apoio do IPIM da Regi&atilde;o Administrativa Especial de Macau, os projectos da Plataforma de &Iacute;ndice Global da Madeira (GTI) e dos Sistemas de Rastreamento de Origem de Madeira com base na Tecnologia de <em>Blockchain<\/em>, implementados pelo ITTO e pela GGSC, obtiveram novos resultados que ser&atilde;o publicados durante o decorrer do GLSTF.<\/p>\n<p style=\"text-align:justify\"><strong>Contribuir para o desenvolvimento das finan&ccedil;as verdes de Macau com novos pontos de crescimento de neg&oacute;cios<\/strong><\/p>\n<p style=\"text-align:justify\">No GLSTF2023, uma empresa chinesa da ind&uacute;stria das florestas que opera em &Aacute;frica assinou com uma associa&ccedil;&atilde;o comercial africana a Declara&ccedil;&atilde;o Conjunta de Inten&ccedil;&otilde;es (JDol) sobre a Gest&atilde;o Sustent&aacute;vel das Florestas e as Opera&ccedil;&otilde;es Respons&aacute;veis da Ind&uacute;stria Madeireira. A par disso, a Federa&ccedil;&atilde;o de Cadeia de Abastecimento Verde Global de Produtos Florestais de Macau assinou com tr&ecirc;s complexos industriais de produtos florestais chineses de grande import&acirc;ncia o Acordo de Ac&ccedil;&atilde;o sobre a Cadeia de Abastecimento Verde de Madeira Sino-Africano. Estas assinaturas foram reconhecidas e valorizadas pela Iniciativa Florestal da &Aacute;frica Central (CAFI) do Programa das Na&ccedil;&otilde;es Unidas para o Desenvolvimento.<\/p>\n<p style=\"text-align:justify\">Este ano, no Sub-F&oacute;rum das Finan&ccedil;as Verdes do GLSTF2024 (F&oacute;rum Paralelo 4), organizado em conjunto pela CAFI e pela Alian&ccedil;a de Finan&ccedil;as Verdes da Grande Ba&iacute;a Guangdong\u2013Hong Kong\u2013Macau, com a coorganiza&ccedil;&atilde;o da Associa&ccedil;&atilde;o de Bancos de Macau, os grupos empresariais e as associa&ccedil;&otilde;es ao longo de toda a cadeia de abastecimento sino-africana ir&atilde;o lan&ccedil;ar o Plano de Acc&ccedil;&atilde;o para a Integra&ccedil;&atilde;o de Finan&ccedil;as Verdes com Cadeias de Abastecimento Verdes (GF&amp;GS), com o prop&oacute;sito de impulsionar ainda mais a coopera&ccedil;&atilde;o na &aacute;rea das finan&ccedil;as verdes em Macau, no sentido de ajudar a cidade a desenvolver novas vertentes de crescimento de neg&oacute;cios, no &acirc;mbito das finan&ccedil;as verdes internacionais.<\/p>\n<p style=\"text-align:justify\">Adicionalmente, os docentes e estudantes da Faculdade de Ci&ecirc;ncias Sociais da Universidade de Macau participaram, no ano passado, na confer&ecirc;ncia paralela juvenil do GLSTF, prestando servi&ccedil;os de apoio, como volunt&aacute;rios. Ap&oacute;s o evento, a GGSC continuou a aprofundar a coopera&ccedil;&atilde;o com a Universidade de Macau. A Faculdade de Ci&ecirc;ncias Sociais da Universidade de Macau ser&aacute; a entidade coordenadora do mesmo evento do GLSTF2024, com dois doutorandos como oradores.<\/p>\n<p style=\"text-align:justify\"><strong>Alargar o \u201cc&iacute;rculo de amigos\u201d para a coopera&ccedil;&atilde;o internacional nas ind&uacute;strias da madeira e das florestas<\/strong><\/p>\n<p style=\"text-align:justify\">Para este ano, o GLSTF ir&aacute; acolher a participa&ccedil;&atilde;o de maior escala. Em termos concretos, aproximadamente 700 representantes de organiza&ccedil;&otilde;es internacionais, entidades governamentais, assim como associa&ccedil;&otilde;es e empresas da ind&uacute;stria da madeira com prest&iacute;gio internacional, provenientes de cerca de 40 pa&iacute;ses e regi&otilde;es, marcar&atilde;o presen&ccedil;a. Entre eles, destacam-se os titulares dos cargos iguais ou superiores ao n&iacute;vel vice-ministerial da Rep&uacute;blica Centro-Africana, da Rep&uacute;blica Democr&aacute;tica do Congo, da Rep&uacute;blica do Peru e da Rep&uacute;blica de Fiji. A par disso, o n&uacute;mero de organiza&ccedil;&otilde;es internacionais participantes duplicou e a participa&ccedil;&atilde;o da parte de Macau tamb&eacute;m tem vindo a aumentar.<\/p>\n<p style=\"text-align:justify\">Durante o GLSTF, composto por um f&oacute;rum principal e quatro sub-f&oacute;runs especializados, ser&atilde;o lan&ccedil;ados, pela primeira vez, v&aacute;rios projectos de investiga&ccedil;&atilde;o e planos de ac&ccedil;&atilde;o para a colabora&ccedil;&atilde;o multinacional, de forma a relevar novas realiza&ccedil;&otilde;es e novos progressos na coopera&ccedil;&atilde;o internacional. Al&eacute;m disso, haver&aacute;, no recinto do F&oacute;rum, um espa&ccedil;o de exposi&ccedil;&atilde;o, para mostrar produtos de madeira e pequenas amostras de materiais de constru&ccedil;&atilde;o em madeira.<\/p>\n<p style=\"text-align:justify\">Para mais informa&ccedil;&otilde;es sobre o GLSTF2024, &eacute; favor consultar a p&aacute;gina electr&oacute;nica do F&oacute;rum: http:\/\/www.glstf.net\/. Para se inscrever no evento, &eacute; favor digitalizar o c&oacute;digo QR da imagem abaixo.<\/p>\n<div class=\"wp-caption alignnone\">\n                <a href=\"https:\/\/cdn.gcs.gov.mo\/api\/resource\/ibs\/P24HcsBE14\" data-component=\"Popup\" data-fancybox=\"gallery\" data-caption=\"O GLSTF2024 realizar-se-\u00e1, em Macau, nos dias 11 e 12 de Setembro de 2024\" data-type=\"image\"><br \/>\n                <img decoding=\"async\" class=\"size-large\" src=\"https:\/\/cdn.gcs.gov.mo\/api\/resource\/ibs\/P24HcsBE14\" title=\"O GLSTF2024 realizar-se-\u00e1, em Macau, nos dias 11 e 12 de Setembro de 2024\" alt=\"O GLSTF2024 realizar-se-\u00e1, em Macau, nos dias 11 e 12 de Setembro de 2024\" width=\"1024\"><br \/>\n                <\/a><\/p>\n<p class=\"wp-caption-text\">O GLSTF2024 realizar-se-\u00e1, em Macau, nos dias 11 e 12 de Setembro de 2024<\/p>\n<\/p><\/div>\n<div class=\"wp-caption alignnone\">\n                <a href=\"https:\/\/cdn.gcs.gov.mo\/api\/resource\/ibs\/P24Hc5XLOD\" data-component=\"Popup\" data-fancybox=\"gallery\" data-caption=\"Para se inscrever no evento, \u00e9 favor digitalizar o c\u00f3digo QR\" data-type=\"image\"><br \/>\n                <img decoding=\"async\" class=\"size-large\" src=\"https:\/\/cdn.gcs.gov.mo\/api\/resource\/ibs\/P24Hc5XLOD\" title=\"Para se inscrever no evento, \u00e9 favor digitalizar o c\u00f3digo QR\" alt=\"Para se inscrever no evento, \u00e9 favor digitalizar o c\u00f3digo QR\" width=\"1024\"><br \/>\n                <\/a><\/p>\n<p class=\"wp-caption-text\">Para se inscrever no evento, \u00e9 favor digitalizar o c\u00f3digo QR<\/p>\n<\/p><\/div>\n<div class=\"wp-caption alignnone\">\n                <a href=\"https:\/\/cdn.gcs.gov.mo\/api\/resource\/ibs\/P24HcJldwA\" data-component=\"Popup\" data-fancybox=\"gallery\" data-caption=\"Organizou-se, com sucesso, em Macau, no ano transacto, a primeira edi\u00e7\u00e3o do GLSTF\" data-type=\"image\"><br \/>\n                <img decoding=\"async\" class=\"size-large\" src=\"https:\/\/cdn.gcs.gov.mo\/api\/resource\/ibs\/P24HcJldwA\" title=\"Organizou-se, com sucesso, em Macau, no ano transacto, a primeira edi\u00e7\u00e3o do GLSTF\" alt=\"Organizou-se, com sucesso, em Macau, no ano transacto, a primeira edi\u00e7\u00e3o do GLSTF\" width=\"1024\"><br \/>\n                <\/a><\/p>\n<p class=\"wp-caption-text\">Organizou-se, com sucesso, em Macau, no ano transacto, a primeira edi\u00e7\u00e3o do GLSTF<\/p>\n<\/p><\/div>\n","protected":false},"excerpt":{"rendered":"<p>O F&oacute;rum Global de Madeira Legal e Sustent&aacute;vel 2024 (GLSTF2024), evento de conven&ccedil;&otilde;es e exposi&ccedil;&otilde;es tem&aacute;tico de escala internacional que se dedica exclusivamente &agrave; ind&uacute;stria [&hellip;]<\/p>\n","protected":false},"author":1,"featured_media":467868,"comment_status":"closed","ping_status":"closed","sticky":false,"template":"","format":"standard","meta":{"_acf_changed":false,"inline_featured_image":false,"advgb_blocks_editor_width":"","advgb_blocks_columns_visual_guide":"","footnotes":""},"categories":[12],"tags":[],"class_list":["post-474067","post","type-post","status-publish","format-standard","has-post-thumbnail","hentry","category-noticias-do-ipim"],"acf":[],"yoast_head":"<!-- This site is optimized with the Yoast SEO plugin v26.2 - https:\/\/yoast.com\/wordpress\/plugins\/seo\/ -->\r\n<title>[2024\/08\/29] [Demonstra\u00e7\u00e3o das vantagens da plataforma sino-lus\u00f3fona e do evento de conven\u00e7\u00f5es e exposi\u00e7\u00f5es internacional] Ter\u00e1 lugar, em Macau, o GLSTF2024 nos dias 11 e 12 de Setembro | Commerce and Investment Promotion Institute<\/title>\r\n<meta name=\"robots\" content=\"index, follow, max-snippet:-1, max-image-preview:large, max-video-preview:-1\" \/>\r\n<link rel=\"canonical\" href=\"https:\/\/www.ipim.gov.mo\/pt-pt\/noticias-do-ipim\/2024-08-30-demonstracao-das-vantagens-da-plataforma-sino-lusofona-e-do-evento-de-convencoes-e-exposicoes-internacional-tera-lugar-em-macau-o-glstf2024-nos-dias-11-e-12-de-setembro\/\" \/>\r\n<meta property=\"og:locale\" content=\"pt_PT\" \/>\r\n<meta property=\"og:type\" content=\"article\" \/>\r\n<meta property=\"og:title\" content=\"[2024\/08\/29] [Demonstra\u00e7\u00e3o das vantagens da plataforma sino-lus\u00f3fona e do evento de conven\u00e7\u00f5es e exposi\u00e7\u00f5es internacional] Ter\u00e1 lugar, em Macau, o GLSTF2024 nos dias 11 e 12 de Setembro | Commerce and Investment Promotion Institute\" \/>\r\n<meta property=\"og:description\" content=\"O F&oacute;rum Global de Madeira Legal e Sustent&aacute;vel 2024 (GLSTF2024), evento de conven&ccedil;&otilde;es e exposi&ccedil;&otilde;es tem&aacute;tico de escala internacional que se dedica exclusivamente &agrave; ind&uacute;stria [&hellip;]\" \/>\r\n<meta property=\"og:url\" content=\"https:\/\/www.ipim.gov.mo\/pt-pt\/noticias-do-ipim\/2024-08-30-demonstracao-das-vantagens-da-plataforma-sino-lusofona-e-do-evento-de-convencoes-e-exposicoes-internacional-tera-lugar-em-macau-o-glstf2024-nos-dias-11-e-12-de-setembro\/\" \/>\r\n<meta property=\"og:site_name\" content=\"Commerce and Investment Promotion Institute\" \/>\r\n<meta property=\"article:published_time\" content=\"2024-08-29T04:44:00+00:00\" \/>\r\n<meta property=\"og:image\" content=\"https:\/\/www.ipim.gov.mo\/wp-content\/uploads\/2024\/07\/ipim-post-default.jpg\" \/>\r\n\t<meta property=\"og:image:width\" content=\"1024\" \/>\r\n\t<meta property=\"og:image:height\" content=\"768\" \/>\r\n\t<meta property=\"og:image:type\" content=\"image\/jpeg\" \/>\r\n<meta name=\"author\" content=\"admin\" \/>\r\n<meta name=\"twitter:card\" content=\"summary_large_image\" \/>\r\n<meta name=\"twitter:label1\" content=\"Written by\" \/>\n\t<meta name=\"twitter:data1\" content=\"admin\" \/>\n\t<meta name=\"twitter:label2\" content=\"Est. reading time\" \/>\n\t<meta name=\"twitter:data2\" content=\"9 minutes\" \/>\r\n<script type=\"application\/ld+json\" class=\"yoast-schema-graph\">{\"@context\":\"https:\/\/schema.org\",\"@graph\":[{\"@type\":\"WebPage\",\"@id\":\"https:\/\/www.ipim.gov.mo\/pt-pt\/noticias-do-ipim\/2024-08-30-demonstracao-das-vantagens-da-plataforma-sino-lusofona-e-do-evento-de-convencoes-e-exposicoes-internacional-tera-lugar-em-macau-o-glstf2024-nos-dias-11-e-12-de-setembro\/\",\"url\":\"https:\/\/www.ipim.gov.mo\/pt-pt\/noticias-do-ipim\/2024-08-30-demonstracao-das-vantagens-da-plataforma-sino-lusofona-e-do-evento-de-convencoes-e-exposicoes-internacional-tera-lugar-em-macau-o-glstf2024-nos-dias-11-e-12-de-setembro\/\",\"name\":\"[2024\/08\/29] [Demonstra\u00e7\u00e3o das vantagens da plataforma sino-lus\u00f3fona e do evento de conven\u00e7\u00f5es e exposi\u00e7\u00f5es internacional] Ter\u00e1 lugar, em Macau, o GLSTF2024 nos dias 11 e 12 de Setembro | Commerce and Investment Promotion Institute\",\"isPartOf\":{\"@id\":\"https:\/\/www.ipim.gov.mo\/zh-hans\/#website\"},\"primaryImageOfPage\":{\"@id\":\"https:\/\/www.ipim.gov.mo\/pt-pt\/noticias-do-ipim\/2024-08-30-demonstracao-das-vantagens-da-plataforma-sino-lusofona-e-do-evento-de-convencoes-e-exposicoes-internacional-tera-lugar-em-macau-o-glstf2024-nos-dias-11-e-12-de-setembro\/#primaryimage\"},\"image\":{\"@id\":\"https:\/\/www.ipim.gov.mo\/pt-pt\/noticias-do-ipim\/2024-08-30-demonstracao-das-vantagens-da-plataforma-sino-lusofona-e-do-evento-de-convencoes-e-exposicoes-internacional-tera-lugar-em-macau-o-glstf2024-nos-dias-11-e-12-de-setembro\/#primaryimage\"},\"thumbnailUrl\":\"https:\/\/www.ipim.gov.mo\/wp-content\/uploads\/2024\/07\/ipim-post-default.jpg\",\"datePublished\":\"2024-08-29T04:44:00+00:00\",\"breadcrumb\":{\"@id\":\"https:\/\/www.ipim.gov.mo\/pt-pt\/noticias-do-ipim\/2024-08-30-demonstracao-das-vantagens-da-plataforma-sino-lusofona-e-do-evento-de-convencoes-e-exposicoes-internacional-tera-lugar-em-macau-o-glstf2024-nos-dias-11-e-12-de-setembro\/#breadcrumb\"},\"inLanguage\":\"pt-PT\",\"potentialAction\":[{\"@type\":\"ReadAction\",\"target\":[\"https:\/\/www.ipim.gov.mo\/pt-pt\/noticias-do-ipim\/2024-08-30-demonstracao-das-vantagens-da-plataforma-sino-lusofona-e-do-evento-de-convencoes-e-exposicoes-internacional-tera-lugar-em-macau-o-glstf2024-nos-dias-11-e-12-de-setembro\/\"]}]},{\"@type\":\"ImageObject\",\"inLanguage\":\"pt-PT\",\"@id\":\"https:\/\/www.ipim.gov.mo\/pt-pt\/noticias-do-ipim\/2024-08-30-demonstracao-das-vantagens-da-plataforma-sino-lusofona-e-do-evento-de-convencoes-e-exposicoes-internacional-tera-lugar-em-macau-o-glstf2024-nos-dias-11-e-12-de-setembro\/#primaryimage\",\"url\":\"https:\/\/www.ipim.gov.mo\/wp-content\/uploads\/2024\/07\/ipim-post-default.jpg\",\"contentUrl\":\"https:\/\/www.ipim.gov.mo\/wp-content\/uploads\/2024\/07\/ipim-post-default.jpg\",\"width\":1024,\"height\":768},{\"@type\":\"BreadcrumbList\",\"@id\":\"https:\/\/www.ipim.gov.mo\/pt-pt\/noticias-do-ipim\/2024-08-30-demonstracao-das-vantagens-da-plataforma-sino-lusofona-e-do-evento-de-convencoes-e-exposicoes-internacional-tera-lugar-em-macau-o-glstf2024-nos-dias-11-e-12-de-setembro\/#breadcrumb\",\"itemListElement\":[{\"@type\":\"ListItem\",\"position\":1,\"name\":\"Home\",\"item\":\"https:\/\/www.ipim.gov.mo\/pt-pt\/\"},{\"@type\":\"ListItem\",\"position\":2,\"name\":\"[2024\/08\/29] [Demonstra\u00e7\u00e3o das vantagens da plataforma sino-lus\u00f3fona e do evento de conven\u00e7\u00f5es e exposi\u00e7\u00f5es internacional] Ter\u00e1 lugar, em Macau, o GLSTF2024 nos dias 11 e 12 de Setembro\"}]},{\"@type\":\"WebSite\",\"@id\":\"https:\/\/www.ipim.gov.mo\/zh-hans\/#website\",\"url\":\"https:\/\/www.ipim.gov.mo\/zh-hans\/\",\"name\":\"Commerce and Investment Promotion Institute\",\"description\":\"Commerce and Investment Promotion Institute\",\"publisher\":{\"@id\":\"https:\/\/www.ipim.gov.mo\/zh-hans\/#organization\"},\"potentialAction\":[{\"@type\":\"SearchAction\",\"target\":{\"@type\":\"EntryPoint\",\"urlTemplate\":\"https:\/\/www.ipim.gov.mo\/zh-hans\/?s={search_term_string}\"},\"query-input\":{\"@type\":\"PropertyValueSpecification\",\"valueRequired\":true,\"valueName\":\"search_term_string\"}}],\"inLanguage\":\"pt-PT\"},{\"@type\":\"Organization\",\"@id\":\"https:\/\/www.ipim.gov.mo\/zh-hans\/#organization\",\"name\":\"IPIM\",\"url\":\"https:\/\/www.ipim.gov.mo\/zh-hans\/\",\"logo\":{\"@type\":\"ImageObject\",\"inLanguage\":\"pt-PT\",\"@id\":\"https:\/\/www.ipim.gov.mo\/zh-hans\/#\/schema\/logo\/image\/\",\"url\":\"https:\/\/www.ipim.gov.mo\/wp-content\/uploads\/2022\/10\/default-post-thumbnail-ipim-logo.png\",\"contentUrl\":\"https:\/\/www.ipim.gov.mo\/wp-content\/uploads\/2022\/10\/default-post-thumbnail-ipim-logo.png\",\"width\":1024,\"height\":768,\"caption\":\"IPIM\"},\"image\":{\"@id\":\"https:\/\/www.ipim.gov.mo\/zh-hans\/#\/schema\/logo\/image\/\"}}]}<\/script>\r\n<!-- \/ Yoast SEO plugin. -->","yoast_head_json":{"title":"[2024\/08\/29] [Demonstra\u00e7\u00e3o das vantagens da plataforma sino-lus\u00f3fona e do evento de conven\u00e7\u00f5es e exposi\u00e7\u00f5es internacional] Ter\u00e1 lugar, em Macau, o GLSTF2024 nos dias 11 e 12 de Setembro | Commerce and Investment Promotion Institute","robots":{"index":"index","follow":"follow","max-snippet":"max-snippet:-1","max-image-preview":"max-image-preview:large","max-video-preview":"max-video-preview:-1"},"canonical":"https:\/\/www.ipim.gov.mo\/pt-pt\/noticias-do-ipim\/2024-08-30-demonstracao-das-vantagens-da-plataforma-sino-lusofona-e-do-evento-de-convencoes-e-exposicoes-internacional-tera-lugar-em-macau-o-glstf2024-nos-dias-11-e-12-de-setembro\/","og_locale":"pt_PT","og_type":"article","og_title":"[2024\/08\/29] [Demonstra\u00e7\u00e3o das vantagens da plataforma sino-lus\u00f3fona e do evento de conven\u00e7\u00f5es e exposi\u00e7\u00f5es internacional] Ter\u00e1 lugar, em Macau, o GLSTF2024 nos dias 11 e 12 de Setembro | Commerce and Investment Promotion Institute","og_description":"O F&oacute;rum Global de Madeira Legal e Sustent&aacute;vel 2024 (GLSTF2024), evento de conven&ccedil;&otilde;es e exposi&ccedil;&otilde;es tem&aacute;tico de escala internacional que se dedica exclusivamente &agrave; ind&uacute;stria [&hellip;]","og_url":"https:\/\/www.ipim.gov.mo\/pt-pt\/noticias-do-ipim\/2024-08-30-demonstracao-das-vantagens-da-plataforma-sino-lusofona-e-do-evento-de-convencoes-e-exposicoes-internacional-tera-lugar-em-macau-o-glstf2024-nos-dias-11-e-12-de-setembro\/","og_site_name":"Commerce and Investment Promotion Institute","article_published_time":"2024-08-29T04:44:00+00:00","og_image":[{"width":1024,"height":768,"url":"https:\/\/www.ipim.gov.mo\/wp-content\/uploads\/2024\/07\/ipim-post-default.jpg","type":"image\/jpeg"}],"author":"admin","twitter_card":"summary_large_image","twitter_misc":{"Written by":"admin","Est. reading time":"9 minutes"},"schema":{"@context":"https:\/\/schema.org","@graph":[{"@type":"WebPage","@id":"https:\/\/www.ipim.gov.mo\/pt-pt\/noticias-do-ipim\/2024-08-30-demonstracao-das-vantagens-da-plataforma-sino-lusofona-e-do-evento-de-convencoes-e-exposicoes-internacional-tera-lugar-em-macau-o-glstf2024-nos-dias-11-e-12-de-setembro\/","url":"https:\/\/www.ipim.gov.mo\/pt-pt\/noticias-do-ipim\/2024-08-30-demonstracao-das-vantagens-da-plataforma-sino-lusofona-e-do-evento-de-convencoes-e-exposicoes-internacional-tera-lugar-em-macau-o-glstf2024-nos-dias-11-e-12-de-setembro\/","name":"[2024\/08\/29] [Demonstra\u00e7\u00e3o das vantagens da plataforma sino-lus\u00f3fona e do evento de conven\u00e7\u00f5es e exposi\u00e7\u00f5es internacional] Ter\u00e1 lugar, em Macau, o GLSTF2024 nos dias 11 e 12 de Setembro | Commerce and Investment Promotion Institute","isPartOf":{"@id":"https:\/\/www.ipim.gov.mo\/zh-hans\/#website"},"primaryImageOfPage":{"@id":"https:\/\/www.ipim.gov.mo\/pt-pt\/noticias-do-ipim\/2024-08-30-demonstracao-das-vantagens-da-plataforma-sino-lusofona-e-do-evento-de-convencoes-e-exposicoes-internacional-tera-lugar-em-macau-o-glstf2024-nos-dias-11-e-12-de-setembro\/#primaryimage"},"image":{"@id":"https:\/\/www.ipim.gov.mo\/pt-pt\/noticias-do-ipim\/2024-08-30-demonstracao-das-vantagens-da-plataforma-sino-lusofona-e-do-evento-de-convencoes-e-exposicoes-internacional-tera-lugar-em-macau-o-glstf2024-nos-dias-11-e-12-de-setembro\/#primaryimage"},"thumbnailUrl":"https:\/\/www.ipim.gov.mo\/wp-content\/uploads\/2024\/07\/ipim-post-default.jpg","datePublished":"2024-08-29T04:44:00+00:00","breadcrumb":{"@id":"https:\/\/www.ipim.gov.mo\/pt-pt\/noticias-do-ipim\/2024-08-30-demonstracao-das-vantagens-da-plataforma-sino-lusofona-e-do-evento-de-convencoes-e-exposicoes-internacional-tera-lugar-em-macau-o-glstf2024-nos-dias-11-e-12-de-setembro\/#breadcrumb"},"inLanguage":"pt-PT","potentialAction":[{"@type":"ReadAction","target":["https:\/\/www.ipim.gov.mo\/pt-pt\/noticias-do-ipim\/2024-08-30-demonstracao-das-vantagens-da-plataforma-sino-lusofona-e-do-evento-de-convencoes-e-exposicoes-internacional-tera-lugar-em-macau-o-glstf2024-nos-dias-11-e-12-de-setembro\/"]}]},{"@type":"ImageObject","inLanguage":"pt-PT","@id":"https:\/\/www.ipim.gov.mo\/pt-pt\/noticias-do-ipim\/2024-08-30-demonstracao-das-vantagens-da-plataforma-sino-lusofona-e-do-evento-de-convencoes-e-exposicoes-internacional-tera-lugar-em-macau-o-glstf2024-nos-dias-11-e-12-de-setembro\/#primaryimage","url":"https:\/\/www.ipim.gov.mo\/wp-content\/uploads\/2024\/07\/ipim-post-default.jpg","contentUrl":"https:\/\/www.ipim.gov.mo\/wp-content\/uploads\/2024\/07\/ipim-post-default.jpg","width":1024,"height":768},{"@type":"BreadcrumbList","@id":"https:\/\/www.ipim.gov.mo\/pt-pt\/noticias-do-ipim\/2024-08-30-demonstracao-das-vantagens-da-plataforma-sino-lusofona-e-do-evento-de-convencoes-e-exposicoes-internacional-tera-lugar-em-macau-o-glstf2024-nos-dias-11-e-12-de-setembro\/#breadcrumb","itemListElement":[{"@type":"ListItem","position":1,"name":"Home","item":"https:\/\/www.ipim.gov.mo\/pt-pt\/"},{"@type":"ListItem","position":2,"name":"[2024\/08\/29] [Demonstra\u00e7\u00e3o das vantagens da plataforma sino-lus\u00f3fona e do evento de conven\u00e7\u00f5es e exposi\u00e7\u00f5es internacional] Ter\u00e1 lugar, em Macau, o GLSTF2024 nos dias 11 e 12 de Setembro"}]},{"@type":"WebSite","@id":"https:\/\/www.ipim.gov.mo\/zh-hans\/#website","url":"https:\/\/www.ipim.gov.mo\/zh-hans\/","name":"Commerce and Investment Promotion Institute","description":"Commerce and Investment Promotion Institute","publisher":{"@id":"https:\/\/www.ipim.gov.mo\/zh-hans\/#organization"},"potentialAction":[{"@type":"SearchAction","target":{"@type":"EntryPoint","urlTemplate":"https:\/\/www.ipim.gov.mo\/zh-hans\/?s={search_term_string}"},"query-input":{"@type":"PropertyValueSpecification","valueRequired":true,"valueName":"search_term_string"}}],"inLanguage":"pt-PT"},{"@type":"Organization","@id":"https:\/\/www.ipim.gov.mo\/zh-hans\/#organization","name":"IPIM","url":"https:\/\/www.ipim.gov.mo\/zh-hans\/","logo":{"@type":"ImageObject","inLanguage":"pt-PT","@id":"https:\/\/www.ipim.gov.mo\/zh-hans\/#\/schema\/logo\/image\/","url":"https:\/\/www.ipim.gov.mo\/wp-content\/uploads\/2022\/10\/default-post-thumbnail-ipim-logo.png","contentUrl":"https:\/\/www.ipim.gov.mo\/wp-content\/uploads\/2022\/10\/default-post-thumbnail-ipim-logo.png","width":1024,"height":768,"caption":"IPIM"},"image":{"@id":"https:\/\/www.ipim.gov.mo\/zh-hans\/#\/schema\/logo\/image\/"}}]}},"author_meta":{"display_name":"admin","author_link":"https:\/\/www.ipim.gov.mo\/pt-pt\/author\/admin\/"},"featured_img":"https:\/\/www.ipim.gov.mo\/wp-content\/uploads\/2024\/07\/ipim-post-default-300x225.jpg","coauthors":[],"tax_additional":{"categories":{"linked":["<a href=\"https:\/\/www.ipim.gov.mo\/pt-pt\/category\/noticias-do-ipim\/\" class=\"advgb-post-tax-term\">Not\u00edcias do IPIM<\/a>"],"unlinked":["<span class=\"advgb-post-tax-term\">Not\u00edcias do IPIM<\/span>"]}},"comment_count":"0","relative_dates":{"created":"Posted 2 years ago","modified":"Updated 2 years ago"},"absolute_dates":{"created":"Posted on Agosto 29, 2024","modified":"Updated on Agosto 29, 2024"},"absolute_dates_time":{"created":"Posted on Agosto 29, 2024 12:44 pm","modified":"Updated on Agosto 29, 2024 12:44 pm"},"featured_img_caption":"","series_order":"","_links":{"self":[{"href":"https:\/\/www.ipim.gov.mo\/pt-pt\/wp-json\/wp\/v2\/posts\/474067","targetHints":{"allow":["GET"]}}],"collection":[{"href":"https:\/\/www.ipim.gov.mo\/pt-pt\/wp-json\/wp\/v2\/posts"}],"about":[{"href":"https:\/\/www.ipim.gov.mo\/pt-pt\/wp-json\/wp\/v2\/types\/post"}],"author":[{"embeddable":true,"href":"https:\/\/www.ipim.gov.mo\/pt-pt\/wp-json\/wp\/v2\/users\/1"}],"replies":[{"embeddable":true,"href":"https:\/\/www.ipim.gov.mo\/pt-pt\/wp-json\/wp\/v2\/comments?post=474067"}],"version-history":[{"count":0,"href":"https:\/\/www.ipim.gov.mo\/pt-pt\/wp-json\/wp\/v2\/posts\/474067\/revisions"}],"wp:featuredmedia":[{"embeddable":true,"href":"https:\/\/www.ipim.gov.mo\/pt-pt\/wp-json\/wp\/v2\/media\/467868"}],"wp:attachment":[{"href":"https:\/\/www.ipim.gov.mo\/pt-pt\/wp-json\/wp\/v2\/media?parent=474067"}],"wp:term":[{"taxonomy":"category","embeddable":true,"href":"https:\/\/www.ipim.gov.mo\/pt-pt\/wp-json\/wp\/v2\/categories?post=474067"},{"taxonomy":"post_tag","embeddable":true,"href":"https:\/\/www.ipim.gov.mo\/pt-pt\/wp-json\/wp\/v2\/tags?post=474067"}],"curies":[{"name":"wp","href":"https:\/\/api.w.org\/{rel}","templated":true}]}}